{"id":86,"date":"2019-04-09T23:56:57","date_gmt":"2019-04-09T20:56:57","guid":{"rendered":"https:\/\/super-news.info\/pl\/wiadomosci-marketingowe\/500-plus-na-kazde-dziecko-dzieli-polakow-odczuwalna-niesprawiedliwosc-programu\/"},"modified":"2019-04-09T23:56:58","modified_gmt":"2019-04-09T20:56:58","slug":"500-plus-na-kazde-dziecko-dzieli-polakow-odczuwalna-niesprawiedliwosc-programu","status":"publish","type":"post","link":"https:\/\/super-news.info\/pl\/500-plus-na-kazde-dziecko-dzieli-polakow-odczuwalna-niesprawiedliwosc-programu\/","title":{"rendered":"&#8222;500 plus&#8221; na ka\u017cde dziecko dzieli Polak\u00f3w odczuwalna niesprawiedliwo\u015b\u0107 programu"},"content":{"rendered":"<p> [ad_1]<br \/>\n<\/p>\n<div id=\"\">\n<p><strong>Niezale\u017cnie od poziomu dochod\u00f3w rodzic\u00f3w, najwi\u0119kszym poparciem program &#8222;500 plus&#8221; na ka\u017cde dziecko cieszy si\u0119 w\u015br\u00f3d sympatyk\u00f3w rz\u0105dz\u0105cego Prawa i Sprawiedliwo\u015bci (75 proc.)<\/strong>. W tej formie popiera je te\u017c wi\u0119kszo\u015b\u0107 zwolennik\u00f3w Wiosny (59 proc.) oraz po\u0142owa wyborc\u00f3w Koalicji Europejskiej.<\/p>\n<p>&#13;<br \/>\n&#13;<\/p>\n<p>&#13;<br \/>\n&#13;<\/p>\n<p>Zdaniem wi\u0119kszo\u015bci (61 proc.) Polak\u00f3w rozszerzenie \u201e500 plus\u201d na ka\u017cde dziecko jest niesprawiedliwe w sytuacji braku pieni\u0119dzy na podwy\u017cki dla nauczycieli i podniesienie \u015bwiadcze\u0144 osobom z niepe\u0142nosprawno\u015bciami.<\/p>\n<p>&#13;<br \/>\n&#13;<\/p>\n<p><strong>Za niesprawiedliw\u0105 uznaje sytuacj\u0119 wi\u0119kszo\u015b\u0107 zwolennik\u00f3w Koalicji Europejskiej (75 proc.) oraz Wiosny (82 proc.). Za to w elektoracie PiS niesprawiedliwo\u015b\u0107 sytuacji odczuwa 39 proc. badanych.<\/strong><\/p>\n<p>&#13;<br \/>\n&#13;<\/p>\n<p><img decoding=\"async\" alt=\"\" src=\"https:\/\/super-news.info\/pl\/wp-content\/uploads\/sites\/6\/2019\/04\/1554843417_341_500-plus-na-kazde-dziecko-dzieli-Polakow-odczuwalna-niesprawiedliwosc-programu.png\" style=\"width: 655px; height: 491px;\"\/><\/p>\n<p>&#13;<br \/>\n&#13;<\/p>\n<p><span style=\"font-size:20px;\"><strong>Komu \u201e500 plus\u201d na ka\u017cde dziecko<\/strong><\/span><\/p>\n<p>&#13;<br \/>\n&#13;<\/p>\n<p>A\u017c 68 proc. ankietowanych sceptycznie podchodzi do pomys\u0142u rozszerzania programu \u201e500 plus\u201d na ka\u017cde dziecko w rodzinach, w kt\u00f3rych rodzice celowo nie podejmuj\u0105 pracy, utrzymuj\u0105c si\u0119 z zasi\u0142k\u00f3w.<\/p>\n<p>&#13;<br \/>\n&#13;<\/p>\n<p>74 proc. popieraj\u0105cych KE i 77 proc. wyborc\u00f3w Wiosny uznaje t\u0119 sytuacj\u0119 za niesprawiedliw\u0105. W przypadku zwolennik\u00f3w PiS, odsetek ten wynosi 48 proc.<\/p>\n<p>&#13;<br \/>\n&#13;<\/p>\n<p><img decoding=\"async\" alt=\"\" src=\"https:\/\/super-news.info\/pl\/wp-content\/uploads\/sites\/6\/2019\/04\/1554843417_860_500-plus-na-kazde-dziecko-dzieli-Polakow-odczuwalna-niesprawiedliwosc-programu.png\" style=\"width: 655px; height: 493px;\"\/><\/p>\n<p>&#13;<br \/>\n&#13;<\/p>\n<p><strong>Po\u0142owie badanych nie podoba si\u0119, \u017ce \u201e500 plus\u201d na ka\u017cde dziecko b\u0119d\u0105 otrzymywa\u0107 wszystkie rodziny, niezale\u017cnie od dochod\u00f3w.<\/strong><\/p>\n<p>&#13;<br \/>\n&#13;<\/p>\n<p>Takie rozwi\u0105zanie za niesprawiedliwe uwa\u017ca 58 proc. wyborc\u00f3w Koalicji Europejskiej i po\u0142owa wyborc\u00f3w Wiosny, podczas gdy zwolennicy PiS w wi\u0119kszo\u015bci (61 proc.) oceniaj\u0105 je jako sprawiedliwe.<\/p>\n<p>&#13;<br \/>\n&#13;<\/p>\n<p><img decoding=\"async\" alt=\"\" src=\"https:\/\/super-news.info\/pl\/wp-content\/uploads\/sites\/6\/2019\/04\/1554843417_144_500-plus-na-kazde-dziecko-dzieli-Polakow-odczuwalna-niesprawiedliwosc-programu.png\" style=\"width: 655px; height: 492px;\"\/><\/p>\n<p>&#13;<br \/>\n&#13;<\/p>\n<p>&#8211; <strong>Wyniki badania pokazuj\u0105, \u017ce powi\u0105zanie wyp\u0142aty \u201e500 plus\u201d na ka\u017cde dziecko z aktywno\u015bci\u0105 zawodow\u0105 rodzic\u00f3w czy wprowadzeniem kryterium dochodowego zyska\u0142oby wi\u0119ksze poparcie spo\u0142eczne. Propozycja w obecnym kszta\u0142cie, w sytuacji gdy brakuje pieni\u0119dzy dla nauczycieli czy os\u00f3b niepe\u0142nosprawnych, budzi du\u017ce poczucie niesprawiedliwo\u015bci, szczeg\u00f3lnie w\u015br\u00f3d wyborc\u00f3w partii opozycyjnych. To mo\u017ce dodatkowo pog\u0142\u0119bi\u0107 podzia\u0142y spo\u0142eczne<\/strong> &#8211; m\u00f3wi Alicja Defratyka, autorka projektu ciekaweliczby.pl.<\/p>\n<p>&#13;<br \/>\n&#13;<\/p>\n<p><span style=\"font-size:20px;\"><strong>&#8222;500 plus&#8221; a dochody w rodzinie<\/strong><\/span><\/p>\n<p>&#13;<br \/>\n&#13;<\/p>\n<p>Spo\u015br\u00f3d os\u00f3b, kt\u00f3re uwa\u017caj\u0105, \u017ce program \u201e500 plus\u201d powinien obejmowa\u0107 rodziny w zale\u017cno\u015bci od dochodu, 17 proc. twierdzi, \u017ce \u015bwiadczenie na pierwsze dziecko nie powinno by\u0107 wyp\u0142acane ju\u017c przy dochodzie miesi\u0119cznym przekraczaj\u0105cym 1000 z\u0142 netto na osob\u0119 w rodzinie. 32 proc. jest zdania, \u017ce prawa do \u015bwiadczenia powinny obj\u0105\u0107 rodziny z dochodami powy\u017cej 2000 z\u0142 na osob\u0119, a 16 proc. \u2013 \u017ce powy\u017cej 3000 z\u0142 na osob\u0119.<\/p>\n<p>&#13;<br \/>\n&#13;<\/p>\n<p>wykres-5<\/p>\n<p>&#13;<br \/>\n&#13;<\/p>\n<p><em>Badanie przeprowadzone na og\u00f3lnopolskim panelu badawczym Ariadna dla serwisu ciekaweliczby.pl Pr\u00f3ba og\u00f3lnopolska N=1091 os\u00f3b. Kwoty dobrane wg reprezentacji w populacji Polak\u00f3w wieku 18 lat i wi\u0119cej dla p\u0142ci, wieku i wielko\u015bci miejscowo\u015bci zamieszkania. Termin realizacji: 15 &#8211; 18 marca 2019 r. Metoda CAWI.<\/em><\/p>\n<p>&#13;<br \/>\n                            &#13;<br \/>\n&#13;<br \/>\n                            &#13;<br \/>\n&#13;<br \/>\n&#13;<br \/>\n&#13;<br \/>\n&#13;<br \/>\n&#13;<br \/>\n                            &#13;<br \/>\n                                                            &#13;<br \/>\n&#13;<br \/>\n                            &#13;\n                        <\/p><\/div>\n<p><script>(function (d, s, id) {\n        var js, fjs = d.getElementsByTagName(s)[0];\n        if (d.getElementById(id)) return;\n        js = d.createElement(s);\n        js.id = id;\n        js.src = \"http:\/\/connect.facebook.net\/pl_PL\/sdk.js#xfbml=1&version=v2.6&appId=297996717062470\";\n        fjs.parentNode.insertBefore(js, fjs);\n    }(document, 'script', 'facebook-jssdk'));<\/script><br \/>\n<br \/>[ad_2]<br \/>\n<br \/><a href=\"https:\/\/www.wirtualnemedia.pl\/artykul\/500-plus-na-kazde-dziecko-dzieli-polakow-odczuwalna-niesprawiedliwosc-programu\">Source link <\/a><\/p>\n","protected":false},"excerpt":{"rendered":"<p>[ad_1] Niezale\u017cnie od poziomu dochod\u00f3w rodzic\u00f3w, najwi\u0119kszym poparciem program &#8222;500 plus&#8221; na ka\u017cde dziecko cieszy si\u0119 w\u015br\u00f3d sympatyk\u00f3w rz\u0105dz\u0105cego Prawa i Sprawiedliwo\u015bci (75 proc.). W tej formie popiera je te\u017c wi\u0119kszo\u015b\u0107 zwolennik\u00f3w Wiosny (59 proc.) oraz po\u0142owa wyborc\u00f3w Koalicji Europejskiej. &#13; &#13; &#13; &#13; Zdaniem wi\u0119kszo\u015bci (61 proc.) Polak\u00f3w rozszerzenie \u201e500 plus\u201d na ka\u017cde dziecko [&hellip;]<\/p>\n","protected":false},"author":2,"featured_media":87,"comment_status":"open","ping_status":"open","sticky":false,"template":"","format":"standard","meta":{"footnotes":""},"categories":[3],"tags":[],"class_list":["post-86","post","type-post","status-publish","format-standard","has-post-thumbnail","hentry","category-wiadomosci-marketingowe"],"yoast_head":"<!-- This site is optimized with the Yoast SEO plugin v27.4 - https:\/\/yoast.com\/product\/yoast-seo-wordpress\/ -->\n<title>&quot;500 plus&quot; na ka\u017cde dziecko dzieli Polak\u00f3w odczuwalna niesprawiedliwo\u015b\u0107 programu - Super News<\/title>\n<meta name=\"robots\" content=\"index, follow, max-snippet:-1, max-image-preview:large, max-video-preview:-1\" \/>\n<link rel=\"canonical\" href=\"https:\/\/super-news.info\/pl\/500-plus-na-kazde-dziecko-dzieli-polakow-odczuwalna-niesprawiedliwosc-programu\/\" \/>\n<meta property=\"og:locale\" content=\"pl_PL\" \/>\n<meta property=\"og:type\" content=\"article\" \/>\n<meta property=\"og:title\" content=\"&quot;500 plus&quot; na ka\u017cde dziecko dzieli Polak\u00f3w odczuwalna niesprawiedliwo\u015b\u0107 programu - Super News\" \/>\n<meta property=\"og:description\" content=\"[ad_1] Niezale\u017cnie od poziomu dochod\u00f3w rodzic\u00f3w, najwi\u0119kszym poparciem program &#8222;500 plus&#8221; na ka\u017cde dziecko cieszy si\u0119 w\u015br\u00f3d sympatyk\u00f3w rz\u0105dz\u0105cego Prawa i Sprawiedliwo\u015bci (75 proc.). W tej formie popiera je te\u017c wi\u0119kszo\u015b\u0107 zwolennik\u00f3w Wiosny (59 proc.) oraz po\u0142owa wyborc\u00f3w Koalicji Europejskiej. &#013; &#013; &#013; &#013; Zdaniem wi\u0119kszo\u015bci (61 proc.) Polak\u00f3w rozszerzenie \u201e500 plus\u201d na ka\u017cde dziecko [&hellip;]\" \/>\n<meta property=\"og:url\" content=\"https:\/\/super-news.info\/pl\/500-plus-na-kazde-dziecko-dzieli-polakow-odczuwalna-niesprawiedliwosc-programu\/\" \/>\n<meta property=\"og:site_name\" content=\"Super News\" \/>\n<meta property=\"article:published_time\" content=\"2019-04-09T20:56:57+00:00\" \/>\n<meta property=\"article:modified_time\" content=\"2019-04-09T20:56:58+00:00\" \/>\n<meta property=\"og:image\" content=\"https:\/\/super-news.info\/pl\/wp-content\/uploads\/sites\/6\/2019\/04\/500-plus-na-ka\u017cde-dziecko-dzieli-Polak\u00f3w-odczuwalna-niesprawiedliwo\u015b\u0107-programu.png\" \/>\n\t<meta property=\"og:image:width\" content=\"655\" \/>\n\t<meta property=\"og:image:height\" content=\"491\" \/>\n\t<meta property=\"og:image:type\" content=\"image\/png\" \/>\n<meta name=\"author\" content=\"super-news\" \/>\n<meta name=\"twitter:card\" content=\"summary_large_image\" \/>\n<meta name=\"twitter:label1\" content=\"Napisane przez\" \/>\n\t<meta name=\"twitter:data1\" content=\"super-news\" \/>\n\t<meta name=\"twitter:label2\" content=\"Szacowany czas czytania\" \/>\n\t<meta name=\"twitter:data2\" content=\"2 minuty\" \/>\n<script type=\"application\/ld+json\" class=\"yoast-schema-graph\">{\"@context\":\"https:\\\/\\\/schema.org\",\"@graph\":[{\"@type\":\"Article\",\"@id\":\"https:\\\/\\\/super-news.info\\\/pl\\\/500-plus-na-kazde-dziecko-dzieli-polakow-odczuwalna-niesprawiedliwosc-programu\\\/#article\",\"isPartOf\":{\"@id\":\"https:\\\/\\\/super-news.info\\\/pl\\\/500-plus-na-kazde-dziecko-dzieli-polakow-odczuwalna-niesprawiedliwosc-programu\\\/\"},\"author\":{\"name\":\"super-news\",\"@id\":\"https:\\\/\\\/super-news.info\\\/pl\\\/#\\\/schema\\\/person\\\/2d4068cb2f39cd10008c2fce578a7356\"},\"headline\":\"&#8222;500 plus&#8221; na ka\u017cde dziecko dzieli Polak\u00f3w odczuwalna niesprawiedliwo\u015b\u0107 programu\",\"datePublished\":\"2019-04-09T20:56:57+00:00\",\"dateModified\":\"2019-04-09T20:56:58+00:00\",\"mainEntityOfPage\":{\"@id\":\"https:\\\/\\\/super-news.info\\\/pl\\\/500-plus-na-kazde-dziecko-dzieli-polakow-odczuwalna-niesprawiedliwosc-programu\\\/\"},\"wordCount\":446,\"commentCount\":0,\"image\":{\"@id\":\"https:\\\/\\\/super-news.info\\\/pl\\\/500-plus-na-kazde-dziecko-dzieli-polakow-odczuwalna-niesprawiedliwosc-programu\\\/#primaryimage\"},\"thumbnailUrl\":\"https:\\\/\\\/super-news.info\\\/pl\\\/wp-content\\\/uploads\\\/sites\\\/6\\\/2019\\\/04\\\/500-plus-na-ka\u017cde-dziecko-dzieli-Polak\u00f3w-odczuwalna-niesprawiedliwo\u015b\u0107-programu.png\",\"articleSection\":[\"WIADOMO\u015aCI MARKETINGOWE\"],\"inLanguage\":\"pl-PL\",\"potentialAction\":[{\"@type\":\"CommentAction\",\"name\":\"Comment\",\"target\":[\"https:\\\/\\\/super-news.info\\\/pl\\\/500-plus-na-kazde-dziecko-dzieli-polakow-odczuwalna-niesprawiedliwosc-programu\\\/#respond\"]}]},{\"@type\":\"WebPage\",\"@id\":\"https:\\\/\\\/super-news.info\\\/pl\\\/500-plus-na-kazde-dziecko-dzieli-polakow-odczuwalna-niesprawiedliwosc-programu\\\/\",\"url\":\"https:\\\/\\\/super-news.info\\\/pl\\\/500-plus-na-kazde-dziecko-dzieli-polakow-odczuwalna-niesprawiedliwosc-programu\\\/\",\"name\":\"\\\"500 plus\\\" na ka\u017cde dziecko dzieli Polak\u00f3w odczuwalna niesprawiedliwo\u015b\u0107 programu - Super News\",\"isPartOf\":{\"@id\":\"https:\\\/\\\/super-news.info\\\/pl\\\/#website\"},\"primaryImageOfPage\":{\"@id\":\"https:\\\/\\\/super-news.info\\\/pl\\\/500-plus-na-kazde-dziecko-dzieli-polakow-odczuwalna-niesprawiedliwosc-programu\\\/#primaryimage\"},\"image\":{\"@id\":\"https:\\\/\\\/super-news.info\\\/pl\\\/500-plus-na-kazde-dziecko-dzieli-polakow-odczuwalna-niesprawiedliwosc-programu\\\/#primaryimage\"},\"thumbnailUrl\":\"https:\\\/\\\/super-news.info\\\/pl\\\/wp-content\\\/uploads\\\/sites\\\/6\\\/2019\\\/04\\\/500-plus-na-ka\u017cde-dziecko-dzieli-Polak\u00f3w-odczuwalna-niesprawiedliwo\u015b\u0107-programu.png\",\"datePublished\":\"2019-04-09T20:56:57+00:00\",\"dateModified\":\"2019-04-09T20:56:58+00:00\",\"author\":{\"@id\":\"https:\\\/\\\/super-news.info\\\/pl\\\/#\\\/schema\\\/person\\\/2d4068cb2f39cd10008c2fce578a7356\"},\"breadcrumb\":{\"@id\":\"https:\\\/\\\/super-news.info\\\/pl\\\/500-plus-na-kazde-dziecko-dzieli-polakow-odczuwalna-niesprawiedliwosc-programu\\\/#breadcrumb\"},\"inLanguage\":\"pl-PL\",\"potentialAction\":[{\"@type\":\"ReadAction\",\"target\":[\"https:\\\/\\\/super-news.info\\\/pl\\\/500-plus-na-kazde-dziecko-dzieli-polakow-odczuwalna-niesprawiedliwosc-programu\\\/\"]}]},{\"@type\":\"ImageObject\",\"inLanguage\":\"pl-PL\",\"@id\":\"https:\\\/\\\/super-news.info\\\/pl\\\/500-plus-na-kazde-dziecko-dzieli-polakow-odczuwalna-niesprawiedliwosc-programu\\\/#primaryimage\",\"url\":\"https:\\\/\\\/super-news.info\\\/pl\\\/wp-content\\\/uploads\\\/sites\\\/6\\\/2019\\\/04\\\/500-plus-na-ka\u017cde-dziecko-dzieli-Polak\u00f3w-odczuwalna-niesprawiedliwo\u015b\u0107-programu.png\",\"contentUrl\":\"https:\\\/\\\/super-news.info\\\/pl\\\/wp-content\\\/uploads\\\/sites\\\/6\\\/2019\\\/04\\\/500-plus-na-ka\u017cde-dziecko-dzieli-Polak\u00f3w-odczuwalna-niesprawiedliwo\u015b\u0107-programu.png\",\"width\":655,\"height\":491,\"caption\":\"\\\"500 plus\\\" na ka\u017cde dziecko dzieli Polak\u00f3w odczuwalna niesprawiedliwo\u015b\u0107 programu\"},{\"@type\":\"BreadcrumbList\",\"@id\":\"https:\\\/\\\/super-news.info\\\/pl\\\/500-plus-na-kazde-dziecko-dzieli-polakow-odczuwalna-niesprawiedliwosc-programu\\\/#breadcrumb\",\"itemListElement\":[{\"@type\":\"ListItem\",\"position\":1,\"name\":\"\u0413\u043b\u0430\u0432\u043d\u0430\u044f \u0441\u0442\u0440\u0430\u043d\u0438\u0446\u0430\",\"item\":\"https:\\\/\\\/super-news.info\\\/pl\\\/\"},{\"@type\":\"ListItem\",\"position\":2,\"name\":\"&#8222;500 plus&#8221; na ka\u017cde dziecko dzieli Polak\u00f3w odczuwalna niesprawiedliwo\u015b\u0107 programu\"}]},{\"@type\":\"WebSite\",\"@id\":\"https:\\\/\\\/super-news.info\\\/pl\\\/#website\",\"url\":\"https:\\\/\\\/super-news.info\\\/pl\\\/\",\"name\":\"Super News\",\"description\":\"Super News Polska\",\"potentialAction\":[{\"@type\":\"SearchAction\",\"target\":{\"@type\":\"EntryPoint\",\"urlTemplate\":\"https:\\\/\\\/super-news.info\\\/pl\\\/?s={search_term_string}\"},\"query-input\":{\"@type\":\"PropertyValueSpecification\",\"valueRequired\":true,\"valueName\":\"search_term_string\"}}],\"inLanguage\":\"pl-PL\"},{\"@type\":\"Person\",\"@id\":\"https:\\\/\\\/super-news.info\\\/pl\\\/#\\\/schema\\\/person\\\/2d4068cb2f39cd10008c2fce578a7356\",\"name\":\"super-news\",\"image\":{\"@type\":\"ImageObject\",\"inLanguage\":\"pl-PL\",\"@id\":\"https:\\\/\\\/secure.gravatar.com\\\/avatar\\\/64ebac40b93f26a154f8a9b5b6fdccfc46f442b26b3dd6756dbff3bf9dc76fd7?s=96&d=mm&r=g\",\"url\":\"https:\\\/\\\/secure.gravatar.com\\\/avatar\\\/64ebac40b93f26a154f8a9b5b6fdccfc46f442b26b3dd6756dbff3bf9dc76fd7?s=96&d=mm&r=g\",\"contentUrl\":\"https:\\\/\\\/secure.gravatar.com\\\/avatar\\\/64ebac40b93f26a154f8a9b5b6fdccfc46f442b26b3dd6756dbff3bf9dc76fd7?s=96&d=mm&r=g\",\"caption\":\"super-news\"},\"url\":\"https:\\\/\\\/super-news.info\\\/pl\\\/author\\\/pt\\\/\"}]}<\/script>\n<!-- \/ Yoast SEO plugin. -->","yoast_head_json":{"title":"\"500 plus\" na ka\u017cde dziecko dzieli Polak\u00f3w odczuwalna niesprawiedliwo\u015b\u0107 programu - Super News","robots":{"index":"index","follow":"follow","max-snippet":"max-snippet:-1","max-image-preview":"max-image-preview:large","max-video-preview":"max-video-preview:-1"},"canonical":"https:\/\/super-news.info\/pl\/500-plus-na-kazde-dziecko-dzieli-polakow-odczuwalna-niesprawiedliwosc-programu\/","og_locale":"pl_PL","og_type":"article","og_title":"\"500 plus\" na ka\u017cde dziecko dzieli Polak\u00f3w odczuwalna niesprawiedliwo\u015b\u0107 programu - Super News","og_description":"[ad_1] Niezale\u017cnie od poziomu dochod\u00f3w rodzic\u00f3w, najwi\u0119kszym poparciem program &#8222;500 plus&#8221; na ka\u017cde dziecko cieszy si\u0119 w\u015br\u00f3d sympatyk\u00f3w rz\u0105dz\u0105cego Prawa i Sprawiedliwo\u015bci (75 proc.). W tej formie popiera je te\u017c wi\u0119kszo\u015b\u0107 zwolennik\u00f3w Wiosny (59 proc.) oraz po\u0142owa wyborc\u00f3w Koalicji Europejskiej. &#13; &#13; &#13; &#13; Zdaniem wi\u0119kszo\u015bci (61 proc.) Polak\u00f3w rozszerzenie \u201e500 plus\u201d na ka\u017cde dziecko [&hellip;]","og_url":"https:\/\/super-news.info\/pl\/500-plus-na-kazde-dziecko-dzieli-polakow-odczuwalna-niesprawiedliwosc-programu\/","og_site_name":"Super News","article_published_time":"2019-04-09T20:56:57+00:00","article_modified_time":"2019-04-09T20:56:58+00:00","og_image":[{"width":655,"height":491,"url":"https:\/\/super-news.info\/pl\/wp-content\/uploads\/sites\/6\/2019\/04\/500-plus-na-ka\u017cde-dziecko-dzieli-Polak\u00f3w-odczuwalna-niesprawiedliwo\u015b\u0107-programu.png","type":"image\/png"}],"author":"super-news","twitter_card":"summary_large_image","twitter_misc":{"Napisane przez":"super-news","Szacowany czas czytania":"2 minuty"},"schema":{"@context":"https:\/\/schema.org","@graph":[{"@type":"Article","@id":"https:\/\/super-news.info\/pl\/500-plus-na-kazde-dziecko-dzieli-polakow-odczuwalna-niesprawiedliwosc-programu\/#article","isPartOf":{"@id":"https:\/\/super-news.info\/pl\/500-plus-na-kazde-dziecko-dzieli-polakow-odczuwalna-niesprawiedliwosc-programu\/"},"author":{"name":"super-news","@id":"https:\/\/super-news.info\/pl\/#\/schema\/person\/2d4068cb2f39cd10008c2fce578a7356"},"headline":"&#8222;500 plus&#8221; na ka\u017cde dziecko dzieli Polak\u00f3w odczuwalna niesprawiedliwo\u015b\u0107 programu","datePublished":"2019-04-09T20:56:57+00:00","dateModified":"2019-04-09T20:56:58+00:00","mainEntityOfPage":{"@id":"https:\/\/super-news.info\/pl\/500-plus-na-kazde-dziecko-dzieli-polakow-odczuwalna-niesprawiedliwosc-programu\/"},"wordCount":446,"commentCount":0,"image":{"@id":"https:\/\/super-news.info\/pl\/500-plus-na-kazde-dziecko-dzieli-polakow-odczuwalna-niesprawiedliwosc-programu\/#primaryimage"},"thumbnailUrl":"https:\/\/super-news.info\/pl\/wp-content\/uploads\/sites\/6\/2019\/04\/500-plus-na-ka\u017cde-dziecko-dzieli-Polak\u00f3w-odczuwalna-niesprawiedliwo\u015b\u0107-programu.png","articleSection":["WIADOMO\u015aCI MARKETINGOWE"],"inLanguage":"pl-PL","potentialAction":[{"@type":"CommentAction","name":"Comment","target":["https:\/\/super-news.info\/pl\/500-plus-na-kazde-dziecko-dzieli-polakow-odczuwalna-niesprawiedliwosc-programu\/#respond"]}]},{"@type":"WebPage","@id":"https:\/\/super-news.info\/pl\/500-plus-na-kazde-dziecko-dzieli-polakow-odczuwalna-niesprawiedliwosc-programu\/","url":"https:\/\/super-news.info\/pl\/500-plus-na-kazde-dziecko-dzieli-polakow-odczuwalna-niesprawiedliwosc-programu\/","name":"\"500 plus\" na ka\u017cde dziecko dzieli Polak\u00f3w odczuwalna niesprawiedliwo\u015b\u0107 programu - Super News","isPartOf":{"@id":"https:\/\/super-news.info\/pl\/#website"},"primaryImageOfPage":{"@id":"https:\/\/super-news.info\/pl\/500-plus-na-kazde-dziecko-dzieli-polakow-odczuwalna-niesprawiedliwosc-programu\/#primaryimage"},"image":{"@id":"https:\/\/super-news.info\/pl\/500-plus-na-kazde-dziecko-dzieli-polakow-odczuwalna-niesprawiedliwosc-programu\/#primaryimage"},"thumbnailUrl":"https:\/\/super-news.info\/pl\/wp-content\/uploads\/sites\/6\/2019\/04\/500-plus-na-ka\u017cde-dziecko-dzieli-Polak\u00f3w-odczuwalna-niesprawiedliwo\u015b\u0107-programu.png","datePublished":"2019-04-09T20:56:57+00:00","dateModified":"2019-04-09T20:56:58+00:00","author":{"@id":"https:\/\/super-news.info\/pl\/#\/schema\/person\/2d4068cb2f39cd10008c2fce578a7356"},"breadcrumb":{"@id":"https:\/\/super-news.info\/pl\/500-plus-na-kazde-dziecko-dzieli-polakow-odczuwalna-niesprawiedliwosc-programu\/#breadcrumb"},"inLanguage":"pl-PL","potentialAction":[{"@type":"ReadAction","target":["https:\/\/super-news.info\/pl\/500-plus-na-kazde-dziecko-dzieli-polakow-odczuwalna-niesprawiedliwosc-programu\/"]}]},{"@type":"ImageObject","inLanguage":"pl-PL","@id":"https:\/\/super-news.info\/pl\/500-plus-na-kazde-dziecko-dzieli-polakow-odczuwalna-niesprawiedliwosc-programu\/#primaryimage","url":"https:\/\/super-news.info\/pl\/wp-content\/uploads\/sites\/6\/2019\/04\/500-plus-na-ka\u017cde-dziecko-dzieli-Polak\u00f3w-odczuwalna-niesprawiedliwo\u015b\u0107-programu.png","contentUrl":"https:\/\/super-news.info\/pl\/wp-content\/uploads\/sites\/6\/2019\/04\/500-plus-na-ka\u017cde-dziecko-dzieli-Polak\u00f3w-odczuwalna-niesprawiedliwo\u015b\u0107-programu.png","width":655,"height":491,"caption":"\"500 plus\" na ka\u017cde dziecko dzieli Polak\u00f3w odczuwalna niesprawiedliwo\u015b\u0107 programu"},{"@type":"BreadcrumbList","@id":"https:\/\/super-news.info\/pl\/500-plus-na-kazde-dziecko-dzieli-polakow-odczuwalna-niesprawiedliwosc-programu\/#breadcrumb","itemListElement":[{"@type":"ListItem","position":1,"name":"\u0413\u043b\u0430\u0432\u043d\u0430\u044f \u0441\u0442\u0440\u0430\u043d\u0438\u0446\u0430","item":"https:\/\/super-news.info\/pl\/"},{"@type":"ListItem","position":2,"name":"&#8222;500 plus&#8221; na ka\u017cde dziecko dzieli Polak\u00f3w odczuwalna niesprawiedliwo\u015b\u0107 programu"}]},{"@type":"WebSite","@id":"https:\/\/super-news.info\/pl\/#website","url":"https:\/\/super-news.info\/pl\/","name":"Super News","description":"Super News Polska","potentialAction":[{"@type":"SearchAction","target":{"@type":"EntryPoint","urlTemplate":"https:\/\/super-news.info\/pl\/?s={search_term_string}"},"query-input":{"@type":"PropertyValueSpecification","valueRequired":true,"valueName":"search_term_string"}}],"inLanguage":"pl-PL"},{"@type":"Person","@id":"https:\/\/super-news.info\/pl\/#\/schema\/person\/2d4068cb2f39cd10008c2fce578a7356","name":"super-news","image":{"@type":"ImageObject","inLanguage":"pl-PL","@id":"https:\/\/secure.gravatar.com\/avatar\/64ebac40b93f26a154f8a9b5b6fdccfc46f442b26b3dd6756dbff3bf9dc76fd7?s=96&d=mm&r=g","url":"https:\/\/secure.gravatar.com\/avatar\/64ebac40b93f26a154f8a9b5b6fdccfc46f442b26b3dd6756dbff3bf9dc76fd7?s=96&d=mm&r=g","contentUrl":"https:\/\/secure.gravatar.com\/avatar\/64ebac40b93f26a154f8a9b5b6fdccfc46f442b26b3dd6756dbff3bf9dc76fd7?s=96&d=mm&r=g","caption":"super-news"},"url":"https:\/\/super-news.info\/pl\/author\/pt\/"}]}},"_links":{"self":[{"href":"https:\/\/super-news.info\/pl\/wp-json\/wp\/v2\/posts\/86","targetHints":{"allow":["GET"]}}],"collection":[{"href":"https:\/\/super-news.info\/pl\/wp-json\/wp\/v2\/posts"}],"about":[{"href":"https:\/\/super-news.info\/pl\/wp-json\/wp\/v2\/types\/post"}],"author":[{"embeddable":true,"href":"https:\/\/super-news.info\/pl\/wp-json\/wp\/v2\/users\/2"}],"replies":[{"embeddable":true,"href":"https:\/\/super-news.info\/pl\/wp-json\/wp\/v2\/comments?post=86"}],"version-history":[{"count":1,"href":"https:\/\/super-news.info\/pl\/wp-json\/wp\/v2\/posts\/86\/revisions"}],"predecessor-version":[{"id":88,"href":"https:\/\/super-news.info\/pl\/wp-json\/wp\/v2\/posts\/86\/revisions\/88"}],"wp:featuredmedia":[{"embeddable":true,"href":"https:\/\/super-news.info\/pl\/wp-json\/wp\/v2\/media\/87"}],"wp:attachment":[{"href":"https:\/\/super-news.info\/pl\/wp-json\/wp\/v2\/media?parent=86"}],"wp:term":[{"taxonomy":"category","embeddable":true,"href":"https:\/\/super-news.info\/pl\/wp-json\/wp\/v2\/categories?post=86"},{"taxonomy":"post_tag","embeddable":true,"href":"https:\/\/super-news.info\/pl\/wp-json\/wp\/v2\/tags?post=86"}],"curies":[{"name":"wp","href":"https:\/\/api.w.org\/{rel}","templated":true}]}}