{"id":846,"date":"2019-06-18T12:31:13","date_gmt":"2019-06-18T09:31:13","guid":{"rendered":"https:\/\/super-news.info\/pl\/draghi-uderzyl-w-kurs-euro-ebc-nie-wyklucza-ciecia-stop\/"},"modified":"2019-06-18T12:31:14","modified_gmt":"2019-06-18T09:31:14","slug":"draghi-uderzyl-w-kurs-euro-ebc-nie-wyklucza-ciecia-stop","status":"publish","type":"post","link":"https:\/\/super-news.info\/pl\/draghi-uderzyl-w-kurs-euro-ebc-nie-wyklucza-ciecia-stop\/","title":{"rendered":"Draghi uderzy\u0142 w kurs euro. EBC nie wyklucza ci\u0119cia st\u00f3p"},"content":{"rendered":"<p> [ad_1]<br \/>\n<\/p>\n<div id=\"articleContent\" data-io-article-url=\"https:\/\/www.bankier.pl\/wiadomosc\/Draghi-uderzyl-w-kurs-euro-EBC-nie-wyklucza-ciecia-stop-7691805.html\">\n<p>\n<span class=\"fn name\" itemprop=\"name\">Micha\u0142 \u017bu\u0142awi\u0144ski<\/span>\n<\/p>\n<p><span class=\"lead\">Przem\u00f3wienie Mario Draghiego zn\u00f3w zatrz\u0119s\u0142o rynkiem&#13;<br \/>\nwalutowym. Prezes EBC otworzy\u0142 drog\u0119 do obni\u017cek st\u00f3p i \u0142agodzenia polityki&#13;<br \/>\nmonetarnej.<\/span><\/p>\n<p>Europejski&#13;<br \/>\nBank Centralny ponownie z\u0142agodzi swoj\u0105 polityk\u0119, je\u017celi inflacja nie wr\u00f3ci do&#13;<br \/>\ncelu. Taki przekaz p\u0142ynie z przem\u00f3wienia, kt\u00f3re prezes Mario Draghi wyg\u0142osi\u0142 w&#13;<br \/>\ntrakcie dorocznej konferencji EBC w portugalskiej Sintrze. <\/p>\n<p><!--[ ads link bar ]--><\/p>\n<p>\u2013 W wypadku&#13;<br \/>\nbraku poprawy, kt\u00f3ry zagrozi powrotowi inflacji do naszego celu, potrzebne&#13;<br \/>\nb\u0119dzie dodatkowe stymulowanie monetarne \u2013 powiedzia\u0142 Draghi.<\/p>\n<p>Cel&#13;<br \/>\ninflacyjny EBC formu\u0142owany jest jako inflacja \u201eblisko, ale poni\u017cej 2 proc.\u201d.&#13;<br \/>\nObecnie dynamika cen towar\u00f3w i us\u0142ug konsumpcyjnych w strefie euro wynosi 1,2&#13;<br \/>\nproc., co jest najni\u017cszym wynikiem od 13 miesi\u0119cy.<\/p>\n<div class=\"container645\">\n<div class=\"box645 boxImg\">\n<div class=\"boxContent\"><\/div>\n<\/div>\n<\/div>\n<p>\u2013 Nasz cel&#13;<br \/>\njest symetryczny, co oznacza, \u017ce je\u017celi mamy \u201edowie\u017a\u0107\u201d nasz cel inflacyjny w&#13;<br \/>\n\u015brednim okresie, to inflacja musi by\u0107 powy\u017cej tego poziomu w przysz\u0142o\u015bci \u2013&#13;<br \/>\ndoda\u0142 Draghi.<\/p>\n<p>Jak&#13;<br \/>\nstwierdzi\u0142 W\u0142och, kt\u00f3ry w pa\u017adzierniku po\u017cegna si\u0119 z kierowaniem EBC, w&#13;<br \/>\narsenale banku centralnego strefy euro wci\u0105\u017c s\u0105 narz\u0119dzia stymuluj\u0105ce, po kt\u00f3re&#13;<br \/>\nRada Prezes\u00f3w nie zawaha si\u0119 si\u0119gn\u0105\u0107.<\/p>\n<p>\u2013 Dalsze&#13;<br \/>\nci\u0119cia st\u00f3p procentowych wci\u0105\u017c s\u0105 cz\u0119\u015bci\u0105 naszego instrumentarium. Wci\u0105\u017c jest&#13;<br \/>\nte\u017c przestrze\u0144 na program zakupu aktyw\u00f3w \u2013 doda\u0142, zapewniaj\u0105c, \u017ce EBC skorzysta&#13;<br \/>\nze wszystkich dost\u0119pnych \u015brodk\u00f3w, aby zrealizowa\u0107 cel w postaci stabilno\u015bci&#13;<br \/>\ncen.<\/p>\n<p>Takie s\u0142owa inwestorzy postrzegaj\u0105 jako kolejn\u0105 zmian\u0119 retoryki EBC. Do poprzedniej dosz\u0142o w czasie ostatniego posiedzenia, kiedy dat\u0119 zmiany st\u00f3p odsuni\u0119to do przynajmniej po\u0142owy 2020 r. Dzisiejsza wypowied\u017a Mario Draghiego sugeruje, \u017ce w\u0142adze monetarne strefy euro powa\u017cnie bior\u0105 pod uwag\u0119 mo\u017cliwo\u015b\u0107 dalszego ci\u0119cia st\u00f3p, cho\u0107 jeszcze niedawno wydawa\u0142o si\u0119, \u017ce kolejnym ruchem b\u0119dzie ich podwy\u017cka.<\/p>\n<p>Na reakcj\u0119&#13;<br \/>\nrynku walutowego nie trzeba by\u0142o d\u0142ugo czeka\u0107. Przem\u00f3wienie Draghiego doprowadzi\u0142o&#13;<br \/>\ndo zbicia kursu EUR\/USD poni\u017cej 1,12 dolara. To najni\u017cszy poziom g\u0142\u00f3wnej pary&#13;<br \/>\nwalutowej \u015bwiata w tym miesi\u0105cu.<\/p>\n<div class=\"container645\">\n<div class=\"box645 boxImg\">\n<div class=\"boxContent\"><img decoding=\"async\" src=\"https:\/\/super-news.info\/pl\/wp-content\/uploads\/sites\/6\/2019\/06\/1560850273_815_Draghi-uderzyl-w-kurs-euro.-EBC-nie-wyklucza-ciecia-stop.png\" alt=\"Kliknij, aby przej\u015b\u0107 do notowa\u0144\" border=\"0\"\/><\/div>\n<\/div>\n<\/div>\n<p>Os\u0142abienie&#13;<br \/>\neuro nie przek\u0142ada si\u0119 na spadek jego kursu wyra\u017cony w z\u0142otych. Europejska&#13;<br \/>\nwaluta wci\u0105\u017c kosztuje ponad 4,26 z\u0142. Dro\u017ceje natomiast dolar, kt\u00f3rego notowania&#13;<br \/>\nwracaj\u0105 powy\u017cej 3,80 z\u0142. Niemal dok\u0142adnie tak samo wyceniany jest frank&#13;<br \/>\nszwajcarski. Zawraca tak\u017ce kurs funta brytyjskiego, kt\u00f3ry odbi\u0142 si\u0119 pod 4,75&#13;<br \/>\nz\u0142.<\/p>\n<p>Walutowych<br \/>\nemocji rynkom dostarczy\u0107 mo\u017ce nie tylko trzydniowa konferencja EBC. Jutro o<br \/>\n20.00 czasu polskiego poznamy komunikat Rezerwy Federalnej. P\u00f3\u0142 godziny p\u00f3\u017aniej<br \/>\nprzemawia\u0142 b\u0119dzie szef ameryka\u0144skiego banku centralnego Jerome Powell.<\/p>\n<p>Micha\u0142&#13;<br \/>\n\u017bu\u0142awi\u0144ski<\/p>\n<div id=\"articleSource\" class=\"left\">\n<div class=\"boxContent\">\n    <span>\u0179r\u00f3d\u0142o:<\/span> <\/p>\n<div class=\"articleSourceLogo\">\n        <img decoding=\"async\" src=\"https:\/\/super-news.info\/pl\/wp-content\/uploads\/sites\/6\/2019\/04\/EBC-przypomina-Wlochom-kto-rzadzi-ich-zlotem.png\"\/><\/div>\n<\/p><\/div>\n<\/div><\/div>\n<p><script>(function() {\n  var _fbq = window._fbq || (window._fbq = []);\n  if (!_fbq.loaded) {\n    var fbds = document.createElement('script');\n    fbds.async = true;\n    fbds.src = \"http:\/\/connect.facebook.net\/en_US\/fbds.js\";\n    var s = document.getElementsByTagName('script')[0];\n    s.parentNode.insertBefore(fbds, s);\n    _fbq.loaded = true;\n  }\n  _fbq.push(['addPixelId', '743763269044006']);\n})();\nwindow._fbq = window._fbq || [];\nwindow._fbq.push(['track', 'PixelInitialized', {}]);\n<\/script><script>(function(d, s, id) {\n  var js, fjs = d.getElementsByTagName(s)[0];\n  if (d.getElementById(id)) return;\n  js = d.createElement(s); js.id = id;\n  js.src = \"http:\/\/connect.facebook.net\/pl_PL\/sdk.js#xfbml=1&version=v2.3\";\n  fjs.parentNode.insertBefore(js, fjs);\n}(document, 'script', 'facebook-jssdk'));<\/script><script>(function(d, s, id) {\n  var js, fjs = d.getElementsByTagName(s)[0];\n  if (d.getElementById(id)) return;\n  js = d.createElement(s); js.id = id;\n  js.src = \"http:\/\/connect.facebook.net\/pl_PL\/all.js#xfbml=1&appId=212379965454760\";\n  fjs.parentNode.insertBefore(js, fjs);\n}(document, 'script', 'facebook-jssdk'));<\/script><br \/>\n<br \/>[ad_2]<br \/>\n<br \/><a href=\"http:\/\/www.bankier.pl\/wiadomosc\/Draghi-uderzyl-w-kurs-euro-EBC-nie-wyklucza-ciecia-stop-7691805.html\">Source link <\/a><\/p>\n","protected":false},"excerpt":{"rendered":"<p>[ad_1] Micha\u0142 \u017bu\u0142awi\u0144ski Przem\u00f3wienie Mario Draghiego zn\u00f3w zatrz\u0119s\u0142o rynkiem&#13; walutowym. Prezes EBC otworzy\u0142 drog\u0119 do obni\u017cek st\u00f3p i \u0142agodzenia polityki&#13; monetarnej. Europejski&#13; Bank Centralny ponownie z\u0142agodzi swoj\u0105 polityk\u0119, je\u017celi inflacja nie wr\u00f3ci do&#13; celu. Taki przekaz p\u0142ynie z przem\u00f3wienia, kt\u00f3re prezes Mario Draghi wyg\u0142osi\u0142 w&#13; trakcie dorocznej konferencji EBC w portugalskiej Sintrze. \u2013 W wypadku&#13; [&hellip;]<\/p>\n","protected":false},"author":2,"featured_media":847,"comment_status":"open","ping_status":"open","sticky":false,"template":"","format":"standard","meta":{"footnotes":""},"categories":[1],"tags":[],"class_list":["post-846","post","type-post","status-publish","format-standard","has-post-thumbnail","hentry","category-wiadomosci-finansowe"],"yoast_head":"<!-- This site is optimized with the Yoast SEO plugin v27.4 - https:\/\/yoast.com\/product\/yoast-seo-wordpress\/ -->\n<title>Draghi uderzy\u0142 w kurs euro. EBC nie wyklucza ci\u0119cia st\u00f3p - Super News<\/title>\n<meta name=\"robots\" content=\"index, follow, max-snippet:-1, max-image-preview:large, max-video-preview:-1\" \/>\n<link rel=\"canonical\" href=\"https:\/\/super-news.info\/pl\/draghi-uderzyl-w-kurs-euro-ebc-nie-wyklucza-ciecia-stop\/\" \/>\n<meta property=\"og:locale\" content=\"pl_PL\" \/>\n<meta property=\"og:type\" content=\"article\" \/>\n<meta property=\"og:title\" content=\"Draghi uderzy\u0142 w kurs euro. EBC nie wyklucza ci\u0119cia st\u00f3p - Super News\" \/>\n<meta property=\"og:description\" content=\"[ad_1] Micha\u0142 \u017bu\u0142awi\u0144ski Przem\u00f3wienie Mario Draghiego zn\u00f3w zatrz\u0119s\u0142o rynkiem&#013; walutowym. Prezes EBC otworzy\u0142 drog\u0119 do obni\u017cek st\u00f3p i \u0142agodzenia polityki&#013; monetarnej. Europejski&#013; Bank Centralny ponownie z\u0142agodzi swoj\u0105 polityk\u0119, je\u017celi inflacja nie wr\u00f3ci do&#013; celu. Taki przekaz p\u0142ynie z przem\u00f3wienia, kt\u00f3re prezes Mario Draghi wyg\u0142osi\u0142 w&#013; trakcie dorocznej konferencji EBC w portugalskiej Sintrze. \u2013 W wypadku&#013; [&hellip;]\" \/>\n<meta property=\"og:url\" content=\"https:\/\/super-news.info\/pl\/draghi-uderzyl-w-kurs-euro-ebc-nie-wyklucza-ciecia-stop\/\" \/>\n<meta property=\"og:site_name\" content=\"Super News\" \/>\n<meta property=\"article:published_time\" content=\"2019-06-18T09:31:13+00:00\" \/>\n<meta property=\"article:modified_time\" content=\"2019-06-18T09:31:14+00:00\" \/>\n<meta property=\"og:image\" content=\"https:\/\/super-news.info\/pl\/wp-content\/uploads\/sites\/6\/2019\/06\/Draghi-uderzy\u0142-w-kurs-euro.-EBC-nie-wyklucza-ci\u0119cia-st\u00f3p.png\" \/>\n\t<meta property=\"og:image:width\" content=\"645\" \/>\n\t<meta property=\"og:image:height\" content=\"306\" \/>\n\t<meta property=\"og:image:type\" content=\"image\/png\" \/>\n<meta name=\"author\" content=\"super-news\" \/>\n<meta name=\"twitter:card\" content=\"summary_large_image\" \/>\n<meta name=\"twitter:label1\" content=\"Napisane przez\" \/>\n\t<meta name=\"twitter:data1\" content=\"super-news\" \/>\n\t<meta name=\"twitter:label2\" content=\"Szacowany czas czytania\" \/>\n\t<meta name=\"twitter:data2\" content=\"2 minuty\" \/>\n<script type=\"application\/ld+json\" class=\"yoast-schema-graph\">{\"@context\":\"https:\\\/\\\/schema.org\",\"@graph\":[{\"@type\":\"Article\",\"@id\":\"https:\\\/\\\/super-news.info\\\/pl\\\/draghi-uderzyl-w-kurs-euro-ebc-nie-wyklucza-ciecia-stop\\\/#article\",\"isPartOf\":{\"@id\":\"https:\\\/\\\/super-news.info\\\/pl\\\/draghi-uderzyl-w-kurs-euro-ebc-nie-wyklucza-ciecia-stop\\\/\"},\"author\":{\"name\":\"super-news\",\"@id\":\"https:\\\/\\\/super-news.info\\\/pl\\\/#\\\/schema\\\/person\\\/2d4068cb2f39cd10008c2fce578a7356\"},\"headline\":\"Draghi uderzy\u0142 w kurs euro. EBC nie wyklucza ci\u0119cia st\u00f3p\",\"datePublished\":\"2019-06-18T09:31:13+00:00\",\"dateModified\":\"2019-06-18T09:31:14+00:00\",\"mainEntityOfPage\":{\"@id\":\"https:\\\/\\\/super-news.info\\\/pl\\\/draghi-uderzyl-w-kurs-euro-ebc-nie-wyklucza-ciecia-stop\\\/\"},\"wordCount\":445,\"commentCount\":0,\"image\":{\"@id\":\"https:\\\/\\\/super-news.info\\\/pl\\\/draghi-uderzyl-w-kurs-euro-ebc-nie-wyklucza-ciecia-stop\\\/#primaryimage\"},\"thumbnailUrl\":\"https:\\\/\\\/super-news.info\\\/pl\\\/wp-content\\\/uploads\\\/sites\\\/6\\\/2019\\\/06\\\/Draghi-uderzy\u0142-w-kurs-euro.-EBC-nie-wyklucza-ci\u0119cia-st\u00f3p.png\",\"articleSection\":[\"WIADOMO\u015aCI FINANSOWE\"],\"inLanguage\":\"pl-PL\",\"potentialAction\":[{\"@type\":\"CommentAction\",\"name\":\"Comment\",\"target\":[\"https:\\\/\\\/super-news.info\\\/pl\\\/draghi-uderzyl-w-kurs-euro-ebc-nie-wyklucza-ciecia-stop\\\/#respond\"]}]},{\"@type\":\"WebPage\",\"@id\":\"https:\\\/\\\/super-news.info\\\/pl\\\/draghi-uderzyl-w-kurs-euro-ebc-nie-wyklucza-ciecia-stop\\\/\",\"url\":\"https:\\\/\\\/super-news.info\\\/pl\\\/draghi-uderzyl-w-kurs-euro-ebc-nie-wyklucza-ciecia-stop\\\/\",\"name\":\"Draghi uderzy\u0142 w kurs euro. EBC nie wyklucza ci\u0119cia st\u00f3p - Super News\",\"isPartOf\":{\"@id\":\"https:\\\/\\\/super-news.info\\\/pl\\\/#website\"},\"primaryImageOfPage\":{\"@id\":\"https:\\\/\\\/super-news.info\\\/pl\\\/draghi-uderzyl-w-kurs-euro-ebc-nie-wyklucza-ciecia-stop\\\/#primaryimage\"},\"image\":{\"@id\":\"https:\\\/\\\/super-news.info\\\/pl\\\/draghi-uderzyl-w-kurs-euro-ebc-nie-wyklucza-ciecia-stop\\\/#primaryimage\"},\"thumbnailUrl\":\"https:\\\/\\\/super-news.info\\\/pl\\\/wp-content\\\/uploads\\\/sites\\\/6\\\/2019\\\/06\\\/Draghi-uderzy\u0142-w-kurs-euro.-EBC-nie-wyklucza-ci\u0119cia-st\u00f3p.png\",\"datePublished\":\"2019-06-18T09:31:13+00:00\",\"dateModified\":\"2019-06-18T09:31:14+00:00\",\"author\":{\"@id\":\"https:\\\/\\\/super-news.info\\\/pl\\\/#\\\/schema\\\/person\\\/2d4068cb2f39cd10008c2fce578a7356\"},\"breadcrumb\":{\"@id\":\"https:\\\/\\\/super-news.info\\\/pl\\\/draghi-uderzyl-w-kurs-euro-ebc-nie-wyklucza-ciecia-stop\\\/#breadcrumb\"},\"inLanguage\":\"pl-PL\",\"potentialAction\":[{\"@type\":\"ReadAction\",\"target\":[\"https:\\\/\\\/super-news.info\\\/pl\\\/draghi-uderzyl-w-kurs-euro-ebc-nie-wyklucza-ciecia-stop\\\/\"]}]},{\"@type\":\"ImageObject\",\"inLanguage\":\"pl-PL\",\"@id\":\"https:\\\/\\\/super-news.info\\\/pl\\\/draghi-uderzyl-w-kurs-euro-ebc-nie-wyklucza-ciecia-stop\\\/#primaryimage\",\"url\":\"https:\\\/\\\/super-news.info\\\/pl\\\/wp-content\\\/uploads\\\/sites\\\/6\\\/2019\\\/06\\\/Draghi-uderzy\u0142-w-kurs-euro.-EBC-nie-wyklucza-ci\u0119cia-st\u00f3p.png\",\"contentUrl\":\"https:\\\/\\\/super-news.info\\\/pl\\\/wp-content\\\/uploads\\\/sites\\\/6\\\/2019\\\/06\\\/Draghi-uderzy\u0142-w-kurs-euro.-EBC-nie-wyklucza-ci\u0119cia-st\u00f3p.png\",\"width\":645,\"height\":306,\"caption\":\"Inflacja HICP w strefie euro (r\\\/r)\"},{\"@type\":\"BreadcrumbList\",\"@id\":\"https:\\\/\\\/super-news.info\\\/pl\\\/draghi-uderzyl-w-kurs-euro-ebc-nie-wyklucza-ciecia-stop\\\/#breadcrumb\",\"itemListElement\":[{\"@type\":\"ListItem\",\"position\":1,\"name\":\"\u0413\u043b\u0430\u0432\u043d\u0430\u044f \u0441\u0442\u0440\u0430\u043d\u0438\u0446\u0430\",\"item\":\"https:\\\/\\\/super-news.info\\\/pl\\\/\"},{\"@type\":\"ListItem\",\"position\":2,\"name\":\"Draghi uderzy\u0142 w kurs euro. EBC nie wyklucza ci\u0119cia st\u00f3p\"}]},{\"@type\":\"WebSite\",\"@id\":\"https:\\\/\\\/super-news.info\\\/pl\\\/#website\",\"url\":\"https:\\\/\\\/super-news.info\\\/pl\\\/\",\"name\":\"Super News\",\"description\":\"Super News Polska\",\"potentialAction\":[{\"@type\":\"SearchAction\",\"target\":{\"@type\":\"EntryPoint\",\"urlTemplate\":\"https:\\\/\\\/super-news.info\\\/pl\\\/?s={search_term_string}\"},\"query-input\":{\"@type\":\"PropertyValueSpecification\",\"valueRequired\":true,\"valueName\":\"search_term_string\"}}],\"inLanguage\":\"pl-PL\"},{\"@type\":\"Person\",\"@id\":\"https:\\\/\\\/super-news.info\\\/pl\\\/#\\\/schema\\\/person\\\/2d4068cb2f39cd10008c2fce578a7356\",\"name\":\"super-news\",\"image\":{\"@type\":\"ImageObject\",\"inLanguage\":\"pl-PL\",\"@id\":\"https:\\\/\\\/secure.gravatar.com\\\/avatar\\\/64ebac40b93f26a154f8a9b5b6fdccfc46f442b26b3dd6756dbff3bf9dc76fd7?s=96&d=mm&r=g\",\"url\":\"https:\\\/\\\/secure.gravatar.com\\\/avatar\\\/64ebac40b93f26a154f8a9b5b6fdccfc46f442b26b3dd6756dbff3bf9dc76fd7?s=96&d=mm&r=g\",\"contentUrl\":\"https:\\\/\\\/secure.gravatar.com\\\/avatar\\\/64ebac40b93f26a154f8a9b5b6fdccfc46f442b26b3dd6756dbff3bf9dc76fd7?s=96&d=mm&r=g\",\"caption\":\"super-news\"},\"url\":\"https:\\\/\\\/super-news.info\\\/pl\\\/author\\\/pt\\\/\"}]}<\/script>\n<!-- \/ Yoast SEO plugin. -->","yoast_head_json":{"title":"Draghi uderzy\u0142 w kurs euro. EBC nie wyklucza ci\u0119cia st\u00f3p - Super News","robots":{"index":"index","follow":"follow","max-snippet":"max-snippet:-1","max-image-preview":"max-image-preview:large","max-video-preview":"max-video-preview:-1"},"canonical":"https:\/\/super-news.info\/pl\/draghi-uderzyl-w-kurs-euro-ebc-nie-wyklucza-ciecia-stop\/","og_locale":"pl_PL","og_type":"article","og_title":"Draghi uderzy\u0142 w kurs euro. EBC nie wyklucza ci\u0119cia st\u00f3p - Super News","og_description":"[ad_1] Micha\u0142 \u017bu\u0142awi\u0144ski Przem\u00f3wienie Mario Draghiego zn\u00f3w zatrz\u0119s\u0142o rynkiem&#13; walutowym. Prezes EBC otworzy\u0142 drog\u0119 do obni\u017cek st\u00f3p i \u0142agodzenia polityki&#13; monetarnej. Europejski&#13; Bank Centralny ponownie z\u0142agodzi swoj\u0105 polityk\u0119, je\u017celi inflacja nie wr\u00f3ci do&#13; celu. Taki przekaz p\u0142ynie z przem\u00f3wienia, kt\u00f3re prezes Mario Draghi wyg\u0142osi\u0142 w&#13; trakcie dorocznej konferencji EBC w portugalskiej Sintrze. \u2013 W wypadku&#13; [&hellip;]","og_url":"https:\/\/super-news.info\/pl\/draghi-uderzyl-w-kurs-euro-ebc-nie-wyklucza-ciecia-stop\/","og_site_name":"Super News","article_published_time":"2019-06-18T09:31:13+00:00","article_modified_time":"2019-06-18T09:31:14+00:00","og_image":[{"width":645,"height":306,"url":"https:\/\/super-news.info\/pl\/wp-content\/uploads\/sites\/6\/2019\/06\/Draghi-uderzy\u0142-w-kurs-euro.-EBC-nie-wyklucza-ci\u0119cia-st\u00f3p.png","type":"image\/png"}],"author":"super-news","twitter_card":"summary_large_image","twitter_misc":{"Napisane przez":"super-news","Szacowany czas czytania":"2 minuty"},"schema":{"@context":"https:\/\/schema.org","@graph":[{"@type":"Article","@id":"https:\/\/super-news.info\/pl\/draghi-uderzyl-w-kurs-euro-ebc-nie-wyklucza-ciecia-stop\/#article","isPartOf":{"@id":"https:\/\/super-news.info\/pl\/draghi-uderzyl-w-kurs-euro-ebc-nie-wyklucza-ciecia-stop\/"},"author":{"name":"super-news","@id":"https:\/\/super-news.info\/pl\/#\/schema\/person\/2d4068cb2f39cd10008c2fce578a7356"},"headline":"Draghi uderzy\u0142 w kurs euro. EBC nie wyklucza ci\u0119cia st\u00f3p","datePublished":"2019-06-18T09:31:13+00:00","dateModified":"2019-06-18T09:31:14+00:00","mainEntityOfPage":{"@id":"https:\/\/super-news.info\/pl\/draghi-uderzyl-w-kurs-euro-ebc-nie-wyklucza-ciecia-stop\/"},"wordCount":445,"commentCount":0,"image":{"@id":"https:\/\/super-news.info\/pl\/draghi-uderzyl-w-kurs-euro-ebc-nie-wyklucza-ciecia-stop\/#primaryimage"},"thumbnailUrl":"https:\/\/super-news.info\/pl\/wp-content\/uploads\/sites\/6\/2019\/06\/Draghi-uderzy\u0142-w-kurs-euro.-EBC-nie-wyklucza-ci\u0119cia-st\u00f3p.png","articleSection":["WIADOMO\u015aCI FINANSOWE"],"inLanguage":"pl-PL","potentialAction":[{"@type":"CommentAction","name":"Comment","target":["https:\/\/super-news.info\/pl\/draghi-uderzyl-w-kurs-euro-ebc-nie-wyklucza-ciecia-stop\/#respond"]}]},{"@type":"WebPage","@id":"https:\/\/super-news.info\/pl\/draghi-uderzyl-w-kurs-euro-ebc-nie-wyklucza-ciecia-stop\/","url":"https:\/\/super-news.info\/pl\/draghi-uderzyl-w-kurs-euro-ebc-nie-wyklucza-ciecia-stop\/","name":"Draghi uderzy\u0142 w kurs euro. EBC nie wyklucza ci\u0119cia st\u00f3p - Super News","isPartOf":{"@id":"https:\/\/super-news.info\/pl\/#website"},"primaryImageOfPage":{"@id":"https:\/\/super-news.info\/pl\/draghi-uderzyl-w-kurs-euro-ebc-nie-wyklucza-ciecia-stop\/#primaryimage"},"image":{"@id":"https:\/\/super-news.info\/pl\/draghi-uderzyl-w-kurs-euro-ebc-nie-wyklucza-ciecia-stop\/#primaryimage"},"thumbnailUrl":"https:\/\/super-news.info\/pl\/wp-content\/uploads\/sites\/6\/2019\/06\/Draghi-uderzy\u0142-w-kurs-euro.-EBC-nie-wyklucza-ci\u0119cia-st\u00f3p.png","datePublished":"2019-06-18T09:31:13+00:00","dateModified":"2019-06-18T09:31:14+00:00","author":{"@id":"https:\/\/super-news.info\/pl\/#\/schema\/person\/2d4068cb2f39cd10008c2fce578a7356"},"breadcrumb":{"@id":"https:\/\/super-news.info\/pl\/draghi-uderzyl-w-kurs-euro-ebc-nie-wyklucza-ciecia-stop\/#breadcrumb"},"inLanguage":"pl-PL","potentialAction":[{"@type":"ReadAction","target":["https:\/\/super-news.info\/pl\/draghi-uderzyl-w-kurs-euro-ebc-nie-wyklucza-ciecia-stop\/"]}]},{"@type":"ImageObject","inLanguage":"pl-PL","@id":"https:\/\/super-news.info\/pl\/draghi-uderzyl-w-kurs-euro-ebc-nie-wyklucza-ciecia-stop\/#primaryimage","url":"https:\/\/super-news.info\/pl\/wp-content\/uploads\/sites\/6\/2019\/06\/Draghi-uderzy\u0142-w-kurs-euro.-EBC-nie-wyklucza-ci\u0119cia-st\u00f3p.png","contentUrl":"https:\/\/super-news.info\/pl\/wp-content\/uploads\/sites\/6\/2019\/06\/Draghi-uderzy\u0142-w-kurs-euro.-EBC-nie-wyklucza-ci\u0119cia-st\u00f3p.png","width":645,"height":306,"caption":"Inflacja HICP w strefie euro (r\/r)"},{"@type":"BreadcrumbList","@id":"https:\/\/super-news.info\/pl\/draghi-uderzyl-w-kurs-euro-ebc-nie-wyklucza-ciecia-stop\/#breadcrumb","itemListElement":[{"@type":"ListItem","position":1,"name":"\u0413\u043b\u0430\u0432\u043d\u0430\u044f \u0441\u0442\u0440\u0430\u043d\u0438\u0446\u0430","item":"https:\/\/super-news.info\/pl\/"},{"@type":"ListItem","position":2,"name":"Draghi uderzy\u0142 w kurs euro. EBC nie wyklucza ci\u0119cia st\u00f3p"}]},{"@type":"WebSite","@id":"https:\/\/super-news.info\/pl\/#website","url":"https:\/\/super-news.info\/pl\/","name":"Super News","description":"Super News Polska","potentialAction":[{"@type":"SearchAction","target":{"@type":"EntryPoint","urlTemplate":"https:\/\/super-news.info\/pl\/?s={search_term_string}"},"query-input":{"@type":"PropertyValueSpecification","valueRequired":true,"valueName":"search_term_string"}}],"inLanguage":"pl-PL"},{"@type":"Person","@id":"https:\/\/super-news.info\/pl\/#\/schema\/person\/2d4068cb2f39cd10008c2fce578a7356","name":"super-news","image":{"@type":"ImageObject","inLanguage":"pl-PL","@id":"https:\/\/secure.gravatar.com\/avatar\/64ebac40b93f26a154f8a9b5b6fdccfc46f442b26b3dd6756dbff3bf9dc76fd7?s=96&d=mm&r=g","url":"https:\/\/secure.gravatar.com\/avatar\/64ebac40b93f26a154f8a9b5b6fdccfc46f442b26b3dd6756dbff3bf9dc76fd7?s=96&d=mm&r=g","contentUrl":"https:\/\/secure.gravatar.com\/avatar\/64ebac40b93f26a154f8a9b5b6fdccfc46f442b26b3dd6756dbff3bf9dc76fd7?s=96&d=mm&r=g","caption":"super-news"},"url":"https:\/\/super-news.info\/pl\/author\/pt\/"}]}},"_links":{"self":[{"href":"https:\/\/super-news.info\/pl\/wp-json\/wp\/v2\/posts\/846","targetHints":{"allow":["GET"]}}],"collection":[{"href":"https:\/\/super-news.info\/pl\/wp-json\/wp\/v2\/posts"}],"about":[{"href":"https:\/\/super-news.info\/pl\/wp-json\/wp\/v2\/types\/post"}],"author":[{"embeddable":true,"href":"https:\/\/super-news.info\/pl\/wp-json\/wp\/v2\/users\/2"}],"replies":[{"embeddable":true,"href":"https:\/\/super-news.info\/pl\/wp-json\/wp\/v2\/comments?post=846"}],"version-history":[{"count":1,"href":"https:\/\/super-news.info\/pl\/wp-json\/wp\/v2\/posts\/846\/revisions"}],"predecessor-version":[{"id":848,"href":"https:\/\/super-news.info\/pl\/wp-json\/wp\/v2\/posts\/846\/revisions\/848"}],"wp:featuredmedia":[{"embeddable":true,"href":"https:\/\/super-news.info\/pl\/wp-json\/wp\/v2\/media\/847"}],"wp:attachment":[{"href":"https:\/\/super-news.info\/pl\/wp-json\/wp\/v2\/media?parent=846"}],"wp:term":[{"taxonomy":"category","embeddable":true,"href":"https:\/\/super-news.info\/pl\/wp-json\/wp\/v2\/categories?post=846"},{"taxonomy":"post_tag","embeddable":true,"href":"https:\/\/super-news.info\/pl\/wp-json\/wp\/v2\/tags?post=846"}],"curies":[{"name":"wp","href":"https:\/\/api.w.org\/{rel}","templated":true}]}}