{"id":837,"date":"2019-06-17T16:49:57","date_gmt":"2019-06-17T13:49:57","guid":{"rendered":"https:\/\/super-news.info\/pl\/fitch-podwyzsza-szacunek-pkb-polski-na-19-do-42-proc\/"},"modified":"2020-02-20T13:59:29","modified_gmt":"2020-02-20T10:59:29","slug":"fitch-podwyzsza-szacunek-pkb-polski-na-19-do-42-proc","status":"publish","type":"post","link":"https:\/\/super-news.info\/pl\/fitch-podwyzsza-szacunek-pkb-polski-na-19-do-42-proc\/","title":{"rendered":"Fitch podwy\u017csza szacunek PKB Polski na &#8217;19 do 4,2 proc."},"content":{"rendered":"\n<p>Agencja Fitch podwy\u017cszy\u0142a prognoz\u0119 wzrostu PKB Polski w 2019 r. do 4,2 proc. z 4,0 proc., w 2020 r. utrzyma\u0142a szacunek na poziomie 3,5 proc., a na 2021 r. podwy\u017cszy\u0142a do 3,0 proc. do 2,8 proc. &#8211; wynika z poniedzia\u0142kowego raportu banku. Agencja prognozuje brak zmian st\u00f3p proc. w Polsce do ko\u0144ca 2021 r.<\/p>\n<p>Za rewizj\u0119 prognoz na 2019 r. odpowiadaj\u0105 lepsze od oczekiwanych odczyty makro w I po\u0142owie bie\u017c\u0105cego roku.<\/p>\n<p>R\u00f3wnie\u017c w poniedzia\u0142ek agencja Moody&#8217;s obni\u017cy\u0142a prognoz\u0119 wzrostu PKB Polski na 2019 r. do 4,2 proc. z 4,4 proc., a na 2020 r. do 3,4 proc. z 3,7 proc.<\/p>\n<p>Fitch ocenia, \u017ce polska gospodarka b\u0119dzie spowalnia\u0107 z uwagi na ograniczenia mocy produkcyjnych oraz pogorszenie si\u0119 otoczenia zewn\u0119trznego.<\/p>\n<p>&#8222;Prognozuje si\u0119, \u017ce konsumpcja prywatna i inwestycje pozostan\u0105 g\u0142\u00f3wnym motorem wzrostu&#8221; &#8211; napisano.<\/p>\n<p>Wsparciem dla inwestycji publicznych b\u0119dzie wysoka absorpcja \u015brodk\u00f3w UE &#8211; ocenia Fitch.<\/p>\n<p>Agencja wskaza\u0142a, \u017ce oddzia\u0142ywanie pakietu fiskalnego oraz zapowiadana obni\u017cka podatk\u00f3w w przysz\u0142o\u015bci b\u0119d\u0105 czynnikami pro-inflacyjnymi, kt\u00f3re zr\u00f3wnowa\u017cy jednak hamuj\u0105cy wzrost PKB. Fitch prognozuje, \u017ce wska\u017anik CPI w Polsce w 2020 i 2021 r. b\u0119dzie kszta\u0142towa\u0107 si\u0119 na poziomie celu inflacyjnego, czyli 2,5 proc.<\/p>\n<p>Poprzednio (w marcu) Fitch prognozowa\u0142 brak zmian st\u00f3p proc. do ko\u0144ca 2020 r. (\u00f3wczesny horyzont prognozy).<\/p>\n<p>Agencja Moody&#8217;s obni\u017cy\u0142a prognoz\u0119 wzrostu PKB Polski <br \/>na 2019 r. do 4,2 proc. z 4,4 proc.<\/p>\n<p> <\/p>\n<p><a href=\"http:\/\/www.bankier.pl\/wiadomosc\/Fitch-podwyzsza-szacunek-PKB-Polski-na-19-do-4-2-proc-7691272.html\">Source link <\/a><\/p>\n<\/div>\n","protected":false},"excerpt":{"rendered":"<p>Agencja Fitch podwy\u017cszy\u0142a prognoz\u0119 wzrostu PKB Polski w 2019 r. do 4,2 proc. z 4,0 proc., w 2020 r. utrzyma\u0142a szacunek na poziomie 3,5 proc., a na 2021 r. podwy\u017cszy\u0142a do 3,0 proc. do 2,8 proc. &#8211; wynika z poniedzia\u0142kowego raportu banku. Agencja prognozuje brak zmian st\u00f3p proc. w Polsce do ko\u0144ca 2021 r. Za [&hellip;]<\/p>\n","protected":false},"author":2,"featured_media":838,"comment_status":"open","ping_status":"open","sticky":false,"template":"","format":"standard","meta":{"footnotes":""},"categories":[1],"tags":[],"class_list":["post-837","post","type-post","status-publish","format-standard","has-post-thumbnail","hentry","category-wiadomosci-finansowe"],"yoast_head":"<!-- This site is optimized with the Yoast SEO plugin v27.4 - https:\/\/yoast.com\/product\/yoast-seo-wordpress\/ -->\n<title>Fitch podwy\u017csza szacunek PKB Polski na &#039;19 do 4,2 proc. - Super News<\/title>\n<meta name=\"robots\" content=\"index, follow, max-snippet:-1, max-image-preview:large, max-video-preview:-1\" \/>\n<link rel=\"canonical\" href=\"https:\/\/super-news.info\/pl\/fitch-podwyzsza-szacunek-pkb-polski-na-19-do-42-proc\/\" \/>\n<meta property=\"og:locale\" content=\"pl_PL\" \/>\n<meta property=\"og:type\" content=\"article\" \/>\n<meta property=\"og:title\" content=\"Fitch podwy\u017csza szacunek PKB Polski na &#039;19 do 4,2 proc. - Super News\" \/>\n<meta property=\"og:description\" content=\"Agencja Fitch podwy\u017cszy\u0142a prognoz\u0119 wzrostu PKB Polski w 2019 r. do 4,2 proc. z 4,0 proc., w 2020 r. utrzyma\u0142a szacunek na poziomie 3,5 proc., a na 2021 r. podwy\u017cszy\u0142a do 3,0 proc. do 2,8 proc. &#8211; wynika z poniedzia\u0142kowego raportu banku. Agencja prognozuje brak zmian st\u00f3p proc. w Polsce do ko\u0144ca 2021 r. Za [&hellip;]\" \/>\n<meta property=\"og:url\" content=\"https:\/\/super-news.info\/pl\/fitch-podwyzsza-szacunek-pkb-polski-na-19-do-42-proc\/\" \/>\n<meta property=\"og:site_name\" content=\"Super News\" \/>\n<meta property=\"article:published_time\" content=\"2019-06-17T13:49:57+00:00\" \/>\n<meta property=\"article:modified_time\" content=\"2020-02-20T10:59:29+00:00\" \/>\n<meta property=\"og:image\" content=\"https:\/\/super-news.info\/pl\/wp-content\/uploads\/sites\/6\/2019\/06\/Fitch-podwy\u017csza-szacunek-PKB-Polski-na-19-do-42-proc.jpg\" \/>\n\t<meta property=\"og:image:width\" content=\"645\" \/>\n\t<meta property=\"og:image:height\" content=\"387\" \/>\n\t<meta property=\"og:image:type\" content=\"image\/jpeg\" \/>\n<meta name=\"author\" content=\"super-news\" \/>\n<meta name=\"twitter:card\" content=\"summary_large_image\" \/>\n<meta name=\"twitter:label1\" content=\"Napisane przez\" \/>\n\t<meta name=\"twitter:data1\" content=\"super-news\" \/>\n\t<meta name=\"twitter:label2\" content=\"Szacowany czas czytania\" \/>\n\t<meta name=\"twitter:data2\" content=\"1 minuta\" \/>\n<script type=\"application\/ld+json\" class=\"yoast-schema-graph\">{\"@context\":\"https:\\\/\\\/schema.org\",\"@graph\":[{\"@type\":\"Article\",\"@id\":\"https:\\\/\\\/super-news.info\\\/pl\\\/fitch-podwyzsza-szacunek-pkb-polski-na-19-do-42-proc\\\/#article\",\"isPartOf\":{\"@id\":\"https:\\\/\\\/super-news.info\\\/pl\\\/fitch-podwyzsza-szacunek-pkb-polski-na-19-do-42-proc\\\/\"},\"author\":{\"name\":\"super-news\",\"@id\":\"https:\\\/\\\/super-news.info\\\/pl\\\/#\\\/schema\\\/person\\\/2d4068cb2f39cd10008c2fce578a7356\"},\"headline\":\"Fitch podwy\u017csza szacunek PKB Polski na &#8217;19 do 4,2 proc.\",\"datePublished\":\"2019-06-17T13:49:57+00:00\",\"dateModified\":\"2020-02-20T10:59:29+00:00\",\"mainEntityOfPage\":{\"@id\":\"https:\\\/\\\/super-news.info\\\/pl\\\/fitch-podwyzsza-szacunek-pkb-polski-na-19-do-42-proc\\\/\"},\"wordCount\":245,\"commentCount\":0,\"image\":{\"@id\":\"https:\\\/\\\/super-news.info\\\/pl\\\/fitch-podwyzsza-szacunek-pkb-polski-na-19-do-42-proc\\\/#primaryimage\"},\"thumbnailUrl\":\"https:\\\/\\\/super-news.info\\\/pl\\\/wp-content\\\/uploads\\\/sites\\\/6\\\/2019\\\/06\\\/Fitch-podwy\u017csza-szacunek-PKB-Polski-na-19-do-42-proc.jpg\",\"articleSection\":[\"WIADOMO\u015aCI FINANSOWE\"],\"inLanguage\":\"pl-PL\",\"potentialAction\":[{\"@type\":\"CommentAction\",\"name\":\"Comment\",\"target\":[\"https:\\\/\\\/super-news.info\\\/pl\\\/fitch-podwyzsza-szacunek-pkb-polski-na-19-do-42-proc\\\/#respond\"]}]},{\"@type\":\"WebPage\",\"@id\":\"https:\\\/\\\/super-news.info\\\/pl\\\/fitch-podwyzsza-szacunek-pkb-polski-na-19-do-42-proc\\\/\",\"url\":\"https:\\\/\\\/super-news.info\\\/pl\\\/fitch-podwyzsza-szacunek-pkb-polski-na-19-do-42-proc\\\/\",\"name\":\"Fitch podwy\u017csza szacunek PKB Polski na '19 do 4,2 proc. - Super News\",\"isPartOf\":{\"@id\":\"https:\\\/\\\/super-news.info\\\/pl\\\/#website\"},\"primaryImageOfPage\":{\"@id\":\"https:\\\/\\\/super-news.info\\\/pl\\\/fitch-podwyzsza-szacunek-pkb-polski-na-19-do-42-proc\\\/#primaryimage\"},\"image\":{\"@id\":\"https:\\\/\\\/super-news.info\\\/pl\\\/fitch-podwyzsza-szacunek-pkb-polski-na-19-do-42-proc\\\/#primaryimage\"},\"thumbnailUrl\":\"https:\\\/\\\/super-news.info\\\/pl\\\/wp-content\\\/uploads\\\/sites\\\/6\\\/2019\\\/06\\\/Fitch-podwy\u017csza-szacunek-PKB-Polski-na-19-do-42-proc.jpg\",\"datePublished\":\"2019-06-17T13:49:57+00:00\",\"dateModified\":\"2020-02-20T10:59:29+00:00\",\"author\":{\"@id\":\"https:\\\/\\\/super-news.info\\\/pl\\\/#\\\/schema\\\/person\\\/2d4068cb2f39cd10008c2fce578a7356\"},\"breadcrumb\":{\"@id\":\"https:\\\/\\\/super-news.info\\\/pl\\\/fitch-podwyzsza-szacunek-pkb-polski-na-19-do-42-proc\\\/#breadcrumb\"},\"inLanguage\":\"pl-PL\",\"potentialAction\":[{\"@type\":\"ReadAction\",\"target\":[\"https:\\\/\\\/super-news.info\\\/pl\\\/fitch-podwyzsza-szacunek-pkb-polski-na-19-do-42-proc\\\/\"]}]},{\"@type\":\"ImageObject\",\"inLanguage\":\"pl-PL\",\"@id\":\"https:\\\/\\\/super-news.info\\\/pl\\\/fitch-podwyzsza-szacunek-pkb-polski-na-19-do-42-proc\\\/#primaryimage\",\"url\":\"https:\\\/\\\/super-news.info\\\/pl\\\/wp-content\\\/uploads\\\/sites\\\/6\\\/2019\\\/06\\\/Fitch-podwy\u017csza-szacunek-PKB-Polski-na-19-do-42-proc.jpg\",\"contentUrl\":\"https:\\\/\\\/super-news.info\\\/pl\\\/wp-content\\\/uploads\\\/sites\\\/6\\\/2019\\\/06\\\/Fitch-podwy\u017csza-szacunek-PKB-Polski-na-19-do-42-proc.jpg\",\"width\":645,\"height\":387,\"caption\":\"Fitch podwy\u017csza szacunek PKB Polski na '19 do 4,2 proc.\"},{\"@type\":\"BreadcrumbList\",\"@id\":\"https:\\\/\\\/super-news.info\\\/pl\\\/fitch-podwyzsza-szacunek-pkb-polski-na-19-do-42-proc\\\/#breadcrumb\",\"itemListElement\":[{\"@type\":\"ListItem\",\"position\":1,\"name\":\"\u0413\u043b\u0430\u0432\u043d\u0430\u044f \u0441\u0442\u0440\u0430\u043d\u0438\u0446\u0430\",\"item\":\"https:\\\/\\\/super-news.info\\\/pl\\\/\"},{\"@type\":\"ListItem\",\"position\":2,\"name\":\"Fitch podwy\u017csza szacunek PKB Polski na &#8217;19 do 4,2 proc.\"}]},{\"@type\":\"WebSite\",\"@id\":\"https:\\\/\\\/super-news.info\\\/pl\\\/#website\",\"url\":\"https:\\\/\\\/super-news.info\\\/pl\\\/\",\"name\":\"Super News\",\"description\":\"Super News Polska\",\"potentialAction\":[{\"@type\":\"SearchAction\",\"target\":{\"@type\":\"EntryPoint\",\"urlTemplate\":\"https:\\\/\\\/super-news.info\\\/pl\\\/?s={search_term_string}\"},\"query-input\":{\"@type\":\"PropertyValueSpecification\",\"valueRequired\":true,\"valueName\":\"search_term_string\"}}],\"inLanguage\":\"pl-PL\"},{\"@type\":\"Person\",\"@id\":\"https:\\\/\\\/super-news.info\\\/pl\\\/#\\\/schema\\\/person\\\/2d4068cb2f39cd10008c2fce578a7356\",\"name\":\"super-news\",\"image\":{\"@type\":\"ImageObject\",\"inLanguage\":\"pl-PL\",\"@id\":\"https:\\\/\\\/secure.gravatar.com\\\/avatar\\\/64ebac40b93f26a154f8a9b5b6fdccfc46f442b26b3dd6756dbff3bf9dc76fd7?s=96&d=mm&r=g\",\"url\":\"https:\\\/\\\/secure.gravatar.com\\\/avatar\\\/64ebac40b93f26a154f8a9b5b6fdccfc46f442b26b3dd6756dbff3bf9dc76fd7?s=96&d=mm&r=g\",\"contentUrl\":\"https:\\\/\\\/secure.gravatar.com\\\/avatar\\\/64ebac40b93f26a154f8a9b5b6fdccfc46f442b26b3dd6756dbff3bf9dc76fd7?s=96&d=mm&r=g\",\"caption\":\"super-news\"},\"url\":\"https:\\\/\\\/super-news.info\\\/pl\\\/author\\\/pt\\\/\"}]}<\/script>\n<!-- \/ Yoast SEO plugin. -->","yoast_head_json":{"title":"Fitch podwy\u017csza szacunek PKB Polski na '19 do 4,2 proc. - Super News","robots":{"index":"index","follow":"follow","max-snippet":"max-snippet:-1","max-image-preview":"max-image-preview:large","max-video-preview":"max-video-preview:-1"},"canonical":"https:\/\/super-news.info\/pl\/fitch-podwyzsza-szacunek-pkb-polski-na-19-do-42-proc\/","og_locale":"pl_PL","og_type":"article","og_title":"Fitch podwy\u017csza szacunek PKB Polski na '19 do 4,2 proc. - Super News","og_description":"Agencja Fitch podwy\u017cszy\u0142a prognoz\u0119 wzrostu PKB Polski w 2019 r. do 4,2 proc. z 4,0 proc., w 2020 r. utrzyma\u0142a szacunek na poziomie 3,5 proc., a na 2021 r. podwy\u017cszy\u0142a do 3,0 proc. do 2,8 proc. &#8211; wynika z poniedzia\u0142kowego raportu banku. Agencja prognozuje brak zmian st\u00f3p proc. w Polsce do ko\u0144ca 2021 r. Za [&hellip;]","og_url":"https:\/\/super-news.info\/pl\/fitch-podwyzsza-szacunek-pkb-polski-na-19-do-42-proc\/","og_site_name":"Super News","article_published_time":"2019-06-17T13:49:57+00:00","article_modified_time":"2020-02-20T10:59:29+00:00","og_image":[{"width":645,"height":387,"url":"https:\/\/super-news.info\/pl\/wp-content\/uploads\/sites\/6\/2019\/06\/Fitch-podwy\u017csza-szacunek-PKB-Polski-na-19-do-42-proc.jpg","type":"image\/jpeg"}],"author":"super-news","twitter_card":"summary_large_image","twitter_misc":{"Napisane przez":"super-news","Szacowany czas czytania":"1 minuta"},"schema":{"@context":"https:\/\/schema.org","@graph":[{"@type":"Article","@id":"https:\/\/super-news.info\/pl\/fitch-podwyzsza-szacunek-pkb-polski-na-19-do-42-proc\/#article","isPartOf":{"@id":"https:\/\/super-news.info\/pl\/fitch-podwyzsza-szacunek-pkb-polski-na-19-do-42-proc\/"},"author":{"name":"super-news","@id":"https:\/\/super-news.info\/pl\/#\/schema\/person\/2d4068cb2f39cd10008c2fce578a7356"},"headline":"Fitch podwy\u017csza szacunek PKB Polski na &#8217;19 do 4,2 proc.","datePublished":"2019-06-17T13:49:57+00:00","dateModified":"2020-02-20T10:59:29+00:00","mainEntityOfPage":{"@id":"https:\/\/super-news.info\/pl\/fitch-podwyzsza-szacunek-pkb-polski-na-19-do-42-proc\/"},"wordCount":245,"commentCount":0,"image":{"@id":"https:\/\/super-news.info\/pl\/fitch-podwyzsza-szacunek-pkb-polski-na-19-do-42-proc\/#primaryimage"},"thumbnailUrl":"https:\/\/super-news.info\/pl\/wp-content\/uploads\/sites\/6\/2019\/06\/Fitch-podwy\u017csza-szacunek-PKB-Polski-na-19-do-42-proc.jpg","articleSection":["WIADOMO\u015aCI FINANSOWE"],"inLanguage":"pl-PL","potentialAction":[{"@type":"CommentAction","name":"Comment","target":["https:\/\/super-news.info\/pl\/fitch-podwyzsza-szacunek-pkb-polski-na-19-do-42-proc\/#respond"]}]},{"@type":"WebPage","@id":"https:\/\/super-news.info\/pl\/fitch-podwyzsza-szacunek-pkb-polski-na-19-do-42-proc\/","url":"https:\/\/super-news.info\/pl\/fitch-podwyzsza-szacunek-pkb-polski-na-19-do-42-proc\/","name":"Fitch podwy\u017csza szacunek PKB Polski na '19 do 4,2 proc. - Super News","isPartOf":{"@id":"https:\/\/super-news.info\/pl\/#website"},"primaryImageOfPage":{"@id":"https:\/\/super-news.info\/pl\/fitch-podwyzsza-szacunek-pkb-polski-na-19-do-42-proc\/#primaryimage"},"image":{"@id":"https:\/\/super-news.info\/pl\/fitch-podwyzsza-szacunek-pkb-polski-na-19-do-42-proc\/#primaryimage"},"thumbnailUrl":"https:\/\/super-news.info\/pl\/wp-content\/uploads\/sites\/6\/2019\/06\/Fitch-podwy\u017csza-szacunek-PKB-Polski-na-19-do-42-proc.jpg","datePublished":"2019-06-17T13:49:57+00:00","dateModified":"2020-02-20T10:59:29+00:00","author":{"@id":"https:\/\/super-news.info\/pl\/#\/schema\/person\/2d4068cb2f39cd10008c2fce578a7356"},"breadcrumb":{"@id":"https:\/\/super-news.info\/pl\/fitch-podwyzsza-szacunek-pkb-polski-na-19-do-42-proc\/#breadcrumb"},"inLanguage":"pl-PL","potentialAction":[{"@type":"ReadAction","target":["https:\/\/super-news.info\/pl\/fitch-podwyzsza-szacunek-pkb-polski-na-19-do-42-proc\/"]}]},{"@type":"ImageObject","inLanguage":"pl-PL","@id":"https:\/\/super-news.info\/pl\/fitch-podwyzsza-szacunek-pkb-polski-na-19-do-42-proc\/#primaryimage","url":"https:\/\/super-news.info\/pl\/wp-content\/uploads\/sites\/6\/2019\/06\/Fitch-podwy\u017csza-szacunek-PKB-Polski-na-19-do-42-proc.jpg","contentUrl":"https:\/\/super-news.info\/pl\/wp-content\/uploads\/sites\/6\/2019\/06\/Fitch-podwy\u017csza-szacunek-PKB-Polski-na-19-do-42-proc.jpg","width":645,"height":387,"caption":"Fitch podwy\u017csza szacunek PKB Polski na '19 do 4,2 proc."},{"@type":"BreadcrumbList","@id":"https:\/\/super-news.info\/pl\/fitch-podwyzsza-szacunek-pkb-polski-na-19-do-42-proc\/#breadcrumb","itemListElement":[{"@type":"ListItem","position":1,"name":"\u0413\u043b\u0430\u0432\u043d\u0430\u044f \u0441\u0442\u0440\u0430\u043d\u0438\u0446\u0430","item":"https:\/\/super-news.info\/pl\/"},{"@type":"ListItem","position":2,"name":"Fitch podwy\u017csza szacunek PKB Polski na &#8217;19 do 4,2 proc."}]},{"@type":"WebSite","@id":"https:\/\/super-news.info\/pl\/#website","url":"https:\/\/super-news.info\/pl\/","name":"Super News","description":"Super News Polska","potentialAction":[{"@type":"SearchAction","target":{"@type":"EntryPoint","urlTemplate":"https:\/\/super-news.info\/pl\/?s={search_term_string}"},"query-input":{"@type":"PropertyValueSpecification","valueRequired":true,"valueName":"search_term_string"}}],"inLanguage":"pl-PL"},{"@type":"Person","@id":"https:\/\/super-news.info\/pl\/#\/schema\/person\/2d4068cb2f39cd10008c2fce578a7356","name":"super-news","image":{"@type":"ImageObject","inLanguage":"pl-PL","@id":"https:\/\/secure.gravatar.com\/avatar\/64ebac40b93f26a154f8a9b5b6fdccfc46f442b26b3dd6756dbff3bf9dc76fd7?s=96&d=mm&r=g","url":"https:\/\/secure.gravatar.com\/avatar\/64ebac40b93f26a154f8a9b5b6fdccfc46f442b26b3dd6756dbff3bf9dc76fd7?s=96&d=mm&r=g","contentUrl":"https:\/\/secure.gravatar.com\/avatar\/64ebac40b93f26a154f8a9b5b6fdccfc46f442b26b3dd6756dbff3bf9dc76fd7?s=96&d=mm&r=g","caption":"super-news"},"url":"https:\/\/super-news.info\/pl\/author\/pt\/"}]}},"_links":{"self":[{"href":"https:\/\/super-news.info\/pl\/wp-json\/wp\/v2\/posts\/837","targetHints":{"allow":["GET"]}}],"collection":[{"href":"https:\/\/super-news.info\/pl\/wp-json\/wp\/v2\/posts"}],"about":[{"href":"https:\/\/super-news.info\/pl\/wp-json\/wp\/v2\/types\/post"}],"author":[{"embeddable":true,"href":"https:\/\/super-news.info\/pl\/wp-json\/wp\/v2\/users\/2"}],"replies":[{"embeddable":true,"href":"https:\/\/super-news.info\/pl\/wp-json\/wp\/v2\/comments?post=837"}],"version-history":[{"count":3,"href":"https:\/\/super-news.info\/pl\/wp-json\/wp\/v2\/posts\/837\/revisions"}],"predecessor-version":[{"id":2326,"href":"https:\/\/super-news.info\/pl\/wp-json\/wp\/v2\/posts\/837\/revisions\/2326"}],"wp:featuredmedia":[{"embeddable":true,"href":"https:\/\/super-news.info\/pl\/wp-json\/wp\/v2\/media\/838"}],"wp:attachment":[{"href":"https:\/\/super-news.info\/pl\/wp-json\/wp\/v2\/media?parent=837"}],"wp:term":[{"taxonomy":"category","embeddable":true,"href":"https:\/\/super-news.info\/pl\/wp-json\/wp\/v2\/categories?post=837"},{"taxonomy":"post_tag","embeddable":true,"href":"https:\/\/super-news.info\/pl\/wp-json\/wp\/v2\/tags?post=837"}],"curies":[{"name":"wp","href":"https:\/\/api.w.org\/{rel}","templated":true}]}}