{"id":80,"date":"2019-04-09T21:37:18","date_gmt":"2019-04-09T18:37:18","guid":{"rendered":"https:\/\/super-news.info\/pl\/wiadomosci-marketingowe\/ponad-60-proc-polakow-nie-przeczytalo-w-ubieglym-roku-zadnej-ksiazki-czytelnictwo-biblioteka-narodowa\/"},"modified":"2019-04-09T21:37:19","modified_gmt":"2019-04-09T18:37:19","slug":"ponad-60-proc-polakow-nie-przeczytalo-w-ubieglym-roku-zadnej-ksiazki-czytelnictwo-biblioteka-narodowa","status":"publish","type":"post","link":"https:\/\/super-news.info\/pl\/ponad-60-proc-polakow-nie-przeczytalo-w-ubieglym-roku-zadnej-ksiazki-czytelnictwo-biblioteka-narodowa\/","title":{"rendered":"Ponad 60 proc. Polak\u00f3w nie przeczyta\u0142o w ubieg\u0142ym roku \u017cadnej ksi\u0105\u017cki czytelnictwo Biblioteka Narodowa"},"content":{"rendered":"<p> [ad_1]<br \/>\n<\/p>\n<div id=\"\">\n<p>Systematycznie spada odsetek Polak\u00f3w, kt\u00f3rzy czytaj\u0105 ksi\u0105\u017cki. Wed\u0142ug najnowszych, wst\u0119pnych bada\u0144 Biblioteki Narodowej,<strong> w 2018 roku 37 proc. Polak\u00f3w przeczyta\u0142o przynajmniej jedn\u0105 ksi\u0105\u017ck\u0119, to o jeden punkt procentowy mniej ni\u017c w 2017.\u00a0 Ponad 60 proc. nie przeczyta\u0142o ani jednej ksi\u0105\u017cki. <\/strong><\/p>\n<p>&#13;<br \/>\n&#13;<\/p>\n<p>&#8211; To, \u017ce zainteresowanie czytaniem ksi\u0105\u017cek nie ro\u015bnie, ma zapewne wiele przyczyn; nale\u017c\u0105 do nich m.in. style \u017cycia i sposoby sp\u0119dzania czasu wolnego, popularyzacja rozrywki cyfrowej, niewielkie prze\u0142o\u017cenie czytania ksi\u0105\u017cek w doros\u0142ym \u017cyciu na powodzenie na rynku pracy, a tak\u017ce fakt, \u017ce za spraw\u0105 przemian w dziedzinie technologii komunikacji ksi\u0105\u017cki nie s\u0105 dzi\u015b jedynym \u017ar\u00f3d\u0142em wiedzy i informacji &#8211; wskazuj\u0105 autorzy badania.<\/p>\n<p>&#13;<br \/>\n&#13;<\/p>\n<p>&#13;<br \/>\n&#13;<\/p>\n<p>13 proc. ankietowanych wskaza\u0142o, \u017ce bardzo nie lubi czyta\u0107 ksi\u0105\u017cek. Na drugim biegunie jest 15 proc. badanych, kt\u00f3rzy s\u0105 mi\u0142o\u015bnikami literatury. Oboj\u0119tny stosunek do czytelnictwa ksi\u0105\u017cek wykaza\u0142 prawie co czwarty badany (24 proc.).<\/p>\n<p>&#13;<br \/>\n&#13;<\/p>\n<p>Najwi\u0119cej os\u00f3b nie czytaj\u0105cych ksi\u0105\u017cek ma powy\u017cej 60 lat (67 proc.). Im m\u0142odsza grupa wiekowa, tym ni\u017cszy odsetek os\u00f3b, kt\u00f3re nie czytaj\u0105. W grupie 40-59 lat wynosi on 62 proc., w grupie 25-39 lat 58 proc., a w\u015br\u00f3d os\u00f3b 15-24 lata ju\u017c tylko 45 proc.<\/p>\n<p>&#13;<br \/>\n&#13;<\/p>\n<p><span style=\"font-size:20px;\"><strong>Wi\u0119cej ksi\u0105\u017cek kupujemy ni\u017c wypo\u017cyczamy<\/strong><\/span><\/p>\n<p>&#13;<br \/>\n&#13;<\/p>\n<p>Uczestnik\u00f3w badania pytano tak\u017ce, jak zdobywaj\u0105 ksi\u0105\u017cki. W 2018 roku wzros\u0142o znaczenie zakup\u00f3w ksi\u0105\u017ckowych. &#8211; Oznacza to, \u017ce zmieniaj\u0105 si\u0119 oczekiwania i nawyki czytelnik\u00f3w \u2013 ro\u015bnie znaczenie nowo\u015bci wydawniczych, a czytelnicy s\u0105 w wi\u0119kszym stopniu sk\u0142onni kupi\u0107 interesuj\u0105ce ich ksi\u0105\u017cki zamiast czeka\u0107 a\u017c przeczytaj\u0105 je znajomi lub si\u0119ga\u0107 po starsze tytu\u0142y obecne w domowych ksi\u0119gozbiorach &#8211; czytamy w raporcie.<\/p>\n<p>&#13;<br \/>\n&#13;<\/p>\n<p><img decoding=\"async\" alt=\"\" src=\"https:\/\/super-news.info\/pl\/wp-content\/uploads\/sites\/6\/2019\/04\/1554835038_313_Ponad-60-proc.-Polakow-nie-przeczytalo-w-ubieglym-roku-zadnej.png\" style=\"width: 650px; height: 383px;\"\/><\/p>\n<p>&#13;<br \/>\n&#13;<\/p>\n<p><span style=\"font-size:20px;\"><strong>Posiadanie ksi\u0105\u017cek nie jest powszechne<\/strong><\/span><\/p>\n<p>&#13;<br \/>\n&#13;<\/p>\n<p>28 proc. respondent\u00f3w w pr\u00f3bie og\u00f3lnopolskiej przyzna\u0142o, \u017ce w ich domach nie ma \u017cadnych ksi\u0105\u017cek lub s\u0105 tylko podr\u0119czniki szkolne. E-booki posiada zaledwie 5 proc. co najmniej pi\u0119tnastoletnich Polak\u00f3w, w pr\u00f3bie celowej czytelnik\u00f3w takich os\u00f3b jest przesz\u0142o jedna czwarta.<\/p>\n<p>&#13;<br \/>\n&#13;<\/p>\n<p><img decoding=\"async\" alt=\"\" src=\"https:\/\/super-news.info\/pl\/wp-content\/uploads\/sites\/6\/2019\/04\/1554835038_250_Ponad-60-proc.-Polakow-nie-przeczytalo-w-ubieglym-roku-zadnej.png\" style=\"width: 637px; height: 267px;\"\/><\/p>\n<p>&#13;<br \/>\n&#13;<\/p>\n<p><span style=\"font-size:20px;\"><strong>Ma\u0142o ksi\u0105\u017cek w domowej bibliotece<\/strong><\/span><\/p>\n<p>&#13;<br \/>\n&#13;<\/p>\n<p>59 proc. badanych posiada do 50 wolumin\u00f3w (oko\u0142o dwie p\u00f3\u0142ki ksi\u0105\u017cek), 80 proc. \u2013 nie wi\u0119cej ni\u017c 100 ksi\u0105\u017cek. Tylko 4 proc. badanych z pr\u00f3by celowej czytelnik\u00f3w ma w domu wi\u0119cej ni\u017c 1000 ksi\u0105\u017cek.<\/p>\n<p>&#13;<br \/>\n&#13;<\/p>\n<p><img decoding=\"async\" alt=\"\" src=\"https:\/\/super-news.info\/pl\/wp-content\/uploads\/sites\/6\/2019\/04\/1554835038_837_Ponad-60-proc.-Polakow-nie-przeczytalo-w-ubieglym-roku-zadnej.png\" style=\"width: 649px; height: 387px;\"\/><\/p>\n<p>&#13;<br \/>\n&#13;<\/p>\n<p><span style=\"font-size:20px;\"><strong>Czytelnicy ksi\u0105\u017cek drukowanych a e-booki<\/strong><\/span><\/p>\n<p>&#13;<br \/>\n&#13;<\/p>\n<p>Ksi\u0105\u017cki w formie e-book\u00f3w wci\u0105\u017c nie ciesz\u0105 si\u0119 du\u017c\u0105 popularno\u015bci\u0105. W badaniu Biblioteki Narodowej<strong> tylko 3 proc. badanych z pr\u00f3by og\u00f3lnopolskiej zadeklarowa\u0142o, \u017ce czyta\u0142o co najmniej jednego e-booka.\u00a0<\/strong> W celowej pr\u00f3bie czytelnik\u00f3w, czytanie ksi\u0105\u017cek w formacie e-booka zadeklarowa\u0142 niemal co drugi badany.<\/p>\n<p>&#13;<br \/>\n&#13;<\/p>\n<p>Jak wskazuj\u0105 autorzy badania, e-booki czyta si\u0119 przede wszystkim na ekranach komputer\u00f3w, zw\u0142aszcza laptop\u00f3w, i telefon\u00f3w kom\u00f3rkowych. &#8211; Mo\u017cna domniemywa\u0107, \u017ce wysoka pozycja komputera w tej dziedzinie wynika z praktyki czytania przy okazji albo w przerwie innych zaj\u0119\u0107, m.in. tych zwi\u0105zanych z prac\u0105 &#8211; oceniaj\u0105 autorzy opracowania.<\/p>\n<p>&#13;<br \/>\n&#13;<\/p>\n<p><em>Badanie zrealizowa\u0142a w terenie firma Kantar Public na og\u00f3lnopolskiej pr\u00f3bie reprezentatywnej 2076 respondent\u00f3w w wieku co najmniej 15 lat metod\u0105 CAPI (Computer Assisted Personal Interview) oraz na celowej pr\u00f3bie 1660 czytelnik\u00f3w ksi\u0105\u017cek metod\u0105 CAWI (Computer Assisted Web Interview). Poszerzona pr\u00f3ba czytelnik\u00f3w ksi\u0105\u017cek umo\u017cliwi\u0142a pog\u0142\u0119bion\u0105 analiz\u0119 wybor\u00f3w i preferencji lekturowych oraz spo\u0142ecznego obiegu ksi\u0105\u017cki w r\u00f3\u017cnych grupach spo\u0142eczno-demograficznych. <\/em><\/p>\n<p>&#13;<br \/>\n                            &#13;<br \/>\n&#13;<br \/>\n                            &#13;<br \/>\n&#13;<br \/>\n&#13;<br \/>\n&#13;<br \/>\n&#13;<br \/>\n&#13;<br \/>\n                            &#13;<br \/>\n                                                            &#13;<br \/>\n&#13;<br \/>\n                            &#13;\n                        <\/p><\/div>\n<p><script>(function (d, s, id) {\n        var js, fjs = d.getElementsByTagName(s)[0];\n        if (d.getElementById(id)) return;\n        js = d.createElement(s);\n        js.id = id;\n        js.src = \"http:\/\/connect.facebook.net\/pl_PL\/sdk.js#xfbml=1&version=v2.6&appId=297996717062470\";\n        fjs.parentNode.insertBefore(js, fjs);\n    }(document, 'script', 'facebook-jssdk'));<\/script><br \/>\n<br \/>[ad_2]<br \/>\n<br \/><a href=\"https:\/\/www.wirtualnemedia.pl\/artykul\/ponad-60-proc-polakow-nie-przeczytalo-w-ubieglym-roku-zadnej-ksiazki-czytelnictwo-biblioteka-narodowa\">Source link <\/a><\/p>\n","protected":false},"excerpt":{"rendered":"<p>[ad_1] Systematycznie spada odsetek Polak\u00f3w, kt\u00f3rzy czytaj\u0105 ksi\u0105\u017cki. Wed\u0142ug najnowszych, wst\u0119pnych bada\u0144 Biblioteki Narodowej, w 2018 roku 37 proc. Polak\u00f3w przeczyta\u0142o przynajmniej jedn\u0105 ksi\u0105\u017ck\u0119, to o jeden punkt procentowy mniej ni\u017c w 2017.\u00a0 Ponad 60 proc. nie przeczyta\u0142o ani jednej ksi\u0105\u017cki. &#13; &#13; &#8211; To, \u017ce zainteresowanie czytaniem ksi\u0105\u017cek nie ro\u015bnie, ma zapewne wiele przyczyn; [&hellip;]<\/p>\n","protected":false},"author":2,"featured_media":81,"comment_status":"open","ping_status":"open","sticky":false,"template":"","format":"standard","meta":{"footnotes":""},"categories":[3],"tags":[],"class_list":["post-80","post","type-post","status-publish","format-standard","has-post-thumbnail","hentry","category-wiadomosci-marketingowe"],"yoast_head":"<!-- This site is optimized with the Yoast SEO plugin v27.4 - https:\/\/yoast.com\/product\/yoast-seo-wordpress\/ -->\n<title>Ponad 60 proc. Polak\u00f3w nie przeczyta\u0142o w ubieg\u0142ym roku \u017cadnej ksi\u0105\u017cki czytelnictwo Biblioteka Narodowa - Super News<\/title>\n<meta name=\"robots\" content=\"index, follow, max-snippet:-1, max-image-preview:large, max-video-preview:-1\" \/>\n<link rel=\"canonical\" href=\"https:\/\/super-news.info\/pl\/ponad-60-proc-polakow-nie-przeczytalo-w-ubieglym-roku-zadnej-ksiazki-czytelnictwo-biblioteka-narodowa\/\" \/>\n<meta property=\"og:locale\" content=\"pl_PL\" \/>\n<meta property=\"og:type\" content=\"article\" \/>\n<meta property=\"og:title\" content=\"Ponad 60 proc. Polak\u00f3w nie przeczyta\u0142o w ubieg\u0142ym roku \u017cadnej ksi\u0105\u017cki czytelnictwo Biblioteka Narodowa - Super News\" \/>\n<meta property=\"og:description\" content=\"[ad_1] Systematycznie spada odsetek Polak\u00f3w, kt\u00f3rzy czytaj\u0105 ksi\u0105\u017cki. Wed\u0142ug najnowszych, wst\u0119pnych bada\u0144 Biblioteki Narodowej, w 2018 roku 37 proc. Polak\u00f3w przeczyta\u0142o przynajmniej jedn\u0105 ksi\u0105\u017ck\u0119, to o jeden punkt procentowy mniej ni\u017c w 2017.\u00a0 Ponad 60 proc. nie przeczyta\u0142o ani jednej ksi\u0105\u017cki. &#013; &#013; &#8211; To, \u017ce zainteresowanie czytaniem ksi\u0105\u017cek nie ro\u015bnie, ma zapewne wiele przyczyn; [&hellip;]\" \/>\n<meta property=\"og:url\" content=\"https:\/\/super-news.info\/pl\/ponad-60-proc-polakow-nie-przeczytalo-w-ubieglym-roku-zadnej-ksiazki-czytelnictwo-biblioteka-narodowa\/\" \/>\n<meta property=\"og:site_name\" content=\"Super News\" \/>\n<meta property=\"article:published_time\" content=\"2019-04-09T18:37:18+00:00\" \/>\n<meta property=\"article:modified_time\" content=\"2019-04-09T18:37:19+00:00\" \/>\n<meta property=\"og:image\" content=\"https:\/\/super-news.info\/pl\/wp-content\/uploads\/sites\/6\/2019\/04\/Ponad-60-proc.-Polak\u00f3w-nie-przeczyta\u0142o-w-ubieg\u0142ym-roku-\u017cadnej.png\" \/>\n\t<meta property=\"og:image:width\" content=\"635\" \/>\n\t<meta property=\"og:image:height\" content=\"381\" \/>\n\t<meta property=\"og:image:type\" content=\"image\/png\" \/>\n<meta name=\"author\" content=\"super-news\" \/>\n<meta name=\"twitter:card\" content=\"summary_large_image\" \/>\n<meta name=\"twitter:label1\" content=\"Napisane przez\" \/>\n\t<meta name=\"twitter:data1\" content=\"super-news\" \/>\n\t<meta name=\"twitter:label2\" content=\"Szacowany czas czytania\" \/>\n\t<meta name=\"twitter:data2\" content=\"3 minuty\" \/>\n<script type=\"application\/ld+json\" class=\"yoast-schema-graph\">{\"@context\":\"https:\\\/\\\/schema.org\",\"@graph\":[{\"@type\":\"Article\",\"@id\":\"https:\\\/\\\/super-news.info\\\/pl\\\/ponad-60-proc-polakow-nie-przeczytalo-w-ubieglym-roku-zadnej-ksiazki-czytelnictwo-biblioteka-narodowa\\\/#article\",\"isPartOf\":{\"@id\":\"https:\\\/\\\/super-news.info\\\/pl\\\/ponad-60-proc-polakow-nie-przeczytalo-w-ubieglym-roku-zadnej-ksiazki-czytelnictwo-biblioteka-narodowa\\\/\"},\"author\":{\"name\":\"super-news\",\"@id\":\"https:\\\/\\\/super-news.info\\\/pl\\\/#\\\/schema\\\/person\\\/2d4068cb2f39cd10008c2fce578a7356\"},\"headline\":\"Ponad 60 proc. Polak\u00f3w nie przeczyta\u0142o w ubieg\u0142ym roku \u017cadnej ksi\u0105\u017cki czytelnictwo Biblioteka Narodowa\",\"datePublished\":\"2019-04-09T18:37:18+00:00\",\"dateModified\":\"2019-04-09T18:37:19+00:00\",\"mainEntityOfPage\":{\"@id\":\"https:\\\/\\\/super-news.info\\\/pl\\\/ponad-60-proc-polakow-nie-przeczytalo-w-ubieglym-roku-zadnej-ksiazki-czytelnictwo-biblioteka-narodowa\\\/\"},\"wordCount\":594,\"commentCount\":0,\"image\":{\"@id\":\"https:\\\/\\\/super-news.info\\\/pl\\\/ponad-60-proc-polakow-nie-przeczytalo-w-ubieglym-roku-zadnej-ksiazki-czytelnictwo-biblioteka-narodowa\\\/#primaryimage\"},\"thumbnailUrl\":\"https:\\\/\\\/super-news.info\\\/pl\\\/wp-content\\\/uploads\\\/sites\\\/6\\\/2019\\\/04\\\/Ponad-60-proc.-Polak\u00f3w-nie-przeczyta\u0142o-w-ubieg\u0142ym-roku-\u017cadnej.png\",\"articleSection\":[\"WIADOMO\u015aCI MARKETINGOWE\"],\"inLanguage\":\"pl-PL\",\"potentialAction\":[{\"@type\":\"CommentAction\",\"name\":\"Comment\",\"target\":[\"https:\\\/\\\/super-news.info\\\/pl\\\/ponad-60-proc-polakow-nie-przeczytalo-w-ubieglym-roku-zadnej-ksiazki-czytelnictwo-biblioteka-narodowa\\\/#respond\"]}]},{\"@type\":\"WebPage\",\"@id\":\"https:\\\/\\\/super-news.info\\\/pl\\\/ponad-60-proc-polakow-nie-przeczytalo-w-ubieglym-roku-zadnej-ksiazki-czytelnictwo-biblioteka-narodowa\\\/\",\"url\":\"https:\\\/\\\/super-news.info\\\/pl\\\/ponad-60-proc-polakow-nie-przeczytalo-w-ubieglym-roku-zadnej-ksiazki-czytelnictwo-biblioteka-narodowa\\\/\",\"name\":\"Ponad 60 proc. Polak\u00f3w nie przeczyta\u0142o w ubieg\u0142ym roku \u017cadnej ksi\u0105\u017cki czytelnictwo Biblioteka Narodowa - Super News\",\"isPartOf\":{\"@id\":\"https:\\\/\\\/super-news.info\\\/pl\\\/#website\"},\"primaryImageOfPage\":{\"@id\":\"https:\\\/\\\/super-news.info\\\/pl\\\/ponad-60-proc-polakow-nie-przeczytalo-w-ubieglym-roku-zadnej-ksiazki-czytelnictwo-biblioteka-narodowa\\\/#primaryimage\"},\"image\":{\"@id\":\"https:\\\/\\\/super-news.info\\\/pl\\\/ponad-60-proc-polakow-nie-przeczytalo-w-ubieglym-roku-zadnej-ksiazki-czytelnictwo-biblioteka-narodowa\\\/#primaryimage\"},\"thumbnailUrl\":\"https:\\\/\\\/super-news.info\\\/pl\\\/wp-content\\\/uploads\\\/sites\\\/6\\\/2019\\\/04\\\/Ponad-60-proc.-Polak\u00f3w-nie-przeczyta\u0142o-w-ubieg\u0142ym-roku-\u017cadnej.png\",\"datePublished\":\"2019-04-09T18:37:18+00:00\",\"dateModified\":\"2019-04-09T18:37:19+00:00\",\"author\":{\"@id\":\"https:\\\/\\\/super-news.info\\\/pl\\\/#\\\/schema\\\/person\\\/2d4068cb2f39cd10008c2fce578a7356\"},\"breadcrumb\":{\"@id\":\"https:\\\/\\\/super-news.info\\\/pl\\\/ponad-60-proc-polakow-nie-przeczytalo-w-ubieglym-roku-zadnej-ksiazki-czytelnictwo-biblioteka-narodowa\\\/#breadcrumb\"},\"inLanguage\":\"pl-PL\",\"potentialAction\":[{\"@type\":\"ReadAction\",\"target\":[\"https:\\\/\\\/super-news.info\\\/pl\\\/ponad-60-proc-polakow-nie-przeczytalo-w-ubieglym-roku-zadnej-ksiazki-czytelnictwo-biblioteka-narodowa\\\/\"]}]},{\"@type\":\"ImageObject\",\"inLanguage\":\"pl-PL\",\"@id\":\"https:\\\/\\\/super-news.info\\\/pl\\\/ponad-60-proc-polakow-nie-przeczytalo-w-ubieglym-roku-zadnej-ksiazki-czytelnictwo-biblioteka-narodowa\\\/#primaryimage\",\"url\":\"https:\\\/\\\/super-news.info\\\/pl\\\/wp-content\\\/uploads\\\/sites\\\/6\\\/2019\\\/04\\\/Ponad-60-proc.-Polak\u00f3w-nie-przeczyta\u0142o-w-ubieg\u0142ym-roku-\u017cadnej.png\",\"contentUrl\":\"https:\\\/\\\/super-news.info\\\/pl\\\/wp-content\\\/uploads\\\/sites\\\/6\\\/2019\\\/04\\\/Ponad-60-proc.-Polak\u00f3w-nie-przeczyta\u0142o-w-ubieg\u0142ym-roku-\u017cadnej.png\",\"width\":635,\"height\":381,\"caption\":\"Ponad 60 proc. Polak\u00f3w nie przeczyta\u0142o w ubieg\u0142ym roku \u017cadnej ksi\u0105\u017cki czytelnictwo Biblioteka Narodowa\"},{\"@type\":\"BreadcrumbList\",\"@id\":\"https:\\\/\\\/super-news.info\\\/pl\\\/ponad-60-proc-polakow-nie-przeczytalo-w-ubieglym-roku-zadnej-ksiazki-czytelnictwo-biblioteka-narodowa\\\/#breadcrumb\",\"itemListElement\":[{\"@type\":\"ListItem\",\"position\":1,\"name\":\"\u0413\u043b\u0430\u0432\u043d\u0430\u044f \u0441\u0442\u0440\u0430\u043d\u0438\u0446\u0430\",\"item\":\"https:\\\/\\\/super-news.info\\\/pl\\\/\"},{\"@type\":\"ListItem\",\"position\":2,\"name\":\"Ponad 60 proc. Polak\u00f3w nie przeczyta\u0142o w ubieg\u0142ym roku \u017cadnej ksi\u0105\u017cki czytelnictwo Biblioteka Narodowa\"}]},{\"@type\":\"WebSite\",\"@id\":\"https:\\\/\\\/super-news.info\\\/pl\\\/#website\",\"url\":\"https:\\\/\\\/super-news.info\\\/pl\\\/\",\"name\":\"Super News\",\"description\":\"Super News Polska\",\"potentialAction\":[{\"@type\":\"SearchAction\",\"target\":{\"@type\":\"EntryPoint\",\"urlTemplate\":\"https:\\\/\\\/super-news.info\\\/pl\\\/?s={search_term_string}\"},\"query-input\":{\"@type\":\"PropertyValueSpecification\",\"valueRequired\":true,\"valueName\":\"search_term_string\"}}],\"inLanguage\":\"pl-PL\"},{\"@type\":\"Person\",\"@id\":\"https:\\\/\\\/super-news.info\\\/pl\\\/#\\\/schema\\\/person\\\/2d4068cb2f39cd10008c2fce578a7356\",\"name\":\"super-news\",\"image\":{\"@type\":\"ImageObject\",\"inLanguage\":\"pl-PL\",\"@id\":\"https:\\\/\\\/secure.gravatar.com\\\/avatar\\\/64ebac40b93f26a154f8a9b5b6fdccfc46f442b26b3dd6756dbff3bf9dc76fd7?s=96&d=mm&r=g\",\"url\":\"https:\\\/\\\/secure.gravatar.com\\\/avatar\\\/64ebac40b93f26a154f8a9b5b6fdccfc46f442b26b3dd6756dbff3bf9dc76fd7?s=96&d=mm&r=g\",\"contentUrl\":\"https:\\\/\\\/secure.gravatar.com\\\/avatar\\\/64ebac40b93f26a154f8a9b5b6fdccfc46f442b26b3dd6756dbff3bf9dc76fd7?s=96&d=mm&r=g\",\"caption\":\"super-news\"},\"url\":\"https:\\\/\\\/super-news.info\\\/pl\\\/author\\\/pt\\\/\"}]}<\/script>\n<!-- \/ Yoast SEO plugin. -->","yoast_head_json":{"title":"Ponad 60 proc. Polak\u00f3w nie przeczyta\u0142o w ubieg\u0142ym roku \u017cadnej ksi\u0105\u017cki czytelnictwo Biblioteka Narodowa - Super News","robots":{"index":"index","follow":"follow","max-snippet":"max-snippet:-1","max-image-preview":"max-image-preview:large","max-video-preview":"max-video-preview:-1"},"canonical":"https:\/\/super-news.info\/pl\/ponad-60-proc-polakow-nie-przeczytalo-w-ubieglym-roku-zadnej-ksiazki-czytelnictwo-biblioteka-narodowa\/","og_locale":"pl_PL","og_type":"article","og_title":"Ponad 60 proc. Polak\u00f3w nie przeczyta\u0142o w ubieg\u0142ym roku \u017cadnej ksi\u0105\u017cki czytelnictwo Biblioteka Narodowa - Super News","og_description":"[ad_1] Systematycznie spada odsetek Polak\u00f3w, kt\u00f3rzy czytaj\u0105 ksi\u0105\u017cki. Wed\u0142ug najnowszych, wst\u0119pnych bada\u0144 Biblioteki Narodowej, w 2018 roku 37 proc. Polak\u00f3w przeczyta\u0142o przynajmniej jedn\u0105 ksi\u0105\u017ck\u0119, to o jeden punkt procentowy mniej ni\u017c w 2017.\u00a0 Ponad 60 proc. nie przeczyta\u0142o ani jednej ksi\u0105\u017cki. &#13; &#13; &#8211; To, \u017ce zainteresowanie czytaniem ksi\u0105\u017cek nie ro\u015bnie, ma zapewne wiele przyczyn; [&hellip;]","og_url":"https:\/\/super-news.info\/pl\/ponad-60-proc-polakow-nie-przeczytalo-w-ubieglym-roku-zadnej-ksiazki-czytelnictwo-biblioteka-narodowa\/","og_site_name":"Super News","article_published_time":"2019-04-09T18:37:18+00:00","article_modified_time":"2019-04-09T18:37:19+00:00","og_image":[{"width":635,"height":381,"url":"https:\/\/super-news.info\/pl\/wp-content\/uploads\/sites\/6\/2019\/04\/Ponad-60-proc.-Polak\u00f3w-nie-przeczyta\u0142o-w-ubieg\u0142ym-roku-\u017cadnej.png","type":"image\/png"}],"author":"super-news","twitter_card":"summary_large_image","twitter_misc":{"Napisane przez":"super-news","Szacowany czas czytania":"3 minuty"},"schema":{"@context":"https:\/\/schema.org","@graph":[{"@type":"Article","@id":"https:\/\/super-news.info\/pl\/ponad-60-proc-polakow-nie-przeczytalo-w-ubieglym-roku-zadnej-ksiazki-czytelnictwo-biblioteka-narodowa\/#article","isPartOf":{"@id":"https:\/\/super-news.info\/pl\/ponad-60-proc-polakow-nie-przeczytalo-w-ubieglym-roku-zadnej-ksiazki-czytelnictwo-biblioteka-narodowa\/"},"author":{"name":"super-news","@id":"https:\/\/super-news.info\/pl\/#\/schema\/person\/2d4068cb2f39cd10008c2fce578a7356"},"headline":"Ponad 60 proc. Polak\u00f3w nie przeczyta\u0142o w ubieg\u0142ym roku \u017cadnej ksi\u0105\u017cki czytelnictwo Biblioteka Narodowa","datePublished":"2019-04-09T18:37:18+00:00","dateModified":"2019-04-09T18:37:19+00:00","mainEntityOfPage":{"@id":"https:\/\/super-news.info\/pl\/ponad-60-proc-polakow-nie-przeczytalo-w-ubieglym-roku-zadnej-ksiazki-czytelnictwo-biblioteka-narodowa\/"},"wordCount":594,"commentCount":0,"image":{"@id":"https:\/\/super-news.info\/pl\/ponad-60-proc-polakow-nie-przeczytalo-w-ubieglym-roku-zadnej-ksiazki-czytelnictwo-biblioteka-narodowa\/#primaryimage"},"thumbnailUrl":"https:\/\/super-news.info\/pl\/wp-content\/uploads\/sites\/6\/2019\/04\/Ponad-60-proc.-Polak\u00f3w-nie-przeczyta\u0142o-w-ubieg\u0142ym-roku-\u017cadnej.png","articleSection":["WIADOMO\u015aCI MARKETINGOWE"],"inLanguage":"pl-PL","potentialAction":[{"@type":"CommentAction","name":"Comment","target":["https:\/\/super-news.info\/pl\/ponad-60-proc-polakow-nie-przeczytalo-w-ubieglym-roku-zadnej-ksiazki-czytelnictwo-biblioteka-narodowa\/#respond"]}]},{"@type":"WebPage","@id":"https:\/\/super-news.info\/pl\/ponad-60-proc-polakow-nie-przeczytalo-w-ubieglym-roku-zadnej-ksiazki-czytelnictwo-biblioteka-narodowa\/","url":"https:\/\/super-news.info\/pl\/ponad-60-proc-polakow-nie-przeczytalo-w-ubieglym-roku-zadnej-ksiazki-czytelnictwo-biblioteka-narodowa\/","name":"Ponad 60 proc. Polak\u00f3w nie przeczyta\u0142o w ubieg\u0142ym roku \u017cadnej ksi\u0105\u017cki czytelnictwo Biblioteka Narodowa - Super News","isPartOf":{"@id":"https:\/\/super-news.info\/pl\/#website"},"primaryImageOfPage":{"@id":"https:\/\/super-news.info\/pl\/ponad-60-proc-polakow-nie-przeczytalo-w-ubieglym-roku-zadnej-ksiazki-czytelnictwo-biblioteka-narodowa\/#primaryimage"},"image":{"@id":"https:\/\/super-news.info\/pl\/ponad-60-proc-polakow-nie-przeczytalo-w-ubieglym-roku-zadnej-ksiazki-czytelnictwo-biblioteka-narodowa\/#primaryimage"},"thumbnailUrl":"https:\/\/super-news.info\/pl\/wp-content\/uploads\/sites\/6\/2019\/04\/Ponad-60-proc.-Polak\u00f3w-nie-przeczyta\u0142o-w-ubieg\u0142ym-roku-\u017cadnej.png","datePublished":"2019-04-09T18:37:18+00:00","dateModified":"2019-04-09T18:37:19+00:00","author":{"@id":"https:\/\/super-news.info\/pl\/#\/schema\/person\/2d4068cb2f39cd10008c2fce578a7356"},"breadcrumb":{"@id":"https:\/\/super-news.info\/pl\/ponad-60-proc-polakow-nie-przeczytalo-w-ubieglym-roku-zadnej-ksiazki-czytelnictwo-biblioteka-narodowa\/#breadcrumb"},"inLanguage":"pl-PL","potentialAction":[{"@type":"ReadAction","target":["https:\/\/super-news.info\/pl\/ponad-60-proc-polakow-nie-przeczytalo-w-ubieglym-roku-zadnej-ksiazki-czytelnictwo-biblioteka-narodowa\/"]}]},{"@type":"ImageObject","inLanguage":"pl-PL","@id":"https:\/\/super-news.info\/pl\/ponad-60-proc-polakow-nie-przeczytalo-w-ubieglym-roku-zadnej-ksiazki-czytelnictwo-biblioteka-narodowa\/#primaryimage","url":"https:\/\/super-news.info\/pl\/wp-content\/uploads\/sites\/6\/2019\/04\/Ponad-60-proc.-Polak\u00f3w-nie-przeczyta\u0142o-w-ubieg\u0142ym-roku-\u017cadnej.png","contentUrl":"https:\/\/super-news.info\/pl\/wp-content\/uploads\/sites\/6\/2019\/04\/Ponad-60-proc.-Polak\u00f3w-nie-przeczyta\u0142o-w-ubieg\u0142ym-roku-\u017cadnej.png","width":635,"height":381,"caption":"Ponad 60 proc. Polak\u00f3w nie przeczyta\u0142o w ubieg\u0142ym roku \u017cadnej ksi\u0105\u017cki czytelnictwo Biblioteka Narodowa"},{"@type":"BreadcrumbList","@id":"https:\/\/super-news.info\/pl\/ponad-60-proc-polakow-nie-przeczytalo-w-ubieglym-roku-zadnej-ksiazki-czytelnictwo-biblioteka-narodowa\/#breadcrumb","itemListElement":[{"@type":"ListItem","position":1,"name":"\u0413\u043b\u0430\u0432\u043d\u0430\u044f \u0441\u0442\u0440\u0430\u043d\u0438\u0446\u0430","item":"https:\/\/super-news.info\/pl\/"},{"@type":"ListItem","position":2,"name":"Ponad 60 proc. Polak\u00f3w nie przeczyta\u0142o w ubieg\u0142ym roku \u017cadnej ksi\u0105\u017cki czytelnictwo Biblioteka Narodowa"}]},{"@type":"WebSite","@id":"https:\/\/super-news.info\/pl\/#website","url":"https:\/\/super-news.info\/pl\/","name":"Super News","description":"Super News Polska","potentialAction":[{"@type":"SearchAction","target":{"@type":"EntryPoint","urlTemplate":"https:\/\/super-news.info\/pl\/?s={search_term_string}"},"query-input":{"@type":"PropertyValueSpecification","valueRequired":true,"valueName":"search_term_string"}}],"inLanguage":"pl-PL"},{"@type":"Person","@id":"https:\/\/super-news.info\/pl\/#\/schema\/person\/2d4068cb2f39cd10008c2fce578a7356","name":"super-news","image":{"@type":"ImageObject","inLanguage":"pl-PL","@id":"https:\/\/secure.gravatar.com\/avatar\/64ebac40b93f26a154f8a9b5b6fdccfc46f442b26b3dd6756dbff3bf9dc76fd7?s=96&d=mm&r=g","url":"https:\/\/secure.gravatar.com\/avatar\/64ebac40b93f26a154f8a9b5b6fdccfc46f442b26b3dd6756dbff3bf9dc76fd7?s=96&d=mm&r=g","contentUrl":"https:\/\/secure.gravatar.com\/avatar\/64ebac40b93f26a154f8a9b5b6fdccfc46f442b26b3dd6756dbff3bf9dc76fd7?s=96&d=mm&r=g","caption":"super-news"},"url":"https:\/\/super-news.info\/pl\/author\/pt\/"}]}},"_links":{"self":[{"href":"https:\/\/super-news.info\/pl\/wp-json\/wp\/v2\/posts\/80","targetHints":{"allow":["GET"]}}],"collection":[{"href":"https:\/\/super-news.info\/pl\/wp-json\/wp\/v2\/posts"}],"about":[{"href":"https:\/\/super-news.info\/pl\/wp-json\/wp\/v2\/types\/post"}],"author":[{"embeddable":true,"href":"https:\/\/super-news.info\/pl\/wp-json\/wp\/v2\/users\/2"}],"replies":[{"embeddable":true,"href":"https:\/\/super-news.info\/pl\/wp-json\/wp\/v2\/comments?post=80"}],"version-history":[{"count":1,"href":"https:\/\/super-news.info\/pl\/wp-json\/wp\/v2\/posts\/80\/revisions"}],"predecessor-version":[{"id":82,"href":"https:\/\/super-news.info\/pl\/wp-json\/wp\/v2\/posts\/80\/revisions\/82"}],"wp:featuredmedia":[{"embeddable":true,"href":"https:\/\/super-news.info\/pl\/wp-json\/wp\/v2\/media\/81"}],"wp:attachment":[{"href":"https:\/\/super-news.info\/pl\/wp-json\/wp\/v2\/media?parent=80"}],"wp:term":[{"taxonomy":"category","embeddable":true,"href":"https:\/\/super-news.info\/pl\/wp-json\/wp\/v2\/categories?post=80"},{"taxonomy":"post_tag","embeddable":true,"href":"https:\/\/super-news.info\/pl\/wp-json\/wp\/v2\/tags?post=80"}],"curies":[{"name":"wp","href":"https:\/\/api.w.org\/{rel}","templated":true}]}}