{"id":708,"date":"2019-06-09T19:34:22","date_gmt":"2019-06-09T16:34:22","guid":{"rendered":"https:\/\/super-news.info\/pl\/ft-salvini-moze-doprowadzic-do-rozpadu-strefy-euro\/"},"modified":"2019-06-09T19:34:23","modified_gmt":"2019-06-09T16:34:23","slug":"ft-salvini-moze-doprowadzic-do-rozpadu-strefy-euro","status":"publish","type":"post","link":"https:\/\/super-news.info\/pl\/ft-salvini-moze-doprowadzic-do-rozpadu-strefy-euro\/","title":{"rendered":"&#8222;FT&#8221;: Salvini mo\u017ce doprowadzi\u0107 do rozpadu strefy euro"},"content":{"rendered":"<p> [ad_1]<br \/>\n<\/p>\n<div id=\"articleContent\" data-io-article-url=\"https:\/\/www.bankier.pl\/wiadomosc\/FT-Salvini-moze-doprowadzic-do-rozpadu-strefy-euro-7686330.html\">\n        <!-- authorContainer --><\/p>\n<p><span class=\"lead\">Wicepremier W\u0142och i przyw\u00f3dca prawicowej Ligi, Matteo Salvini, mo\u017ce doprowadzi\u0107 do rozpadu strefy euro, pr\u00f3buj\u0105c wprowadzi\u0107 quasi-walut\u0119 w postaci &#8222;obligacji rz\u0105dowych o niskich nomina\u0142ach&#8221; &#8211; ostrzega komentator &#8222;Financial Times&#8221; ds. gospodarki UE Wolfgang Munchau.<\/span><\/p>\n<div class=\"container645\">\n<div class=\"box645 boxImg\">\n<div class=\"boxContent\"><\/div>\n<\/div>\n<\/div>\n<p><!--[ ads link bar ]--><\/p>\n<p>W ubieg\u0142ym tygodniu we w\u0142oskim parlamencie deputowani zag\u0142osowali za utworzeniem r\u00f3wnoleg\u0142ej do euro waluty, czyli &#8222;obligacji rz\u0105dowych o niskich nomina\u0142ach&#8221;, kt\u00f3re maj\u0105 &#8222;wygl\u0105da\u0107 jak prawdziwe pieni\u0105dze&#8221; &#8211; pisze Munchau.<\/p>\n<p>Nomina\u0142y obligacji by\u0142yby takie same jak banknot\u00f3w euro, a W\u0142osi mogliby prawdopodobnie p\u0142aci\u0107 nimi podatki, co oznacza\u0142oby, \u017ce sta\u0142yby si\u0119 one pe\u0142noprawnym \u015brodkiem p\u0142atniczym, zwanym mini-BOT &#8211; wyja\u015bnia autor.<\/p>\n<p>Szef Europejskiego banku Centralnego (EBC) Mario Draghi skomentowa\u0142 to jeszcze w minionym tygodniu: &#8222;Mini-BOTy to albo pieni\u0105dze, a w takim razie s\u0105 one nielegalne, albo s\u0105 to papiery d\u0142u\u017cne i wtedy stopa zad\u0142u\u017cenia (W\u0142och) wzrasta&#8221;.<\/p>\n<p>Zdaniem Munchaua obligacje te mog\u0105 by\u0107 i jednym i drugim. &#8222;Mo\u017cna by to zdezawuowa\u0107 jako ekscentryczne g\u0142osowanie ekscentrycznego parlamentu. Ale nale\u017cy wzi\u0105\u0107 pod uwag\u0119 kontekst polityczny i konfrontacj\u0119 W\u0142och z Uni\u0105 Europejsk\u0105&#8221; &#8211; komentuje autor.<\/p>\n<p>W \u015brod\u0119 Komisja Europejska zaproponowa\u0142a obj\u0119cie W\u0142och procedur\u0105 nadmiernego deficytu ze wzgl\u0119du na wysoki d\u0142ug publiczny. Komisja podkre\u015bla, \u017ce stale rosn\u0105 koszty obs\u0142ugi tego d\u0142ugu.<\/p>\n<p>Wzr\u00f3s\u0142 on ze 131,4 proc. PKB w 2017 roku do 132,2 proc. w 2018 roku. Komisja szacuje, \u017ce w tym roku wzro\u015bnie do 133,7 proc. i do 135,2 proc. w roku 2020. Bruksela ocenia, \u017ce W\u0142ochy zap\u0142aci\u0142y w zesz\u0142ym roku 65 miliard\u00f3w euro z tytu\u0142u odsetek od zad\u0142u\u017cenia.<\/p>\n<p>Wynik wybor\u00f3w do Parlamentu Europejskiego, w kt\u00f3rych partia Salviniego uzyska\u0142a 34 proc. g\u0142os\u00f3w, wskazuje na to, \u017ce w wyborach pa\u0144stwowych Liga zdob\u0119dzie klarown\u0105 wi\u0119kszo\u015b\u0107 parlamentarn\u0105, a rz\u0105d ju\u017c si\u0119 chwieje. Salvini tymczasem chce wprowadzi\u0107 bardzo du\u017ce ci\u0119cia podatk\u00f3w, kt\u00f3re mog\u0105 sprawi\u0107, \u017ce deficyt bud\u017cetowy wzro\u015bnie o 1 lub 2 punkty procentowe, a to na d\u0142u\u017csz\u0105 met\u0119 doprowadzi\u0142oby do zwi\u0119kszenia strukturalnego deficytu W\u0142och i z\u0142amania regu\u0142 unijnych &#8211; wyja\u015bnia Munchau.<\/p>\n<p>A w takim przypadku tworzenie mini-BOT\u00f3w nabiera szczeg\u00f3lnego znaczenia &#8211; podkre\u015bla autor. &#8211; Je\u015bli Salvini chce, by W\u0142ochy wysz\u0142y ze strefy euro, to &#8222;b\u0119d\u0105 one s\u0142u\u017cy\u0142y jako niezb\u0119dny krok po\u015bredni&#8221;, a poza tym pozwoli\u0142yby sfinansowa\u0107 ci\u0119cia podatkowe.<\/p>\n<p>Wdro\u017cenie takiej alternatywnej waluty &#8222;przenios\u0142oby konfrontacj\u0119 mi\u0119dzy Rzymem a Bruksel\u0105 na nowy poziom. Strefa euro straci\u0142aby sp\u00f3jno\u015b\u0107, gdyby jej pa\u0144stwa cz\u0142onkowskie zacz\u0119\u0142y emitowa\u0107 w\u0142asn\u0105 walut\u0119&#8221; &#8211; pisze Munchau.<\/p>\n<p>&#8222;Je\u015bli Salvini si\u0119gnie po ten instrument, powr\u00f3ci kryzys euro. A tym razem EBC mo\u017ce nie przyj\u015b\u0107 na pomoc&#8221; &#8211; konkluduje. Podczas poprzedniego kryzysu finansowego Draghi obieca\u0142, \u017ce jego bank zrobi wszystko, by uratowa\u0107 uni\u0119 walutow\u0105, i wdro\u017cy\u0142 program pomocy finansowej.<\/p>\n<p>Zapisana w traktacie unijnym procedura nadmiernego deficytu mo\u017ce zosta\u0107 uruchomiona w przypadku przekroczenia przez pa\u0144stwo cz\u0142onkowskie kryteri\u00f3w dyscypliny bud\u017cetowej, deficytu lub d\u0142ugu. Kraj zostaje w\u00f3wczas obj\u0119ty dodatkow\u0105 kontrol\u0105 i wyznacza mu si\u0119 termin na ograniczenie deficytu. Na razie nie wiadomo, czy Unia podejmie taki krok.<\/p>\n<p>W razie nierespektowania przez kraj zalece\u0144 procedura mo\u017ce zako\u0144czy\u0107 si\u0119 na\u0142o\u017ceniem kary finansowej w wysoko\u015bci 0,2 proc. PKB. W przypadku W\u0142och by\u0142oby to oko\u0142o 3 mld euro. (PAP)<\/p>\n<p>fit\/ mc\/<\/p>\n<\/p><\/div>\n<p><script>(function() {\n  var _fbq = window._fbq || (window._fbq = []);\n  if (!_fbq.loaded) {\n    var fbds = document.createElement('script');\n    fbds.async = true;\n    fbds.src = \"http:\/\/connect.facebook.net\/en_US\/fbds.js\";\n    var s = document.getElementsByTagName('script')[0];\n    s.parentNode.insertBefore(fbds, s);\n    _fbq.loaded = true;\n  }\n  _fbq.push(['addPixelId', '743763269044006']);\n})();\nwindow._fbq = window._fbq || [];\nwindow._fbq.push(['track', 'PixelInitialized', {}]);\n<\/script><script>(function(d, s, id) {\n  var js, fjs = d.getElementsByTagName(s)[0];\n  if (d.getElementById(id)) return;\n  js = d.createElement(s); js.id = id;\n  js.src = \"http:\/\/connect.facebook.net\/pl_PL\/sdk.js#xfbml=1&version=v2.3\";\n  fjs.parentNode.insertBefore(js, fjs);\n}(document, 'script', 'facebook-jssdk'));<\/script><script>(function(d, s, id) {\n  var js, fjs = d.getElementsByTagName(s)[0];\n  if (d.getElementById(id)) return;\n  js = d.createElement(s); js.id = id;\n  js.src = \"http:\/\/connect.facebook.net\/pl_PL\/all.js#xfbml=1&appId=212379965454760\";\n  fjs.parentNode.insertBefore(js, fjs);\n}(document, 'script', 'facebook-jssdk'));<\/script><br \/>\n<br \/>[ad_2]<br \/>\n<br \/><a href=\"http:\/\/www.bankier.pl\/wiadomosc\/FT-Salvini-moze-doprowadzic-do-rozpadu-strefy-euro-7686330.html\">Source link <\/a><\/p>\n","protected":false},"excerpt":{"rendered":"<p>[ad_1] Wicepremier W\u0142och i przyw\u00f3dca prawicowej Ligi, Matteo Salvini, mo\u017ce doprowadzi\u0107 do rozpadu strefy euro, pr\u00f3buj\u0105c wprowadzi\u0107 quasi-walut\u0119 w postaci &#8222;obligacji rz\u0105dowych o niskich nomina\u0142ach&#8221; &#8211; ostrzega komentator &#8222;Financial Times&#8221; ds. gospodarki UE Wolfgang Munchau. W ubieg\u0142ym tygodniu we w\u0142oskim parlamencie deputowani zag\u0142osowali za utworzeniem r\u00f3wnoleg\u0142ej do euro waluty, czyli &#8222;obligacji rz\u0105dowych o niskich nomina\u0142ach&#8221;, [&hellip;]<\/p>\n","protected":false},"author":2,"featured_media":709,"comment_status":"open","ping_status":"open","sticky":false,"template":"","format":"standard","meta":{"footnotes":""},"categories":[1],"tags":[],"class_list":["post-708","post","type-post","status-publish","format-standard","has-post-thumbnail","hentry","category-wiadomosci-finansowe"],"yoast_head":"<!-- This site is optimized with the Yoast SEO plugin v27.4 - https:\/\/yoast.com\/product\/yoast-seo-wordpress\/ -->\n<title>&quot;FT&quot;: Salvini mo\u017ce doprowadzi\u0107 do rozpadu strefy euro - Super News<\/title>\n<meta name=\"robots\" content=\"index, follow, max-snippet:-1, max-image-preview:large, max-video-preview:-1\" \/>\n<link rel=\"canonical\" href=\"https:\/\/super-news.info\/pl\/ft-salvini-moze-doprowadzic-do-rozpadu-strefy-euro\/\" \/>\n<meta property=\"og:locale\" content=\"pl_PL\" \/>\n<meta property=\"og:type\" content=\"article\" \/>\n<meta property=\"og:title\" content=\"&quot;FT&quot;: Salvini mo\u017ce doprowadzi\u0107 do rozpadu strefy euro - Super News\" \/>\n<meta property=\"og:description\" content=\"[ad_1] Wicepremier W\u0142och i przyw\u00f3dca prawicowej Ligi, Matteo Salvini, mo\u017ce doprowadzi\u0107 do rozpadu strefy euro, pr\u00f3buj\u0105c wprowadzi\u0107 quasi-walut\u0119 w postaci &#8222;obligacji rz\u0105dowych o niskich nomina\u0142ach&#8221; &#8211; ostrzega komentator &#8222;Financial Times&#8221; ds. gospodarki UE Wolfgang Munchau. W ubieg\u0142ym tygodniu we w\u0142oskim parlamencie deputowani zag\u0142osowali za utworzeniem r\u00f3wnoleg\u0142ej do euro waluty, czyli &#8222;obligacji rz\u0105dowych o niskich nomina\u0142ach&#8221;, [&hellip;]\" \/>\n<meta property=\"og:url\" content=\"https:\/\/super-news.info\/pl\/ft-salvini-moze-doprowadzic-do-rozpadu-strefy-euro\/\" \/>\n<meta property=\"og:site_name\" content=\"Super News\" \/>\n<meta property=\"article:published_time\" content=\"2019-06-09T16:34:22+00:00\" \/>\n<meta property=\"article:modified_time\" content=\"2019-06-09T16:34:23+00:00\" \/>\n<meta property=\"og:image\" content=\"https:\/\/super-news.info\/pl\/wp-content\/uploads\/sites\/6\/2019\/06\/FT-Salvini-mo\u017ce-doprowadzi\u0107-do-rozpadu-strefy-euro.jpg\" \/>\n\t<meta property=\"og:image:width\" content=\"645\" \/>\n\t<meta property=\"og:image:height\" content=\"387\" \/>\n\t<meta property=\"og:image:type\" content=\"image\/jpeg\" \/>\n<meta name=\"author\" content=\"super-news\" \/>\n<meta name=\"twitter:card\" content=\"summary_large_image\" \/>\n<meta name=\"twitter:label1\" content=\"Napisane przez\" \/>\n\t<meta name=\"twitter:data1\" content=\"super-news\" \/>\n\t<meta name=\"twitter:label2\" content=\"Szacowany czas czytania\" \/>\n\t<meta name=\"twitter:data2\" content=\"3 minuty\" \/>\n<script type=\"application\/ld+json\" class=\"yoast-schema-graph\">{\"@context\":\"https:\\\/\\\/schema.org\",\"@graph\":[{\"@type\":\"Article\",\"@id\":\"https:\\\/\\\/super-news.info\\\/pl\\\/ft-salvini-moze-doprowadzic-do-rozpadu-strefy-euro\\\/#article\",\"isPartOf\":{\"@id\":\"https:\\\/\\\/super-news.info\\\/pl\\\/ft-salvini-moze-doprowadzic-do-rozpadu-strefy-euro\\\/\"},\"author\":{\"name\":\"super-news\",\"@id\":\"https:\\\/\\\/super-news.info\\\/pl\\\/#\\\/schema\\\/person\\\/2d4068cb2f39cd10008c2fce578a7356\"},\"headline\":\"&#8222;FT&#8221;: Salvini mo\u017ce doprowadzi\u0107 do rozpadu strefy euro\",\"datePublished\":\"2019-06-09T16:34:22+00:00\",\"dateModified\":\"2019-06-09T16:34:23+00:00\",\"mainEntityOfPage\":{\"@id\":\"https:\\\/\\\/super-news.info\\\/pl\\\/ft-salvini-moze-doprowadzic-do-rozpadu-strefy-euro\\\/\"},\"wordCount\":605,\"commentCount\":0,\"image\":{\"@id\":\"https:\\\/\\\/super-news.info\\\/pl\\\/ft-salvini-moze-doprowadzic-do-rozpadu-strefy-euro\\\/#primaryimage\"},\"thumbnailUrl\":\"https:\\\/\\\/super-news.info\\\/pl\\\/wp-content\\\/uploads\\\/sites\\\/6\\\/2019\\\/06\\\/FT-Salvini-mo\u017ce-doprowadzi\u0107-do-rozpadu-strefy-euro.jpg\",\"articleSection\":[\"WIADOMO\u015aCI FINANSOWE\"],\"inLanguage\":\"pl-PL\",\"potentialAction\":[{\"@type\":\"CommentAction\",\"name\":\"Comment\",\"target\":[\"https:\\\/\\\/super-news.info\\\/pl\\\/ft-salvini-moze-doprowadzic-do-rozpadu-strefy-euro\\\/#respond\"]}]},{\"@type\":\"WebPage\",\"@id\":\"https:\\\/\\\/super-news.info\\\/pl\\\/ft-salvini-moze-doprowadzic-do-rozpadu-strefy-euro\\\/\",\"url\":\"https:\\\/\\\/super-news.info\\\/pl\\\/ft-salvini-moze-doprowadzic-do-rozpadu-strefy-euro\\\/\",\"name\":\"\\\"FT\\\": Salvini mo\u017ce doprowadzi\u0107 do rozpadu strefy euro - Super News\",\"isPartOf\":{\"@id\":\"https:\\\/\\\/super-news.info\\\/pl\\\/#website\"},\"primaryImageOfPage\":{\"@id\":\"https:\\\/\\\/super-news.info\\\/pl\\\/ft-salvini-moze-doprowadzic-do-rozpadu-strefy-euro\\\/#primaryimage\"},\"image\":{\"@id\":\"https:\\\/\\\/super-news.info\\\/pl\\\/ft-salvini-moze-doprowadzic-do-rozpadu-strefy-euro\\\/#primaryimage\"},\"thumbnailUrl\":\"https:\\\/\\\/super-news.info\\\/pl\\\/wp-content\\\/uploads\\\/sites\\\/6\\\/2019\\\/06\\\/FT-Salvini-mo\u017ce-doprowadzi\u0107-do-rozpadu-strefy-euro.jpg\",\"datePublished\":\"2019-06-09T16:34:22+00:00\",\"dateModified\":\"2019-06-09T16:34:23+00:00\",\"author\":{\"@id\":\"https:\\\/\\\/super-news.info\\\/pl\\\/#\\\/schema\\\/person\\\/2d4068cb2f39cd10008c2fce578a7356\"},\"breadcrumb\":{\"@id\":\"https:\\\/\\\/super-news.info\\\/pl\\\/ft-salvini-moze-doprowadzic-do-rozpadu-strefy-euro\\\/#breadcrumb\"},\"inLanguage\":\"pl-PL\",\"potentialAction\":[{\"@type\":\"ReadAction\",\"target\":[\"https:\\\/\\\/super-news.info\\\/pl\\\/ft-salvini-moze-doprowadzic-do-rozpadu-strefy-euro\\\/\"]}]},{\"@type\":\"ImageObject\",\"inLanguage\":\"pl-PL\",\"@id\":\"https:\\\/\\\/super-news.info\\\/pl\\\/ft-salvini-moze-doprowadzic-do-rozpadu-strefy-euro\\\/#primaryimage\",\"url\":\"https:\\\/\\\/super-news.info\\\/pl\\\/wp-content\\\/uploads\\\/sites\\\/6\\\/2019\\\/06\\\/FT-Salvini-mo\u017ce-doprowadzi\u0107-do-rozpadu-strefy-euro.jpg\",\"contentUrl\":\"https:\\\/\\\/super-news.info\\\/pl\\\/wp-content\\\/uploads\\\/sites\\\/6\\\/2019\\\/06\\\/FT-Salvini-mo\u017ce-doprowadzi\u0107-do-rozpadu-strefy-euro.jpg\",\"width\":645,\"height\":387,\"caption\":\"\\\"FT\\\": Salvini mo\u017ce doprowadzi\u0107 do rozpadu strefy euro\"},{\"@type\":\"BreadcrumbList\",\"@id\":\"https:\\\/\\\/super-news.info\\\/pl\\\/ft-salvini-moze-doprowadzic-do-rozpadu-strefy-euro\\\/#breadcrumb\",\"itemListElement\":[{\"@type\":\"ListItem\",\"position\":1,\"name\":\"\u0413\u043b\u0430\u0432\u043d\u0430\u044f \u0441\u0442\u0440\u0430\u043d\u0438\u0446\u0430\",\"item\":\"https:\\\/\\\/super-news.info\\\/pl\\\/\"},{\"@type\":\"ListItem\",\"position\":2,\"name\":\"&#8222;FT&#8221;: Salvini mo\u017ce doprowadzi\u0107 do rozpadu strefy euro\"}]},{\"@type\":\"WebSite\",\"@id\":\"https:\\\/\\\/super-news.info\\\/pl\\\/#website\",\"url\":\"https:\\\/\\\/super-news.info\\\/pl\\\/\",\"name\":\"Super News\",\"description\":\"Super News Polska\",\"potentialAction\":[{\"@type\":\"SearchAction\",\"target\":{\"@type\":\"EntryPoint\",\"urlTemplate\":\"https:\\\/\\\/super-news.info\\\/pl\\\/?s={search_term_string}\"},\"query-input\":{\"@type\":\"PropertyValueSpecification\",\"valueRequired\":true,\"valueName\":\"search_term_string\"}}],\"inLanguage\":\"pl-PL\"},{\"@type\":\"Person\",\"@id\":\"https:\\\/\\\/super-news.info\\\/pl\\\/#\\\/schema\\\/person\\\/2d4068cb2f39cd10008c2fce578a7356\",\"name\":\"super-news\",\"image\":{\"@type\":\"ImageObject\",\"inLanguage\":\"pl-PL\",\"@id\":\"https:\\\/\\\/secure.gravatar.com\\\/avatar\\\/64ebac40b93f26a154f8a9b5b6fdccfc46f442b26b3dd6756dbff3bf9dc76fd7?s=96&d=mm&r=g\",\"url\":\"https:\\\/\\\/secure.gravatar.com\\\/avatar\\\/64ebac40b93f26a154f8a9b5b6fdccfc46f442b26b3dd6756dbff3bf9dc76fd7?s=96&d=mm&r=g\",\"contentUrl\":\"https:\\\/\\\/secure.gravatar.com\\\/avatar\\\/64ebac40b93f26a154f8a9b5b6fdccfc46f442b26b3dd6756dbff3bf9dc76fd7?s=96&d=mm&r=g\",\"caption\":\"super-news\"},\"url\":\"https:\\\/\\\/super-news.info\\\/pl\\\/author\\\/pt\\\/\"}]}<\/script>\n<!-- \/ Yoast SEO plugin. -->","yoast_head_json":{"title":"\"FT\": Salvini mo\u017ce doprowadzi\u0107 do rozpadu strefy euro - Super News","robots":{"index":"index","follow":"follow","max-snippet":"max-snippet:-1","max-image-preview":"max-image-preview:large","max-video-preview":"max-video-preview:-1"},"canonical":"https:\/\/super-news.info\/pl\/ft-salvini-moze-doprowadzic-do-rozpadu-strefy-euro\/","og_locale":"pl_PL","og_type":"article","og_title":"\"FT\": Salvini mo\u017ce doprowadzi\u0107 do rozpadu strefy euro - Super News","og_description":"[ad_1] Wicepremier W\u0142och i przyw\u00f3dca prawicowej Ligi, Matteo Salvini, mo\u017ce doprowadzi\u0107 do rozpadu strefy euro, pr\u00f3buj\u0105c wprowadzi\u0107 quasi-walut\u0119 w postaci &#8222;obligacji rz\u0105dowych o niskich nomina\u0142ach&#8221; &#8211; ostrzega komentator &#8222;Financial Times&#8221; ds. gospodarki UE Wolfgang Munchau. W ubieg\u0142ym tygodniu we w\u0142oskim parlamencie deputowani zag\u0142osowali za utworzeniem r\u00f3wnoleg\u0142ej do euro waluty, czyli &#8222;obligacji rz\u0105dowych o niskich nomina\u0142ach&#8221;, [&hellip;]","og_url":"https:\/\/super-news.info\/pl\/ft-salvini-moze-doprowadzic-do-rozpadu-strefy-euro\/","og_site_name":"Super News","article_published_time":"2019-06-09T16:34:22+00:00","article_modified_time":"2019-06-09T16:34:23+00:00","og_image":[{"width":645,"height":387,"url":"https:\/\/super-news.info\/pl\/wp-content\/uploads\/sites\/6\/2019\/06\/FT-Salvini-mo\u017ce-doprowadzi\u0107-do-rozpadu-strefy-euro.jpg","type":"image\/jpeg"}],"author":"super-news","twitter_card":"summary_large_image","twitter_misc":{"Napisane przez":"super-news","Szacowany czas czytania":"3 minuty"},"schema":{"@context":"https:\/\/schema.org","@graph":[{"@type":"Article","@id":"https:\/\/super-news.info\/pl\/ft-salvini-moze-doprowadzic-do-rozpadu-strefy-euro\/#article","isPartOf":{"@id":"https:\/\/super-news.info\/pl\/ft-salvini-moze-doprowadzic-do-rozpadu-strefy-euro\/"},"author":{"name":"super-news","@id":"https:\/\/super-news.info\/pl\/#\/schema\/person\/2d4068cb2f39cd10008c2fce578a7356"},"headline":"&#8222;FT&#8221;: Salvini mo\u017ce doprowadzi\u0107 do rozpadu strefy euro","datePublished":"2019-06-09T16:34:22+00:00","dateModified":"2019-06-09T16:34:23+00:00","mainEntityOfPage":{"@id":"https:\/\/super-news.info\/pl\/ft-salvini-moze-doprowadzic-do-rozpadu-strefy-euro\/"},"wordCount":605,"commentCount":0,"image":{"@id":"https:\/\/super-news.info\/pl\/ft-salvini-moze-doprowadzic-do-rozpadu-strefy-euro\/#primaryimage"},"thumbnailUrl":"https:\/\/super-news.info\/pl\/wp-content\/uploads\/sites\/6\/2019\/06\/FT-Salvini-mo\u017ce-doprowadzi\u0107-do-rozpadu-strefy-euro.jpg","articleSection":["WIADOMO\u015aCI FINANSOWE"],"inLanguage":"pl-PL","potentialAction":[{"@type":"CommentAction","name":"Comment","target":["https:\/\/super-news.info\/pl\/ft-salvini-moze-doprowadzic-do-rozpadu-strefy-euro\/#respond"]}]},{"@type":"WebPage","@id":"https:\/\/super-news.info\/pl\/ft-salvini-moze-doprowadzic-do-rozpadu-strefy-euro\/","url":"https:\/\/super-news.info\/pl\/ft-salvini-moze-doprowadzic-do-rozpadu-strefy-euro\/","name":"\"FT\": Salvini mo\u017ce doprowadzi\u0107 do rozpadu strefy euro - Super News","isPartOf":{"@id":"https:\/\/super-news.info\/pl\/#website"},"primaryImageOfPage":{"@id":"https:\/\/super-news.info\/pl\/ft-salvini-moze-doprowadzic-do-rozpadu-strefy-euro\/#primaryimage"},"image":{"@id":"https:\/\/super-news.info\/pl\/ft-salvini-moze-doprowadzic-do-rozpadu-strefy-euro\/#primaryimage"},"thumbnailUrl":"https:\/\/super-news.info\/pl\/wp-content\/uploads\/sites\/6\/2019\/06\/FT-Salvini-mo\u017ce-doprowadzi\u0107-do-rozpadu-strefy-euro.jpg","datePublished":"2019-06-09T16:34:22+00:00","dateModified":"2019-06-09T16:34:23+00:00","author":{"@id":"https:\/\/super-news.info\/pl\/#\/schema\/person\/2d4068cb2f39cd10008c2fce578a7356"},"breadcrumb":{"@id":"https:\/\/super-news.info\/pl\/ft-salvini-moze-doprowadzic-do-rozpadu-strefy-euro\/#breadcrumb"},"inLanguage":"pl-PL","potentialAction":[{"@type":"ReadAction","target":["https:\/\/super-news.info\/pl\/ft-salvini-moze-doprowadzic-do-rozpadu-strefy-euro\/"]}]},{"@type":"ImageObject","inLanguage":"pl-PL","@id":"https:\/\/super-news.info\/pl\/ft-salvini-moze-doprowadzic-do-rozpadu-strefy-euro\/#primaryimage","url":"https:\/\/super-news.info\/pl\/wp-content\/uploads\/sites\/6\/2019\/06\/FT-Salvini-mo\u017ce-doprowadzi\u0107-do-rozpadu-strefy-euro.jpg","contentUrl":"https:\/\/super-news.info\/pl\/wp-content\/uploads\/sites\/6\/2019\/06\/FT-Salvini-mo\u017ce-doprowadzi\u0107-do-rozpadu-strefy-euro.jpg","width":645,"height":387,"caption":"\"FT\": Salvini mo\u017ce doprowadzi\u0107 do rozpadu strefy euro"},{"@type":"BreadcrumbList","@id":"https:\/\/super-news.info\/pl\/ft-salvini-moze-doprowadzic-do-rozpadu-strefy-euro\/#breadcrumb","itemListElement":[{"@type":"ListItem","position":1,"name":"\u0413\u043b\u0430\u0432\u043d\u0430\u044f \u0441\u0442\u0440\u0430\u043d\u0438\u0446\u0430","item":"https:\/\/super-news.info\/pl\/"},{"@type":"ListItem","position":2,"name":"&#8222;FT&#8221;: Salvini mo\u017ce doprowadzi\u0107 do rozpadu strefy euro"}]},{"@type":"WebSite","@id":"https:\/\/super-news.info\/pl\/#website","url":"https:\/\/super-news.info\/pl\/","name":"Super News","description":"Super News Polska","potentialAction":[{"@type":"SearchAction","target":{"@type":"EntryPoint","urlTemplate":"https:\/\/super-news.info\/pl\/?s={search_term_string}"},"query-input":{"@type":"PropertyValueSpecification","valueRequired":true,"valueName":"search_term_string"}}],"inLanguage":"pl-PL"},{"@type":"Person","@id":"https:\/\/super-news.info\/pl\/#\/schema\/person\/2d4068cb2f39cd10008c2fce578a7356","name":"super-news","image":{"@type":"ImageObject","inLanguage":"pl-PL","@id":"https:\/\/secure.gravatar.com\/avatar\/64ebac40b93f26a154f8a9b5b6fdccfc46f442b26b3dd6756dbff3bf9dc76fd7?s=96&d=mm&r=g","url":"https:\/\/secure.gravatar.com\/avatar\/64ebac40b93f26a154f8a9b5b6fdccfc46f442b26b3dd6756dbff3bf9dc76fd7?s=96&d=mm&r=g","contentUrl":"https:\/\/secure.gravatar.com\/avatar\/64ebac40b93f26a154f8a9b5b6fdccfc46f442b26b3dd6756dbff3bf9dc76fd7?s=96&d=mm&r=g","caption":"super-news"},"url":"https:\/\/super-news.info\/pl\/author\/pt\/"}]}},"_links":{"self":[{"href":"https:\/\/super-news.info\/pl\/wp-json\/wp\/v2\/posts\/708","targetHints":{"allow":["GET"]}}],"collection":[{"href":"https:\/\/super-news.info\/pl\/wp-json\/wp\/v2\/posts"}],"about":[{"href":"https:\/\/super-news.info\/pl\/wp-json\/wp\/v2\/types\/post"}],"author":[{"embeddable":true,"href":"https:\/\/super-news.info\/pl\/wp-json\/wp\/v2\/users\/2"}],"replies":[{"embeddable":true,"href":"https:\/\/super-news.info\/pl\/wp-json\/wp\/v2\/comments?post=708"}],"version-history":[{"count":1,"href":"https:\/\/super-news.info\/pl\/wp-json\/wp\/v2\/posts\/708\/revisions"}],"predecessor-version":[{"id":710,"href":"https:\/\/super-news.info\/pl\/wp-json\/wp\/v2\/posts\/708\/revisions\/710"}],"wp:featuredmedia":[{"embeddable":true,"href":"https:\/\/super-news.info\/pl\/wp-json\/wp\/v2\/media\/709"}],"wp:attachment":[{"href":"https:\/\/super-news.info\/pl\/wp-json\/wp\/v2\/media?parent=708"}],"wp:term":[{"taxonomy":"category","embeddable":true,"href":"https:\/\/super-news.info\/pl\/wp-json\/wp\/v2\/categories?post=708"},{"taxonomy":"post_tag","embeddable":true,"href":"https:\/\/super-news.info\/pl\/wp-json\/wp\/v2\/tags?post=708"}],"curies":[{"name":"wp","href":"https:\/\/api.w.org\/{rel}","templated":true}]}}