{"id":56,"date":"2019-04-09T11:59:13","date_gmt":"2019-04-09T08:59:13","guid":{"rendered":"https:\/\/super-news.info\/pl\/wiadomosci-marketingowe\/problemy-z-nowym-badaniem-rynku-mediow-w-polsce-marketerzy-zaniepokojeni-brakiem-porozumienia\/"},"modified":"2019-04-09T11:59:14","modified_gmt":"2019-04-09T08:59:14","slug":"problemy-z-nowym-badaniem-rynku-mediow-w-polsce-marketerzy-zaniepokojeni-brakiem-porozumienia","status":"publish","type":"post","link":"https:\/\/super-news.info\/pl\/problemy-z-nowym-badaniem-rynku-mediow-w-polsce-marketerzy-zaniepokojeni-brakiem-porozumienia\/","title":{"rendered":"Problemy z nowym badaniem rynku medi\u00f3w w Polsce. Marketerzy zaniepokojeni brakiem porozumienia"},"content":{"rendered":"<p> [ad_1]<br \/>\n<\/p>\n<div id=\"\">\n<p>W styczniu br. pisali\u015bmy o tym, \u017ce przedstawiciele nadawc\u00f3w, IAA Polska oraz SAR spotkali si\u0119, by om\u00f3wi\u0107 post\u0119py dotycz\u0105ce\u00a0 pilota\u017cowego badania ogl\u0105dalno\u015bci i s\u0142uchalno\u015bci medi\u00f3w. Zg\u0142osili tak\u017ce swoje uwagi do kwestionariusza badawczego, kt\u00f3re dotyczy\u0142y m.in. pyta\u0144 o pogl\u0105dy religijne i polityczne. Pierwotna wersja kwestionariusza, dotycz\u0105cego badania pilota\u017cowego zosta\u0142a przez \u015brodowisko odrzucona. Nast\u0119pnie powsta\u0142a nowa &#8211; poprawiona, w kt\u00f3rym uwzgl\u0119dniono uwagi \u015brodowiska.<\/p>\n<p>&#13;<br \/>\n&#13;<\/p>\n<p>Z naszych informacji wynika, \u017ce w po\u0142owie marca br. mia\u0142o odby\u0107 si\u0119 spotkanie konsultacyjne w KRRiT, na kt\u00f3rym mia\u0142o doj\u015b\u0107 do ostatecznego uzgodnienia tre\u015bci kwestionariusza do badania pilota\u017cowego. Jednak dzie\u0144 wcze\u015bniej nadawcy telewizyjni przys\u0142ali do KRRiT pismo, w kt\u00f3rym mieli poinformowa\u0107 organ, \u017ce formu\u0142a i plan spotkania wed\u0142ug nich nie daj\u0105 szans na uzgodnienie dokumentu, kt\u00f3ry wed\u0142ug nich ma wymaga\u0107 ca\u0142kowitej zmiany. W zwi\u0105zku z tym mieli o\u015bwiadczy\u0107, \u017ce chc\u0105 zaproponowa\u0107 inn\u0105 formu\u0142\u0119 prowadzenia projektu. Mieli zaznaczy\u0107 tak\u017ce, \u017ce to oni powinni odgrywa\u0107 w nim kluczow\u0105 rol\u0119.<\/p>\n<p>&#13;<br \/>\n&#13;<\/p>\n<p>Ostatecznie mieli zaproponowa\u0107 osobne spotkanie KRRiT i nadawc\u00f3w telewizyjnych, kt\u00f3rego celem ma by\u0107 ponowne om\u00f3wienie wizji badania, ustalenia harmonogramu i oczekiwanych rezultat\u00f3w.<\/p>\n<p>&#13;<br \/>\n&#13;<\/p>\n<p><span style=\"font-size:20px;\"><strong>Marketerzy zaniepokojeni sytuacj\u0105<\/strong><\/span><\/p>\n<p>&#13;<br \/>\n&#13;<\/p>\n<p>Z tre\u015bci pisma do kt\u00f3rego dotar\u0142a redakcja Wirtualnemedia.pl wynika, \u017ce Og\u00f3lnopolska Reprezentacja Marketer\u00f3w IAA Polska jest zaniepokojona problemami zwi\u0105zanymi z osi\u0105gni\u0119ciem porozumienia przez nadawc\u00f3w telewizyjnych w sprawie pilota\u017cu, kt\u00f3ry poprzedza uruchomienie jedno\u017ar\u00f3d\u0142owego badania medi\u00f3w w Polsce.<\/p>\n<p>&#13;<br \/>\n&#13;<\/p>\n<p>&#8211; Dla reklamodawc\u00f3w, kt\u00f3rzy czynnie uczestnicz\u0105 w tym projekcie od samego pocz\u0105tku, od pierwszych spotka\u0144 w ramach Reklamowego Okr\u0105g\u0142ego Sto\u0142u IAA Polska jest to wiadomo\u015b\u0107 zaskakuj\u0105ca i rozczarowuj\u0105ca. Tym bardziej, \u017ce do tej pory opr\u00f3cz marketer\u00f3w r\u00f3wnie\u017c domy mediowe, audytorzy mediowi i media z nadawcami telewizyjnymi na czele, deklarowa\u0142y wsparcie dla tej inicjatywy oraz aktywnie uczestniczy\u0142y w niej poprzez swoich przedstawicieli &#8211; stwierdzono w pi\u015bmie.<\/p>\n<p>&#13;<br \/>\n&#13;<\/p>\n<p>Dodano, \u017ce \u201eodej\u015bcie od planowania medi\u00f3w na podstawie wynik\u00f3w niekompatybilnych bada\u0144 poszczeg\u00f3lnych klas medi\u00f3w, realizowanych przy wykorzystaniu metodologii, kt\u00f3re w niedostatecznym stopniu odzwierciedlaj\u0105 zmiany w sposobie ich konsumpcji le\u017cy w interesie wszystkich podmiot\u00f3w zaanga\u017cowanych w proces komunikacji marketingowej\u201d.<\/p>\n<p>&#13;<br \/>\n&#13;<\/p>\n<p>W dokumencie, kt\u00f3ry czytamy wezwano te\u017c \u201edo po\u0142\u0105czenia wysi\u0142k\u00f3w, w celu szybkiego zako\u0144czenia przygotowa\u0144 do opracowania metodologii jedno\u017ar\u00f3d\u0142owego badania medi\u00f3w elektronicznych, realizowanego w spos\u00f3b gwarantuj\u0105cy profesjonalizm i transparencj\u0119\u201d.<\/p>\n<p>&#13;<br \/>\n&#13;<\/p>\n<p>&#8211; Brak nowoczesnego, jedno\u017ar\u00f3d\u0142owego badania, akceptowanego przez wszystkich uczestnik\u00f3w procesu komunikacji marketingowej w Polsce, przede wszystkim przez \u201epierwszego p\u0142atnika\u201d, czyli reklamodawc\u00f3w, b\u0119dzie skutkowa\u0142 jeszcze wi\u0119ksz\u0105 ostro\u017cno\u015bci\u0105 przy podejmowaniu decyzji o wielko\u015bci \u015brodk\u00f3w przeznaczanych na reklam\u0119 ATL. Wp\u0142ynie to negatywnie na kondycj\u0119 wszystkich podmiot\u00f3w funkcjonuj\u0105cych na rynku komunikacji marketingowej, r\u00f3wnie\u017c na media i na firmy \u015bwiadcz\u0105ce us\u0142ugi reklamowe &#8211; stwierdzono.<\/p>\n<p>&#13;<br \/>\n&#13;<\/p>\n<p>Marketerzy, kt\u00f3rzy dysponuj\u0105 bud\u017cetami reklamowymi podtrzymali r\u00f3wnie\u017c deklaracj\u0119 o aktywnym uczestnictwie w projekcie przygotowania za\u0142o\u017ce\u0144 do jedno\u017ar\u00f3d\u0142owego badania. Pod o\u015bwiadczeniem podpisa\u0142o si\u0119 kilkadziesi\u0105t firm.<\/p>\n<p>&#13;<br \/>\n&#13;<\/p>\n<p><strong>Jak wynika z naszych informacji, w \u015brod\u0119, 3 kwietnia br. odb\u0119dzie si\u0119 spotkanie nadawc\u00f3w w KRRiT podczas kt\u00f3rego maj\u0105 dyskutowa\u0107 z przedstawicielami organu i Telemetri\u0105 Polsk\u0105 o projekcie.<\/strong><\/p>\n<p>&#13;<br \/>\n&#13;<\/p>\n<p><span style=\"font-size:20px;\"><strong>Potrzebna poprawa standardu bada\u0144<\/strong><\/span><\/p>\n<p>&#13;<br \/>\n&#13;<\/p>\n<p>Spytali\u015bmy przedstawicieli marketer\u00f3w o ocen\u0119 obecnego etapu prac nad jedno\u017ar\u00f3d\u0142owym badaniem medi\u00f3w.<\/p>\n<p>&#13;<br \/>\n&#13;<\/p>\n<p>Jerzy Minorczyk, dyrektor generalny IAA Polska przypomina, \u017ce postulat poprawy standardu bada\u0144 mediowych w kierunku badania jedno\u017ar\u00f3d\u0142owego pojawi\u0142 si\u0119 po raz\u00a0 pierwszy dwa lata temu w \u201eRekomendacjach dla polskiego rynku reklamy\u201d, pod kt\u00f3rymi podpisali si\u0119 przedstawiciele wszystkich grup podmiot\u00f3w zaanga\u017cowanych w proces komunikacji marketingowej: marketerzy, audytorzy, domy mediowe oraz media.<\/p>\n<p>&#13;<br \/>\n&#13;<\/p>\n<p>&#8211; <strong>Jednak dopiero niedawno pojawi\u0142a si\u0119 realna szansa na zrealizowanie tego projektu, pojawi\u0142 si\u0119 silny impuls, by to zrobi\u0107. Dlatego marketerzy z du\u017cym zaskoczeniem i zdziwieniem przyj\u0119li informacj\u0119 o tym, \u017ce nadawcy telewizyjni nie przyj\u0119li zaproszenia do dalszych prac <\/strong>&#8211; podkre\u015bla.<\/p>\n<p>&#13;<br \/>\n&#13;<\/p>\n<p>Dodaje, \u017ce wed\u0142ug marketer\u00f3w \u201eprojekt w postaci jedno\u017ar\u00f3d\u0142owych bada\u0144 medi\u00f3w elektronicznych po prostu trzeba zrealizowa\u0107, mimo obiektywnych trudno\u015bci\u201d.<\/p>\n<p>&#13;<br \/>\n&#13;<\/p>\n<p>&#8211; Nie powinno si\u0119 niweczy\u0107 wysi\u0142ku innych interesariuszy zaanga\u017cowanych w ten proces, tylko dziel\u0105c si\u0119 specjalistyczn\u0105 wiedz\u0105 nale\u017ca\u0142oby doprowadzi\u0107 do sytuacji, w kt\u00f3rej finalny produkt faktycznie b\u0119dzie odpowiada\u0142 na zapotrzebowanie wszystkich zainteresowanych. W tym kontek\u015bcie poprawa standardu bada\u0144 tylko jednego, wybranego medium, z perspektywy marketer\u00f3w nie bardzo ma sens &#8211; komentuje Minorczyk.<\/p>\n<p>&#13;<br \/>\n&#13;<\/p>\n<p>Z kolei Pawe\u0142 Tyszkiewicz, pe\u0142nomocnik zarz\u0105du SAR i prezes fundacji Ad Artis ocenia, \u017ce z jego punktu widzenia prace nad projektem op\u00f3\u017aniaj\u0105 si\u0119 z dw\u00f3ch powod\u00f3w.<\/p>\n<p>&#13;<br \/>\n&#13;<\/p>\n<p><strong>&#8211;\u00a0 Z jednej strony nie dosz\u0142o do powo\u0142ania sp\u00f3\u0142ki Telemetria Polska, kt\u00f3ra mia\u0142a si\u0119 zaj\u0105\u0107 koncepcj\u0105 i przetargiem na badania wsp\u00f3lnie z reprezentacj\u0105\u00a0 bran\u017cy komunikacj\u0105 marketingowej w postaci JIC, a z drugiej strony nie dosz\u0142o do ustale\u0144 mi\u0119dzy wszystkimi interesariuszami odno\u015bnie kszta\u0142tu samego JIC\u00a0 &#8211; kalendarz polityczny jest nieub\u0142agany, wydaje si\u0119, \u017ce parlament, kt\u00f3ry mia\u0142 zaj\u0105\u0107 si\u0119 ustaw\u0105 dotycz\u0105c\u0105 powo\u0142ania sp\u00f3\u0142ki Telemetria Polska ma bardzo ma\u0142e szanse, aby sta\u0142o si\u0119 to w najbli\u017cszym czasie <\/strong>&#8211; uwa\u017ca.<\/p>\n<p>&#13;<br \/>\n&#13;<\/p>\n<p>Wed\u0142ug niego oczekiwania bran\u017cy telewizyjnej, \u017ce b\u0119dzie mie\u0107 znacz\u0105cy wp\u0142yw na to badanie \u201eoczywi\u015bcie mo\u017cna zrozumie\u0107, bo obecnie telemetria to w 100 proc. badanie ogl\u0105dalno\u015bci telewizji\u201d.<\/p>\n<p>&#13;<br \/>\n&#13;<\/p>\n<p>&#8211; Wszystko wskazuje, \u017ce w tym roku po raz pierwszy wydatki na TV b\u0119d\u0105 poni\u017cej 50 proc. wszystkich wydatk\u00f3w reklamowych na media. JIC to szansa na dialog i opracowanie standard\u00f3w bada\u0144, kt\u00f3re b\u0119d\u0105 odzwierciedla\u0107 potrzeby bran\u017cy przy obecnym mix medi\u00f3w \u2013 zaznacza Pawe\u0142 Tyszkiewicz z SAR.<\/p>\n<p>&#13;<br \/>\n&#13;<\/p>\n<p><strong>Natomiast Jakub Bierzy\u0144ski, szef Grupy OMD Poland jest zdania, \u017ce \u201epowo\u0142ywanie cia\u0142a, kt\u00f3re b\u0119dzie godzi\u0107 wszystkich interesariuszy rynku jest trudne i wymaga kompromis\u00f3w\u201d.<\/strong><\/p>\n<p>&#13;<br \/>\n&#13;<\/p>\n<p>&#8211; Wiadomo, \u017ce projekt bada\u0144 jedno\u017ar\u00f3d\u0142owych jest bardzo skomplikowany i wymaga czasu. Chcieli\u015bmy wezwa\u0107 nadawc\u00f3w telewizyjnych i do kompromisu, i do cierpliwo\u015bci w tej sprawie. Nie oceniam, aby tempo prac nad tym projektem by\u0142o powolne, bo to bardzo skomplikowana kwestia. KRRiT po\u015bwi\u0119ca du\u017co czasu na wypracowanie powszechnej zgody co do metodologii, kwestionariusza, tym bardziej, \u017ce JIC nie jest jeszcze ukonstytuowany &#8211; uwa\u017ca Bierzy\u0144ski.<\/p>\n<p>&#13;<br \/>\n&#13;<\/p>\n<p>W rozmowie z Wirtualnemedia.pl stwierdzi\u0142, \u017ce telewizje maj\u0105 sw\u00f3j standard badawczy, kt\u00f3ry finansuj\u0105 i je\u017celi zdecyduj\u0105 si\u0119 przy nim zosta\u0107, b\u0119dzie to ich wyb\u00f3r.<\/p>\n<p>&#13;<br \/>\n&#13;<\/p>\n<p>&#8211; Z ca\u0142\u0105 pewno\u015bci\u0105 domy mediowe, marketerzy, KRRiT \u2013 chcemy ten standard istotnie unowocze\u015bni\u0107 i b\u0119dziemy nad tym pracowa\u0107. Mam nadziej\u0119, \u017ce ze wszystkimi uczestnikami rynku. Brak zgody nadawc\u00f3w telewizyjnych nie wstrzymuje naszych prac. Je\u015bli nadawcy telewizyjni nie b\u0119d\u0105 chcieli bra\u0107 udzia\u0142u w tym post\u0119powaniu, nikt nie b\u0119dzie ich do tego zmusza\u0107 \u2013 podkre\u015bla szef Grupy OMD Poland.<\/p>\n<p>&#13;<br \/>\n&#13;<\/p>\n<p>Dodaje, \u017ce najwa\u017cniejsi w tym systemie s\u0105 klienci, bo to \u201eoni zasilaj\u0105 swoimi pieni\u0119dzmi ca\u0142y system\u201d.<\/p>\n<p>&#13;<br \/>\n&#13;<\/p>\n<p>&#8211; Bardzo wyra\u017anie wyrazili swoj\u0105 wol\u0119 i oczekiwania w kwestii bada\u0144. To oczekiwania dotycz\u0105ce nowego standardu badania medi\u00f3w, realizuj\u0105ce ich potrzeby. My\u015blenie w kategoriach \u201ekto ma by\u0107 bardziej uprzywilejowany\u201d wydaje si\u0119 kompletnie nieadekwatne. Uprzywilejowani b\u0119dziemy wszyscy \u2013 reklama dobrze zbadana b\u0119dzie skuteczniejsza, a dzi\u0119ki temu b\u0119dzie wi\u0119cej pieni\u0119dzy na reklam\u0119. Zyskamy na tym wszyscy &#8211; podsumowuje ekspert.\u00a0\u00a0 \u00a0<\/p>\n<p>&#13;<br \/>\n&#13;<\/p>\n<p><span style=\"font-size:20px;\"><strong>Telemetria Polska: prace zgodnie z harmonogramem<\/strong><\/span><\/p>\n<p>&#13;<br \/>\n&#13;<\/p>\n<p>Szef projektu Telemetria Polska Micha\u0142 Wigurski potwierdza, \u017ce 13 marca odby\u0142o si\u0119 spotkanie z przedstawicielami 4 \u201ekurii\u201d reprezentuj\u0105cych rynek mediowy. W spotkaniu nie uczestniczyli jednak reprezentanci Grupy MOC (Media Owners Comittee) Nadawc\u00f3w Telewizyjnych.<\/p>\n<p>&#13;<br \/>\n&#13;<\/p>\n<p>Na spotkaniu, kt\u00f3re odb\u0119dzie si\u0119 w \u015brod\u0119 w siedzibie KRRiT maj\u0105 rozmawia\u0107 o\u00a0 narz\u0119dziach badawczych, potrzebnych krokach i oczekiwanych rezultatach badania.<\/p>\n<p>&#13;<br \/>\n&#13;<\/p>\n<p>&#8211; Podczas konsultacji narz\u0119dzi badawczych do tej pory wypowiedzieli si\u0119 przedstawiciele wszystkich stron rynku medialnego, bior\u0105cy udzia\u0142 w opracowywaniu nowego standardu badan\u0301 konsumpcji medi\u00f3w, w tym r\u00f3wnie\u017c przedstawiciele poszczeg\u00f3lnych nadawc\u00f3w TV. Tak szerokie grono uwa\u017camy za odpowiednie do dyskusji, poniewa\u017c jedno\u017ar\u00f3d\u0142owe badanie konsumpcji medi\u00f3w zak\u0142ada przecie\u017c realny pomiar wszystkich aktywno\u015bci respondenta w oparciu o\u00a0 ka\u017cde medium &#8211; przekaza\u0142 Wirtualnemedia.pl Micha\u0142 Wigurski.<\/p>\n<p>&#13;<br \/>\n&#13;<\/p>\n<p>Wed\u0142ug niego ka\u017cdy etap prac jest przeprowadzany zgodnie z harmonogramem realizacji projektu.<\/p>\n<p>&#13;<br \/>\n&#13;<\/p>\n<p>&#8211; Obecny kwestionariusz stworzony jest na potrzeby test\u00f3w i eksperyment\u00f3w badawczych i stanowi jeden z element\u00f3w pilota\u017cu, kt\u00f3rego rezultaty b\u0119d\u0105 podstaw\u0105 do dyskusji z ca\u0142ym rynkiem. Prace nad docelowym kwestionariuszem trwaj\u0105 nadal. Cz\u0119\u015b\u0107 dzia\u0142a\u0144 jednak ju\u017c na tym etapie konsultujemy z rynkiem i przy niekt\u00f3rych &#8211; wymagaj\u0105cych wi\u0119cej prac zgodnie z sugestiami rynku wyd\u0142u\u017camy te konsultacje &#8211; zaznacza szef projektu Telemetria Polska.<\/p>\n<p>&#13;<br \/>\n&#13;<\/p>\n<p><span style=\"font-size:20px;\"><strong>Co z Joint Industry Comittee?<\/strong><\/span><\/p>\n<p>&#13;<br \/>\n&#13;<\/p>\n<p>W rozmowie z nami na pocz\u0105tku br. Micha\u0142 Wigurski, szef projektu Telemetria Polska &#8211; zespo\u0142u roboczego, kt\u00f3ry z ramienia KRRiT pracuje nad koncepcj\u0105 nowego pomiaru tele- i audiometrycznego rynku medi\u00f3w &#8211; zapowiada\u0142, ze Joint Industry Comittee (podmiot sk\u0142adaj\u0105cy si\u0119 z nadawc\u00f3w, reklamodawc\u00f3w, dom\u00f3w mediowych oraz agencji badawczych) ma szans\u0119 powsta\u0107 w pierwszym kwartale br. Na razie \u2013 mimo zapowiedzi &#8211; nadal nie wiadomo, kiedy konkretnie to nastanie.<\/p>\n<p>&#13;<br \/>\n&#13;<\/p>\n<p>Pytany o t\u0119 kwesti\u0119 Micha\u0142 Wigurski odpowiada: &#8211; Od pocz\u0105tku projektu Telemetria Polska komunikowali\u015bmy rynkowi potrzeb\u0119 powo\u0142ania reprezentacji ca\u0142ego rynku i wypracowania\u00a0 porozumienia typu JIC. Staramy si\u0119 zapewni\u0107 platform\u0119 do rozm\u00f3w, aby rynek m\u00f3g\u0142 wypracowa\u0107 tego typu porozumienie. Dzisiaj ka\u017cda z grup podkre\u015bla konieczno\u015b\u0107 wypracowania nowego standardu bada\u0144 i na tym\u00a0 staramy si\u0119 oprze\u0107 nasze prace. Pewne napi\u0119cia s\u0105 zrozumia\u0142e, ale wierzymy, \u017ce idea powstania nowego, dok\u0142adnego standardu bada\u0144 konsumpcji medi\u00f3w pozwoli na wypracowanie modelu wsp\u00f3\u0142pracy, a naszym partnerem b\u0119dzie jeden podmiot reprezentuj\u0105cy ca\u0142y rynek medialny &#8211; stwierdza.<\/p>\n<p>&#13;<br \/>\n&#13;<\/p>\n<p>Idea JIC zak\u0142ada, \u017ce mia\u0142by czuwa\u0107 nad przeprowadzaniem docelowego badania rynku medi\u00f3w i odpowiada\u0107 za poprawno\u015b\u0107 przeprowadzanych bada\u0144, jednocze\u015bnie dzia\u0142aj\u0105c we wsp\u00f3\u0142pracy z rynkiem i przy jego kontroli, by zapewni\u0107 pe\u0142n\u0105 transparentno\u015b\u0107 bada\u0144.<\/p>\n<p>&#13;<br \/>\n&#13;<\/p>\n<p>Struktura organizacyjna JIC-u mia\u0142aby sk\u0142ada\u0107 si\u0119 z trzech cz\u0119\u015bci. Pierwsza ma reprezentowa\u0107 \u015brodowiska grup uczestnik\u00f3w rynku, w tzw. kuriach (np. reklamodawc\u00f3w, domy mediowe, media plus przedstawiciel KRRiT o znaczeniu mniejszo\u015bciowym). Z naszych informacji wynika, \u017ce swojej reprezentacji nie utworzyli jedynie w\u0142a\u015bnie nadawcy telewizyjni, kt\u00f3rzy nadal pr\u00f3buj\u0105 doj\u015b\u0107 do porozumienia.<\/p>\n<p>&#13;<br \/>\n&#13;<\/p>\n<p>Kolejna cz\u0119\u015b\u0107, kontrolno-nadzoruj\u0105ca (nazwana roboczo senatem), ma zajmowa\u0107 si\u0119 wypracowaniem standardu bada\u0144. W senacie tym zasiadaliby przedstawiciele kurii. Ostatni podmiot, wykonawczo-operacyjny &#8211; tzw. dyrektoriat &#8211; pe\u0142ni\u0142y funkcj\u0119 nadzorcz\u0105 nad jako\u015bci\u0105 bada\u0144. Do zada\u0144 kom\u00f3rki nale\u017ca\u0142oby te\u017c og\u0142aszanie przetarg\u00f3w na wyb\u00f3r audytora oraz autoryzacja bada\u0144.<\/p>\n<p>&#13;<br \/>\n&#13;<\/p>\n<p><span style=\"font-size:20px;\"><strong>Prace od kwietnia 2018 roku<\/strong><\/span><\/p>\n<p>&#13;<br \/>\n&#13;<\/p>\n<p>Krajowa Rada Radiofonii i Telewizji pracuje nad koncepcj\u0105 nowego pomiaru tele- i audiometrycznego rynku medi\u00f3w od kwietnia 2018 roku.<\/p>\n<p>&#13;<br \/>\n&#13;<\/p>\n<p>Projekt pomiaru medi\u00f3w, realizowany pod nadzorem KRRiT zak\u0142ada panel badawczy oparty na 26 tys. respondent\u00f3w, jedno\u017ar\u00f3d\u0142owy pomiar telewizji, radia i internetu oraz mierzenie konsumpcji medi\u00f3w poza domem i na urz\u0105dzeniach przeno\u015bnych.<\/p>\n<p>&#13;<br \/>\n&#13;<\/p>\n<p>Docelowo badanie mia\u0142oby obj\u0105\u0107 rynek w perspektywie dw\u00f3ch lat, wst\u0119pne wyniki bada\u0144 mia\u0142yby by\u0107 znane do po\u0142owy 2019 roku. KRRiT do ko\u0144ca ub.r. dysponowa\u0142a bud\u017cetem na realizacj\u0119 projektu w wysoko\u015bci ok. 15 mln z\u0142otych, w 2019 roku w bud\u017cecie pa\u0144stwa przewidziano na ten projekt ok. 40 mln z\u0142.<\/p>\n<p>&#13;<br \/>\n&#13;<\/p>\n<p><strong>W poniedzia\u0142ek, 1 kwietnia KRRiT podpisa\u0142a umow\u0119 na dostarczenie sprz\u0119tu do test\u00f3w mikro-panelu z firm\u0105 Synerise oraz zakontraktowa\u0142a firm\u0119 Indicator do kontroli badania za\u0142o\u017cycielskiego.<\/strong><\/p>\n<p>&#13;<br \/>\n&#13;<\/p>\n<p>W Polsce jest kilka firm badaj\u0105cych rynek medi\u00f3w. Raporty dotycz\u0105ce internetu tworzy Gemius, wyniki radia s\u0105 dost\u0119pne w ramach Radio Track Millward Brown, a rynek telewizyjny monitoruje firma Nielsen.<\/p>\n<p>&#13;<br \/>\n&#13;<\/p>\n<p><span style=\"font-size: 20px;\"><strong>Kr\u00f3tszy czas ogl\u0105dania telewizji w 2018 roku<\/strong><\/span><\/p>\n<p>&#13;<br \/>\n&#13;<\/p>\n<p>W 2018 roku liderem ogl\u0105dalno\u015bci w\u015br\u00f3d wszystkich widz\u00f3w by\u0142 Polsat, a w grupie komercyjnej TVN. W\u015br\u00f3d g\u0142\u00f3wnych stacji wzrosty odnotowa\u0142y TVP1 i TVP2, ale najwi\u0119cej zyska\u0142y TVP Sport, Super Polsat i TTV. Skr\u00f3ci\u0142 si\u0119 \u015bredni czas ogl\u0105dania telewizji, cho\u0107 zwi\u0119kszy\u0142y si\u0119 wydatki reklamowe.<\/p>\n<p>&#13;<br \/>\n&#13;<\/p>\n<p>&#13;<br \/>\n&#13;<\/p>\n<p>W 2018 roku \u015bredni dzienny zasi\u0119g radia wyni\u00f3s\u0142 72,4 proc., a tygodniowy &#8211; 91,9 proc. Z kolei \u015bredni dobowy czas s\u0142uchania wyni\u00f3s\u0142 272 minuty. <strong>Najch\u0119tniej s\u0142uchan\u0105 stacj\u0105 niezmiennie by\u0142o RMF FM, a sie\u0107 Eska wyprzedzi\u0142a Jedynk\u0119.<\/strong><\/p>\n<p>&#13;<br \/>\n                            &#13;<br \/>\n&#13;<br \/>\n                            &#13;<br \/>\n&#13;<br \/>\n&#13;<br \/>\n&#13;<br \/>\n&#13;<br \/>\n&#13;<br \/>\n                            &#13;<br \/>\n                                                            &#13;<br \/>\n&#13;<br \/>\n                            &#13;\n                        <\/p><\/div>\n<p><script>(function (d, s, id) {\n        var js, fjs = d.getElementsByTagName(s)[0];\n        if (d.getElementById(id)) return;\n        js = d.createElement(s);\n        js.id = id;\n        js.src = \"http:\/\/connect.facebook.net\/pl_PL\/sdk.js#xfbml=1&version=v2.6&appId=297996717062470\";\n        fjs.parentNode.insertBefore(js, fjs);\n    }(document, 'script', 'facebook-jssdk'));<\/script><br \/>\n<br \/>[ad_2]<br \/>\n<br \/><a href=\"https:\/\/www.wirtualnemedia.pl\/artykul\/problemy-z-nowym-badaniem-rynku-mediow-w-polsce-marketerzy-zaniepokojeni-brakiem-porozumienia\">Source link <\/a><\/p>\n","protected":false},"excerpt":{"rendered":"<p>[ad_1] W styczniu br. pisali\u015bmy o tym, \u017ce przedstawiciele nadawc\u00f3w, IAA Polska oraz SAR spotkali si\u0119, by om\u00f3wi\u0107 post\u0119py dotycz\u0105ce\u00a0 pilota\u017cowego badania ogl\u0105dalno\u015bci i s\u0142uchalno\u015bci medi\u00f3w. Zg\u0142osili tak\u017ce swoje uwagi do kwestionariusza badawczego, kt\u00f3re dotyczy\u0142y m.in. pyta\u0144 o pogl\u0105dy religijne i polityczne. Pierwotna wersja kwestionariusza, dotycz\u0105cego badania pilota\u017cowego zosta\u0142a przez \u015brodowisko odrzucona. Nast\u0119pnie powsta\u0142a nowa [&hellip;]<\/p>\n","protected":false},"author":2,"featured_media":57,"comment_status":"open","ping_status":"open","sticky":false,"template":"","format":"standard","meta":{"footnotes":""},"categories":[3],"tags":[],"class_list":["post-56","post","type-post","status-publish","format-standard","has-post-thumbnail","hentry","category-wiadomosci-marketingowe"],"yoast_head":"<!-- This site is optimized with the Yoast SEO plugin v27.4 - https:\/\/yoast.com\/product\/yoast-seo-wordpress\/ -->\n<title>Problemy z nowym badaniem rynku medi\u00f3w w Polsce. Marketerzy zaniepokojeni brakiem porozumienia - Super News<\/title>\n<meta name=\"robots\" content=\"index, follow, max-snippet:-1, max-image-preview:large, max-video-preview:-1\" \/>\n<link rel=\"canonical\" href=\"https:\/\/super-news.info\/pl\/problemy-z-nowym-badaniem-rynku-mediow-w-polsce-marketerzy-zaniepokojeni-brakiem-porozumienia\/\" \/>\n<meta property=\"og:locale\" content=\"pl_PL\" \/>\n<meta property=\"og:type\" content=\"article\" \/>\n<meta property=\"og:title\" content=\"Problemy z nowym badaniem rynku medi\u00f3w w Polsce. Marketerzy zaniepokojeni brakiem porozumienia - Super News\" \/>\n<meta property=\"og:description\" content=\"[ad_1] W styczniu br. pisali\u015bmy o tym, \u017ce przedstawiciele nadawc\u00f3w, IAA Polska oraz SAR spotkali si\u0119, by om\u00f3wi\u0107 post\u0119py dotycz\u0105ce\u00a0 pilota\u017cowego badania ogl\u0105dalno\u015bci i s\u0142uchalno\u015bci medi\u00f3w. Zg\u0142osili tak\u017ce swoje uwagi do kwestionariusza badawczego, kt\u00f3re dotyczy\u0142y m.in. pyta\u0144 o pogl\u0105dy religijne i polityczne. Pierwotna wersja kwestionariusza, dotycz\u0105cego badania pilota\u017cowego zosta\u0142a przez \u015brodowisko odrzucona. Nast\u0119pnie powsta\u0142a nowa [&hellip;]\" \/>\n<meta property=\"og:url\" content=\"https:\/\/super-news.info\/pl\/problemy-z-nowym-badaniem-rynku-mediow-w-polsce-marketerzy-zaniepokojeni-brakiem-porozumienia\/\" \/>\n<meta property=\"og:site_name\" content=\"Super News\" \/>\n<meta property=\"article:published_time\" content=\"2019-04-09T08:59:13+00:00\" \/>\n<meta property=\"article:modified_time\" content=\"2019-04-09T08:59:14+00:00\" \/>\n<meta property=\"og:image\" content=\"https:\/\/super-news.info\/pl\/wp-content\/uploads\/sites\/6\/2019\/04\/Problemy-z-nowym-badaniem-rynku-medi\u00f3w-w-Polsce.-Marketerzy-zaniepokojeni.jpg\" \/>\n\t<meta property=\"og:image:width\" content=\"655\" \/>\n\t<meta property=\"og:image:height\" content=\"437\" \/>\n\t<meta property=\"og:image:type\" content=\"image\/jpeg\" \/>\n<meta name=\"author\" content=\"super-news\" \/>\n<meta name=\"twitter:card\" content=\"summary_large_image\" \/>\n<meta name=\"twitter:label1\" content=\"Napisane przez\" \/>\n\t<meta name=\"twitter:data1\" content=\"super-news\" \/>\n\t<meta name=\"twitter:label2\" content=\"Szacowany czas czytania\" \/>\n\t<meta name=\"twitter:data2\" content=\"11 minut\" \/>\n<script type=\"application\/ld+json\" class=\"yoast-schema-graph\">{\"@context\":\"https:\\\/\\\/schema.org\",\"@graph\":[{\"@type\":\"Article\",\"@id\":\"https:\\\/\\\/super-news.info\\\/pl\\\/problemy-z-nowym-badaniem-rynku-mediow-w-polsce-marketerzy-zaniepokojeni-brakiem-porozumienia\\\/#article\",\"isPartOf\":{\"@id\":\"https:\\\/\\\/super-news.info\\\/pl\\\/problemy-z-nowym-badaniem-rynku-mediow-w-polsce-marketerzy-zaniepokojeni-brakiem-porozumienia\\\/\"},\"author\":{\"name\":\"super-news\",\"@id\":\"https:\\\/\\\/super-news.info\\\/pl\\\/#\\\/schema\\\/person\\\/2d4068cb2f39cd10008c2fce578a7356\"},\"headline\":\"Problemy z nowym badaniem rynku medi\u00f3w w Polsce. Marketerzy zaniepokojeni brakiem porozumienia\",\"datePublished\":\"2019-04-09T08:59:13+00:00\",\"dateModified\":\"2019-04-09T08:59:14+00:00\",\"mainEntityOfPage\":{\"@id\":\"https:\\\/\\\/super-news.info\\\/pl\\\/problemy-z-nowym-badaniem-rynku-mediow-w-polsce-marketerzy-zaniepokojeni-brakiem-porozumienia\\\/\"},\"wordCount\":2157,\"commentCount\":0,\"image\":{\"@id\":\"https:\\\/\\\/super-news.info\\\/pl\\\/problemy-z-nowym-badaniem-rynku-mediow-w-polsce-marketerzy-zaniepokojeni-brakiem-porozumienia\\\/#primaryimage\"},\"thumbnailUrl\":\"https:\\\/\\\/super-news.info\\\/pl\\\/wp-content\\\/uploads\\\/sites\\\/6\\\/2019\\\/04\\\/Problemy-z-nowym-badaniem-rynku-medi\u00f3w-w-Polsce.-Marketerzy-zaniepokojeni.jpg\",\"articleSection\":[\"WIADOMO\u015aCI MARKETINGOWE\"],\"inLanguage\":\"pl-PL\",\"potentialAction\":[{\"@type\":\"CommentAction\",\"name\":\"Comment\",\"target\":[\"https:\\\/\\\/super-news.info\\\/pl\\\/problemy-z-nowym-badaniem-rynku-mediow-w-polsce-marketerzy-zaniepokojeni-brakiem-porozumienia\\\/#respond\"]}]},{\"@type\":\"WebPage\",\"@id\":\"https:\\\/\\\/super-news.info\\\/pl\\\/problemy-z-nowym-badaniem-rynku-mediow-w-polsce-marketerzy-zaniepokojeni-brakiem-porozumienia\\\/\",\"url\":\"https:\\\/\\\/super-news.info\\\/pl\\\/problemy-z-nowym-badaniem-rynku-mediow-w-polsce-marketerzy-zaniepokojeni-brakiem-porozumienia\\\/\",\"name\":\"Problemy z nowym badaniem rynku medi\u00f3w w Polsce. Marketerzy zaniepokojeni brakiem porozumienia - Super News\",\"isPartOf\":{\"@id\":\"https:\\\/\\\/super-news.info\\\/pl\\\/#website\"},\"primaryImageOfPage\":{\"@id\":\"https:\\\/\\\/super-news.info\\\/pl\\\/problemy-z-nowym-badaniem-rynku-mediow-w-polsce-marketerzy-zaniepokojeni-brakiem-porozumienia\\\/#primaryimage\"},\"image\":{\"@id\":\"https:\\\/\\\/super-news.info\\\/pl\\\/problemy-z-nowym-badaniem-rynku-mediow-w-polsce-marketerzy-zaniepokojeni-brakiem-porozumienia\\\/#primaryimage\"},\"thumbnailUrl\":\"https:\\\/\\\/super-news.info\\\/pl\\\/wp-content\\\/uploads\\\/sites\\\/6\\\/2019\\\/04\\\/Problemy-z-nowym-badaniem-rynku-medi\u00f3w-w-Polsce.-Marketerzy-zaniepokojeni.jpg\",\"datePublished\":\"2019-04-09T08:59:13+00:00\",\"dateModified\":\"2019-04-09T08:59:14+00:00\",\"author\":{\"@id\":\"https:\\\/\\\/super-news.info\\\/pl\\\/#\\\/schema\\\/person\\\/2d4068cb2f39cd10008c2fce578a7356\"},\"breadcrumb\":{\"@id\":\"https:\\\/\\\/super-news.info\\\/pl\\\/problemy-z-nowym-badaniem-rynku-mediow-w-polsce-marketerzy-zaniepokojeni-brakiem-porozumienia\\\/#breadcrumb\"},\"inLanguage\":\"pl-PL\",\"potentialAction\":[{\"@type\":\"ReadAction\",\"target\":[\"https:\\\/\\\/super-news.info\\\/pl\\\/problemy-z-nowym-badaniem-rynku-mediow-w-polsce-marketerzy-zaniepokojeni-brakiem-porozumienia\\\/\"]}]},{\"@type\":\"ImageObject\",\"inLanguage\":\"pl-PL\",\"@id\":\"https:\\\/\\\/super-news.info\\\/pl\\\/problemy-z-nowym-badaniem-rynku-mediow-w-polsce-marketerzy-zaniepokojeni-brakiem-porozumienia\\\/#primaryimage\",\"url\":\"https:\\\/\\\/super-news.info\\\/pl\\\/wp-content\\\/uploads\\\/sites\\\/6\\\/2019\\\/04\\\/Problemy-z-nowym-badaniem-rynku-medi\u00f3w-w-Polsce.-Marketerzy-zaniepokojeni.jpg\",\"contentUrl\":\"https:\\\/\\\/super-news.info\\\/pl\\\/wp-content\\\/uploads\\\/sites\\\/6\\\/2019\\\/04\\\/Problemy-z-nowym-badaniem-rynku-medi\u00f3w-w-Polsce.-Marketerzy-zaniepokojeni.jpg\",\"width\":655,\"height\":437,\"caption\":\"Article\"},{\"@type\":\"BreadcrumbList\",\"@id\":\"https:\\\/\\\/super-news.info\\\/pl\\\/problemy-z-nowym-badaniem-rynku-mediow-w-polsce-marketerzy-zaniepokojeni-brakiem-porozumienia\\\/#breadcrumb\",\"itemListElement\":[{\"@type\":\"ListItem\",\"position\":1,\"name\":\"\u0413\u043b\u0430\u0432\u043d\u0430\u044f \u0441\u0442\u0440\u0430\u043d\u0438\u0446\u0430\",\"item\":\"https:\\\/\\\/super-news.info\\\/pl\\\/\"},{\"@type\":\"ListItem\",\"position\":2,\"name\":\"Problemy z nowym badaniem rynku medi\u00f3w w Polsce. Marketerzy zaniepokojeni brakiem porozumienia\"}]},{\"@type\":\"WebSite\",\"@id\":\"https:\\\/\\\/super-news.info\\\/pl\\\/#website\",\"url\":\"https:\\\/\\\/super-news.info\\\/pl\\\/\",\"name\":\"Super News\",\"description\":\"Super News Polska\",\"potentialAction\":[{\"@type\":\"SearchAction\",\"target\":{\"@type\":\"EntryPoint\",\"urlTemplate\":\"https:\\\/\\\/super-news.info\\\/pl\\\/?s={search_term_string}\"},\"query-input\":{\"@type\":\"PropertyValueSpecification\",\"valueRequired\":true,\"valueName\":\"search_term_string\"}}],\"inLanguage\":\"pl-PL\"},{\"@type\":\"Person\",\"@id\":\"https:\\\/\\\/super-news.info\\\/pl\\\/#\\\/schema\\\/person\\\/2d4068cb2f39cd10008c2fce578a7356\",\"name\":\"super-news\",\"image\":{\"@type\":\"ImageObject\",\"inLanguage\":\"pl-PL\",\"@id\":\"https:\\\/\\\/secure.gravatar.com\\\/avatar\\\/64ebac40b93f26a154f8a9b5b6fdccfc46f442b26b3dd6756dbff3bf9dc76fd7?s=96&d=mm&r=g\",\"url\":\"https:\\\/\\\/secure.gravatar.com\\\/avatar\\\/64ebac40b93f26a154f8a9b5b6fdccfc46f442b26b3dd6756dbff3bf9dc76fd7?s=96&d=mm&r=g\",\"contentUrl\":\"https:\\\/\\\/secure.gravatar.com\\\/avatar\\\/64ebac40b93f26a154f8a9b5b6fdccfc46f442b26b3dd6756dbff3bf9dc76fd7?s=96&d=mm&r=g\",\"caption\":\"super-news\"},\"url\":\"https:\\\/\\\/super-news.info\\\/pl\\\/author\\\/pt\\\/\"}]}<\/script>\n<!-- \/ Yoast SEO plugin. -->","yoast_head_json":{"title":"Problemy z nowym badaniem rynku medi\u00f3w w Polsce. Marketerzy zaniepokojeni brakiem porozumienia - Super News","robots":{"index":"index","follow":"follow","max-snippet":"max-snippet:-1","max-image-preview":"max-image-preview:large","max-video-preview":"max-video-preview:-1"},"canonical":"https:\/\/super-news.info\/pl\/problemy-z-nowym-badaniem-rynku-mediow-w-polsce-marketerzy-zaniepokojeni-brakiem-porozumienia\/","og_locale":"pl_PL","og_type":"article","og_title":"Problemy z nowym badaniem rynku medi\u00f3w w Polsce. Marketerzy zaniepokojeni brakiem porozumienia - Super News","og_description":"[ad_1] W styczniu br. pisali\u015bmy o tym, \u017ce przedstawiciele nadawc\u00f3w, IAA Polska oraz SAR spotkali si\u0119, by om\u00f3wi\u0107 post\u0119py dotycz\u0105ce\u00a0 pilota\u017cowego badania ogl\u0105dalno\u015bci i s\u0142uchalno\u015bci medi\u00f3w. Zg\u0142osili tak\u017ce swoje uwagi do kwestionariusza badawczego, kt\u00f3re dotyczy\u0142y m.in. pyta\u0144 o pogl\u0105dy religijne i polityczne. Pierwotna wersja kwestionariusza, dotycz\u0105cego badania pilota\u017cowego zosta\u0142a przez \u015brodowisko odrzucona. Nast\u0119pnie powsta\u0142a nowa [&hellip;]","og_url":"https:\/\/super-news.info\/pl\/problemy-z-nowym-badaniem-rynku-mediow-w-polsce-marketerzy-zaniepokojeni-brakiem-porozumienia\/","og_site_name":"Super News","article_published_time":"2019-04-09T08:59:13+00:00","article_modified_time":"2019-04-09T08:59:14+00:00","og_image":[{"width":655,"height":437,"url":"https:\/\/super-news.info\/pl\/wp-content\/uploads\/sites\/6\/2019\/04\/Problemy-z-nowym-badaniem-rynku-medi\u00f3w-w-Polsce.-Marketerzy-zaniepokojeni.jpg","type":"image\/jpeg"}],"author":"super-news","twitter_card":"summary_large_image","twitter_misc":{"Napisane przez":"super-news","Szacowany czas czytania":"11 minut"},"schema":{"@context":"https:\/\/schema.org","@graph":[{"@type":"Article","@id":"https:\/\/super-news.info\/pl\/problemy-z-nowym-badaniem-rynku-mediow-w-polsce-marketerzy-zaniepokojeni-brakiem-porozumienia\/#article","isPartOf":{"@id":"https:\/\/super-news.info\/pl\/problemy-z-nowym-badaniem-rynku-mediow-w-polsce-marketerzy-zaniepokojeni-brakiem-porozumienia\/"},"author":{"name":"super-news","@id":"https:\/\/super-news.info\/pl\/#\/schema\/person\/2d4068cb2f39cd10008c2fce578a7356"},"headline":"Problemy z nowym badaniem rynku medi\u00f3w w Polsce. Marketerzy zaniepokojeni brakiem porozumienia","datePublished":"2019-04-09T08:59:13+00:00","dateModified":"2019-04-09T08:59:14+00:00","mainEntityOfPage":{"@id":"https:\/\/super-news.info\/pl\/problemy-z-nowym-badaniem-rynku-mediow-w-polsce-marketerzy-zaniepokojeni-brakiem-porozumienia\/"},"wordCount":2157,"commentCount":0,"image":{"@id":"https:\/\/super-news.info\/pl\/problemy-z-nowym-badaniem-rynku-mediow-w-polsce-marketerzy-zaniepokojeni-brakiem-porozumienia\/#primaryimage"},"thumbnailUrl":"https:\/\/super-news.info\/pl\/wp-content\/uploads\/sites\/6\/2019\/04\/Problemy-z-nowym-badaniem-rynku-medi\u00f3w-w-Polsce.-Marketerzy-zaniepokojeni.jpg","articleSection":["WIADOMO\u015aCI MARKETINGOWE"],"inLanguage":"pl-PL","potentialAction":[{"@type":"CommentAction","name":"Comment","target":["https:\/\/super-news.info\/pl\/problemy-z-nowym-badaniem-rynku-mediow-w-polsce-marketerzy-zaniepokojeni-brakiem-porozumienia\/#respond"]}]},{"@type":"WebPage","@id":"https:\/\/super-news.info\/pl\/problemy-z-nowym-badaniem-rynku-mediow-w-polsce-marketerzy-zaniepokojeni-brakiem-porozumienia\/","url":"https:\/\/super-news.info\/pl\/problemy-z-nowym-badaniem-rynku-mediow-w-polsce-marketerzy-zaniepokojeni-brakiem-porozumienia\/","name":"Problemy z nowym badaniem rynku medi\u00f3w w Polsce. Marketerzy zaniepokojeni brakiem porozumienia - Super News","isPartOf":{"@id":"https:\/\/super-news.info\/pl\/#website"},"primaryImageOfPage":{"@id":"https:\/\/super-news.info\/pl\/problemy-z-nowym-badaniem-rynku-mediow-w-polsce-marketerzy-zaniepokojeni-brakiem-porozumienia\/#primaryimage"},"image":{"@id":"https:\/\/super-news.info\/pl\/problemy-z-nowym-badaniem-rynku-mediow-w-polsce-marketerzy-zaniepokojeni-brakiem-porozumienia\/#primaryimage"},"thumbnailUrl":"https:\/\/super-news.info\/pl\/wp-content\/uploads\/sites\/6\/2019\/04\/Problemy-z-nowym-badaniem-rynku-medi\u00f3w-w-Polsce.-Marketerzy-zaniepokojeni.jpg","datePublished":"2019-04-09T08:59:13+00:00","dateModified":"2019-04-09T08:59:14+00:00","author":{"@id":"https:\/\/super-news.info\/pl\/#\/schema\/person\/2d4068cb2f39cd10008c2fce578a7356"},"breadcrumb":{"@id":"https:\/\/super-news.info\/pl\/problemy-z-nowym-badaniem-rynku-mediow-w-polsce-marketerzy-zaniepokojeni-brakiem-porozumienia\/#breadcrumb"},"inLanguage":"pl-PL","potentialAction":[{"@type":"ReadAction","target":["https:\/\/super-news.info\/pl\/problemy-z-nowym-badaniem-rynku-mediow-w-polsce-marketerzy-zaniepokojeni-brakiem-porozumienia\/"]}]},{"@type":"ImageObject","inLanguage":"pl-PL","@id":"https:\/\/super-news.info\/pl\/problemy-z-nowym-badaniem-rynku-mediow-w-polsce-marketerzy-zaniepokojeni-brakiem-porozumienia\/#primaryimage","url":"https:\/\/super-news.info\/pl\/wp-content\/uploads\/sites\/6\/2019\/04\/Problemy-z-nowym-badaniem-rynku-medi\u00f3w-w-Polsce.-Marketerzy-zaniepokojeni.jpg","contentUrl":"https:\/\/super-news.info\/pl\/wp-content\/uploads\/sites\/6\/2019\/04\/Problemy-z-nowym-badaniem-rynku-medi\u00f3w-w-Polsce.-Marketerzy-zaniepokojeni.jpg","width":655,"height":437,"caption":"Article"},{"@type":"BreadcrumbList","@id":"https:\/\/super-news.info\/pl\/problemy-z-nowym-badaniem-rynku-mediow-w-polsce-marketerzy-zaniepokojeni-brakiem-porozumienia\/#breadcrumb","itemListElement":[{"@type":"ListItem","position":1,"name":"\u0413\u043b\u0430\u0432\u043d\u0430\u044f \u0441\u0442\u0440\u0430\u043d\u0438\u0446\u0430","item":"https:\/\/super-news.info\/pl\/"},{"@type":"ListItem","position":2,"name":"Problemy z nowym badaniem rynku medi\u00f3w w Polsce. Marketerzy zaniepokojeni brakiem porozumienia"}]},{"@type":"WebSite","@id":"https:\/\/super-news.info\/pl\/#website","url":"https:\/\/super-news.info\/pl\/","name":"Super News","description":"Super News Polska","potentialAction":[{"@type":"SearchAction","target":{"@type":"EntryPoint","urlTemplate":"https:\/\/super-news.info\/pl\/?s={search_term_string}"},"query-input":{"@type":"PropertyValueSpecification","valueRequired":true,"valueName":"search_term_string"}}],"inLanguage":"pl-PL"},{"@type":"Person","@id":"https:\/\/super-news.info\/pl\/#\/schema\/person\/2d4068cb2f39cd10008c2fce578a7356","name":"super-news","image":{"@type":"ImageObject","inLanguage":"pl-PL","@id":"https:\/\/secure.gravatar.com\/avatar\/64ebac40b93f26a154f8a9b5b6fdccfc46f442b26b3dd6756dbff3bf9dc76fd7?s=96&d=mm&r=g","url":"https:\/\/secure.gravatar.com\/avatar\/64ebac40b93f26a154f8a9b5b6fdccfc46f442b26b3dd6756dbff3bf9dc76fd7?s=96&d=mm&r=g","contentUrl":"https:\/\/secure.gravatar.com\/avatar\/64ebac40b93f26a154f8a9b5b6fdccfc46f442b26b3dd6756dbff3bf9dc76fd7?s=96&d=mm&r=g","caption":"super-news"},"url":"https:\/\/super-news.info\/pl\/author\/pt\/"}]}},"_links":{"self":[{"href":"https:\/\/super-news.info\/pl\/wp-json\/wp\/v2\/posts\/56","targetHints":{"allow":["GET"]}}],"collection":[{"href":"https:\/\/super-news.info\/pl\/wp-json\/wp\/v2\/posts"}],"about":[{"href":"https:\/\/super-news.info\/pl\/wp-json\/wp\/v2\/types\/post"}],"author":[{"embeddable":true,"href":"https:\/\/super-news.info\/pl\/wp-json\/wp\/v2\/users\/2"}],"replies":[{"embeddable":true,"href":"https:\/\/super-news.info\/pl\/wp-json\/wp\/v2\/comments?post=56"}],"version-history":[{"count":1,"href":"https:\/\/super-news.info\/pl\/wp-json\/wp\/v2\/posts\/56\/revisions"}],"predecessor-version":[{"id":58,"href":"https:\/\/super-news.info\/pl\/wp-json\/wp\/v2\/posts\/56\/revisions\/58"}],"wp:featuredmedia":[{"embeddable":true,"href":"https:\/\/super-news.info\/pl\/wp-json\/wp\/v2\/media\/57"}],"wp:attachment":[{"href":"https:\/\/super-news.info\/pl\/wp-json\/wp\/v2\/media?parent=56"}],"wp:term":[{"taxonomy":"category","embeddable":true,"href":"https:\/\/super-news.info\/pl\/wp-json\/wp\/v2\/categories?post=56"},{"taxonomy":"post_tag","embeddable":true,"href":"https:\/\/super-news.info\/pl\/wp-json\/wp\/v2\/tags?post=56"}],"curies":[{"name":"wp","href":"https:\/\/api.w.org\/{rel}","templated":true}]}}