{"id":503,"date":"2019-05-23T13:07:31","date_gmt":"2019-05-23T10:07:31","guid":{"rendered":"https:\/\/super-news.info\/pl\/wciaz-bez-poprawy-w-niemieckiej-gospodarce\/"},"modified":"2020-02-20T16:22:13","modified_gmt":"2020-02-20T13:22:13","slug":"wciaz-bez-poprawy-w-niemieckiej-gospodarce","status":"publish","type":"post","link":"https:\/\/super-news.info\/pl\/wciaz-bez-poprawy-w-niemieckiej-gospodarce\/","title":{"rendered":"Wci\u0105\u017c bez poprawy w niemieckiej gospodarce"},"content":{"rendered":"<p>Krzysztof Kolany<\/p>\n<p>Nie potwierdzi\u0142y si\u0119 nadzieje optymist\u00f3w. Naj\u015bwie\u017csze dane z Niemiec nie pokaza\u0142y d\u0142ugo wyczekiwanego o\u017cywienia gospodarczego. Co wi\u0119cej, zar\u00f3wno PMI, jak i Ifo wskaza\u0142y na pog\u0142\u0119bienie regresu w niemieckim przemy\u015ble.<\/p>\n<p>Praktycznie od pocz\u0105tku 2018 roku mamy do czynienia ze znacz\u0105cym spowolnieniem wzrostu gospodarczego w strefie euro, a zw\u0142aszcza w Niemczech. Co wi\u0119cej, zjawiska recesyjne nasili\u0142y si\u0119 w tym roku. Najostrzejszym punktem zapalnym jest niemiecki sektor wytw\u00f3rczy, kt\u00f3ry przez ostatnie lata by\u0142 lokomotyw\u0105 europejskiej gospodarki.<\/p>\n<p>Ju\u017c miesi\u0105c temu dane z Niemiec wyra\u017anie rozczarowa\u0142y. Maj nie przyni\u00f3s\u0142 poprawy. \u201ePrzemys\u0142owy\u201d PMI dla Niemiec obni\u017cy\u0142 si\u0119 do 44,3 pkt. wobec 44,4 pkt. w kwietniu. By\u0142 to drugi najni\u017cszy odczyt w ci\u0105gu ostatnich 7 lat. Malej\u0105ce odczyty PMI sygnalizuj\u0105 nasilenie si\u0119 zjawisk recesyjnych w badanym sektorze. To r\u00f3wnocze\u015bnie spore rozczarowanie, poniewa\u017c analitycy liczyli na wzrost tego wska\u017anika do 44,8 pkt.<\/p>\n<p>Nieco s\u0142abiej od oczekiwa\u0144 wypad\u0142 te\u017c \u201eus\u0142ugowy\u201d PMI dla naszych zachodnich s\u0105siad\u00f3w, kt\u00f3ry obni\u017cy\u0142 si\u0119 z 55,7 pkt. do 55,0 pkt. przy prognozach rz\u0119du 55,5 pkt. Zatem utrzymuje si\u0119 silna dywergencja w niemieckiej gospodarce, gdzie przemys\u0142 szybko si\u0119 \u201ezwija\u201d, natomiast ekspansja w sektorze us\u0142ug ma si\u0119 ca\u0142kiem nie\u017ale. Albowiem odczyty PMI powy\u017cej 55 punkt\u00f3w sygnalizuj\u0105 wzrost aktywno\u015bci ekonomicznej w badanym sektorze.<\/p>\n<p>\u2013 Przemys\u0142owcy pozostaj\u0105 najbardziej pesymistyczni wzgl\u0119dem perspektyw gospodarczych ze wzgl\u0119du na przed\u0142u\u017caj\u0105ce si\u0119 napi\u0119cia w \u015bwiatowym handlu. Lecz badania sugeruj\u0105, \u017ce spowolnienie mog\u0142o zacz\u0105\u0107 przedostawa\u0107 si\u0119 tak\u017ce do sektora us\u0142ug \u2013 podsumowa\u0142 majowy raport Phil Smith, g\u0142\u00f3wny ekonomista w IHS Markit.<\/p>\n<p>Drugim rozczarowaniem by\u0142 najnowszy odczyt indeksu Ifomierz\u0105cego nastroje w\u015br\u00f3d niemieckich mened\u017cer\u00f3w. W maju wska\u017anik ten odnotowa\u0142spadek do 97,9 pkt. wobec 99,2 pkt. odnotowanych w kwietniu i oczekiwa\u0144analityk\u00f3w na poziomie 99,1 pkt. Znacz\u0105co pogorszy\u0142a si\u0119 ocena obecnej sytuacjiw gospodarce, podczas gdy perspektywy na kolejne miesi\u0105ce pozosta\u0142yniezmienione.<\/p>\n<p>\u2013 Niemieckiej gospodarce wci\u0105\u017c brakuje p\u0119du \u2013 skomentowa\u0142 wyniki majowego badania Clemens Fuest, prezydent Instytutu Ifo. W dalszym ci\u0105gu rejestrowano pogarszanie si\u0119 nastroj\u00f3w w przemy\u015ble, czemu towarzyszy\u0142 spadek animuszu w sektorze us\u0142ugowym oraz w handlu. Jedynie w budownictwie nast\u0119powa\u0142a sukcesywna poprawa nastroj\u00f3w po tym, jak w ko\u0144c\u00f3wce 2018 roku dosz\u0142o tam do za\u0142amania optymizmu.<\/p>\n<p><a href=\"http:\/\/www.bankier.pl\/wiadomosc\/Wciaz-bez-poprawy-w-niemieckiej-gospodarce-7674727.html\">Source link <\/a><\/p>\n","protected":false},"excerpt":{"rendered":"<p>Krzysztof Kolany Nie potwierdzi\u0142y si\u0119 nadzieje optymist\u00f3w. Naj\u015bwie\u017csze dane z Niemiec nie pokaza\u0142y d\u0142ugo wyczekiwanego o\u017cywienia gospodarczego. Co wi\u0119cej, zar\u00f3wno PMI, jak i Ifo wskaza\u0142y na pog\u0142\u0119bienie regresu w niemieckim przemy\u015ble. Praktycznie od pocz\u0105tku 2018 roku mamy do czynienia ze znacz\u0105cym spowolnieniem wzrostu gospodarczego w strefie euro, a zw\u0142aszcza w Niemczech. Co wi\u0119cej, zjawiska recesyjne [&hellip;]<\/p>\n","protected":false},"author":2,"featured_media":504,"comment_status":"open","ping_status":"open","sticky":false,"template":"","format":"standard","meta":{"footnotes":""},"categories":[1],"tags":[],"class_list":["post-503","post","type-post","status-publish","format-standard","has-post-thumbnail","hentry","category-wiadomosci-finansowe"],"yoast_head":"<!-- This site is optimized with the Yoast SEO plugin v27.4 - https:\/\/yoast.com\/product\/yoast-seo-wordpress\/ -->\n<title>Wci\u0105\u017c bez poprawy w niemieckiej gospodarce - Super News<\/title>\n<meta name=\"robots\" content=\"index, follow, max-snippet:-1, max-image-preview:large, max-video-preview:-1\" \/>\n<link rel=\"canonical\" href=\"https:\/\/super-news.info\/pl\/wciaz-bez-poprawy-w-niemieckiej-gospodarce\/\" \/>\n<meta property=\"og:locale\" content=\"pl_PL\" \/>\n<meta property=\"og:type\" content=\"article\" \/>\n<meta property=\"og:title\" content=\"Wci\u0105\u017c bez poprawy w niemieckiej gospodarce - Super News\" \/>\n<meta property=\"og:description\" content=\"Krzysztof Kolany Nie potwierdzi\u0142y si\u0119 nadzieje optymist\u00f3w. Naj\u015bwie\u017csze dane z Niemiec nie pokaza\u0142y d\u0142ugo wyczekiwanego o\u017cywienia gospodarczego. Co wi\u0119cej, zar\u00f3wno PMI, jak i Ifo wskaza\u0142y na pog\u0142\u0119bienie regresu w niemieckim przemy\u015ble. Praktycznie od pocz\u0105tku 2018 roku mamy do czynienia ze znacz\u0105cym spowolnieniem wzrostu gospodarczego w strefie euro, a zw\u0142aszcza w Niemczech. Co wi\u0119cej, zjawiska recesyjne [&hellip;]\" \/>\n<meta property=\"og:url\" content=\"https:\/\/super-news.info\/pl\/wciaz-bez-poprawy-w-niemieckiej-gospodarce\/\" \/>\n<meta property=\"og:site_name\" content=\"Super News\" \/>\n<meta property=\"article:published_time\" content=\"2019-05-23T10:07:31+00:00\" \/>\n<meta property=\"article:modified_time\" content=\"2020-02-20T13:22:13+00:00\" \/>\n<meta property=\"og:image\" content=\"https:\/\/super-news.info\/pl\/wp-content\/uploads\/sites\/6\/2019\/05\/Wci\u0105\u017c-bez-poprawy-w-niemieckiej-gospodarce.png\" \/>\n\t<meta property=\"og:image:width\" content=\"645\" \/>\n\t<meta property=\"og:image:height\" content=\"401\" \/>\n\t<meta property=\"og:image:type\" content=\"image\/png\" \/>\n<meta name=\"author\" content=\"super-news\" \/>\n<meta name=\"twitter:card\" content=\"summary_large_image\" \/>\n<meta name=\"twitter:label1\" content=\"Napisane przez\" \/>\n\t<meta name=\"twitter:data1\" content=\"super-news\" \/>\n\t<meta name=\"twitter:label2\" content=\"Szacowany czas czytania\" \/>\n\t<meta name=\"twitter:data2\" content=\"2 minuty\" \/>\n<script type=\"application\/ld+json\" class=\"yoast-schema-graph\">{\"@context\":\"https:\\\/\\\/schema.org\",\"@graph\":[{\"@type\":\"Article\",\"@id\":\"https:\\\/\\\/super-news.info\\\/pl\\\/wciaz-bez-poprawy-w-niemieckiej-gospodarce\\\/#article\",\"isPartOf\":{\"@id\":\"https:\\\/\\\/super-news.info\\\/pl\\\/wciaz-bez-poprawy-w-niemieckiej-gospodarce\\\/\"},\"author\":{\"name\":\"super-news\",\"@id\":\"https:\\\/\\\/super-news.info\\\/pl\\\/#\\\/schema\\\/person\\\/2d4068cb2f39cd10008c2fce578a7356\"},\"headline\":\"Wci\u0105\u017c bez poprawy w niemieckiej gospodarce\",\"datePublished\":\"2019-05-23T10:07:31+00:00\",\"dateModified\":\"2020-02-20T13:22:13+00:00\",\"mainEntityOfPage\":{\"@id\":\"https:\\\/\\\/super-news.info\\\/pl\\\/wciaz-bez-poprawy-w-niemieckiej-gospodarce\\\/\"},\"wordCount\":408,\"commentCount\":0,\"image\":{\"@id\":\"https:\\\/\\\/super-news.info\\\/pl\\\/wciaz-bez-poprawy-w-niemieckiej-gospodarce\\\/#primaryimage\"},\"thumbnailUrl\":\"https:\\\/\\\/super-news.info\\\/pl\\\/wp-content\\\/uploads\\\/sites\\\/6\\\/2019\\\/05\\\/Wci\u0105\u017c-bez-poprawy-w-niemieckiej-gospodarce.png\",\"articleSection\":[\"WIADOMO\u015aCI FINANSOWE\"],\"inLanguage\":\"pl-PL\",\"potentialAction\":[{\"@type\":\"CommentAction\",\"name\":\"Comment\",\"target\":[\"https:\\\/\\\/super-news.info\\\/pl\\\/wciaz-bez-poprawy-w-niemieckiej-gospodarce\\\/#respond\"]}]},{\"@type\":\"WebPage\",\"@id\":\"https:\\\/\\\/super-news.info\\\/pl\\\/wciaz-bez-poprawy-w-niemieckiej-gospodarce\\\/\",\"url\":\"https:\\\/\\\/super-news.info\\\/pl\\\/wciaz-bez-poprawy-w-niemieckiej-gospodarce\\\/\",\"name\":\"Wci\u0105\u017c bez poprawy w niemieckiej gospodarce - Super News\",\"isPartOf\":{\"@id\":\"https:\\\/\\\/super-news.info\\\/pl\\\/#website\"},\"primaryImageOfPage\":{\"@id\":\"https:\\\/\\\/super-news.info\\\/pl\\\/wciaz-bez-poprawy-w-niemieckiej-gospodarce\\\/#primaryimage\"},\"image\":{\"@id\":\"https:\\\/\\\/super-news.info\\\/pl\\\/wciaz-bez-poprawy-w-niemieckiej-gospodarce\\\/#primaryimage\"},\"thumbnailUrl\":\"https:\\\/\\\/super-news.info\\\/pl\\\/wp-content\\\/uploads\\\/sites\\\/6\\\/2019\\\/05\\\/Wci\u0105\u017c-bez-poprawy-w-niemieckiej-gospodarce.png\",\"datePublished\":\"2019-05-23T10:07:31+00:00\",\"dateModified\":\"2020-02-20T13:22:13+00:00\",\"author\":{\"@id\":\"https:\\\/\\\/super-news.info\\\/pl\\\/#\\\/schema\\\/person\\\/2d4068cb2f39cd10008c2fce578a7356\"},\"breadcrumb\":{\"@id\":\"https:\\\/\\\/super-news.info\\\/pl\\\/wciaz-bez-poprawy-w-niemieckiej-gospodarce\\\/#breadcrumb\"},\"inLanguage\":\"pl-PL\",\"potentialAction\":[{\"@type\":\"ReadAction\",\"target\":[\"https:\\\/\\\/super-news.info\\\/pl\\\/wciaz-bez-poprawy-w-niemieckiej-gospodarce\\\/\"]}]},{\"@type\":\"ImageObject\",\"inLanguage\":\"pl-PL\",\"@id\":\"https:\\\/\\\/super-news.info\\\/pl\\\/wciaz-bez-poprawy-w-niemieckiej-gospodarce\\\/#primaryimage\",\"url\":\"https:\\\/\\\/super-news.info\\\/pl\\\/wp-content\\\/uploads\\\/sites\\\/6\\\/2019\\\/05\\\/Wci\u0105\u017c-bez-poprawy-w-niemieckiej-gospodarce.png\",\"contentUrl\":\"https:\\\/\\\/super-news.info\\\/pl\\\/wp-content\\\/uploads\\\/sites\\\/6\\\/2019\\\/05\\\/Wci\u0105\u017c-bez-poprawy-w-niemieckiej-gospodarce.png\",\"width\":645,\"height\":401,\"caption\":\"\u0141\u0105czony (dla sektora us\u0142ug i wytw\u00f3rczego) PMI Niemiec (w pkt., prawa o\u015b) na tle kwartalnej dynamiki PKB (w % kdk, lewa o\u015b).\"},{\"@type\":\"BreadcrumbList\",\"@id\":\"https:\\\/\\\/super-news.info\\\/pl\\\/wciaz-bez-poprawy-w-niemieckiej-gospodarce\\\/#breadcrumb\",\"itemListElement\":[{\"@type\":\"ListItem\",\"position\":1,\"name\":\"\u0413\u043b\u0430\u0432\u043d\u0430\u044f \u0441\u0442\u0440\u0430\u043d\u0438\u0446\u0430\",\"item\":\"https:\\\/\\\/super-news.info\\\/pl\\\/\"},{\"@type\":\"ListItem\",\"position\":2,\"name\":\"Wci\u0105\u017c bez poprawy w niemieckiej gospodarce\"}]},{\"@type\":\"WebSite\",\"@id\":\"https:\\\/\\\/super-news.info\\\/pl\\\/#website\",\"url\":\"https:\\\/\\\/super-news.info\\\/pl\\\/\",\"name\":\"Super News\",\"description\":\"Super News Polska\",\"potentialAction\":[{\"@type\":\"SearchAction\",\"target\":{\"@type\":\"EntryPoint\",\"urlTemplate\":\"https:\\\/\\\/super-news.info\\\/pl\\\/?s={search_term_string}\"},\"query-input\":{\"@type\":\"PropertyValueSpecification\",\"valueRequired\":true,\"valueName\":\"search_term_string\"}}],\"inLanguage\":\"pl-PL\"},{\"@type\":\"Person\",\"@id\":\"https:\\\/\\\/super-news.info\\\/pl\\\/#\\\/schema\\\/person\\\/2d4068cb2f39cd10008c2fce578a7356\",\"name\":\"super-news\",\"image\":{\"@type\":\"ImageObject\",\"inLanguage\":\"pl-PL\",\"@id\":\"https:\\\/\\\/secure.gravatar.com\\\/avatar\\\/64ebac40b93f26a154f8a9b5b6fdccfc46f442b26b3dd6756dbff3bf9dc76fd7?s=96&d=mm&r=g\",\"url\":\"https:\\\/\\\/secure.gravatar.com\\\/avatar\\\/64ebac40b93f26a154f8a9b5b6fdccfc46f442b26b3dd6756dbff3bf9dc76fd7?s=96&d=mm&r=g\",\"contentUrl\":\"https:\\\/\\\/secure.gravatar.com\\\/avatar\\\/64ebac40b93f26a154f8a9b5b6fdccfc46f442b26b3dd6756dbff3bf9dc76fd7?s=96&d=mm&r=g\",\"caption\":\"super-news\"},\"url\":\"https:\\\/\\\/super-news.info\\\/pl\\\/author\\\/pt\\\/\"}]}<\/script>\n<!-- \/ Yoast SEO plugin. -->","yoast_head_json":{"title":"Wci\u0105\u017c bez poprawy w niemieckiej gospodarce - Super News","robots":{"index":"index","follow":"follow","max-snippet":"max-snippet:-1","max-image-preview":"max-image-preview:large","max-video-preview":"max-video-preview:-1"},"canonical":"https:\/\/super-news.info\/pl\/wciaz-bez-poprawy-w-niemieckiej-gospodarce\/","og_locale":"pl_PL","og_type":"article","og_title":"Wci\u0105\u017c bez poprawy w niemieckiej gospodarce - Super News","og_description":"Krzysztof Kolany Nie potwierdzi\u0142y si\u0119 nadzieje optymist\u00f3w. Naj\u015bwie\u017csze dane z Niemiec nie pokaza\u0142y d\u0142ugo wyczekiwanego o\u017cywienia gospodarczego. Co wi\u0119cej, zar\u00f3wno PMI, jak i Ifo wskaza\u0142y na pog\u0142\u0119bienie regresu w niemieckim przemy\u015ble. Praktycznie od pocz\u0105tku 2018 roku mamy do czynienia ze znacz\u0105cym spowolnieniem wzrostu gospodarczego w strefie euro, a zw\u0142aszcza w Niemczech. Co wi\u0119cej, zjawiska recesyjne [&hellip;]","og_url":"https:\/\/super-news.info\/pl\/wciaz-bez-poprawy-w-niemieckiej-gospodarce\/","og_site_name":"Super News","article_published_time":"2019-05-23T10:07:31+00:00","article_modified_time":"2020-02-20T13:22:13+00:00","og_image":[{"width":645,"height":401,"url":"https:\/\/super-news.info\/pl\/wp-content\/uploads\/sites\/6\/2019\/05\/Wci\u0105\u017c-bez-poprawy-w-niemieckiej-gospodarce.png","type":"image\/png"}],"author":"super-news","twitter_card":"summary_large_image","twitter_misc":{"Napisane przez":"super-news","Szacowany czas czytania":"2 minuty"},"schema":{"@context":"https:\/\/schema.org","@graph":[{"@type":"Article","@id":"https:\/\/super-news.info\/pl\/wciaz-bez-poprawy-w-niemieckiej-gospodarce\/#article","isPartOf":{"@id":"https:\/\/super-news.info\/pl\/wciaz-bez-poprawy-w-niemieckiej-gospodarce\/"},"author":{"name":"super-news","@id":"https:\/\/super-news.info\/pl\/#\/schema\/person\/2d4068cb2f39cd10008c2fce578a7356"},"headline":"Wci\u0105\u017c bez poprawy w niemieckiej gospodarce","datePublished":"2019-05-23T10:07:31+00:00","dateModified":"2020-02-20T13:22:13+00:00","mainEntityOfPage":{"@id":"https:\/\/super-news.info\/pl\/wciaz-bez-poprawy-w-niemieckiej-gospodarce\/"},"wordCount":408,"commentCount":0,"image":{"@id":"https:\/\/super-news.info\/pl\/wciaz-bez-poprawy-w-niemieckiej-gospodarce\/#primaryimage"},"thumbnailUrl":"https:\/\/super-news.info\/pl\/wp-content\/uploads\/sites\/6\/2019\/05\/Wci\u0105\u017c-bez-poprawy-w-niemieckiej-gospodarce.png","articleSection":["WIADOMO\u015aCI FINANSOWE"],"inLanguage":"pl-PL","potentialAction":[{"@type":"CommentAction","name":"Comment","target":["https:\/\/super-news.info\/pl\/wciaz-bez-poprawy-w-niemieckiej-gospodarce\/#respond"]}]},{"@type":"WebPage","@id":"https:\/\/super-news.info\/pl\/wciaz-bez-poprawy-w-niemieckiej-gospodarce\/","url":"https:\/\/super-news.info\/pl\/wciaz-bez-poprawy-w-niemieckiej-gospodarce\/","name":"Wci\u0105\u017c bez poprawy w niemieckiej gospodarce - Super News","isPartOf":{"@id":"https:\/\/super-news.info\/pl\/#website"},"primaryImageOfPage":{"@id":"https:\/\/super-news.info\/pl\/wciaz-bez-poprawy-w-niemieckiej-gospodarce\/#primaryimage"},"image":{"@id":"https:\/\/super-news.info\/pl\/wciaz-bez-poprawy-w-niemieckiej-gospodarce\/#primaryimage"},"thumbnailUrl":"https:\/\/super-news.info\/pl\/wp-content\/uploads\/sites\/6\/2019\/05\/Wci\u0105\u017c-bez-poprawy-w-niemieckiej-gospodarce.png","datePublished":"2019-05-23T10:07:31+00:00","dateModified":"2020-02-20T13:22:13+00:00","author":{"@id":"https:\/\/super-news.info\/pl\/#\/schema\/person\/2d4068cb2f39cd10008c2fce578a7356"},"breadcrumb":{"@id":"https:\/\/super-news.info\/pl\/wciaz-bez-poprawy-w-niemieckiej-gospodarce\/#breadcrumb"},"inLanguage":"pl-PL","potentialAction":[{"@type":"ReadAction","target":["https:\/\/super-news.info\/pl\/wciaz-bez-poprawy-w-niemieckiej-gospodarce\/"]}]},{"@type":"ImageObject","inLanguage":"pl-PL","@id":"https:\/\/super-news.info\/pl\/wciaz-bez-poprawy-w-niemieckiej-gospodarce\/#primaryimage","url":"https:\/\/super-news.info\/pl\/wp-content\/uploads\/sites\/6\/2019\/05\/Wci\u0105\u017c-bez-poprawy-w-niemieckiej-gospodarce.png","contentUrl":"https:\/\/super-news.info\/pl\/wp-content\/uploads\/sites\/6\/2019\/05\/Wci\u0105\u017c-bez-poprawy-w-niemieckiej-gospodarce.png","width":645,"height":401,"caption":"\u0141\u0105czony (dla sektora us\u0142ug i wytw\u00f3rczego) PMI Niemiec (w pkt., prawa o\u015b) na tle kwartalnej dynamiki PKB (w % kdk, lewa o\u015b)."},{"@type":"BreadcrumbList","@id":"https:\/\/super-news.info\/pl\/wciaz-bez-poprawy-w-niemieckiej-gospodarce\/#breadcrumb","itemListElement":[{"@type":"ListItem","position":1,"name":"\u0413\u043b\u0430\u0432\u043d\u0430\u044f \u0441\u0442\u0440\u0430\u043d\u0438\u0446\u0430","item":"https:\/\/super-news.info\/pl\/"},{"@type":"ListItem","position":2,"name":"Wci\u0105\u017c bez poprawy w niemieckiej gospodarce"}]},{"@type":"WebSite","@id":"https:\/\/super-news.info\/pl\/#website","url":"https:\/\/super-news.info\/pl\/","name":"Super News","description":"Super News Polska","potentialAction":[{"@type":"SearchAction","target":{"@type":"EntryPoint","urlTemplate":"https:\/\/super-news.info\/pl\/?s={search_term_string}"},"query-input":{"@type":"PropertyValueSpecification","valueRequired":true,"valueName":"search_term_string"}}],"inLanguage":"pl-PL"},{"@type":"Person","@id":"https:\/\/super-news.info\/pl\/#\/schema\/person\/2d4068cb2f39cd10008c2fce578a7356","name":"super-news","image":{"@type":"ImageObject","inLanguage":"pl-PL","@id":"https:\/\/secure.gravatar.com\/avatar\/64ebac40b93f26a154f8a9b5b6fdccfc46f442b26b3dd6756dbff3bf9dc76fd7?s=96&d=mm&r=g","url":"https:\/\/secure.gravatar.com\/avatar\/64ebac40b93f26a154f8a9b5b6fdccfc46f442b26b3dd6756dbff3bf9dc76fd7?s=96&d=mm&r=g","contentUrl":"https:\/\/secure.gravatar.com\/avatar\/64ebac40b93f26a154f8a9b5b6fdccfc46f442b26b3dd6756dbff3bf9dc76fd7?s=96&d=mm&r=g","caption":"super-news"},"url":"https:\/\/super-news.info\/pl\/author\/pt\/"}]}},"_links":{"self":[{"href":"https:\/\/super-news.info\/pl\/wp-json\/wp\/v2\/posts\/503","targetHints":{"allow":["GET"]}}],"collection":[{"href":"https:\/\/super-news.info\/pl\/wp-json\/wp\/v2\/posts"}],"about":[{"href":"https:\/\/super-news.info\/pl\/wp-json\/wp\/v2\/types\/post"}],"author":[{"embeddable":true,"href":"https:\/\/super-news.info\/pl\/wp-json\/wp\/v2\/users\/2"}],"replies":[{"embeddable":true,"href":"https:\/\/super-news.info\/pl\/wp-json\/wp\/v2\/comments?post=503"}],"version-history":[{"count":2,"href":"https:\/\/super-news.info\/pl\/wp-json\/wp\/v2\/posts\/503\/revisions"}],"predecessor-version":[{"id":2367,"href":"https:\/\/super-news.info\/pl\/wp-json\/wp\/v2\/posts\/503\/revisions\/2367"}],"wp:featuredmedia":[{"embeddable":true,"href":"https:\/\/super-news.info\/pl\/wp-json\/wp\/v2\/media\/504"}],"wp:attachment":[{"href":"https:\/\/super-news.info\/pl\/wp-json\/wp\/v2\/media?parent=503"}],"wp:term":[{"taxonomy":"category","embeddable":true,"href":"https:\/\/super-news.info\/pl\/wp-json\/wp\/v2\/categories?post=503"},{"taxonomy":"post_tag","embeddable":true,"href":"https:\/\/super-news.info\/pl\/wp-json\/wp\/v2\/tags?post=503"}],"curies":[{"name":"wp","href":"https:\/\/api.w.org\/{rel}","templated":true}]}}