{"id":50,"date":"2019-04-09T07:30:01","date_gmt":"2019-04-09T04:30:01","guid":{"rendered":"https:\/\/super-news.info\/pl\/wiadomosci-marketingowe\/w-badaniu-gemius-pbi-nowe-cechy-socjodemograficzne-internautow-dot-dzieci-seniorow-i-zakupow\/"},"modified":"2019-04-09T07:30:02","modified_gmt":"2019-04-09T04:30:02","slug":"w-badaniu-gemius-pbi-nowe-cechy-socjodemograficzne-internautow-dot-dzieci-seniorow-i-zakupow","status":"publish","type":"post","link":"https:\/\/super-news.info\/pl\/w-badaniu-gemius-pbi-nowe-cechy-socjodemograficzne-internautow-dot-dzieci-seniorow-i-zakupow\/","title":{"rendered":"W badaniu Gemius\/PBI nowe cechy socjodemograficzne internaut\u00f3w dot. dzieci, senior\u00f3w i zakup\u00f3w"},"content":{"rendered":"<p> [ad_1]<br \/>\n<\/p>\n<div id=\"\">\n<p>W badaniu Gemius\/PBI pojawi\u0142a si\u0119 <strong>cecha dotycz\u0105ca obecno\u015bci w gospodarstwie domowym internauty dzieci w okre\u015blonym wieku<\/strong> (wprowadzono nast\u0119puj\u0105ce przedzia\u0142y wiekowe: 0-3 lat, 4-7 lat, 8-14 lat, 15-18 lat, a tak\u017ce og\u00f3lne kryterium posiadania dzieci w wieku do 18 lat). Dodano te\u017c <strong>cech\u0119 dotycz\u0105c\u0105 obecno\u015bci w gospodarstwie domowym starszych os\u00f3b (w wieku 65-95 lat) oraz robienia codziennych zakup\u00f3w<\/strong>.<\/p>\n<p>&#13;<br \/>\n&#13;<\/p>\n<p>Ju\u017c wcze\u015bniej w ramach badania Gemius\/PBI podawano szereg statystyk socjodemograficznych o samych internautach (p\u0142e\u0107, wiek, wykszta\u0142cenie, doch\u00f3d netto, wielko\u015b\u0107 miejscowo\u015bci, status zawodowy, wojew\u00f3dztwo) oraz ich gospodarstwach domowych (wielko\u015b\u0107 gospodarstwa, doch\u00f3d netto).<\/p>\n<p>&#13;<br \/>\n&#13;<\/p>\n<p>Nowe zmienne b\u0119d\u0105 dost\u0119pne dla u\u017cytkownik\u00f3w badania <strong>pocz\u0105wszy od wynik\u00f3w z marca br., w przypadku danych dziennych &#8211; od 3 kwietnia, a dla wynik\u00f3w tygodniowych &#8211; od tych z dni 1-7 kwietnia<\/strong>.<\/p>\n<p>&#13;<br \/>\n&#13;<\/p>\n<p>&#13;<br \/>\n&#13;<\/p>\n<p>&#8211; Ca\u0142y czas rozwijamy badanie, a nowe cechy skonstruowali\u015bmy w taki spos\u00f3b, aby u\u017cytkownicy mogli\u00a0 \u0142atwo budowa\u0107 grupy celowe wed\u0142ug swoich potrzeb. Dzi\u0119ki aktualizacji mo\u017cemy np. z du\u017cym prawdopodobie\u0144stwem wyodr\u0119bni\u0107 grup\u0119 celow\u0105 \u201eRodzice dzieci w okre\u015blonym wieku\u201d. Styl \u017cycia rodziny, w zale\u017cno\u015bci od liczby, wieku dzieci czy te\u017c obecno\u015bci senior\u00f3w, mo\u017ce by\u0107 bardzo r\u00f3\u017cny. Zmieniaj\u0105 si\u0119 ich potrzeby, priorytety, spos\u00f3b sp\u0119dzania wolnego czasu czy te\u017c preferencje zakupowe. Teraz mo\u017cemy to lepiej zrozumie\u0107 &#8211; komentuje Anna Ozi\u0119b\u0142o, dyrektor badania Gemius\/PBI.<\/p>\n<p>&#13;<br \/>\n&#13;<\/p>\n<p>&#8211; W analizowanych przez nas danych lutowych zauwa\u017cyli\u015bmy np. du\u017ce r\u00f3\u017cnice w aktywno\u015bci kobiet na PC w zale\u017cno\u015bci od liczby dzieci w gospodarstwie domowym. \u015aredni czas sp\u0119dzony na PC w internecie przez kobiety w wieku 25-54 z jednym dzieckiem jest o 4,5 godz. kr\u00f3tszy ni\u017c w przypadku kobiet 25-54 bez dzieci. W przypadku wi\u0119cej ni\u017c jednego dziecka r\u00f3\u017cnica ta wynosi 7,5 godz. Z kolei u m\u0119\u017cczyzn 25-54 ta rozbie\u017cno\u015b\u0107 jest mniejsza (odpowiednio 1,5 i 2 godziny w \u015brednim czasie sp\u0119dzonym na PC w sieci) &#8211; opisuje Ozi\u0119b\u0142o.<\/p>\n<p>&#13;<br \/>\n&#13;<\/p>\n<p>&#8211; Nowe grupy celowe poszerzaj\u0105 zakres wiedzy o gospodarstwach domowych o bardzo cenne informacje. Teraz powinno by\u0107 du\u017co \u0142atwiej dotrze\u0107 do internaut\u00f3w odpowiedzialnych za zakupy w gospodarstwach domowych z dzie\u0107mi w odpowiednim dla reklamodawcy wieku jak i do gospodarstw, w kt\u00f3rych zamieszkuj\u0105 osoby starsze &#8211; dodaje Pawe\u0142 Laskowski, prezes Polskich Bada\u0144 Internetu.<\/p>\n<p>&#13;<br \/>\n                            &#13;<br \/>\n&#13;<br \/>\n                            &#13;<br \/>\n&#13;<br \/>\n&#13;<br \/>\n&#13;<br \/>\n&#13;<br \/>\n&#13;<br \/>\n                            &#13;<br \/>\n                                                            &#13;<br \/>\n&#13;<br \/>\n                            &#13;\n                        <\/p><\/div>\n<p><script>(function (d, s, id) {\n        var js, fjs = d.getElementsByTagName(s)[0];\n        if (d.getElementById(id)) return;\n        js = d.createElement(s);\n        js.id = id;\n        js.src = \"http:\/\/connect.facebook.net\/pl_PL\/sdk.js#xfbml=1&version=v2.6&appId=297996717062470\";\n        fjs.parentNode.insertBefore(js, fjs);\n    }(document, 'script', 'facebook-jssdk'));<\/script><br \/>\n<br \/>[ad_2]<br \/>\n<br \/><a href=\"https:\/\/www.wirtualnemedia.pl\/artykul\/w-badaniu-gemius-pbi-nowe-cechy-socjodemograficzne-internautow-dot-dzieci-seniorow-i-zakupow\">Source link <\/a><\/p>\n","protected":false},"excerpt":{"rendered":"<p>[ad_1] W badaniu Gemius\/PBI pojawi\u0142a si\u0119 cecha dotycz\u0105ca obecno\u015bci w gospodarstwie domowym internauty dzieci w okre\u015blonym wieku (wprowadzono nast\u0119puj\u0105ce przedzia\u0142y wiekowe: 0-3 lat, 4-7 lat, 8-14 lat, 15-18 lat, a tak\u017ce og\u00f3lne kryterium posiadania dzieci w wieku do 18 lat). Dodano te\u017c cech\u0119 dotycz\u0105c\u0105 obecno\u015bci w gospodarstwie domowym starszych os\u00f3b (w wieku 65-95 lat) oraz [&hellip;]<\/p>\n","protected":false},"author":2,"featured_media":51,"comment_status":"open","ping_status":"open","sticky":false,"template":"","format":"standard","meta":{"footnotes":""},"categories":[3],"tags":[],"class_list":["post-50","post","type-post","status-publish","format-standard","has-post-thumbnail","hentry","category-wiadomosci-marketingowe"],"yoast_head":"<!-- This site is optimized with the Yoast SEO plugin v27.4 - https:\/\/yoast.com\/product\/yoast-seo-wordpress\/ -->\n<title>W badaniu Gemius\/PBI nowe cechy socjodemograficzne internaut\u00f3w dot. dzieci, senior\u00f3w i zakup\u00f3w - Super News<\/title>\n<meta name=\"robots\" content=\"index, follow, max-snippet:-1, max-image-preview:large, max-video-preview:-1\" \/>\n<link rel=\"canonical\" href=\"https:\/\/super-news.info\/pl\/w-badaniu-gemius-pbi-nowe-cechy-socjodemograficzne-internautow-dot-dzieci-seniorow-i-zakupow\/\" \/>\n<meta property=\"og:locale\" content=\"pl_PL\" \/>\n<meta property=\"og:type\" content=\"article\" \/>\n<meta property=\"og:title\" content=\"W badaniu Gemius\/PBI nowe cechy socjodemograficzne internaut\u00f3w dot. dzieci, senior\u00f3w i zakup\u00f3w - Super News\" \/>\n<meta property=\"og:description\" content=\"[ad_1] W badaniu Gemius\/PBI pojawi\u0142a si\u0119 cecha dotycz\u0105ca obecno\u015bci w gospodarstwie domowym internauty dzieci w okre\u015blonym wieku (wprowadzono nast\u0119puj\u0105ce przedzia\u0142y wiekowe: 0-3 lat, 4-7 lat, 8-14 lat, 15-18 lat, a tak\u017ce og\u00f3lne kryterium posiadania dzieci w wieku do 18 lat). Dodano te\u017c cech\u0119 dotycz\u0105c\u0105 obecno\u015bci w gospodarstwie domowym starszych os\u00f3b (w wieku 65-95 lat) oraz [&hellip;]\" \/>\n<meta property=\"og:url\" content=\"https:\/\/super-news.info\/pl\/w-badaniu-gemius-pbi-nowe-cechy-socjodemograficzne-internautow-dot-dzieci-seniorow-i-zakupow\/\" \/>\n<meta property=\"og:site_name\" content=\"Super News\" \/>\n<meta property=\"article:published_time\" content=\"2019-04-09T04:30:01+00:00\" \/>\n<meta property=\"article:modified_time\" content=\"2019-04-09T04:30:02+00:00\" \/>\n<meta property=\"og:image\" content=\"https:\/\/super-news.info\/pl\/wp-content\/uploads\/sites\/6\/2019\/04\/W-badaniu-GemiusPBI-nowe-cechy-socjodemograficzne-internaut\u00f3w-dot.-dzieci-senior\u00f3w.jpg\" \/>\n\t<meta property=\"og:image:width\" content=\"655\" \/>\n\t<meta property=\"og:image:height\" content=\"451\" \/>\n\t<meta property=\"og:image:type\" content=\"image\/jpeg\" \/>\n<meta name=\"author\" content=\"super-news\" \/>\n<meta name=\"twitter:card\" content=\"summary_large_image\" \/>\n<meta name=\"twitter:label1\" content=\"Napisane przez\" \/>\n\t<meta name=\"twitter:data1\" content=\"super-news\" \/>\n\t<meta name=\"twitter:label2\" content=\"Szacowany czas czytania\" \/>\n\t<meta name=\"twitter:data2\" content=\"2 minuty\" \/>\n<script type=\"application\/ld+json\" class=\"yoast-schema-graph\">{\"@context\":\"https:\\\/\\\/schema.org\",\"@graph\":[{\"@type\":\"Article\",\"@id\":\"https:\\\/\\\/super-news.info\\\/pl\\\/w-badaniu-gemius-pbi-nowe-cechy-socjodemograficzne-internautow-dot-dzieci-seniorow-i-zakupow\\\/#article\",\"isPartOf\":{\"@id\":\"https:\\\/\\\/super-news.info\\\/pl\\\/w-badaniu-gemius-pbi-nowe-cechy-socjodemograficzne-internautow-dot-dzieci-seniorow-i-zakupow\\\/\"},\"author\":{\"name\":\"super-news\",\"@id\":\"https:\\\/\\\/super-news.info\\\/pl\\\/#\\\/schema\\\/person\\\/2d4068cb2f39cd10008c2fce578a7356\"},\"headline\":\"W badaniu Gemius\\\/PBI nowe cechy socjodemograficzne internaut\u00f3w dot. dzieci, senior\u00f3w i zakup\u00f3w\",\"datePublished\":\"2019-04-09T04:30:01+00:00\",\"dateModified\":\"2019-04-09T04:30:02+00:00\",\"mainEntityOfPage\":{\"@id\":\"https:\\\/\\\/super-news.info\\\/pl\\\/w-badaniu-gemius-pbi-nowe-cechy-socjodemograficzne-internautow-dot-dzieci-seniorow-i-zakupow\\\/\"},\"wordCount\":424,\"commentCount\":0,\"image\":{\"@id\":\"https:\\\/\\\/super-news.info\\\/pl\\\/w-badaniu-gemius-pbi-nowe-cechy-socjodemograficzne-internautow-dot-dzieci-seniorow-i-zakupow\\\/#primaryimage\"},\"thumbnailUrl\":\"https:\\\/\\\/super-news.info\\\/pl\\\/wp-content\\\/uploads\\\/sites\\\/6\\\/2019\\\/04\\\/W-badaniu-GemiusPBI-nowe-cechy-socjodemograficzne-internaut\u00f3w-dot.-dzieci-senior\u00f3w.jpg\",\"articleSection\":[\"WIADOMO\u015aCI MARKETINGOWE\"],\"inLanguage\":\"pl-PL\",\"potentialAction\":[{\"@type\":\"CommentAction\",\"name\":\"Comment\",\"target\":[\"https:\\\/\\\/super-news.info\\\/pl\\\/w-badaniu-gemius-pbi-nowe-cechy-socjodemograficzne-internautow-dot-dzieci-seniorow-i-zakupow\\\/#respond\"]}]},{\"@type\":\"WebPage\",\"@id\":\"https:\\\/\\\/super-news.info\\\/pl\\\/w-badaniu-gemius-pbi-nowe-cechy-socjodemograficzne-internautow-dot-dzieci-seniorow-i-zakupow\\\/\",\"url\":\"https:\\\/\\\/super-news.info\\\/pl\\\/w-badaniu-gemius-pbi-nowe-cechy-socjodemograficzne-internautow-dot-dzieci-seniorow-i-zakupow\\\/\",\"name\":\"W badaniu Gemius\\\/PBI nowe cechy socjodemograficzne internaut\u00f3w dot. dzieci, senior\u00f3w i zakup\u00f3w - Super News\",\"isPartOf\":{\"@id\":\"https:\\\/\\\/super-news.info\\\/pl\\\/#website\"},\"primaryImageOfPage\":{\"@id\":\"https:\\\/\\\/super-news.info\\\/pl\\\/w-badaniu-gemius-pbi-nowe-cechy-socjodemograficzne-internautow-dot-dzieci-seniorow-i-zakupow\\\/#primaryimage\"},\"image\":{\"@id\":\"https:\\\/\\\/super-news.info\\\/pl\\\/w-badaniu-gemius-pbi-nowe-cechy-socjodemograficzne-internautow-dot-dzieci-seniorow-i-zakupow\\\/#primaryimage\"},\"thumbnailUrl\":\"https:\\\/\\\/super-news.info\\\/pl\\\/wp-content\\\/uploads\\\/sites\\\/6\\\/2019\\\/04\\\/W-badaniu-GemiusPBI-nowe-cechy-socjodemograficzne-internaut\u00f3w-dot.-dzieci-senior\u00f3w.jpg\",\"datePublished\":\"2019-04-09T04:30:01+00:00\",\"dateModified\":\"2019-04-09T04:30:02+00:00\",\"author\":{\"@id\":\"https:\\\/\\\/super-news.info\\\/pl\\\/#\\\/schema\\\/person\\\/2d4068cb2f39cd10008c2fce578a7356\"},\"breadcrumb\":{\"@id\":\"https:\\\/\\\/super-news.info\\\/pl\\\/w-badaniu-gemius-pbi-nowe-cechy-socjodemograficzne-internautow-dot-dzieci-seniorow-i-zakupow\\\/#breadcrumb\"},\"inLanguage\":\"pl-PL\",\"potentialAction\":[{\"@type\":\"ReadAction\",\"target\":[\"https:\\\/\\\/super-news.info\\\/pl\\\/w-badaniu-gemius-pbi-nowe-cechy-socjodemograficzne-internautow-dot-dzieci-seniorow-i-zakupow\\\/\"]}]},{\"@type\":\"ImageObject\",\"inLanguage\":\"pl-PL\",\"@id\":\"https:\\\/\\\/super-news.info\\\/pl\\\/w-badaniu-gemius-pbi-nowe-cechy-socjodemograficzne-internautow-dot-dzieci-seniorow-i-zakupow\\\/#primaryimage\",\"url\":\"https:\\\/\\\/super-news.info\\\/pl\\\/wp-content\\\/uploads\\\/sites\\\/6\\\/2019\\\/04\\\/W-badaniu-GemiusPBI-nowe-cechy-socjodemograficzne-internaut\u00f3w-dot.-dzieci-senior\u00f3w.jpg\",\"contentUrl\":\"https:\\\/\\\/super-news.info\\\/pl\\\/wp-content\\\/uploads\\\/sites\\\/6\\\/2019\\\/04\\\/W-badaniu-GemiusPBI-nowe-cechy-socjodemograficzne-internaut\u00f3w-dot.-dzieci-senior\u00f3w.jpg\",\"width\":655,\"height\":451,\"caption\":\"Article\"},{\"@type\":\"BreadcrumbList\",\"@id\":\"https:\\\/\\\/super-news.info\\\/pl\\\/w-badaniu-gemius-pbi-nowe-cechy-socjodemograficzne-internautow-dot-dzieci-seniorow-i-zakupow\\\/#breadcrumb\",\"itemListElement\":[{\"@type\":\"ListItem\",\"position\":1,\"name\":\"\u0413\u043b\u0430\u0432\u043d\u0430\u044f \u0441\u0442\u0440\u0430\u043d\u0438\u0446\u0430\",\"item\":\"https:\\\/\\\/super-news.info\\\/pl\\\/\"},{\"@type\":\"ListItem\",\"position\":2,\"name\":\"W badaniu Gemius\\\/PBI nowe cechy socjodemograficzne internaut\u00f3w dot. dzieci, senior\u00f3w i zakup\u00f3w\"}]},{\"@type\":\"WebSite\",\"@id\":\"https:\\\/\\\/super-news.info\\\/pl\\\/#website\",\"url\":\"https:\\\/\\\/super-news.info\\\/pl\\\/\",\"name\":\"Super News\",\"description\":\"Super News Polska\",\"potentialAction\":[{\"@type\":\"SearchAction\",\"target\":{\"@type\":\"EntryPoint\",\"urlTemplate\":\"https:\\\/\\\/super-news.info\\\/pl\\\/?s={search_term_string}\"},\"query-input\":{\"@type\":\"PropertyValueSpecification\",\"valueRequired\":true,\"valueName\":\"search_term_string\"}}],\"inLanguage\":\"pl-PL\"},{\"@type\":\"Person\",\"@id\":\"https:\\\/\\\/super-news.info\\\/pl\\\/#\\\/schema\\\/person\\\/2d4068cb2f39cd10008c2fce578a7356\",\"name\":\"super-news\",\"image\":{\"@type\":\"ImageObject\",\"inLanguage\":\"pl-PL\",\"@id\":\"https:\\\/\\\/secure.gravatar.com\\\/avatar\\\/64ebac40b93f26a154f8a9b5b6fdccfc46f442b26b3dd6756dbff3bf9dc76fd7?s=96&d=mm&r=g\",\"url\":\"https:\\\/\\\/secure.gravatar.com\\\/avatar\\\/64ebac40b93f26a154f8a9b5b6fdccfc46f442b26b3dd6756dbff3bf9dc76fd7?s=96&d=mm&r=g\",\"contentUrl\":\"https:\\\/\\\/secure.gravatar.com\\\/avatar\\\/64ebac40b93f26a154f8a9b5b6fdccfc46f442b26b3dd6756dbff3bf9dc76fd7?s=96&d=mm&r=g\",\"caption\":\"super-news\"},\"url\":\"https:\\\/\\\/super-news.info\\\/pl\\\/author\\\/pt\\\/\"}]}<\/script>\n<!-- \/ Yoast SEO plugin. -->","yoast_head_json":{"title":"W badaniu Gemius\/PBI nowe cechy socjodemograficzne internaut\u00f3w dot. dzieci, senior\u00f3w i zakup\u00f3w - Super News","robots":{"index":"index","follow":"follow","max-snippet":"max-snippet:-1","max-image-preview":"max-image-preview:large","max-video-preview":"max-video-preview:-1"},"canonical":"https:\/\/super-news.info\/pl\/w-badaniu-gemius-pbi-nowe-cechy-socjodemograficzne-internautow-dot-dzieci-seniorow-i-zakupow\/","og_locale":"pl_PL","og_type":"article","og_title":"W badaniu Gemius\/PBI nowe cechy socjodemograficzne internaut\u00f3w dot. dzieci, senior\u00f3w i zakup\u00f3w - Super News","og_description":"[ad_1] W badaniu Gemius\/PBI pojawi\u0142a si\u0119 cecha dotycz\u0105ca obecno\u015bci w gospodarstwie domowym internauty dzieci w okre\u015blonym wieku (wprowadzono nast\u0119puj\u0105ce przedzia\u0142y wiekowe: 0-3 lat, 4-7 lat, 8-14 lat, 15-18 lat, a tak\u017ce og\u00f3lne kryterium posiadania dzieci w wieku do 18 lat). Dodano te\u017c cech\u0119 dotycz\u0105c\u0105 obecno\u015bci w gospodarstwie domowym starszych os\u00f3b (w wieku 65-95 lat) oraz [&hellip;]","og_url":"https:\/\/super-news.info\/pl\/w-badaniu-gemius-pbi-nowe-cechy-socjodemograficzne-internautow-dot-dzieci-seniorow-i-zakupow\/","og_site_name":"Super News","article_published_time":"2019-04-09T04:30:01+00:00","article_modified_time":"2019-04-09T04:30:02+00:00","og_image":[{"width":655,"height":451,"url":"https:\/\/super-news.info\/pl\/wp-content\/uploads\/sites\/6\/2019\/04\/W-badaniu-GemiusPBI-nowe-cechy-socjodemograficzne-internaut\u00f3w-dot.-dzieci-senior\u00f3w.jpg","type":"image\/jpeg"}],"author":"super-news","twitter_card":"summary_large_image","twitter_misc":{"Napisane przez":"super-news","Szacowany czas czytania":"2 minuty"},"schema":{"@context":"https:\/\/schema.org","@graph":[{"@type":"Article","@id":"https:\/\/super-news.info\/pl\/w-badaniu-gemius-pbi-nowe-cechy-socjodemograficzne-internautow-dot-dzieci-seniorow-i-zakupow\/#article","isPartOf":{"@id":"https:\/\/super-news.info\/pl\/w-badaniu-gemius-pbi-nowe-cechy-socjodemograficzne-internautow-dot-dzieci-seniorow-i-zakupow\/"},"author":{"name":"super-news","@id":"https:\/\/super-news.info\/pl\/#\/schema\/person\/2d4068cb2f39cd10008c2fce578a7356"},"headline":"W badaniu Gemius\/PBI nowe cechy socjodemograficzne internaut\u00f3w dot. dzieci, senior\u00f3w i zakup\u00f3w","datePublished":"2019-04-09T04:30:01+00:00","dateModified":"2019-04-09T04:30:02+00:00","mainEntityOfPage":{"@id":"https:\/\/super-news.info\/pl\/w-badaniu-gemius-pbi-nowe-cechy-socjodemograficzne-internautow-dot-dzieci-seniorow-i-zakupow\/"},"wordCount":424,"commentCount":0,"image":{"@id":"https:\/\/super-news.info\/pl\/w-badaniu-gemius-pbi-nowe-cechy-socjodemograficzne-internautow-dot-dzieci-seniorow-i-zakupow\/#primaryimage"},"thumbnailUrl":"https:\/\/super-news.info\/pl\/wp-content\/uploads\/sites\/6\/2019\/04\/W-badaniu-GemiusPBI-nowe-cechy-socjodemograficzne-internaut\u00f3w-dot.-dzieci-senior\u00f3w.jpg","articleSection":["WIADOMO\u015aCI MARKETINGOWE"],"inLanguage":"pl-PL","potentialAction":[{"@type":"CommentAction","name":"Comment","target":["https:\/\/super-news.info\/pl\/w-badaniu-gemius-pbi-nowe-cechy-socjodemograficzne-internautow-dot-dzieci-seniorow-i-zakupow\/#respond"]}]},{"@type":"WebPage","@id":"https:\/\/super-news.info\/pl\/w-badaniu-gemius-pbi-nowe-cechy-socjodemograficzne-internautow-dot-dzieci-seniorow-i-zakupow\/","url":"https:\/\/super-news.info\/pl\/w-badaniu-gemius-pbi-nowe-cechy-socjodemograficzne-internautow-dot-dzieci-seniorow-i-zakupow\/","name":"W badaniu Gemius\/PBI nowe cechy socjodemograficzne internaut\u00f3w dot. dzieci, senior\u00f3w i zakup\u00f3w - Super News","isPartOf":{"@id":"https:\/\/super-news.info\/pl\/#website"},"primaryImageOfPage":{"@id":"https:\/\/super-news.info\/pl\/w-badaniu-gemius-pbi-nowe-cechy-socjodemograficzne-internautow-dot-dzieci-seniorow-i-zakupow\/#primaryimage"},"image":{"@id":"https:\/\/super-news.info\/pl\/w-badaniu-gemius-pbi-nowe-cechy-socjodemograficzne-internautow-dot-dzieci-seniorow-i-zakupow\/#primaryimage"},"thumbnailUrl":"https:\/\/super-news.info\/pl\/wp-content\/uploads\/sites\/6\/2019\/04\/W-badaniu-GemiusPBI-nowe-cechy-socjodemograficzne-internaut\u00f3w-dot.-dzieci-senior\u00f3w.jpg","datePublished":"2019-04-09T04:30:01+00:00","dateModified":"2019-04-09T04:30:02+00:00","author":{"@id":"https:\/\/super-news.info\/pl\/#\/schema\/person\/2d4068cb2f39cd10008c2fce578a7356"},"breadcrumb":{"@id":"https:\/\/super-news.info\/pl\/w-badaniu-gemius-pbi-nowe-cechy-socjodemograficzne-internautow-dot-dzieci-seniorow-i-zakupow\/#breadcrumb"},"inLanguage":"pl-PL","potentialAction":[{"@type":"ReadAction","target":["https:\/\/super-news.info\/pl\/w-badaniu-gemius-pbi-nowe-cechy-socjodemograficzne-internautow-dot-dzieci-seniorow-i-zakupow\/"]}]},{"@type":"ImageObject","inLanguage":"pl-PL","@id":"https:\/\/super-news.info\/pl\/w-badaniu-gemius-pbi-nowe-cechy-socjodemograficzne-internautow-dot-dzieci-seniorow-i-zakupow\/#primaryimage","url":"https:\/\/super-news.info\/pl\/wp-content\/uploads\/sites\/6\/2019\/04\/W-badaniu-GemiusPBI-nowe-cechy-socjodemograficzne-internaut\u00f3w-dot.-dzieci-senior\u00f3w.jpg","contentUrl":"https:\/\/super-news.info\/pl\/wp-content\/uploads\/sites\/6\/2019\/04\/W-badaniu-GemiusPBI-nowe-cechy-socjodemograficzne-internaut\u00f3w-dot.-dzieci-senior\u00f3w.jpg","width":655,"height":451,"caption":"Article"},{"@type":"BreadcrumbList","@id":"https:\/\/super-news.info\/pl\/w-badaniu-gemius-pbi-nowe-cechy-socjodemograficzne-internautow-dot-dzieci-seniorow-i-zakupow\/#breadcrumb","itemListElement":[{"@type":"ListItem","position":1,"name":"\u0413\u043b\u0430\u0432\u043d\u0430\u044f \u0441\u0442\u0440\u0430\u043d\u0438\u0446\u0430","item":"https:\/\/super-news.info\/pl\/"},{"@type":"ListItem","position":2,"name":"W badaniu Gemius\/PBI nowe cechy socjodemograficzne internaut\u00f3w dot. dzieci, senior\u00f3w i zakup\u00f3w"}]},{"@type":"WebSite","@id":"https:\/\/super-news.info\/pl\/#website","url":"https:\/\/super-news.info\/pl\/","name":"Super News","description":"Super News Polska","potentialAction":[{"@type":"SearchAction","target":{"@type":"EntryPoint","urlTemplate":"https:\/\/super-news.info\/pl\/?s={search_term_string}"},"query-input":{"@type":"PropertyValueSpecification","valueRequired":true,"valueName":"search_term_string"}}],"inLanguage":"pl-PL"},{"@type":"Person","@id":"https:\/\/super-news.info\/pl\/#\/schema\/person\/2d4068cb2f39cd10008c2fce578a7356","name":"super-news","image":{"@type":"ImageObject","inLanguage":"pl-PL","@id":"https:\/\/secure.gravatar.com\/avatar\/64ebac40b93f26a154f8a9b5b6fdccfc46f442b26b3dd6756dbff3bf9dc76fd7?s=96&d=mm&r=g","url":"https:\/\/secure.gravatar.com\/avatar\/64ebac40b93f26a154f8a9b5b6fdccfc46f442b26b3dd6756dbff3bf9dc76fd7?s=96&d=mm&r=g","contentUrl":"https:\/\/secure.gravatar.com\/avatar\/64ebac40b93f26a154f8a9b5b6fdccfc46f442b26b3dd6756dbff3bf9dc76fd7?s=96&d=mm&r=g","caption":"super-news"},"url":"https:\/\/super-news.info\/pl\/author\/pt\/"}]}},"_links":{"self":[{"href":"https:\/\/super-news.info\/pl\/wp-json\/wp\/v2\/posts\/50","targetHints":{"allow":["GET"]}}],"collection":[{"href":"https:\/\/super-news.info\/pl\/wp-json\/wp\/v2\/posts"}],"about":[{"href":"https:\/\/super-news.info\/pl\/wp-json\/wp\/v2\/types\/post"}],"author":[{"embeddable":true,"href":"https:\/\/super-news.info\/pl\/wp-json\/wp\/v2\/users\/2"}],"replies":[{"embeddable":true,"href":"https:\/\/super-news.info\/pl\/wp-json\/wp\/v2\/comments?post=50"}],"version-history":[{"count":1,"href":"https:\/\/super-news.info\/pl\/wp-json\/wp\/v2\/posts\/50\/revisions"}],"predecessor-version":[{"id":52,"href":"https:\/\/super-news.info\/pl\/wp-json\/wp\/v2\/posts\/50\/revisions\/52"}],"wp:featuredmedia":[{"embeddable":true,"href":"https:\/\/super-news.info\/pl\/wp-json\/wp\/v2\/media\/51"}],"wp:attachment":[{"href":"https:\/\/super-news.info\/pl\/wp-json\/wp\/v2\/media?parent=50"}],"wp:term":[{"taxonomy":"category","embeddable":true,"href":"https:\/\/super-news.info\/pl\/wp-json\/wp\/v2\/categories?post=50"},{"taxonomy":"post_tag","embeddable":true,"href":"https:\/\/super-news.info\/pl\/wp-json\/wp\/v2\/tags?post=50"}],"curies":[{"name":"wp","href":"https:\/\/api.w.org\/{rel}","templated":true}]}}