{"id":470,"date":"2019-05-22T03:42:53","date_gmt":"2019-05-22T00:42:53","guid":{"rendered":"https:\/\/super-news.info\/pl\/frekwencja-wybory-do-parlamentu-europejskiego\/"},"modified":"2019-05-22T03:42:54","modified_gmt":"2019-05-22T00:42:54","slug":"frekwencja-wybory-do-parlamentu-europejskiego","status":"publish","type":"post","link":"https:\/\/super-news.info\/pl\/frekwencja-wybory-do-parlamentu-europejskiego\/","title":{"rendered":"Frekwencja wybory do Parlamentu Europejskiego"},"content":{"rendered":"<p> [ad_1]<br \/>\n<\/p>\n<div id=\"\">\n<p><strong>Co drugi ankietowany w badaniu serwisu ciekaweliczby.pl deklaruje, \u017ce w najbli\u017csz\u0105 niedziel\u0119 p\u00f3jdzie odda\u0107 g\u0142os w wyborach do Parlamentu Europejskiego.<\/strong> Taki zamiar ma wi\u0119cej kobiet (54 proc.) ni\u017c m\u0119\u017cczyzn (46 proc.).<\/p>\n<p>&#13;<br \/>\n&#13;<\/p>\n<p>Jak pisz\u0105 autorzy opracowania, &#8222;bior\u0105c pod uwag\u0119 wzrost frekwencji w wyborach samorz\u0105dowych z ponad 47\u00a0proc. w 2014 r. do prawie 55\u00a0proc. w 2018 r. oraz zaledwie kilkumiesi\u0119czny odst\u0119p mi\u0119dzy wyborami, \u017ce na fali zainteresowania tym swoistym maratonem wyborczym, frekwencja w wyborach do PE mo\u017ce zbli\u017cy\u0107 si\u0119 nawet do 40 proc.&#8221;. Poprzednio by\u0142o to 24 proc.<\/p>\n<p>&#13;<br \/>\n&#13;<\/p>\n<p>&#13;<br \/>\n&#13;<\/p>\n<p><span style=\"font-size:20px;\"><strong>Czemu Polacy nie g\u0142osuj\u0105<\/strong><\/span><\/p>\n<p>&#13;<br \/>\n&#13;<\/p>\n<p><strong>23 proc. Polak\u00f3w nie zamierza bra\u0107 udzia\u0142u w najbli\u017cszych wyborach do Parlamentu Europejskiego. <\/strong>G\u0142ownie przez brak zainteresowania polityk\u0105 (22%), nieufno\u015b\u0107 wobec polityk\u00f3w (21 proc.), brak opcji politycznej, na kt\u00f3r\u0105 warto zag\u0142osowa\u0107 (17 proc.) i brak zainteresowania wyborami do PE (17 proc.).<\/p>\n<p>&#13;<br \/>\n&#13;<\/p>\n<p>Tylko 3\u00a0proc. uwa\u017ca, \u017ce ich g\u0142os nie ma znaczenia. Jak czytamy w raporcie ciekaweliczby.pl, to nie jest dobry sygna\u0142, &#8222;bo pokazuje, \u017ce ludzie czuj\u0105 si\u0142\u0119 swojego g\u0142osu. Je\u015bli znajd\u0105 parti\u0119, z kt\u00f3r\u0105 b\u0119d\u0105 si\u0119 uto\u017csamia\u0107, a politycy b\u0119d\u0105 wzbudzali wi\u0119ksze zaufanie, to jest szansa, \u017ce wi\u0119cej os\u00f3b, zacznie uczestniczy\u0107 w wyborach&#8221;.<\/p>\n<p>&#13;<br \/>\n&#13;<\/p>\n<p><img decoding=\"async\" alt=\"\" src=\"https:\/\/super-news.info\/pl\/wp-content\/uploads\/sites\/6\/2019\/05\/1558485773_136_Frekwencja-wybory-do-Parlamentu-Europejskiego.png\" style=\"width: 644px; height: 486px;\"\/><\/p>\n<p>&#13;<br \/>\n&#13;<\/p>\n<p><span style=\"font-size:20px;\"><strong>Przedwyborcza mobilizacja<\/strong><\/span><\/p>\n<p>&#13;<br \/>\n&#13;<\/p>\n<p>\u0141\u0105cznie 36 proc. badanych wyra\u017ca nadziej\u0119, \u017ce w niedzielnym g\u0142osowaniu wezm\u0105 udzia\u0142 cz\u0142onkowie ich rodzin, w ca\u0142o\u015bci (16 proc.) lub w wi\u0119kszo\u015bci (20 proc.).<\/p>\n<p>&#13;<br \/>\n&#13;<\/p>\n<p>21\u00a0proc. uwa\u017ca, \u017ce tylko niekt\u00f3rzy b\u0119d\u0105 g\u0142osowa\u0107, 8\u00a0proc. s\u0105dzi, \u017ce nie wezm\u0105 udzia\u0142u, a 35\u00a0proc. tego nie wie. Odpowiedzi wyborc\u00f3w PiS i KE odno\u015bnie udzia\u0142u w wyborach cz\u0142onk\u00f3w ich najbli\u017cszych rodzin s\u0105 podobne: odpowiednio po 31\u00a0proc. uwa\u017ca, \u017ce wszyscy wezm\u0105 udzia\u0142, a po 27\u00a0proc. &#8211; \u017ce wi\u0119kszo\u015b\u0107.<\/p>\n<p>&#13;<br \/>\n&#13;<\/p>\n<p><img decoding=\"async\" alt=\"\" src=\"https:\/\/super-news.info\/pl\/wp-content\/uploads\/sites\/6\/2019\/05\/1558485773_52_Frekwencja-wybory-do-Parlamentu-Europejskiego.png\" style=\"width: 643px; height: 484px;\"\/><\/p>\n<p>&#13;<br \/>\n&#13;<\/p>\n<p>28\u00a0proc. os\u00f3b uwa\u017ca, \u017ce wi\u0119kszo\u015b\u0107 wyborc\u00f3w w ich rodzinach zag\u0142osuje 26 maja na PiS. Co pi\u0105ty ankietowany stawia na to, \u017ce wi\u0119cej g\u0142os\u00f3w z ich rodzin zdob\u0119d\u0105 kandydaci Koalicji Europejskiej.\u00a0 Tylko 6 proc. odpowiedzia\u0142o, \u017ce ich rodziny zag\u0142osuj\u0105 na inne partie ni\u017c PiS i KE.<\/p>\n<p>&#13;<br \/>\n&#13;<\/p>\n<p>Tylko 3 proc. wyborc\u00f3w PiS uwa\u017ca, \u017ce cz\u0142onkowie ich rodzin zag\u0142osuj\u0105 w wi\u0119kszo\u015bci na g\u0142\u00f3wnego konkurenta, czyli KE, natomiast 9 proc. wyborc\u00f3w Koalicji Europejskiej uwa\u017ca, \u017ce wi\u0119kszo\u015b\u0107 cz\u0142onk\u00f3w rodziny zag\u0142osuje na parti\u0119 rz\u0105dz\u0105c\u0105.<\/p>\n<p>&#13;<br \/>\n&#13;<\/p>\n<p><img decoding=\"async\" alt=\"\" src=\"https:\/\/super-news.info\/pl\/wp-content\/uploads\/sites\/6\/2019\/05\/1558485773_152_Frekwencja-wybory-do-Parlamentu-Europejskiego.png\" style=\"width: 646px; height: 485px;\"\/><\/p>\n<p>&#13;<br \/>\n&#13;<\/p>\n<p><em>Badanie przeprowadzone dla serwisu ciekaweliczby.pl na og\u00f3lnopolskim panelu badawczym Ariadna w dniach 10-13 maja 2019 roku. Pr\u00f3ba og\u00f3lnopolska os\u00f3b od 18 lat wzwy\u017c (N=1053). Kwoty dobrane wg reprezentacji w populacji dla p\u0142ci, wieku, wykszta\u0142cenia i wielko\u015bci miejscowo\u015bci zamieszkania. Metoda: CAWI. <\/em><\/p>\n<p>&#13;<br \/>\n                            &#13;<br \/>\n&#13;<br \/>\n                            &#13;<br \/>\n&#13;<br \/>\n&#13;<br \/>\n&#13;<br \/>\n&#13;<br \/>\n&#13;<br \/>\n                            &#13;<br \/>\n                                                            &#13;<br \/>\n&#13;<br \/>\n                            &#13;\n                        <\/p><\/div>\n<p><script>(function (d, s, id) {\n        var js, fjs = d.getElementsByTagName(s)[0];\n        if (d.getElementById(id)) return;\n        js = d.createElement(s);\n        js.id = id;\n        js.src = \"http:\/\/connect.facebook.net\/pl_PL\/sdk.js#xfbml=1&version=v2.6&appId=297996717062470\";\n        fjs.parentNode.insertBefore(js, fjs);\n    }(document, 'script', 'facebook-jssdk'));<\/script><br \/>\n<br \/>[ad_2]<br \/>\n<br \/><a href=\"https:\/\/www.wirtualnemedia.pl\/artykul\/frekwencja-wybory-do-parlamentu-europejskiego\">Source link <\/a><\/p>\n","protected":false},"excerpt":{"rendered":"<p>[ad_1] Co drugi ankietowany w badaniu serwisu ciekaweliczby.pl deklaruje, \u017ce w najbli\u017csz\u0105 niedziel\u0119 p\u00f3jdzie odda\u0107 g\u0142os w wyborach do Parlamentu Europejskiego. Taki zamiar ma wi\u0119cej kobiet (54 proc.) ni\u017c m\u0119\u017cczyzn (46 proc.). &#13; &#13; Jak pisz\u0105 autorzy opracowania, &#8222;bior\u0105c pod uwag\u0119 wzrost frekwencji w wyborach samorz\u0105dowych z ponad 47\u00a0proc. w 2014 r. do prawie 55\u00a0proc. [&hellip;]<\/p>\n","protected":false},"author":2,"featured_media":471,"comment_status":"open","ping_status":"open","sticky":false,"template":"","format":"standard","meta":{"footnotes":""},"categories":[3],"tags":[],"class_list":["post-470","post","type-post","status-publish","format-standard","has-post-thumbnail","hentry","category-wiadomosci-marketingowe"],"yoast_head":"<!-- This site is optimized with the Yoast SEO plugin v27.4 - https:\/\/yoast.com\/product\/yoast-seo-wordpress\/ -->\n<title>Frekwencja wybory do Parlamentu Europejskiego - Super News<\/title>\n<meta name=\"robots\" content=\"index, follow, max-snippet:-1, max-image-preview:large, max-video-preview:-1\" \/>\n<link rel=\"canonical\" href=\"https:\/\/super-news.info\/pl\/frekwencja-wybory-do-parlamentu-europejskiego\/\" \/>\n<meta property=\"og:locale\" content=\"pl_PL\" \/>\n<meta property=\"og:type\" content=\"article\" \/>\n<meta property=\"og:title\" content=\"Frekwencja wybory do Parlamentu Europejskiego - Super News\" \/>\n<meta property=\"og:description\" content=\"[ad_1] Co drugi ankietowany w badaniu serwisu ciekaweliczby.pl deklaruje, \u017ce w najbli\u017csz\u0105 niedziel\u0119 p\u00f3jdzie odda\u0107 g\u0142os w wyborach do Parlamentu Europejskiego. Taki zamiar ma wi\u0119cej kobiet (54 proc.) ni\u017c m\u0119\u017cczyzn (46 proc.). &#013; &#013; Jak pisz\u0105 autorzy opracowania, &#8222;bior\u0105c pod uwag\u0119 wzrost frekwencji w wyborach samorz\u0105dowych z ponad 47\u00a0proc. w 2014 r. do prawie 55\u00a0proc. [&hellip;]\" \/>\n<meta property=\"og:url\" content=\"https:\/\/super-news.info\/pl\/frekwencja-wybory-do-parlamentu-europejskiego\/\" \/>\n<meta property=\"og:site_name\" content=\"Super News\" \/>\n<meta property=\"article:published_time\" content=\"2019-05-22T00:42:53+00:00\" \/>\n<meta property=\"article:modified_time\" content=\"2019-05-22T00:42:54+00:00\" \/>\n<meta property=\"og:image\" content=\"https:\/\/super-news.info\/pl\/wp-content\/uploads\/sites\/6\/2019\/05\/Frekwencja-wybory-do-Parlamentu-Europejskiego.png\" \/>\n\t<meta property=\"og:image:width\" content=\"666\" \/>\n\t<meta property=\"og:image:height\" content=\"499\" \/>\n\t<meta property=\"og:image:type\" content=\"image\/png\" \/>\n<meta name=\"author\" content=\"super-news\" \/>\n<meta name=\"twitter:card\" content=\"summary_large_image\" \/>\n<meta name=\"twitter:label1\" content=\"Napisane przez\" \/>\n\t<meta name=\"twitter:data1\" content=\"super-news\" \/>\n\t<meta name=\"twitter:label2\" content=\"Szacowany czas czytania\" \/>\n\t<meta name=\"twitter:data2\" content=\"2 minuty\" \/>\n<script type=\"application\/ld+json\" class=\"yoast-schema-graph\">{\"@context\":\"https:\\\/\\\/schema.org\",\"@graph\":[{\"@type\":\"Article\",\"@id\":\"https:\\\/\\\/super-news.info\\\/pl\\\/frekwencja-wybory-do-parlamentu-europejskiego\\\/#article\",\"isPartOf\":{\"@id\":\"https:\\\/\\\/super-news.info\\\/pl\\\/frekwencja-wybory-do-parlamentu-europejskiego\\\/\"},\"author\":{\"name\":\"super-news\",\"@id\":\"https:\\\/\\\/super-news.info\\\/pl\\\/#\\\/schema\\\/person\\\/2d4068cb2f39cd10008c2fce578a7356\"},\"headline\":\"Frekwencja wybory do Parlamentu Europejskiego\",\"datePublished\":\"2019-05-22T00:42:53+00:00\",\"dateModified\":\"2019-05-22T00:42:54+00:00\",\"mainEntityOfPage\":{\"@id\":\"https:\\\/\\\/super-news.info\\\/pl\\\/frekwencja-wybory-do-parlamentu-europejskiego\\\/\"},\"wordCount\":453,\"commentCount\":0,\"image\":{\"@id\":\"https:\\\/\\\/super-news.info\\\/pl\\\/frekwencja-wybory-do-parlamentu-europejskiego\\\/#primaryimage\"},\"thumbnailUrl\":\"https:\\\/\\\/super-news.info\\\/pl\\\/wp-content\\\/uploads\\\/sites\\\/6\\\/2019\\\/05\\\/Frekwencja-wybory-do-Parlamentu-Europejskiego.png\",\"articleSection\":[\"WIADOMO\u015aCI MARKETINGOWE\"],\"inLanguage\":\"pl-PL\",\"potentialAction\":[{\"@type\":\"CommentAction\",\"name\":\"Comment\",\"target\":[\"https:\\\/\\\/super-news.info\\\/pl\\\/frekwencja-wybory-do-parlamentu-europejskiego\\\/#respond\"]}]},{\"@type\":\"WebPage\",\"@id\":\"https:\\\/\\\/super-news.info\\\/pl\\\/frekwencja-wybory-do-parlamentu-europejskiego\\\/\",\"url\":\"https:\\\/\\\/super-news.info\\\/pl\\\/frekwencja-wybory-do-parlamentu-europejskiego\\\/\",\"name\":\"Frekwencja wybory do Parlamentu Europejskiego - Super News\",\"isPartOf\":{\"@id\":\"https:\\\/\\\/super-news.info\\\/pl\\\/#website\"},\"primaryImageOfPage\":{\"@id\":\"https:\\\/\\\/super-news.info\\\/pl\\\/frekwencja-wybory-do-parlamentu-europejskiego\\\/#primaryimage\"},\"image\":{\"@id\":\"https:\\\/\\\/super-news.info\\\/pl\\\/frekwencja-wybory-do-parlamentu-europejskiego\\\/#primaryimage\"},\"thumbnailUrl\":\"https:\\\/\\\/super-news.info\\\/pl\\\/wp-content\\\/uploads\\\/sites\\\/6\\\/2019\\\/05\\\/Frekwencja-wybory-do-Parlamentu-Europejskiego.png\",\"datePublished\":\"2019-05-22T00:42:53+00:00\",\"dateModified\":\"2019-05-22T00:42:54+00:00\",\"author\":{\"@id\":\"https:\\\/\\\/super-news.info\\\/pl\\\/#\\\/schema\\\/person\\\/2d4068cb2f39cd10008c2fce578a7356\"},\"breadcrumb\":{\"@id\":\"https:\\\/\\\/super-news.info\\\/pl\\\/frekwencja-wybory-do-parlamentu-europejskiego\\\/#breadcrumb\"},\"inLanguage\":\"pl-PL\",\"potentialAction\":[{\"@type\":\"ReadAction\",\"target\":[\"https:\\\/\\\/super-news.info\\\/pl\\\/frekwencja-wybory-do-parlamentu-europejskiego\\\/\"]}]},{\"@type\":\"ImageObject\",\"inLanguage\":\"pl-PL\",\"@id\":\"https:\\\/\\\/super-news.info\\\/pl\\\/frekwencja-wybory-do-parlamentu-europejskiego\\\/#primaryimage\",\"url\":\"https:\\\/\\\/super-news.info\\\/pl\\\/wp-content\\\/uploads\\\/sites\\\/6\\\/2019\\\/05\\\/Frekwencja-wybory-do-Parlamentu-Europejskiego.png\",\"contentUrl\":\"https:\\\/\\\/super-news.info\\\/pl\\\/wp-content\\\/uploads\\\/sites\\\/6\\\/2019\\\/05\\\/Frekwencja-wybory-do-Parlamentu-Europejskiego.png\",\"width\":666,\"height\":499,\"caption\":\"Frekwencja wybory do Parlamentu Europejskiego\"},{\"@type\":\"BreadcrumbList\",\"@id\":\"https:\\\/\\\/super-news.info\\\/pl\\\/frekwencja-wybory-do-parlamentu-europejskiego\\\/#breadcrumb\",\"itemListElement\":[{\"@type\":\"ListItem\",\"position\":1,\"name\":\"\u0413\u043b\u0430\u0432\u043d\u0430\u044f \u0441\u0442\u0440\u0430\u043d\u0438\u0446\u0430\",\"item\":\"https:\\\/\\\/super-news.info\\\/pl\\\/\"},{\"@type\":\"ListItem\",\"position\":2,\"name\":\"Frekwencja wybory do Parlamentu Europejskiego\"}]},{\"@type\":\"WebSite\",\"@id\":\"https:\\\/\\\/super-news.info\\\/pl\\\/#website\",\"url\":\"https:\\\/\\\/super-news.info\\\/pl\\\/\",\"name\":\"Super News\",\"description\":\"Super News Polska\",\"potentialAction\":[{\"@type\":\"SearchAction\",\"target\":{\"@type\":\"EntryPoint\",\"urlTemplate\":\"https:\\\/\\\/super-news.info\\\/pl\\\/?s={search_term_string}\"},\"query-input\":{\"@type\":\"PropertyValueSpecification\",\"valueRequired\":true,\"valueName\":\"search_term_string\"}}],\"inLanguage\":\"pl-PL\"},{\"@type\":\"Person\",\"@id\":\"https:\\\/\\\/super-news.info\\\/pl\\\/#\\\/schema\\\/person\\\/2d4068cb2f39cd10008c2fce578a7356\",\"name\":\"super-news\",\"image\":{\"@type\":\"ImageObject\",\"inLanguage\":\"pl-PL\",\"@id\":\"https:\\\/\\\/secure.gravatar.com\\\/avatar\\\/64ebac40b93f26a154f8a9b5b6fdccfc46f442b26b3dd6756dbff3bf9dc76fd7?s=96&d=mm&r=g\",\"url\":\"https:\\\/\\\/secure.gravatar.com\\\/avatar\\\/64ebac40b93f26a154f8a9b5b6fdccfc46f442b26b3dd6756dbff3bf9dc76fd7?s=96&d=mm&r=g\",\"contentUrl\":\"https:\\\/\\\/secure.gravatar.com\\\/avatar\\\/64ebac40b93f26a154f8a9b5b6fdccfc46f442b26b3dd6756dbff3bf9dc76fd7?s=96&d=mm&r=g\",\"caption\":\"super-news\"},\"url\":\"https:\\\/\\\/super-news.info\\\/pl\\\/author\\\/pt\\\/\"}]}<\/script>\n<!-- \/ Yoast SEO plugin. -->","yoast_head_json":{"title":"Frekwencja wybory do Parlamentu Europejskiego - Super News","robots":{"index":"index","follow":"follow","max-snippet":"max-snippet:-1","max-image-preview":"max-image-preview:large","max-video-preview":"max-video-preview:-1"},"canonical":"https:\/\/super-news.info\/pl\/frekwencja-wybory-do-parlamentu-europejskiego\/","og_locale":"pl_PL","og_type":"article","og_title":"Frekwencja wybory do Parlamentu Europejskiego - Super News","og_description":"[ad_1] Co drugi ankietowany w badaniu serwisu ciekaweliczby.pl deklaruje, \u017ce w najbli\u017csz\u0105 niedziel\u0119 p\u00f3jdzie odda\u0107 g\u0142os w wyborach do Parlamentu Europejskiego. Taki zamiar ma wi\u0119cej kobiet (54 proc.) ni\u017c m\u0119\u017cczyzn (46 proc.). &#13; &#13; Jak pisz\u0105 autorzy opracowania, &#8222;bior\u0105c pod uwag\u0119 wzrost frekwencji w wyborach samorz\u0105dowych z ponad 47\u00a0proc. w 2014 r. do prawie 55\u00a0proc. [&hellip;]","og_url":"https:\/\/super-news.info\/pl\/frekwencja-wybory-do-parlamentu-europejskiego\/","og_site_name":"Super News","article_published_time":"2019-05-22T00:42:53+00:00","article_modified_time":"2019-05-22T00:42:54+00:00","og_image":[{"width":666,"height":499,"url":"https:\/\/super-news.info\/pl\/wp-content\/uploads\/sites\/6\/2019\/05\/Frekwencja-wybory-do-Parlamentu-Europejskiego.png","type":"image\/png"}],"author":"super-news","twitter_card":"summary_large_image","twitter_misc":{"Napisane przez":"super-news","Szacowany czas czytania":"2 minuty"},"schema":{"@context":"https:\/\/schema.org","@graph":[{"@type":"Article","@id":"https:\/\/super-news.info\/pl\/frekwencja-wybory-do-parlamentu-europejskiego\/#article","isPartOf":{"@id":"https:\/\/super-news.info\/pl\/frekwencja-wybory-do-parlamentu-europejskiego\/"},"author":{"name":"super-news","@id":"https:\/\/super-news.info\/pl\/#\/schema\/person\/2d4068cb2f39cd10008c2fce578a7356"},"headline":"Frekwencja wybory do Parlamentu Europejskiego","datePublished":"2019-05-22T00:42:53+00:00","dateModified":"2019-05-22T00:42:54+00:00","mainEntityOfPage":{"@id":"https:\/\/super-news.info\/pl\/frekwencja-wybory-do-parlamentu-europejskiego\/"},"wordCount":453,"commentCount":0,"image":{"@id":"https:\/\/super-news.info\/pl\/frekwencja-wybory-do-parlamentu-europejskiego\/#primaryimage"},"thumbnailUrl":"https:\/\/super-news.info\/pl\/wp-content\/uploads\/sites\/6\/2019\/05\/Frekwencja-wybory-do-Parlamentu-Europejskiego.png","articleSection":["WIADOMO\u015aCI MARKETINGOWE"],"inLanguage":"pl-PL","potentialAction":[{"@type":"CommentAction","name":"Comment","target":["https:\/\/super-news.info\/pl\/frekwencja-wybory-do-parlamentu-europejskiego\/#respond"]}]},{"@type":"WebPage","@id":"https:\/\/super-news.info\/pl\/frekwencja-wybory-do-parlamentu-europejskiego\/","url":"https:\/\/super-news.info\/pl\/frekwencja-wybory-do-parlamentu-europejskiego\/","name":"Frekwencja wybory do Parlamentu Europejskiego - Super News","isPartOf":{"@id":"https:\/\/super-news.info\/pl\/#website"},"primaryImageOfPage":{"@id":"https:\/\/super-news.info\/pl\/frekwencja-wybory-do-parlamentu-europejskiego\/#primaryimage"},"image":{"@id":"https:\/\/super-news.info\/pl\/frekwencja-wybory-do-parlamentu-europejskiego\/#primaryimage"},"thumbnailUrl":"https:\/\/super-news.info\/pl\/wp-content\/uploads\/sites\/6\/2019\/05\/Frekwencja-wybory-do-Parlamentu-Europejskiego.png","datePublished":"2019-05-22T00:42:53+00:00","dateModified":"2019-05-22T00:42:54+00:00","author":{"@id":"https:\/\/super-news.info\/pl\/#\/schema\/person\/2d4068cb2f39cd10008c2fce578a7356"},"breadcrumb":{"@id":"https:\/\/super-news.info\/pl\/frekwencja-wybory-do-parlamentu-europejskiego\/#breadcrumb"},"inLanguage":"pl-PL","potentialAction":[{"@type":"ReadAction","target":["https:\/\/super-news.info\/pl\/frekwencja-wybory-do-parlamentu-europejskiego\/"]}]},{"@type":"ImageObject","inLanguage":"pl-PL","@id":"https:\/\/super-news.info\/pl\/frekwencja-wybory-do-parlamentu-europejskiego\/#primaryimage","url":"https:\/\/super-news.info\/pl\/wp-content\/uploads\/sites\/6\/2019\/05\/Frekwencja-wybory-do-Parlamentu-Europejskiego.png","contentUrl":"https:\/\/super-news.info\/pl\/wp-content\/uploads\/sites\/6\/2019\/05\/Frekwencja-wybory-do-Parlamentu-Europejskiego.png","width":666,"height":499,"caption":"Frekwencja wybory do Parlamentu Europejskiego"},{"@type":"BreadcrumbList","@id":"https:\/\/super-news.info\/pl\/frekwencja-wybory-do-parlamentu-europejskiego\/#breadcrumb","itemListElement":[{"@type":"ListItem","position":1,"name":"\u0413\u043b\u0430\u0432\u043d\u0430\u044f \u0441\u0442\u0440\u0430\u043d\u0438\u0446\u0430","item":"https:\/\/super-news.info\/pl\/"},{"@type":"ListItem","position":2,"name":"Frekwencja wybory do Parlamentu Europejskiego"}]},{"@type":"WebSite","@id":"https:\/\/super-news.info\/pl\/#website","url":"https:\/\/super-news.info\/pl\/","name":"Super News","description":"Super News Polska","potentialAction":[{"@type":"SearchAction","target":{"@type":"EntryPoint","urlTemplate":"https:\/\/super-news.info\/pl\/?s={search_term_string}"},"query-input":{"@type":"PropertyValueSpecification","valueRequired":true,"valueName":"search_term_string"}}],"inLanguage":"pl-PL"},{"@type":"Person","@id":"https:\/\/super-news.info\/pl\/#\/schema\/person\/2d4068cb2f39cd10008c2fce578a7356","name":"super-news","image":{"@type":"ImageObject","inLanguage":"pl-PL","@id":"https:\/\/secure.gravatar.com\/avatar\/64ebac40b93f26a154f8a9b5b6fdccfc46f442b26b3dd6756dbff3bf9dc76fd7?s=96&d=mm&r=g","url":"https:\/\/secure.gravatar.com\/avatar\/64ebac40b93f26a154f8a9b5b6fdccfc46f442b26b3dd6756dbff3bf9dc76fd7?s=96&d=mm&r=g","contentUrl":"https:\/\/secure.gravatar.com\/avatar\/64ebac40b93f26a154f8a9b5b6fdccfc46f442b26b3dd6756dbff3bf9dc76fd7?s=96&d=mm&r=g","caption":"super-news"},"url":"https:\/\/super-news.info\/pl\/author\/pt\/"}]}},"_links":{"self":[{"href":"https:\/\/super-news.info\/pl\/wp-json\/wp\/v2\/posts\/470","targetHints":{"allow":["GET"]}}],"collection":[{"href":"https:\/\/super-news.info\/pl\/wp-json\/wp\/v2\/posts"}],"about":[{"href":"https:\/\/super-news.info\/pl\/wp-json\/wp\/v2\/types\/post"}],"author":[{"embeddable":true,"href":"https:\/\/super-news.info\/pl\/wp-json\/wp\/v2\/users\/2"}],"replies":[{"embeddable":true,"href":"https:\/\/super-news.info\/pl\/wp-json\/wp\/v2\/comments?post=470"}],"version-history":[{"count":1,"href":"https:\/\/super-news.info\/pl\/wp-json\/wp\/v2\/posts\/470\/revisions"}],"predecessor-version":[{"id":472,"href":"https:\/\/super-news.info\/pl\/wp-json\/wp\/v2\/posts\/470\/revisions\/472"}],"wp:featuredmedia":[{"embeddable":true,"href":"https:\/\/super-news.info\/pl\/wp-json\/wp\/v2\/media\/471"}],"wp:attachment":[{"href":"https:\/\/super-news.info\/pl\/wp-json\/wp\/v2\/media?parent=470"}],"wp:term":[{"taxonomy":"category","embeddable":true,"href":"https:\/\/super-news.info\/pl\/wp-json\/wp\/v2\/categories?post=470"},{"taxonomy":"post_tag","embeddable":true,"href":"https:\/\/super-news.info\/pl\/wp-json\/wp\/v2\/tags?post=470"}],"curies":[{"name":"wp","href":"https:\/\/api.w.org\/{rel}","templated":true}]}}