{"id":437,"date":"2019-05-20T07:52:34","date_gmt":"2019-05-20T04:52:34","guid":{"rendered":"https:\/\/super-news.info\/pl\/tylko-nie-mow-nikomu-pogorszyl-postrzeganie-kosciola-ponad-polowa-polakow-chce-dymisji-episkopatu\/"},"modified":"2019-05-20T07:52:34","modified_gmt":"2019-05-20T04:52:34","slug":"tylko-nie-mow-nikomu-pogorszyl-postrzeganie-kosciola-ponad-polowa-polakow-chce-dymisji-episkopatu","status":"publish","type":"post","link":"https:\/\/super-news.info\/pl\/tylko-nie-mow-nikomu-pogorszyl-postrzeganie-kosciola-ponad-polowa-polakow-chce-dymisji-episkopatu\/","title":{"rendered":"\u201eTylko nie m\u00f3w nikomu\u201d pogorszy\u0142 postrzeganie Ko\u015bcio\u0142a, ponad po\u0142owa Polak\u00f3w chce dymisji Episkopatu"},"content":{"rendered":"<p> [ad_1]<br \/>\n<\/p>\n<div id=\"\">\n<p>Autorzy badania podkre\u015blaj\u0105, \u017ce badanie zosta\u0142o przeprowadzone nieca\u0142y tydzie\u0144 od emisji filmu, dlatego nale\u017cy mie\u0107 na uwadze, \u017ce badani mog\u0105 mie\u0107 sk\u0142onno\u015b\u0107 do wyra\u017cania ostrzejszych ocen. Wraz ze spadkiem emocji zwi\u0105zanych z filmem &#8222;Tylko nie m\u00f3w nikomu&#8221;, takie wska\u017aniki jak zaufanie do Ko\u015bcio\u0142a czy popieranie dymisji Episkopatu, mog\u0105 ulec zmianie.<\/p>\n<p>&#13;<br \/>\n&#13;<\/p>\n<p>Z badania wynika, \u017ce <strong>jedynie 1\/3 Polak\u00f3w ufa Ko\u015bcio\u0142owi Katolickiemu, a a\u017c 54% przyznaje, \u017ce nie ufa tej instytucji<\/strong>. 13% ankietowanych nie potrafi okre\u015bli\u0107 swojego stanowiska w tej kwestii.<\/p>\n<p>&#13;<br \/>\n&#13;<\/p>\n<p>&#13;<br \/>\n&#13;<\/p>\n<p><strong>Ponad po\u0142owa os\u00f3b, kt\u00f3re deklaruj\u0105, \u017ce widzia\u0142y film braci Sekielskich, przyznaje, \u017ce negatywnie wp\u0142yn\u0105\u0142 on na postrzeganie przez nich Ko\u015bcio\u0142a Katolickiego jako instytucji.<\/strong> Co trzeci badany (32%) twierdzi, \u017ce film nie wp\u0142yn\u0105\u0142 na jego opini\u0119. 4% respondent\u00f3w, kt\u00f3rzy widzieli film, przyznaje, \u017ce postrzegaj\u0105 teraz Ko\u015bci\u00f3\u0142 Katolicki lepiej.<\/p>\n<p>&#13;<br \/>\n&#13;<\/p>\n<p><img decoding=\"async\" alt=\"\" src=\"https:\/\/super-news.info\/pl\/wp-content\/uploads\/sites\/6\/2019\/05\/1558327953_554_\u201eTylko-nie-mow-nikomu\u201d-pogorszyl-postrzeganie-Kosciola-ponad-polowa-Polakow.png\" style=\"width: 655px; height: 272px;\"\/><\/p>\n<p>&#13;<br \/>\n&#13;<\/p>\n<p>&#13;<br \/>\n&#13;<\/p>\n<p>Respondenci zapytani o ich stosunek do tzw. &#8222;problemu pedofilii&#8221; w Ko\u015bciele Katolickim <strong>w zdecydowanej wi\u0119kszo\u015bci (86%) uwa\u017caj\u0105, \u017ce jest to realny problem Ko\u015bcio\u0142a<\/strong>. Co dziesi\u0105ty ankietowany twierdzi, \u017ce jest to wyolbrzymiony problem, a jedynie 1% badanych uwa\u017ca, \u017ce taki problem w og\u00f3le nie istnieje.<\/p>\n<p>&#13;<br \/>\n&#13;<\/p>\n<p><img decoding=\"async\" alt=\"\" src=\"https:\/\/super-news.info\/pl\/wp-content\/uploads\/sites\/6\/2019\/05\/1558327953_12_\u201eTylko-nie-mow-nikomu\u201d-pogorszyl-postrzeganie-Kosciola-ponad-polowa-Polakow.png\" style=\"width: 655px; height: 276px;\"\/><\/p>\n<p>&#13;<br \/>\n&#13;<\/p>\n<p>Na pytanie \u201eCzy Twoim zdaniem polscy hierarchowie ko\u015bcielni robi\u0105 wystarczaj\u0105co du\u017co, aby chroni\u0107 osoby niepe\u0142noletnie przed molestowaniem seksualnym ze strony kap\u0142an\u00f3w?\u201d, zdecydowana wi\u0119kszo\u015b\u0107 respondent\u00f3w (80%), odpowiedzia\u0142a &#8222;nie&#8221;.\u00a0 Jedynie 12% badanych udzieli\u0142o odpowiedzi twierdz\u0105cej.<\/p>\n<p>&#13;<br \/>\n&#13;<\/p>\n<p><img decoding=\"async\" alt=\"\" src=\"https:\/\/super-news.info\/pl\/wp-content\/uploads\/sites\/6\/2019\/05\/1558327953_399_\u201eTylko-nie-mow-nikomu\u201d-pogorszyl-postrzeganie-Kosciola-ponad-polowa-Polakow.png\" style=\"width: 655px; height: 322px;\"\/><\/p>\n<p>&#13;<br \/>\n&#13;<\/p>\n<p>&#13;<br \/>\n&#13;<\/p>\n<p>Zdecydowana wi\u0119kszo\u015b\u0107 ankietowanych jest przekonana, \u017ce <strong>polscy biskupi ukrywali informacje na temat molestowania seksualnego przez ksi\u0119\u017cy. 64% badanych uwa\u017ca, \u017ce by\u0142o to powszechna sytuacja<\/strong>, a 23%, \u017ce takie sytuacje si\u0119 zdarza\u0142y, ale nie by\u0142o to powszechne zjawisko. Jedynie 2% respondent\u00f3w jest zdania, \u017ce polscy biskupi nigdy nie ukrywali takich informacji.<\/p>\n<p>&#13;<br \/>\n&#13;<\/p>\n<p><img decoding=\"async\" alt=\"\" src=\"https:\/\/super-news.info\/pl\/wp-content\/uploads\/sites\/6\/2019\/05\/1558327953_186_\u201eTylko-nie-mow-nikomu\u201d-pogorszyl-postrzeganie-Kosciola-ponad-polowa-Polakow.png\" style=\"width: 655px; height: 290px;\"\/><\/p>\n<p>&#13;<br \/>\n&#13;<\/p>\n<p>Konsekwencj\u0105 tych opinii jest bardzo du\u017cy odsetek ankietowanych <strong>(84%), kt\u00f3rzy uwa\u017caj\u0105, \u017ce powinna powsta\u0107 niezale\u017cna od Ko\u015bcio\u0142a Katolickiego komisja,<\/strong> kt\u00f3rej zadaniem by\u0142oby wyja\u015bnienie przypadk\u00f3w molestowania seksualnego przez kap\u0142an\u00f3w, ukrywania takich sytuacji i zbadanie skali tego zjawiska. <strong>Ponad po\u0142owa respondent\u00f3w (54%) jest r\u00f3wnie\u017c zdania, \u017ce Episkopat Polski powinien poda\u0107 si\u0119 do dymisji.<\/strong><\/p>\n<p>&#13;<br \/>\n&#13;<\/p>\n<p><img decoding=\"async\" alt=\"\" src=\"https:\/\/super-news.info\/pl\/wp-content\/uploads\/sites\/6\/2019\/05\/1558327953_8_\u201eTylko-nie-mow-nikomu\u201d-pogorszyl-postrzeganie-Kosciola-ponad-polowa-Polakow.png\" style=\"width: 655px; height: 341px;\"\/><br \/><img decoding=\"async\" alt=\"\" src=\"https:\/\/super-news.info\/pl\/wp-content\/uploads\/sites\/6\/2019\/05\/1558327953_789_\u201eTylko-nie-mow-nikomu\u201d-pogorszyl-postrzeganie-Kosciola-ponad-polowa-Polakow.png\" style=\"width: 620px; height: 409px;\"\/><\/p>\n<p>&#13;<br \/>\n&#13;<\/p>\n<p><em>Badanie zosta\u0142o przeprowadzone przez Instytut Bada\u0144 Pollster w dniach 16-17 maja 2019 r., metod\u0105 CAWI (badanie z wykorzystaniem ankiety internetowej), na reprezentatywnej pr\u00f3bie 1092 Polak\u00f3w w wieku 18+.<\/em><\/p>\n<p>&#13;<br \/>\n&#13;<\/p>\n<p><iframe loading=\"lazy\" allow=\"accelerometer; autoplay; encrypted-media; gyroscope; picture-in-picture\" allowfullscreen=\"\" frameborder=\"0\" height=\"360\" src=\"https:\/\/www.youtube.com\/embed\/BrUvQ3W3nV4\" width=\"640\"><\/iframe>\u00a0<\/p>\n<p>&#13;<br \/>\n                            &#13;<br \/>\n&#13;<br \/>\n                            &#13;<br \/>\n&#13;<br \/>\n&#13;<br \/>\n&#13;<br \/>\n&#13;<br \/>\n&#13;<br \/>\n                            &#13;<br \/>\n                                                            &#13;<br \/>\n&#13;<br \/>\n                            &#13;\n                        <\/p><\/div>\n<p><script>(function (d, s, id) {\n        var js, fjs = d.getElementsByTagName(s)[0];\n        if (d.getElementById(id)) return;\n        js = d.createElement(s);\n        js.id = id;\n        js.src = \"http:\/\/connect.facebook.net\/pl_PL\/sdk.js#xfbml=1&version=v2.6&appId=297996717062470\";\n        fjs.parentNode.insertBefore(js, fjs);\n    }(document, 'script', 'facebook-jssdk'));<\/script><br \/>\n<br \/>[ad_2]<br \/>\n<br \/><a href=\"https:\/\/www.wirtualnemedia.pl\/artykul\/tylko-nie-mow-nikomu-pogorszyl-postrzeganie-kosciola-ponad-polowa-polakow-chce-dymisji-episkopatu\">Source link <\/a><\/p>\n","protected":false},"excerpt":{"rendered":"<p>[ad_1] Autorzy badania podkre\u015blaj\u0105, \u017ce badanie zosta\u0142o przeprowadzone nieca\u0142y tydzie\u0144 od emisji filmu, dlatego nale\u017cy mie\u0107 na uwadze, \u017ce badani mog\u0105 mie\u0107 sk\u0142onno\u015b\u0107 do wyra\u017cania ostrzejszych ocen. Wraz ze spadkiem emocji zwi\u0105zanych z filmem &#8222;Tylko nie m\u00f3w nikomu&#8221;, takie wska\u017aniki jak zaufanie do Ko\u015bcio\u0142a czy popieranie dymisji Episkopatu, mog\u0105 ulec zmianie. &#13; &#13; Z badania [&hellip;]<\/p>\n","protected":false},"author":2,"featured_media":438,"comment_status":"open","ping_status":"open","sticky":false,"template":"","format":"standard","meta":{"footnotes":""},"categories":[3],"tags":[],"class_list":["post-437","post","type-post","status-publish","format-standard","has-post-thumbnail","hentry","category-wiadomosci-marketingowe"],"yoast_head":"<!-- This site is optimized with the Yoast SEO plugin v27.4 - https:\/\/yoast.com\/product\/yoast-seo-wordpress\/ -->\n<title>\u201eTylko nie m\u00f3w nikomu\u201d pogorszy\u0142 postrzeganie Ko\u015bcio\u0142a, ponad po\u0142owa Polak\u00f3w chce dymisji Episkopatu - Super News<\/title>\n<meta name=\"robots\" content=\"index, follow, max-snippet:-1, max-image-preview:large, max-video-preview:-1\" \/>\n<link rel=\"canonical\" href=\"https:\/\/super-news.info\/pl\/tylko-nie-mow-nikomu-pogorszyl-postrzeganie-kosciola-ponad-polowa-polakow-chce-dymisji-episkopatu\/\" \/>\n<meta property=\"og:locale\" content=\"pl_PL\" \/>\n<meta property=\"og:type\" content=\"article\" \/>\n<meta property=\"og:title\" content=\"\u201eTylko nie m\u00f3w nikomu\u201d pogorszy\u0142 postrzeganie Ko\u015bcio\u0142a, ponad po\u0142owa Polak\u00f3w chce dymisji Episkopatu - Super News\" \/>\n<meta property=\"og:description\" content=\"[ad_1] Autorzy badania podkre\u015blaj\u0105, \u017ce badanie zosta\u0142o przeprowadzone nieca\u0142y tydzie\u0144 od emisji filmu, dlatego nale\u017cy mie\u0107 na uwadze, \u017ce badani mog\u0105 mie\u0107 sk\u0142onno\u015b\u0107 do wyra\u017cania ostrzejszych ocen. Wraz ze spadkiem emocji zwi\u0105zanych z filmem &#8222;Tylko nie m\u00f3w nikomu&#8221;, takie wska\u017aniki jak zaufanie do Ko\u015bcio\u0142a czy popieranie dymisji Episkopatu, mog\u0105 ulec zmianie. &#013; &#013; Z badania [&hellip;]\" \/>\n<meta property=\"og:url\" content=\"https:\/\/super-news.info\/pl\/tylko-nie-mow-nikomu-pogorszyl-postrzeganie-kosciola-ponad-polowa-polakow-chce-dymisji-episkopatu\/\" \/>\n<meta property=\"og:site_name\" content=\"Super News\" \/>\n<meta property=\"article:published_time\" content=\"2019-05-20T04:52:34+00:00\" \/>\n<meta property=\"og:image\" content=\"https:\/\/super-news.info\/pl\/wp-content\/uploads\/sites\/6\/2019\/05\/\u201eTylko-nie-m\u00f3w-nikomu\u201d-pogorszy\u0142-postrzeganie-Ko\u015bcio\u0142a-ponad-po\u0142owa-Polak\u00f3w.png\" \/>\n\t<meta property=\"og:image:width\" content=\"655\" \/>\n\t<meta property=\"og:image:height\" content=\"305\" \/>\n\t<meta property=\"og:image:type\" content=\"image\/png\" \/>\n<meta name=\"author\" content=\"super-news\" \/>\n<meta name=\"twitter:card\" content=\"summary_large_image\" \/>\n<meta name=\"twitter:label1\" content=\"Napisane przez\" \/>\n\t<meta name=\"twitter:data1\" content=\"super-news\" \/>\n\t<meta name=\"twitter:label2\" content=\"Szacowany czas czytania\" \/>\n\t<meta name=\"twitter:data2\" content=\"2 minuty\" \/>\n<script type=\"application\/ld+json\" class=\"yoast-schema-graph\">{\"@context\":\"https:\\\/\\\/schema.org\",\"@graph\":[{\"@type\":\"Article\",\"@id\":\"https:\\\/\\\/super-news.info\\\/pl\\\/tylko-nie-mow-nikomu-pogorszyl-postrzeganie-kosciola-ponad-polowa-polakow-chce-dymisji-episkopatu\\\/#article\",\"isPartOf\":{\"@id\":\"https:\\\/\\\/super-news.info\\\/pl\\\/tylko-nie-mow-nikomu-pogorszyl-postrzeganie-kosciola-ponad-polowa-polakow-chce-dymisji-episkopatu\\\/\"},\"author\":{\"name\":\"super-news\",\"@id\":\"https:\\\/\\\/super-news.info\\\/pl\\\/#\\\/schema\\\/person\\\/2d4068cb2f39cd10008c2fce578a7356\"},\"headline\":\"\u201eTylko nie m\u00f3w nikomu\u201d pogorszy\u0142 postrzeganie Ko\u015bcio\u0142a, ponad po\u0142owa Polak\u00f3w chce dymisji Episkopatu\",\"datePublished\":\"2019-05-20T04:52:34+00:00\",\"mainEntityOfPage\":{\"@id\":\"https:\\\/\\\/super-news.info\\\/pl\\\/tylko-nie-mow-nikomu-pogorszyl-postrzeganie-kosciola-ponad-polowa-polakow-chce-dymisji-episkopatu\\\/\"},\"wordCount\":408,\"commentCount\":0,\"image\":{\"@id\":\"https:\\\/\\\/super-news.info\\\/pl\\\/tylko-nie-mow-nikomu-pogorszyl-postrzeganie-kosciola-ponad-polowa-polakow-chce-dymisji-episkopatu\\\/#primaryimage\"},\"thumbnailUrl\":\"https:\\\/\\\/super-news.info\\\/pl\\\/wp-content\\\/uploads\\\/sites\\\/6\\\/2019\\\/05\\\/\u201eTylko-nie-m\u00f3w-nikomu\u201d-pogorszy\u0142-postrzeganie-Ko\u015bcio\u0142a-ponad-po\u0142owa-Polak\u00f3w.png\",\"articleSection\":[\"WIADOMO\u015aCI MARKETINGOWE\"],\"inLanguage\":\"pl-PL\",\"potentialAction\":[{\"@type\":\"CommentAction\",\"name\":\"Comment\",\"target\":[\"https:\\\/\\\/super-news.info\\\/pl\\\/tylko-nie-mow-nikomu-pogorszyl-postrzeganie-kosciola-ponad-polowa-polakow-chce-dymisji-episkopatu\\\/#respond\"]}]},{\"@type\":\"WebPage\",\"@id\":\"https:\\\/\\\/super-news.info\\\/pl\\\/tylko-nie-mow-nikomu-pogorszyl-postrzeganie-kosciola-ponad-polowa-polakow-chce-dymisji-episkopatu\\\/\",\"url\":\"https:\\\/\\\/super-news.info\\\/pl\\\/tylko-nie-mow-nikomu-pogorszyl-postrzeganie-kosciola-ponad-polowa-polakow-chce-dymisji-episkopatu\\\/\",\"name\":\"\u201eTylko nie m\u00f3w nikomu\u201d pogorszy\u0142 postrzeganie Ko\u015bcio\u0142a, ponad po\u0142owa Polak\u00f3w chce dymisji Episkopatu - Super News\",\"isPartOf\":{\"@id\":\"https:\\\/\\\/super-news.info\\\/pl\\\/#website\"},\"primaryImageOfPage\":{\"@id\":\"https:\\\/\\\/super-news.info\\\/pl\\\/tylko-nie-mow-nikomu-pogorszyl-postrzeganie-kosciola-ponad-polowa-polakow-chce-dymisji-episkopatu\\\/#primaryimage\"},\"image\":{\"@id\":\"https:\\\/\\\/super-news.info\\\/pl\\\/tylko-nie-mow-nikomu-pogorszyl-postrzeganie-kosciola-ponad-polowa-polakow-chce-dymisji-episkopatu\\\/#primaryimage\"},\"thumbnailUrl\":\"https:\\\/\\\/super-news.info\\\/pl\\\/wp-content\\\/uploads\\\/sites\\\/6\\\/2019\\\/05\\\/\u201eTylko-nie-m\u00f3w-nikomu\u201d-pogorszy\u0142-postrzeganie-Ko\u015bcio\u0142a-ponad-po\u0142owa-Polak\u00f3w.png\",\"datePublished\":\"2019-05-20T04:52:34+00:00\",\"author\":{\"@id\":\"https:\\\/\\\/super-news.info\\\/pl\\\/#\\\/schema\\\/person\\\/2d4068cb2f39cd10008c2fce578a7356\"},\"breadcrumb\":{\"@id\":\"https:\\\/\\\/super-news.info\\\/pl\\\/tylko-nie-mow-nikomu-pogorszyl-postrzeganie-kosciola-ponad-polowa-polakow-chce-dymisji-episkopatu\\\/#breadcrumb\"},\"inLanguage\":\"pl-PL\",\"potentialAction\":[{\"@type\":\"ReadAction\",\"target\":[\"https:\\\/\\\/super-news.info\\\/pl\\\/tylko-nie-mow-nikomu-pogorszyl-postrzeganie-kosciola-ponad-polowa-polakow-chce-dymisji-episkopatu\\\/\"]}]},{\"@type\":\"ImageObject\",\"inLanguage\":\"pl-PL\",\"@id\":\"https:\\\/\\\/super-news.info\\\/pl\\\/tylko-nie-mow-nikomu-pogorszyl-postrzeganie-kosciola-ponad-polowa-polakow-chce-dymisji-episkopatu\\\/#primaryimage\",\"url\":\"https:\\\/\\\/super-news.info\\\/pl\\\/wp-content\\\/uploads\\\/sites\\\/6\\\/2019\\\/05\\\/\u201eTylko-nie-m\u00f3w-nikomu\u201d-pogorszy\u0142-postrzeganie-Ko\u015bcio\u0142a-ponad-po\u0142owa-Polak\u00f3w.png\",\"contentUrl\":\"https:\\\/\\\/super-news.info\\\/pl\\\/wp-content\\\/uploads\\\/sites\\\/6\\\/2019\\\/05\\\/\u201eTylko-nie-m\u00f3w-nikomu\u201d-pogorszy\u0142-postrzeganie-Ko\u015bcio\u0142a-ponad-po\u0142owa-Polak\u00f3w.png\",\"width\":655,\"height\":305,\"caption\":\"\u201eTylko nie m\u00f3w nikomu\u201d pogorszy\u0142 postrzeganie Ko\u015bcio\u0142a, ponad po\u0142owa Polak\u00f3w chce dymisji Episkopatu\"},{\"@type\":\"BreadcrumbList\",\"@id\":\"https:\\\/\\\/super-news.info\\\/pl\\\/tylko-nie-mow-nikomu-pogorszyl-postrzeganie-kosciola-ponad-polowa-polakow-chce-dymisji-episkopatu\\\/#breadcrumb\",\"itemListElement\":[{\"@type\":\"ListItem\",\"position\":1,\"name\":\"\u0413\u043b\u0430\u0432\u043d\u0430\u044f \u0441\u0442\u0440\u0430\u043d\u0438\u0446\u0430\",\"item\":\"https:\\\/\\\/super-news.info\\\/pl\\\/\"},{\"@type\":\"ListItem\",\"position\":2,\"name\":\"\u201eTylko nie m\u00f3w nikomu\u201d pogorszy\u0142 postrzeganie Ko\u015bcio\u0142a, ponad po\u0142owa Polak\u00f3w chce dymisji Episkopatu\"}]},{\"@type\":\"WebSite\",\"@id\":\"https:\\\/\\\/super-news.info\\\/pl\\\/#website\",\"url\":\"https:\\\/\\\/super-news.info\\\/pl\\\/\",\"name\":\"Super News\",\"description\":\"Super News Polska\",\"potentialAction\":[{\"@type\":\"SearchAction\",\"target\":{\"@type\":\"EntryPoint\",\"urlTemplate\":\"https:\\\/\\\/super-news.info\\\/pl\\\/?s={search_term_string}\"},\"query-input\":{\"@type\":\"PropertyValueSpecification\",\"valueRequired\":true,\"valueName\":\"search_term_string\"}}],\"inLanguage\":\"pl-PL\"},{\"@type\":\"Person\",\"@id\":\"https:\\\/\\\/super-news.info\\\/pl\\\/#\\\/schema\\\/person\\\/2d4068cb2f39cd10008c2fce578a7356\",\"name\":\"super-news\",\"image\":{\"@type\":\"ImageObject\",\"inLanguage\":\"pl-PL\",\"@id\":\"https:\\\/\\\/secure.gravatar.com\\\/avatar\\\/64ebac40b93f26a154f8a9b5b6fdccfc46f442b26b3dd6756dbff3bf9dc76fd7?s=96&d=mm&r=g\",\"url\":\"https:\\\/\\\/secure.gravatar.com\\\/avatar\\\/64ebac40b93f26a154f8a9b5b6fdccfc46f442b26b3dd6756dbff3bf9dc76fd7?s=96&d=mm&r=g\",\"contentUrl\":\"https:\\\/\\\/secure.gravatar.com\\\/avatar\\\/64ebac40b93f26a154f8a9b5b6fdccfc46f442b26b3dd6756dbff3bf9dc76fd7?s=96&d=mm&r=g\",\"caption\":\"super-news\"},\"url\":\"https:\\\/\\\/super-news.info\\\/pl\\\/author\\\/pt\\\/\"}]}<\/script>\n<!-- \/ Yoast SEO plugin. -->","yoast_head_json":{"title":"\u201eTylko nie m\u00f3w nikomu\u201d pogorszy\u0142 postrzeganie Ko\u015bcio\u0142a, ponad po\u0142owa Polak\u00f3w chce dymisji Episkopatu - Super News","robots":{"index":"index","follow":"follow","max-snippet":"max-snippet:-1","max-image-preview":"max-image-preview:large","max-video-preview":"max-video-preview:-1"},"canonical":"https:\/\/super-news.info\/pl\/tylko-nie-mow-nikomu-pogorszyl-postrzeganie-kosciola-ponad-polowa-polakow-chce-dymisji-episkopatu\/","og_locale":"pl_PL","og_type":"article","og_title":"\u201eTylko nie m\u00f3w nikomu\u201d pogorszy\u0142 postrzeganie Ko\u015bcio\u0142a, ponad po\u0142owa Polak\u00f3w chce dymisji Episkopatu - Super News","og_description":"[ad_1] Autorzy badania podkre\u015blaj\u0105, \u017ce badanie zosta\u0142o przeprowadzone nieca\u0142y tydzie\u0144 od emisji filmu, dlatego nale\u017cy mie\u0107 na uwadze, \u017ce badani mog\u0105 mie\u0107 sk\u0142onno\u015b\u0107 do wyra\u017cania ostrzejszych ocen. Wraz ze spadkiem emocji zwi\u0105zanych z filmem &#8222;Tylko nie m\u00f3w nikomu&#8221;, takie wska\u017aniki jak zaufanie do Ko\u015bcio\u0142a czy popieranie dymisji Episkopatu, mog\u0105 ulec zmianie. &#13; &#13; Z badania [&hellip;]","og_url":"https:\/\/super-news.info\/pl\/tylko-nie-mow-nikomu-pogorszyl-postrzeganie-kosciola-ponad-polowa-polakow-chce-dymisji-episkopatu\/","og_site_name":"Super News","article_published_time":"2019-05-20T04:52:34+00:00","og_image":[{"width":655,"height":305,"url":"https:\/\/super-news.info\/pl\/wp-content\/uploads\/sites\/6\/2019\/05\/\u201eTylko-nie-m\u00f3w-nikomu\u201d-pogorszy\u0142-postrzeganie-Ko\u015bcio\u0142a-ponad-po\u0142owa-Polak\u00f3w.png","type":"image\/png"}],"author":"super-news","twitter_card":"summary_large_image","twitter_misc":{"Napisane przez":"super-news","Szacowany czas czytania":"2 minuty"},"schema":{"@context":"https:\/\/schema.org","@graph":[{"@type":"Article","@id":"https:\/\/super-news.info\/pl\/tylko-nie-mow-nikomu-pogorszyl-postrzeganie-kosciola-ponad-polowa-polakow-chce-dymisji-episkopatu\/#article","isPartOf":{"@id":"https:\/\/super-news.info\/pl\/tylko-nie-mow-nikomu-pogorszyl-postrzeganie-kosciola-ponad-polowa-polakow-chce-dymisji-episkopatu\/"},"author":{"name":"super-news","@id":"https:\/\/super-news.info\/pl\/#\/schema\/person\/2d4068cb2f39cd10008c2fce578a7356"},"headline":"\u201eTylko nie m\u00f3w nikomu\u201d pogorszy\u0142 postrzeganie Ko\u015bcio\u0142a, ponad po\u0142owa Polak\u00f3w chce dymisji Episkopatu","datePublished":"2019-05-20T04:52:34+00:00","mainEntityOfPage":{"@id":"https:\/\/super-news.info\/pl\/tylko-nie-mow-nikomu-pogorszyl-postrzeganie-kosciola-ponad-polowa-polakow-chce-dymisji-episkopatu\/"},"wordCount":408,"commentCount":0,"image":{"@id":"https:\/\/super-news.info\/pl\/tylko-nie-mow-nikomu-pogorszyl-postrzeganie-kosciola-ponad-polowa-polakow-chce-dymisji-episkopatu\/#primaryimage"},"thumbnailUrl":"https:\/\/super-news.info\/pl\/wp-content\/uploads\/sites\/6\/2019\/05\/\u201eTylko-nie-m\u00f3w-nikomu\u201d-pogorszy\u0142-postrzeganie-Ko\u015bcio\u0142a-ponad-po\u0142owa-Polak\u00f3w.png","articleSection":["WIADOMO\u015aCI MARKETINGOWE"],"inLanguage":"pl-PL","potentialAction":[{"@type":"CommentAction","name":"Comment","target":["https:\/\/super-news.info\/pl\/tylko-nie-mow-nikomu-pogorszyl-postrzeganie-kosciola-ponad-polowa-polakow-chce-dymisji-episkopatu\/#respond"]}]},{"@type":"WebPage","@id":"https:\/\/super-news.info\/pl\/tylko-nie-mow-nikomu-pogorszyl-postrzeganie-kosciola-ponad-polowa-polakow-chce-dymisji-episkopatu\/","url":"https:\/\/super-news.info\/pl\/tylko-nie-mow-nikomu-pogorszyl-postrzeganie-kosciola-ponad-polowa-polakow-chce-dymisji-episkopatu\/","name":"\u201eTylko nie m\u00f3w nikomu\u201d pogorszy\u0142 postrzeganie Ko\u015bcio\u0142a, ponad po\u0142owa Polak\u00f3w chce dymisji Episkopatu - Super News","isPartOf":{"@id":"https:\/\/super-news.info\/pl\/#website"},"primaryImageOfPage":{"@id":"https:\/\/super-news.info\/pl\/tylko-nie-mow-nikomu-pogorszyl-postrzeganie-kosciola-ponad-polowa-polakow-chce-dymisji-episkopatu\/#primaryimage"},"image":{"@id":"https:\/\/super-news.info\/pl\/tylko-nie-mow-nikomu-pogorszyl-postrzeganie-kosciola-ponad-polowa-polakow-chce-dymisji-episkopatu\/#primaryimage"},"thumbnailUrl":"https:\/\/super-news.info\/pl\/wp-content\/uploads\/sites\/6\/2019\/05\/\u201eTylko-nie-m\u00f3w-nikomu\u201d-pogorszy\u0142-postrzeganie-Ko\u015bcio\u0142a-ponad-po\u0142owa-Polak\u00f3w.png","datePublished":"2019-05-20T04:52:34+00:00","author":{"@id":"https:\/\/super-news.info\/pl\/#\/schema\/person\/2d4068cb2f39cd10008c2fce578a7356"},"breadcrumb":{"@id":"https:\/\/super-news.info\/pl\/tylko-nie-mow-nikomu-pogorszyl-postrzeganie-kosciola-ponad-polowa-polakow-chce-dymisji-episkopatu\/#breadcrumb"},"inLanguage":"pl-PL","potentialAction":[{"@type":"ReadAction","target":["https:\/\/super-news.info\/pl\/tylko-nie-mow-nikomu-pogorszyl-postrzeganie-kosciola-ponad-polowa-polakow-chce-dymisji-episkopatu\/"]}]},{"@type":"ImageObject","inLanguage":"pl-PL","@id":"https:\/\/super-news.info\/pl\/tylko-nie-mow-nikomu-pogorszyl-postrzeganie-kosciola-ponad-polowa-polakow-chce-dymisji-episkopatu\/#primaryimage","url":"https:\/\/super-news.info\/pl\/wp-content\/uploads\/sites\/6\/2019\/05\/\u201eTylko-nie-m\u00f3w-nikomu\u201d-pogorszy\u0142-postrzeganie-Ko\u015bcio\u0142a-ponad-po\u0142owa-Polak\u00f3w.png","contentUrl":"https:\/\/super-news.info\/pl\/wp-content\/uploads\/sites\/6\/2019\/05\/\u201eTylko-nie-m\u00f3w-nikomu\u201d-pogorszy\u0142-postrzeganie-Ko\u015bcio\u0142a-ponad-po\u0142owa-Polak\u00f3w.png","width":655,"height":305,"caption":"\u201eTylko nie m\u00f3w nikomu\u201d pogorszy\u0142 postrzeganie Ko\u015bcio\u0142a, ponad po\u0142owa Polak\u00f3w chce dymisji Episkopatu"},{"@type":"BreadcrumbList","@id":"https:\/\/super-news.info\/pl\/tylko-nie-mow-nikomu-pogorszyl-postrzeganie-kosciola-ponad-polowa-polakow-chce-dymisji-episkopatu\/#breadcrumb","itemListElement":[{"@type":"ListItem","position":1,"name":"\u0413\u043b\u0430\u0432\u043d\u0430\u044f \u0441\u0442\u0440\u0430\u043d\u0438\u0446\u0430","item":"https:\/\/super-news.info\/pl\/"},{"@type":"ListItem","position":2,"name":"\u201eTylko nie m\u00f3w nikomu\u201d pogorszy\u0142 postrzeganie Ko\u015bcio\u0142a, ponad po\u0142owa Polak\u00f3w chce dymisji Episkopatu"}]},{"@type":"WebSite","@id":"https:\/\/super-news.info\/pl\/#website","url":"https:\/\/super-news.info\/pl\/","name":"Super News","description":"Super News Polska","potentialAction":[{"@type":"SearchAction","target":{"@type":"EntryPoint","urlTemplate":"https:\/\/super-news.info\/pl\/?s={search_term_string}"},"query-input":{"@type":"PropertyValueSpecification","valueRequired":true,"valueName":"search_term_string"}}],"inLanguage":"pl-PL"},{"@type":"Person","@id":"https:\/\/super-news.info\/pl\/#\/schema\/person\/2d4068cb2f39cd10008c2fce578a7356","name":"super-news","image":{"@type":"ImageObject","inLanguage":"pl-PL","@id":"https:\/\/secure.gravatar.com\/avatar\/64ebac40b93f26a154f8a9b5b6fdccfc46f442b26b3dd6756dbff3bf9dc76fd7?s=96&d=mm&r=g","url":"https:\/\/secure.gravatar.com\/avatar\/64ebac40b93f26a154f8a9b5b6fdccfc46f442b26b3dd6756dbff3bf9dc76fd7?s=96&d=mm&r=g","contentUrl":"https:\/\/secure.gravatar.com\/avatar\/64ebac40b93f26a154f8a9b5b6fdccfc46f442b26b3dd6756dbff3bf9dc76fd7?s=96&d=mm&r=g","caption":"super-news"},"url":"https:\/\/super-news.info\/pl\/author\/pt\/"}]}},"_links":{"self":[{"href":"https:\/\/super-news.info\/pl\/wp-json\/wp\/v2\/posts\/437","targetHints":{"allow":["GET"]}}],"collection":[{"href":"https:\/\/super-news.info\/pl\/wp-json\/wp\/v2\/posts"}],"about":[{"href":"https:\/\/super-news.info\/pl\/wp-json\/wp\/v2\/types\/post"}],"author":[{"embeddable":true,"href":"https:\/\/super-news.info\/pl\/wp-json\/wp\/v2\/users\/2"}],"replies":[{"embeddable":true,"href":"https:\/\/super-news.info\/pl\/wp-json\/wp\/v2\/comments?post=437"}],"version-history":[{"count":1,"href":"https:\/\/super-news.info\/pl\/wp-json\/wp\/v2\/posts\/437\/revisions"}],"predecessor-version":[{"id":439,"href":"https:\/\/super-news.info\/pl\/wp-json\/wp\/v2\/posts\/437\/revisions\/439"}],"wp:featuredmedia":[{"embeddable":true,"href":"https:\/\/super-news.info\/pl\/wp-json\/wp\/v2\/media\/438"}],"wp:attachment":[{"href":"https:\/\/super-news.info\/pl\/wp-json\/wp\/v2\/media?parent=437"}],"wp:term":[{"taxonomy":"category","embeddable":true,"href":"https:\/\/super-news.info\/pl\/wp-json\/wp\/v2\/categories?post=437"},{"taxonomy":"post_tag","embeddable":true,"href":"https:\/\/super-news.info\/pl\/wp-json\/wp\/v2\/tags?post=437"}],"curies":[{"name":"wp","href":"https:\/\/api.w.org\/{rel}","templated":true}]}}