{"id":435,"date":"2019-05-19T14:15:24","date_gmt":"2019-05-19T11:15:24","guid":{"rendered":"https:\/\/super-news.info\/pl\/tym-beda-zyly-rynki-przedwyborcza-prosta\/"},"modified":"2019-05-19T14:15:24","modified_gmt":"2019-05-19T11:15:24","slug":"tym-beda-zyly-rynki-przedwyborcza-prosta","status":"publish","type":"post","link":"https:\/\/super-news.info\/pl\/tym-beda-zyly-rynki-przedwyborcza-prosta\/","title":{"rendered":"Tym b\u0119d\u0105 \u017cy\u0142y rynki: przedwyborcza prosta"},"content":{"rendered":"<p> [ad_1]<br \/>\n<\/p>\n<div id=\"articleContent\" data-io-article-url=\"https:\/\/www.bankier.pl\/wiadomosc\/Tym-beda-zyly-rynki-przedwyborcza-prosta-7670948.html\">\n<p>\n<span class=\"fn name\" itemprop=\"name\">Micha\u0142 \u017bu\u0142awi\u0144ski<\/span>\n<\/p>\n<p><span class=\"lead\">W przedwyborczym tygodniu w centrum uwagi znajd\u0105 si\u0119 wa\u017cne dane&#13;<br \/>\nz Polski, Europy i \u015bwiata. Na GPW wci\u0105\u017c trwa\u0142 b\u0119dzie sezon wynik\u00f3w.<\/span><\/p>\n<h2>Poniedzia\u0142ek, 20 maja<\/h2>\n<p>Nowy tydzie\u0144 rozpoczniemy od danych o PKB (01.50) oraz&#13;<br \/>\nprodukcji przemys\u0142owej (06.30) w Japonii. W Niemczech pojawi si\u0119 raport o produkcji&#13;<br \/>\nprzemys\u0142owej (08.00), za\u015b Eurostat przedstawi bilans p\u0142atniczy dla UE (10.00).<\/p>\n<p><!--[ ads link bar ]--><br \/>\n<!-- rec &#347;r&oacute;dtekstowy --><\/p>\n<p>Wyniki: WP, Newag<\/p>\n<h2>Wtorek, 21 maja<\/h2>\n<p>O 10.00 GUS opublikuje dane o przeci\u0119tnym zatrudnieniu i&#13;<br \/>\nwynagrodzeniu w przedsi\u0119biorstwach zatrudniaj\u0105cych ponad 9 os\u00f3b. Analitycy twierdz\u0105,&#13;<br \/>\n\u017ce p\u0142ace wzros\u0142y o 6,6 proc., za\u015b zatrudnienie o 3proc.<\/p>\n<p>Wyniki: Atal, Autopartner, CreepyJar, Vistula<\/p>\n<p><!-- bar &#347;r&oacute;dtekstowy --><\/p>\n<h2>\u015aroda, 22 maja<\/h2>\n<p>Ponownie zaczniemy od Japonii, tym razem za spraw\u0105 danych o&#13;<br \/>\nhandlu zagranicznym oraz zam\u00f3wieniach przedsi\u0119biorstw (01.50). Z polskiej&#13;<br \/>\nperspektywy najwa\u017cniejsze b\u0119d\u0105 raporty o produkcji przemys\u0142owej oraz koniunkturze&#13;<br \/>\nkonsumenckiej (10.00). Reszt\u0119 dnia zdominuj\u0105 kraje anglosaskie \u2013 z&#13;<br \/>\nWielkiej\u00a0 Brytanii nap\u0142yn\u0105 dane o&#13;<br \/>\ninflacji (10.30), z USA o zapasach paliw (16.30). O 20.00 poznamy protok\u00f3\u0142 z&#13;<br \/>\nostatniego posiedzenia Federalnego Komitetu Otwartego Rynku.<\/p>\n<p>Wyniki: Tauron, Boryszew, TenSquare Games, Wielton, Wojas<\/p>\n<h2>Czwartek, 23 maja<\/h2>\n<p>Czwartek up\u0142ynie pod znakiem wst\u0119pnych odczyt\u00f3w indeks\u00f3w PMI&#13;<br \/>\ndla czo\u0142owych gospodarek \u015bwiata. Na pierwszy ogie\u0144 p\u00f3jdzie Japonia (02.30),&#13;<br \/>\nnast\u0119pnie przyjdzie czas na Francj\u0119 (09.15), Niemcy (09.30), stref\u0119 euro&#13;<br \/>\n(10.00) i USA (15.45).<\/p>\n<p>Nie zabraknie te\u017c danych z Polski \u2013 o 10.00 poznamy dynamik\u0119&#13;<br \/>\nsprzeda\u017cy detalicznej oraz produkcji budowlano-monta\u017cowej. Czwartkowy komplet&#13;<br \/>\ndanych uzupe\u0142ni niemiecki indeks Ifo (10.00).<\/p>\n<p>Wyniki: Asseco Poland, CD Projekt, Enea, Grupa Azoty, PKP&#13;<br \/>\nCargo, Bogdanka, CI Games, Forte, Pekabex, PMPG, <\/p>\n<h2>Pi\u0105tek, 24 maja<\/h2>\n<p>Ostatni roboczy dzie\u0144 tygodnia przyniesie dane o inflacji w&#13;<br \/>\nJaponii (01.30), poda\u017cy pieni\u0105dza w Polsce (14.00) oraz zam\u00f3wieniach na dobra&#13;<br \/>\ntrwa\u0142e w USA (14.30).<\/p>\n<p>Wyniki: Comperia, Stalprofil, Bumech<\/p>\n<p>Michal \u017bu\u0142awi\u0144ski<\/p>\n<div id=\"articleSource\" class=\"left\">\n<div class=\"boxContent\">\n    <span>\u0179r\u00f3d\u0142o:<\/span> <\/p>\n<div class=\"articleSourceLogo\">\n        <\/div>\n<\/p><\/div>\n<\/div><\/div>\n<p><script>(function() {\n  var _fbq = window._fbq || (window._fbq = []);\n  if (!_fbq.loaded) {\n    var fbds = document.createElement('script');\n    fbds.async = true;\n    fbds.src = \"http:\/\/connect.facebook.net\/en_US\/fbds.js\";\n    var s = document.getElementsByTagName('script')[0];\n    s.parentNode.insertBefore(fbds, s);\n    _fbq.loaded = true;\n  }\n  _fbq.push(['addPixelId', '743763269044006']);\n})();\nwindow._fbq = window._fbq || [];\nwindow._fbq.push(['track', 'PixelInitialized', {}]);\n<\/script><script>(function(d, s, id) {\n  var js, fjs = d.getElementsByTagName(s)[0];\n  if (d.getElementById(id)) return;\n  js = d.createElement(s); js.id = id;\n  js.src = \"http:\/\/connect.facebook.net\/pl_PL\/sdk.js#xfbml=1&version=v2.3\";\n  fjs.parentNode.insertBefore(js, fjs);\n}(document, 'script', 'facebook-jssdk'));<\/script><script>(function(d, s, id) {\n  var js, fjs = d.getElementsByTagName(s)[0];\n  if (d.getElementById(id)) return;\n  js = d.createElement(s); js.id = id;\n  js.src = \"http:\/\/connect.facebook.net\/pl_PL\/all.js#xfbml=1&appId=212379965454760\";\n  fjs.parentNode.insertBefore(js, fjs);\n}(document, 'script', 'facebook-jssdk'));<\/script><br \/>\n<br \/>[ad_2]<br \/>\n<br \/><a href=\"http:\/\/www.bankier.pl\/wiadomosc\/Tym-beda-zyly-rynki-przedwyborcza-prosta-7670948.html\">Source link <\/a><\/p>\n","protected":false},"excerpt":{"rendered":"<p>[ad_1] Micha\u0142 \u017bu\u0142awi\u0144ski W przedwyborczym tygodniu w centrum uwagi znajd\u0105 si\u0119 wa\u017cne dane&#13; z Polski, Europy i \u015bwiata. Na GPW wci\u0105\u017c trwa\u0142 b\u0119dzie sezon wynik\u00f3w. Poniedzia\u0142ek, 20 maja Nowy tydzie\u0144 rozpoczniemy od danych o PKB (01.50) oraz&#13; produkcji przemys\u0142owej (06.30) w Japonii. W Niemczech pojawi si\u0119 raport o produkcji&#13; przemys\u0142owej (08.00), za\u015b Eurostat przedstawi bilans [&hellip;]<\/p>\n","protected":false},"author":2,"featured_media":422,"comment_status":"open","ping_status":"open","sticky":false,"template":"","format":"standard","meta":{"footnotes":""},"categories":[1],"tags":[],"class_list":["post-435","post","type-post","status-publish","format-standard","has-post-thumbnail","hentry","category-wiadomosci-finansowe"],"yoast_head":"<!-- This site is optimized with the Yoast SEO plugin v27.4 - https:\/\/yoast.com\/product\/yoast-seo-wordpress\/ -->\n<title>Tym b\u0119d\u0105 \u017cy\u0142y rynki: przedwyborcza prosta - Super News<\/title>\n<meta name=\"robots\" content=\"index, follow, max-snippet:-1, max-image-preview:large, max-video-preview:-1\" \/>\n<link rel=\"canonical\" href=\"https:\/\/super-news.info\/pl\/tym-beda-zyly-rynki-przedwyborcza-prosta\/\" \/>\n<meta property=\"og:locale\" content=\"pl_PL\" \/>\n<meta property=\"og:type\" content=\"article\" \/>\n<meta property=\"og:title\" content=\"Tym b\u0119d\u0105 \u017cy\u0142y rynki: przedwyborcza prosta - Super News\" \/>\n<meta property=\"og:description\" content=\"[ad_1] Micha\u0142 \u017bu\u0142awi\u0144ski W przedwyborczym tygodniu w centrum uwagi znajd\u0105 si\u0119 wa\u017cne dane&#013; z Polski, Europy i \u015bwiata. Na GPW wci\u0105\u017c trwa\u0142 b\u0119dzie sezon wynik\u00f3w. Poniedzia\u0142ek, 20 maja Nowy tydzie\u0144 rozpoczniemy od danych o PKB (01.50) oraz&#013; produkcji przemys\u0142owej (06.30) w Japonii. W Niemczech pojawi si\u0119 raport o produkcji&#013; przemys\u0142owej (08.00), za\u015b Eurostat przedstawi bilans [&hellip;]\" \/>\n<meta property=\"og:url\" content=\"https:\/\/super-news.info\/pl\/tym-beda-zyly-rynki-przedwyborcza-prosta\/\" \/>\n<meta property=\"og:site_name\" content=\"Super News\" \/>\n<meta property=\"article:published_time\" content=\"2019-05-19T11:15:24+00:00\" \/>\n<meta property=\"og:image\" content=\"https:\/\/super-news.info\/pl\/wp-content\/uploads\/sites\/6\/2019\/05\/Kuczy\u0144ski-Co-boli-polskiego-inwestora.png\" \/>\n\t<meta property=\"og:image:width\" content=\"100\" \/>\n\t<meta property=\"og:image:height\" content=\"32\" \/>\n\t<meta property=\"og:image:type\" content=\"image\/png\" \/>\n<meta name=\"author\" content=\"super-news\" \/>\n<meta name=\"twitter:card\" content=\"summary_large_image\" \/>\n<meta name=\"twitter:label1\" content=\"Napisane przez\" \/>\n\t<meta name=\"twitter:data1\" content=\"super-news\" \/>\n\t<meta name=\"twitter:label2\" content=\"Szacowany czas czytania\" \/>\n\t<meta name=\"twitter:data2\" content=\"1 minuta\" \/>\n<script type=\"application\/ld+json\" class=\"yoast-schema-graph\">{\"@context\":\"https:\\\/\\\/schema.org\",\"@graph\":[{\"@type\":\"Article\",\"@id\":\"https:\\\/\\\/super-news.info\\\/pl\\\/tym-beda-zyly-rynki-przedwyborcza-prosta\\\/#article\",\"isPartOf\":{\"@id\":\"https:\\\/\\\/super-news.info\\\/pl\\\/tym-beda-zyly-rynki-przedwyborcza-prosta\\\/\"},\"author\":{\"name\":\"super-news\",\"@id\":\"https:\\\/\\\/super-news.info\\\/pl\\\/#\\\/schema\\\/person\\\/2d4068cb2f39cd10008c2fce578a7356\"},\"headline\":\"Tym b\u0119d\u0105 \u017cy\u0142y rynki: przedwyborcza prosta\",\"datePublished\":\"2019-05-19T11:15:24+00:00\",\"mainEntityOfPage\":{\"@id\":\"https:\\\/\\\/super-news.info\\\/pl\\\/tym-beda-zyly-rynki-przedwyborcza-prosta\\\/\"},\"wordCount\":299,\"commentCount\":0,\"image\":{\"@id\":\"https:\\\/\\\/super-news.info\\\/pl\\\/tym-beda-zyly-rynki-przedwyborcza-prosta\\\/#primaryimage\"},\"thumbnailUrl\":\"https:\\\/\\\/super-news.info\\\/pl\\\/wp-content\\\/uploads\\\/sites\\\/6\\\/2019\\\/05\\\/Kuczy\u0144ski-Co-boli-polskiego-inwestora.png\",\"articleSection\":[\"WIADOMO\u015aCI FINANSOWE\"],\"inLanguage\":\"pl-PL\",\"potentialAction\":[{\"@type\":\"CommentAction\",\"name\":\"Comment\",\"target\":[\"https:\\\/\\\/super-news.info\\\/pl\\\/tym-beda-zyly-rynki-przedwyborcza-prosta\\\/#respond\"]}]},{\"@type\":\"WebPage\",\"@id\":\"https:\\\/\\\/super-news.info\\\/pl\\\/tym-beda-zyly-rynki-przedwyborcza-prosta\\\/\",\"url\":\"https:\\\/\\\/super-news.info\\\/pl\\\/tym-beda-zyly-rynki-przedwyborcza-prosta\\\/\",\"name\":\"Tym b\u0119d\u0105 \u017cy\u0142y rynki: przedwyborcza prosta - Super News\",\"isPartOf\":{\"@id\":\"https:\\\/\\\/super-news.info\\\/pl\\\/#website\"},\"primaryImageOfPage\":{\"@id\":\"https:\\\/\\\/super-news.info\\\/pl\\\/tym-beda-zyly-rynki-przedwyborcza-prosta\\\/#primaryimage\"},\"image\":{\"@id\":\"https:\\\/\\\/super-news.info\\\/pl\\\/tym-beda-zyly-rynki-przedwyborcza-prosta\\\/#primaryimage\"},\"thumbnailUrl\":\"https:\\\/\\\/super-news.info\\\/pl\\\/wp-content\\\/uploads\\\/sites\\\/6\\\/2019\\\/05\\\/Kuczy\u0144ski-Co-boli-polskiego-inwestora.png\",\"datePublished\":\"2019-05-19T11:15:24+00:00\",\"author\":{\"@id\":\"https:\\\/\\\/super-news.info\\\/pl\\\/#\\\/schema\\\/person\\\/2d4068cb2f39cd10008c2fce578a7356\"},\"breadcrumb\":{\"@id\":\"https:\\\/\\\/super-news.info\\\/pl\\\/tym-beda-zyly-rynki-przedwyborcza-prosta\\\/#breadcrumb\"},\"inLanguage\":\"pl-PL\",\"potentialAction\":[{\"@type\":\"ReadAction\",\"target\":[\"https:\\\/\\\/super-news.info\\\/pl\\\/tym-beda-zyly-rynki-przedwyborcza-prosta\\\/\"]}]},{\"@type\":\"ImageObject\",\"inLanguage\":\"pl-PL\",\"@id\":\"https:\\\/\\\/super-news.info\\\/pl\\\/tym-beda-zyly-rynki-przedwyborcza-prosta\\\/#primaryimage\",\"url\":\"https:\\\/\\\/super-news.info\\\/pl\\\/wp-content\\\/uploads\\\/sites\\\/6\\\/2019\\\/05\\\/Kuczy\u0144ski-Co-boli-polskiego-inwestora.png\",\"contentUrl\":\"https:\\\/\\\/super-news.info\\\/pl\\\/wp-content\\\/uploads\\\/sites\\\/6\\\/2019\\\/05\\\/Kuczy\u0144ski-Co-boli-polskiego-inwestora.png\",\"width\":100,\"height\":32,\"caption\":\"Kuczy\u0144ski: Co boli polskiego inwestora\"},{\"@type\":\"BreadcrumbList\",\"@id\":\"https:\\\/\\\/super-news.info\\\/pl\\\/tym-beda-zyly-rynki-przedwyborcza-prosta\\\/#breadcrumb\",\"itemListElement\":[{\"@type\":\"ListItem\",\"position\":1,\"name\":\"\u0413\u043b\u0430\u0432\u043d\u0430\u044f \u0441\u0442\u0440\u0430\u043d\u0438\u0446\u0430\",\"item\":\"https:\\\/\\\/super-news.info\\\/pl\\\/\"},{\"@type\":\"ListItem\",\"position\":2,\"name\":\"Tym b\u0119d\u0105 \u017cy\u0142y rynki: przedwyborcza prosta\"}]},{\"@type\":\"WebSite\",\"@id\":\"https:\\\/\\\/super-news.info\\\/pl\\\/#website\",\"url\":\"https:\\\/\\\/super-news.info\\\/pl\\\/\",\"name\":\"Super News\",\"description\":\"Super News Polska\",\"potentialAction\":[{\"@type\":\"SearchAction\",\"target\":{\"@type\":\"EntryPoint\",\"urlTemplate\":\"https:\\\/\\\/super-news.info\\\/pl\\\/?s={search_term_string}\"},\"query-input\":{\"@type\":\"PropertyValueSpecification\",\"valueRequired\":true,\"valueName\":\"search_term_string\"}}],\"inLanguage\":\"pl-PL\"},{\"@type\":\"Person\",\"@id\":\"https:\\\/\\\/super-news.info\\\/pl\\\/#\\\/schema\\\/person\\\/2d4068cb2f39cd10008c2fce578a7356\",\"name\":\"super-news\",\"image\":{\"@type\":\"ImageObject\",\"inLanguage\":\"pl-PL\",\"@id\":\"https:\\\/\\\/secure.gravatar.com\\\/avatar\\\/64ebac40b93f26a154f8a9b5b6fdccfc46f442b26b3dd6756dbff3bf9dc76fd7?s=96&d=mm&r=g\",\"url\":\"https:\\\/\\\/secure.gravatar.com\\\/avatar\\\/64ebac40b93f26a154f8a9b5b6fdccfc46f442b26b3dd6756dbff3bf9dc76fd7?s=96&d=mm&r=g\",\"contentUrl\":\"https:\\\/\\\/secure.gravatar.com\\\/avatar\\\/64ebac40b93f26a154f8a9b5b6fdccfc46f442b26b3dd6756dbff3bf9dc76fd7?s=96&d=mm&r=g\",\"caption\":\"super-news\"},\"url\":\"https:\\\/\\\/super-news.info\\\/pl\\\/author\\\/pt\\\/\"}]}<\/script>\n<!-- \/ Yoast SEO plugin. -->","yoast_head_json":{"title":"Tym b\u0119d\u0105 \u017cy\u0142y rynki: przedwyborcza prosta - Super News","robots":{"index":"index","follow":"follow","max-snippet":"max-snippet:-1","max-image-preview":"max-image-preview:large","max-video-preview":"max-video-preview:-1"},"canonical":"https:\/\/super-news.info\/pl\/tym-beda-zyly-rynki-przedwyborcza-prosta\/","og_locale":"pl_PL","og_type":"article","og_title":"Tym b\u0119d\u0105 \u017cy\u0142y rynki: przedwyborcza prosta - Super News","og_description":"[ad_1] Micha\u0142 \u017bu\u0142awi\u0144ski W przedwyborczym tygodniu w centrum uwagi znajd\u0105 si\u0119 wa\u017cne dane&#13; z Polski, Europy i \u015bwiata. Na GPW wci\u0105\u017c trwa\u0142 b\u0119dzie sezon wynik\u00f3w. Poniedzia\u0142ek, 20 maja Nowy tydzie\u0144 rozpoczniemy od danych o PKB (01.50) oraz&#13; produkcji przemys\u0142owej (06.30) w Japonii. W Niemczech pojawi si\u0119 raport o produkcji&#13; przemys\u0142owej (08.00), za\u015b Eurostat przedstawi bilans [&hellip;]","og_url":"https:\/\/super-news.info\/pl\/tym-beda-zyly-rynki-przedwyborcza-prosta\/","og_site_name":"Super News","article_published_time":"2019-05-19T11:15:24+00:00","og_image":[{"width":100,"height":32,"url":"https:\/\/super-news.info\/pl\/wp-content\/uploads\/sites\/6\/2019\/05\/Kuczy\u0144ski-Co-boli-polskiego-inwestora.png","type":"image\/png"}],"author":"super-news","twitter_card":"summary_large_image","twitter_misc":{"Napisane przez":"super-news","Szacowany czas czytania":"1 minuta"},"schema":{"@context":"https:\/\/schema.org","@graph":[{"@type":"Article","@id":"https:\/\/super-news.info\/pl\/tym-beda-zyly-rynki-przedwyborcza-prosta\/#article","isPartOf":{"@id":"https:\/\/super-news.info\/pl\/tym-beda-zyly-rynki-przedwyborcza-prosta\/"},"author":{"name":"super-news","@id":"https:\/\/super-news.info\/pl\/#\/schema\/person\/2d4068cb2f39cd10008c2fce578a7356"},"headline":"Tym b\u0119d\u0105 \u017cy\u0142y rynki: przedwyborcza prosta","datePublished":"2019-05-19T11:15:24+00:00","mainEntityOfPage":{"@id":"https:\/\/super-news.info\/pl\/tym-beda-zyly-rynki-przedwyborcza-prosta\/"},"wordCount":299,"commentCount":0,"image":{"@id":"https:\/\/super-news.info\/pl\/tym-beda-zyly-rynki-przedwyborcza-prosta\/#primaryimage"},"thumbnailUrl":"https:\/\/super-news.info\/pl\/wp-content\/uploads\/sites\/6\/2019\/05\/Kuczy\u0144ski-Co-boli-polskiego-inwestora.png","articleSection":["WIADOMO\u015aCI FINANSOWE"],"inLanguage":"pl-PL","potentialAction":[{"@type":"CommentAction","name":"Comment","target":["https:\/\/super-news.info\/pl\/tym-beda-zyly-rynki-przedwyborcza-prosta\/#respond"]}]},{"@type":"WebPage","@id":"https:\/\/super-news.info\/pl\/tym-beda-zyly-rynki-przedwyborcza-prosta\/","url":"https:\/\/super-news.info\/pl\/tym-beda-zyly-rynki-przedwyborcza-prosta\/","name":"Tym b\u0119d\u0105 \u017cy\u0142y rynki: przedwyborcza prosta - Super News","isPartOf":{"@id":"https:\/\/super-news.info\/pl\/#website"},"primaryImageOfPage":{"@id":"https:\/\/super-news.info\/pl\/tym-beda-zyly-rynki-przedwyborcza-prosta\/#primaryimage"},"image":{"@id":"https:\/\/super-news.info\/pl\/tym-beda-zyly-rynki-przedwyborcza-prosta\/#primaryimage"},"thumbnailUrl":"https:\/\/super-news.info\/pl\/wp-content\/uploads\/sites\/6\/2019\/05\/Kuczy\u0144ski-Co-boli-polskiego-inwestora.png","datePublished":"2019-05-19T11:15:24+00:00","author":{"@id":"https:\/\/super-news.info\/pl\/#\/schema\/person\/2d4068cb2f39cd10008c2fce578a7356"},"breadcrumb":{"@id":"https:\/\/super-news.info\/pl\/tym-beda-zyly-rynki-przedwyborcza-prosta\/#breadcrumb"},"inLanguage":"pl-PL","potentialAction":[{"@type":"ReadAction","target":["https:\/\/super-news.info\/pl\/tym-beda-zyly-rynki-przedwyborcza-prosta\/"]}]},{"@type":"ImageObject","inLanguage":"pl-PL","@id":"https:\/\/super-news.info\/pl\/tym-beda-zyly-rynki-przedwyborcza-prosta\/#primaryimage","url":"https:\/\/super-news.info\/pl\/wp-content\/uploads\/sites\/6\/2019\/05\/Kuczy\u0144ski-Co-boli-polskiego-inwestora.png","contentUrl":"https:\/\/super-news.info\/pl\/wp-content\/uploads\/sites\/6\/2019\/05\/Kuczy\u0144ski-Co-boli-polskiego-inwestora.png","width":100,"height":32,"caption":"Kuczy\u0144ski: Co boli polskiego inwestora"},{"@type":"BreadcrumbList","@id":"https:\/\/super-news.info\/pl\/tym-beda-zyly-rynki-przedwyborcza-prosta\/#breadcrumb","itemListElement":[{"@type":"ListItem","position":1,"name":"\u0413\u043b\u0430\u0432\u043d\u0430\u044f \u0441\u0442\u0440\u0430\u043d\u0438\u0446\u0430","item":"https:\/\/super-news.info\/pl\/"},{"@type":"ListItem","position":2,"name":"Tym b\u0119d\u0105 \u017cy\u0142y rynki: przedwyborcza prosta"}]},{"@type":"WebSite","@id":"https:\/\/super-news.info\/pl\/#website","url":"https:\/\/super-news.info\/pl\/","name":"Super News","description":"Super News Polska","potentialAction":[{"@type":"SearchAction","target":{"@type":"EntryPoint","urlTemplate":"https:\/\/super-news.info\/pl\/?s={search_term_string}"},"query-input":{"@type":"PropertyValueSpecification","valueRequired":true,"valueName":"search_term_string"}}],"inLanguage":"pl-PL"},{"@type":"Person","@id":"https:\/\/super-news.info\/pl\/#\/schema\/person\/2d4068cb2f39cd10008c2fce578a7356","name":"super-news","image":{"@type":"ImageObject","inLanguage":"pl-PL","@id":"https:\/\/secure.gravatar.com\/avatar\/64ebac40b93f26a154f8a9b5b6fdccfc46f442b26b3dd6756dbff3bf9dc76fd7?s=96&d=mm&r=g","url":"https:\/\/secure.gravatar.com\/avatar\/64ebac40b93f26a154f8a9b5b6fdccfc46f442b26b3dd6756dbff3bf9dc76fd7?s=96&d=mm&r=g","contentUrl":"https:\/\/secure.gravatar.com\/avatar\/64ebac40b93f26a154f8a9b5b6fdccfc46f442b26b3dd6756dbff3bf9dc76fd7?s=96&d=mm&r=g","caption":"super-news"},"url":"https:\/\/super-news.info\/pl\/author\/pt\/"}]}},"_links":{"self":[{"href":"https:\/\/super-news.info\/pl\/wp-json\/wp\/v2\/posts\/435","targetHints":{"allow":["GET"]}}],"collection":[{"href":"https:\/\/super-news.info\/pl\/wp-json\/wp\/v2\/posts"}],"about":[{"href":"https:\/\/super-news.info\/pl\/wp-json\/wp\/v2\/types\/post"}],"author":[{"embeddable":true,"href":"https:\/\/super-news.info\/pl\/wp-json\/wp\/v2\/users\/2"}],"replies":[{"embeddable":true,"href":"https:\/\/super-news.info\/pl\/wp-json\/wp\/v2\/comments?post=435"}],"version-history":[{"count":1,"href":"https:\/\/super-news.info\/pl\/wp-json\/wp\/v2\/posts\/435\/revisions"}],"predecessor-version":[{"id":436,"href":"https:\/\/super-news.info\/pl\/wp-json\/wp\/v2\/posts\/435\/revisions\/436"}],"wp:featuredmedia":[{"embeddable":true,"href":"https:\/\/super-news.info\/pl\/wp-json\/wp\/v2\/media\/422"}],"wp:attachment":[{"href":"https:\/\/super-news.info\/pl\/wp-json\/wp\/v2\/media?parent=435"}],"wp:term":[{"taxonomy":"category","embeddable":true,"href":"https:\/\/super-news.info\/pl\/wp-json\/wp\/v2\/categories?post=435"},{"taxonomy":"post_tag","embeddable":true,"href":"https:\/\/super-news.info\/pl\/wp-json\/wp\/v2\/tags?post=435"}],"curies":[{"name":"wp","href":"https:\/\/api.w.org\/{rel}","templated":true}]}}