{"id":432,"date":"2019-05-19T09:42:12","date_gmt":"2019-05-19T06:42:12","guid":{"rendered":"https:\/\/super-news.info\/pl\/zakaz-handlu-w-niedziele-utrudnia-zycie-malemu-biznesowi-i-pracujacym-matkom\/"},"modified":"2019-05-19T09:42:13","modified_gmt":"2019-05-19T06:42:13","slug":"zakaz-handlu-w-niedziele-utrudnia-zycie-malemu-biznesowi-i-pracujacym-matkom","status":"publish","type":"post","link":"https:\/\/super-news.info\/pl\/zakaz-handlu-w-niedziele-utrudnia-zycie-malemu-biznesowi-i-pracujacym-matkom\/","title":{"rendered":"Zakaz handlu w niedziel\u0119 utrudnia \u017cycie ma\u0142emu biznesowi i pracuj\u0105cym matkom"},"content":{"rendered":"<p> [ad_1]<br \/>\n<\/p>\n<div id=\"\">\n<p>Od wej\u015bcia w \u017cycie regulacji dotycz\u0105cych handlu w niedziele min\u0105\u0142 ponad rok, a temat wci\u0105\u017c dzieli Polak\u00f3w na zadowolonych i niezadowolonych z ogranicze\u0144.<\/p>\n<p>&#13;<br \/>\n&#13;<\/p>\n<p><strong>Agencje SW i Danae zbada\u0142a w wywiadach jako\u015bciowych postrzeganie zakazu niedzielnego handlu w dw\u00f3ch grupach &#8211; przedsi\u0119biorc\u00f3w oraz pracuj\u0105cych matek. <\/strong>To te osoby w du\u017cej mierze odczuwaj\u0105 na w\u0142asnej sk\u00f3rze ustaw\u0119 &#8211; zakaz wymusi\u0142 na nich cz\u0119sto przemodelowanie rutynowego trybu \u017cycia i dostosowanie do nowych okoliczno\u015bci. Wywiady jako\u015bciowe uzupe\u0142niaj\u0105 ankiety.<\/p>\n<p>&#13;<br \/>\n&#13;<\/p>\n<p>Jak wynika z badania ilo\u015bciowego przeprowadzonego przez SW Research, 44,8\u00a0 proc. Polak\u00f3w uwa\u017ca, \u017ce zakaz handlu w niedziel\u0119 utrudnia prowadzenie biznesu ma\u0142ym przedsi\u0119biorcom. Przeciwnego zdania jest co trzecia pytana osoba.<\/p>\n<p>&#13;<br \/>\n&#13;<\/p>\n<p>&#13;<br \/>\n47,1 proc. ankietowanych s\u0105dzi, \u017ce mo\u017cliwo\u015b\u0107 pracy w niedziel\u0119 powinien mie\u0107 ka\u017cdy pracownik. Odpowied\u017a &#8222;wszyscy pr\u00f3cz pracownik\u00f3w handlu&#8221; wskaza\u0142o jedynie 3,6 proc. badanych. Niemal co dziesi\u0105ta osoba (9,8 proc.) opowiedzia\u0142a si\u0119 za tym, \u017ce nikt nie powinien pracowa\u0107 si\u00f3dmego dnia tygodnia opr\u00f3cz s\u0142u\u017cb mundurowych, medycznych i sektora handlu obj\u0119tego wy\u0142\u0105czeniami (np. stacje benzynowe).<br \/>&#13;<br \/>\n\u00a0<\/p>\n<p>&#13;<br \/>\n&#13;<\/p>\n<p><img decoding=\"async\" alt=\"\" src=\"https:\/\/super-news.info\/pl\/wp-content\/uploads\/sites\/6\/2019\/05\/1558248132_346_Zakaz-handlu-w-niedziele-utrudnia-zycie-malemu-biznesowi-i-pracujacym.jpg\" style=\"width: 500px; height: 317px;\"\/><\/p>\n<p>&#13;<br \/>\n&#13;<\/p>\n<p>&#13;<br \/>\n&#13;<\/p>\n<p><span style=\"font-size:20px;\"><strong>Mali przedsi\u0119biorcy cierpi\u0105 przez niedzielny zakaz handlu<\/strong><\/span><\/p>\n<p>&#13;<br \/>\n&#13;<\/p>\n<p>Natomiast opinie przedsi\u0119biorc\u00f3w wyra\u017cane w wywiadach Danae pokazuj\u0105, \u017ce zmiana liczby klient\u00f3w i konsekwencje z tym zwi\u0105zane pozostaj\u0105 w \u015bcis\u0142ym zwi\u0105zku z lokalizacj\u0105 punktu handlowego czy us\u0142ugowego. Na utrat\u0119 cz\u0119\u015bci klient\u00f3w, a tym samym obni\u017cenie przychod\u00f3w, wskazuj\u0105 g\u0142\u00f3wnie ci przedsi\u0119biorcy, kt\u00f3rych lokale znajduj\u0105 si\u0119\u00a0 w centrach handlowych.<\/p>\n<p>&#13;<br \/>\n&#13;<\/p>\n<p><strong>Przedsi\u0119biorcy zgodnie uznali, \u017ce w efekcie wprowadzenia i zwi\u0119kszenia liczby niedziel wolnych od handlu najbardziej poszkodowani zostali w\u0142a\u015bnie najemcy mniejszych stoisk, wysp czy lokali gastronomicznych w centrach handlowych.<\/strong><\/p>\n<p>&#13;<br \/>\n&#13;<\/p>\n<p>Z ich obserwacji wynika, \u017ce cho\u0107 cz\u0119\u015b\u0107 klient\u00f3w niedzielnych odwiedza obecnie galerie w soboty, to cz\u0119sto ich wizyty przebiegaj\u0105 bardziej pospiesznie ni\u017c to mia\u0142o miejsce wcze\u015bniej w niedziele, przychodz\u0105\u00a0 w konkretnym celu i nie korzystaj\u0105 tak ch\u0119tnie z dodatkowych zakup\u00f3w czy konsumpcji. Strat nie wyr\u00f3wnuj\u0105 nawet wyd\u0142u\u017cone godziny pracy w inne dni.<\/p>\n<p>&#13;<br \/>\n&#13;<\/p>\n<p>&#13;<br \/>\n&#13;<\/p>\n<p><span style=\"font-size:20px;\"><strong>Matki pracuj\u0105ce wobec zakazu handlu w niedziele<\/strong><\/span><\/p>\n<p>&#13;<br \/>\n&#13;<\/p>\n<p>Agencja badawcza Danae przeprowadzi\u0142a wywiady z pracuj\u0105cymi matkami, aby sprawdzi\u0107, czy s\u0105 one zwolenniczkami nowych regulacji, czy mo\u017ce wola\u0142yby mie\u0107 mo\u017cliwo\u015b\u0107 wyboru.<\/p>\n<p>&#13;<br \/>\n&#13;<\/p>\n<p>Do tematu pracy w niedziel\u0119 matki podchodz\u0105 przede wszystkim realistycznie i praktycznie \u2013 nie kwestionuj\u0105 rzeczywisto\u015bci, staraj\u0105 si\u0119 sobie poradzi\u0107 i zapewni\u0107 jak najlepsze warunki rodzinom, k\u0142ad\u0105c g\u0142\u00f3wny nacisk na kwestie organizacyjne, nie na emocjonaln\u0105 ocen\u0119 sytuacji.<\/p>\n<p>&#13;<br \/>\n&#13;<\/p>\n<p><strong>Matki prowadz\u0105ce w\u0142asn\u0105 dzia\u0142alno\u015b\u0107 w handlu lub us\u0142ugach, generalnie bardziej krytycznie odnosi\u0142y si\u0119 do zwi\u0119kszenia liczby wolnych niedziel, poniewa\u017c przynosz\u0105 one realne straty w ich biznesie. <\/strong>Klienci b\u0105d\u017a rezygnuj\u0105 z us\u0142ug, b\u0105d\u017a w wi\u0119kszym zakresie korzystaj\u0105 z Internetu. Przy niehandlowych niedzielach dla cz\u0119\u015bci rodzin zakupy sta\u0142y si\u0119 logistycznym wyzwaniem.<\/p>\n<p>&#13;<br \/>\n&#13;<\/p>\n<p>Inne matki zauwa\u017caj\u0105, \u017ce wprowadzaj\u0105c niehandlowe niedziele, odebrano im mo\u017cliwo\u015b\u0107 sp\u0119dzenia czasu w taki spos\u00f3b, w jaki dotychczas lubi\u0142y j\u0105 sp\u0119dza\u0107 \u2013 wybieraj\u0105c si\u0119 na rodzinne zakupy, na kt\u00f3re w tygodniu nie ma czasu, cz\u0119sto po\u0142\u0105czone z wizyt\u0105 w restauracji, czy w kinie.<\/p>\n<p>&#13;<br \/>\n&#13;<\/p>\n<p><strong>Niekt\u00f3rym matkom pracuj\u0105cym w niedziel\u0119 zmiany wr\u0119cz utrudni\u0142y organizacj\u0119 \u017cycia rodzinnego.<\/strong> Dla cz\u0119\u015bci z nich oznacza to wi\u0119ksz\u0105 trosk\u0119 o zapewnienie opieki nad dzie\u0107mi w tygodniu, co jest logistycznym wyzwaniem, je\u015bli obydwoje rodzic\u00f3w pracuje w trybie zmianowym.<\/p>\n<p>&#13;<br \/>\n&#13;<\/p>\n<p>Zakaz handlu w niedziele obowi\u0105zuje od 1 marca 2018 roku. Od tego roku nie obejmuje ostatniej niedzieli w miesi\u0105cu. Od 2020 r. handel dozwolony b\u0119dzie w Polsce jedynie w 7 niedziel, a zabroniony w 45.<\/p>\n<p>&#13;<br \/>\n&#13;<\/p>\n<p><em>Przedstawione wyniki dotycz\u0105 bada\u0144 ilo\u015bciowych, kt\u00f3re obejmowa\u0142y 2 pytania, jak r\u00f3wnie\u017c 14 wywiad\u00f3w jako\u015bciowych. \u0141\u0105cznie w ramach diagnozy spo\u0142ecznej zadanych zostanie 7 pyta\u0144 na reprezentatywnej pr\u00f3bie doros\u0142ych Polak\u00f3w stanowi\u0105cych podstaw\u0119 do analizy ilo\u015bciowej oraz przeprowadzenie 60 narracji\/opinii zr\u00f3\u017cnicowanych pod k\u0105tem \u015bwiatopogl\u0105dowym, stylu \u017cycia oraz wielko\u015bci miejscowo\u015bci.<\/em><\/p>\n<p>&#13;<br \/>\n                            &#13;<br \/>\n&#13;<br \/>\n                            &#13;<br \/>\n&#13;<br \/>\n&#13;<br \/>\n&#13;<br \/>\n&#13;<br \/>\n&#13;<br \/>\n                            &#13;<br \/>\n                                                            &#13;<br \/>\n&#13;<br \/>\n                            &#13;\n                        <\/p><\/div>\n<p><script>(function (d, s, id) {\n        var js, fjs = d.getElementsByTagName(s)[0];\n        if (d.getElementById(id)) return;\n        js = d.createElement(s);\n        js.id = id;\n        js.src = \"http:\/\/connect.facebook.net\/pl_PL\/sdk.js#xfbml=1&version=v2.6&appId=297996717062470\";\n        fjs.parentNode.insertBefore(js, fjs);\n    }(document, 'script', 'facebook-jssdk'));<\/script><br \/>\n<br \/>[ad_2]<br \/>\n<br \/><a href=\"https:\/\/www.wirtualnemedia.pl\/artykul\/zakaz-handlu-w-niedziele-utrudnia-zycie-malemu-biznesowi-i-pracujacym-matkom\">Source link <\/a><\/p>\n","protected":false},"excerpt":{"rendered":"<p>[ad_1] Od wej\u015bcia w \u017cycie regulacji dotycz\u0105cych handlu w niedziele min\u0105\u0142 ponad rok, a temat wci\u0105\u017c dzieli Polak\u00f3w na zadowolonych i niezadowolonych z ogranicze\u0144. &#13; &#13; Agencje SW i Danae zbada\u0142a w wywiadach jako\u015bciowych postrzeganie zakazu niedzielnego handlu w dw\u00f3ch grupach &#8211; przedsi\u0119biorc\u00f3w oraz pracuj\u0105cych matek. To te osoby w du\u017cej mierze odczuwaj\u0105 na w\u0142asnej [&hellip;]<\/p>\n","protected":false},"author":2,"featured_media":433,"comment_status":"open","ping_status":"open","sticky":false,"template":"","format":"standard","meta":{"footnotes":""},"categories":[3],"tags":[],"class_list":["post-432","post","type-post","status-publish","format-standard","has-post-thumbnail","hentry","category-wiadomosci-marketingowe"],"yoast_head":"<!-- This site is optimized with the Yoast SEO plugin v27.4 - https:\/\/yoast.com\/product\/yoast-seo-wordpress\/ -->\n<title>Zakaz handlu w niedziel\u0119 utrudnia \u017cycie ma\u0142emu biznesowi i pracuj\u0105cym matkom - Super News<\/title>\n<meta name=\"robots\" content=\"index, follow, max-snippet:-1, max-image-preview:large, max-video-preview:-1\" \/>\n<link rel=\"canonical\" href=\"https:\/\/super-news.info\/pl\/zakaz-handlu-w-niedziele-utrudnia-zycie-malemu-biznesowi-i-pracujacym-matkom\/\" \/>\n<meta property=\"og:locale\" content=\"pl_PL\" \/>\n<meta property=\"og:type\" content=\"article\" \/>\n<meta property=\"og:title\" content=\"Zakaz handlu w niedziel\u0119 utrudnia \u017cycie ma\u0142emu biznesowi i pracuj\u0105cym matkom - Super News\" \/>\n<meta property=\"og:description\" content=\"[ad_1] Od wej\u015bcia w \u017cycie regulacji dotycz\u0105cych handlu w niedziele min\u0105\u0142 ponad rok, a temat wci\u0105\u017c dzieli Polak\u00f3w na zadowolonych i niezadowolonych z ogranicze\u0144. &#013; &#013; Agencje SW i Danae zbada\u0142a w wywiadach jako\u015bciowych postrzeganie zakazu niedzielnego handlu w dw\u00f3ch grupach &#8211; przedsi\u0119biorc\u00f3w oraz pracuj\u0105cych matek. To te osoby w du\u017cej mierze odczuwaj\u0105 na w\u0142asnej [&hellip;]\" \/>\n<meta property=\"og:url\" content=\"https:\/\/super-news.info\/pl\/zakaz-handlu-w-niedziele-utrudnia-zycie-malemu-biznesowi-i-pracujacym-matkom\/\" \/>\n<meta property=\"og:site_name\" content=\"Super News\" \/>\n<meta property=\"article:published_time\" content=\"2019-05-19T06:42:12+00:00\" \/>\n<meta property=\"article:modified_time\" content=\"2019-05-19T06:42:13+00:00\" \/>\n<meta property=\"og:image\" content=\"https:\/\/super-news.info\/pl\/wp-content\/uploads\/sites\/6\/2019\/05\/Zakaz-handlu-w-niedziel\u0119-utrudnia-\u017cycie-ma\u0142emu-biznesowi-i-pracuj\u0105cym.jpg\" \/>\n\t<meta property=\"og:image:width\" content=\"1280\" \/>\n\t<meta property=\"og:image:height\" content=\"826\" \/>\n\t<meta property=\"og:image:type\" content=\"image\/jpeg\" \/>\n<meta name=\"author\" content=\"super-news\" \/>\n<meta name=\"twitter:card\" content=\"summary_large_image\" \/>\n<meta name=\"twitter:label1\" content=\"Napisane przez\" \/>\n\t<meta name=\"twitter:data1\" content=\"super-news\" \/>\n\t<meta name=\"twitter:label2\" content=\"Szacowany czas czytania\" \/>\n\t<meta name=\"twitter:data2\" content=\"3 minuty\" \/>\n<script type=\"application\/ld+json\" class=\"yoast-schema-graph\">{\"@context\":\"https:\\\/\\\/schema.org\",\"@graph\":[{\"@type\":\"Article\",\"@id\":\"https:\\\/\\\/super-news.info\\\/pl\\\/zakaz-handlu-w-niedziele-utrudnia-zycie-malemu-biznesowi-i-pracujacym-matkom\\\/#article\",\"isPartOf\":{\"@id\":\"https:\\\/\\\/super-news.info\\\/pl\\\/zakaz-handlu-w-niedziele-utrudnia-zycie-malemu-biznesowi-i-pracujacym-matkom\\\/\"},\"author\":{\"name\":\"super-news\",\"@id\":\"https:\\\/\\\/super-news.info\\\/pl\\\/#\\\/schema\\\/person\\\/2d4068cb2f39cd10008c2fce578a7356\"},\"headline\":\"Zakaz handlu w niedziel\u0119 utrudnia \u017cycie ma\u0142emu biznesowi i pracuj\u0105cym matkom\",\"datePublished\":\"2019-05-19T06:42:12+00:00\",\"dateModified\":\"2019-05-19T06:42:13+00:00\",\"mainEntityOfPage\":{\"@id\":\"https:\\\/\\\/super-news.info\\\/pl\\\/zakaz-handlu-w-niedziele-utrudnia-zycie-malemu-biznesowi-i-pracujacym-matkom\\\/\"},\"wordCount\":695,\"commentCount\":0,\"image\":{\"@id\":\"https:\\\/\\\/super-news.info\\\/pl\\\/zakaz-handlu-w-niedziele-utrudnia-zycie-malemu-biznesowi-i-pracujacym-matkom\\\/#primaryimage\"},\"thumbnailUrl\":\"https:\\\/\\\/super-news.info\\\/pl\\\/wp-content\\\/uploads\\\/sites\\\/6\\\/2019\\\/05\\\/Zakaz-handlu-w-niedziel\u0119-utrudnia-\u017cycie-ma\u0142emu-biznesowi-i-pracuj\u0105cym.jpg\",\"articleSection\":[\"WIADOMO\u015aCI MARKETINGOWE\"],\"inLanguage\":\"pl-PL\",\"potentialAction\":[{\"@type\":\"CommentAction\",\"name\":\"Comment\",\"target\":[\"https:\\\/\\\/super-news.info\\\/pl\\\/zakaz-handlu-w-niedziele-utrudnia-zycie-malemu-biznesowi-i-pracujacym-matkom\\\/#respond\"]}]},{\"@type\":\"WebPage\",\"@id\":\"https:\\\/\\\/super-news.info\\\/pl\\\/zakaz-handlu-w-niedziele-utrudnia-zycie-malemu-biznesowi-i-pracujacym-matkom\\\/\",\"url\":\"https:\\\/\\\/super-news.info\\\/pl\\\/zakaz-handlu-w-niedziele-utrudnia-zycie-malemu-biznesowi-i-pracujacym-matkom\\\/\",\"name\":\"Zakaz handlu w niedziel\u0119 utrudnia \u017cycie ma\u0142emu biznesowi i pracuj\u0105cym matkom - Super News\",\"isPartOf\":{\"@id\":\"https:\\\/\\\/super-news.info\\\/pl\\\/#website\"},\"primaryImageOfPage\":{\"@id\":\"https:\\\/\\\/super-news.info\\\/pl\\\/zakaz-handlu-w-niedziele-utrudnia-zycie-malemu-biznesowi-i-pracujacym-matkom\\\/#primaryimage\"},\"image\":{\"@id\":\"https:\\\/\\\/super-news.info\\\/pl\\\/zakaz-handlu-w-niedziele-utrudnia-zycie-malemu-biznesowi-i-pracujacym-matkom\\\/#primaryimage\"},\"thumbnailUrl\":\"https:\\\/\\\/super-news.info\\\/pl\\\/wp-content\\\/uploads\\\/sites\\\/6\\\/2019\\\/05\\\/Zakaz-handlu-w-niedziel\u0119-utrudnia-\u017cycie-ma\u0142emu-biznesowi-i-pracuj\u0105cym.jpg\",\"datePublished\":\"2019-05-19T06:42:12+00:00\",\"dateModified\":\"2019-05-19T06:42:13+00:00\",\"author\":{\"@id\":\"https:\\\/\\\/super-news.info\\\/pl\\\/#\\\/schema\\\/person\\\/2d4068cb2f39cd10008c2fce578a7356\"},\"breadcrumb\":{\"@id\":\"https:\\\/\\\/super-news.info\\\/pl\\\/zakaz-handlu-w-niedziele-utrudnia-zycie-malemu-biznesowi-i-pracujacym-matkom\\\/#breadcrumb\"},\"inLanguage\":\"pl-PL\",\"potentialAction\":[{\"@type\":\"ReadAction\",\"target\":[\"https:\\\/\\\/super-news.info\\\/pl\\\/zakaz-handlu-w-niedziele-utrudnia-zycie-malemu-biznesowi-i-pracujacym-matkom\\\/\"]}]},{\"@type\":\"ImageObject\",\"inLanguage\":\"pl-PL\",\"@id\":\"https:\\\/\\\/super-news.info\\\/pl\\\/zakaz-handlu-w-niedziele-utrudnia-zycie-malemu-biznesowi-i-pracujacym-matkom\\\/#primaryimage\",\"url\":\"https:\\\/\\\/super-news.info\\\/pl\\\/wp-content\\\/uploads\\\/sites\\\/6\\\/2019\\\/05\\\/Zakaz-handlu-w-niedziel\u0119-utrudnia-\u017cycie-ma\u0142emu-biznesowi-i-pracuj\u0105cym.jpg\",\"contentUrl\":\"https:\\\/\\\/super-news.info\\\/pl\\\/wp-content\\\/uploads\\\/sites\\\/6\\\/2019\\\/05\\\/Zakaz-handlu-w-niedziel\u0119-utrudnia-\u017cycie-ma\u0142emu-biznesowi-i-pracuj\u0105cym.jpg\",\"width\":1280,\"height\":826,\"caption\":\"Zakaz handlu w niedziel\u0119 utrudnia \u017cycie ma\u0142emu biznesowi i pracuj\u0105cym matkom\"},{\"@type\":\"BreadcrumbList\",\"@id\":\"https:\\\/\\\/super-news.info\\\/pl\\\/zakaz-handlu-w-niedziele-utrudnia-zycie-malemu-biznesowi-i-pracujacym-matkom\\\/#breadcrumb\",\"itemListElement\":[{\"@type\":\"ListItem\",\"position\":1,\"name\":\"\u0413\u043b\u0430\u0432\u043d\u0430\u044f \u0441\u0442\u0440\u0430\u043d\u0438\u0446\u0430\",\"item\":\"https:\\\/\\\/super-news.info\\\/pl\\\/\"},{\"@type\":\"ListItem\",\"position\":2,\"name\":\"Zakaz handlu w niedziel\u0119 utrudnia \u017cycie ma\u0142emu biznesowi i pracuj\u0105cym matkom\"}]},{\"@type\":\"WebSite\",\"@id\":\"https:\\\/\\\/super-news.info\\\/pl\\\/#website\",\"url\":\"https:\\\/\\\/super-news.info\\\/pl\\\/\",\"name\":\"Super News\",\"description\":\"Super News Polska\",\"potentialAction\":[{\"@type\":\"SearchAction\",\"target\":{\"@type\":\"EntryPoint\",\"urlTemplate\":\"https:\\\/\\\/super-news.info\\\/pl\\\/?s={search_term_string}\"},\"query-input\":{\"@type\":\"PropertyValueSpecification\",\"valueRequired\":true,\"valueName\":\"search_term_string\"}}],\"inLanguage\":\"pl-PL\"},{\"@type\":\"Person\",\"@id\":\"https:\\\/\\\/super-news.info\\\/pl\\\/#\\\/schema\\\/person\\\/2d4068cb2f39cd10008c2fce578a7356\",\"name\":\"super-news\",\"image\":{\"@type\":\"ImageObject\",\"inLanguage\":\"pl-PL\",\"@id\":\"https:\\\/\\\/secure.gravatar.com\\\/avatar\\\/64ebac40b93f26a154f8a9b5b6fdccfc46f442b26b3dd6756dbff3bf9dc76fd7?s=96&d=mm&r=g\",\"url\":\"https:\\\/\\\/secure.gravatar.com\\\/avatar\\\/64ebac40b93f26a154f8a9b5b6fdccfc46f442b26b3dd6756dbff3bf9dc76fd7?s=96&d=mm&r=g\",\"contentUrl\":\"https:\\\/\\\/secure.gravatar.com\\\/avatar\\\/64ebac40b93f26a154f8a9b5b6fdccfc46f442b26b3dd6756dbff3bf9dc76fd7?s=96&d=mm&r=g\",\"caption\":\"super-news\"},\"url\":\"https:\\\/\\\/super-news.info\\\/pl\\\/author\\\/pt\\\/\"}]}<\/script>\n<!-- \/ Yoast SEO plugin. -->","yoast_head_json":{"title":"Zakaz handlu w niedziel\u0119 utrudnia \u017cycie ma\u0142emu biznesowi i pracuj\u0105cym matkom - Super News","robots":{"index":"index","follow":"follow","max-snippet":"max-snippet:-1","max-image-preview":"max-image-preview:large","max-video-preview":"max-video-preview:-1"},"canonical":"https:\/\/super-news.info\/pl\/zakaz-handlu-w-niedziele-utrudnia-zycie-malemu-biznesowi-i-pracujacym-matkom\/","og_locale":"pl_PL","og_type":"article","og_title":"Zakaz handlu w niedziel\u0119 utrudnia \u017cycie ma\u0142emu biznesowi i pracuj\u0105cym matkom - Super News","og_description":"[ad_1] Od wej\u015bcia w \u017cycie regulacji dotycz\u0105cych handlu w niedziele min\u0105\u0142 ponad rok, a temat wci\u0105\u017c dzieli Polak\u00f3w na zadowolonych i niezadowolonych z ogranicze\u0144. &#13; &#13; Agencje SW i Danae zbada\u0142a w wywiadach jako\u015bciowych postrzeganie zakazu niedzielnego handlu w dw\u00f3ch grupach &#8211; przedsi\u0119biorc\u00f3w oraz pracuj\u0105cych matek. To te osoby w du\u017cej mierze odczuwaj\u0105 na w\u0142asnej [&hellip;]","og_url":"https:\/\/super-news.info\/pl\/zakaz-handlu-w-niedziele-utrudnia-zycie-malemu-biznesowi-i-pracujacym-matkom\/","og_site_name":"Super News","article_published_time":"2019-05-19T06:42:12+00:00","article_modified_time":"2019-05-19T06:42:13+00:00","og_image":[{"width":1280,"height":826,"url":"https:\/\/super-news.info\/pl\/wp-content\/uploads\/sites\/6\/2019\/05\/Zakaz-handlu-w-niedziel\u0119-utrudnia-\u017cycie-ma\u0142emu-biznesowi-i-pracuj\u0105cym.jpg","type":"image\/jpeg"}],"author":"super-news","twitter_card":"summary_large_image","twitter_misc":{"Napisane przez":"super-news","Szacowany czas czytania":"3 minuty"},"schema":{"@context":"https:\/\/schema.org","@graph":[{"@type":"Article","@id":"https:\/\/super-news.info\/pl\/zakaz-handlu-w-niedziele-utrudnia-zycie-malemu-biznesowi-i-pracujacym-matkom\/#article","isPartOf":{"@id":"https:\/\/super-news.info\/pl\/zakaz-handlu-w-niedziele-utrudnia-zycie-malemu-biznesowi-i-pracujacym-matkom\/"},"author":{"name":"super-news","@id":"https:\/\/super-news.info\/pl\/#\/schema\/person\/2d4068cb2f39cd10008c2fce578a7356"},"headline":"Zakaz handlu w niedziel\u0119 utrudnia \u017cycie ma\u0142emu biznesowi i pracuj\u0105cym matkom","datePublished":"2019-05-19T06:42:12+00:00","dateModified":"2019-05-19T06:42:13+00:00","mainEntityOfPage":{"@id":"https:\/\/super-news.info\/pl\/zakaz-handlu-w-niedziele-utrudnia-zycie-malemu-biznesowi-i-pracujacym-matkom\/"},"wordCount":695,"commentCount":0,"image":{"@id":"https:\/\/super-news.info\/pl\/zakaz-handlu-w-niedziele-utrudnia-zycie-malemu-biznesowi-i-pracujacym-matkom\/#primaryimage"},"thumbnailUrl":"https:\/\/super-news.info\/pl\/wp-content\/uploads\/sites\/6\/2019\/05\/Zakaz-handlu-w-niedziel\u0119-utrudnia-\u017cycie-ma\u0142emu-biznesowi-i-pracuj\u0105cym.jpg","articleSection":["WIADOMO\u015aCI MARKETINGOWE"],"inLanguage":"pl-PL","potentialAction":[{"@type":"CommentAction","name":"Comment","target":["https:\/\/super-news.info\/pl\/zakaz-handlu-w-niedziele-utrudnia-zycie-malemu-biznesowi-i-pracujacym-matkom\/#respond"]}]},{"@type":"WebPage","@id":"https:\/\/super-news.info\/pl\/zakaz-handlu-w-niedziele-utrudnia-zycie-malemu-biznesowi-i-pracujacym-matkom\/","url":"https:\/\/super-news.info\/pl\/zakaz-handlu-w-niedziele-utrudnia-zycie-malemu-biznesowi-i-pracujacym-matkom\/","name":"Zakaz handlu w niedziel\u0119 utrudnia \u017cycie ma\u0142emu biznesowi i pracuj\u0105cym matkom - Super News","isPartOf":{"@id":"https:\/\/super-news.info\/pl\/#website"},"primaryImageOfPage":{"@id":"https:\/\/super-news.info\/pl\/zakaz-handlu-w-niedziele-utrudnia-zycie-malemu-biznesowi-i-pracujacym-matkom\/#primaryimage"},"image":{"@id":"https:\/\/super-news.info\/pl\/zakaz-handlu-w-niedziele-utrudnia-zycie-malemu-biznesowi-i-pracujacym-matkom\/#primaryimage"},"thumbnailUrl":"https:\/\/super-news.info\/pl\/wp-content\/uploads\/sites\/6\/2019\/05\/Zakaz-handlu-w-niedziel\u0119-utrudnia-\u017cycie-ma\u0142emu-biznesowi-i-pracuj\u0105cym.jpg","datePublished":"2019-05-19T06:42:12+00:00","dateModified":"2019-05-19T06:42:13+00:00","author":{"@id":"https:\/\/super-news.info\/pl\/#\/schema\/person\/2d4068cb2f39cd10008c2fce578a7356"},"breadcrumb":{"@id":"https:\/\/super-news.info\/pl\/zakaz-handlu-w-niedziele-utrudnia-zycie-malemu-biznesowi-i-pracujacym-matkom\/#breadcrumb"},"inLanguage":"pl-PL","potentialAction":[{"@type":"ReadAction","target":["https:\/\/super-news.info\/pl\/zakaz-handlu-w-niedziele-utrudnia-zycie-malemu-biznesowi-i-pracujacym-matkom\/"]}]},{"@type":"ImageObject","inLanguage":"pl-PL","@id":"https:\/\/super-news.info\/pl\/zakaz-handlu-w-niedziele-utrudnia-zycie-malemu-biznesowi-i-pracujacym-matkom\/#primaryimage","url":"https:\/\/super-news.info\/pl\/wp-content\/uploads\/sites\/6\/2019\/05\/Zakaz-handlu-w-niedziel\u0119-utrudnia-\u017cycie-ma\u0142emu-biznesowi-i-pracuj\u0105cym.jpg","contentUrl":"https:\/\/super-news.info\/pl\/wp-content\/uploads\/sites\/6\/2019\/05\/Zakaz-handlu-w-niedziel\u0119-utrudnia-\u017cycie-ma\u0142emu-biznesowi-i-pracuj\u0105cym.jpg","width":1280,"height":826,"caption":"Zakaz handlu w niedziel\u0119 utrudnia \u017cycie ma\u0142emu biznesowi i pracuj\u0105cym matkom"},{"@type":"BreadcrumbList","@id":"https:\/\/super-news.info\/pl\/zakaz-handlu-w-niedziele-utrudnia-zycie-malemu-biznesowi-i-pracujacym-matkom\/#breadcrumb","itemListElement":[{"@type":"ListItem","position":1,"name":"\u0413\u043b\u0430\u0432\u043d\u0430\u044f \u0441\u0442\u0440\u0430\u043d\u0438\u0446\u0430","item":"https:\/\/super-news.info\/pl\/"},{"@type":"ListItem","position":2,"name":"Zakaz handlu w niedziel\u0119 utrudnia \u017cycie ma\u0142emu biznesowi i pracuj\u0105cym matkom"}]},{"@type":"WebSite","@id":"https:\/\/super-news.info\/pl\/#website","url":"https:\/\/super-news.info\/pl\/","name":"Super News","description":"Super News Polska","potentialAction":[{"@type":"SearchAction","target":{"@type":"EntryPoint","urlTemplate":"https:\/\/super-news.info\/pl\/?s={search_term_string}"},"query-input":{"@type":"PropertyValueSpecification","valueRequired":true,"valueName":"search_term_string"}}],"inLanguage":"pl-PL"},{"@type":"Person","@id":"https:\/\/super-news.info\/pl\/#\/schema\/person\/2d4068cb2f39cd10008c2fce578a7356","name":"super-news","image":{"@type":"ImageObject","inLanguage":"pl-PL","@id":"https:\/\/secure.gravatar.com\/avatar\/64ebac40b93f26a154f8a9b5b6fdccfc46f442b26b3dd6756dbff3bf9dc76fd7?s=96&d=mm&r=g","url":"https:\/\/secure.gravatar.com\/avatar\/64ebac40b93f26a154f8a9b5b6fdccfc46f442b26b3dd6756dbff3bf9dc76fd7?s=96&d=mm&r=g","contentUrl":"https:\/\/secure.gravatar.com\/avatar\/64ebac40b93f26a154f8a9b5b6fdccfc46f442b26b3dd6756dbff3bf9dc76fd7?s=96&d=mm&r=g","caption":"super-news"},"url":"https:\/\/super-news.info\/pl\/author\/pt\/"}]}},"_links":{"self":[{"href":"https:\/\/super-news.info\/pl\/wp-json\/wp\/v2\/posts\/432","targetHints":{"allow":["GET"]}}],"collection":[{"href":"https:\/\/super-news.info\/pl\/wp-json\/wp\/v2\/posts"}],"about":[{"href":"https:\/\/super-news.info\/pl\/wp-json\/wp\/v2\/types\/post"}],"author":[{"embeddable":true,"href":"https:\/\/super-news.info\/pl\/wp-json\/wp\/v2\/users\/2"}],"replies":[{"embeddable":true,"href":"https:\/\/super-news.info\/pl\/wp-json\/wp\/v2\/comments?post=432"}],"version-history":[{"count":1,"href":"https:\/\/super-news.info\/pl\/wp-json\/wp\/v2\/posts\/432\/revisions"}],"predecessor-version":[{"id":434,"href":"https:\/\/super-news.info\/pl\/wp-json\/wp\/v2\/posts\/432\/revisions\/434"}],"wp:featuredmedia":[{"embeddable":true,"href":"https:\/\/super-news.info\/pl\/wp-json\/wp\/v2\/media\/433"}],"wp:attachment":[{"href":"https:\/\/super-news.info\/pl\/wp-json\/wp\/v2\/media?parent=432"}],"wp:term":[{"taxonomy":"category","embeddable":true,"href":"https:\/\/super-news.info\/pl\/wp-json\/wp\/v2\/categories?post=432"},{"taxonomy":"post_tag","embeddable":true,"href":"https:\/\/super-news.info\/pl\/wp-json\/wp\/v2\/tags?post=432"}],"curies":[{"name":"wp","href":"https:\/\/api.w.org\/{rel}","templated":true}]}}