{"id":429,"date":"2019-05-18T17:07:00","date_gmt":"2019-05-18T14:07:00","guid":{"rendered":"https:\/\/super-news.info\/pl\/w-dniu-wyborow-komus-bedzie-wstyd\/"},"modified":"2020-02-21T18:12:33","modified_gmt":"2020-02-21T15:12:33","slug":"w-dniu-wyborow-komus-bedzie-wstyd","status":"publish","type":"post","link":"https:\/\/super-news.info\/pl\/w-dniu-wyborow-komus-bedzie-wstyd\/","title":{"rendered":"w dniu wybor\u00f3w komu\u015b b\u0119dzie wstyd"},"content":{"rendered":"<p>Sonda\u017c przedwyborczy <strong>Instytutu Bada\u0144 Spraw Publicznych (IBSP) zosta\u0142 zrealizowany od minionego wtorku do czwartku metod\u0105 telefoniczn\u0105 standaryzowanych wywiad\u00f3w wspomaganych komputerowo (CATI)<\/strong> na reprezentatywnej grupie 1008 doros\u0142ych Polak\u00f3w.<\/p>\n<p><strong>W badaniu Koalicja Europejska uzyska\u0142a 43,6 proc. poparcia, Prawo i Sprawiedliwo\u015b\u0107 &#8211; 32,9 proc.,<\/strong> Wiosna &#8211; 9,1 proc., Konfederacja &#8211; 6,9 proc., Kukiz \u201915 &#8211; 4,9 proc., a Lewica Razem &#8211; 2,2 proc. W por\u00f3wnaniu z poprzednim sonda\u017cem PiS straci\u0142 6 pkt proc.<\/p>\n<p>Udzia\u0142 w wyborach do europarlamentu zadeklarowa\u0142o ok. 50 proc. pytanych os\u00f3b (pi\u0119\u0107 lat temu frekwencja w tych wyborach wynios\u0142a 23,8 proc.).<\/p>\n<blockquote><p>KE &#8211; 44%, PIS &#8211; 33%. Prawie 11 punkt\u00f3w procentowych przewagi Koalicji Europejskiej nad PIS.(PiS spadek o 6 pkt w ci\u0105gu tygodnia). Wiosna &#8211; 9 pkt, Konfederacja prawie 7. ??? pic.twitter.com\/WV3dYahEhI<\/p>\n<p>\u2014 Tomasz Lis (@lis_tomasz) 17 maja 2019<\/p><\/blockquote>\n<p><span style=\"font-size: 20px;\"><strong>Lis zachwycony, inni dziennikarze sceptyczni<\/strong><\/span><\/p>\n<p>Publikacj\u0119 wynik\u00f3w tego sonda\u017cu w czwartek wieczorem <strong>zapowiedzia\u0142 Tomasz Lis, redaktor naczelny \u201eNewsweek Polska\u201d. Jutro o 8.00 wyniki najnowszego sonda\u017cu i powiem tak &#8211; jeszcze Polska nie zgin\u0119\u0142a &#8211; stwierdzi\u0142.<\/strong> &#8211; Z g\u00f3ry proponuj\u0119 taki uk\u0142ad. Ja jutro podam Wam naprawd\u0119 doskonale informacje, ale Wy b\u0119dziecie pami\u0119ta\u0107, \u017ce to jednak wci\u0105\u017c tylko sonda\u017c, \u017ce trzeba o nim szybko zapomnie\u0107, walczy\u0107 o frekwencj\u0119, bo liczy si\u0119 ka\u017cdy g\u0142os, koniecznie g\u0142osowa\u0107 i przekona\u0107 do tego innych. Ok? &#8211; doda\u0142 Lis w kolejnym wpisie.<\/p>\n<p>&#8211; Gdy si\u0119 chce mobilizowa\u0107 to zawsze m\u00f3wi si\u0119, \u017ce jest fifty fifty i trzeba walczy\u0107  \ud83d\ude09 &#8211; zwr\u00f3ci\u0142a mu uwag\u0119 Agnieszka Burzy\u0144ska z \u201eFaktu\u201d. &#8211; Zaczyna si\u0119 faza cudownych wiadomo\u015bci tu\u017c, tu\u017c przedwyborczych. Tomek nic si\u0119 nie zmieni\u0142 &#8211; skomentowa\u0142 Piotr Semka z \u201eDo Rzeczy\u201d.<\/p>\n<p>Inni dziennikarze <strong>nie dowierzali, \u017ce ten sonda\u017c pokazuje trwa\u0142\u0105 zmian\u0119 w poparciu dla PiS i Koalicji Europejskiej. Wskazywali natomiast na chwilowy wp\u0142yw filmu \u201eTylko nie m\u00f3w nikomu\u201d<\/strong> o pedofilii w\u015br\u00f3d duchownych oraz reakcje hierarch\u00f3w ko\u015bcielnych i niekt\u00f3rych polityk\u00f3w PiS w tej sytuacji.<\/p>\n<p>&#8211; Pedofilia w KK (Ko\u015bciele katolickim &#8211; przyp.) i dwuznaczne wypowiedzi polityk\u00f3w PiS w tej sprawie nie sprzyjaj\u0105 sonda\u017com rz\u0105dz\u0105cych. Ale w t\u0105pni\u0119cie na poziomie 11 proc. r\u00f3\u017cnicy trudno mi uwierzy\u0107 &#8211; napisa\u0142 Konrad Piasecki z TVN24. &#8211; Nie wierz\u0119, \u017ce za tydzie\u0144 KE wyprzedzi PiS o 10 pkt. Ale wewn\u0119trzne sonda\u017ce dla PiS nie mog\u0105 by\u0107 dobre, skoro zacz\u0119li absurdaln\u0105 gr\u0119 w przekonywanie, \u017ce opozycja broni pedofil\u00f3w &#8211; stwierdzi\u0142 Micha\u0142 Szu\u0142drzy\u0144ski z \u201eRzeczpospolitej\u201d.<\/p>\n<p>&#8211; Tajemnica ogromnej przewagi opozycji w nowym sonda\u017cu jest taka: co bardziej liberalny elektorat si\u0119 wkurzy\u0142 na Ko\u015bci\u00f3\u0142 i PiS, wi\u0119c m\u00f3wi, \u017ce p\u00f3jdzie g\u0142osowa\u0107 na Koalicj\u0119 Europejsk\u0105. A w rzeczywisto\u015bci 26 maja wybierze koalicj\u0119 przy grillu i piwie &#8211; skomentowa\u0142 Jacek G\u0105dek z Gazeta.pl.<\/p>\n<blockquote><p>Nie wierz\u0119, \u017ce za tydzie\u0144 KE wyprzedzi PiS o 10 pkt. Ale wewn\u0119trzne sonda\u017ce dla PiS nie mog\u0105 by\u0107 dobre, skoro zacz\u0119li absurdaln\u0105 gr\u0119 w przekonywanie, \u017ce opozycja broni pedofil\u00f3w.<\/p>\n<p>\u2014 Micha\u0142 Szu\u0142drzy\u0144ski?? (@MSzuldrzynski) 17 maja 2019<\/p><\/blockquote>\n<p>&#8211; Ponad 10 proc. przewagi Koalicji Europejskiej nad PiS. Kampania dopiero si\u0119 zaczyna&#8230; &#8211; napisa\u0142 \u0141ukasz Szelecki z Ringier Axel Springer Polska. &#8211; No nie wiem. Wczoraj napisa\u0142em, \u017ce dok\u0142adnie tak to widz\u0119, ale \u017ceby tak dok\u0142adnie, to dziwne \ud83d\ude42 &#8211; stwierdzi\u0142 Adam Bu\u0142a.<\/p>\n<p><strong>Redaktor naczelny \u201eLibertre\u201d Leszek Ja\u017cd\u017cewski,<\/strong> kt\u00f3ry na pocz\u0105tku maja przed wyk\u0142adem Donalda Tuska wyg\u0142osi\u0142 przem\u00f3wienie z mocno antyko\u015bcielnym w\u0105tkiem, oceni\u0142, \u017ce mia\u0142o to wp\u0142yw na wyniki poparcia dla PiS i KE.<\/p>\n<p>&#8211; Zosta\u0142em oskar\u017cony o to: &#8211; \u017ce szkodz\u0119 opozycji, &#8211; \u017ce mobilizuj\u0119 elektorat PiS, &#8211; \u017ce tre\u015b\u0107 s\u0142uszna, ale moment fatalny, &#8211; \u017ce chc\u0119 w Polsce wojny religijnej &#8211; wyliczy\u0142. &#8211; Reakcja prawicy na moje wyst\u0105pienie (r\u0119ka podniesiona na Ko\u015bci\u00f3\u0142&#8230;) wraz z premier\u0105 #TylkoNieMowNikomu zmieni\u0142o t\u0119 kampani\u0119. Opozycja i popieraj\u0105ce j\u0105 media nie mog\u0105 liczy\u0107, \u017ce ten trend b\u0119dzie utrzymywa\u0107 si\u0119 sam. Wymaga to politycznej reorientacji, podj\u0119cia inicjatyw na rzecz rozdzia\u0142u Ko\u015bcio\u0142a od pa\u0144stwa i liberalizacji prawa. Wtedy sojusz PiSu z o\u0142tarzem oka\u017ce si\u0119 zgubny &#8211; oceni\u0142.<\/p>\n<p>&#8211; I po co ta skromno\u015b\u0107? Przecie\u017c ka\u017cdy w Polsce wie, \u017ce PiS przegra tylko dzi\u0119ki Panu. Wi\u0119cej \u015bmia\u0142o\u015bci! &#8211; kpi\u0142 Przemys\u0142aw Szubartowicz z Wiadomo.co.<\/p>\n<p><span style=\"font-size: 20px;\"><strong>Zawy\u017cona prognoza frekwencji wyborczej?<\/strong><\/span><\/p>\n<p>Niekt\u00f3rzy dziennikarze komentuj\u0105cy sonda\u017c <strong>ocenili, \u017ce mocno zawy\u017cono w nim frekwencj\u0119 w wyborach do europarlamentu<\/strong>. &#8211; Sonda\u017c bez niezdecydowanych. Frekwencja ponad 50 proc. (prawie dwukrotnie wy\u017csza ni\u017c we wcze\u015bniejszych wyborach) &#8211; stwierdzi\u0142 Marcin Makowski z \u201eDo Rzeczy\u201d i Wirtualnej Polski. &#8211; \u201ePrognozowana przez IBSP frekwencja to 50,69%\u201d &#8211; to mocno zmienia wag\u0119 tego sonda\u017cu. Prognozowana przeze mnie frekwencja to max 35 proc. Mo\u017cna robi\u0107 screeny &#8211; napisa\u0142 Dariusz Grz\u0119dzi\u0144ski z \u201eFaktu\u201d.<\/p>\n<p>&#8211; Sonda\u017c dla &#8222;Newsweeka&#8221; zrobi\u0142 Instytut Bada\u0144 Spraw Publicznych. Rada Programowa IBSP to m.in .  Monika P\u0142atek, Henryka Bochniarz, Magdalena \u015aroda, W\u0142odzimierz Cimoszewicz, J\u00f3zef Pinior, Adam Rotfeld. Ju\u017c mo\u017cna si\u0119 \u015bmia\u0107. \ud83d\ude42 &#8211; skomentowa\u0142 Stanis\u0142aw Janecki z \u201eSieci\u201d. &#8211; My\u015bl\u0119 \u017ce po tym sonda\u017cu mo\u017cna zrezygnowa\u0107 z formalno\u015bci wyborczych i ju\u017c dzi\u015b og\u0142osi\u0107 wygran\u0105 POKO (Platformy Obywatelskiej &#8211; Koalicji Obywatelskiej &#8211; pod tak\u0105 nazw\u0105 funkcjonuje obecnie klub parlamentarny PO &#8211; przyp.) &#8211; ironizowa\u0142 Robert Tekieli.<\/p>\n<p>Specjalizuj\u0105cy si\u0119 w badaniach opinii publicznej Marcin Palade w czwartek wieczorem oceni\u0142, \u017ce publikacja sonda\u017cu przez \u201eNewsweek\u201d i Radio ZET mo\u017ce by\u0107 odpowiedzi\u0105 na korzystne dla PiS wyniki badania opublikowane w czwartek przez wPolityce.pl. &#8211;<\/p>\n<p>&#8211; Skoro dzi\u015b by\u0142 sensacyjny sonda\u017c Social Changes dla wPolityce.pl z du\u017c\u0105 przewag\u0105 PiS, to jutro nadejdzie natychmiastowa odpowiedz IBSP dla \u201eNewsweeka\u201d z wyra\u017anym prowadzeniem KE. Powiedzcie moi kochani czy nie mam racji postuluj\u0105c cisz\u0119 sonda\u017cow\u0105 na miesi\u0105c przed g\u0142osowaniem? &#8211; spyta\u0142.<\/p>\n<p><strong>W pi\u0105tek Palade zamie\u015bci\u0142 u\u015brednione wyniki pi\u0119ciu majowych sonda\u017cy przed wyborami do europarlamentu<\/strong>. W tym uj\u0119ciu PiS ma 42 proc., a Koalicja Europejska &#8211; 35,5 proc., oba ugrupowania straci\u0142y po 0,5 pkt proc. w skali miesi\u0105ca.<\/p>\n<blockquote><p>\u015arednia po pi\u0119ciu majowych sonda\u017cach preferencji do Parlamentu Europejskiego (zdecydowani wyborcy, zmiana od kwietnia):@pisorgpl 42,0% (-0,5)@KEuropejska 35,5% (-0,5)@wiosnabiedronia 9,0% (0,0)@KUKIZ15 5,0% (-0,5)@KONFEDERACJA_ 5,0% (+1,0)@partiarazem 3,0% (+0,5)Inni 0,5% pic.twitter.com\/SGfoLyJTuv<\/p>\n<p>\u2014 Marcin Palade (@MarcinPalade)<\/p><\/blockquote>\n<p><span style=\"font-size: 20px;\"><strong>W sonda\u017cu Kantara PiS 15 pkt proc. przed KE<\/strong><\/span><\/p>\n<p>W pi\u0105tek po po\u0142udniu I<strong>nteria poda\u0142a wynik badania przedwyborczego zrealizowanego przez Kantar od pi\u0105tku w zesz\u0142ym tygodniu do \u015brody metod\u0105 wywiad\u00f3w bezpo\u015brednich wspomaganych komputerowo (CAPI) na og\u00f3lnopolskiej, reprezentatywnej pr\u00f3bie 967 Polak\u00f3w.<\/strong><\/p>\n<p><strong>W tym sonda\u017cu PiS otrzyma\u0142 43 proc. poparcia, Koalicja Europejska &#8211; 28 proc.,<\/strong> Wiosna &#8211; 8 proc., Konfederacja &#8211; 4 proc., Kukiz\u201915 &#8211; 3 proc., a Lewica Razem &#8211; 3 proc. W por\u00f3wnaniu z badaniem z kwietnia PiS zyska\u0142 7 pkt proc., a KE i Wiosna &#8211; po 1 pkt proc.<\/p>\n<p>11 proc. respondent\u00f3w by\u0142o niezdecydowanych co do tego, na kt\u00f3re ugrupowanie zag\u0142osuj\u0105. Udzia\u0142 w wyborach zadeklarowa\u0142o 60 proc. os\u00f3b, z czego 25 proc. jest zdecydowana, a 35 proc. stwierdzi\u0142o, \u017ce raczej zag\u0142osuje.<\/p>\n<blockquote><p>Takiego rozziewu sonda\u017cy jaki mamy dzi\u015b &#8211; nie pami\u0119tam. Komu\u015b za 9 dni b\u0119dzie troch\u0119 wstyd<\/p>\n<p>\u2014 Konrad_Piasecki (@KonradPiasecki) 17 maja 2019<\/p><\/blockquote>\n<p>&#8211; Sonda\u017c Kantaru &#8211; badanie face to face, rozpocz\u0119te przed emisj\u0105 filmu Sekielskiego, a autorzy sonda\u017cu nie s\u0105 w stanie powiedzie\u0107, czy film wp\u0142yn\u0105\u0142 na wynik. To tyle &#8211; zwr\u00f3ci\u0142 uwag\u0119 Tomasz Lis. &#8211; Ale w sumie dobrze, nie b\u0119dzie efektu demobilizacji &#8211; zaznaczy\u0142.<\/p>\n<p>&#8211; Takiego rozziewu sonda\u017cy jaki mamy dzi\u015b &#8211; nie pami\u0119tam. Komu\u015b za 9 dni b\u0119dzie troch\u0119 wstyd &#8211; skomentowa\u0142 Konrad Piasecki.<\/p>\n<p><a href=\"https:\/\/www.wirtualnemedia.pl\/artykul\/wybory-parlament-europejski-sondaze-pis-i-koalicja-europejska-z-rozbieznymi-wynikami-dziennikarze-w-dniu-wyborow-komus-bedzie-wstyd\">Source link <\/a><\/p>\n","protected":false},"excerpt":{"rendered":"<p>Sonda\u017c przedwyborczy Instytutu Bada\u0144 Spraw Publicznych (IBSP) zosta\u0142 zrealizowany od minionego wtorku do czwartku metod\u0105 telefoniczn\u0105 standaryzowanych wywiad\u00f3w wspomaganych komputerowo (CATI) na reprezentatywnej grupie 1008 doros\u0142ych Polak\u00f3w. W badaniu Koalicja Europejska uzyska\u0142a 43,6 proc. poparcia, Prawo i Sprawiedliwo\u015b\u0107 &#8211; 32,9 proc., Wiosna &#8211; 9,1 proc., Konfederacja &#8211; 6,9 proc., Kukiz \u201915 &#8211; 4,9 proc., a [&hellip;]<\/p>\n","protected":false},"author":2,"featured_media":430,"comment_status":"open","ping_status":"open","sticky":false,"template":"","format":"standard","meta":{"footnotes":""},"categories":[3],"tags":[],"class_list":["post-429","post","type-post","status-publish","format-standard","has-post-thumbnail","hentry","category-wiadomosci-marketingowe"],"yoast_head":"<!-- This site is optimized with the Yoast SEO plugin v27.4 - https:\/\/yoast.com\/product\/yoast-seo-wordpress\/ -->\n<title>w dniu wybor\u00f3w komu\u015b b\u0119dzie wstyd - Super News<\/title>\n<meta name=\"robots\" content=\"index, follow, max-snippet:-1, max-image-preview:large, max-video-preview:-1\" \/>\n<link rel=\"canonical\" href=\"https:\/\/super-news.info\/pl\/w-dniu-wyborow-komus-bedzie-wstyd\/\" \/>\n<meta property=\"og:locale\" content=\"pl_PL\" \/>\n<meta property=\"og:type\" content=\"article\" \/>\n<meta property=\"og:title\" content=\"w dniu wybor\u00f3w komu\u015b b\u0119dzie wstyd - Super News\" \/>\n<meta property=\"og:description\" content=\"Sonda\u017c przedwyborczy Instytutu Bada\u0144 Spraw Publicznych (IBSP) zosta\u0142 zrealizowany od minionego wtorku do czwartku metod\u0105 telefoniczn\u0105 standaryzowanych wywiad\u00f3w wspomaganych komputerowo (CATI) na reprezentatywnej grupie 1008 doros\u0142ych Polak\u00f3w. W badaniu Koalicja Europejska uzyska\u0142a 43,6 proc. poparcia, Prawo i Sprawiedliwo\u015b\u0107 &#8211; 32,9 proc., Wiosna &#8211; 9,1 proc., Konfederacja &#8211; 6,9 proc., Kukiz \u201915 &#8211; 4,9 proc., a [&hellip;]\" \/>\n<meta property=\"og:url\" content=\"https:\/\/super-news.info\/pl\/w-dniu-wyborow-komus-bedzie-wstyd\/\" \/>\n<meta property=\"og:site_name\" content=\"Super News\" \/>\n<meta property=\"article:published_time\" content=\"2019-05-18T14:07:00+00:00\" \/>\n<meta property=\"article:modified_time\" content=\"2020-02-21T15:12:33+00:00\" \/>\n<meta property=\"og:image\" content=\"https:\/\/super-news.info\/pl\/wp-content\/uploads\/sites\/6\/2019\/05\/w-dniu-wybor\u00f3w-komu\u015b-b\u0119dzie-wstyd.jpg\" \/>\n\t<meta property=\"og:image:width\" content=\"655\" \/>\n\t<meta property=\"og:image:height\" content=\"467\" \/>\n\t<meta property=\"og:image:type\" content=\"image\/jpeg\" \/>\n<meta name=\"author\" content=\"super-news\" \/>\n<meta name=\"twitter:card\" content=\"summary_large_image\" \/>\n<meta name=\"twitter:label1\" content=\"Napisane przez\" \/>\n\t<meta name=\"twitter:data1\" content=\"super-news\" \/>\n\t<meta name=\"twitter:label2\" content=\"Szacowany czas czytania\" \/>\n\t<meta name=\"twitter:data2\" content=\"6 minut\" \/>\n<script type=\"application\/ld+json\" class=\"yoast-schema-graph\">{\"@context\":\"https:\\\/\\\/schema.org\",\"@graph\":[{\"@type\":\"Article\",\"@id\":\"https:\\\/\\\/super-news.info\\\/pl\\\/w-dniu-wyborow-komus-bedzie-wstyd\\\/#article\",\"isPartOf\":{\"@id\":\"https:\\\/\\\/super-news.info\\\/pl\\\/w-dniu-wyborow-komus-bedzie-wstyd\\\/\"},\"author\":{\"name\":\"super-news\",\"@id\":\"https:\\\/\\\/super-news.info\\\/pl\\\/#\\\/schema\\\/person\\\/2d4068cb2f39cd10008c2fce578a7356\"},\"headline\":\"w dniu wybor\u00f3w komu\u015b b\u0119dzie wstyd\",\"datePublished\":\"2019-05-18T14:07:00+00:00\",\"dateModified\":\"2020-02-21T15:12:33+00:00\",\"mainEntityOfPage\":{\"@id\":\"https:\\\/\\\/super-news.info\\\/pl\\\/w-dniu-wyborow-komus-bedzie-wstyd\\\/\"},\"wordCount\":1284,\"commentCount\":0,\"image\":{\"@id\":\"https:\\\/\\\/super-news.info\\\/pl\\\/w-dniu-wyborow-komus-bedzie-wstyd\\\/#primaryimage\"},\"thumbnailUrl\":\"https:\\\/\\\/super-news.info\\\/pl\\\/wp-content\\\/uploads\\\/sites\\\/6\\\/2019\\\/05\\\/w-dniu-wybor\u00f3w-komu\u015b-b\u0119dzie-wstyd.jpg\",\"articleSection\":[\"WIADOMO\u015aCI MARKETINGOWE\"],\"inLanguage\":\"pl-PL\",\"potentialAction\":[{\"@type\":\"CommentAction\",\"name\":\"Comment\",\"target\":[\"https:\\\/\\\/super-news.info\\\/pl\\\/w-dniu-wyborow-komus-bedzie-wstyd\\\/#respond\"]}]},{\"@type\":\"WebPage\",\"@id\":\"https:\\\/\\\/super-news.info\\\/pl\\\/w-dniu-wyborow-komus-bedzie-wstyd\\\/\",\"url\":\"https:\\\/\\\/super-news.info\\\/pl\\\/w-dniu-wyborow-komus-bedzie-wstyd\\\/\",\"name\":\"w dniu wybor\u00f3w komu\u015b b\u0119dzie wstyd - Super News\",\"isPartOf\":{\"@id\":\"https:\\\/\\\/super-news.info\\\/pl\\\/#website\"},\"primaryImageOfPage\":{\"@id\":\"https:\\\/\\\/super-news.info\\\/pl\\\/w-dniu-wyborow-komus-bedzie-wstyd\\\/#primaryimage\"},\"image\":{\"@id\":\"https:\\\/\\\/super-news.info\\\/pl\\\/w-dniu-wyborow-komus-bedzie-wstyd\\\/#primaryimage\"},\"thumbnailUrl\":\"https:\\\/\\\/super-news.info\\\/pl\\\/wp-content\\\/uploads\\\/sites\\\/6\\\/2019\\\/05\\\/w-dniu-wybor\u00f3w-komu\u015b-b\u0119dzie-wstyd.jpg\",\"datePublished\":\"2019-05-18T14:07:00+00:00\",\"dateModified\":\"2020-02-21T15:12:33+00:00\",\"author\":{\"@id\":\"https:\\\/\\\/super-news.info\\\/pl\\\/#\\\/schema\\\/person\\\/2d4068cb2f39cd10008c2fce578a7356\"},\"breadcrumb\":{\"@id\":\"https:\\\/\\\/super-news.info\\\/pl\\\/w-dniu-wyborow-komus-bedzie-wstyd\\\/#breadcrumb\"},\"inLanguage\":\"pl-PL\",\"potentialAction\":[{\"@type\":\"ReadAction\",\"target\":[\"https:\\\/\\\/super-news.info\\\/pl\\\/w-dniu-wyborow-komus-bedzie-wstyd\\\/\"]}]},{\"@type\":\"ImageObject\",\"inLanguage\":\"pl-PL\",\"@id\":\"https:\\\/\\\/super-news.info\\\/pl\\\/w-dniu-wyborow-komus-bedzie-wstyd\\\/#primaryimage\",\"url\":\"https:\\\/\\\/super-news.info\\\/pl\\\/wp-content\\\/uploads\\\/sites\\\/6\\\/2019\\\/05\\\/w-dniu-wybor\u00f3w-komu\u015b-b\u0119dzie-wstyd.jpg\",\"contentUrl\":\"https:\\\/\\\/super-news.info\\\/pl\\\/wp-content\\\/uploads\\\/sites\\\/6\\\/2019\\\/05\\\/w-dniu-wybor\u00f3w-komu\u015b-b\u0119dzie-wstyd.jpg\",\"width\":655,\"height\":467,\"caption\":\"Article\"},{\"@type\":\"BreadcrumbList\",\"@id\":\"https:\\\/\\\/super-news.info\\\/pl\\\/w-dniu-wyborow-komus-bedzie-wstyd\\\/#breadcrumb\",\"itemListElement\":[{\"@type\":\"ListItem\",\"position\":1,\"name\":\"\u0413\u043b\u0430\u0432\u043d\u0430\u044f \u0441\u0442\u0440\u0430\u043d\u0438\u0446\u0430\",\"item\":\"https:\\\/\\\/super-news.info\\\/pl\\\/\"},{\"@type\":\"ListItem\",\"position\":2,\"name\":\"w dniu wybor\u00f3w komu\u015b b\u0119dzie wstyd\"}]},{\"@type\":\"WebSite\",\"@id\":\"https:\\\/\\\/super-news.info\\\/pl\\\/#website\",\"url\":\"https:\\\/\\\/super-news.info\\\/pl\\\/\",\"name\":\"Super News\",\"description\":\"Super News Polska\",\"potentialAction\":[{\"@type\":\"SearchAction\",\"target\":{\"@type\":\"EntryPoint\",\"urlTemplate\":\"https:\\\/\\\/super-news.info\\\/pl\\\/?s={search_term_string}\"},\"query-input\":{\"@type\":\"PropertyValueSpecification\",\"valueRequired\":true,\"valueName\":\"search_term_string\"}}],\"inLanguage\":\"pl-PL\"},{\"@type\":\"Person\",\"@id\":\"https:\\\/\\\/super-news.info\\\/pl\\\/#\\\/schema\\\/person\\\/2d4068cb2f39cd10008c2fce578a7356\",\"name\":\"super-news\",\"image\":{\"@type\":\"ImageObject\",\"inLanguage\":\"pl-PL\",\"@id\":\"https:\\\/\\\/secure.gravatar.com\\\/avatar\\\/64ebac40b93f26a154f8a9b5b6fdccfc46f442b26b3dd6756dbff3bf9dc76fd7?s=96&d=mm&r=g\",\"url\":\"https:\\\/\\\/secure.gravatar.com\\\/avatar\\\/64ebac40b93f26a154f8a9b5b6fdccfc46f442b26b3dd6756dbff3bf9dc76fd7?s=96&d=mm&r=g\",\"contentUrl\":\"https:\\\/\\\/secure.gravatar.com\\\/avatar\\\/64ebac40b93f26a154f8a9b5b6fdccfc46f442b26b3dd6756dbff3bf9dc76fd7?s=96&d=mm&r=g\",\"caption\":\"super-news\"},\"url\":\"https:\\\/\\\/super-news.info\\\/pl\\\/author\\\/pt\\\/\"}]}<\/script>\n<!-- \/ Yoast SEO plugin. -->","yoast_head_json":{"title":"w dniu wybor\u00f3w komu\u015b b\u0119dzie wstyd - Super News","robots":{"index":"index","follow":"follow","max-snippet":"max-snippet:-1","max-image-preview":"max-image-preview:large","max-video-preview":"max-video-preview:-1"},"canonical":"https:\/\/super-news.info\/pl\/w-dniu-wyborow-komus-bedzie-wstyd\/","og_locale":"pl_PL","og_type":"article","og_title":"w dniu wybor\u00f3w komu\u015b b\u0119dzie wstyd - Super News","og_description":"Sonda\u017c przedwyborczy Instytutu Bada\u0144 Spraw Publicznych (IBSP) zosta\u0142 zrealizowany od minionego wtorku do czwartku metod\u0105 telefoniczn\u0105 standaryzowanych wywiad\u00f3w wspomaganych komputerowo (CATI) na reprezentatywnej grupie 1008 doros\u0142ych Polak\u00f3w. W badaniu Koalicja Europejska uzyska\u0142a 43,6 proc. poparcia, Prawo i Sprawiedliwo\u015b\u0107 &#8211; 32,9 proc., Wiosna &#8211; 9,1 proc., Konfederacja &#8211; 6,9 proc., Kukiz \u201915 &#8211; 4,9 proc., a [&hellip;]","og_url":"https:\/\/super-news.info\/pl\/w-dniu-wyborow-komus-bedzie-wstyd\/","og_site_name":"Super News","article_published_time":"2019-05-18T14:07:00+00:00","article_modified_time":"2020-02-21T15:12:33+00:00","og_image":[{"width":655,"height":467,"url":"https:\/\/super-news.info\/pl\/wp-content\/uploads\/sites\/6\/2019\/05\/w-dniu-wybor\u00f3w-komu\u015b-b\u0119dzie-wstyd.jpg","type":"image\/jpeg"}],"author":"super-news","twitter_card":"summary_large_image","twitter_misc":{"Napisane przez":"super-news","Szacowany czas czytania":"6 minut"},"schema":{"@context":"https:\/\/schema.org","@graph":[{"@type":"Article","@id":"https:\/\/super-news.info\/pl\/w-dniu-wyborow-komus-bedzie-wstyd\/#article","isPartOf":{"@id":"https:\/\/super-news.info\/pl\/w-dniu-wyborow-komus-bedzie-wstyd\/"},"author":{"name":"super-news","@id":"https:\/\/super-news.info\/pl\/#\/schema\/person\/2d4068cb2f39cd10008c2fce578a7356"},"headline":"w dniu wybor\u00f3w komu\u015b b\u0119dzie wstyd","datePublished":"2019-05-18T14:07:00+00:00","dateModified":"2020-02-21T15:12:33+00:00","mainEntityOfPage":{"@id":"https:\/\/super-news.info\/pl\/w-dniu-wyborow-komus-bedzie-wstyd\/"},"wordCount":1284,"commentCount":0,"image":{"@id":"https:\/\/super-news.info\/pl\/w-dniu-wyborow-komus-bedzie-wstyd\/#primaryimage"},"thumbnailUrl":"https:\/\/super-news.info\/pl\/wp-content\/uploads\/sites\/6\/2019\/05\/w-dniu-wybor\u00f3w-komu\u015b-b\u0119dzie-wstyd.jpg","articleSection":["WIADOMO\u015aCI MARKETINGOWE"],"inLanguage":"pl-PL","potentialAction":[{"@type":"CommentAction","name":"Comment","target":["https:\/\/super-news.info\/pl\/w-dniu-wyborow-komus-bedzie-wstyd\/#respond"]}]},{"@type":"WebPage","@id":"https:\/\/super-news.info\/pl\/w-dniu-wyborow-komus-bedzie-wstyd\/","url":"https:\/\/super-news.info\/pl\/w-dniu-wyborow-komus-bedzie-wstyd\/","name":"w dniu wybor\u00f3w komu\u015b b\u0119dzie wstyd - Super News","isPartOf":{"@id":"https:\/\/super-news.info\/pl\/#website"},"primaryImageOfPage":{"@id":"https:\/\/super-news.info\/pl\/w-dniu-wyborow-komus-bedzie-wstyd\/#primaryimage"},"image":{"@id":"https:\/\/super-news.info\/pl\/w-dniu-wyborow-komus-bedzie-wstyd\/#primaryimage"},"thumbnailUrl":"https:\/\/super-news.info\/pl\/wp-content\/uploads\/sites\/6\/2019\/05\/w-dniu-wybor\u00f3w-komu\u015b-b\u0119dzie-wstyd.jpg","datePublished":"2019-05-18T14:07:00+00:00","dateModified":"2020-02-21T15:12:33+00:00","author":{"@id":"https:\/\/super-news.info\/pl\/#\/schema\/person\/2d4068cb2f39cd10008c2fce578a7356"},"breadcrumb":{"@id":"https:\/\/super-news.info\/pl\/w-dniu-wyborow-komus-bedzie-wstyd\/#breadcrumb"},"inLanguage":"pl-PL","potentialAction":[{"@type":"ReadAction","target":["https:\/\/super-news.info\/pl\/w-dniu-wyborow-komus-bedzie-wstyd\/"]}]},{"@type":"ImageObject","inLanguage":"pl-PL","@id":"https:\/\/super-news.info\/pl\/w-dniu-wyborow-komus-bedzie-wstyd\/#primaryimage","url":"https:\/\/super-news.info\/pl\/wp-content\/uploads\/sites\/6\/2019\/05\/w-dniu-wybor\u00f3w-komu\u015b-b\u0119dzie-wstyd.jpg","contentUrl":"https:\/\/super-news.info\/pl\/wp-content\/uploads\/sites\/6\/2019\/05\/w-dniu-wybor\u00f3w-komu\u015b-b\u0119dzie-wstyd.jpg","width":655,"height":467,"caption":"Article"},{"@type":"BreadcrumbList","@id":"https:\/\/super-news.info\/pl\/w-dniu-wyborow-komus-bedzie-wstyd\/#breadcrumb","itemListElement":[{"@type":"ListItem","position":1,"name":"\u0413\u043b\u0430\u0432\u043d\u0430\u044f \u0441\u0442\u0440\u0430\u043d\u0438\u0446\u0430","item":"https:\/\/super-news.info\/pl\/"},{"@type":"ListItem","position":2,"name":"w dniu wybor\u00f3w komu\u015b b\u0119dzie wstyd"}]},{"@type":"WebSite","@id":"https:\/\/super-news.info\/pl\/#website","url":"https:\/\/super-news.info\/pl\/","name":"Super News","description":"Super News Polska","potentialAction":[{"@type":"SearchAction","target":{"@type":"EntryPoint","urlTemplate":"https:\/\/super-news.info\/pl\/?s={search_term_string}"},"query-input":{"@type":"PropertyValueSpecification","valueRequired":true,"valueName":"search_term_string"}}],"inLanguage":"pl-PL"},{"@type":"Person","@id":"https:\/\/super-news.info\/pl\/#\/schema\/person\/2d4068cb2f39cd10008c2fce578a7356","name":"super-news","image":{"@type":"ImageObject","inLanguage":"pl-PL","@id":"https:\/\/secure.gravatar.com\/avatar\/64ebac40b93f26a154f8a9b5b6fdccfc46f442b26b3dd6756dbff3bf9dc76fd7?s=96&d=mm&r=g","url":"https:\/\/secure.gravatar.com\/avatar\/64ebac40b93f26a154f8a9b5b6fdccfc46f442b26b3dd6756dbff3bf9dc76fd7?s=96&d=mm&r=g","contentUrl":"https:\/\/secure.gravatar.com\/avatar\/64ebac40b93f26a154f8a9b5b6fdccfc46f442b26b3dd6756dbff3bf9dc76fd7?s=96&d=mm&r=g","caption":"super-news"},"url":"https:\/\/super-news.info\/pl\/author\/pt\/"}]}},"_links":{"self":[{"href":"https:\/\/super-news.info\/pl\/wp-json\/wp\/v2\/posts\/429","targetHints":{"allow":["GET"]}}],"collection":[{"href":"https:\/\/super-news.info\/pl\/wp-json\/wp\/v2\/posts"}],"about":[{"href":"https:\/\/super-news.info\/pl\/wp-json\/wp\/v2\/types\/post"}],"author":[{"embeddable":true,"href":"https:\/\/super-news.info\/pl\/wp-json\/wp\/v2\/users\/2"}],"replies":[{"embeddable":true,"href":"https:\/\/super-news.info\/pl\/wp-json\/wp\/v2\/comments?post=429"}],"version-history":[{"count":2,"href":"https:\/\/super-news.info\/pl\/wp-json\/wp\/v2\/posts\/429\/revisions"}],"predecessor-version":[{"id":2426,"href":"https:\/\/super-news.info\/pl\/wp-json\/wp\/v2\/posts\/429\/revisions\/2426"}],"wp:featuredmedia":[{"embeddable":true,"href":"https:\/\/super-news.info\/pl\/wp-json\/wp\/v2\/media\/430"}],"wp:attachment":[{"href":"https:\/\/super-news.info\/pl\/wp-json\/wp\/v2\/media?parent=429"}],"wp:term":[{"taxonomy":"category","embeddable":true,"href":"https:\/\/super-news.info\/pl\/wp-json\/wp\/v2\/categories?post=429"},{"taxonomy":"post_tag","embeddable":true,"href":"https:\/\/super-news.info\/pl\/wp-json\/wp\/v2\/tags?post=429"}],"curies":[{"name":"wp","href":"https:\/\/api.w.org\/{rel}","templated":true}]}}