{"id":30,"date":"2019-04-08T19:00:10","date_gmt":"2019-04-08T16:00:10","guid":{"rendered":"https:\/\/super-news.info\/pl\/wiadomosci-marketingowe\/nadawcy-telewizyjni-porozumieli-sie-ws-jednozrodlowego-badania-mediow\/"},"modified":"2019-04-08T19:00:11","modified_gmt":"2019-04-08T16:00:11","slug":"nadawcy-telewizyjni-porozumieli-sie-ws-jednozrodlowego-badania-mediow","status":"publish","type":"post","link":"https:\/\/super-news.info\/pl\/nadawcy-telewizyjni-porozumieli-sie-ws-jednozrodlowego-badania-mediow\/","title":{"rendered":"Nadawcy telewizyjni porozumieli si\u0119 ws. jedno\u017ar\u00f3d\u0142owego badania medi\u00f3w"},"content":{"rendered":"<p> [ad_1]<br \/>\n<\/p>\n<div id=\"\">\n<p>W po\u0142owie marca br. mia\u0142o odby\u0107 si\u0119 spotkanie konsultacyjne w KRRiT, na kt\u00f3rym mia\u0142o doj\u015b\u0107 do ostatecznego uzgodnienia tre\u015bci kwestionariusza do badania pilota\u017cowego.<\/p>\n<p>&#13;<br \/>\n&#13;<\/p>\n<p>Jednak nadawcy telewizyjni mieli przys\u0142a\u0107 do KRRiT pismo, w kt\u00f3rym mieli poinformowa\u0107 organ, \u017ce formu\u0142a i plan spotkania wed\u0142ug nich nie daj\u0105 szans na uzgodnienie dokumentu, kt\u00f3ry mia\u0142 wymaga\u0107 ca\u0142kowitej zmiany. W zwi\u0105zku z tym mieli o\u015bwiadczy\u0107, \u017ce chc\u0105 zaproponowa\u0107 inn\u0105 formu\u0142\u0119 prowadzenia projektu. Mieli zaznaczy\u0107 tak\u017ce, \u017ce to oni powinni odgrywa\u0107 w nim kluczow\u0105 rol\u0119.<\/p>\n<p>&#13;<br \/>\n&#13;<\/p>\n<p>Ostatecznie zaproponowali osobne spotkanie KRRiT i nadawc\u00f3w telewizyjnych, kt\u00f3rego celem mia\u0142o by\u0107 ponowne om\u00f3wienie wizji badania, ustalenia harmonogramu i oczekiwanych rezultat\u00f3w.<\/p>\n<p>&#13;<br \/>\n&#13;<\/p>\n<p><strong>Zgodnie z naszymi wcze\u015bniejszymi informacjami w tym tygodniu odby\u0142o si\u0119 spotkanie nadawc\u00f3w telewizyjnych z przedstawicielami zespo\u0142u Telemetria Polska na zaproszenie szefa KRRiT Witolda Ko\u0142odziejskiego.\u00a0<\/strong><\/p>\n<p>&#13;<br \/>\n&#13;<\/p>\n<p>Obrady dotyczy\u0142y kszta\u0142tu zapowiedzianych bada\u0144 &#8211; g\u0142\u00f3wnie narz\u0119dzi w badaniu eksperymentalnym w ramach pilota\u017cu badawczego. Zaprezentowano r\u00f3wnie\u017c obecny stan prac w ramach projektu Telemetria Polska. Dyskutowano na temat kszta\u0142tu badania, narz\u0119dzi badawczych w ramach pilota\u017cu badawczego oraz o harmonogramie projektu.<\/p>\n<p>&#13;<br \/>\n&#13;<\/p>\n<p>Bardzo wa\u017cn\u0105 cz\u0119\u015bci\u0105 dyskusji mia\u0142a by\u0107 wizja kszta\u0142tu organizacji rynku i pomys\u0142\u00f3w na organizacj\u0119 JIC. <strong>Nadawcy b\u0119d\u0105 kontynuowa\u0107 prac\u0119 w merytorycznych zespo\u0142ach, zadeklarowali r\u00f3wnie\u017c, \u017ce b\u0119d\u0105 dyskutowa\u0107 z innymi uczestnikami rynku na temat docelowego kszta\u0142tu JIC &#8211; Joint Industry Comittee. <\/strong><\/p>\n<p>&#13;<br \/>\n&#13;<\/p>\n<p>&#13;<br \/>\n&#13;<\/p>\n<p><span style=\"font-size:20px;\"><strong>Zasada: ile wk\u0142adu finansowego, tyle g\u0142os\u00f3w<\/strong><\/span><\/p>\n<p>&#13;<br \/>\n&#13;<\/p>\n<p>Rados\u0142aw Zi\u00f3\u0142ek, dyrektor dzia\u0142u bada\u0144 i analiz programowych TVN spotkanie w Krajowej Radzie komentuje kr\u00f3tko: &#8211; Spotkali\u015bmy si\u0119 jako przedstawiciele nadawc\u00f3w i rozmawiali\u015bmy, w jaki spos\u00f3b powinna wygl\u0105da\u0107 nasza wsp\u00f3\u0142praca z KRRiT przy tworzeniu badania dotycz\u0105cego konsumpcji medi\u00f3w w Polsce. Uwa\u017camy, podobnie jak przedstawiciele KRRiT, \u017ce ka\u017cda z grup nadawc\u00f3w musi mie\u0107 istotny g\u0142os w tworzeniu tego badania. Na spotkaniu rozmawiali\u015bmy m.in o kszta\u0142cie kwestionariusza do badania eksperymentalnego. Wyja\u015bniali\u015bmy szczeg\u00f3\u0142y techniczne.<\/p>\n<p>&#13;<br \/>\n&#13;<\/p>\n<p><strong>&#8211; Rozmawiali\u015bmy tak\u017ce o formach wsp\u00f3\u0142pracy, na jakim etapie prac jeste\u015bmy, a z naszej strony pad\u0142a deklaracja intensywnej wsp\u00f3\u0142pracy i zaanga\u017cowania w projekt<\/strong> &#8211; dodaje.<\/p>\n<p>&#13;<br \/>\n&#13;<\/p>\n<p>Marcin Klepacki z biura Strategii i Projekt\u00f3w Telewizji Polskiej obja\u015bnia portalowi Wirtualnemedia.pl: &#8211; Pad\u0142a pewna propozycja w ramach MOC nadawc\u00f3w telewizyjnych, kt\u00f3ra zosta\u0142a nam podpowiedziana przez koleg\u00f3w z MOC internetowego. <strong>Powinna obowi\u0105zywa\u0107 zasada: ile wk\u0142adu finansowego, tyle g\u0142os\u00f3w. Jako nadawcy optujemy za tym, aby w ramach JIC &#8211; je\u017celi kto\u015b chce mie\u0107 tyle samo g\u0142os\u00f3w w dyskusji, co nadawcy: telewizja, radio, internet \u2013 powinien wy\u0142o\u017cy\u0107 tyle samo pieni\u0119dzy na st\u00f3\u0142.<\/strong> <strong>W zwi\u0105zku z tym IAA, je\u015bli chce w takim samym stopniu uczestniczy\u0107 w konstrukcji badania, proporcjonalnie do g\u0142osu powinny to badanie finansowa\u0107. W takim kierunku chcemy i\u015b\u0107, cho\u0107 jeste\u015bmy elastyczni i nie jest to te\u017c idea przerzucania koszt\u00f3w na naszych klient\u00f3w. <\/strong>&#8211; zaznacza. &#8211; Szanujemy i zawsze s\u0142uchamy naszych klient\u00f3w, nie mo\u017cemy si\u0119 jednak zgodzi\u0107, \u017ce nasz rynek b\u0119dzie meblowany przez organizacje, kt\u00f3re nie s\u0105 w\u0142a\u015bcicielami tego medium &#8211; uwa\u017ca Marcin Klepacki.<\/p>\n<p>&#13;<br \/>\n&#13;<\/p>\n<p>Jednocze\u015bnie podkre\u015bla, \u017ce nadawcy chc\u0105 rozmawia\u0107, ale nie chc\u0105, aby &#8222;IAA stawia\u0142a ich pod \u015bcian\u0105&#8221;.<\/p>\n<p>&#13;<br \/>\n&#13;<\/p>\n<p>&#8211; Tym bardziej, \u017ce Telewizja Polska jest cz\u0142onkiem tej organizacji. Nasz biznes w przewa\u017caj\u0105cej cz\u0119\u015bci opiera si\u0119 na badaniu telemetrycznym, badanie to jest jedynym miernikiem, kt\u00f3ry pokazuje, jak dzia\u0142a nasz rynek. O to si\u0119 upominamy w dyskusji z KRRiT. Chodzi o dzia\u0142ania merytoryczne &#8211; m\u00f3wi nam Klepacki.<\/p>\n<p>&#13;<br \/>\n&#13;<\/p>\n<p>Dodaje, \u017ce nadawcy telewizyjni nie maj\u0105 problemu, aby spotyka\u0107 si\u0119 z reklamodawcami i domami mediowymi.<\/p>\n<p>&#13;<br \/>\n&#13;<\/p>\n<p>&#8211; Jako przedstawiciel nadawcy uwa\u017cam, \u017ce domy mediowe pe\u0142ni\u0105 na rynku bardzo wa\u017cn\u0105 rol\u0119 &#8211; s\u0105 po\u015brednikami i doradcami naszych klient\u00f3w. Dzi\u0119ki nowemu badaniu to doradztwo b\u0119dzie na jeszcze wy\u017cszym poziomie, ch\u0119tnie te\u017c skorzystamy z ich porad przy konstrukcji nowego badania, ale we w\u0142a\u015bciwej proporcji. Nie mo\u017ce by\u0107 tak, \u017ce przy stole siedz\u0105 strony, kt\u00f3re maj\u0105 wi\u0119cej g\u0142os\u00f3w ni\u017c nadawcy. <strong>Taka by\u0142a pierwotna koncepcja: mieli\u015bmy mie\u0107 tylko 1 g\u0142os przy stole jako wszyscy nadawcy \u2013 wsp\u00f3lnie z radiem i internetem. W naszej ocenie nie jest to przemy\u015blane w KRRiT i to zosta\u0142o opisane w pi\u015bmie nadawc\u00f3w telewizyjnych, przekazanym na r\u0119ce pana przewodnicz\u0105cego &#8211; przedstawia w rozmowie z Wirtualnemedia.pl.<\/strong><\/p>\n<p>&#13;<br \/>\n&#13;<\/p>\n<p>&#13;<br \/>\n&#13;<\/p>\n<p><span style=\"font-size:20px;\"><strong>&#8222;Nie blokujemy prac, chcemy, aby nowe badanie powsta\u0142o jak najszybciej&#8221;<\/strong><\/span><\/p>\n<p>&#13;<br \/>\n&#13;<\/p>\n<p>Marcin Klepacki z TVP zaznacza r\u00f3wnie\u017c, \u017ce <strong>&#8222;jako nadawcy nie blokuj\u0105 prac, chcemy aby nowe badanie powsta\u0142o jak najszybciej&#8221;.<\/strong><\/p>\n<p>&#13;<br \/>\n&#13;<\/p>\n<p>&#8211; Nie mo\u017cna jednak zapomina\u0107 o jego jako\u015bci. Z punktu widzenia Telewizji Polskiej przychody reklamowe to du\u017ca cz\u0119\u015b\u0107 dzia\u0142alno\u015bci, z punktu widzenia nadawc\u00f3w komercyjnych, praktycznie ca\u0142y biznes &#8211; a to na nowym badaniu b\u0119dzie opiera\u0107 si\u0119 ca\u0142a dzia\u0142alno\u015b\u0107 komercyjna. Chcemy mie\u0107 pewno\u015b\u0107, \u017ce badanie jest rzetelne, jest prowadzone transparentnie, a dane s\u0105 wiarygodne. Aby to zrealizowa\u0107, musimy dzia\u0142a\u0107 profesjonalnie i w\u0142a\u015bciwie komunikowa\u0107 wszystkie etapy prac. W mojej ocenie komunikacja po stronie KRRiT nie dzia\u0142a w\u0142a\u015bciwie i to jest g\u0142\u00f3wnym powodem nieporozumie\u0144 &#8211; uwa\u017ca Marcin Klepacki z biura Strategii i Projekt\u00f3w Telewizji Polskiej.<\/p>\n<p>&#13;<br \/>\n&#13;<\/p>\n<p>Jeden z przedstawicieli nadawc\u00f3w, kt\u00f3ry woli pozosta\u0107 anonimowy ocenia: &#8211; <strong>Jako nadawcy telewizyjni byli\u015bmy dotkni\u0119ci listem marketer\u00f3w. <\/strong>Pracujemy dalej, zosta\u0142y wyja\u015bnione niedom\u00f3wienia z poprzednich spotka\u0144. Projekt idzie powoli do przodu, jest wielu interesariuszy o czasem przeciwnych celach. Wszyscy widz\u0105 w tym korzy\u015b\u0107 i ka\u017cdy stara si\u0119 tak ten projekt nakierowa\u0107, aby skorzysta\u0107. Badanie b\u0119dzie nam s\u0142u\u017cy\u0107 do uk\u0142adania ram\u00f3wek i sprzedawania kampanii reklamowych, trudno, aby\u015bmy nie mieli wp\u0142ywu na kszta\u0142t badania &#8211; m\u00f3wi nasz rozm\u00f3wca, reprezentuj\u0105cy jedn\u0105 z telewizji w pracach nad badaniem.<\/p>\n<p>&#13;<br \/>\n&#13;<\/p>\n<p>&#13;<br \/>\n&#13;<\/p>\n<p>Wed\u0142ug niego powstanie JIC jest ci\u0105gle w fazie rozm\u00f3w, ale &#8222;nie pad\u0142y \u017cadne konkretne deklaracje dotycz\u0105ce termin\u00f3w&#8221;.<\/p>\n<p>&#13;<br \/>\n&#13;<\/p>\n<p>&#8211; Najpierw jako nadawcy telewizyjni musimy stworzy\u0107 swoj\u0105 organizacj\u0119 &#8211; MOC, a to dzia\u0142anie, kt\u00f3re jest w trakcie. Po tym b\u0119dziemy mogli tworzy\u0107 &#8211; wraz z innymi przedstawicielami medi\u00f3w &#8211; JIC. Na razie to wszystko pozostaje w gestii KRRiT &#8211; podsumowuje.<\/p>\n<p>&#13;<br \/>\n&#13;<\/p>\n<p><span style=\"font-size:20px;\"><strong>Marketerzy zaniepokojeni brakiem porozumienia<\/strong><\/span><\/p>\n<p>&#13;<br \/>\n&#13;<\/p>\n<p>We wtorek na \u0142amach portalu Wirtualnemedia.pl pisali\u015bmy o zaniepokojeniu Og\u00f3lnopolskiej Reprezentacji Marketer\u00f3w IAA Polska, kt\u00f3ra obawia\u0142a si\u0119 o brak porozumienia w\u015br\u00f3d nadawc\u00f3w telewizyjnych w sprawie pilota\u017cu, kt\u00f3ry poprzedza uruchomienie jedno\u017ar\u00f3d\u0142owego badania medi\u00f3w w Polsce<\/p>\n<p>&#13;<br \/>\n&#13;<\/p>\n<p>Z tre\u015bci pisma do kt\u00f3rego dotar\u0142a redakcja Wirtualnemedia.pl wynika\u0142o, \u017ce \u201edla reklamodawc\u00f3w, kt\u00f3rzy czynnie uczestnicz\u0105 w tym projekcie od samego pocz\u0105tku, od pierwszych spotka\u0144 w ramach Reklamowego Okr\u0105g\u0142ego Sto\u0142u IAA Polska jest to wiadomo\u015b\u0107 zaskakuj\u0105ca i rozczarowuj\u0105ca\u201d.<\/p>\n<p>&#13;<br \/>\n&#13;<\/p>\n<p>&#8211; Tym bardziej, \u017ce do tej pory opr\u00f3cz marketer\u00f3w r\u00f3wnie\u017c domy mediowe, audytorzy mediowi i media z nadawcami telewizyjnymi na czele, deklarowa\u0142y wsparcie dla tej inicjatywy oraz aktywnie uczestniczy\u0142y w niej poprzez swoich przedstawicieli &#8211; podkre\u015blano w pi\u015bmie.<\/p>\n<p>&#13;<br \/>\n&#13;<\/p>\n<p><span style=\"font-size:20px;\"><strong>Prace od kwietnia 2018 roku<\/strong><\/span><\/p>\n<p>&#13;<br \/>\n&#13;<\/p>\n<p>Krajowa Rada Radiofonii i Telewizji pracuje nad koncepcj\u0105 nowego pomiaru tele- i audiometrycznego rynku medi\u00f3w od kwietnia 2018 roku. Projekt pomiaru medi\u00f3w, realizowany pod nadzorem KRRiT zak\u0142ada panel badawczy oparty na 26 tys. respondent\u00f3w, jedno\u017ar\u00f3d\u0142owy pomiar telewizji, radia i internetu oraz mierzenie konsumpcji medi\u00f3w poza domem i na urz\u0105dzeniach przeno\u015bnych.<\/p>\n<p>&#13;<br \/>\n&#13;<\/p>\n<p>Docelowo badanie mia\u0142oby obj\u0105\u0107 rynek w perspektywie dw\u00f3ch lat, wst\u0119pne wyniki bada\u0144 mia\u0142yby by\u0107 znane do po\u0142owy 2020 roku. KRRiT do ko\u0144ca ub.r. dysponowa\u0142a bud\u017cetem na realizacj\u0119 projektu w wysoko\u015bci ok. 15 mln z\u0142otych, w 2019 roku w bud\u017cecie pa\u0144stwa przewidziano na ten projekt ok. 40 mln z\u0142. <\/p>\n<p>&#13;<br \/>\n&#13;<\/p>\n<p>Rocznie badanie ma kosztowa\u0107 70-80 mln z\u0142.<\/p>\n<p>&#13;<br \/>\n&#13;<\/p>\n<p><span style=\"font-size: 20px;\"><strong>Kr\u00f3tszy czas ogl\u0105dania telewizji w 2018 roku<\/strong><\/span><\/p>\n<p>&#13;<br \/>\n&#13;<\/p>\n<p>W 2018 roku liderem ogl\u0105dalno\u015bci w\u015br\u00f3d wszystkich widz\u00f3w by\u0142 Polsat, a w grupie komercyjnej TVN. W\u015br\u00f3d g\u0142\u00f3wnych stacji wzrosty odnotowa\u0142y TVP1 i TVP2, ale najwi\u0119cej zyska\u0142y TVP Sport, Super Polsat i TTV. Skr\u00f3ci\u0142 si\u0119 \u015bredni czas ogl\u0105dania telewizji, cho\u0107 zwi\u0119kszy\u0142y si\u0119 wydatki reklamowe.<\/p>\n<p>&#13;<br \/>\n&#13;<\/p>\n<p>&#13;<br \/>\n&#13;<\/p>\n<p>W 2018 roku \u015bredni dzienny zasi\u0119g radia wyni\u00f3s\u0142 72,4 proc., a tygodniowy &#8211; 91,9 proc. Z kolei \u015bredni dobowy czas s\u0142uchania wyni\u00f3s\u0142 272 minuty. <strong>Najch\u0119tniej s\u0142uchan\u0105 stacj\u0105 niezmiennie by\u0142o RMF FM, a sie\u0107 Eska wyprzedzi\u0142a Jedynk\u0119.<\/strong><\/p>\n<p>&#13;<br \/>\n                            &#13;<br \/>\n&#13;<br \/>\n                            &#13;<br \/>\n&#13;<br \/>\n&#13;<br \/>\n&#13;<br \/>\n&#13;<br \/>\n&#13;<br \/>\n                            &#13;<br \/>\n                                                            &#13;<br \/>\n&#13;<br \/>\n                            &#13;\n                        <\/p><\/div>\n<p><script>(function (d, s, id) {\n        var js, fjs = d.getElementsByTagName(s)[0];\n        if (d.getElementById(id)) return;\n        js = d.createElement(s);\n        js.id = id;\n        js.src = \"http:\/\/connect.facebook.net\/pl_PL\/sdk.js#xfbml=1&version=v2.6&appId=297996717062470\";\n        fjs.parentNode.insertBefore(js, fjs);\n    }(document, 'script', 'facebook-jssdk'));<\/script><br \/>\n<br \/>[ad_2]<br \/>\n<br \/><a href=\"https:\/\/www.wirtualnemedia.pl\/artykul\/nadawcy-telewizyjni-porozumieli-sie-ws-jednozrodlowego-badania-mediow\">Source link <\/a><\/p>\n","protected":false},"excerpt":{"rendered":"<p>[ad_1] W po\u0142owie marca br. mia\u0142o odby\u0107 si\u0119 spotkanie konsultacyjne w KRRiT, na kt\u00f3rym mia\u0142o doj\u015b\u0107 do ostatecznego uzgodnienia tre\u015bci kwestionariusza do badania pilota\u017cowego. &#13; &#13; Jednak nadawcy telewizyjni mieli przys\u0142a\u0107 do KRRiT pismo, w kt\u00f3rym mieli poinformowa\u0107 organ, \u017ce formu\u0142a i plan spotkania wed\u0142ug nich nie daj\u0105 szans na uzgodnienie dokumentu, kt\u00f3ry mia\u0142 wymaga\u0107 [&hellip;]<\/p>\n","protected":false},"author":2,"featured_media":31,"comment_status":"open","ping_status":"open","sticky":false,"template":"","format":"standard","meta":{"footnotes":""},"categories":[3],"tags":[],"class_list":["post-30","post","type-post","status-publish","format-standard","has-post-thumbnail","hentry","category-wiadomosci-marketingowe"],"yoast_head":"<!-- This site is optimized with the Yoast SEO plugin v27.4 - https:\/\/yoast.com\/product\/yoast-seo-wordpress\/ -->\n<title>Nadawcy telewizyjni porozumieli si\u0119 ws. jedno\u017ar\u00f3d\u0142owego badania medi\u00f3w - Super News<\/title>\n<meta name=\"robots\" content=\"index, follow, max-snippet:-1, max-image-preview:large, max-video-preview:-1\" \/>\n<link rel=\"canonical\" href=\"https:\/\/super-news.info\/pl\/nadawcy-telewizyjni-porozumieli-sie-ws-jednozrodlowego-badania-mediow\/\" \/>\n<meta property=\"og:locale\" content=\"pl_PL\" \/>\n<meta property=\"og:type\" content=\"article\" \/>\n<meta property=\"og:title\" content=\"Nadawcy telewizyjni porozumieli si\u0119 ws. jedno\u017ar\u00f3d\u0142owego badania medi\u00f3w - Super News\" \/>\n<meta property=\"og:description\" content=\"[ad_1] W po\u0142owie marca br. mia\u0142o odby\u0107 si\u0119 spotkanie konsultacyjne w KRRiT, na kt\u00f3rym mia\u0142o doj\u015b\u0107 do ostatecznego uzgodnienia tre\u015bci kwestionariusza do badania pilota\u017cowego. &#013; &#013; Jednak nadawcy telewizyjni mieli przys\u0142a\u0107 do KRRiT pismo, w kt\u00f3rym mieli poinformowa\u0107 organ, \u017ce formu\u0142a i plan spotkania wed\u0142ug nich nie daj\u0105 szans na uzgodnienie dokumentu, kt\u00f3ry mia\u0142 wymaga\u0107 [&hellip;]\" \/>\n<meta property=\"og:url\" content=\"https:\/\/super-news.info\/pl\/nadawcy-telewizyjni-porozumieli-sie-ws-jednozrodlowego-badania-mediow\/\" \/>\n<meta property=\"og:site_name\" content=\"Super News\" \/>\n<meta property=\"article:published_time\" content=\"2019-04-08T16:00:10+00:00\" \/>\n<meta property=\"article:modified_time\" content=\"2019-04-08T16:00:11+00:00\" \/>\n<meta property=\"og:image\" content=\"https:\/\/super-news.info\/pl\/wp-content\/uploads\/sites\/6\/2019\/04\/Nadawcy-telewizyjni-porozumieli-si\u0119-ws.-jedno\u017ar\u00f3d\u0142owego-badania-medi\u00f3w.jpg\" \/>\n\t<meta property=\"og:image:width\" content=\"655\" \/>\n\t<meta property=\"og:image:height\" content=\"480\" \/>\n\t<meta property=\"og:image:type\" content=\"image\/jpeg\" \/>\n<meta name=\"author\" content=\"super-news\" \/>\n<meta name=\"twitter:card\" content=\"summary_large_image\" \/>\n<meta name=\"twitter:label1\" content=\"Napisane przez\" \/>\n\t<meta name=\"twitter:data1\" content=\"super-news\" \/>\n\t<meta name=\"twitter:label2\" content=\"Szacowany czas czytania\" \/>\n\t<meta name=\"twitter:data2\" content=\"7 minut\" \/>\n<script type=\"application\/ld+json\" class=\"yoast-schema-graph\">{\"@context\":\"https:\\\/\\\/schema.org\",\"@graph\":[{\"@type\":\"Article\",\"@id\":\"https:\\\/\\\/super-news.info\\\/pl\\\/nadawcy-telewizyjni-porozumieli-sie-ws-jednozrodlowego-badania-mediow\\\/#article\",\"isPartOf\":{\"@id\":\"https:\\\/\\\/super-news.info\\\/pl\\\/nadawcy-telewizyjni-porozumieli-sie-ws-jednozrodlowego-badania-mediow\\\/\"},\"author\":{\"name\":\"super-news\",\"@id\":\"https:\\\/\\\/super-news.info\\\/pl\\\/#\\\/schema\\\/person\\\/2d4068cb2f39cd10008c2fce578a7356\"},\"headline\":\"Nadawcy telewizyjni porozumieli si\u0119 ws. jedno\u017ar\u00f3d\u0142owego badania medi\u00f3w\",\"datePublished\":\"2019-04-08T16:00:10+00:00\",\"dateModified\":\"2019-04-08T16:00:11+00:00\",\"mainEntityOfPage\":{\"@id\":\"https:\\\/\\\/super-news.info\\\/pl\\\/nadawcy-telewizyjni-porozumieli-sie-ws-jednozrodlowego-badania-mediow\\\/\"},\"wordCount\":1485,\"commentCount\":0,\"image\":{\"@id\":\"https:\\\/\\\/super-news.info\\\/pl\\\/nadawcy-telewizyjni-porozumieli-sie-ws-jednozrodlowego-badania-mediow\\\/#primaryimage\"},\"thumbnailUrl\":\"https:\\\/\\\/super-news.info\\\/pl\\\/wp-content\\\/uploads\\\/sites\\\/6\\\/2019\\\/04\\\/Nadawcy-telewizyjni-porozumieli-si\u0119-ws.-jedno\u017ar\u00f3d\u0142owego-badania-medi\u00f3w.jpg\",\"articleSection\":[\"WIADOMO\u015aCI MARKETINGOWE\"],\"inLanguage\":\"pl-PL\",\"potentialAction\":[{\"@type\":\"CommentAction\",\"name\":\"Comment\",\"target\":[\"https:\\\/\\\/super-news.info\\\/pl\\\/nadawcy-telewizyjni-porozumieli-sie-ws-jednozrodlowego-badania-mediow\\\/#respond\"]}]},{\"@type\":\"WebPage\",\"@id\":\"https:\\\/\\\/super-news.info\\\/pl\\\/nadawcy-telewizyjni-porozumieli-sie-ws-jednozrodlowego-badania-mediow\\\/\",\"url\":\"https:\\\/\\\/super-news.info\\\/pl\\\/nadawcy-telewizyjni-porozumieli-sie-ws-jednozrodlowego-badania-mediow\\\/\",\"name\":\"Nadawcy telewizyjni porozumieli si\u0119 ws. jedno\u017ar\u00f3d\u0142owego badania medi\u00f3w - Super News\",\"isPartOf\":{\"@id\":\"https:\\\/\\\/super-news.info\\\/pl\\\/#website\"},\"primaryImageOfPage\":{\"@id\":\"https:\\\/\\\/super-news.info\\\/pl\\\/nadawcy-telewizyjni-porozumieli-sie-ws-jednozrodlowego-badania-mediow\\\/#primaryimage\"},\"image\":{\"@id\":\"https:\\\/\\\/super-news.info\\\/pl\\\/nadawcy-telewizyjni-porozumieli-sie-ws-jednozrodlowego-badania-mediow\\\/#primaryimage\"},\"thumbnailUrl\":\"https:\\\/\\\/super-news.info\\\/pl\\\/wp-content\\\/uploads\\\/sites\\\/6\\\/2019\\\/04\\\/Nadawcy-telewizyjni-porozumieli-si\u0119-ws.-jedno\u017ar\u00f3d\u0142owego-badania-medi\u00f3w.jpg\",\"datePublished\":\"2019-04-08T16:00:10+00:00\",\"dateModified\":\"2019-04-08T16:00:11+00:00\",\"author\":{\"@id\":\"https:\\\/\\\/super-news.info\\\/pl\\\/#\\\/schema\\\/person\\\/2d4068cb2f39cd10008c2fce578a7356\"},\"breadcrumb\":{\"@id\":\"https:\\\/\\\/super-news.info\\\/pl\\\/nadawcy-telewizyjni-porozumieli-sie-ws-jednozrodlowego-badania-mediow\\\/#breadcrumb\"},\"inLanguage\":\"pl-PL\",\"potentialAction\":[{\"@type\":\"ReadAction\",\"target\":[\"https:\\\/\\\/super-news.info\\\/pl\\\/nadawcy-telewizyjni-porozumieli-sie-ws-jednozrodlowego-badania-mediow\\\/\"]}]},{\"@type\":\"ImageObject\",\"inLanguage\":\"pl-PL\",\"@id\":\"https:\\\/\\\/super-news.info\\\/pl\\\/nadawcy-telewizyjni-porozumieli-sie-ws-jednozrodlowego-badania-mediow\\\/#primaryimage\",\"url\":\"https:\\\/\\\/super-news.info\\\/pl\\\/wp-content\\\/uploads\\\/sites\\\/6\\\/2019\\\/04\\\/Nadawcy-telewizyjni-porozumieli-si\u0119-ws.-jedno\u017ar\u00f3d\u0142owego-badania-medi\u00f3w.jpg\",\"contentUrl\":\"https:\\\/\\\/super-news.info\\\/pl\\\/wp-content\\\/uploads\\\/sites\\\/6\\\/2019\\\/04\\\/Nadawcy-telewizyjni-porozumieli-si\u0119-ws.-jedno\u017ar\u00f3d\u0142owego-badania-medi\u00f3w.jpg\",\"width\":655,\"height\":480,\"caption\":\"Article\"},{\"@type\":\"BreadcrumbList\",\"@id\":\"https:\\\/\\\/super-news.info\\\/pl\\\/nadawcy-telewizyjni-porozumieli-sie-ws-jednozrodlowego-badania-mediow\\\/#breadcrumb\",\"itemListElement\":[{\"@type\":\"ListItem\",\"position\":1,\"name\":\"\u0413\u043b\u0430\u0432\u043d\u0430\u044f \u0441\u0442\u0440\u0430\u043d\u0438\u0446\u0430\",\"item\":\"https:\\\/\\\/super-news.info\\\/pl\\\/\"},{\"@type\":\"ListItem\",\"position\":2,\"name\":\"Nadawcy telewizyjni porozumieli si\u0119 ws. jedno\u017ar\u00f3d\u0142owego badania medi\u00f3w\"}]},{\"@type\":\"WebSite\",\"@id\":\"https:\\\/\\\/super-news.info\\\/pl\\\/#website\",\"url\":\"https:\\\/\\\/super-news.info\\\/pl\\\/\",\"name\":\"Super News\",\"description\":\"Super News Polska\",\"potentialAction\":[{\"@type\":\"SearchAction\",\"target\":{\"@type\":\"EntryPoint\",\"urlTemplate\":\"https:\\\/\\\/super-news.info\\\/pl\\\/?s={search_term_string}\"},\"query-input\":{\"@type\":\"PropertyValueSpecification\",\"valueRequired\":true,\"valueName\":\"search_term_string\"}}],\"inLanguage\":\"pl-PL\"},{\"@type\":\"Person\",\"@id\":\"https:\\\/\\\/super-news.info\\\/pl\\\/#\\\/schema\\\/person\\\/2d4068cb2f39cd10008c2fce578a7356\",\"name\":\"super-news\",\"image\":{\"@type\":\"ImageObject\",\"inLanguage\":\"pl-PL\",\"@id\":\"https:\\\/\\\/secure.gravatar.com\\\/avatar\\\/64ebac40b93f26a154f8a9b5b6fdccfc46f442b26b3dd6756dbff3bf9dc76fd7?s=96&d=mm&r=g\",\"url\":\"https:\\\/\\\/secure.gravatar.com\\\/avatar\\\/64ebac40b93f26a154f8a9b5b6fdccfc46f442b26b3dd6756dbff3bf9dc76fd7?s=96&d=mm&r=g\",\"contentUrl\":\"https:\\\/\\\/secure.gravatar.com\\\/avatar\\\/64ebac40b93f26a154f8a9b5b6fdccfc46f442b26b3dd6756dbff3bf9dc76fd7?s=96&d=mm&r=g\",\"caption\":\"super-news\"},\"url\":\"https:\\\/\\\/super-news.info\\\/pl\\\/author\\\/pt\\\/\"}]}<\/script>\n<!-- \/ Yoast SEO plugin. -->","yoast_head_json":{"title":"Nadawcy telewizyjni porozumieli si\u0119 ws. jedno\u017ar\u00f3d\u0142owego badania medi\u00f3w - Super News","robots":{"index":"index","follow":"follow","max-snippet":"max-snippet:-1","max-image-preview":"max-image-preview:large","max-video-preview":"max-video-preview:-1"},"canonical":"https:\/\/super-news.info\/pl\/nadawcy-telewizyjni-porozumieli-sie-ws-jednozrodlowego-badania-mediow\/","og_locale":"pl_PL","og_type":"article","og_title":"Nadawcy telewizyjni porozumieli si\u0119 ws. jedno\u017ar\u00f3d\u0142owego badania medi\u00f3w - Super News","og_description":"[ad_1] W po\u0142owie marca br. mia\u0142o odby\u0107 si\u0119 spotkanie konsultacyjne w KRRiT, na kt\u00f3rym mia\u0142o doj\u015b\u0107 do ostatecznego uzgodnienia tre\u015bci kwestionariusza do badania pilota\u017cowego. &#13; &#13; Jednak nadawcy telewizyjni mieli przys\u0142a\u0107 do KRRiT pismo, w kt\u00f3rym mieli poinformowa\u0107 organ, \u017ce formu\u0142a i plan spotkania wed\u0142ug nich nie daj\u0105 szans na uzgodnienie dokumentu, kt\u00f3ry mia\u0142 wymaga\u0107 [&hellip;]","og_url":"https:\/\/super-news.info\/pl\/nadawcy-telewizyjni-porozumieli-sie-ws-jednozrodlowego-badania-mediow\/","og_site_name":"Super News","article_published_time":"2019-04-08T16:00:10+00:00","article_modified_time":"2019-04-08T16:00:11+00:00","og_image":[{"width":655,"height":480,"url":"https:\/\/super-news.info\/pl\/wp-content\/uploads\/sites\/6\/2019\/04\/Nadawcy-telewizyjni-porozumieli-si\u0119-ws.-jedno\u017ar\u00f3d\u0142owego-badania-medi\u00f3w.jpg","type":"image\/jpeg"}],"author":"super-news","twitter_card":"summary_large_image","twitter_misc":{"Napisane przez":"super-news","Szacowany czas czytania":"7 minut"},"schema":{"@context":"https:\/\/schema.org","@graph":[{"@type":"Article","@id":"https:\/\/super-news.info\/pl\/nadawcy-telewizyjni-porozumieli-sie-ws-jednozrodlowego-badania-mediow\/#article","isPartOf":{"@id":"https:\/\/super-news.info\/pl\/nadawcy-telewizyjni-porozumieli-sie-ws-jednozrodlowego-badania-mediow\/"},"author":{"name":"super-news","@id":"https:\/\/super-news.info\/pl\/#\/schema\/person\/2d4068cb2f39cd10008c2fce578a7356"},"headline":"Nadawcy telewizyjni porozumieli si\u0119 ws. jedno\u017ar\u00f3d\u0142owego badania medi\u00f3w","datePublished":"2019-04-08T16:00:10+00:00","dateModified":"2019-04-08T16:00:11+00:00","mainEntityOfPage":{"@id":"https:\/\/super-news.info\/pl\/nadawcy-telewizyjni-porozumieli-sie-ws-jednozrodlowego-badania-mediow\/"},"wordCount":1485,"commentCount":0,"image":{"@id":"https:\/\/super-news.info\/pl\/nadawcy-telewizyjni-porozumieli-sie-ws-jednozrodlowego-badania-mediow\/#primaryimage"},"thumbnailUrl":"https:\/\/super-news.info\/pl\/wp-content\/uploads\/sites\/6\/2019\/04\/Nadawcy-telewizyjni-porozumieli-si\u0119-ws.-jedno\u017ar\u00f3d\u0142owego-badania-medi\u00f3w.jpg","articleSection":["WIADOMO\u015aCI MARKETINGOWE"],"inLanguage":"pl-PL","potentialAction":[{"@type":"CommentAction","name":"Comment","target":["https:\/\/super-news.info\/pl\/nadawcy-telewizyjni-porozumieli-sie-ws-jednozrodlowego-badania-mediow\/#respond"]}]},{"@type":"WebPage","@id":"https:\/\/super-news.info\/pl\/nadawcy-telewizyjni-porozumieli-sie-ws-jednozrodlowego-badania-mediow\/","url":"https:\/\/super-news.info\/pl\/nadawcy-telewizyjni-porozumieli-sie-ws-jednozrodlowego-badania-mediow\/","name":"Nadawcy telewizyjni porozumieli si\u0119 ws. jedno\u017ar\u00f3d\u0142owego badania medi\u00f3w - Super News","isPartOf":{"@id":"https:\/\/super-news.info\/pl\/#website"},"primaryImageOfPage":{"@id":"https:\/\/super-news.info\/pl\/nadawcy-telewizyjni-porozumieli-sie-ws-jednozrodlowego-badania-mediow\/#primaryimage"},"image":{"@id":"https:\/\/super-news.info\/pl\/nadawcy-telewizyjni-porozumieli-sie-ws-jednozrodlowego-badania-mediow\/#primaryimage"},"thumbnailUrl":"https:\/\/super-news.info\/pl\/wp-content\/uploads\/sites\/6\/2019\/04\/Nadawcy-telewizyjni-porozumieli-si\u0119-ws.-jedno\u017ar\u00f3d\u0142owego-badania-medi\u00f3w.jpg","datePublished":"2019-04-08T16:00:10+00:00","dateModified":"2019-04-08T16:00:11+00:00","author":{"@id":"https:\/\/super-news.info\/pl\/#\/schema\/person\/2d4068cb2f39cd10008c2fce578a7356"},"breadcrumb":{"@id":"https:\/\/super-news.info\/pl\/nadawcy-telewizyjni-porozumieli-sie-ws-jednozrodlowego-badania-mediow\/#breadcrumb"},"inLanguage":"pl-PL","potentialAction":[{"@type":"ReadAction","target":["https:\/\/super-news.info\/pl\/nadawcy-telewizyjni-porozumieli-sie-ws-jednozrodlowego-badania-mediow\/"]}]},{"@type":"ImageObject","inLanguage":"pl-PL","@id":"https:\/\/super-news.info\/pl\/nadawcy-telewizyjni-porozumieli-sie-ws-jednozrodlowego-badania-mediow\/#primaryimage","url":"https:\/\/super-news.info\/pl\/wp-content\/uploads\/sites\/6\/2019\/04\/Nadawcy-telewizyjni-porozumieli-si\u0119-ws.-jedno\u017ar\u00f3d\u0142owego-badania-medi\u00f3w.jpg","contentUrl":"https:\/\/super-news.info\/pl\/wp-content\/uploads\/sites\/6\/2019\/04\/Nadawcy-telewizyjni-porozumieli-si\u0119-ws.-jedno\u017ar\u00f3d\u0142owego-badania-medi\u00f3w.jpg","width":655,"height":480,"caption":"Article"},{"@type":"BreadcrumbList","@id":"https:\/\/super-news.info\/pl\/nadawcy-telewizyjni-porozumieli-sie-ws-jednozrodlowego-badania-mediow\/#breadcrumb","itemListElement":[{"@type":"ListItem","position":1,"name":"\u0413\u043b\u0430\u0432\u043d\u0430\u044f \u0441\u0442\u0440\u0430\u043d\u0438\u0446\u0430","item":"https:\/\/super-news.info\/pl\/"},{"@type":"ListItem","position":2,"name":"Nadawcy telewizyjni porozumieli si\u0119 ws. jedno\u017ar\u00f3d\u0142owego badania medi\u00f3w"}]},{"@type":"WebSite","@id":"https:\/\/super-news.info\/pl\/#website","url":"https:\/\/super-news.info\/pl\/","name":"Super News","description":"Super News Polska","potentialAction":[{"@type":"SearchAction","target":{"@type":"EntryPoint","urlTemplate":"https:\/\/super-news.info\/pl\/?s={search_term_string}"},"query-input":{"@type":"PropertyValueSpecification","valueRequired":true,"valueName":"search_term_string"}}],"inLanguage":"pl-PL"},{"@type":"Person","@id":"https:\/\/super-news.info\/pl\/#\/schema\/person\/2d4068cb2f39cd10008c2fce578a7356","name":"super-news","image":{"@type":"ImageObject","inLanguage":"pl-PL","@id":"https:\/\/secure.gravatar.com\/avatar\/64ebac40b93f26a154f8a9b5b6fdccfc46f442b26b3dd6756dbff3bf9dc76fd7?s=96&d=mm&r=g","url":"https:\/\/secure.gravatar.com\/avatar\/64ebac40b93f26a154f8a9b5b6fdccfc46f442b26b3dd6756dbff3bf9dc76fd7?s=96&d=mm&r=g","contentUrl":"https:\/\/secure.gravatar.com\/avatar\/64ebac40b93f26a154f8a9b5b6fdccfc46f442b26b3dd6756dbff3bf9dc76fd7?s=96&d=mm&r=g","caption":"super-news"},"url":"https:\/\/super-news.info\/pl\/author\/pt\/"}]}},"_links":{"self":[{"href":"https:\/\/super-news.info\/pl\/wp-json\/wp\/v2\/posts\/30","targetHints":{"allow":["GET"]}}],"collection":[{"href":"https:\/\/super-news.info\/pl\/wp-json\/wp\/v2\/posts"}],"about":[{"href":"https:\/\/super-news.info\/pl\/wp-json\/wp\/v2\/types\/post"}],"author":[{"embeddable":true,"href":"https:\/\/super-news.info\/pl\/wp-json\/wp\/v2\/users\/2"}],"replies":[{"embeddable":true,"href":"https:\/\/super-news.info\/pl\/wp-json\/wp\/v2\/comments?post=30"}],"version-history":[{"count":1,"href":"https:\/\/super-news.info\/pl\/wp-json\/wp\/v2\/posts\/30\/revisions"}],"predecessor-version":[{"id":32,"href":"https:\/\/super-news.info\/pl\/wp-json\/wp\/v2\/posts\/30\/revisions\/32"}],"wp:featuredmedia":[{"embeddable":true,"href":"https:\/\/super-news.info\/pl\/wp-json\/wp\/v2\/media\/31"}],"wp:attachment":[{"href":"https:\/\/super-news.info\/pl\/wp-json\/wp\/v2\/media?parent=30"}],"wp:term":[{"taxonomy":"category","embeddable":true,"href":"https:\/\/super-news.info\/pl\/wp-json\/wp\/v2\/categories?post=30"},{"taxonomy":"post_tag","embeddable":true,"href":"https:\/\/super-news.info\/pl\/wp-json\/wp\/v2\/tags?post=30"}],"curies":[{"name":"wp","href":"https:\/\/api.w.org\/{rel}","templated":true}]}}