{"id":2860,"date":"2020-12-14T06:43:42","date_gmt":"2020-12-14T03:43:42","guid":{"rendered":"https:\/\/super-news.info\/pl\/w-listopadzie-45-proc-przeciwnikow-rzadu-mateusza-morawieckiego\/"},"modified":"2020-12-14T06:43:45","modified_gmt":"2020-12-14T03:43:45","slug":"w-listopadzie-45-proc-przeciwnikow-rzadu-mateusza-morawieckiego","status":"publish","type":"post","link":"https:\/\/super-news.info\/pl\/w-listopadzie-45-proc-przeciwnikow-rzadu-mateusza-morawieckiego\/","title":{"rendered":"W listopadzie 45 proc. przeciwnik\u00f3w rz\u0105du Mateusza Morawieckiego"},"content":{"rendered":"<p>&#13;<br \/>\n                                                                                        W stosunku do poprzedniego badania CBOS mniej respondent\u00f3w ni\u017c przed miesi\u0105cem odpowiada\u0142o bezpo\u015brednio ankieterowi i przez internet, wi\u0119cej natomiast telefonicznie.&#13;<br \/>\n&#13;<br \/>\nDo zwolennik\u00f3w rz\u0105du zalicza si\u0119 obecnie &#8211; jak wskazuj\u0105 autorzy badania &#8211; najmniej respondent\u00f3w od pocz\u0105tku sprawowania urz\u0119du przez Mateusza Morawieckiego &#8211; 30 proc., spadek o 3 punkty procentowe w stosunku do poprzedniego pomiaru (z pa\u017adziernika). Za przeciwnik\u00f3w tego gabinetu uwa\u017ca si\u0119 wi\u0119cej ni\u017c dwie pi\u0105te badanych &#8211; 45 proc.(wzrost o 2 pkt. proc.) Mniej ni\u017c jedna czwarta &#8211; 22 proc. &#8211; wyra\u017ca w tej kwestii oboj\u0119tno\u015b\u0107 &#8211; poda\u0142o CBOS w komunikacie z bada\u0144 &#8222;Stosunek do rz\u0105du w listopadzie&#8221;.&#13;<br \/>\n&#13;<br \/>\nCBOS podaje natomiast, \u017ce od ostatniej dekady pa\u017adziernika nie zmieni\u0142y si\u0119 proporcje os\u00f3b pozytywnie i negatywnie postrzegaj\u0105cych wyniki dzia\u0142alno\u015bci rz\u0105du. Pozytywne oceny wyra\u017ca w tej kwestii ponad jedna trzecia Polak\u00f3w (35 proc.), a wi\u0119cej ni\u017c po\u0142owa (53 proc.) wypowiada si\u0119 o nich z dezaprobat\u0105. Co dziewi\u0105ta osoba (11 proc.) nie ma na ten temat zdania.&#13;<br \/>\n&#13;<br \/>\nW listopadzie stabilne pozostaj\u0105 te\u017c oceny polityki gospodarczej gabinetu Mateusza Morawieckiego. Nadal mniej ni\u017c co trzecia osoba uwa\u017ca, \u017ce polityka rz\u0105du stwarza szanse poprawy sytuacji gospodarczej (30 proc.), a przeciwnego zdania jest prawie trzy pi\u0105te Polak\u00f3w (59 proc.).&#13;<br \/>\n&#13;<br \/>\nSpo\u0142eczny odbi\u00f3r premiera tak\u017ce nie zmieni\u0142 si\u0119 istotnie w stosunku do poprzedniego badania. Zadowolenie z tego, \u017ce na czele rz\u0105du stoi Mateusz Morawiecki, wyra\u017ca obecnie 36 proc. Polak\u00f3w, natomiast co drugi badany &#8211; 50 proc. &#8211; odnosi si\u0119 do tego z dezaprobat\u0105.&#13;<br \/>\n&#13;<br \/>\n&#8222;Stosunek do rz\u0105du pozostaje \u2013 po znacz\u0105cym spadku w ostatniej dekadzie pa\u017adziernika \u2013 stabilny. Jest to prawdopodobnie konsekwencja utrzymuj\u0105cej si\u0119 wysokiej liczby zachorowa\u0144 na COVID-19 i obowi\u0105zuj\u0105cych restrykcji dotycz\u0105cych funkcjonowania firm i \u017cycia codziennego obywateli, a tak\u017ce trwaj\u0105cych protest\u00f3w spo\u0142ecznych wywo\u0142anych przez wyrok Trybuna\u0142u Konstytucyjnego w sprawie niekonstytucyjno\u015bci aborcji w przypadku ci\u0119\u017ckiego i nieodwracalnego upo\u015bledzenia p\u0142odu lub nieuleczalnej choroby zagra\u017caj\u0105cej jego \u017cyciu. W efekcie nadal negatywne oceny przewa\u017caj\u0105 nad pozytywnymi, a odsetek niezadowolonych nad zadowolonymi. Uby\u0142o, w stosunku do zesz\u0142ego miesi\u0105ca, badanych, kt\u00f3rzy uwa\u017caj\u0105 si\u0119 za zwolennik\u00f3w rz\u0105du, w efekcie czego poparcie dla gabinetu obecnego premiera jest w listopadzie najni\u017csze od pocz\u0105tku sprawowania urz\u0119du przez Mateusza Morawieckiego&#8221; &#8211; konkluduje CBOS wyniki bada\u0144.&#13;<br \/>\n&#13;<br \/>\nBadanie &#8222;Aktualne problemy i wydarzenia&#8221; przeprowadzono w ramach procedury mixed-mode na reprezentatywnej imiennej pr\u00f3bie pe\u0142noletnich mieszka\u0144c\u00f3w Polski, wylosowanej z rejestru PESEL. Ka\u017cdy respondent wybiera\u0142 samodzielnie jedn\u0105 z metod: \u2013 wywiad bezpo\u015bredni z udzia\u0142em ankietera (metoda CAPI), \u2013 wywiad telefoniczny po skontaktowaniu si\u0119 z ankieterem CBOS (CATI) \u2013 dane kontaktowe respondent otrzymywa\u0142 w li\u015bcie zapowiednim od CBOS, \u2013 samodzielne wype\u0142nienie ankiety internetowej, do kt\u00f3rej dost\u0119p by\u0142 mo\u017cliwy na podstawie loginu i has\u0142a przekazanego respondentowi w li\u015bcie zapowiednim od CBOS. We wszystkich trzech przypadkach ankieta mia\u0142a taki sam zestaw pyta\u0144 oraz struktur\u0119.&#13;<br \/>\n&#13;<br \/>\nBadanie zrealizowano w dniach od 5 do 15 listopada 2020 roku na pr\u00f3bie licz\u0105cej 1052 osoby (w tym: 43,0 proc. metod\u0105 CAPI, 42,4 proc. \u2013 CATI i 14,6 proc. \u2013 CAWI).&#13;<br \/>\n&#13;<br \/>\nDla por\u00f3wnania, w ubieg\u0142ym miesi\u0105cu badanie zrealizowano w dniach 19 do 29 pa\u017adziernika 2020 roku na pr\u00f3bie licz\u0105cej 1040 os\u00f3b (w tym: 49,7 proc. metod\u0105 CAPI, 35,1 proc. \u2013 CATI i 15,2 proc. \u2013 CAWI).&#13;<br \/>\n                            &#13;<br \/>\n&#13;<br \/>\n                            &#13;<br \/>\n                            &#13;<br \/>\n                                                            &#13;<br \/>\n&#13;<br \/>\n                            &#13;<\/p>\n<p>\n<!--noindex--><br \/>\n<a href=\"https:\/\/www.wirtualnemedia.pl\/artykul\/w-listopadzie-45-proc-przeciwnikow-rzadu-mateusza-morawieckiego\" rel=\"nofollow\">Source link <\/a><br \/>\n<!--\/noindex--><\/p>\n","protected":false},"excerpt":{"rendered":"<p>&#13; W stosunku do poprzedniego badania CBOS mniej respondent\u00f3w ni\u017c przed miesi\u0105cem odpowiada\u0142o bezpo\u015brednio ankieterowi i przez internet, wi\u0119cej natomiast telefonicznie.&#13; &#13; Do zwolennik\u00f3w rz\u0105du zalicza si\u0119 obecnie &#8211; jak wskazuj\u0105 autorzy badania &#8211; najmniej respondent\u00f3w od pocz\u0105tku sprawowania urz\u0119du przez Mateusza Morawieckiego &#8211; 30 proc., spadek o 3 punkty procentowe w stosunku do poprzedniego [&hellip;]<\/p>\n","protected":false},"author":2,"featured_media":2861,"comment_status":"open","ping_status":"open","sticky":false,"template":"","format":"standard","meta":{"footnotes":""},"categories":[3],"tags":[],"class_list":["post-2860","post","type-post","status-publish","format-standard","has-post-thumbnail","hentry","category-wiadomosci-marketingowe"],"yoast_head":"<!-- This site is optimized with the Yoast SEO plugin v27.4 - https:\/\/yoast.com\/product\/yoast-seo-wordpress\/ -->\n<title>W listopadzie 45 proc. przeciwnik\u00f3w rz\u0105du Mateusza Morawieckiego - Super News<\/title>\n<meta name=\"robots\" content=\"index, follow, max-snippet:-1, max-image-preview:large, max-video-preview:-1\" \/>\n<link rel=\"canonical\" href=\"https:\/\/super-news.info\/pl\/w-listopadzie-45-proc-przeciwnikow-rzadu-mateusza-morawieckiego\/\" \/>\n<meta property=\"og:locale\" content=\"pl_PL\" \/>\n<meta property=\"og:type\" content=\"article\" \/>\n<meta property=\"og:title\" content=\"W listopadzie 45 proc. przeciwnik\u00f3w rz\u0105du Mateusza Morawieckiego - Super News\" \/>\n<meta property=\"og:description\" content=\"&#013; W stosunku do poprzedniego badania CBOS mniej respondent\u00f3w ni\u017c przed miesi\u0105cem odpowiada\u0142o bezpo\u015brednio ankieterowi i przez internet, wi\u0119cej natomiast telefonicznie.&#013; &#013; Do zwolennik\u00f3w rz\u0105du zalicza si\u0119 obecnie &#8211; jak wskazuj\u0105 autorzy badania &#8211; najmniej respondent\u00f3w od pocz\u0105tku sprawowania urz\u0119du przez Mateusza Morawieckiego &#8211; 30 proc., spadek o 3 punkty procentowe w stosunku do poprzedniego [&hellip;]\" \/>\n<meta property=\"og:url\" content=\"https:\/\/super-news.info\/pl\/w-listopadzie-45-proc-przeciwnikow-rzadu-mateusza-morawieckiego\/\" \/>\n<meta property=\"og:site_name\" content=\"Super News\" \/>\n<meta property=\"article:published_time\" content=\"2020-12-14T03:43:42+00:00\" \/>\n<meta property=\"article:modified_time\" content=\"2020-12-14T03:43:45+00:00\" \/>\n<meta property=\"og:image\" content=\"https:\/\/super-news.info\/pl\/wp-content\/uploads\/sites\/6\/2020\/12\/W-listopadzie-45-proc.-przeciwnik-w-rz-du-Mateusza-Morawieckiego.png\" \/>\n\t<meta property=\"og:image:width\" content=\"655\" \/>\n\t<meta property=\"og:image:height\" content=\"431\" \/>\n\t<meta property=\"og:image:type\" content=\"image\/png\" \/>\n<meta name=\"author\" content=\"super-news\" \/>\n<meta name=\"twitter:card\" content=\"summary_large_image\" \/>\n<meta name=\"twitter:label1\" content=\"Napisane przez\" \/>\n\t<meta name=\"twitter:data1\" content=\"super-news\" \/>\n\t<meta name=\"twitter:label2\" content=\"Szacowany czas czytania\" \/>\n\t<meta name=\"twitter:data2\" content=\"3 minuty\" \/>\n<script type=\"application\/ld+json\" class=\"yoast-schema-graph\">{\"@context\":\"https:\\\/\\\/schema.org\",\"@graph\":[{\"@type\":\"Article\",\"@id\":\"https:\\\/\\\/super-news.info\\\/pl\\\/w-listopadzie-45-proc-przeciwnikow-rzadu-mateusza-morawieckiego\\\/#article\",\"isPartOf\":{\"@id\":\"https:\\\/\\\/super-news.info\\\/pl\\\/w-listopadzie-45-proc-przeciwnikow-rzadu-mateusza-morawieckiego\\\/\"},\"author\":{\"name\":\"super-news\",\"@id\":\"https:\\\/\\\/super-news.info\\\/pl\\\/#\\\/schema\\\/person\\\/2d4068cb2f39cd10008c2fce578a7356\"},\"headline\":\"W listopadzie 45 proc. przeciwnik\u00f3w rz\u0105du Mateusza Morawieckiego\",\"datePublished\":\"2020-12-14T03:43:42+00:00\",\"dateModified\":\"2020-12-14T03:43:45+00:00\",\"mainEntityOfPage\":{\"@id\":\"https:\\\/\\\/super-news.info\\\/pl\\\/w-listopadzie-45-proc-przeciwnikow-rzadu-mateusza-morawieckiego\\\/\"},\"wordCount\":573,\"commentCount\":0,\"image\":{\"@id\":\"https:\\\/\\\/super-news.info\\\/pl\\\/w-listopadzie-45-proc-przeciwnikow-rzadu-mateusza-morawieckiego\\\/#primaryimage\"},\"thumbnailUrl\":\"https:\\\/\\\/super-news.info\\\/pl\\\/wp-content\\\/uploads\\\/sites\\\/6\\\/2020\\\/12\\\/W-listopadzie-45-proc.-przeciwnik-w-rz-du-Mateusza-Morawieckiego.png\",\"articleSection\":[\"WIADOMO\u015aCI MARKETINGOWE\"],\"inLanguage\":\"pl-PL\",\"potentialAction\":[{\"@type\":\"CommentAction\",\"name\":\"Comment\",\"target\":[\"https:\\\/\\\/super-news.info\\\/pl\\\/w-listopadzie-45-proc-przeciwnikow-rzadu-mateusza-morawieckiego\\\/#respond\"]}]},{\"@type\":\"WebPage\",\"@id\":\"https:\\\/\\\/super-news.info\\\/pl\\\/w-listopadzie-45-proc-przeciwnikow-rzadu-mateusza-morawieckiego\\\/\",\"url\":\"https:\\\/\\\/super-news.info\\\/pl\\\/w-listopadzie-45-proc-przeciwnikow-rzadu-mateusza-morawieckiego\\\/\",\"name\":\"W listopadzie 45 proc. przeciwnik\u00f3w rz\u0105du Mateusza Morawieckiego - Super News\",\"isPartOf\":{\"@id\":\"https:\\\/\\\/super-news.info\\\/pl\\\/#website\"},\"primaryImageOfPage\":{\"@id\":\"https:\\\/\\\/super-news.info\\\/pl\\\/w-listopadzie-45-proc-przeciwnikow-rzadu-mateusza-morawieckiego\\\/#primaryimage\"},\"image\":{\"@id\":\"https:\\\/\\\/super-news.info\\\/pl\\\/w-listopadzie-45-proc-przeciwnikow-rzadu-mateusza-morawieckiego\\\/#primaryimage\"},\"thumbnailUrl\":\"https:\\\/\\\/super-news.info\\\/pl\\\/wp-content\\\/uploads\\\/sites\\\/6\\\/2020\\\/12\\\/W-listopadzie-45-proc.-przeciwnik-w-rz-du-Mateusza-Morawieckiego.png\",\"datePublished\":\"2020-12-14T03:43:42+00:00\",\"dateModified\":\"2020-12-14T03:43:45+00:00\",\"author\":{\"@id\":\"https:\\\/\\\/super-news.info\\\/pl\\\/#\\\/schema\\\/person\\\/2d4068cb2f39cd10008c2fce578a7356\"},\"breadcrumb\":{\"@id\":\"https:\\\/\\\/super-news.info\\\/pl\\\/w-listopadzie-45-proc-przeciwnikow-rzadu-mateusza-morawieckiego\\\/#breadcrumb\"},\"inLanguage\":\"pl-PL\",\"potentialAction\":[{\"@type\":\"ReadAction\",\"target\":[\"https:\\\/\\\/super-news.info\\\/pl\\\/w-listopadzie-45-proc-przeciwnikow-rzadu-mateusza-morawieckiego\\\/\"]}]},{\"@type\":\"ImageObject\",\"inLanguage\":\"pl-PL\",\"@id\":\"https:\\\/\\\/super-news.info\\\/pl\\\/w-listopadzie-45-proc-przeciwnikow-rzadu-mateusza-morawieckiego\\\/#primaryimage\",\"url\":\"https:\\\/\\\/super-news.info\\\/pl\\\/wp-content\\\/uploads\\\/sites\\\/6\\\/2020\\\/12\\\/W-listopadzie-45-proc.-przeciwnik-w-rz-du-Mateusza-Morawieckiego.png\",\"contentUrl\":\"https:\\\/\\\/super-news.info\\\/pl\\\/wp-content\\\/uploads\\\/sites\\\/6\\\/2020\\\/12\\\/W-listopadzie-45-proc.-przeciwnik-w-rz-du-Mateusza-Morawieckiego.png\",\"width\":655,\"height\":431,\"caption\":\"Article\"},{\"@type\":\"BreadcrumbList\",\"@id\":\"https:\\\/\\\/super-news.info\\\/pl\\\/w-listopadzie-45-proc-przeciwnikow-rzadu-mateusza-morawieckiego\\\/#breadcrumb\",\"itemListElement\":[{\"@type\":\"ListItem\",\"position\":1,\"name\":\"\u0413\u043b\u0430\u0432\u043d\u0430\u044f \u0441\u0442\u0440\u0430\u043d\u0438\u0446\u0430\",\"item\":\"https:\\\/\\\/super-news.info\\\/pl\\\/\"},{\"@type\":\"ListItem\",\"position\":2,\"name\":\"W listopadzie 45 proc. przeciwnik\u00f3w rz\u0105du Mateusza Morawieckiego\"}]},{\"@type\":\"WebSite\",\"@id\":\"https:\\\/\\\/super-news.info\\\/pl\\\/#website\",\"url\":\"https:\\\/\\\/super-news.info\\\/pl\\\/\",\"name\":\"Super News\",\"description\":\"Super News Polska\",\"potentialAction\":[{\"@type\":\"SearchAction\",\"target\":{\"@type\":\"EntryPoint\",\"urlTemplate\":\"https:\\\/\\\/super-news.info\\\/pl\\\/?s={search_term_string}\"},\"query-input\":{\"@type\":\"PropertyValueSpecification\",\"valueRequired\":true,\"valueName\":\"search_term_string\"}}],\"inLanguage\":\"pl-PL\"},{\"@type\":\"Person\",\"@id\":\"https:\\\/\\\/super-news.info\\\/pl\\\/#\\\/schema\\\/person\\\/2d4068cb2f39cd10008c2fce578a7356\",\"name\":\"super-news\",\"image\":{\"@type\":\"ImageObject\",\"inLanguage\":\"pl-PL\",\"@id\":\"https:\\\/\\\/secure.gravatar.com\\\/avatar\\\/64ebac40b93f26a154f8a9b5b6fdccfc46f442b26b3dd6756dbff3bf9dc76fd7?s=96&d=mm&r=g\",\"url\":\"https:\\\/\\\/secure.gravatar.com\\\/avatar\\\/64ebac40b93f26a154f8a9b5b6fdccfc46f442b26b3dd6756dbff3bf9dc76fd7?s=96&d=mm&r=g\",\"contentUrl\":\"https:\\\/\\\/secure.gravatar.com\\\/avatar\\\/64ebac40b93f26a154f8a9b5b6fdccfc46f442b26b3dd6756dbff3bf9dc76fd7?s=96&d=mm&r=g\",\"caption\":\"super-news\"},\"url\":\"https:\\\/\\\/super-news.info\\\/pl\\\/author\\\/pt\\\/\"}]}<\/script>\n<!-- \/ Yoast SEO plugin. -->","yoast_head_json":{"title":"W listopadzie 45 proc. przeciwnik\u00f3w rz\u0105du Mateusza Morawieckiego - Super News","robots":{"index":"index","follow":"follow","max-snippet":"max-snippet:-1","max-image-preview":"max-image-preview:large","max-video-preview":"max-video-preview:-1"},"canonical":"https:\/\/super-news.info\/pl\/w-listopadzie-45-proc-przeciwnikow-rzadu-mateusza-morawieckiego\/","og_locale":"pl_PL","og_type":"article","og_title":"W listopadzie 45 proc. przeciwnik\u00f3w rz\u0105du Mateusza Morawieckiego - Super News","og_description":"&#13; W stosunku do poprzedniego badania CBOS mniej respondent\u00f3w ni\u017c przed miesi\u0105cem odpowiada\u0142o bezpo\u015brednio ankieterowi i przez internet, wi\u0119cej natomiast telefonicznie.&#13; &#13; Do zwolennik\u00f3w rz\u0105du zalicza si\u0119 obecnie &#8211; jak wskazuj\u0105 autorzy badania &#8211; najmniej respondent\u00f3w od pocz\u0105tku sprawowania urz\u0119du przez Mateusza Morawieckiego &#8211; 30 proc., spadek o 3 punkty procentowe w stosunku do poprzedniego [&hellip;]","og_url":"https:\/\/super-news.info\/pl\/w-listopadzie-45-proc-przeciwnikow-rzadu-mateusza-morawieckiego\/","og_site_name":"Super News","article_published_time":"2020-12-14T03:43:42+00:00","article_modified_time":"2020-12-14T03:43:45+00:00","og_image":[{"width":655,"height":431,"url":"https:\/\/super-news.info\/pl\/wp-content\/uploads\/sites\/6\/2020\/12\/W-listopadzie-45-proc.-przeciwnik-w-rz-du-Mateusza-Morawieckiego.png","type":"image\/png"}],"author":"super-news","twitter_card":"summary_large_image","twitter_misc":{"Napisane przez":"super-news","Szacowany czas czytania":"3 minuty"},"schema":{"@context":"https:\/\/schema.org","@graph":[{"@type":"Article","@id":"https:\/\/super-news.info\/pl\/w-listopadzie-45-proc-przeciwnikow-rzadu-mateusza-morawieckiego\/#article","isPartOf":{"@id":"https:\/\/super-news.info\/pl\/w-listopadzie-45-proc-przeciwnikow-rzadu-mateusza-morawieckiego\/"},"author":{"name":"super-news","@id":"https:\/\/super-news.info\/pl\/#\/schema\/person\/2d4068cb2f39cd10008c2fce578a7356"},"headline":"W listopadzie 45 proc. przeciwnik\u00f3w rz\u0105du Mateusza Morawieckiego","datePublished":"2020-12-14T03:43:42+00:00","dateModified":"2020-12-14T03:43:45+00:00","mainEntityOfPage":{"@id":"https:\/\/super-news.info\/pl\/w-listopadzie-45-proc-przeciwnikow-rzadu-mateusza-morawieckiego\/"},"wordCount":573,"commentCount":0,"image":{"@id":"https:\/\/super-news.info\/pl\/w-listopadzie-45-proc-przeciwnikow-rzadu-mateusza-morawieckiego\/#primaryimage"},"thumbnailUrl":"https:\/\/super-news.info\/pl\/wp-content\/uploads\/sites\/6\/2020\/12\/W-listopadzie-45-proc.-przeciwnik-w-rz-du-Mateusza-Morawieckiego.png","articleSection":["WIADOMO\u015aCI MARKETINGOWE"],"inLanguage":"pl-PL","potentialAction":[{"@type":"CommentAction","name":"Comment","target":["https:\/\/super-news.info\/pl\/w-listopadzie-45-proc-przeciwnikow-rzadu-mateusza-morawieckiego\/#respond"]}]},{"@type":"WebPage","@id":"https:\/\/super-news.info\/pl\/w-listopadzie-45-proc-przeciwnikow-rzadu-mateusza-morawieckiego\/","url":"https:\/\/super-news.info\/pl\/w-listopadzie-45-proc-przeciwnikow-rzadu-mateusza-morawieckiego\/","name":"W listopadzie 45 proc. przeciwnik\u00f3w rz\u0105du Mateusza Morawieckiego - Super News","isPartOf":{"@id":"https:\/\/super-news.info\/pl\/#website"},"primaryImageOfPage":{"@id":"https:\/\/super-news.info\/pl\/w-listopadzie-45-proc-przeciwnikow-rzadu-mateusza-morawieckiego\/#primaryimage"},"image":{"@id":"https:\/\/super-news.info\/pl\/w-listopadzie-45-proc-przeciwnikow-rzadu-mateusza-morawieckiego\/#primaryimage"},"thumbnailUrl":"https:\/\/super-news.info\/pl\/wp-content\/uploads\/sites\/6\/2020\/12\/W-listopadzie-45-proc.-przeciwnik-w-rz-du-Mateusza-Morawieckiego.png","datePublished":"2020-12-14T03:43:42+00:00","dateModified":"2020-12-14T03:43:45+00:00","author":{"@id":"https:\/\/super-news.info\/pl\/#\/schema\/person\/2d4068cb2f39cd10008c2fce578a7356"},"breadcrumb":{"@id":"https:\/\/super-news.info\/pl\/w-listopadzie-45-proc-przeciwnikow-rzadu-mateusza-morawieckiego\/#breadcrumb"},"inLanguage":"pl-PL","potentialAction":[{"@type":"ReadAction","target":["https:\/\/super-news.info\/pl\/w-listopadzie-45-proc-przeciwnikow-rzadu-mateusza-morawieckiego\/"]}]},{"@type":"ImageObject","inLanguage":"pl-PL","@id":"https:\/\/super-news.info\/pl\/w-listopadzie-45-proc-przeciwnikow-rzadu-mateusza-morawieckiego\/#primaryimage","url":"https:\/\/super-news.info\/pl\/wp-content\/uploads\/sites\/6\/2020\/12\/W-listopadzie-45-proc.-przeciwnik-w-rz-du-Mateusza-Morawieckiego.png","contentUrl":"https:\/\/super-news.info\/pl\/wp-content\/uploads\/sites\/6\/2020\/12\/W-listopadzie-45-proc.-przeciwnik-w-rz-du-Mateusza-Morawieckiego.png","width":655,"height":431,"caption":"Article"},{"@type":"BreadcrumbList","@id":"https:\/\/super-news.info\/pl\/w-listopadzie-45-proc-przeciwnikow-rzadu-mateusza-morawieckiego\/#breadcrumb","itemListElement":[{"@type":"ListItem","position":1,"name":"\u0413\u043b\u0430\u0432\u043d\u0430\u044f \u0441\u0442\u0440\u0430\u043d\u0438\u0446\u0430","item":"https:\/\/super-news.info\/pl\/"},{"@type":"ListItem","position":2,"name":"W listopadzie 45 proc. przeciwnik\u00f3w rz\u0105du Mateusza Morawieckiego"}]},{"@type":"WebSite","@id":"https:\/\/super-news.info\/pl\/#website","url":"https:\/\/super-news.info\/pl\/","name":"Super News","description":"Super News Polska","potentialAction":[{"@type":"SearchAction","target":{"@type":"EntryPoint","urlTemplate":"https:\/\/super-news.info\/pl\/?s={search_term_string}"},"query-input":{"@type":"PropertyValueSpecification","valueRequired":true,"valueName":"search_term_string"}}],"inLanguage":"pl-PL"},{"@type":"Person","@id":"https:\/\/super-news.info\/pl\/#\/schema\/person\/2d4068cb2f39cd10008c2fce578a7356","name":"super-news","image":{"@type":"ImageObject","inLanguage":"pl-PL","@id":"https:\/\/secure.gravatar.com\/avatar\/64ebac40b93f26a154f8a9b5b6fdccfc46f442b26b3dd6756dbff3bf9dc76fd7?s=96&d=mm&r=g","url":"https:\/\/secure.gravatar.com\/avatar\/64ebac40b93f26a154f8a9b5b6fdccfc46f442b26b3dd6756dbff3bf9dc76fd7?s=96&d=mm&r=g","contentUrl":"https:\/\/secure.gravatar.com\/avatar\/64ebac40b93f26a154f8a9b5b6fdccfc46f442b26b3dd6756dbff3bf9dc76fd7?s=96&d=mm&r=g","caption":"super-news"},"url":"https:\/\/super-news.info\/pl\/author\/pt\/"}]}},"_links":{"self":[{"href":"https:\/\/super-news.info\/pl\/wp-json\/wp\/v2\/posts\/2860","targetHints":{"allow":["GET"]}}],"collection":[{"href":"https:\/\/super-news.info\/pl\/wp-json\/wp\/v2\/posts"}],"about":[{"href":"https:\/\/super-news.info\/pl\/wp-json\/wp\/v2\/types\/post"}],"author":[{"embeddable":true,"href":"https:\/\/super-news.info\/pl\/wp-json\/wp\/v2\/users\/2"}],"replies":[{"embeddable":true,"href":"https:\/\/super-news.info\/pl\/wp-json\/wp\/v2\/comments?post=2860"}],"version-history":[{"count":1,"href":"https:\/\/super-news.info\/pl\/wp-json\/wp\/v2\/posts\/2860\/revisions"}],"predecessor-version":[{"id":2862,"href":"https:\/\/super-news.info\/pl\/wp-json\/wp\/v2\/posts\/2860\/revisions\/2862"}],"wp:featuredmedia":[{"embeddable":true,"href":"https:\/\/super-news.info\/pl\/wp-json\/wp\/v2\/media\/2861"}],"wp:attachment":[{"href":"https:\/\/super-news.info\/pl\/wp-json\/wp\/v2\/media?parent=2860"}],"wp:term":[{"taxonomy":"category","embeddable":true,"href":"https:\/\/super-news.info\/pl\/wp-json\/wp\/v2\/categories?post=2860"},{"taxonomy":"post_tag","embeddable":true,"href":"https:\/\/super-news.info\/pl\/wp-json\/wp\/v2\/tags?post=2860"}],"curies":[{"name":"wp","href":"https:\/\/api.w.org\/{rel}","templated":true}]}}