{"id":2836,"date":"2020-12-10T06:10:58","date_gmt":"2020-12-10T03:10:58","guid":{"rendered":"https:\/\/super-news.info\/pl\/niedziele-handlowe-polacy-chca-cofnac-zakazu-handlu\/"},"modified":"2020-12-10T06:11:01","modified_gmt":"2020-12-10T03:11:01","slug":"niedziele-handlowe-polacy-chca-cofnac-zakazu-handlu","status":"publish","type":"post","link":"https:\/\/super-news.info\/pl\/niedziele-handlowe-polacy-chca-cofnac-zakazu-handlu\/","title":{"rendered":"Niedziele handlowe Polacy chc\u0105 cofn\u0105\u0107 zakazu handlu"},"content":{"rendered":"<p>&#13;<br \/>\n                                                                                        Poparcie dla idei ponownego otwarcia centr\u00f3w handlowych w dniu 29 listopada zadeklarowa\u0142o 70 proc. badanych, przeciwnych otwarciu by\u0142o tylko 21 proc..&#13;<br \/>\n&#13;<br \/>\nR\u00f3wnie\u017c decyzja umo\u017cliwiaj\u0105ca handel w niedziel\u0119 6 grudnia by\u0142a zgodna z oczekiwaniami Polak\u00f3w. Za zniesieniem zakazu handlu i umo\u017cliwieniem handlu w niedziel\u0119 6 oraz 27 grudnia opowiedzia\u0142o si\u0119 69 proc. badanych. Utrzymania zakazu handlu w te dni chce 24 proc. respondent\u00f3w.&#13;<br \/>\n&#13;<br \/>\nPonad po\u0142owa respondent\u00f3w negatywnie odbiera\u0142a cz\u0119\u015bciowe zamkni\u0119cie centr\u00f3w handlowych w dniach od 9 do 27 listopada (54 proc.), a pozytywnie ocenia\u0142o t\u0119 decyzj\u0119 38 proc.. Po otwarciu galerii zakupy w nich planuje 56 proc. respondent\u00f3w, natomiast 48 proc. badanych zadeklarowa\u0142o, \u017ce nie planuje obecnie zakup\u00f3w w centrach handlowych.&#13;<br \/>\n&#13;<\/p>\n<p>&#13;<br \/>\n&#13;<br \/>\n&#8211; Centra handlowe s\u0105 wa\u017cn\u0105 cz\u0119\u015bci\u0105 naszego codziennego \u017cycia. Zamkni\u0119te sklepy powoduj\u0105 rosn\u0105ce niezadowolenie klient\u00f3w, szczeg\u00f3lnie w tak newralgicznym okresie. Je\u015bli za\u015b chodzi o przypadaj\u0105ce w grudniu niedziele, to 6 grudnia wypad\u0142 w Miko\u0142ajki, a 27 grudnia to kolejny dzie\u0144 bez handlu po dw\u00f3ch dniach \u015bwi\u0105t i ograniczonych godzinach handlowych w Wigili\u0119. Je\u015bli zakaz handlu w ten dzie\u0144 zostanie utrzymany, spowoduje to ogromne utrudnienia i dla handlu, i dla klient\u00f3w &#8211; komentuje Agnieszka G\u00f3rnicka, prezes firmy Inquiry.&#13;<br \/>\n&#13;<br \/>\n&#13;<br \/>\n&#13;<br \/>\nPolacy przerzucaj\u0105 si\u0119 na zakupy online&#13;<br \/>\n&#13;<br \/>\nAgencja Inquiry zapyta\u0142a Polak\u00f3w r\u00f3wnie\u017c o to, w jaki spos\u00f3b ograniczenie dzia\u0142alno\u015bci centr\u00f3w handlowych w listopadzie wp\u0142yn\u0119\u0142o na ich zachowania zakupowe.&#13;<br \/>\n&#13;<br \/>\nJak si\u0119 okazuje, najwi\u0119ksza grupa badanych dokona\u0142a wi\u0119kszo\u015bci niezb\u0119dnych zakup\u00f3w w internecie (38 proc.). Co czwarty respondent swoje plany zakupowe zrealizowa\u0142 w tych sklepach, kt\u00f3re by\u0142y w tym czasie otwarte w galeriach.&#13;<br \/>\n&#13;<br \/>\nCz\u0119\u015b\u0107 badanych od\u0142o\u017cy\u0142a zakupy na p\u00f3\u017aniej, planuj\u0105c wi\u0119kszo\u015b\u0107 zakup\u00f3w na grudzie\u0144 (17 proc.), a cz\u0119\u015b\u0107 dokona\u0142a cz\u0119\u015bci zakup\u00f3w w internecie, a reszt\u0119 zaplanowa\u0142a na okres przed\u015bwi\u0105teczny (19 proc.).&#13;<br \/>\n&#13;<br \/>\nBadanie zosta\u0142o zrealizowane w dniach 26-30 listopada 2020 r. na reprezentatywnej pr\u00f3bie 1002 doros\u0142ych Polak\u00f3w metod\u0105 CAWI (sonda\u017c online na panelu YouGov).&#13;<br \/>\n                            &#13;<br \/>\n&#13;<br \/>\n                            &#13;<br \/>\n                            &#13;<br \/>\n                                                            &#13;<br \/>\n&#13;<br \/>\n                            &#13;<\/p>\n<p>\n<!--noindex--><br \/>\n<a href=\"https:\/\/www.wirtualnemedia.pl\/artykul\/niedziele-handlowe-polacy-chca-cofnac-zakazu-handlu\" rel=\"nofollow\">Source link <\/a><br \/>\n<!--\/noindex--><\/p>\n","protected":false},"excerpt":{"rendered":"<p>&#13; Poparcie dla idei ponownego otwarcia centr\u00f3w handlowych w dniu 29 listopada zadeklarowa\u0142o 70 proc. badanych, przeciwnych otwarciu by\u0142o tylko 21 proc..&#13; &#13; R\u00f3wnie\u017c decyzja umo\u017cliwiaj\u0105ca handel w niedziel\u0119 6 grudnia by\u0142a zgodna z oczekiwaniami Polak\u00f3w. Za zniesieniem zakazu handlu i umo\u017cliwieniem handlu w niedziel\u0119 6 oraz 27 grudnia opowiedzia\u0142o si\u0119 69 proc. badanych. Utrzymania [&hellip;]<\/p>\n","protected":false},"author":2,"featured_media":2837,"comment_status":"open","ping_status":"open","sticky":false,"template":"","format":"standard","meta":{"footnotes":""},"categories":[3],"tags":[],"class_list":["post-2836","post","type-post","status-publish","format-standard","has-post-thumbnail","hentry","category-wiadomosci-marketingowe"],"yoast_head":"<!-- This site is optimized with the Yoast SEO plugin v27.4 - https:\/\/yoast.com\/product\/yoast-seo-wordpress\/ -->\n<title>Niedziele handlowe Polacy chc\u0105 cofn\u0105\u0107 zakazu handlu - Super News<\/title>\n<meta name=\"robots\" content=\"index, follow, max-snippet:-1, max-image-preview:large, max-video-preview:-1\" \/>\n<link rel=\"canonical\" href=\"https:\/\/super-news.info\/pl\/niedziele-handlowe-polacy-chca-cofnac-zakazu-handlu\/\" \/>\n<meta property=\"og:locale\" content=\"pl_PL\" \/>\n<meta property=\"og:type\" content=\"article\" \/>\n<meta property=\"og:title\" content=\"Niedziele handlowe Polacy chc\u0105 cofn\u0105\u0107 zakazu handlu - Super News\" \/>\n<meta property=\"og:description\" content=\"&#013; Poparcie dla idei ponownego otwarcia centr\u00f3w handlowych w dniu 29 listopada zadeklarowa\u0142o 70 proc. badanych, przeciwnych otwarciu by\u0142o tylko 21 proc..&#013; &#013; R\u00f3wnie\u017c decyzja umo\u017cliwiaj\u0105ca handel w niedziel\u0119 6 grudnia by\u0142a zgodna z oczekiwaniami Polak\u00f3w. Za zniesieniem zakazu handlu i umo\u017cliwieniem handlu w niedziel\u0119 6 oraz 27 grudnia opowiedzia\u0142o si\u0119 69 proc. badanych. Utrzymania [&hellip;]\" \/>\n<meta property=\"og:url\" content=\"https:\/\/super-news.info\/pl\/niedziele-handlowe-polacy-chca-cofnac-zakazu-handlu\/\" \/>\n<meta property=\"og:site_name\" content=\"Super News\" \/>\n<meta property=\"article:published_time\" content=\"2020-12-10T03:10:58+00:00\" \/>\n<meta property=\"article:modified_time\" content=\"2020-12-10T03:11:01+00:00\" \/>\n<meta property=\"og:image\" content=\"https:\/\/super-news.info\/pl\/wp-content\/uploads\/sites\/6\/2020\/12\/Niedziele-handlowe-Polacy-chc-cofn-zakazu-handlu.jpg\" \/>\n\t<meta property=\"og:image:width\" content=\"655\" \/>\n\t<meta property=\"og:image:height\" content=\"674\" \/>\n\t<meta property=\"og:image:type\" content=\"image\/jpeg\" \/>\n<meta name=\"author\" content=\"super-news\" \/>\n<meta name=\"twitter:card\" content=\"summary_large_image\" \/>\n<meta name=\"twitter:label1\" content=\"Napisane przez\" \/>\n\t<meta name=\"twitter:data1\" content=\"super-news\" \/>\n\t<meta name=\"twitter:label2\" content=\"Szacowany czas czytania\" \/>\n\t<meta name=\"twitter:data2\" content=\"2 minuty\" \/>\n<script type=\"application\/ld+json\" class=\"yoast-schema-graph\">{\"@context\":\"https:\\\/\\\/schema.org\",\"@graph\":[{\"@type\":\"Article\",\"@id\":\"https:\\\/\\\/super-news.info\\\/pl\\\/niedziele-handlowe-polacy-chca-cofnac-zakazu-handlu\\\/#article\",\"isPartOf\":{\"@id\":\"https:\\\/\\\/super-news.info\\\/pl\\\/niedziele-handlowe-polacy-chca-cofnac-zakazu-handlu\\\/\"},\"author\":{\"name\":\"super-news\",\"@id\":\"https:\\\/\\\/super-news.info\\\/pl\\\/#\\\/schema\\\/person\\\/2d4068cb2f39cd10008c2fce578a7356\"},\"headline\":\"Niedziele handlowe Polacy chc\u0105 cofn\u0105\u0107 zakazu handlu\",\"datePublished\":\"2020-12-10T03:10:58+00:00\",\"dateModified\":\"2020-12-10T03:11:01+00:00\",\"mainEntityOfPage\":{\"@id\":\"https:\\\/\\\/super-news.info\\\/pl\\\/niedziele-handlowe-polacy-chca-cofnac-zakazu-handlu\\\/\"},\"wordCount\":353,\"commentCount\":0,\"image\":{\"@id\":\"https:\\\/\\\/super-news.info\\\/pl\\\/niedziele-handlowe-polacy-chca-cofnac-zakazu-handlu\\\/#primaryimage\"},\"thumbnailUrl\":\"https:\\\/\\\/super-news.info\\\/pl\\\/wp-content\\\/uploads\\\/sites\\\/6\\\/2020\\\/12\\\/Niedziele-handlowe-Polacy-chc-cofn-zakazu-handlu.jpg\",\"articleSection\":[\"WIADOMO\u015aCI MARKETINGOWE\"],\"inLanguage\":\"pl-PL\",\"potentialAction\":[{\"@type\":\"CommentAction\",\"name\":\"Comment\",\"target\":[\"https:\\\/\\\/super-news.info\\\/pl\\\/niedziele-handlowe-polacy-chca-cofnac-zakazu-handlu\\\/#respond\"]}]},{\"@type\":\"WebPage\",\"@id\":\"https:\\\/\\\/super-news.info\\\/pl\\\/niedziele-handlowe-polacy-chca-cofnac-zakazu-handlu\\\/\",\"url\":\"https:\\\/\\\/super-news.info\\\/pl\\\/niedziele-handlowe-polacy-chca-cofnac-zakazu-handlu\\\/\",\"name\":\"Niedziele handlowe Polacy chc\u0105 cofn\u0105\u0107 zakazu handlu - Super News\",\"isPartOf\":{\"@id\":\"https:\\\/\\\/super-news.info\\\/pl\\\/#website\"},\"primaryImageOfPage\":{\"@id\":\"https:\\\/\\\/super-news.info\\\/pl\\\/niedziele-handlowe-polacy-chca-cofnac-zakazu-handlu\\\/#primaryimage\"},\"image\":{\"@id\":\"https:\\\/\\\/super-news.info\\\/pl\\\/niedziele-handlowe-polacy-chca-cofnac-zakazu-handlu\\\/#primaryimage\"},\"thumbnailUrl\":\"https:\\\/\\\/super-news.info\\\/pl\\\/wp-content\\\/uploads\\\/sites\\\/6\\\/2020\\\/12\\\/Niedziele-handlowe-Polacy-chc-cofn-zakazu-handlu.jpg\",\"datePublished\":\"2020-12-10T03:10:58+00:00\",\"dateModified\":\"2020-12-10T03:11:01+00:00\",\"author\":{\"@id\":\"https:\\\/\\\/super-news.info\\\/pl\\\/#\\\/schema\\\/person\\\/2d4068cb2f39cd10008c2fce578a7356\"},\"breadcrumb\":{\"@id\":\"https:\\\/\\\/super-news.info\\\/pl\\\/niedziele-handlowe-polacy-chca-cofnac-zakazu-handlu\\\/#breadcrumb\"},\"inLanguage\":\"pl-PL\",\"potentialAction\":[{\"@type\":\"ReadAction\",\"target\":[\"https:\\\/\\\/super-news.info\\\/pl\\\/niedziele-handlowe-polacy-chca-cofnac-zakazu-handlu\\\/\"]}]},{\"@type\":\"ImageObject\",\"inLanguage\":\"pl-PL\",\"@id\":\"https:\\\/\\\/super-news.info\\\/pl\\\/niedziele-handlowe-polacy-chca-cofnac-zakazu-handlu\\\/#primaryimage\",\"url\":\"https:\\\/\\\/super-news.info\\\/pl\\\/wp-content\\\/uploads\\\/sites\\\/6\\\/2020\\\/12\\\/Niedziele-handlowe-Polacy-chc-cofn-zakazu-handlu.jpg\",\"contentUrl\":\"https:\\\/\\\/super-news.info\\\/pl\\\/wp-content\\\/uploads\\\/sites\\\/6\\\/2020\\\/12\\\/Niedziele-handlowe-Polacy-chc-cofn-zakazu-handlu.jpg\",\"width\":655,\"height\":674,\"caption\":\"Article\"},{\"@type\":\"BreadcrumbList\",\"@id\":\"https:\\\/\\\/super-news.info\\\/pl\\\/niedziele-handlowe-polacy-chca-cofnac-zakazu-handlu\\\/#breadcrumb\",\"itemListElement\":[{\"@type\":\"ListItem\",\"position\":1,\"name\":\"\u0413\u043b\u0430\u0432\u043d\u0430\u044f \u0441\u0442\u0440\u0430\u043d\u0438\u0446\u0430\",\"item\":\"https:\\\/\\\/super-news.info\\\/pl\\\/\"},{\"@type\":\"ListItem\",\"position\":2,\"name\":\"Niedziele handlowe Polacy chc\u0105 cofn\u0105\u0107 zakazu handlu\"}]},{\"@type\":\"WebSite\",\"@id\":\"https:\\\/\\\/super-news.info\\\/pl\\\/#website\",\"url\":\"https:\\\/\\\/super-news.info\\\/pl\\\/\",\"name\":\"Super News\",\"description\":\"Super News Polska\",\"potentialAction\":[{\"@type\":\"SearchAction\",\"target\":{\"@type\":\"EntryPoint\",\"urlTemplate\":\"https:\\\/\\\/super-news.info\\\/pl\\\/?s={search_term_string}\"},\"query-input\":{\"@type\":\"PropertyValueSpecification\",\"valueRequired\":true,\"valueName\":\"search_term_string\"}}],\"inLanguage\":\"pl-PL\"},{\"@type\":\"Person\",\"@id\":\"https:\\\/\\\/super-news.info\\\/pl\\\/#\\\/schema\\\/person\\\/2d4068cb2f39cd10008c2fce578a7356\",\"name\":\"super-news\",\"image\":{\"@type\":\"ImageObject\",\"inLanguage\":\"pl-PL\",\"@id\":\"https:\\\/\\\/secure.gravatar.com\\\/avatar\\\/64ebac40b93f26a154f8a9b5b6fdccfc46f442b26b3dd6756dbff3bf9dc76fd7?s=96&d=mm&r=g\",\"url\":\"https:\\\/\\\/secure.gravatar.com\\\/avatar\\\/64ebac40b93f26a154f8a9b5b6fdccfc46f442b26b3dd6756dbff3bf9dc76fd7?s=96&d=mm&r=g\",\"contentUrl\":\"https:\\\/\\\/secure.gravatar.com\\\/avatar\\\/64ebac40b93f26a154f8a9b5b6fdccfc46f442b26b3dd6756dbff3bf9dc76fd7?s=96&d=mm&r=g\",\"caption\":\"super-news\"},\"url\":\"https:\\\/\\\/super-news.info\\\/pl\\\/author\\\/pt\\\/\"}]}<\/script>\n<!-- \/ Yoast SEO plugin. -->","yoast_head_json":{"title":"Niedziele handlowe Polacy chc\u0105 cofn\u0105\u0107 zakazu handlu - Super News","robots":{"index":"index","follow":"follow","max-snippet":"max-snippet:-1","max-image-preview":"max-image-preview:large","max-video-preview":"max-video-preview:-1"},"canonical":"https:\/\/super-news.info\/pl\/niedziele-handlowe-polacy-chca-cofnac-zakazu-handlu\/","og_locale":"pl_PL","og_type":"article","og_title":"Niedziele handlowe Polacy chc\u0105 cofn\u0105\u0107 zakazu handlu - Super News","og_description":"&#13; Poparcie dla idei ponownego otwarcia centr\u00f3w handlowych w dniu 29 listopada zadeklarowa\u0142o 70 proc. badanych, przeciwnych otwarciu by\u0142o tylko 21 proc..&#13; &#13; R\u00f3wnie\u017c decyzja umo\u017cliwiaj\u0105ca handel w niedziel\u0119 6 grudnia by\u0142a zgodna z oczekiwaniami Polak\u00f3w. Za zniesieniem zakazu handlu i umo\u017cliwieniem handlu w niedziel\u0119 6 oraz 27 grudnia opowiedzia\u0142o si\u0119 69 proc. badanych. Utrzymania [&hellip;]","og_url":"https:\/\/super-news.info\/pl\/niedziele-handlowe-polacy-chca-cofnac-zakazu-handlu\/","og_site_name":"Super News","article_published_time":"2020-12-10T03:10:58+00:00","article_modified_time":"2020-12-10T03:11:01+00:00","og_image":[{"width":655,"height":674,"url":"https:\/\/super-news.info\/pl\/wp-content\/uploads\/sites\/6\/2020\/12\/Niedziele-handlowe-Polacy-chc-cofn-zakazu-handlu.jpg","type":"image\/jpeg"}],"author":"super-news","twitter_card":"summary_large_image","twitter_misc":{"Napisane przez":"super-news","Szacowany czas czytania":"2 minuty"},"schema":{"@context":"https:\/\/schema.org","@graph":[{"@type":"Article","@id":"https:\/\/super-news.info\/pl\/niedziele-handlowe-polacy-chca-cofnac-zakazu-handlu\/#article","isPartOf":{"@id":"https:\/\/super-news.info\/pl\/niedziele-handlowe-polacy-chca-cofnac-zakazu-handlu\/"},"author":{"name":"super-news","@id":"https:\/\/super-news.info\/pl\/#\/schema\/person\/2d4068cb2f39cd10008c2fce578a7356"},"headline":"Niedziele handlowe Polacy chc\u0105 cofn\u0105\u0107 zakazu handlu","datePublished":"2020-12-10T03:10:58+00:00","dateModified":"2020-12-10T03:11:01+00:00","mainEntityOfPage":{"@id":"https:\/\/super-news.info\/pl\/niedziele-handlowe-polacy-chca-cofnac-zakazu-handlu\/"},"wordCount":353,"commentCount":0,"image":{"@id":"https:\/\/super-news.info\/pl\/niedziele-handlowe-polacy-chca-cofnac-zakazu-handlu\/#primaryimage"},"thumbnailUrl":"https:\/\/super-news.info\/pl\/wp-content\/uploads\/sites\/6\/2020\/12\/Niedziele-handlowe-Polacy-chc-cofn-zakazu-handlu.jpg","articleSection":["WIADOMO\u015aCI MARKETINGOWE"],"inLanguage":"pl-PL","potentialAction":[{"@type":"CommentAction","name":"Comment","target":["https:\/\/super-news.info\/pl\/niedziele-handlowe-polacy-chca-cofnac-zakazu-handlu\/#respond"]}]},{"@type":"WebPage","@id":"https:\/\/super-news.info\/pl\/niedziele-handlowe-polacy-chca-cofnac-zakazu-handlu\/","url":"https:\/\/super-news.info\/pl\/niedziele-handlowe-polacy-chca-cofnac-zakazu-handlu\/","name":"Niedziele handlowe Polacy chc\u0105 cofn\u0105\u0107 zakazu handlu - Super News","isPartOf":{"@id":"https:\/\/super-news.info\/pl\/#website"},"primaryImageOfPage":{"@id":"https:\/\/super-news.info\/pl\/niedziele-handlowe-polacy-chca-cofnac-zakazu-handlu\/#primaryimage"},"image":{"@id":"https:\/\/super-news.info\/pl\/niedziele-handlowe-polacy-chca-cofnac-zakazu-handlu\/#primaryimage"},"thumbnailUrl":"https:\/\/super-news.info\/pl\/wp-content\/uploads\/sites\/6\/2020\/12\/Niedziele-handlowe-Polacy-chc-cofn-zakazu-handlu.jpg","datePublished":"2020-12-10T03:10:58+00:00","dateModified":"2020-12-10T03:11:01+00:00","author":{"@id":"https:\/\/super-news.info\/pl\/#\/schema\/person\/2d4068cb2f39cd10008c2fce578a7356"},"breadcrumb":{"@id":"https:\/\/super-news.info\/pl\/niedziele-handlowe-polacy-chca-cofnac-zakazu-handlu\/#breadcrumb"},"inLanguage":"pl-PL","potentialAction":[{"@type":"ReadAction","target":["https:\/\/super-news.info\/pl\/niedziele-handlowe-polacy-chca-cofnac-zakazu-handlu\/"]}]},{"@type":"ImageObject","inLanguage":"pl-PL","@id":"https:\/\/super-news.info\/pl\/niedziele-handlowe-polacy-chca-cofnac-zakazu-handlu\/#primaryimage","url":"https:\/\/super-news.info\/pl\/wp-content\/uploads\/sites\/6\/2020\/12\/Niedziele-handlowe-Polacy-chc-cofn-zakazu-handlu.jpg","contentUrl":"https:\/\/super-news.info\/pl\/wp-content\/uploads\/sites\/6\/2020\/12\/Niedziele-handlowe-Polacy-chc-cofn-zakazu-handlu.jpg","width":655,"height":674,"caption":"Article"},{"@type":"BreadcrumbList","@id":"https:\/\/super-news.info\/pl\/niedziele-handlowe-polacy-chca-cofnac-zakazu-handlu\/#breadcrumb","itemListElement":[{"@type":"ListItem","position":1,"name":"\u0413\u043b\u0430\u0432\u043d\u0430\u044f \u0441\u0442\u0440\u0430\u043d\u0438\u0446\u0430","item":"https:\/\/super-news.info\/pl\/"},{"@type":"ListItem","position":2,"name":"Niedziele handlowe Polacy chc\u0105 cofn\u0105\u0107 zakazu handlu"}]},{"@type":"WebSite","@id":"https:\/\/super-news.info\/pl\/#website","url":"https:\/\/super-news.info\/pl\/","name":"Super News","description":"Super News Polska","potentialAction":[{"@type":"SearchAction","target":{"@type":"EntryPoint","urlTemplate":"https:\/\/super-news.info\/pl\/?s={search_term_string}"},"query-input":{"@type":"PropertyValueSpecification","valueRequired":true,"valueName":"search_term_string"}}],"inLanguage":"pl-PL"},{"@type":"Person","@id":"https:\/\/super-news.info\/pl\/#\/schema\/person\/2d4068cb2f39cd10008c2fce578a7356","name":"super-news","image":{"@type":"ImageObject","inLanguage":"pl-PL","@id":"https:\/\/secure.gravatar.com\/avatar\/64ebac40b93f26a154f8a9b5b6fdccfc46f442b26b3dd6756dbff3bf9dc76fd7?s=96&d=mm&r=g","url":"https:\/\/secure.gravatar.com\/avatar\/64ebac40b93f26a154f8a9b5b6fdccfc46f442b26b3dd6756dbff3bf9dc76fd7?s=96&d=mm&r=g","contentUrl":"https:\/\/secure.gravatar.com\/avatar\/64ebac40b93f26a154f8a9b5b6fdccfc46f442b26b3dd6756dbff3bf9dc76fd7?s=96&d=mm&r=g","caption":"super-news"},"url":"https:\/\/super-news.info\/pl\/author\/pt\/"}]}},"_links":{"self":[{"href":"https:\/\/super-news.info\/pl\/wp-json\/wp\/v2\/posts\/2836","targetHints":{"allow":["GET"]}}],"collection":[{"href":"https:\/\/super-news.info\/pl\/wp-json\/wp\/v2\/posts"}],"about":[{"href":"https:\/\/super-news.info\/pl\/wp-json\/wp\/v2\/types\/post"}],"author":[{"embeddable":true,"href":"https:\/\/super-news.info\/pl\/wp-json\/wp\/v2\/users\/2"}],"replies":[{"embeddable":true,"href":"https:\/\/super-news.info\/pl\/wp-json\/wp\/v2\/comments?post=2836"}],"version-history":[{"count":1,"href":"https:\/\/super-news.info\/pl\/wp-json\/wp\/v2\/posts\/2836\/revisions"}],"predecessor-version":[{"id":2838,"href":"https:\/\/super-news.info\/pl\/wp-json\/wp\/v2\/posts\/2836\/revisions\/2838"}],"wp:featuredmedia":[{"embeddable":true,"href":"https:\/\/super-news.info\/pl\/wp-json\/wp\/v2\/media\/2837"}],"wp:attachment":[{"href":"https:\/\/super-news.info\/pl\/wp-json\/wp\/v2\/media?parent=2836"}],"wp:term":[{"taxonomy":"category","embeddable":true,"href":"https:\/\/super-news.info\/pl\/wp-json\/wp\/v2\/categories?post=2836"},{"taxonomy":"post_tag","embeddable":true,"href":"https:\/\/super-news.info\/pl\/wp-json\/wp\/v2\/tags?post=2836"}],"curies":[{"name":"wp","href":"https:\/\/api.w.org\/{rel}","templated":true}]}}