{"id":2822,"date":"2020-12-04T15:50:58","date_gmt":"2020-12-04T12:50:58","guid":{"rendered":"https:\/\/super-news.info\/pl\/polacy-ograniczaja-mieso-z-przyczyn-zdrowotnych\/"},"modified":"2020-12-04T15:50:59","modified_gmt":"2020-12-04T12:50:59","slug":"polacy-ograniczaja-mieso-z-przyczyn-zdrowotnych","status":"publish","type":"post","link":"https:\/\/super-news.info\/pl\/polacy-ograniczaja-mieso-z-przyczyn-zdrowotnych\/","title":{"rendered":"Polacy ograniczaj\u0105 mi\u0119so z przyczyn zdrowotnych"},"content":{"rendered":"<p>&#13;<br \/>\n                                                                                        Jak wynika z badania Inquiry, zdrowa dieta jest wa\u017cna dla 89 proc. Polak\u00f3w z grupy 55 i wi\u0119cej lat, a w\u015br\u00f3d najm\u0142odszych ankietowanych (18-24 lata) &#8211; tylko dla 72 proc.. Trend zwi\u0105zany ze zdrowym od\u017cywianiem jest tak\u017ce bardziej popularny w\u015br\u00f3d kobiet i os\u00f3b z wy\u017cszym wykszta\u0142ceniem.&#13;<br \/>\n&#13;<br \/>\nDla ponad po\u0142owy tych os\u00f3b najwa\u017cniejsz\u0105 motywacj\u0105 sk\u0142aniaj\u0105c\u0105 do\u00a0 zdrowego od\u017cywania jest zachowanie zdrowia (54 proc.), a co pi\u0105ta osoba wskaza\u0142a na dobre samopoczucie. Odchudzanie, kondycja fizyczna czy wygl\u0105d by\u0142y wymieniane znacznie rzadziej, g\u0142\u00f3wnie w grupie os\u00f3b m\u0142odych i m\u0119\u017cczyzn.&#13;<br \/>\n&#13;<br \/>\n\u00a0<\/p>\n<p>&#13;<br \/>\n&#13;<br \/>\nCo to znaczy &#8222;od\u017cywia\u0107 si\u0119 zdrowo&#8221;?&#13;<br \/>\n&#13;<br \/>\nZdrowe od\u017cywianie jest uto\u017csamiane przez Polak\u00f3w g\u0142\u00f3wnie z jedzeniem du\u017cej ilo\u015bci warzyw i owoc\u00f3w, unikaniem \u201echemii\u201d w \u017cywno\u015bci (konserwant\u00f3w, polepszaczy smaku) oraz piciem du\u017cej ilo\u015bci p\u0142yn\u00f3w. Nieco rzadziej wskazuje si\u0119 na ograniczanie spo\u017cywania cukru i u\u017cywek (alkohol, kawa), unikanie \u017cywno\u015bci przetworzonej, przestrzeganie urozmaiconej diety oraz zwracanie uwagi na jako\u015b\u0107 wybieranych produkt\u00f3w.&#13;<br \/>\n&#13;<br \/>\nNa pytanie o sposoby stosowane na co dzie\u0144 a\u017c 44 proc. os\u00f3b odpowiedzia\u0142o, \u017ce staraj\u0105 si\u0119 je\u015b\u0107 du\u017co warzyw i owoc\u00f3w, 41 proc. pije du\u017c\u0105 ilo\u015b\u0107 p\u0142yn\u00f3w, a 35 proc. unika \u201echemii\u201d i cukru w po\u017cywieniu. W por\u00f3wnaniu z ubieg\u0142ym rokiem badani nieco mniejsz\u0105 wag\u0119 przywi\u0105zuj\u0105 do\u00a0 jako\u015bci produkt\u00f3w oraz rzadziej stosuj\u0105 si\u0119 do zasady 5-6 posi\u0142k\u00f3w dziennie.&#13;<br \/>\n&#13;<br \/>\nZdrowa dieta z regu\u0142y wymaga sporego wysi\u0142ku &#8211; niemal 40 proc. badanych wskazuje, \u017ce utrzymanie zdrowej i zr\u00f3\u017cnicowanej diety jest dla nich trudne. Podstawow\u0105 barier\u0105 jest jej koszt: panuje powszechna opinia, \u017ce zdrowe produkty s\u0105 o dro\u017csze od pozosta\u0142ych. Du\u017ce trudno\u015bci sprawia tak\u017ce powstrzymanie si\u0119 od mnogo\u015bci pokus, tym bardziej, \u017ce niezdrowe produkty cz\u0119sto s\u0105 postrzegane jako smaczniejsze.&#13;<br \/>\n&#13;<\/p>\n<p>&#13;<br \/>\n&#13;<br \/>\nPolacy wskazuj\u0105 r\u00f3wnie\u017c na brak zaufania do producent\u00f3w zdrowej \u017cywno\u015bci co do jako\u015bci ich produkt\u00f3w oraz na brak informacji, co jest rzeczywi\u015bcie zdrow\u0105 \u017cywno\u015bci\u0105, niemniej odsetek tego typu wskaza\u0144 spad\u0142 w por\u00f3wnaniu z ubieg\u0142ym rokiem. Wyra\u017anie poprawia si\u0119 te\u017c dost\u0119pno\u015b\u0107 produkt\u00f3w z tej kategorii, zar\u00f3wno w sklepach, jak i w gastronomii.&#13;<br \/>\n&#13;<br \/>\n&#13;<br \/>\n&#13;<br \/>\n&#8211; Na propagowanie zdrowego stylu \u017cycia du\u017cy wp\u0142yw maj\u0105\u00a0 internet i telewizja \u2013 to w\u0142a\u015bnie z tych \u017ar\u00f3de\u0142 Polacy korzystaj\u0105 najcz\u0119\u015bciej, kiedy szukaj\u0105 informacji i porad o zdrowej \u017cywno\u015bci. Najwi\u0119kszym autorytetem z dziedziny zdrowej \u017cywno\u015bci ciesz\u0105 si\u0119 wci\u0105\u017c lekarze, dietetycy oraz Instytut \u017bywno\u015bci i \u017bywienia, jednak znaczny wp\u0142yw na kszta\u0142towanie postaw Polak\u00f3w maj\u0105 tak\u017ce znani celebryci \u2013 m.in. Katarzyna Bosacka, Karol Okrasa czy Ewa Chodakowska. W\u0142a\u015bnie dzi\u0119ki nim zdrowe od\u017cywianie staje si\u0119 w ostatnich latach coraz wa\u017cniejsze dla naszego spo\u0142ecze\u0144stwa &#8211; komentuje Agnieszka G\u00f3rnicka, prezes firmy Inquiry .&#13;<br \/>\n&#13;<br \/>\nBadanie zosta\u0142o zrealizowane w dniach 15-23 wrze\u015bnia 2020 r. na reprezentatywnej pr\u00f3bie 2000 doros\u0142ych Polak\u00f3w metod\u0105 CAWI (sonda\u017c online na panelu YouGov).&#13;<br \/>\n                            &#13;<br \/>\n&#13;<br \/>\n                            &#13;<br \/>\n                            &#13;<br \/>\n                                                            &#13;<br \/>\n&#13;<br \/>\n                            &#13;<\/p>\n<p>\n<!--noindex--><br \/>\n<a href=\"https:\/\/www.wirtualnemedia.pl\/artykul\/polacy-ograniczaja-mieso-z-przyczyn-zdrowotnych\" rel=\"nofollow\">Source link <\/a><br \/>\n<!--\/noindex--><\/p>\n","protected":false},"excerpt":{"rendered":"<p>&#13; Jak wynika z badania Inquiry, zdrowa dieta jest wa\u017cna dla 89 proc. Polak\u00f3w z grupy 55 i wi\u0119cej lat, a w\u015br\u00f3d najm\u0142odszych ankietowanych (18-24 lata) &#8211; tylko dla 72 proc.. Trend zwi\u0105zany ze zdrowym od\u017cywianiem jest tak\u017ce bardziej popularny w\u015br\u00f3d kobiet i os\u00f3b z wy\u017cszym wykszta\u0142ceniem.&#13; &#13; Dla ponad po\u0142owy tych os\u00f3b najwa\u017cniejsz\u0105 motywacj\u0105 [&hellip;]<\/p>\n","protected":false},"author":2,"featured_media":2823,"comment_status":"open","ping_status":"open","sticky":false,"template":"","format":"standard","meta":{"footnotes":""},"categories":[3],"tags":[],"class_list":["post-2822","post","type-post","status-publish","format-standard","has-post-thumbnail","hentry","category-wiadomosci-marketingowe"],"yoast_head":"<!-- This site is optimized with the Yoast SEO plugin v27.4 - https:\/\/yoast.com\/product\/yoast-seo-wordpress\/ -->\n<title>Polacy ograniczaj\u0105 mi\u0119so z przyczyn zdrowotnych - Super News<\/title>\n<meta name=\"robots\" content=\"index, follow, max-snippet:-1, max-image-preview:large, max-video-preview:-1\" \/>\n<link rel=\"canonical\" href=\"https:\/\/super-news.info\/pl\/polacy-ograniczaja-mieso-z-przyczyn-zdrowotnych\/\" \/>\n<meta property=\"og:locale\" content=\"pl_PL\" \/>\n<meta property=\"og:type\" content=\"article\" \/>\n<meta property=\"og:title\" content=\"Polacy ograniczaj\u0105 mi\u0119so z przyczyn zdrowotnych - Super News\" \/>\n<meta property=\"og:description\" content=\"&#013; Jak wynika z badania Inquiry, zdrowa dieta jest wa\u017cna dla 89 proc. Polak\u00f3w z grupy 55 i wi\u0119cej lat, a w\u015br\u00f3d najm\u0142odszych ankietowanych (18-24 lata) &#8211; tylko dla 72 proc.. Trend zwi\u0105zany ze zdrowym od\u017cywianiem jest tak\u017ce bardziej popularny w\u015br\u00f3d kobiet i os\u00f3b z wy\u017cszym wykszta\u0142ceniem.&#013; &#013; Dla ponad po\u0142owy tych os\u00f3b najwa\u017cniejsz\u0105 motywacj\u0105 [&hellip;]\" \/>\n<meta property=\"og:url\" content=\"https:\/\/super-news.info\/pl\/polacy-ograniczaja-mieso-z-przyczyn-zdrowotnych\/\" \/>\n<meta property=\"og:site_name\" content=\"Super News\" \/>\n<meta property=\"article:published_time\" content=\"2020-12-04T12:50:58+00:00\" \/>\n<meta property=\"article:modified_time\" content=\"2020-12-04T12:50:59+00:00\" \/>\n<meta property=\"og:image\" content=\"https:\/\/super-news.info\/pl\/wp-content\/uploads\/sites\/6\/2020\/12\/Polacy-ograniczaj-mi-so-z-przyczyn-zdrowotnych.jpg\" \/>\n\t<meta property=\"og:image:width\" content=\"655\" \/>\n\t<meta property=\"og:image:height\" content=\"367\" \/>\n\t<meta property=\"og:image:type\" content=\"image\/jpeg\" \/>\n<meta name=\"author\" content=\"super-news\" \/>\n<meta name=\"twitter:card\" content=\"summary_large_image\" \/>\n<meta name=\"twitter:label1\" content=\"Napisane przez\" \/>\n\t<meta name=\"twitter:data1\" content=\"super-news\" \/>\n\t<meta name=\"twitter:label2\" content=\"Szacowany czas czytania\" \/>\n\t<meta name=\"twitter:data2\" content=\"3 minuty\" \/>\n<script type=\"application\/ld+json\" class=\"yoast-schema-graph\">{\"@context\":\"https:\\\/\\\/schema.org\",\"@graph\":[{\"@type\":\"Article\",\"@id\":\"https:\\\/\\\/super-news.info\\\/pl\\\/polacy-ograniczaja-mieso-z-przyczyn-zdrowotnych\\\/#article\",\"isPartOf\":{\"@id\":\"https:\\\/\\\/super-news.info\\\/pl\\\/polacy-ograniczaja-mieso-z-przyczyn-zdrowotnych\\\/\"},\"author\":{\"name\":\"super-news\",\"@id\":\"https:\\\/\\\/super-news.info\\\/pl\\\/#\\\/schema\\\/person\\\/2d4068cb2f39cd10008c2fce578a7356\"},\"headline\":\"Polacy ograniczaj\u0105 mi\u0119so z przyczyn zdrowotnych\",\"datePublished\":\"2020-12-04T12:50:58+00:00\",\"dateModified\":\"2020-12-04T12:50:59+00:00\",\"mainEntityOfPage\":{\"@id\":\"https:\\\/\\\/super-news.info\\\/pl\\\/polacy-ograniczaja-mieso-z-przyczyn-zdrowotnych\\\/\"},\"wordCount\":527,\"commentCount\":0,\"image\":{\"@id\":\"https:\\\/\\\/super-news.info\\\/pl\\\/polacy-ograniczaja-mieso-z-przyczyn-zdrowotnych\\\/#primaryimage\"},\"thumbnailUrl\":\"https:\\\/\\\/super-news.info\\\/pl\\\/wp-content\\\/uploads\\\/sites\\\/6\\\/2020\\\/12\\\/Polacy-ograniczaj-mi-so-z-przyczyn-zdrowotnych.jpg\",\"articleSection\":[\"WIADOMO\u015aCI MARKETINGOWE\"],\"inLanguage\":\"pl-PL\",\"potentialAction\":[{\"@type\":\"CommentAction\",\"name\":\"Comment\",\"target\":[\"https:\\\/\\\/super-news.info\\\/pl\\\/polacy-ograniczaja-mieso-z-przyczyn-zdrowotnych\\\/#respond\"]}]},{\"@type\":\"WebPage\",\"@id\":\"https:\\\/\\\/super-news.info\\\/pl\\\/polacy-ograniczaja-mieso-z-przyczyn-zdrowotnych\\\/\",\"url\":\"https:\\\/\\\/super-news.info\\\/pl\\\/polacy-ograniczaja-mieso-z-przyczyn-zdrowotnych\\\/\",\"name\":\"Polacy ograniczaj\u0105 mi\u0119so z przyczyn zdrowotnych - Super News\",\"isPartOf\":{\"@id\":\"https:\\\/\\\/super-news.info\\\/pl\\\/#website\"},\"primaryImageOfPage\":{\"@id\":\"https:\\\/\\\/super-news.info\\\/pl\\\/polacy-ograniczaja-mieso-z-przyczyn-zdrowotnych\\\/#primaryimage\"},\"image\":{\"@id\":\"https:\\\/\\\/super-news.info\\\/pl\\\/polacy-ograniczaja-mieso-z-przyczyn-zdrowotnych\\\/#primaryimage\"},\"thumbnailUrl\":\"https:\\\/\\\/super-news.info\\\/pl\\\/wp-content\\\/uploads\\\/sites\\\/6\\\/2020\\\/12\\\/Polacy-ograniczaj-mi-so-z-przyczyn-zdrowotnych.jpg\",\"datePublished\":\"2020-12-04T12:50:58+00:00\",\"dateModified\":\"2020-12-04T12:50:59+00:00\",\"author\":{\"@id\":\"https:\\\/\\\/super-news.info\\\/pl\\\/#\\\/schema\\\/person\\\/2d4068cb2f39cd10008c2fce578a7356\"},\"breadcrumb\":{\"@id\":\"https:\\\/\\\/super-news.info\\\/pl\\\/polacy-ograniczaja-mieso-z-przyczyn-zdrowotnych\\\/#breadcrumb\"},\"inLanguage\":\"pl-PL\",\"potentialAction\":[{\"@type\":\"ReadAction\",\"target\":[\"https:\\\/\\\/super-news.info\\\/pl\\\/polacy-ograniczaja-mieso-z-przyczyn-zdrowotnych\\\/\"]}]},{\"@type\":\"ImageObject\",\"inLanguage\":\"pl-PL\",\"@id\":\"https:\\\/\\\/super-news.info\\\/pl\\\/polacy-ograniczaja-mieso-z-przyczyn-zdrowotnych\\\/#primaryimage\",\"url\":\"https:\\\/\\\/super-news.info\\\/pl\\\/wp-content\\\/uploads\\\/sites\\\/6\\\/2020\\\/12\\\/Polacy-ograniczaj-mi-so-z-przyczyn-zdrowotnych.jpg\",\"contentUrl\":\"https:\\\/\\\/super-news.info\\\/pl\\\/wp-content\\\/uploads\\\/sites\\\/6\\\/2020\\\/12\\\/Polacy-ograniczaj-mi-so-z-przyczyn-zdrowotnych.jpg\",\"width\":655,\"height\":367,\"caption\":\"Article\"},{\"@type\":\"BreadcrumbList\",\"@id\":\"https:\\\/\\\/super-news.info\\\/pl\\\/polacy-ograniczaja-mieso-z-przyczyn-zdrowotnych\\\/#breadcrumb\",\"itemListElement\":[{\"@type\":\"ListItem\",\"position\":1,\"name\":\"\u0413\u043b\u0430\u0432\u043d\u0430\u044f \u0441\u0442\u0440\u0430\u043d\u0438\u0446\u0430\",\"item\":\"https:\\\/\\\/super-news.info\\\/pl\\\/\"},{\"@type\":\"ListItem\",\"position\":2,\"name\":\"Polacy ograniczaj\u0105 mi\u0119so z przyczyn zdrowotnych\"}]},{\"@type\":\"WebSite\",\"@id\":\"https:\\\/\\\/super-news.info\\\/pl\\\/#website\",\"url\":\"https:\\\/\\\/super-news.info\\\/pl\\\/\",\"name\":\"Super News\",\"description\":\"Super News Polska\",\"potentialAction\":[{\"@type\":\"SearchAction\",\"target\":{\"@type\":\"EntryPoint\",\"urlTemplate\":\"https:\\\/\\\/super-news.info\\\/pl\\\/?s={search_term_string}\"},\"query-input\":{\"@type\":\"PropertyValueSpecification\",\"valueRequired\":true,\"valueName\":\"search_term_string\"}}],\"inLanguage\":\"pl-PL\"},{\"@type\":\"Person\",\"@id\":\"https:\\\/\\\/super-news.info\\\/pl\\\/#\\\/schema\\\/person\\\/2d4068cb2f39cd10008c2fce578a7356\",\"name\":\"super-news\",\"image\":{\"@type\":\"ImageObject\",\"inLanguage\":\"pl-PL\",\"@id\":\"https:\\\/\\\/secure.gravatar.com\\\/avatar\\\/64ebac40b93f26a154f8a9b5b6fdccfc46f442b26b3dd6756dbff3bf9dc76fd7?s=96&d=mm&r=g\",\"url\":\"https:\\\/\\\/secure.gravatar.com\\\/avatar\\\/64ebac40b93f26a154f8a9b5b6fdccfc46f442b26b3dd6756dbff3bf9dc76fd7?s=96&d=mm&r=g\",\"contentUrl\":\"https:\\\/\\\/secure.gravatar.com\\\/avatar\\\/64ebac40b93f26a154f8a9b5b6fdccfc46f442b26b3dd6756dbff3bf9dc76fd7?s=96&d=mm&r=g\",\"caption\":\"super-news\"},\"url\":\"https:\\\/\\\/super-news.info\\\/pl\\\/author\\\/pt\\\/\"}]}<\/script>\n<!-- \/ Yoast SEO plugin. -->","yoast_head_json":{"title":"Polacy ograniczaj\u0105 mi\u0119so z przyczyn zdrowotnych - Super News","robots":{"index":"index","follow":"follow","max-snippet":"max-snippet:-1","max-image-preview":"max-image-preview:large","max-video-preview":"max-video-preview:-1"},"canonical":"https:\/\/super-news.info\/pl\/polacy-ograniczaja-mieso-z-przyczyn-zdrowotnych\/","og_locale":"pl_PL","og_type":"article","og_title":"Polacy ograniczaj\u0105 mi\u0119so z przyczyn zdrowotnych - Super News","og_description":"&#13; Jak wynika z badania Inquiry, zdrowa dieta jest wa\u017cna dla 89 proc. Polak\u00f3w z grupy 55 i wi\u0119cej lat, a w\u015br\u00f3d najm\u0142odszych ankietowanych (18-24 lata) &#8211; tylko dla 72 proc.. Trend zwi\u0105zany ze zdrowym od\u017cywianiem jest tak\u017ce bardziej popularny w\u015br\u00f3d kobiet i os\u00f3b z wy\u017cszym wykszta\u0142ceniem.&#13; &#13; Dla ponad po\u0142owy tych os\u00f3b najwa\u017cniejsz\u0105 motywacj\u0105 [&hellip;]","og_url":"https:\/\/super-news.info\/pl\/polacy-ograniczaja-mieso-z-przyczyn-zdrowotnych\/","og_site_name":"Super News","article_published_time":"2020-12-04T12:50:58+00:00","article_modified_time":"2020-12-04T12:50:59+00:00","og_image":[{"width":655,"height":367,"url":"https:\/\/super-news.info\/pl\/wp-content\/uploads\/sites\/6\/2020\/12\/Polacy-ograniczaj-mi-so-z-przyczyn-zdrowotnych.jpg","type":"image\/jpeg"}],"author":"super-news","twitter_card":"summary_large_image","twitter_misc":{"Napisane przez":"super-news","Szacowany czas czytania":"3 minuty"},"schema":{"@context":"https:\/\/schema.org","@graph":[{"@type":"Article","@id":"https:\/\/super-news.info\/pl\/polacy-ograniczaja-mieso-z-przyczyn-zdrowotnych\/#article","isPartOf":{"@id":"https:\/\/super-news.info\/pl\/polacy-ograniczaja-mieso-z-przyczyn-zdrowotnych\/"},"author":{"name":"super-news","@id":"https:\/\/super-news.info\/pl\/#\/schema\/person\/2d4068cb2f39cd10008c2fce578a7356"},"headline":"Polacy ograniczaj\u0105 mi\u0119so z przyczyn zdrowotnych","datePublished":"2020-12-04T12:50:58+00:00","dateModified":"2020-12-04T12:50:59+00:00","mainEntityOfPage":{"@id":"https:\/\/super-news.info\/pl\/polacy-ograniczaja-mieso-z-przyczyn-zdrowotnych\/"},"wordCount":527,"commentCount":0,"image":{"@id":"https:\/\/super-news.info\/pl\/polacy-ograniczaja-mieso-z-przyczyn-zdrowotnych\/#primaryimage"},"thumbnailUrl":"https:\/\/super-news.info\/pl\/wp-content\/uploads\/sites\/6\/2020\/12\/Polacy-ograniczaj-mi-so-z-przyczyn-zdrowotnych.jpg","articleSection":["WIADOMO\u015aCI MARKETINGOWE"],"inLanguage":"pl-PL","potentialAction":[{"@type":"CommentAction","name":"Comment","target":["https:\/\/super-news.info\/pl\/polacy-ograniczaja-mieso-z-przyczyn-zdrowotnych\/#respond"]}]},{"@type":"WebPage","@id":"https:\/\/super-news.info\/pl\/polacy-ograniczaja-mieso-z-przyczyn-zdrowotnych\/","url":"https:\/\/super-news.info\/pl\/polacy-ograniczaja-mieso-z-przyczyn-zdrowotnych\/","name":"Polacy ograniczaj\u0105 mi\u0119so z przyczyn zdrowotnych - Super News","isPartOf":{"@id":"https:\/\/super-news.info\/pl\/#website"},"primaryImageOfPage":{"@id":"https:\/\/super-news.info\/pl\/polacy-ograniczaja-mieso-z-przyczyn-zdrowotnych\/#primaryimage"},"image":{"@id":"https:\/\/super-news.info\/pl\/polacy-ograniczaja-mieso-z-przyczyn-zdrowotnych\/#primaryimage"},"thumbnailUrl":"https:\/\/super-news.info\/pl\/wp-content\/uploads\/sites\/6\/2020\/12\/Polacy-ograniczaj-mi-so-z-przyczyn-zdrowotnych.jpg","datePublished":"2020-12-04T12:50:58+00:00","dateModified":"2020-12-04T12:50:59+00:00","author":{"@id":"https:\/\/super-news.info\/pl\/#\/schema\/person\/2d4068cb2f39cd10008c2fce578a7356"},"breadcrumb":{"@id":"https:\/\/super-news.info\/pl\/polacy-ograniczaja-mieso-z-przyczyn-zdrowotnych\/#breadcrumb"},"inLanguage":"pl-PL","potentialAction":[{"@type":"ReadAction","target":["https:\/\/super-news.info\/pl\/polacy-ograniczaja-mieso-z-przyczyn-zdrowotnych\/"]}]},{"@type":"ImageObject","inLanguage":"pl-PL","@id":"https:\/\/super-news.info\/pl\/polacy-ograniczaja-mieso-z-przyczyn-zdrowotnych\/#primaryimage","url":"https:\/\/super-news.info\/pl\/wp-content\/uploads\/sites\/6\/2020\/12\/Polacy-ograniczaj-mi-so-z-przyczyn-zdrowotnych.jpg","contentUrl":"https:\/\/super-news.info\/pl\/wp-content\/uploads\/sites\/6\/2020\/12\/Polacy-ograniczaj-mi-so-z-przyczyn-zdrowotnych.jpg","width":655,"height":367,"caption":"Article"},{"@type":"BreadcrumbList","@id":"https:\/\/super-news.info\/pl\/polacy-ograniczaja-mieso-z-przyczyn-zdrowotnych\/#breadcrumb","itemListElement":[{"@type":"ListItem","position":1,"name":"\u0413\u043b\u0430\u0432\u043d\u0430\u044f \u0441\u0442\u0440\u0430\u043d\u0438\u0446\u0430","item":"https:\/\/super-news.info\/pl\/"},{"@type":"ListItem","position":2,"name":"Polacy ograniczaj\u0105 mi\u0119so z przyczyn zdrowotnych"}]},{"@type":"WebSite","@id":"https:\/\/super-news.info\/pl\/#website","url":"https:\/\/super-news.info\/pl\/","name":"Super News","description":"Super News Polska","potentialAction":[{"@type":"SearchAction","target":{"@type":"EntryPoint","urlTemplate":"https:\/\/super-news.info\/pl\/?s={search_term_string}"},"query-input":{"@type":"PropertyValueSpecification","valueRequired":true,"valueName":"search_term_string"}}],"inLanguage":"pl-PL"},{"@type":"Person","@id":"https:\/\/super-news.info\/pl\/#\/schema\/person\/2d4068cb2f39cd10008c2fce578a7356","name":"super-news","image":{"@type":"ImageObject","inLanguage":"pl-PL","@id":"https:\/\/secure.gravatar.com\/avatar\/64ebac40b93f26a154f8a9b5b6fdccfc46f442b26b3dd6756dbff3bf9dc76fd7?s=96&d=mm&r=g","url":"https:\/\/secure.gravatar.com\/avatar\/64ebac40b93f26a154f8a9b5b6fdccfc46f442b26b3dd6756dbff3bf9dc76fd7?s=96&d=mm&r=g","contentUrl":"https:\/\/secure.gravatar.com\/avatar\/64ebac40b93f26a154f8a9b5b6fdccfc46f442b26b3dd6756dbff3bf9dc76fd7?s=96&d=mm&r=g","caption":"super-news"},"url":"https:\/\/super-news.info\/pl\/author\/pt\/"}]}},"_links":{"self":[{"href":"https:\/\/super-news.info\/pl\/wp-json\/wp\/v2\/posts\/2822","targetHints":{"allow":["GET"]}}],"collection":[{"href":"https:\/\/super-news.info\/pl\/wp-json\/wp\/v2\/posts"}],"about":[{"href":"https:\/\/super-news.info\/pl\/wp-json\/wp\/v2\/types\/post"}],"author":[{"embeddable":true,"href":"https:\/\/super-news.info\/pl\/wp-json\/wp\/v2\/users\/2"}],"replies":[{"embeddable":true,"href":"https:\/\/super-news.info\/pl\/wp-json\/wp\/v2\/comments?post=2822"}],"version-history":[{"count":1,"href":"https:\/\/super-news.info\/pl\/wp-json\/wp\/v2\/posts\/2822\/revisions"}],"predecessor-version":[{"id":2824,"href":"https:\/\/super-news.info\/pl\/wp-json\/wp\/v2\/posts\/2822\/revisions\/2824"}],"wp:featuredmedia":[{"embeddable":true,"href":"https:\/\/super-news.info\/pl\/wp-json\/wp\/v2\/media\/2823"}],"wp:attachment":[{"href":"https:\/\/super-news.info\/pl\/wp-json\/wp\/v2\/media?parent=2822"}],"wp:term":[{"taxonomy":"category","embeddable":true,"href":"https:\/\/super-news.info\/pl\/wp-json\/wp\/v2\/categories?post=2822"},{"taxonomy":"post_tag","embeddable":true,"href":"https:\/\/super-news.info\/pl\/wp-json\/wp\/v2\/tags?post=2822"}],"curies":[{"name":"wp","href":"https:\/\/api.w.org\/{rel}","templated":true}]}}