{"id":2745,"date":"2020-11-12T06:34:14","date_gmt":"2020-11-12T03:34:14","guid":{"rendered":"https:\/\/super-news.info\/pl\/polacy-uwazaja-ze-w-pandemii-centra-handlowe-to-bezpieczne-miejsce-wysokie-poparcie-dla-zniesienia-zakazu-handlu-w-niedziele\/"},"modified":"2020-11-12T06:34:18","modified_gmt":"2020-11-12T03:34:18","slug":"polacy-uwazaja-ze-w-pandemii-centra-handlowe-to-bezpieczne-miejsce-wysokie-poparcie-dla-zniesienia-zakazu-handlu-w-niedziele","status":"publish","type":"post","link":"https:\/\/super-news.info\/pl\/polacy-uwazaja-ze-w-pandemii-centra-handlowe-to-bezpieczne-miejsce-wysokie-poparcie-dla-zniesienia-zakazu-handlu-w-niedziele\/","title":{"rendered":"Polacy uwa\u017caj\u0105, \u017ce w pandemii centra handlowe to bezpieczne miejsce. Wysokie poparcie dla zniesienia zakazu handlu w niedziele"},"content":{"rendered":"<p>&#13;<br \/>\n                                                                                        W zwi\u0105zku z pandemicznymi obostrzeniami w handlu agencja Inquiry zapyta\u0142a Polak\u00f3w, co s\u0105dz\u0105 o prawodawstwie zakazuj\u0105cym handlu w niedziele i o propozycjach jego zniesienia na czas pandemii Covid-19.&#13;<br \/>\n&#13;<\/p>\n<p>&#13;<br \/>\n&#13;<br \/>\nPolacy \u017ali na niedzielny zakaz handlu&#13;<br \/>\n&#13;<br \/>\nPonad po\u0142owa badanych (57 proc.) odbiera zakaz handlu negatywnie, a pozytywnie ocenia go 27 proc. respondent\u00f3w.\u00a0 W stosunku do wiosennego pomiaru, poparcie dla ograniczenia handlu w niedziele zmala\u0142o o 7 p.p.&#13;<br \/>\n&#13;<br \/>\nPolacy nie lubi\u0105 gdy si\u0119 im czego\u015b zakazuje &#8211; na ten czynnik wskaza\u0142a po\u0142owa os\u00f3b maj\u0105cych negatywne nastawienie do zakazu handlu. Na kolejnych miejscach znalaz\u0142y si\u0119 brak czasu na zakupy w inne dni (39 proc.) oraz brak mo\u017cliwo\u015bci spokojnego dokonania zakup\u00f3w odzie\u017cy, artyku\u0142\u00f3w gospodarstw domowego itp. wymieniony przez co trzeci\u0105 osob\u0119. Wyniki badania pokazuj\u0105 r\u00f3wnie\u017c, \u017ce cz\u0119\u015b\u0107 z nas zmieni\u0142a swoje nawyki zwi\u0105zane z zakupami spo\u017cywczymi. Na ograniczenia dotycz\u0105ce braku mo\u017cliwo\u015bci dokonania zakupu \u015bwie\u017cych produkt\u00f3w spo\u017cywczych wskaza\u0142o w ostatniej fali badania 27 proc. badanych, a na brak mo\u017cliwo\u015bci dokonania zakup\u00f3w spo\u017cywczych po powrocie z podr\u00f3\u017cy w niedziel\u0119 20 proc.&#13;<br \/>\n&#13;<br \/>\nW\u015br\u00f3d badanych pozytywnie oceniaj\u0105cych zakaz handlu w niedziel\u0119 z 21 proc. do 13 proc. zmala\u0142 odsetek respondent\u00f3w deklaruj\u0105cych, \u017ce og\u00f3lnie popieraj\u0105 dzia\u0142ania obecnego rz\u0105du.&#13;<br \/>\n&#13;<\/p>\n<p>\t\t\t\u00a0<\/p>\n<p>&#13;<br \/>\n&#13;<br \/>\nOsoby popieraj\u0105ce zakaz handlu w niedziele (13 proc.) przede wszystkim podkre\u015bla\u0142y pozytywny aspekt wolnego dnia dla sprzedawc\u00f3w (68 proc. wskaza\u0144 w tej grupie), a 57 proc. z nich uwa\u017ca, \u017ce niedziela nie powinna by\u0107 dniem na zakupy.&#13;<br \/>\n&#13;<br \/>\nZa zniesieniem zakazu handlu w niedziel\u0119 opowiada si\u0119 59 proc. Polak\u00f3w. Powrotu do sytuacji sprzed zakazu chce 23 proc. badanych, 19 proc. uwa\u017ca, \u017ce sprzedawcy powinni dostawa\u0107 za prac\u0119 w niedziel\u0119 wy\u017csze wynagrodzenie, a zdaniem 17 proc. ankietowanych sprzedawcy powinni mie\u0107 zagwarantowane wolne np. 2 wybrane niedziele w miesi\u0105cu.&#13;<br \/>\n&#13;<br \/>\nBadanych zapytano r\u00f3wnie\u017c o to jaki wp\u0142yw na funkcjonowanie centr\u00f3w handlowych mia\u0142oby przywr\u00f3cenie handlowych niedziel i tym samym roz\u0142o\u017cenie w nich wizyt na wi\u0119cej dni. W opinii 68 proc. Polak\u00f3w pozwoli\u0142oby to sklepom odrobi\u0107 straty z okresu zamkni\u0119cia, dla 67 proc. u\u0142atwi\u0142oby robienie zakup\u00f3w a 50 proc. uwa\u017ca, \u017ce zwi\u0119kszy\u0142oby bezpiecze\u0144stwo zwi\u0105zane z przebywaniem w galeriach handlowych.&#13;<br \/>\n&#13;<br \/>\nAgencja Inquiry zapyta\u0142a r\u00f3wnie\u017c o ocen\u0119 pomys\u0142u wprowadzenia dw\u00f3ch dodatkowych niedziel handlowych w grudniu tego roku tj. 6 grudnia oraz 27 grudnia. Taj\u0105 opcj\u0119 pozytywnie oceni\u0142o 59 proc. badanych, a negatywny stosunek do tej idei mia\u0142o jedynie 14 proc. pr\u00f3by.&#13;<br \/>\n&#13;<br \/>\n&#13;<br \/>\n&#13;<br \/>\nCentra handlowe bezpieczne w czasie pandemii&#13;<br \/>\n&#13;<br \/>\nW kontek\u015bcie obecnej sytuacji epidemiologicznej zdaniem Polak\u00f3w centra handlowe to bezpieczne miejsca. W ci\u0105gu ostatniego miesi\u0105ca galeri\u0119 handlow\u0105 odwiedzi\u0142o 62 proc. badanych. Wi\u0119kszo\u015b\u0107 z nich (77 proc.) czu\u0142o si\u0119 bezpiecznie podczas wizyty.&#13;<br \/>\n&#13;<br \/>\n&#8211; Warto zwr\u00f3ci\u0107 uwag\u0119 na fakt, \u017ce klienci czuj\u0105 si\u0119 bezpiecznie w centrach handlowych niezmiennie od wiosny. W cyklu naszych bada\u0144 realizowanych w maju i czerwcu tego roku poziom poczucia bezpiecze\u0144stwa klient\u00f3w notowany by\u0142 na identycznym poziomie jak obecnie. Pokazuje to wyra\u017anie, \u017ce centra handlowe niezmiennie ciesz\u0105 si\u0119 zaufaniem klient\u00f3w na przestrzeni ostatnich miesi\u0119cy, dzi\u0119ki stosowaniu wysokich standard\u00f3w bezpiecze\u0144stwa sanitarnego i mo\u017cliwo\u015bci zachowania dystansu spo\u0142ecznego &#8211; komentuje Agnieszka G\u00f3rnicka, prezes Inquiry.&#13;<br \/>\n&#13;<br \/>\nRados\u0142aw Knap, dyrektor generalny Polskiej Rady Centr\u00f3w Handlowych dodaje: &#8211; Sektor centr\u00f3w handlowych by\u0142 i jest przygotowany do bezpiecznej obs\u0142ugi klient\u00f3w tak\u017ce przy pogarszaj\u0105cej si\u0119 sytuacji epidemiologicznej. Uwa\u017camy, \u017ce cz\u0119\u015bciowe zamkni\u0119cie galerii jest nieuzasadnione. Po pierwsze stosowane s\u0105 najwy\u017csze standardy sanitarne, w tym m.in. nieograniczony dost\u0119p do \u015brodk\u00f3w dezynfekuj\u0105cych, regularna i cz\u0119sta dezynfekcja miejsc dotykanych przez ludzi, po drugie zaawansowane technologie \u2013 systemy kamer zliczaj\u0105ce klient\u00f3w w czasie rzeczywistym, pozwalaj\u0105ce na kontrolowanie liczby os\u00f3b przebywaj\u0105cych w obiekcie oraz po trzecie \u2013 prowadzone s\u0105 intensywne dzia\u0142ania informacyjne kierowane do klient\u00f3w dotycz\u0105ce przestrzegania obowi\u0105zuj\u0105cych zasad. Co wi\u0119cej, dane kt\u00f3re zebrali\u015bmy od cz\u0142onk\u00f3w PRCH pokaza\u0142y, \u017ce skala zaka\u017ce\u0144 w\u015br\u00f3d pracownik\u00f3w sklep\u00f3w dzia\u0142aj\u0105cych w centrach handlowych nie przekracza\u0142a 1 promila w trzecim tygodniu pa\u017adziernika. Nie odnotowali\u015bmy tak\u017ce przypadk\u00f3w z transmisj\u0105 na wsp\u00f3\u0142pracownik\u00f3w i klient\u00f3w &#8211; m\u00f3wi ekspert. &#13;<br \/>\n&#13;<br \/>\nAnkieta CAWI zrealizowana przez agencj\u0119 badawcz\u0105 Inquiry na panelu YouGov w pa\u017adzierniku 2020, na reprezentatywnej pr\u00f3bie N=1006. Wyniki por\u00f3wnujemy z badaniem zrealizowanym w styczniu 2020 r. na pr\u00f3bie N=503.&#13;<br \/>\n                            &#13;<br \/>\n&#13;<br \/>\n                            &#13;<br \/>\n                            &#13;<br \/>\n                                                            &#13;<br \/>\n&#13;<br \/>\n                            &#13;<\/p>\n<p>\n<!--noindex--><br \/>\n<a href=\"https:\/\/www.wirtualnemedia.pl\/artykul\/polacy-uwazaja-ze-w-pandemii-centra-handlowe-to-bezpieczne-miejsce-wysokie-poparcie-dla-zniesienia-zakazu-handlu-w-niedziele\" rel=\"nofollow\">Source link <\/a><br \/>\n<!--\/noindex--><\/p>\n","protected":false},"excerpt":{"rendered":"<p>&#13; W zwi\u0105zku z pandemicznymi obostrzeniami w handlu agencja Inquiry zapyta\u0142a Polak\u00f3w, co s\u0105dz\u0105 o prawodawstwie zakazuj\u0105cym handlu w niedziele i o propozycjach jego zniesienia na czas pandemii Covid-19.&#13; &#13; &#13; &#13; Polacy \u017ali na niedzielny zakaz handlu&#13; &#13; Ponad po\u0142owa badanych (57 proc.) odbiera zakaz handlu negatywnie, a pozytywnie ocenia go 27 proc. respondent\u00f3w.\u00a0 [&hellip;]<\/p>\n","protected":false},"author":2,"featured_media":2746,"comment_status":"open","ping_status":"open","sticky":false,"template":"","format":"standard","meta":{"footnotes":""},"categories":[3],"tags":[],"class_list":["post-2745","post","type-post","status-publish","format-standard","has-post-thumbnail","hentry","category-wiadomosci-marketingowe"],"yoast_head":"<!-- This site is optimized with the Yoast SEO plugin v27.4 - https:\/\/yoast.com\/product\/yoast-seo-wordpress\/ -->\n<title>Polacy uwa\u017caj\u0105, \u017ce w pandemii centra handlowe to bezpieczne miejsce. Wysokie poparcie dla zniesienia zakazu handlu w niedziele - Super News<\/title>\n<meta name=\"robots\" content=\"index, follow, max-snippet:-1, max-image-preview:large, max-video-preview:-1\" \/>\n<link rel=\"canonical\" href=\"https:\/\/super-news.info\/pl\/polacy-uwazaja-ze-w-pandemii-centra-handlowe-to-bezpieczne-miejsce-wysokie-poparcie-dla-zniesienia-zakazu-handlu-w-niedziele\/\" \/>\n<meta property=\"og:locale\" content=\"pl_PL\" \/>\n<meta property=\"og:type\" content=\"article\" \/>\n<meta property=\"og:title\" content=\"Polacy uwa\u017caj\u0105, \u017ce w pandemii centra handlowe to bezpieczne miejsce. Wysokie poparcie dla zniesienia zakazu handlu w niedziele - Super News\" \/>\n<meta property=\"og:description\" content=\"&#013; W zwi\u0105zku z pandemicznymi obostrzeniami w handlu agencja Inquiry zapyta\u0142a Polak\u00f3w, co s\u0105dz\u0105 o prawodawstwie zakazuj\u0105cym handlu w niedziele i o propozycjach jego zniesienia na czas pandemii Covid-19.&#013; &#013; &#013; &#013; Polacy \u017ali na niedzielny zakaz handlu&#013; &#013; Ponad po\u0142owa badanych (57 proc.) odbiera zakaz handlu negatywnie, a pozytywnie ocenia go 27 proc. respondent\u00f3w.\u00a0 [&hellip;]\" \/>\n<meta property=\"og:url\" content=\"https:\/\/super-news.info\/pl\/polacy-uwazaja-ze-w-pandemii-centra-handlowe-to-bezpieczne-miejsce-wysokie-poparcie-dla-zniesienia-zakazu-handlu-w-niedziele\/\" \/>\n<meta property=\"og:site_name\" content=\"Super News\" \/>\n<meta property=\"article:published_time\" content=\"2020-11-12T03:34:14+00:00\" \/>\n<meta property=\"article:modified_time\" content=\"2020-11-12T03:34:18+00:00\" \/>\n<meta property=\"og:image\" content=\"https:\/\/super-news.info\/pl\/wp-content\/uploads\/sites\/6\/2020\/11\/Polacy-uwa-aj-e-w-pandemii-centra-handlowe-to-bezpieczne-miejsce.jpg\" \/>\n\t<meta property=\"og:image:width\" content=\"655\" \/>\n\t<meta property=\"og:image:height\" content=\"435\" \/>\n\t<meta property=\"og:image:type\" content=\"image\/jpeg\" \/>\n<meta name=\"author\" content=\"super-news\" \/>\n<meta name=\"twitter:card\" content=\"summary_large_image\" \/>\n<meta name=\"twitter:label1\" content=\"Napisane przez\" \/>\n\t<meta name=\"twitter:data1\" content=\"super-news\" \/>\n\t<meta name=\"twitter:label2\" content=\"Szacowany czas czytania\" \/>\n\t<meta name=\"twitter:data2\" content=\"4 minuty\" \/>\n<script type=\"application\/ld+json\" class=\"yoast-schema-graph\">{\"@context\":\"https:\\\/\\\/schema.org\",\"@graph\":[{\"@type\":\"Article\",\"@id\":\"https:\\\/\\\/super-news.info\\\/pl\\\/polacy-uwazaja-ze-w-pandemii-centra-handlowe-to-bezpieczne-miejsce-wysokie-poparcie-dla-zniesienia-zakazu-handlu-w-niedziele\\\/#article\",\"isPartOf\":{\"@id\":\"https:\\\/\\\/super-news.info\\\/pl\\\/polacy-uwazaja-ze-w-pandemii-centra-handlowe-to-bezpieczne-miejsce-wysokie-poparcie-dla-zniesienia-zakazu-handlu-w-niedziele\\\/\"},\"author\":{\"name\":\"super-news\",\"@id\":\"https:\\\/\\\/super-news.info\\\/pl\\\/#\\\/schema\\\/person\\\/2d4068cb2f39cd10008c2fce578a7356\"},\"headline\":\"Polacy uwa\u017caj\u0105, \u017ce w pandemii centra handlowe to bezpieczne miejsce. Wysokie poparcie dla zniesienia zakazu handlu w niedziele\",\"datePublished\":\"2020-11-12T03:34:14+00:00\",\"dateModified\":\"2020-11-12T03:34:18+00:00\",\"mainEntityOfPage\":{\"@id\":\"https:\\\/\\\/super-news.info\\\/pl\\\/polacy-uwazaja-ze-w-pandemii-centra-handlowe-to-bezpieczne-miejsce-wysokie-poparcie-dla-zniesienia-zakazu-handlu-w-niedziele\\\/\"},\"wordCount\":783,\"commentCount\":0,\"image\":{\"@id\":\"https:\\\/\\\/super-news.info\\\/pl\\\/polacy-uwazaja-ze-w-pandemii-centra-handlowe-to-bezpieczne-miejsce-wysokie-poparcie-dla-zniesienia-zakazu-handlu-w-niedziele\\\/#primaryimage\"},\"thumbnailUrl\":\"https:\\\/\\\/super-news.info\\\/pl\\\/wp-content\\\/uploads\\\/sites\\\/6\\\/2020\\\/11\\\/Polacy-uwa-aj-e-w-pandemii-centra-handlowe-to-bezpieczne-miejsce.jpg\",\"articleSection\":[\"WIADOMO\u015aCI MARKETINGOWE\"],\"inLanguage\":\"pl-PL\",\"potentialAction\":[{\"@type\":\"CommentAction\",\"name\":\"Comment\",\"target\":[\"https:\\\/\\\/super-news.info\\\/pl\\\/polacy-uwazaja-ze-w-pandemii-centra-handlowe-to-bezpieczne-miejsce-wysokie-poparcie-dla-zniesienia-zakazu-handlu-w-niedziele\\\/#respond\"]}]},{\"@type\":\"WebPage\",\"@id\":\"https:\\\/\\\/super-news.info\\\/pl\\\/polacy-uwazaja-ze-w-pandemii-centra-handlowe-to-bezpieczne-miejsce-wysokie-poparcie-dla-zniesienia-zakazu-handlu-w-niedziele\\\/\",\"url\":\"https:\\\/\\\/super-news.info\\\/pl\\\/polacy-uwazaja-ze-w-pandemii-centra-handlowe-to-bezpieczne-miejsce-wysokie-poparcie-dla-zniesienia-zakazu-handlu-w-niedziele\\\/\",\"name\":\"Polacy uwa\u017caj\u0105, \u017ce w pandemii centra handlowe to bezpieczne miejsce. Wysokie poparcie dla zniesienia zakazu handlu w niedziele - Super News\",\"isPartOf\":{\"@id\":\"https:\\\/\\\/super-news.info\\\/pl\\\/#website\"},\"primaryImageOfPage\":{\"@id\":\"https:\\\/\\\/super-news.info\\\/pl\\\/polacy-uwazaja-ze-w-pandemii-centra-handlowe-to-bezpieczne-miejsce-wysokie-poparcie-dla-zniesienia-zakazu-handlu-w-niedziele\\\/#primaryimage\"},\"image\":{\"@id\":\"https:\\\/\\\/super-news.info\\\/pl\\\/polacy-uwazaja-ze-w-pandemii-centra-handlowe-to-bezpieczne-miejsce-wysokie-poparcie-dla-zniesienia-zakazu-handlu-w-niedziele\\\/#primaryimage\"},\"thumbnailUrl\":\"https:\\\/\\\/super-news.info\\\/pl\\\/wp-content\\\/uploads\\\/sites\\\/6\\\/2020\\\/11\\\/Polacy-uwa-aj-e-w-pandemii-centra-handlowe-to-bezpieczne-miejsce.jpg\",\"datePublished\":\"2020-11-12T03:34:14+00:00\",\"dateModified\":\"2020-11-12T03:34:18+00:00\",\"author\":{\"@id\":\"https:\\\/\\\/super-news.info\\\/pl\\\/#\\\/schema\\\/person\\\/2d4068cb2f39cd10008c2fce578a7356\"},\"breadcrumb\":{\"@id\":\"https:\\\/\\\/super-news.info\\\/pl\\\/polacy-uwazaja-ze-w-pandemii-centra-handlowe-to-bezpieczne-miejsce-wysokie-poparcie-dla-zniesienia-zakazu-handlu-w-niedziele\\\/#breadcrumb\"},\"inLanguage\":\"pl-PL\",\"potentialAction\":[{\"@type\":\"ReadAction\",\"target\":[\"https:\\\/\\\/super-news.info\\\/pl\\\/polacy-uwazaja-ze-w-pandemii-centra-handlowe-to-bezpieczne-miejsce-wysokie-poparcie-dla-zniesienia-zakazu-handlu-w-niedziele\\\/\"]}]},{\"@type\":\"ImageObject\",\"inLanguage\":\"pl-PL\",\"@id\":\"https:\\\/\\\/super-news.info\\\/pl\\\/polacy-uwazaja-ze-w-pandemii-centra-handlowe-to-bezpieczne-miejsce-wysokie-poparcie-dla-zniesienia-zakazu-handlu-w-niedziele\\\/#primaryimage\",\"url\":\"https:\\\/\\\/super-news.info\\\/pl\\\/wp-content\\\/uploads\\\/sites\\\/6\\\/2020\\\/11\\\/Polacy-uwa-aj-e-w-pandemii-centra-handlowe-to-bezpieczne-miejsce.jpg\",\"contentUrl\":\"https:\\\/\\\/super-news.info\\\/pl\\\/wp-content\\\/uploads\\\/sites\\\/6\\\/2020\\\/11\\\/Polacy-uwa-aj-e-w-pandemii-centra-handlowe-to-bezpieczne-miejsce.jpg\",\"width\":655,\"height\":435,\"caption\":\"Article\"},{\"@type\":\"BreadcrumbList\",\"@id\":\"https:\\\/\\\/super-news.info\\\/pl\\\/polacy-uwazaja-ze-w-pandemii-centra-handlowe-to-bezpieczne-miejsce-wysokie-poparcie-dla-zniesienia-zakazu-handlu-w-niedziele\\\/#breadcrumb\",\"itemListElement\":[{\"@type\":\"ListItem\",\"position\":1,\"name\":\"\u0413\u043b\u0430\u0432\u043d\u0430\u044f \u0441\u0442\u0440\u0430\u043d\u0438\u0446\u0430\",\"item\":\"https:\\\/\\\/super-news.info\\\/pl\\\/\"},{\"@type\":\"ListItem\",\"position\":2,\"name\":\"Polacy uwa\u017caj\u0105, \u017ce w pandemii centra handlowe to bezpieczne miejsce. Wysokie poparcie dla zniesienia zakazu handlu w niedziele\"}]},{\"@type\":\"WebSite\",\"@id\":\"https:\\\/\\\/super-news.info\\\/pl\\\/#website\",\"url\":\"https:\\\/\\\/super-news.info\\\/pl\\\/\",\"name\":\"Super News\",\"description\":\"Super News Polska\",\"potentialAction\":[{\"@type\":\"SearchAction\",\"target\":{\"@type\":\"EntryPoint\",\"urlTemplate\":\"https:\\\/\\\/super-news.info\\\/pl\\\/?s={search_term_string}\"},\"query-input\":{\"@type\":\"PropertyValueSpecification\",\"valueRequired\":true,\"valueName\":\"search_term_string\"}}],\"inLanguage\":\"pl-PL\"},{\"@type\":\"Person\",\"@id\":\"https:\\\/\\\/super-news.info\\\/pl\\\/#\\\/schema\\\/person\\\/2d4068cb2f39cd10008c2fce578a7356\",\"name\":\"super-news\",\"image\":{\"@type\":\"ImageObject\",\"inLanguage\":\"pl-PL\",\"@id\":\"https:\\\/\\\/secure.gravatar.com\\\/avatar\\\/64ebac40b93f26a154f8a9b5b6fdccfc46f442b26b3dd6756dbff3bf9dc76fd7?s=96&d=mm&r=g\",\"url\":\"https:\\\/\\\/secure.gravatar.com\\\/avatar\\\/64ebac40b93f26a154f8a9b5b6fdccfc46f442b26b3dd6756dbff3bf9dc76fd7?s=96&d=mm&r=g\",\"contentUrl\":\"https:\\\/\\\/secure.gravatar.com\\\/avatar\\\/64ebac40b93f26a154f8a9b5b6fdccfc46f442b26b3dd6756dbff3bf9dc76fd7?s=96&d=mm&r=g\",\"caption\":\"super-news\"},\"url\":\"https:\\\/\\\/super-news.info\\\/pl\\\/author\\\/pt\\\/\"}]}<\/script>\n<!-- \/ Yoast SEO plugin. -->","yoast_head_json":{"title":"Polacy uwa\u017caj\u0105, \u017ce w pandemii centra handlowe to bezpieczne miejsce. Wysokie poparcie dla zniesienia zakazu handlu w niedziele - Super News","robots":{"index":"index","follow":"follow","max-snippet":"max-snippet:-1","max-image-preview":"max-image-preview:large","max-video-preview":"max-video-preview:-1"},"canonical":"https:\/\/super-news.info\/pl\/polacy-uwazaja-ze-w-pandemii-centra-handlowe-to-bezpieczne-miejsce-wysokie-poparcie-dla-zniesienia-zakazu-handlu-w-niedziele\/","og_locale":"pl_PL","og_type":"article","og_title":"Polacy uwa\u017caj\u0105, \u017ce w pandemii centra handlowe to bezpieczne miejsce. Wysokie poparcie dla zniesienia zakazu handlu w niedziele - Super News","og_description":"&#13; W zwi\u0105zku z pandemicznymi obostrzeniami w handlu agencja Inquiry zapyta\u0142a Polak\u00f3w, co s\u0105dz\u0105 o prawodawstwie zakazuj\u0105cym handlu w niedziele i o propozycjach jego zniesienia na czas pandemii Covid-19.&#13; &#13; &#13; &#13; Polacy \u017ali na niedzielny zakaz handlu&#13; &#13; Ponad po\u0142owa badanych (57 proc.) odbiera zakaz handlu negatywnie, a pozytywnie ocenia go 27 proc. respondent\u00f3w.\u00a0 [&hellip;]","og_url":"https:\/\/super-news.info\/pl\/polacy-uwazaja-ze-w-pandemii-centra-handlowe-to-bezpieczne-miejsce-wysokie-poparcie-dla-zniesienia-zakazu-handlu-w-niedziele\/","og_site_name":"Super News","article_published_time":"2020-11-12T03:34:14+00:00","article_modified_time":"2020-11-12T03:34:18+00:00","og_image":[{"width":655,"height":435,"url":"https:\/\/super-news.info\/pl\/wp-content\/uploads\/sites\/6\/2020\/11\/Polacy-uwa-aj-e-w-pandemii-centra-handlowe-to-bezpieczne-miejsce.jpg","type":"image\/jpeg"}],"author":"super-news","twitter_card":"summary_large_image","twitter_misc":{"Napisane przez":"super-news","Szacowany czas czytania":"4 minuty"},"schema":{"@context":"https:\/\/schema.org","@graph":[{"@type":"Article","@id":"https:\/\/super-news.info\/pl\/polacy-uwazaja-ze-w-pandemii-centra-handlowe-to-bezpieczne-miejsce-wysokie-poparcie-dla-zniesienia-zakazu-handlu-w-niedziele\/#article","isPartOf":{"@id":"https:\/\/super-news.info\/pl\/polacy-uwazaja-ze-w-pandemii-centra-handlowe-to-bezpieczne-miejsce-wysokie-poparcie-dla-zniesienia-zakazu-handlu-w-niedziele\/"},"author":{"name":"super-news","@id":"https:\/\/super-news.info\/pl\/#\/schema\/person\/2d4068cb2f39cd10008c2fce578a7356"},"headline":"Polacy uwa\u017caj\u0105, \u017ce w pandemii centra handlowe to bezpieczne miejsce. Wysokie poparcie dla zniesienia zakazu handlu w niedziele","datePublished":"2020-11-12T03:34:14+00:00","dateModified":"2020-11-12T03:34:18+00:00","mainEntityOfPage":{"@id":"https:\/\/super-news.info\/pl\/polacy-uwazaja-ze-w-pandemii-centra-handlowe-to-bezpieczne-miejsce-wysokie-poparcie-dla-zniesienia-zakazu-handlu-w-niedziele\/"},"wordCount":783,"commentCount":0,"image":{"@id":"https:\/\/super-news.info\/pl\/polacy-uwazaja-ze-w-pandemii-centra-handlowe-to-bezpieczne-miejsce-wysokie-poparcie-dla-zniesienia-zakazu-handlu-w-niedziele\/#primaryimage"},"thumbnailUrl":"https:\/\/super-news.info\/pl\/wp-content\/uploads\/sites\/6\/2020\/11\/Polacy-uwa-aj-e-w-pandemii-centra-handlowe-to-bezpieczne-miejsce.jpg","articleSection":["WIADOMO\u015aCI MARKETINGOWE"],"inLanguage":"pl-PL","potentialAction":[{"@type":"CommentAction","name":"Comment","target":["https:\/\/super-news.info\/pl\/polacy-uwazaja-ze-w-pandemii-centra-handlowe-to-bezpieczne-miejsce-wysokie-poparcie-dla-zniesienia-zakazu-handlu-w-niedziele\/#respond"]}]},{"@type":"WebPage","@id":"https:\/\/super-news.info\/pl\/polacy-uwazaja-ze-w-pandemii-centra-handlowe-to-bezpieczne-miejsce-wysokie-poparcie-dla-zniesienia-zakazu-handlu-w-niedziele\/","url":"https:\/\/super-news.info\/pl\/polacy-uwazaja-ze-w-pandemii-centra-handlowe-to-bezpieczne-miejsce-wysokie-poparcie-dla-zniesienia-zakazu-handlu-w-niedziele\/","name":"Polacy uwa\u017caj\u0105, \u017ce w pandemii centra handlowe to bezpieczne miejsce. Wysokie poparcie dla zniesienia zakazu handlu w niedziele - Super News","isPartOf":{"@id":"https:\/\/super-news.info\/pl\/#website"},"primaryImageOfPage":{"@id":"https:\/\/super-news.info\/pl\/polacy-uwazaja-ze-w-pandemii-centra-handlowe-to-bezpieczne-miejsce-wysokie-poparcie-dla-zniesienia-zakazu-handlu-w-niedziele\/#primaryimage"},"image":{"@id":"https:\/\/super-news.info\/pl\/polacy-uwazaja-ze-w-pandemii-centra-handlowe-to-bezpieczne-miejsce-wysokie-poparcie-dla-zniesienia-zakazu-handlu-w-niedziele\/#primaryimage"},"thumbnailUrl":"https:\/\/super-news.info\/pl\/wp-content\/uploads\/sites\/6\/2020\/11\/Polacy-uwa-aj-e-w-pandemii-centra-handlowe-to-bezpieczne-miejsce.jpg","datePublished":"2020-11-12T03:34:14+00:00","dateModified":"2020-11-12T03:34:18+00:00","author":{"@id":"https:\/\/super-news.info\/pl\/#\/schema\/person\/2d4068cb2f39cd10008c2fce578a7356"},"breadcrumb":{"@id":"https:\/\/super-news.info\/pl\/polacy-uwazaja-ze-w-pandemii-centra-handlowe-to-bezpieczne-miejsce-wysokie-poparcie-dla-zniesienia-zakazu-handlu-w-niedziele\/#breadcrumb"},"inLanguage":"pl-PL","potentialAction":[{"@type":"ReadAction","target":["https:\/\/super-news.info\/pl\/polacy-uwazaja-ze-w-pandemii-centra-handlowe-to-bezpieczne-miejsce-wysokie-poparcie-dla-zniesienia-zakazu-handlu-w-niedziele\/"]}]},{"@type":"ImageObject","inLanguage":"pl-PL","@id":"https:\/\/super-news.info\/pl\/polacy-uwazaja-ze-w-pandemii-centra-handlowe-to-bezpieczne-miejsce-wysokie-poparcie-dla-zniesienia-zakazu-handlu-w-niedziele\/#primaryimage","url":"https:\/\/super-news.info\/pl\/wp-content\/uploads\/sites\/6\/2020\/11\/Polacy-uwa-aj-e-w-pandemii-centra-handlowe-to-bezpieczne-miejsce.jpg","contentUrl":"https:\/\/super-news.info\/pl\/wp-content\/uploads\/sites\/6\/2020\/11\/Polacy-uwa-aj-e-w-pandemii-centra-handlowe-to-bezpieczne-miejsce.jpg","width":655,"height":435,"caption":"Article"},{"@type":"BreadcrumbList","@id":"https:\/\/super-news.info\/pl\/polacy-uwazaja-ze-w-pandemii-centra-handlowe-to-bezpieczne-miejsce-wysokie-poparcie-dla-zniesienia-zakazu-handlu-w-niedziele\/#breadcrumb","itemListElement":[{"@type":"ListItem","position":1,"name":"\u0413\u043b\u0430\u0432\u043d\u0430\u044f \u0441\u0442\u0440\u0430\u043d\u0438\u0446\u0430","item":"https:\/\/super-news.info\/pl\/"},{"@type":"ListItem","position":2,"name":"Polacy uwa\u017caj\u0105, \u017ce w pandemii centra handlowe to bezpieczne miejsce. Wysokie poparcie dla zniesienia zakazu handlu w niedziele"}]},{"@type":"WebSite","@id":"https:\/\/super-news.info\/pl\/#website","url":"https:\/\/super-news.info\/pl\/","name":"Super News","description":"Super News Polska","potentialAction":[{"@type":"SearchAction","target":{"@type":"EntryPoint","urlTemplate":"https:\/\/super-news.info\/pl\/?s={search_term_string}"},"query-input":{"@type":"PropertyValueSpecification","valueRequired":true,"valueName":"search_term_string"}}],"inLanguage":"pl-PL"},{"@type":"Person","@id":"https:\/\/super-news.info\/pl\/#\/schema\/person\/2d4068cb2f39cd10008c2fce578a7356","name":"super-news","image":{"@type":"ImageObject","inLanguage":"pl-PL","@id":"https:\/\/secure.gravatar.com\/avatar\/64ebac40b93f26a154f8a9b5b6fdccfc46f442b26b3dd6756dbff3bf9dc76fd7?s=96&d=mm&r=g","url":"https:\/\/secure.gravatar.com\/avatar\/64ebac40b93f26a154f8a9b5b6fdccfc46f442b26b3dd6756dbff3bf9dc76fd7?s=96&d=mm&r=g","contentUrl":"https:\/\/secure.gravatar.com\/avatar\/64ebac40b93f26a154f8a9b5b6fdccfc46f442b26b3dd6756dbff3bf9dc76fd7?s=96&d=mm&r=g","caption":"super-news"},"url":"https:\/\/super-news.info\/pl\/author\/pt\/"}]}},"_links":{"self":[{"href":"https:\/\/super-news.info\/pl\/wp-json\/wp\/v2\/posts\/2745","targetHints":{"allow":["GET"]}}],"collection":[{"href":"https:\/\/super-news.info\/pl\/wp-json\/wp\/v2\/posts"}],"about":[{"href":"https:\/\/super-news.info\/pl\/wp-json\/wp\/v2\/types\/post"}],"author":[{"embeddable":true,"href":"https:\/\/super-news.info\/pl\/wp-json\/wp\/v2\/users\/2"}],"replies":[{"embeddable":true,"href":"https:\/\/super-news.info\/pl\/wp-json\/wp\/v2\/comments?post=2745"}],"version-history":[{"count":1,"href":"https:\/\/super-news.info\/pl\/wp-json\/wp\/v2\/posts\/2745\/revisions"}],"predecessor-version":[{"id":2747,"href":"https:\/\/super-news.info\/pl\/wp-json\/wp\/v2\/posts\/2745\/revisions\/2747"}],"wp:featuredmedia":[{"embeddable":true,"href":"https:\/\/super-news.info\/pl\/wp-json\/wp\/v2\/media\/2746"}],"wp:attachment":[{"href":"https:\/\/super-news.info\/pl\/wp-json\/wp\/v2\/media?parent=2745"}],"wp:term":[{"taxonomy":"category","embeddable":true,"href":"https:\/\/super-news.info\/pl\/wp-json\/wp\/v2\/categories?post=2745"},{"taxonomy":"post_tag","embeddable":true,"href":"https:\/\/super-news.info\/pl\/wp-json\/wp\/v2\/tags?post=2745"}],"curies":[{"name":"wp","href":"https:\/\/api.w.org\/{rel}","templated":true}]}}