{"id":2731,"date":"2020-11-06T16:20:03","date_gmt":"2020-11-06T13:20:03","guid":{"rendered":"https:\/\/super-news.info\/pl\/wiekszosc-polakow-chce-zamknietych-kosciolow-na-czas-pandemii\/"},"modified":"2020-11-06T16:20:06","modified_gmt":"2020-11-06T13:20:06","slug":"wiekszosc-polakow-chce-zamknietych-kosciolow-na-czas-pandemii","status":"publish","type":"post","link":"https:\/\/super-news.info\/pl\/wiekszosc-polakow-chce-zamknietych-kosciolow-na-czas-pandemii\/","title":{"rendered":"Wi\u0119kszo\u015b\u0107 Polak\u00f3w chce zamkni\u0119tych ko\u015bcio\u0142\u00f3w na czas pandemii"},"content":{"rendered":"<p>Agencja badawcza SW Research po raz trzynasty zapyta\u0142a Polak\u00f3w o nastroje zwi\u0105zane z pandemi\u0105 koronawirusa.W por\u00f3wnaniu z poprzedni\u0105 fal\u0105 badania, w Polsce ro\u015bnie obawa o niewydolno\u015b\u0107 s\u0142u\u017cby zdrowia &#8211; ju\u017c dla 60 proc. badanych to pow\u00f3d do niepokoju (vs. 43. proc. w poprzednim badaniu). Coraz bardziej obawiamy si\u0119 tak\u017ce zara\u017cenia koronawirusem bliskich (54 proc., Pomiar XII \u2013 42 proc.) i wzrost cen us\u0142ug i produkt\u00f3w (44 proc., Pomiar XII \u2013 41 proc.).Ju\u017c trzy czwarte Polak\u00f3w uwa\u017ca, \u017ce ko\u015bcio\u0142y i inne obiekty kultu religijnego powinny by\u0107 obj\u0119te wi\u0119kszymi obostrzeniami, a prawie dwie trzecie respondent\u00f3w jest zdania, \u017ce osoby wracaj\u0105ce z zagranicy powinny przechodzi\u0107 obowi\u0105zkow\u0105 kwarantann\u0119 (w poprzedniej fali badania by\u0142o to 64 proc.).Najcz\u0119\u015bciej wskazywane przez Polak\u00f3w \u015brodki bezpiecze\u0144stwa przed koronawirusem to cz\u0119ste i dok\u0142adne mycie r\u0105k (84 proc., Pomiar XII \u2013 73 proc.), korzystanie z maseczek ochronnych, je\u015bli wychodz\u0105 z domu (82 proc., Pomiar XII \u2013 59 proc.) oraz korzystanie z p\u0142yn\u00f3w dezynfekuj\u0105cych i \u015brodk\u00f3w odka\u017caj\u0105cych (74 proc., Pomiar XII \u2013 62 proc.).Pandemia a \u017cycie zawodowe i finanse Polak\u00f3wW obecnej sytuacji odnotowywania wzrost\u00f3w zachorowa\u0144 trzy czwarte aktywnych zawodowo Polak\u00f3w, kt\u00f3rzy nie pracuj\u0105 zdalnie w pe\u0142nym wymiarze, chcia\u0142aby w ten spos\u00f3b wype\u0142nia\u0107 swoje obowi\u0105zki. W pe\u0142nym wymiarze chcia\u0142oby pracowa\u0107 30 proc., 17 proc. w niepe\u0142nym wymiarze, a 28 proc. chcia\u0142oby pracowa\u0107 zdalnie, ale charakter ich pracy na to nie pozwala.45 proc. Polak\u00f3w (w poprzednim pomiarze 40 proc.) prognozuje, \u017ce kolejne miesi\u0105ce epidemii b\u0119d\u0105 mie\u0107 negatywny wp\u0142yw na bud\u017cet ich gospodarstwa domowego. Prawie po\u0142owa respondent\u00f3w (48 proc., Pomiar XII \u2013 53 proc.) przewiduje, \u017ce ich bud\u017cet domowy nie ulegnie zmianie w stosunku do ich dochod\u00f3w i wydatk\u00f3w przed wybuchem epidemii.O\u015bmiu na dziesi\u0119ciu Polak\u00f3w przewiduje, \u017ce zaszczepienie si\u0119 na koronawirusa b\u0119dzie mo\u017cliwe w Polsce nie wcze\u015bniej ni\u017c za 3 miesi\u0105ce (81 proc., Pomiar XII \u2013 81 proc.).\u00a0 Obserwujemy wzrost odsetka os\u00f3b, kt\u00f3rzy przewiduj\u0105, \u017ce nie odnotujemy w Polsce \u017cadnych nowych przypadk\u00f3w zachorowa\u0144 na COVID-19 nie wcze\u015bniej ni\u017c za 3 miesi\u0105ce (89 proc., Pomiar XII \u2013 85 proc.).Badanie zosta\u0142o przeprowadzone w dniach 20-23.10.2020 przez SW Research Agencj\u0119 Bada\u0144 Rynku i Opinii metod\u0105 wywiad\u00f3w on-line (CAWI) na panelu internetowym SW Panel. W badaniu zebrano 1021 ankiet z reprezentatywn\u0105 pr\u00f3b\u0105 grupy Polak\u00f3w. Badanie ma charakter cykliczny, prezentowane wyniki pochodz\u0105 z Pomiaru XIII.<br \/>\n<br \/>\n<!--noindex--><br \/>\n<a href=\"https:\/\/www.wirtualnemedia.pl\/artykul\/wiekszosc-polakow-chce-zamknietych-kosciolow-na-czas-pandemii\" rel=\"nofollow\">Source link <\/a><br \/>\n<!--\/noindex--><\/p>\n","protected":false},"excerpt":{"rendered":"<p>Agencja badawcza SW Research po raz trzynasty zapyta\u0142a Polak\u00f3w o nastroje zwi\u0105zane z pandemi\u0105 koronawirusa.W por\u00f3wnaniu z poprzedni\u0105 fal\u0105 badania, w Polsce ro\u015bnie obawa o niewydolno\u015b\u0107 s\u0142u\u017cby zdrowia &#8211; ju\u017c dla 60 proc. badanych to pow\u00f3d do niepokoju (vs. 43. proc. w poprzednim badaniu). Coraz bardziej obawiamy si\u0119 tak\u017ce zara\u017cenia koronawirusem bliskich (54 proc., Pomiar [&hellip;]<\/p>\n","protected":false},"author":2,"featured_media":2659,"comment_status":"open","ping_status":"open","sticky":false,"template":"","format":"standard","meta":{"footnotes":""},"categories":[3],"tags":[],"class_list":["post-2731","post","type-post","status-publish","format-standard","has-post-thumbnail","hentry","category-wiadomosci-marketingowe"],"yoast_head":"<!-- This site is optimized with the Yoast SEO plugin v27.4 - https:\/\/yoast.com\/product\/yoast-seo-wordpress\/ -->\n<title>Wi\u0119kszo\u015b\u0107 Polak\u00f3w chce zamkni\u0119tych ko\u015bcio\u0142\u00f3w na czas pandemii - Super News<\/title>\n<meta name=\"robots\" content=\"index, follow, max-snippet:-1, max-image-preview:large, max-video-preview:-1\" \/>\n<link rel=\"canonical\" href=\"https:\/\/super-news.info\/pl\/wiekszosc-polakow-chce-zamknietych-kosciolow-na-czas-pandemii\/\" \/>\n<meta property=\"og:locale\" content=\"pl_PL\" \/>\n<meta property=\"og:type\" content=\"article\" \/>\n<meta property=\"og:title\" content=\"Wi\u0119kszo\u015b\u0107 Polak\u00f3w chce zamkni\u0119tych ko\u015bcio\u0142\u00f3w na czas pandemii - Super News\" \/>\n<meta property=\"og:description\" content=\"Agencja badawcza SW Research po raz trzynasty zapyta\u0142a Polak\u00f3w o nastroje zwi\u0105zane z pandemi\u0105 koronawirusa.W por\u00f3wnaniu z poprzedni\u0105 fal\u0105 badania, w Polsce ro\u015bnie obawa o niewydolno\u015b\u0107 s\u0142u\u017cby zdrowia &#8211; ju\u017c dla 60 proc. badanych to pow\u00f3d do niepokoju (vs. 43. proc. w poprzednim badaniu). Coraz bardziej obawiamy si\u0119 tak\u017ce zara\u017cenia koronawirusem bliskich (54 proc., Pomiar [&hellip;]\" \/>\n<meta property=\"og:url\" content=\"https:\/\/super-news.info\/pl\/wiekszosc-polakow-chce-zamknietych-kosciolow-na-czas-pandemii\/\" \/>\n<meta property=\"og:site_name\" content=\"Super News\" \/>\n<meta property=\"article:published_time\" content=\"2020-11-06T13:20:03+00:00\" \/>\n<meta property=\"article:modified_time\" content=\"2020-11-06T13:20:06+00:00\" \/>\n<meta property=\"og:image\" content=\"https:\/\/super-news.info\/pl\/wp-content\/uploads\/sites\/6\/2020\/10\/Nie-ma-adnej-epidemii-koronawirusa.jpg\" \/>\n\t<meta property=\"og:image:width\" content=\"655\" \/>\n\t<meta property=\"og:image:height\" content=\"440\" \/>\n\t<meta property=\"og:image:type\" content=\"image\/jpeg\" \/>\n<meta name=\"author\" content=\"super-news\" \/>\n<meta name=\"twitter:card\" content=\"summary_large_image\" \/>\n<meta name=\"twitter:label1\" content=\"Napisane przez\" \/>\n\t<meta name=\"twitter:data1\" content=\"super-news\" \/>\n\t<meta name=\"twitter:label2\" content=\"Szacowany czas czytania\" \/>\n\t<meta name=\"twitter:data2\" content=\"2 minuty\" \/>\n<script type=\"application\/ld+json\" class=\"yoast-schema-graph\">{\"@context\":\"https:\\\/\\\/schema.org\",\"@graph\":[{\"@type\":\"Article\",\"@id\":\"https:\\\/\\\/super-news.info\\\/pl\\\/wiekszosc-polakow-chce-zamknietych-kosciolow-na-czas-pandemii\\\/#article\",\"isPartOf\":{\"@id\":\"https:\\\/\\\/super-news.info\\\/pl\\\/wiekszosc-polakow-chce-zamknietych-kosciolow-na-czas-pandemii\\\/\"},\"author\":{\"name\":\"super-news\",\"@id\":\"https:\\\/\\\/super-news.info\\\/pl\\\/#\\\/schema\\\/person\\\/2d4068cb2f39cd10008c2fce578a7356\"},\"headline\":\"Wi\u0119kszo\u015b\u0107 Polak\u00f3w chce zamkni\u0119tych ko\u015bcio\u0142\u00f3w na czas pandemii\",\"datePublished\":\"2020-11-06T13:20:03+00:00\",\"dateModified\":\"2020-11-06T13:20:06+00:00\",\"mainEntityOfPage\":{\"@id\":\"https:\\\/\\\/super-news.info\\\/pl\\\/wiekszosc-polakow-chce-zamknietych-kosciolow-na-czas-pandemii\\\/\"},\"wordCount\":426,\"commentCount\":0,\"image\":{\"@id\":\"https:\\\/\\\/super-news.info\\\/pl\\\/wiekszosc-polakow-chce-zamknietych-kosciolow-na-czas-pandemii\\\/#primaryimage\"},\"thumbnailUrl\":\"https:\\\/\\\/super-news.info\\\/pl\\\/wp-content\\\/uploads\\\/sites\\\/6\\\/2020\\\/10\\\/Nie-ma-adnej-epidemii-koronawirusa.jpg\",\"articleSection\":[\"WIADOMO\u015aCI MARKETINGOWE\"],\"inLanguage\":\"pl-PL\",\"potentialAction\":[{\"@type\":\"CommentAction\",\"name\":\"Comment\",\"target\":[\"https:\\\/\\\/super-news.info\\\/pl\\\/wiekszosc-polakow-chce-zamknietych-kosciolow-na-czas-pandemii\\\/#respond\"]}]},{\"@type\":\"WebPage\",\"@id\":\"https:\\\/\\\/super-news.info\\\/pl\\\/wiekszosc-polakow-chce-zamknietych-kosciolow-na-czas-pandemii\\\/\",\"url\":\"https:\\\/\\\/super-news.info\\\/pl\\\/wiekszosc-polakow-chce-zamknietych-kosciolow-na-czas-pandemii\\\/\",\"name\":\"Wi\u0119kszo\u015b\u0107 Polak\u00f3w chce zamkni\u0119tych ko\u015bcio\u0142\u00f3w na czas pandemii - Super News\",\"isPartOf\":{\"@id\":\"https:\\\/\\\/super-news.info\\\/pl\\\/#website\"},\"primaryImageOfPage\":{\"@id\":\"https:\\\/\\\/super-news.info\\\/pl\\\/wiekszosc-polakow-chce-zamknietych-kosciolow-na-czas-pandemii\\\/#primaryimage\"},\"image\":{\"@id\":\"https:\\\/\\\/super-news.info\\\/pl\\\/wiekszosc-polakow-chce-zamknietych-kosciolow-na-czas-pandemii\\\/#primaryimage\"},\"thumbnailUrl\":\"https:\\\/\\\/super-news.info\\\/pl\\\/wp-content\\\/uploads\\\/sites\\\/6\\\/2020\\\/10\\\/Nie-ma-adnej-epidemii-koronawirusa.jpg\",\"datePublished\":\"2020-11-06T13:20:03+00:00\",\"dateModified\":\"2020-11-06T13:20:06+00:00\",\"author\":{\"@id\":\"https:\\\/\\\/super-news.info\\\/pl\\\/#\\\/schema\\\/person\\\/2d4068cb2f39cd10008c2fce578a7356\"},\"breadcrumb\":{\"@id\":\"https:\\\/\\\/super-news.info\\\/pl\\\/wiekszosc-polakow-chce-zamknietych-kosciolow-na-czas-pandemii\\\/#breadcrumb\"},\"inLanguage\":\"pl-PL\",\"potentialAction\":[{\"@type\":\"ReadAction\",\"target\":[\"https:\\\/\\\/super-news.info\\\/pl\\\/wiekszosc-polakow-chce-zamknietych-kosciolow-na-czas-pandemii\\\/\"]}]},{\"@type\":\"ImageObject\",\"inLanguage\":\"pl-PL\",\"@id\":\"https:\\\/\\\/super-news.info\\\/pl\\\/wiekszosc-polakow-chce-zamknietych-kosciolow-na-czas-pandemii\\\/#primaryimage\",\"url\":\"https:\\\/\\\/super-news.info\\\/pl\\\/wp-content\\\/uploads\\\/sites\\\/6\\\/2020\\\/10\\\/Nie-ma-adnej-epidemii-koronawirusa.jpg\",\"contentUrl\":\"https:\\\/\\\/super-news.info\\\/pl\\\/wp-content\\\/uploads\\\/sites\\\/6\\\/2020\\\/10\\\/Nie-ma-adnej-epidemii-koronawirusa.jpg\",\"width\":655,\"height\":440,\"caption\":\"Article\"},{\"@type\":\"BreadcrumbList\",\"@id\":\"https:\\\/\\\/super-news.info\\\/pl\\\/wiekszosc-polakow-chce-zamknietych-kosciolow-na-czas-pandemii\\\/#breadcrumb\",\"itemListElement\":[{\"@type\":\"ListItem\",\"position\":1,\"name\":\"\u0413\u043b\u0430\u0432\u043d\u0430\u044f \u0441\u0442\u0440\u0430\u043d\u0438\u0446\u0430\",\"item\":\"https:\\\/\\\/super-news.info\\\/pl\\\/\"},{\"@type\":\"ListItem\",\"position\":2,\"name\":\"Wi\u0119kszo\u015b\u0107 Polak\u00f3w chce zamkni\u0119tych ko\u015bcio\u0142\u00f3w na czas pandemii\"}]},{\"@type\":\"WebSite\",\"@id\":\"https:\\\/\\\/super-news.info\\\/pl\\\/#website\",\"url\":\"https:\\\/\\\/super-news.info\\\/pl\\\/\",\"name\":\"Super News\",\"description\":\"Super News Polska\",\"potentialAction\":[{\"@type\":\"SearchAction\",\"target\":{\"@type\":\"EntryPoint\",\"urlTemplate\":\"https:\\\/\\\/super-news.info\\\/pl\\\/?s={search_term_string}\"},\"query-input\":{\"@type\":\"PropertyValueSpecification\",\"valueRequired\":true,\"valueName\":\"search_term_string\"}}],\"inLanguage\":\"pl-PL\"},{\"@type\":\"Person\",\"@id\":\"https:\\\/\\\/super-news.info\\\/pl\\\/#\\\/schema\\\/person\\\/2d4068cb2f39cd10008c2fce578a7356\",\"name\":\"super-news\",\"image\":{\"@type\":\"ImageObject\",\"inLanguage\":\"pl-PL\",\"@id\":\"https:\\\/\\\/secure.gravatar.com\\\/avatar\\\/64ebac40b93f26a154f8a9b5b6fdccfc46f442b26b3dd6756dbff3bf9dc76fd7?s=96&d=mm&r=g\",\"url\":\"https:\\\/\\\/secure.gravatar.com\\\/avatar\\\/64ebac40b93f26a154f8a9b5b6fdccfc46f442b26b3dd6756dbff3bf9dc76fd7?s=96&d=mm&r=g\",\"contentUrl\":\"https:\\\/\\\/secure.gravatar.com\\\/avatar\\\/64ebac40b93f26a154f8a9b5b6fdccfc46f442b26b3dd6756dbff3bf9dc76fd7?s=96&d=mm&r=g\",\"caption\":\"super-news\"},\"url\":\"https:\\\/\\\/super-news.info\\\/pl\\\/author\\\/pt\\\/\"}]}<\/script>\n<!-- \/ Yoast SEO plugin. -->","yoast_head_json":{"title":"Wi\u0119kszo\u015b\u0107 Polak\u00f3w chce zamkni\u0119tych ko\u015bcio\u0142\u00f3w na czas pandemii - Super News","robots":{"index":"index","follow":"follow","max-snippet":"max-snippet:-1","max-image-preview":"max-image-preview:large","max-video-preview":"max-video-preview:-1"},"canonical":"https:\/\/super-news.info\/pl\/wiekszosc-polakow-chce-zamknietych-kosciolow-na-czas-pandemii\/","og_locale":"pl_PL","og_type":"article","og_title":"Wi\u0119kszo\u015b\u0107 Polak\u00f3w chce zamkni\u0119tych ko\u015bcio\u0142\u00f3w na czas pandemii - Super News","og_description":"Agencja badawcza SW Research po raz trzynasty zapyta\u0142a Polak\u00f3w o nastroje zwi\u0105zane z pandemi\u0105 koronawirusa.W por\u00f3wnaniu z poprzedni\u0105 fal\u0105 badania, w Polsce ro\u015bnie obawa o niewydolno\u015b\u0107 s\u0142u\u017cby zdrowia &#8211; ju\u017c dla 60 proc. badanych to pow\u00f3d do niepokoju (vs. 43. proc. w poprzednim badaniu). Coraz bardziej obawiamy si\u0119 tak\u017ce zara\u017cenia koronawirusem bliskich (54 proc., Pomiar [&hellip;]","og_url":"https:\/\/super-news.info\/pl\/wiekszosc-polakow-chce-zamknietych-kosciolow-na-czas-pandemii\/","og_site_name":"Super News","article_published_time":"2020-11-06T13:20:03+00:00","article_modified_time":"2020-11-06T13:20:06+00:00","og_image":[{"width":655,"height":440,"url":"https:\/\/super-news.info\/pl\/wp-content\/uploads\/sites\/6\/2020\/10\/Nie-ma-adnej-epidemii-koronawirusa.jpg","type":"image\/jpeg"}],"author":"super-news","twitter_card":"summary_large_image","twitter_misc":{"Napisane przez":"super-news","Szacowany czas czytania":"2 minuty"},"schema":{"@context":"https:\/\/schema.org","@graph":[{"@type":"Article","@id":"https:\/\/super-news.info\/pl\/wiekszosc-polakow-chce-zamknietych-kosciolow-na-czas-pandemii\/#article","isPartOf":{"@id":"https:\/\/super-news.info\/pl\/wiekszosc-polakow-chce-zamknietych-kosciolow-na-czas-pandemii\/"},"author":{"name":"super-news","@id":"https:\/\/super-news.info\/pl\/#\/schema\/person\/2d4068cb2f39cd10008c2fce578a7356"},"headline":"Wi\u0119kszo\u015b\u0107 Polak\u00f3w chce zamkni\u0119tych ko\u015bcio\u0142\u00f3w na czas pandemii","datePublished":"2020-11-06T13:20:03+00:00","dateModified":"2020-11-06T13:20:06+00:00","mainEntityOfPage":{"@id":"https:\/\/super-news.info\/pl\/wiekszosc-polakow-chce-zamknietych-kosciolow-na-czas-pandemii\/"},"wordCount":426,"commentCount":0,"image":{"@id":"https:\/\/super-news.info\/pl\/wiekszosc-polakow-chce-zamknietych-kosciolow-na-czas-pandemii\/#primaryimage"},"thumbnailUrl":"https:\/\/super-news.info\/pl\/wp-content\/uploads\/sites\/6\/2020\/10\/Nie-ma-adnej-epidemii-koronawirusa.jpg","articleSection":["WIADOMO\u015aCI MARKETINGOWE"],"inLanguage":"pl-PL","potentialAction":[{"@type":"CommentAction","name":"Comment","target":["https:\/\/super-news.info\/pl\/wiekszosc-polakow-chce-zamknietych-kosciolow-na-czas-pandemii\/#respond"]}]},{"@type":"WebPage","@id":"https:\/\/super-news.info\/pl\/wiekszosc-polakow-chce-zamknietych-kosciolow-na-czas-pandemii\/","url":"https:\/\/super-news.info\/pl\/wiekszosc-polakow-chce-zamknietych-kosciolow-na-czas-pandemii\/","name":"Wi\u0119kszo\u015b\u0107 Polak\u00f3w chce zamkni\u0119tych ko\u015bcio\u0142\u00f3w na czas pandemii - Super News","isPartOf":{"@id":"https:\/\/super-news.info\/pl\/#website"},"primaryImageOfPage":{"@id":"https:\/\/super-news.info\/pl\/wiekszosc-polakow-chce-zamknietych-kosciolow-na-czas-pandemii\/#primaryimage"},"image":{"@id":"https:\/\/super-news.info\/pl\/wiekszosc-polakow-chce-zamknietych-kosciolow-na-czas-pandemii\/#primaryimage"},"thumbnailUrl":"https:\/\/super-news.info\/pl\/wp-content\/uploads\/sites\/6\/2020\/10\/Nie-ma-adnej-epidemii-koronawirusa.jpg","datePublished":"2020-11-06T13:20:03+00:00","dateModified":"2020-11-06T13:20:06+00:00","author":{"@id":"https:\/\/super-news.info\/pl\/#\/schema\/person\/2d4068cb2f39cd10008c2fce578a7356"},"breadcrumb":{"@id":"https:\/\/super-news.info\/pl\/wiekszosc-polakow-chce-zamknietych-kosciolow-na-czas-pandemii\/#breadcrumb"},"inLanguage":"pl-PL","potentialAction":[{"@type":"ReadAction","target":["https:\/\/super-news.info\/pl\/wiekszosc-polakow-chce-zamknietych-kosciolow-na-czas-pandemii\/"]}]},{"@type":"ImageObject","inLanguage":"pl-PL","@id":"https:\/\/super-news.info\/pl\/wiekszosc-polakow-chce-zamknietych-kosciolow-na-czas-pandemii\/#primaryimage","url":"https:\/\/super-news.info\/pl\/wp-content\/uploads\/sites\/6\/2020\/10\/Nie-ma-adnej-epidemii-koronawirusa.jpg","contentUrl":"https:\/\/super-news.info\/pl\/wp-content\/uploads\/sites\/6\/2020\/10\/Nie-ma-adnej-epidemii-koronawirusa.jpg","width":655,"height":440,"caption":"Article"},{"@type":"BreadcrumbList","@id":"https:\/\/super-news.info\/pl\/wiekszosc-polakow-chce-zamknietych-kosciolow-na-czas-pandemii\/#breadcrumb","itemListElement":[{"@type":"ListItem","position":1,"name":"\u0413\u043b\u0430\u0432\u043d\u0430\u044f \u0441\u0442\u0440\u0430\u043d\u0438\u0446\u0430","item":"https:\/\/super-news.info\/pl\/"},{"@type":"ListItem","position":2,"name":"Wi\u0119kszo\u015b\u0107 Polak\u00f3w chce zamkni\u0119tych ko\u015bcio\u0142\u00f3w na czas pandemii"}]},{"@type":"WebSite","@id":"https:\/\/super-news.info\/pl\/#website","url":"https:\/\/super-news.info\/pl\/","name":"Super News","description":"Super News Polska","potentialAction":[{"@type":"SearchAction","target":{"@type":"EntryPoint","urlTemplate":"https:\/\/super-news.info\/pl\/?s={search_term_string}"},"query-input":{"@type":"PropertyValueSpecification","valueRequired":true,"valueName":"search_term_string"}}],"inLanguage":"pl-PL"},{"@type":"Person","@id":"https:\/\/super-news.info\/pl\/#\/schema\/person\/2d4068cb2f39cd10008c2fce578a7356","name":"super-news","image":{"@type":"ImageObject","inLanguage":"pl-PL","@id":"https:\/\/secure.gravatar.com\/avatar\/64ebac40b93f26a154f8a9b5b6fdccfc46f442b26b3dd6756dbff3bf9dc76fd7?s=96&d=mm&r=g","url":"https:\/\/secure.gravatar.com\/avatar\/64ebac40b93f26a154f8a9b5b6fdccfc46f442b26b3dd6756dbff3bf9dc76fd7?s=96&d=mm&r=g","contentUrl":"https:\/\/secure.gravatar.com\/avatar\/64ebac40b93f26a154f8a9b5b6fdccfc46f442b26b3dd6756dbff3bf9dc76fd7?s=96&d=mm&r=g","caption":"super-news"},"url":"https:\/\/super-news.info\/pl\/author\/pt\/"}]}},"_links":{"self":[{"href":"https:\/\/super-news.info\/pl\/wp-json\/wp\/v2\/posts\/2731","targetHints":{"allow":["GET"]}}],"collection":[{"href":"https:\/\/super-news.info\/pl\/wp-json\/wp\/v2\/posts"}],"about":[{"href":"https:\/\/super-news.info\/pl\/wp-json\/wp\/v2\/types\/post"}],"author":[{"embeddable":true,"href":"https:\/\/super-news.info\/pl\/wp-json\/wp\/v2\/users\/2"}],"replies":[{"embeddable":true,"href":"https:\/\/super-news.info\/pl\/wp-json\/wp\/v2\/comments?post=2731"}],"version-history":[{"count":1,"href":"https:\/\/super-news.info\/pl\/wp-json\/wp\/v2\/posts\/2731\/revisions"}],"predecessor-version":[{"id":2732,"href":"https:\/\/super-news.info\/pl\/wp-json\/wp\/v2\/posts\/2731\/revisions\/2732"}],"wp:featuredmedia":[{"embeddable":true,"href":"https:\/\/super-news.info\/pl\/wp-json\/wp\/v2\/media\/2659"}],"wp:attachment":[{"href":"https:\/\/super-news.info\/pl\/wp-json\/wp\/v2\/media?parent=2731"}],"wp:term":[{"taxonomy":"category","embeddable":true,"href":"https:\/\/super-news.info\/pl\/wp-json\/wp\/v2\/categories?post=2731"},{"taxonomy":"post_tag","embeddable":true,"href":"https:\/\/super-news.info\/pl\/wp-json\/wp\/v2\/tags?post=2731"}],"curies":[{"name":"wp","href":"https:\/\/api.w.org\/{rel}","templated":true}]}}