{"id":2719,"date":"2020-11-01T02:16:39","date_gmt":"2020-10-31T23:16:39","guid":{"rendered":"https:\/\/super-news.info\/pl\/wiekszosc-polakow-popiera-protesty\/"},"modified":"2020-11-01T02:16:44","modified_gmt":"2020-10-31T23:16:44","slug":"wiekszosc-polakow-popiera-protesty","status":"publish","type":"post","link":"https:\/\/super-news.info\/pl\/wiekszosc-polakow-popiera-protesty\/","title":{"rendered":"Wi\u0119kszo\u015b\u0107 Polak\u00f3w popiera protesty"},"content":{"rendered":"<p>&#13;<br \/>\n                                                                                        &#8222;Na pocz\u0105tku tygodnia nieco ponad po\u0142owa badanych &#8211; 54 proc. &#8211; przyzna\u0142a, \u017ce solidaryzuje si\u0119 z protestami. 43 proc. m\u00f3wi\u0142o, \u017ce tych manifestacji nie popiera&#8221; &#8211; napisano w &#8222;Gazecie Wyborczej.&#8221;&#13;<br \/>\n&#13;<br \/>\nZaznaczono, \u017ce w\u015br\u00f3d wyborc\u00f3w PiS a\u017c 89 proc. krytykuje protesty, &#8222;za&#8221; jest 8 proc. &#8222;To odwrotnie, ni\u017c w\u015br\u00f3d elektorat\u00f3w opozycyjnych &#8211; tu poparcie dla wychodzenia na ulice przekracza 80 proc.&#8221; &#8211; czytamy.&#13;<br \/>\n&#13;<br \/>\nWed\u0142ug gazety ciekawe jest, i\u017c protesty popiera spora cz\u0119\u015b\u0107 badanych deklaruj\u0105cych si\u0119 jako wierz\u0105cy &#8211; 45 proc. Cho\u0107 wi\u0119kszo\u015b\u0107 wierz\u0105cych &#8211; 53 proc. &#8211; jest przeciwko tym manifestacjom. W\u015br\u00f3d deklaruj\u0105cych si\u0119 jako niewierz\u0105cy odsetek poparcia dla protest\u00f3w wynosi 81 proc.&#13;<br \/>\n&#13;<br \/>\n&#8222;Cztery lata temu, gdy PiS po raz pierwszy rozwa\u017ca\u0142 zaostrzenie prawa aborcyjnego, +czarny protest+ okaza\u0142 si\u0119 sukcesem. PiS si\u0119 wtedy cofn\u0105\u0142. Nasz sonda\u017c pokazuje, \u017ce tym razem wi\u0119kszo\u015b\u0107 na to nie liczy. 30 proc. uwa\u017ca, \u017ce +w wyniku protest\u00f3w Zjednoczona Prawica b\u0119dzie si\u0119 oci\u0105ga\u0107 z wprowadzeniem nowych regulacji, ale i tak zostan\u0105 w ko\u0144cu wprowadzone+. Kolejne 26 proc. zakre\u015bli\u0142o odpowied\u017a, \u017ce +protesty uliczne nic nie zdzia\u0142aj\u0105 &#8211; Zjednoczona Prawica szybko wprowadzi w pe\u0142ni nowe regulacje+&#8221; &#8211; czytamy w &#8222;GW&#8221;.&#13;<br \/>\n&#13;<br \/>\n&#8222;Tylko co trzeci badany &#8211; 32 proc. &#8211; ocenia, \u017ce +protesty maj\u0105 szans\u0119 realnie co\u015b zmieni\u0107 i nie dopu\u015bci\u0107 do wprowadzenia nowych regulacji+&#8221; &#8211; dodano.&#13;<br \/>\n&#13;<br \/>\nZgodnie z informacj\u0105 &#8222;GW&#8221;, Kantar pyta\u0142 w poniedzia\u0142ek i wtorek o protesty przeciw wyrokowi Trybuna\u0142u Konstytucyjnego, kt\u00f3ry 22 pa\u017adziernika orzek\u0142, \u017ce przepis ustawy z 1993 r. dopuszczaj\u0105cy aborcj\u0119 w przypadku du\u017cego prawdopodobie\u0144stwa ci\u0119\u017ckiego i nieodwracalnego upo\u015bledzenia p\u0142odu albo nieuleczalnej choroby zagra\u017caj\u0105cej jego \u017cyciu jest niezgodny z konstytucj\u0105.&#13;<br \/>\n&#13;<br \/>\nSonda\u017c przeprowadzono przez telefon na og\u00f3lnopolskiej pr\u00f3bie 1000 badanych.&#13;<br \/>\n&#13;<br \/>\n\u00a0&#13;<br \/>\n                            &#13;<br \/>\n&#13;<br \/>\n                            &#13;<br \/>\n                            &#13;<br \/>\n                                                            &#13;<br \/>\n&#13;<br \/>\n                            &#13;<\/p>\n<p>\n<!--noindex--><br \/>\n<a href=\"https:\/\/www.wirtualnemedia.pl\/artykul\/wiekszosc-polakow-popiera-protesty\" rel=\"nofollow\">Source link <\/a><br \/>\n<!--\/noindex--><\/p>\n","protected":false},"excerpt":{"rendered":"<p>&#13; &#8222;Na pocz\u0105tku tygodnia nieco ponad po\u0142owa badanych &#8211; 54 proc. &#8211; przyzna\u0142a, \u017ce solidaryzuje si\u0119 z protestami. 43 proc. m\u00f3wi\u0142o, \u017ce tych manifestacji nie popiera&#8221; &#8211; napisano w &#8222;Gazecie Wyborczej.&#8221;&#13; &#13; Zaznaczono, \u017ce w\u015br\u00f3d wyborc\u00f3w PiS a\u017c 89 proc. krytykuje protesty, &#8222;za&#8221; jest 8 proc. &#8222;To odwrotnie, ni\u017c w\u015br\u00f3d elektorat\u00f3w opozycyjnych &#8211; tu poparcie [&hellip;]<\/p>\n","protected":false},"author":2,"featured_media":2720,"comment_status":"open","ping_status":"open","sticky":false,"template":"","format":"standard","meta":{"footnotes":""},"categories":[3],"tags":[],"class_list":["post-2719","post","type-post","status-publish","format-standard","has-post-thumbnail","hentry","category-wiadomosci-marketingowe"],"yoast_head":"<!-- This site is optimized with the Yoast SEO plugin v27.4 - https:\/\/yoast.com\/product\/yoast-seo-wordpress\/ -->\n<title>Wi\u0119kszo\u015b\u0107 Polak\u00f3w popiera protesty - Super News<\/title>\n<meta name=\"robots\" content=\"index, follow, max-snippet:-1, max-image-preview:large, max-video-preview:-1\" \/>\n<link rel=\"canonical\" href=\"https:\/\/super-news.info\/pl\/wiekszosc-polakow-popiera-protesty\/\" \/>\n<meta property=\"og:locale\" content=\"pl_PL\" \/>\n<meta property=\"og:type\" content=\"article\" \/>\n<meta property=\"og:title\" content=\"Wi\u0119kszo\u015b\u0107 Polak\u00f3w popiera protesty - Super News\" \/>\n<meta property=\"og:description\" content=\"&#013; &#8222;Na pocz\u0105tku tygodnia nieco ponad po\u0142owa badanych &#8211; 54 proc. &#8211; przyzna\u0142a, \u017ce solidaryzuje si\u0119 z protestami. 43 proc. m\u00f3wi\u0142o, \u017ce tych manifestacji nie popiera&#8221; &#8211; napisano w &#8222;Gazecie Wyborczej.&#8221;&#013; &#013; Zaznaczono, \u017ce w\u015br\u00f3d wyborc\u00f3w PiS a\u017c 89 proc. krytykuje protesty, &#8222;za&#8221; jest 8 proc. &#8222;To odwrotnie, ni\u017c w\u015br\u00f3d elektorat\u00f3w opozycyjnych &#8211; tu poparcie [&hellip;]\" \/>\n<meta property=\"og:url\" content=\"https:\/\/super-news.info\/pl\/wiekszosc-polakow-popiera-protesty\/\" \/>\n<meta property=\"og:site_name\" content=\"Super News\" \/>\n<meta property=\"article:published_time\" content=\"2020-10-31T23:16:39+00:00\" \/>\n<meta property=\"article:modified_time\" content=\"2020-10-31T23:16:44+00:00\" \/>\n<meta property=\"og:image\" content=\"https:\/\/super-news.info\/pl\/wp-content\/uploads\/sites\/6\/2020\/11\/Wi-kszo-Polak-w-popiera-protesty.jpg\" \/>\n\t<meta property=\"og:image:width\" content=\"655\" \/>\n\t<meta property=\"og:image:height\" content=\"369\" \/>\n\t<meta property=\"og:image:type\" content=\"image\/jpeg\" \/>\n<meta name=\"author\" content=\"super-news\" \/>\n<meta name=\"twitter:card\" content=\"summary_large_image\" \/>\n<meta name=\"twitter:label1\" content=\"Napisane przez\" \/>\n\t<meta name=\"twitter:data1\" content=\"super-news\" \/>\n\t<meta name=\"twitter:label2\" content=\"Szacowany czas czytania\" \/>\n\t<meta name=\"twitter:data2\" content=\"1 minuta\" \/>\n<script type=\"application\/ld+json\" class=\"yoast-schema-graph\">{\"@context\":\"https:\\\/\\\/schema.org\",\"@graph\":[{\"@type\":\"Article\",\"@id\":\"https:\\\/\\\/super-news.info\\\/pl\\\/wiekszosc-polakow-popiera-protesty\\\/#article\",\"isPartOf\":{\"@id\":\"https:\\\/\\\/super-news.info\\\/pl\\\/wiekszosc-polakow-popiera-protesty\\\/\"},\"author\":{\"name\":\"super-news\",\"@id\":\"https:\\\/\\\/super-news.info\\\/pl\\\/#\\\/schema\\\/person\\\/2d4068cb2f39cd10008c2fce578a7356\"},\"headline\":\"Wi\u0119kszo\u015b\u0107 Polak\u00f3w popiera protesty\",\"datePublished\":\"2020-10-31T23:16:39+00:00\",\"dateModified\":\"2020-10-31T23:16:44+00:00\",\"mainEntityOfPage\":{\"@id\":\"https:\\\/\\\/super-news.info\\\/pl\\\/wiekszosc-polakow-popiera-protesty\\\/\"},\"wordCount\":303,\"commentCount\":0,\"image\":{\"@id\":\"https:\\\/\\\/super-news.info\\\/pl\\\/wiekszosc-polakow-popiera-protesty\\\/#primaryimage\"},\"thumbnailUrl\":\"https:\\\/\\\/super-news.info\\\/pl\\\/wp-content\\\/uploads\\\/sites\\\/6\\\/2020\\\/11\\\/Wi-kszo-Polak-w-popiera-protesty.jpg\",\"articleSection\":[\"WIADOMO\u015aCI MARKETINGOWE\"],\"inLanguage\":\"pl-PL\",\"potentialAction\":[{\"@type\":\"CommentAction\",\"name\":\"Comment\",\"target\":[\"https:\\\/\\\/super-news.info\\\/pl\\\/wiekszosc-polakow-popiera-protesty\\\/#respond\"]}]},{\"@type\":\"WebPage\",\"@id\":\"https:\\\/\\\/super-news.info\\\/pl\\\/wiekszosc-polakow-popiera-protesty\\\/\",\"url\":\"https:\\\/\\\/super-news.info\\\/pl\\\/wiekszosc-polakow-popiera-protesty\\\/\",\"name\":\"Wi\u0119kszo\u015b\u0107 Polak\u00f3w popiera protesty - Super News\",\"isPartOf\":{\"@id\":\"https:\\\/\\\/super-news.info\\\/pl\\\/#website\"},\"primaryImageOfPage\":{\"@id\":\"https:\\\/\\\/super-news.info\\\/pl\\\/wiekszosc-polakow-popiera-protesty\\\/#primaryimage\"},\"image\":{\"@id\":\"https:\\\/\\\/super-news.info\\\/pl\\\/wiekszosc-polakow-popiera-protesty\\\/#primaryimage\"},\"thumbnailUrl\":\"https:\\\/\\\/super-news.info\\\/pl\\\/wp-content\\\/uploads\\\/sites\\\/6\\\/2020\\\/11\\\/Wi-kszo-Polak-w-popiera-protesty.jpg\",\"datePublished\":\"2020-10-31T23:16:39+00:00\",\"dateModified\":\"2020-10-31T23:16:44+00:00\",\"author\":{\"@id\":\"https:\\\/\\\/super-news.info\\\/pl\\\/#\\\/schema\\\/person\\\/2d4068cb2f39cd10008c2fce578a7356\"},\"breadcrumb\":{\"@id\":\"https:\\\/\\\/super-news.info\\\/pl\\\/wiekszosc-polakow-popiera-protesty\\\/#breadcrumb\"},\"inLanguage\":\"pl-PL\",\"potentialAction\":[{\"@type\":\"ReadAction\",\"target\":[\"https:\\\/\\\/super-news.info\\\/pl\\\/wiekszosc-polakow-popiera-protesty\\\/\"]}]},{\"@type\":\"ImageObject\",\"inLanguage\":\"pl-PL\",\"@id\":\"https:\\\/\\\/super-news.info\\\/pl\\\/wiekszosc-polakow-popiera-protesty\\\/#primaryimage\",\"url\":\"https:\\\/\\\/super-news.info\\\/pl\\\/wp-content\\\/uploads\\\/sites\\\/6\\\/2020\\\/11\\\/Wi-kszo-Polak-w-popiera-protesty.jpg\",\"contentUrl\":\"https:\\\/\\\/super-news.info\\\/pl\\\/wp-content\\\/uploads\\\/sites\\\/6\\\/2020\\\/11\\\/Wi-kszo-Polak-w-popiera-protesty.jpg\",\"width\":655,\"height\":369,\"caption\":\"Article\"},{\"@type\":\"BreadcrumbList\",\"@id\":\"https:\\\/\\\/super-news.info\\\/pl\\\/wiekszosc-polakow-popiera-protesty\\\/#breadcrumb\",\"itemListElement\":[{\"@type\":\"ListItem\",\"position\":1,\"name\":\"\u0413\u043b\u0430\u0432\u043d\u0430\u044f \u0441\u0442\u0440\u0430\u043d\u0438\u0446\u0430\",\"item\":\"https:\\\/\\\/super-news.info\\\/pl\\\/\"},{\"@type\":\"ListItem\",\"position\":2,\"name\":\"Wi\u0119kszo\u015b\u0107 Polak\u00f3w popiera protesty\"}]},{\"@type\":\"WebSite\",\"@id\":\"https:\\\/\\\/super-news.info\\\/pl\\\/#website\",\"url\":\"https:\\\/\\\/super-news.info\\\/pl\\\/\",\"name\":\"Super News\",\"description\":\"Super News Polska\",\"potentialAction\":[{\"@type\":\"SearchAction\",\"target\":{\"@type\":\"EntryPoint\",\"urlTemplate\":\"https:\\\/\\\/super-news.info\\\/pl\\\/?s={search_term_string}\"},\"query-input\":{\"@type\":\"PropertyValueSpecification\",\"valueRequired\":true,\"valueName\":\"search_term_string\"}}],\"inLanguage\":\"pl-PL\"},{\"@type\":\"Person\",\"@id\":\"https:\\\/\\\/super-news.info\\\/pl\\\/#\\\/schema\\\/person\\\/2d4068cb2f39cd10008c2fce578a7356\",\"name\":\"super-news\",\"image\":{\"@type\":\"ImageObject\",\"inLanguage\":\"pl-PL\",\"@id\":\"https:\\\/\\\/secure.gravatar.com\\\/avatar\\\/64ebac40b93f26a154f8a9b5b6fdccfc46f442b26b3dd6756dbff3bf9dc76fd7?s=96&d=mm&r=g\",\"url\":\"https:\\\/\\\/secure.gravatar.com\\\/avatar\\\/64ebac40b93f26a154f8a9b5b6fdccfc46f442b26b3dd6756dbff3bf9dc76fd7?s=96&d=mm&r=g\",\"contentUrl\":\"https:\\\/\\\/secure.gravatar.com\\\/avatar\\\/64ebac40b93f26a154f8a9b5b6fdccfc46f442b26b3dd6756dbff3bf9dc76fd7?s=96&d=mm&r=g\",\"caption\":\"super-news\"},\"url\":\"https:\\\/\\\/super-news.info\\\/pl\\\/author\\\/pt\\\/\"}]}<\/script>\n<!-- \/ Yoast SEO plugin. -->","yoast_head_json":{"title":"Wi\u0119kszo\u015b\u0107 Polak\u00f3w popiera protesty - Super News","robots":{"index":"index","follow":"follow","max-snippet":"max-snippet:-1","max-image-preview":"max-image-preview:large","max-video-preview":"max-video-preview:-1"},"canonical":"https:\/\/super-news.info\/pl\/wiekszosc-polakow-popiera-protesty\/","og_locale":"pl_PL","og_type":"article","og_title":"Wi\u0119kszo\u015b\u0107 Polak\u00f3w popiera protesty - Super News","og_description":"&#13; &#8222;Na pocz\u0105tku tygodnia nieco ponad po\u0142owa badanych &#8211; 54 proc. &#8211; przyzna\u0142a, \u017ce solidaryzuje si\u0119 z protestami. 43 proc. m\u00f3wi\u0142o, \u017ce tych manifestacji nie popiera&#8221; &#8211; napisano w &#8222;Gazecie Wyborczej.&#8221;&#13; &#13; Zaznaczono, \u017ce w\u015br\u00f3d wyborc\u00f3w PiS a\u017c 89 proc. krytykuje protesty, &#8222;za&#8221; jest 8 proc. &#8222;To odwrotnie, ni\u017c w\u015br\u00f3d elektorat\u00f3w opozycyjnych &#8211; tu poparcie [&hellip;]","og_url":"https:\/\/super-news.info\/pl\/wiekszosc-polakow-popiera-protesty\/","og_site_name":"Super News","article_published_time":"2020-10-31T23:16:39+00:00","article_modified_time":"2020-10-31T23:16:44+00:00","og_image":[{"width":655,"height":369,"url":"https:\/\/super-news.info\/pl\/wp-content\/uploads\/sites\/6\/2020\/11\/Wi-kszo-Polak-w-popiera-protesty.jpg","type":"image\/jpeg"}],"author":"super-news","twitter_card":"summary_large_image","twitter_misc":{"Napisane przez":"super-news","Szacowany czas czytania":"1 minuta"},"schema":{"@context":"https:\/\/schema.org","@graph":[{"@type":"Article","@id":"https:\/\/super-news.info\/pl\/wiekszosc-polakow-popiera-protesty\/#article","isPartOf":{"@id":"https:\/\/super-news.info\/pl\/wiekszosc-polakow-popiera-protesty\/"},"author":{"name":"super-news","@id":"https:\/\/super-news.info\/pl\/#\/schema\/person\/2d4068cb2f39cd10008c2fce578a7356"},"headline":"Wi\u0119kszo\u015b\u0107 Polak\u00f3w popiera protesty","datePublished":"2020-10-31T23:16:39+00:00","dateModified":"2020-10-31T23:16:44+00:00","mainEntityOfPage":{"@id":"https:\/\/super-news.info\/pl\/wiekszosc-polakow-popiera-protesty\/"},"wordCount":303,"commentCount":0,"image":{"@id":"https:\/\/super-news.info\/pl\/wiekszosc-polakow-popiera-protesty\/#primaryimage"},"thumbnailUrl":"https:\/\/super-news.info\/pl\/wp-content\/uploads\/sites\/6\/2020\/11\/Wi-kszo-Polak-w-popiera-protesty.jpg","articleSection":["WIADOMO\u015aCI MARKETINGOWE"],"inLanguage":"pl-PL","potentialAction":[{"@type":"CommentAction","name":"Comment","target":["https:\/\/super-news.info\/pl\/wiekszosc-polakow-popiera-protesty\/#respond"]}]},{"@type":"WebPage","@id":"https:\/\/super-news.info\/pl\/wiekszosc-polakow-popiera-protesty\/","url":"https:\/\/super-news.info\/pl\/wiekszosc-polakow-popiera-protesty\/","name":"Wi\u0119kszo\u015b\u0107 Polak\u00f3w popiera protesty - Super News","isPartOf":{"@id":"https:\/\/super-news.info\/pl\/#website"},"primaryImageOfPage":{"@id":"https:\/\/super-news.info\/pl\/wiekszosc-polakow-popiera-protesty\/#primaryimage"},"image":{"@id":"https:\/\/super-news.info\/pl\/wiekszosc-polakow-popiera-protesty\/#primaryimage"},"thumbnailUrl":"https:\/\/super-news.info\/pl\/wp-content\/uploads\/sites\/6\/2020\/11\/Wi-kszo-Polak-w-popiera-protesty.jpg","datePublished":"2020-10-31T23:16:39+00:00","dateModified":"2020-10-31T23:16:44+00:00","author":{"@id":"https:\/\/super-news.info\/pl\/#\/schema\/person\/2d4068cb2f39cd10008c2fce578a7356"},"breadcrumb":{"@id":"https:\/\/super-news.info\/pl\/wiekszosc-polakow-popiera-protesty\/#breadcrumb"},"inLanguage":"pl-PL","potentialAction":[{"@type":"ReadAction","target":["https:\/\/super-news.info\/pl\/wiekszosc-polakow-popiera-protesty\/"]}]},{"@type":"ImageObject","inLanguage":"pl-PL","@id":"https:\/\/super-news.info\/pl\/wiekszosc-polakow-popiera-protesty\/#primaryimage","url":"https:\/\/super-news.info\/pl\/wp-content\/uploads\/sites\/6\/2020\/11\/Wi-kszo-Polak-w-popiera-protesty.jpg","contentUrl":"https:\/\/super-news.info\/pl\/wp-content\/uploads\/sites\/6\/2020\/11\/Wi-kszo-Polak-w-popiera-protesty.jpg","width":655,"height":369,"caption":"Article"},{"@type":"BreadcrumbList","@id":"https:\/\/super-news.info\/pl\/wiekszosc-polakow-popiera-protesty\/#breadcrumb","itemListElement":[{"@type":"ListItem","position":1,"name":"\u0413\u043b\u0430\u0432\u043d\u0430\u044f \u0441\u0442\u0440\u0430\u043d\u0438\u0446\u0430","item":"https:\/\/super-news.info\/pl\/"},{"@type":"ListItem","position":2,"name":"Wi\u0119kszo\u015b\u0107 Polak\u00f3w popiera protesty"}]},{"@type":"WebSite","@id":"https:\/\/super-news.info\/pl\/#website","url":"https:\/\/super-news.info\/pl\/","name":"Super News","description":"Super News Polska","potentialAction":[{"@type":"SearchAction","target":{"@type":"EntryPoint","urlTemplate":"https:\/\/super-news.info\/pl\/?s={search_term_string}"},"query-input":{"@type":"PropertyValueSpecification","valueRequired":true,"valueName":"search_term_string"}}],"inLanguage":"pl-PL"},{"@type":"Person","@id":"https:\/\/super-news.info\/pl\/#\/schema\/person\/2d4068cb2f39cd10008c2fce578a7356","name":"super-news","image":{"@type":"ImageObject","inLanguage":"pl-PL","@id":"https:\/\/secure.gravatar.com\/avatar\/64ebac40b93f26a154f8a9b5b6fdccfc46f442b26b3dd6756dbff3bf9dc76fd7?s=96&d=mm&r=g","url":"https:\/\/secure.gravatar.com\/avatar\/64ebac40b93f26a154f8a9b5b6fdccfc46f442b26b3dd6756dbff3bf9dc76fd7?s=96&d=mm&r=g","contentUrl":"https:\/\/secure.gravatar.com\/avatar\/64ebac40b93f26a154f8a9b5b6fdccfc46f442b26b3dd6756dbff3bf9dc76fd7?s=96&d=mm&r=g","caption":"super-news"},"url":"https:\/\/super-news.info\/pl\/author\/pt\/"}]}},"_links":{"self":[{"href":"https:\/\/super-news.info\/pl\/wp-json\/wp\/v2\/posts\/2719","targetHints":{"allow":["GET"]}}],"collection":[{"href":"https:\/\/super-news.info\/pl\/wp-json\/wp\/v2\/posts"}],"about":[{"href":"https:\/\/super-news.info\/pl\/wp-json\/wp\/v2\/types\/post"}],"author":[{"embeddable":true,"href":"https:\/\/super-news.info\/pl\/wp-json\/wp\/v2\/users\/2"}],"replies":[{"embeddable":true,"href":"https:\/\/super-news.info\/pl\/wp-json\/wp\/v2\/comments?post=2719"}],"version-history":[{"count":1,"href":"https:\/\/super-news.info\/pl\/wp-json\/wp\/v2\/posts\/2719\/revisions"}],"predecessor-version":[{"id":2721,"href":"https:\/\/super-news.info\/pl\/wp-json\/wp\/v2\/posts\/2719\/revisions\/2721"}],"wp:featuredmedia":[{"embeddable":true,"href":"https:\/\/super-news.info\/pl\/wp-json\/wp\/v2\/media\/2720"}],"wp:attachment":[{"href":"https:\/\/super-news.info\/pl\/wp-json\/wp\/v2\/media?parent=2719"}],"wp:term":[{"taxonomy":"category","embeddable":true,"href":"https:\/\/super-news.info\/pl\/wp-json\/wp\/v2\/categories?post=2719"},{"taxonomy":"post_tag","embeddable":true,"href":"https:\/\/super-news.info\/pl\/wp-json\/wp\/v2\/tags?post=2719"}],"curies":[{"name":"wp","href":"https:\/\/api.w.org\/{rel}","templated":true}]}}