{"id":2678,"date":"2020-10-18T02:38:32","date_gmt":"2020-10-17T23:38:32","guid":{"rendered":"https:\/\/super-news.info\/pl\/rzadziej-chodzimy-do-sklepow-ale-wiecej-kupujemy-na-raz\/"},"modified":"2020-10-26T18:42:20","modified_gmt":"2020-10-26T15:42:20","slug":"rzadziej-chodzimy-do-sklepow-ale-wiecej-kupujemy-na-raz","status":"publish","type":"post","link":"https:\/\/super-news.info\/pl\/rzadziej-chodzimy-do-sklepow-ale-wiecej-kupujemy-na-raz\/","title":{"rendered":"Rzadziej chodzimy do sklep\u00f3w, ale wi\u0119cej kupujemy na raz"},"content":{"rendered":"<p>W pierwszym p\u00f3\u0142roczu br. \u015brednia liczba wykonywanych przez Polak\u00f3w zakup\u00f3w spad\u0142a a\u017c o 12 proc. w skali roku., co by\u0142o najwi\u0119kszym spadkiem w zestawieniu z innymi por\u00f3wnywanymi krajami naszej cz\u0119\u015bci Europy &#8211; pokazuj\u0105 dane Panelu Gospodarstw Domowych GfK Polonia.<\/p>\n<p>&#8211; Od stycznia do czerwca br. polskie gospodarstwo domowe wykona\u0142o \u015brednio 165 wizyt w sklepach. Dla por\u00f3wnania w analogicznym okresie 2019 roku by\u0142o ich a\u017c 187 &#8211; wylicza Rafa\u0142 Dobrowolski, strategic insight manager w Panelu Gospodarstw Domowych GfK Polonia.<\/p>\n<p>Rzadsze wizyty w sklepach nie spowodowa\u0142y jednak spadku ca\u0142kowitej warto\u015bci sprzeda\u017cy w sektorze FMCG. Mniejsz\u0105 liczb\u0119 wizyt klienci nadrabiali 20 proc. wzrostem warto\u015bci \u015brednich jednorazowych zakup\u00f3w, co by\u0142o z kolei jednym z najwi\u0119kszych wzrost\u00f3w w naszej cz\u0119\u015bci Europy.<\/p>\n<p>Polacy zmieniaj\u0105 nawyki zakupowe<\/p>\n<p>Rzadsze wizyty w sklepach nie spowodowa\u0142y jednak spadku ca\u0142kowitej warto\u015bci sprzeda\u017cy w sektorze FMCG. Mniejsz\u0105 liczb\u0119 wizyt klienci sklep\u00f3w nadrabiali 20-procentowym wzrostem warto\u015bci \u015brednich jednorazowych zakup\u00f3w, co by\u0142o z kolei jednym z najwi\u0119kszych wzrost\u00f3w w naszej cz\u0119\u015bci Europy.<\/p>\n<p>W pierwszej po\u0142owie roku istotnie zmieni\u0142 si\u0119 tak\u017ce model konsumpcji polskich nabywc\u00f3w, kt\u00f3rzy podczas zakup\u00f3w cz\u0119\u015bciej ni\u017c dotychczas poszukiwali korzystnych cen i promocji. Na takie zachowania wp\u0142yn\u0119\u0142o kilka czynnik\u00f3w.<\/p>\n<p>Ju\u017c 17 proc. Polak\u00f3w zagro\u017conych jest utrat\u0105 pracy lub zosta\u0142o dotkni\u0119tych bezrobociem. 51 proc. gospodarstw domowych deklaruje tak\u017ce, \u017ce pomimo braku bezpo\u015bredniego zagro\u017cenia utraty pracy, ich sytuacja finansowa odczuwalnie si\u0119 pogorszy\u0142a.<\/p>\n<p>Taka ocena w\u0142asnej sytuacji ekonomicznej b\u0142yskawicznie prze\u0142o\u017cy\u0142a si\u0119 na zachowania zakupowe. Nabywcy, a zw\u0142aszcza Ci kt\u00f3rzy ucierpieli na skutek pandemii, cz\u0119\u015bciej ni\u017c dotychczas odwiedzali dyskonty, gdzie mogli znale\u017a\u0107 m.in. bardzo szerok\u0105 ofert\u0119 produktow\u0105 marek w\u0142asnych. Sw\u00f3j sukces w ostatnich miesi\u0105cach dyskonty zawdzi\u0119czaj\u0105 jednak przede wszystkim bardzo dobrej dost\u0119pno\u015bci, opartej na g\u0119stej sieci sklep\u00f3w.<\/p>\n<p>&#8211; W czasie pandemii koronawirusa blisko\u015b\u0107 sklepu sta\u0142a si\u0119 niezwykle istotnym czynnikiem wyboru miejsca zakup\u00f3w. Nabywcom bardzo zale\u017ca\u0142o na unikaniu zb\u0119dnego kontaktu, np. w postaci korzystania ze \u015brodk\u00f3w transportu publicznego. Dlatego cz\u0119\u015bciej ni\u017c przed laty wybierali punkty b\u0119d\u0105ce w zasi\u0119gu spaceru. Takie podej\u015bcie shopper\u00f3w w pierwszej po\u0142owie roku wywindowa\u0142o tak\u017ce wyniki supermarket\u00f3w lokalnych oraz ma\u0142ych sklep\u00f3w sieciowych &#8211; t\u0142umaczy Rafa\u0142 Dobrowolski.<\/p>\n<p>Wygrani i przegrani pandemii w handlu<\/p>\n<p>Z analizy Panelu Gospodarstw Domowych GfK Polonia wynika, \u017ce najwi\u0119kszymi \u201eprzegranymi\u201d pierwszej po\u0142owy bie\u017c\u0105cego roku by\u0142y drogerie, supermarkety z mi\u0119dzynarodowych sieci oraz hipermarkety, kt\u00f3re odnotowa\u0142y spadek ca\u0142kowitej sprzeda\u017cy.<\/p>\n<p>W tym samym okresie ma\u0142e sklepy niesieciowe oraz sklepy specjalistyczne (mi\u0119sne, piekarnie, warzywniaki) nieznacznie zwi\u0119kszy\u0142y sprzeda\u017c. W og\u00f3lnym rozrachunku, w wyniku skokowego wzrostu wynik\u00f3w dyskont\u00f3w, nie prze\u0142o\u017cy\u0142o si\u0119 to jednak na wzrosty w udzia\u0142ach rynkowych.<\/p>\n<p>Skokowo ro\u015bnie za to ecommerce &#8211; w wyniku wi\u0119kszego zainteresowania zakupami online od stycznia do czerwca br. kategoria eFMCG odnotowa\u0142a 50 proc. wzrost sprzeda\u017cy rdr.<\/p>\n<p>\u2013 W czasie pandemii coraz wi\u0119cej konsument\u00f3w wykorzystuje ten kana\u0142 nie tylko do zakupu ksi\u0105\u017cek, ubra\u0144 czy kosmetyk\u00f3w, ale tak\u017ce \u017cywno\u015bci i innych produkt\u00f3w FMCG. Tylko w pierwszym kwartale 2020 a\u017c 24 proc. gospodarstw domowych dokona\u0142o zakupu r\u00f3\u017cnego rodzaju produkt\u00f3w FMCG przez internet, w por\u00f3wnaniu do 15 proc. w analogicznym okresie roku ubieg\u0142ego. Zwi\u0119kszone zainteresowanie da\u0142o impuls do rozwoju ca\u0142ego systemu i infrastruktury handlu on-line, co w kolejnych miesi\u0105cach z pewno\u015bci\u0105 jeszcze mocniej nap\u0119dzi jego popularno\u015b\u0107 \u2013 podsumowuje Rafa\u0142 Dobrowolski.<\/p>\n<p>&nbsp;<\/p>\n<p><a href=\"https:\/\/www.wirtualnemedia.pl\/artykul\/rzadziej-chodzimy-do-sklepow-ale-wiecej-kupujemy-na-raz\" rel=\"nofollow\">Source link <\/a><br \/>\n<!--\/noindex--><\/p>\n","protected":false},"excerpt":{"rendered":"<p>W pierwszym p\u00f3\u0142roczu br. \u015brednia liczba wykonywanych przez Polak\u00f3w zakup\u00f3w spad\u0142a a\u017c o 12 proc. w skali roku., co by\u0142o najwi\u0119kszym spadkiem w zestawieniu z innymi por\u00f3wnywanymi krajami naszej cz\u0119\u015bci Europy &#8211; pokazuj\u0105 dane Panelu Gospodarstw Domowych GfK Polonia. &#8211; Od stycznia do czerwca br. polskie gospodarstwo domowe wykona\u0142o \u015brednio 165 wizyt w sklepach. Dla [&hellip;]<\/p>\n","protected":false},"author":2,"featured_media":2679,"comment_status":"open","ping_status":"open","sticky":false,"template":"","format":"standard","meta":{"footnotes":""},"categories":[3],"tags":[],"class_list":["post-2678","post","type-post","status-publish","format-standard","has-post-thumbnail","hentry","category-wiadomosci-marketingowe"],"yoast_head":"<!-- This site is optimized with the Yoast SEO plugin v27.4 - https:\/\/yoast.com\/product\/yoast-seo-wordpress\/ -->\n<title>Rzadziej chodzimy do sklep\u00f3w, ale wi\u0119cej kupujemy na raz - Super News<\/title>\n<meta name=\"robots\" content=\"index, follow, max-snippet:-1, max-image-preview:large, max-video-preview:-1\" \/>\n<link rel=\"canonical\" href=\"https:\/\/super-news.info\/pl\/rzadziej-chodzimy-do-sklepow-ale-wiecej-kupujemy-na-raz\/\" \/>\n<meta property=\"og:locale\" content=\"pl_PL\" \/>\n<meta property=\"og:type\" content=\"article\" \/>\n<meta property=\"og:title\" content=\"Rzadziej chodzimy do sklep\u00f3w, ale wi\u0119cej kupujemy na raz - Super News\" \/>\n<meta property=\"og:description\" content=\"W pierwszym p\u00f3\u0142roczu br. \u015brednia liczba wykonywanych przez Polak\u00f3w zakup\u00f3w spad\u0142a a\u017c o 12 proc. w skali roku., co by\u0142o najwi\u0119kszym spadkiem w zestawieniu z innymi por\u00f3wnywanymi krajami naszej cz\u0119\u015bci Europy &#8211; pokazuj\u0105 dane Panelu Gospodarstw Domowych GfK Polonia. &#8211; Od stycznia do czerwca br. polskie gospodarstwo domowe wykona\u0142o \u015brednio 165 wizyt w sklepach. Dla [&hellip;]\" \/>\n<meta property=\"og:url\" content=\"https:\/\/super-news.info\/pl\/rzadziej-chodzimy-do-sklepow-ale-wiecej-kupujemy-na-raz\/\" \/>\n<meta property=\"og:site_name\" content=\"Super News\" \/>\n<meta property=\"article:published_time\" content=\"2020-10-17T23:38:32+00:00\" \/>\n<meta property=\"article:modified_time\" content=\"2020-10-26T15:42:20+00:00\" \/>\n<meta property=\"og:image\" content=\"https:\/\/super-news.info\/pl\/wp-content\/uploads\/sites\/6\/2020\/10\/Rzadziej-chodzimy-do-sklep-w-ale-wi-cej-kupujemy-na-raz.jpg\" \/>\n\t<meta property=\"og:image:width\" content=\"655\" \/>\n\t<meta property=\"og:image:height\" content=\"435\" \/>\n\t<meta property=\"og:image:type\" content=\"image\/jpeg\" \/>\n<meta name=\"author\" content=\"super-news\" \/>\n<meta name=\"twitter:card\" content=\"summary_large_image\" \/>\n<meta name=\"twitter:label1\" content=\"Napisane przez\" \/>\n\t<meta name=\"twitter:data1\" content=\"super-news\" \/>\n\t<meta name=\"twitter:label2\" content=\"Szacowany czas czytania\" \/>\n\t<meta name=\"twitter:data2\" content=\"3 minuty\" \/>\n<script type=\"application\/ld+json\" class=\"yoast-schema-graph\">{\"@context\":\"https:\\\/\\\/schema.org\",\"@graph\":[{\"@type\":\"Article\",\"@id\":\"https:\\\/\\\/super-news.info\\\/pl\\\/rzadziej-chodzimy-do-sklepow-ale-wiecej-kupujemy-na-raz\\\/#article\",\"isPartOf\":{\"@id\":\"https:\\\/\\\/super-news.info\\\/pl\\\/rzadziej-chodzimy-do-sklepow-ale-wiecej-kupujemy-na-raz\\\/\"},\"author\":{\"name\":\"super-news\",\"@id\":\"https:\\\/\\\/super-news.info\\\/pl\\\/#\\\/schema\\\/person\\\/2d4068cb2f39cd10008c2fce578a7356\"},\"headline\":\"Rzadziej chodzimy do sklep\u00f3w, ale wi\u0119cej kupujemy na raz\",\"datePublished\":\"2020-10-17T23:38:32+00:00\",\"dateModified\":\"2020-10-26T15:42:20+00:00\",\"mainEntityOfPage\":{\"@id\":\"https:\\\/\\\/super-news.info\\\/pl\\\/rzadziej-chodzimy-do-sklepow-ale-wiecej-kupujemy-na-raz\\\/\"},\"wordCount\":634,\"commentCount\":0,\"image\":{\"@id\":\"https:\\\/\\\/super-news.info\\\/pl\\\/rzadziej-chodzimy-do-sklepow-ale-wiecej-kupujemy-na-raz\\\/#primaryimage\"},\"thumbnailUrl\":\"https:\\\/\\\/super-news.info\\\/pl\\\/wp-content\\\/uploads\\\/sites\\\/6\\\/2020\\\/10\\\/Rzadziej-chodzimy-do-sklep-w-ale-wi-cej-kupujemy-na-raz.jpg\",\"articleSection\":[\"WIADOMO\u015aCI MARKETINGOWE\"],\"inLanguage\":\"pl-PL\",\"potentialAction\":[{\"@type\":\"CommentAction\",\"name\":\"Comment\",\"target\":[\"https:\\\/\\\/super-news.info\\\/pl\\\/rzadziej-chodzimy-do-sklepow-ale-wiecej-kupujemy-na-raz\\\/#respond\"]}]},{\"@type\":\"WebPage\",\"@id\":\"https:\\\/\\\/super-news.info\\\/pl\\\/rzadziej-chodzimy-do-sklepow-ale-wiecej-kupujemy-na-raz\\\/\",\"url\":\"https:\\\/\\\/super-news.info\\\/pl\\\/rzadziej-chodzimy-do-sklepow-ale-wiecej-kupujemy-na-raz\\\/\",\"name\":\"Rzadziej chodzimy do sklep\u00f3w, ale wi\u0119cej kupujemy na raz - Super News\",\"isPartOf\":{\"@id\":\"https:\\\/\\\/super-news.info\\\/pl\\\/#website\"},\"primaryImageOfPage\":{\"@id\":\"https:\\\/\\\/super-news.info\\\/pl\\\/rzadziej-chodzimy-do-sklepow-ale-wiecej-kupujemy-na-raz\\\/#primaryimage\"},\"image\":{\"@id\":\"https:\\\/\\\/super-news.info\\\/pl\\\/rzadziej-chodzimy-do-sklepow-ale-wiecej-kupujemy-na-raz\\\/#primaryimage\"},\"thumbnailUrl\":\"https:\\\/\\\/super-news.info\\\/pl\\\/wp-content\\\/uploads\\\/sites\\\/6\\\/2020\\\/10\\\/Rzadziej-chodzimy-do-sklep-w-ale-wi-cej-kupujemy-na-raz.jpg\",\"datePublished\":\"2020-10-17T23:38:32+00:00\",\"dateModified\":\"2020-10-26T15:42:20+00:00\",\"author\":{\"@id\":\"https:\\\/\\\/super-news.info\\\/pl\\\/#\\\/schema\\\/person\\\/2d4068cb2f39cd10008c2fce578a7356\"},\"breadcrumb\":{\"@id\":\"https:\\\/\\\/super-news.info\\\/pl\\\/rzadziej-chodzimy-do-sklepow-ale-wiecej-kupujemy-na-raz\\\/#breadcrumb\"},\"inLanguage\":\"pl-PL\",\"potentialAction\":[{\"@type\":\"ReadAction\",\"target\":[\"https:\\\/\\\/super-news.info\\\/pl\\\/rzadziej-chodzimy-do-sklepow-ale-wiecej-kupujemy-na-raz\\\/\"]}]},{\"@type\":\"ImageObject\",\"inLanguage\":\"pl-PL\",\"@id\":\"https:\\\/\\\/super-news.info\\\/pl\\\/rzadziej-chodzimy-do-sklepow-ale-wiecej-kupujemy-na-raz\\\/#primaryimage\",\"url\":\"https:\\\/\\\/super-news.info\\\/pl\\\/wp-content\\\/uploads\\\/sites\\\/6\\\/2020\\\/10\\\/Rzadziej-chodzimy-do-sklep-w-ale-wi-cej-kupujemy-na-raz.jpg\",\"contentUrl\":\"https:\\\/\\\/super-news.info\\\/pl\\\/wp-content\\\/uploads\\\/sites\\\/6\\\/2020\\\/10\\\/Rzadziej-chodzimy-do-sklep-w-ale-wi-cej-kupujemy-na-raz.jpg\",\"width\":655,\"height\":435,\"caption\":\"Article\"},{\"@type\":\"BreadcrumbList\",\"@id\":\"https:\\\/\\\/super-news.info\\\/pl\\\/rzadziej-chodzimy-do-sklepow-ale-wiecej-kupujemy-na-raz\\\/#breadcrumb\",\"itemListElement\":[{\"@type\":\"ListItem\",\"position\":1,\"name\":\"\u0413\u043b\u0430\u0432\u043d\u0430\u044f \u0441\u0442\u0440\u0430\u043d\u0438\u0446\u0430\",\"item\":\"https:\\\/\\\/super-news.info\\\/pl\\\/\"},{\"@type\":\"ListItem\",\"position\":2,\"name\":\"Rzadziej chodzimy do sklep\u00f3w, ale wi\u0119cej kupujemy na raz\"}]},{\"@type\":\"WebSite\",\"@id\":\"https:\\\/\\\/super-news.info\\\/pl\\\/#website\",\"url\":\"https:\\\/\\\/super-news.info\\\/pl\\\/\",\"name\":\"Super News\",\"description\":\"Super News Polska\",\"potentialAction\":[{\"@type\":\"SearchAction\",\"target\":{\"@type\":\"EntryPoint\",\"urlTemplate\":\"https:\\\/\\\/super-news.info\\\/pl\\\/?s={search_term_string}\"},\"query-input\":{\"@type\":\"PropertyValueSpecification\",\"valueRequired\":true,\"valueName\":\"search_term_string\"}}],\"inLanguage\":\"pl-PL\"},{\"@type\":\"Person\",\"@id\":\"https:\\\/\\\/super-news.info\\\/pl\\\/#\\\/schema\\\/person\\\/2d4068cb2f39cd10008c2fce578a7356\",\"name\":\"super-news\",\"image\":{\"@type\":\"ImageObject\",\"inLanguage\":\"pl-PL\",\"@id\":\"https:\\\/\\\/secure.gravatar.com\\\/avatar\\\/64ebac40b93f26a154f8a9b5b6fdccfc46f442b26b3dd6756dbff3bf9dc76fd7?s=96&d=mm&r=g\",\"url\":\"https:\\\/\\\/secure.gravatar.com\\\/avatar\\\/64ebac40b93f26a154f8a9b5b6fdccfc46f442b26b3dd6756dbff3bf9dc76fd7?s=96&d=mm&r=g\",\"contentUrl\":\"https:\\\/\\\/secure.gravatar.com\\\/avatar\\\/64ebac40b93f26a154f8a9b5b6fdccfc46f442b26b3dd6756dbff3bf9dc76fd7?s=96&d=mm&r=g\",\"caption\":\"super-news\"},\"url\":\"https:\\\/\\\/super-news.info\\\/pl\\\/author\\\/pt\\\/\"}]}<\/script>\n<!-- \/ Yoast SEO plugin. -->","yoast_head_json":{"title":"Rzadziej chodzimy do sklep\u00f3w, ale wi\u0119cej kupujemy na raz - Super News","robots":{"index":"index","follow":"follow","max-snippet":"max-snippet:-1","max-image-preview":"max-image-preview:large","max-video-preview":"max-video-preview:-1"},"canonical":"https:\/\/super-news.info\/pl\/rzadziej-chodzimy-do-sklepow-ale-wiecej-kupujemy-na-raz\/","og_locale":"pl_PL","og_type":"article","og_title":"Rzadziej chodzimy do sklep\u00f3w, ale wi\u0119cej kupujemy na raz - Super News","og_description":"W pierwszym p\u00f3\u0142roczu br. \u015brednia liczba wykonywanych przez Polak\u00f3w zakup\u00f3w spad\u0142a a\u017c o 12 proc. w skali roku., co by\u0142o najwi\u0119kszym spadkiem w zestawieniu z innymi por\u00f3wnywanymi krajami naszej cz\u0119\u015bci Europy &#8211; pokazuj\u0105 dane Panelu Gospodarstw Domowych GfK Polonia. &#8211; Od stycznia do czerwca br. polskie gospodarstwo domowe wykona\u0142o \u015brednio 165 wizyt w sklepach. Dla [&hellip;]","og_url":"https:\/\/super-news.info\/pl\/rzadziej-chodzimy-do-sklepow-ale-wiecej-kupujemy-na-raz\/","og_site_name":"Super News","article_published_time":"2020-10-17T23:38:32+00:00","article_modified_time":"2020-10-26T15:42:20+00:00","og_image":[{"width":655,"height":435,"url":"https:\/\/super-news.info\/pl\/wp-content\/uploads\/sites\/6\/2020\/10\/Rzadziej-chodzimy-do-sklep-w-ale-wi-cej-kupujemy-na-raz.jpg","type":"image\/jpeg"}],"author":"super-news","twitter_card":"summary_large_image","twitter_misc":{"Napisane przez":"super-news","Szacowany czas czytania":"3 minuty"},"schema":{"@context":"https:\/\/schema.org","@graph":[{"@type":"Article","@id":"https:\/\/super-news.info\/pl\/rzadziej-chodzimy-do-sklepow-ale-wiecej-kupujemy-na-raz\/#article","isPartOf":{"@id":"https:\/\/super-news.info\/pl\/rzadziej-chodzimy-do-sklepow-ale-wiecej-kupujemy-na-raz\/"},"author":{"name":"super-news","@id":"https:\/\/super-news.info\/pl\/#\/schema\/person\/2d4068cb2f39cd10008c2fce578a7356"},"headline":"Rzadziej chodzimy do sklep\u00f3w, ale wi\u0119cej kupujemy na raz","datePublished":"2020-10-17T23:38:32+00:00","dateModified":"2020-10-26T15:42:20+00:00","mainEntityOfPage":{"@id":"https:\/\/super-news.info\/pl\/rzadziej-chodzimy-do-sklepow-ale-wiecej-kupujemy-na-raz\/"},"wordCount":634,"commentCount":0,"image":{"@id":"https:\/\/super-news.info\/pl\/rzadziej-chodzimy-do-sklepow-ale-wiecej-kupujemy-na-raz\/#primaryimage"},"thumbnailUrl":"https:\/\/super-news.info\/pl\/wp-content\/uploads\/sites\/6\/2020\/10\/Rzadziej-chodzimy-do-sklep-w-ale-wi-cej-kupujemy-na-raz.jpg","articleSection":["WIADOMO\u015aCI MARKETINGOWE"],"inLanguage":"pl-PL","potentialAction":[{"@type":"CommentAction","name":"Comment","target":["https:\/\/super-news.info\/pl\/rzadziej-chodzimy-do-sklepow-ale-wiecej-kupujemy-na-raz\/#respond"]}]},{"@type":"WebPage","@id":"https:\/\/super-news.info\/pl\/rzadziej-chodzimy-do-sklepow-ale-wiecej-kupujemy-na-raz\/","url":"https:\/\/super-news.info\/pl\/rzadziej-chodzimy-do-sklepow-ale-wiecej-kupujemy-na-raz\/","name":"Rzadziej chodzimy do sklep\u00f3w, ale wi\u0119cej kupujemy na raz - Super News","isPartOf":{"@id":"https:\/\/super-news.info\/pl\/#website"},"primaryImageOfPage":{"@id":"https:\/\/super-news.info\/pl\/rzadziej-chodzimy-do-sklepow-ale-wiecej-kupujemy-na-raz\/#primaryimage"},"image":{"@id":"https:\/\/super-news.info\/pl\/rzadziej-chodzimy-do-sklepow-ale-wiecej-kupujemy-na-raz\/#primaryimage"},"thumbnailUrl":"https:\/\/super-news.info\/pl\/wp-content\/uploads\/sites\/6\/2020\/10\/Rzadziej-chodzimy-do-sklep-w-ale-wi-cej-kupujemy-na-raz.jpg","datePublished":"2020-10-17T23:38:32+00:00","dateModified":"2020-10-26T15:42:20+00:00","author":{"@id":"https:\/\/super-news.info\/pl\/#\/schema\/person\/2d4068cb2f39cd10008c2fce578a7356"},"breadcrumb":{"@id":"https:\/\/super-news.info\/pl\/rzadziej-chodzimy-do-sklepow-ale-wiecej-kupujemy-na-raz\/#breadcrumb"},"inLanguage":"pl-PL","potentialAction":[{"@type":"ReadAction","target":["https:\/\/super-news.info\/pl\/rzadziej-chodzimy-do-sklepow-ale-wiecej-kupujemy-na-raz\/"]}]},{"@type":"ImageObject","inLanguage":"pl-PL","@id":"https:\/\/super-news.info\/pl\/rzadziej-chodzimy-do-sklepow-ale-wiecej-kupujemy-na-raz\/#primaryimage","url":"https:\/\/super-news.info\/pl\/wp-content\/uploads\/sites\/6\/2020\/10\/Rzadziej-chodzimy-do-sklep-w-ale-wi-cej-kupujemy-na-raz.jpg","contentUrl":"https:\/\/super-news.info\/pl\/wp-content\/uploads\/sites\/6\/2020\/10\/Rzadziej-chodzimy-do-sklep-w-ale-wi-cej-kupujemy-na-raz.jpg","width":655,"height":435,"caption":"Article"},{"@type":"BreadcrumbList","@id":"https:\/\/super-news.info\/pl\/rzadziej-chodzimy-do-sklepow-ale-wiecej-kupujemy-na-raz\/#breadcrumb","itemListElement":[{"@type":"ListItem","position":1,"name":"\u0413\u043b\u0430\u0432\u043d\u0430\u044f \u0441\u0442\u0440\u0430\u043d\u0438\u0446\u0430","item":"https:\/\/super-news.info\/pl\/"},{"@type":"ListItem","position":2,"name":"Rzadziej chodzimy do sklep\u00f3w, ale wi\u0119cej kupujemy na raz"}]},{"@type":"WebSite","@id":"https:\/\/super-news.info\/pl\/#website","url":"https:\/\/super-news.info\/pl\/","name":"Super News","description":"Super News Polska","potentialAction":[{"@type":"SearchAction","target":{"@type":"EntryPoint","urlTemplate":"https:\/\/super-news.info\/pl\/?s={search_term_string}"},"query-input":{"@type":"PropertyValueSpecification","valueRequired":true,"valueName":"search_term_string"}}],"inLanguage":"pl-PL"},{"@type":"Person","@id":"https:\/\/super-news.info\/pl\/#\/schema\/person\/2d4068cb2f39cd10008c2fce578a7356","name":"super-news","image":{"@type":"ImageObject","inLanguage":"pl-PL","@id":"https:\/\/secure.gravatar.com\/avatar\/64ebac40b93f26a154f8a9b5b6fdccfc46f442b26b3dd6756dbff3bf9dc76fd7?s=96&d=mm&r=g","url":"https:\/\/secure.gravatar.com\/avatar\/64ebac40b93f26a154f8a9b5b6fdccfc46f442b26b3dd6756dbff3bf9dc76fd7?s=96&d=mm&r=g","contentUrl":"https:\/\/secure.gravatar.com\/avatar\/64ebac40b93f26a154f8a9b5b6fdccfc46f442b26b3dd6756dbff3bf9dc76fd7?s=96&d=mm&r=g","caption":"super-news"},"url":"https:\/\/super-news.info\/pl\/author\/pt\/"}]}},"_links":{"self":[{"href":"https:\/\/super-news.info\/pl\/wp-json\/wp\/v2\/posts\/2678","targetHints":{"allow":["GET"]}}],"collection":[{"href":"https:\/\/super-news.info\/pl\/wp-json\/wp\/v2\/posts"}],"about":[{"href":"https:\/\/super-news.info\/pl\/wp-json\/wp\/v2\/types\/post"}],"author":[{"embeddable":true,"href":"https:\/\/super-news.info\/pl\/wp-json\/wp\/v2\/users\/2"}],"replies":[{"embeddable":true,"href":"https:\/\/super-news.info\/pl\/wp-json\/wp\/v2\/comments?post=2678"}],"version-history":[{"count":2,"href":"https:\/\/super-news.info\/pl\/wp-json\/wp\/v2\/posts\/2678\/revisions"}],"predecessor-version":[{"id":2701,"href":"https:\/\/super-news.info\/pl\/wp-json\/wp\/v2\/posts\/2678\/revisions\/2701"}],"wp:featuredmedia":[{"embeddable":true,"href":"https:\/\/super-news.info\/pl\/wp-json\/wp\/v2\/media\/2679"}],"wp:attachment":[{"href":"https:\/\/super-news.info\/pl\/wp-json\/wp\/v2\/media?parent=2678"}],"wp:term":[{"taxonomy":"category","embeddable":true,"href":"https:\/\/super-news.info\/pl\/wp-json\/wp\/v2\/categories?post=2678"},{"taxonomy":"post_tag","embeddable":true,"href":"https:\/\/super-news.info\/pl\/wp-json\/wp\/v2\/tags?post=2678"}],"curies":[{"name":"wp","href":"https:\/\/api.w.org\/{rel}","templated":true}]}}