{"id":2667,"date":"2020-10-15T07:34:43","date_gmt":"2020-10-15T04:34:43","guid":{"rendered":"https:\/\/super-news.info\/pl\/63-proc-polakow-boi-sie-zakazenia-koronawirusem-tylko-36-proc-nie-odczuwa-strachu\/"},"modified":"2020-10-26T18:42:59","modified_gmt":"2020-10-26T15:42:59","slug":"63-proc-polakow-boi-sie-zakazenia-koronawirusem-tylko-36-proc-nie-odczuwa-strachu","status":"publish","type":"post","link":"https:\/\/super-news.info\/pl\/63-proc-polakow-boi-sie-zakazenia-koronawirusem-tylko-36-proc-nie-odczuwa-strachu\/","title":{"rendered":"63 proc. Polak\u00f3w boi si\u0119 zaka\u017cenia koronawirusem. Tylko, 36 proc. nie odczuwa strachu"},"content":{"rendered":"<p>W badaniu respondenci pytani byli o ich obawy przed zara\u017ceniem koronawirusem oraz o oceny polityki rz\u0105du wobec epidemii. Jak zaznacza CBOS, by\u0142o ono realizowane w czasie, gdy w Polsce gwa\u0142townie ros\u0142a liczba potwierdzonych przypadk\u00f3w zaka\u017ce\u0144.<\/p>\n<p>Pokaza\u0142o ono, \u017ce obawy w tym czasie mia\u0142o 63 proc. og\u00f3\u0142u badanych (wzrost o 3 punkty procentowe w stosunku do sierpnia), w tym 21 proc. poda\u0142o, \u017ce bardzo si\u0119 boi, a 42 proc., \u017ce troch\u0119 si\u0119 boi. Strachu nie odczuwa 36 proc. badanych (o 3 punkty proc. mniej ni\u017c w sierpniu), w tym 21 proc. poda\u0142o, \u017ce raczej si\u0119 nie boi, a 15 proc., \u017ce w og\u00f3le si\u0119 nie boi.<\/p>\n<p>Obawy przed zaka\u017ceniem rosn\u0105 wraz wiekiem<\/p>\n<p>Jak podaje CBOS, obawy przed zaka\u017ceniem rosn\u0105 wraz wiekiem &#8211; wyra\u017ca je 31 proc. spo\u015br\u00f3d najm\u0142odszych badanych (do 25 roku \u017cycia) oraz 80 proc. os\u00f3b maj\u0105cych co najmniej 49 lat. Z wiekiem, kt\u00f3ry najsilniej okre\u015bla skal\u0119 obaw przed zara\u017ceniem, zwi\u0105zane jest wykszta\u0142cenie i aktywno\u015b\u0107 na rynku pracy. Cz\u0119sto\u015bci\u0105 i nasileniem obaw wyr\u00f3\u017cniaj\u0105 si\u0119 badani z wykszta\u0142ceniem podstawowym oraz osoby niepracuj\u0105ce. Mo\u017cliwo\u015bci\u0105 zaka\u017cenia niepokoi si\u0119 og\u00f3\u0142em 85 proc. emeryt\u00f3w i 80 proc. rencist\u00f3w. Obawy przed zaka\u017ceniem r\u00f3\u017cnicuje tak\u017ce p\u0142e\u0107: cz\u0119\u015bciej wyra\u017caj\u0105 je kobiety ni\u017c m\u0119\u017cczy\u017ani.<\/p>\n<p>CBOS wskazuje te\u017c, \u017ce wzrastaj\u0105ca liczba zaka\u017ce\u0144 przek\u0142ada si\u0119 na oceny pracy rz\u0105du &#8211; opinie o skuteczno\u015bci rz\u0105du w walce z epidemi\u0105 pogarszaj\u0105 si\u0119 z miesi\u0105ca na miesi\u0105c.<\/p>\n<p>Na prze\u0142omie wrze\u015bnia i pa\u017adziernika 49 proc. respondent\u00f3w dobrze ocenia dzia\u0142ania rz\u0105du maj\u0105ce na celu zwalczanie epidemii (spadek o 6 punk\u00f3w procentowych w stosunku do wrze\u015bnia), w tym 41 proc. raczej dobrze, a 8 proc. zdecydowanie dobrze. Dzia\u0142ania rz\u0105du \u017ale ocenia 43 proc. badanych (wzrost o 5 punkt\u00f3w od ubieg\u0142ego miesi\u0105ca), w tym 26 proc. raczej \u017ale, a 17 proc. zdecydowanie \u017ale.<\/p>\n<p>&#8222;Inaczej ni\u017c osobiste obawy przed zara\u017ceniem koronawirusem, opinie o skuteczno\u015bci rz\u0105du w walce z epidemi\u0105 s\u0105 wyrazem stosunku do urz\u0119duj\u0105cej ekipy i zale\u017c\u0105 w g\u0142\u00f3wnej mierze od orientacji politycznej i, szerzej, \u015bwiatopogl\u0105dowej&#8221; &#8211; czytamy w opisie wynik\u00f3w badania.<\/p>\n<p>Zadowolona z dzia\u0142a\u0144 podejmowanych przez rz\u0105d jest wi\u0119kszo\u015b\u0107 badanych deklaruj\u0105cych prawicowe pogl\u0105dy polityczne, z kolei wi\u0119kszo\u015b\u0107 identyfikuj\u0105cych si\u0119 z lewic\u0105 ocenia je krytycznie. Ponadto opinie o dzia\u0142aniach rz\u0105du s\u0105 tym lepsze, im cz\u0119stszy udzia\u0142 w praktykach religijnych.<\/p>\n<p>W elektoratach dzia\u0142ania rz\u0105du maj\u0105ce na celu zwalczanie epidemii pozytywnie oceniaj\u0105 przede wszystkim potencjalni wyborcy Prawa i Sprawiedliwo\u015bci oraz partii koalicyjnych, ale tak\u017ce ponad po\u0142owa zwolennik\u00f3w Polskiego Stronnictwa Ludowego \u2013 Koalicji Polskiej. Sympatycy pozosta\u0142ych ugrupowa\u0144 s\u0105 na og\u00f3\u0142 krytyczni w opiniach na temat polityki rz\u0105du w tym zakresie.<\/p>\n<p>Starania rz\u0105du doceniaj\u0105 osoby w wieku 49 plus, mieszka\u0144cy wsi, z wykszta\u0142ceniem podstawowym<\/p>\n<p>Starania rz\u0105du doceniaj\u0105 przede wszystkim osoby w wieku 49 plus, mieszka\u0144cy wsi, badani z wykszta\u0142ceniem podstawowym i z zasadniczym zawodowym, respondenci o miesi\u0119cznych dochodach per capita poni\u017cej 1000 z\u0142. Krytyczni w ocenie skuteczno\u015bci rz\u0105du w zwalczaniu epidemii s\u0105 w g\u0142\u00f3wnej mierze ludzie m\u0142odzi: do 31. roku \u017cycia, mieszka\u0144cy miast licz\u0105cych co najmniej 100 tys. ludno\u015bci, osoby stosunkowo dobrze wykszta\u0142cone i sytuowane.<\/p>\n<p>CBOS podaje te\u017c, \u017ce analizy pokazuj\u0105, \u017ce starsi respondenci, kt\u00f3rzy bardziej ni\u017c inni boj\u0105 si\u0119 zaka\u017cenia, maj\u0105 jednocze\u015bnie stosunkowo du\u017ce zaufanie do polityki rz\u0105du maj\u0105cej na celu zwalczanie epidemii. Zale\u017cno\u015b\u0107 mi\u0119dzy deklarowanymi obawami przed zaka\u017ceniem a postrzeganiem polityki rz\u0105du w tym zakresie pokazuje, \u017ce wi\u0119kszym obawom towarzysz\u0105 lepsze oceny dzia\u0142a\u0144 rz\u0105du.<\/p>\n<p>45 proc. respondent\u00f3w na prze\u0142omie wrze\u015bnia i pa\u017adziernika uwa\u017ca\u0142o, \u017ce istniej\u0105ce ograniczenia i restrykcje s\u0105 adekwatne do sytuacji (spadek o 9 punkt\u00f3w procentowych w stosunku do wrze\u015bnia). 15 proc. ocenia\u0142o, \u017ce s\u0105 one zbyt du\u017ce (spadek o 7 punkt\u00f3w procentowych). 32 proc. ocenia\u0142o, \u017ce s\u0105 one zbyt ma\u0142e (wzrost o 7 punkt\u00f3w procentowych).<\/p>\n<p>Wed\u0142ug CBOS, pogl\u0105d, \u017ce istniej\u0105ce ograniczenia i restrykcje s\u0105 odpowiednie do sytuacji, przewa\u017ca w wi\u0119kszo\u015bci analizowanych grup spo\u0142eczno-demograficznych. O zbyt ma\u0142ych obostrzeniach stosunkowo cz\u0119sto sk\u0142onni s\u0105 m\u00f3wi\u0107 pracownicy instytucji pa\u0144stwowych i publicznych, \u015bredni personel i technicy, w tym m.in. piel\u0119gniarki i policjanci. Do os\u00f3b najcz\u0119\u015bciej uwa\u017caj\u0105cych wprowadzone ograniczenia za niedostateczne nale\u017c\u0105 badani deklaruj\u0105cy lewicowe pogl\u0105dy polityczne.<\/p>\n<p>&#8222;Wi\u0119kszo\u015b\u0107 zdeklarowanych wyborc\u00f3w Prawa i Sprawiedliwo\u015bci oraz Polskiego Stronnictwa Ludowego \u2013 Koalicji Polskiej uwa\u017ca istniej\u0105ce ograniczenia za adekwatne do sytuacji. Podobnego zdania jest przewa\u017caj\u0105cy odsetek sympatyk\u00f3w Lewicy i ruchu Polska 2050. Zwolennicy Koalicji Obywatelskiej najcz\u0119\u015bciej uwa\u017caj\u0105 wprowadzone restrykcje za niewystarczaj\u0105ce, za\u015b wyborcy Konfederacji przeciwnie &#8211; za zbyt daleko id\u0105ce&#8221; &#8211; czytamy w analizie.<\/p>\n<p>Badanie przeprowadzono w dniach 28 wrze\u015bnia &#8211; 8 pa\u017adziernika 2020 roku w ramach procedury mixed-mode na reprezentatywnej imiennej pr\u00f3bie 1139 pe\u0142noletnich mieszka\u0144c\u00f3w Polski, wylosowanej z rejestru PESEL. Ka\u017cdy respondent wybiera\u0142 samodzielnie metod\u0119 badania: 65,3 proc. wybra\u0142o wywiad bezpo\u015bredni z udzia\u0142em ankietera (metoda CAPI), 22,9 proc. &#8211; wywiad telefoniczny po skontaktowaniu si\u0119 z ankieterem CBOS (CATI), 11,7 proc. &#8211; samodzielne wype\u0142nienie ankiety internetowej (CAWI). We wszystkich trzech przypadkach ankieta mia\u0142a taki sam zestaw pyta\u0144 oraz struktur\u0119.<\/p>\n<p><!--noindex--><br \/>\n<a href=\"https:\/\/www.wirtualnemedia.pl\/artykul\/63-proc-polakow-boi-sie-zakazenia-koronawirusem-tylko-36-proc-nie-odczuwa-strachu\" rel=\"nofollow\">Source link <\/a><br \/>\n<!--\/noindex--><\/p>\n","protected":false},"excerpt":{"rendered":"<p>W badaniu respondenci pytani byli o ich obawy przed zara\u017ceniem koronawirusem oraz o oceny polityki rz\u0105du wobec epidemii. Jak zaznacza CBOS, by\u0142o ono realizowane w czasie, gdy w Polsce gwa\u0142townie ros\u0142a liczba potwierdzonych przypadk\u00f3w zaka\u017ce\u0144. Pokaza\u0142o ono, \u017ce obawy w tym czasie mia\u0142o 63 proc. og\u00f3\u0142u badanych (wzrost o 3 punkty procentowe w stosunku do [&hellip;]<\/p>\n","protected":false},"author":2,"featured_media":2668,"comment_status":"open","ping_status":"open","sticky":false,"template":"","format":"standard","meta":{"footnotes":""},"categories":[3],"tags":[],"class_list":["post-2667","post","type-post","status-publish","format-standard","has-post-thumbnail","hentry","category-wiadomosci-marketingowe"],"yoast_head":"<!-- This site is optimized with the Yoast SEO plugin v27.4 - https:\/\/yoast.com\/product\/yoast-seo-wordpress\/ -->\n<title>63 proc. Polak\u00f3w boi si\u0119 zaka\u017cenia koronawirusem. Tylko, 36 proc. nie odczuwa strachu - Super News<\/title>\n<meta name=\"robots\" content=\"index, follow, max-snippet:-1, max-image-preview:large, max-video-preview:-1\" \/>\n<link rel=\"canonical\" href=\"https:\/\/super-news.info\/pl\/63-proc-polakow-boi-sie-zakazenia-koronawirusem-tylko-36-proc-nie-odczuwa-strachu\/\" \/>\n<meta property=\"og:locale\" content=\"pl_PL\" \/>\n<meta property=\"og:type\" content=\"article\" \/>\n<meta property=\"og:title\" content=\"63 proc. Polak\u00f3w boi si\u0119 zaka\u017cenia koronawirusem. Tylko, 36 proc. nie odczuwa strachu - Super News\" \/>\n<meta property=\"og:description\" content=\"W badaniu respondenci pytani byli o ich obawy przed zara\u017ceniem koronawirusem oraz o oceny polityki rz\u0105du wobec epidemii. Jak zaznacza CBOS, by\u0142o ono realizowane w czasie, gdy w Polsce gwa\u0142townie ros\u0142a liczba potwierdzonych przypadk\u00f3w zaka\u017ce\u0144. Pokaza\u0142o ono, \u017ce obawy w tym czasie mia\u0142o 63 proc. og\u00f3\u0142u badanych (wzrost o 3 punkty procentowe w stosunku do [&hellip;]\" \/>\n<meta property=\"og:url\" content=\"https:\/\/super-news.info\/pl\/63-proc-polakow-boi-sie-zakazenia-koronawirusem-tylko-36-proc-nie-odczuwa-strachu\/\" \/>\n<meta property=\"og:site_name\" content=\"Super News\" \/>\n<meta property=\"article:published_time\" content=\"2020-10-15T04:34:43+00:00\" \/>\n<meta property=\"article:modified_time\" content=\"2020-10-26T15:42:59+00:00\" \/>\n<meta property=\"og:image\" content=\"https:\/\/super-news.info\/pl\/wp-content\/uploads\/sites\/6\/2020\/10\/63-proc.-Polak-w-boi-si-zaka-enia-koronawirusem.-Tylko-36-proc.jpg\" \/>\n\t<meta property=\"og:image:width\" content=\"655\" \/>\n\t<meta property=\"og:image:height\" content=\"435\" \/>\n\t<meta property=\"og:image:type\" content=\"image\/jpeg\" \/>\n<meta name=\"author\" content=\"super-news\" \/>\n<meta name=\"twitter:card\" content=\"summary_large_image\" \/>\n<meta name=\"twitter:label1\" content=\"Napisane przez\" \/>\n\t<meta name=\"twitter:data1\" content=\"super-news\" \/>\n\t<meta name=\"twitter:label2\" content=\"Szacowany czas czytania\" \/>\n\t<meta name=\"twitter:data2\" content=\"5 minut\" \/>\n<script type=\"application\/ld+json\" class=\"yoast-schema-graph\">{\"@context\":\"https:\\\/\\\/schema.org\",\"@graph\":[{\"@type\":\"Article\",\"@id\":\"https:\\\/\\\/super-news.info\\\/pl\\\/63-proc-polakow-boi-sie-zakazenia-koronawirusem-tylko-36-proc-nie-odczuwa-strachu\\\/#article\",\"isPartOf\":{\"@id\":\"https:\\\/\\\/super-news.info\\\/pl\\\/63-proc-polakow-boi-sie-zakazenia-koronawirusem-tylko-36-proc-nie-odczuwa-strachu\\\/\"},\"author\":{\"name\":\"super-news\",\"@id\":\"https:\\\/\\\/super-news.info\\\/pl\\\/#\\\/schema\\\/person\\\/2d4068cb2f39cd10008c2fce578a7356\"},\"headline\":\"63 proc. Polak\u00f3w boi si\u0119 zaka\u017cenia koronawirusem. Tylko, 36 proc. nie odczuwa strachu\",\"datePublished\":\"2020-10-15T04:34:43+00:00\",\"dateModified\":\"2020-10-26T15:42:59+00:00\",\"mainEntityOfPage\":{\"@id\":\"https:\\\/\\\/super-news.info\\\/pl\\\/63-proc-polakow-boi-sie-zakazenia-koronawirusem-tylko-36-proc-nie-odczuwa-strachu\\\/\"},\"wordCount\":924,\"commentCount\":0,\"image\":{\"@id\":\"https:\\\/\\\/super-news.info\\\/pl\\\/63-proc-polakow-boi-sie-zakazenia-koronawirusem-tylko-36-proc-nie-odczuwa-strachu\\\/#primaryimage\"},\"thumbnailUrl\":\"https:\\\/\\\/super-news.info\\\/pl\\\/wp-content\\\/uploads\\\/sites\\\/6\\\/2020\\\/10\\\/63-proc.-Polak-w-boi-si-zaka-enia-koronawirusem.-Tylko-36-proc.jpg\",\"articleSection\":[\"WIADOMO\u015aCI MARKETINGOWE\"],\"inLanguage\":\"pl-PL\",\"potentialAction\":[{\"@type\":\"CommentAction\",\"name\":\"Comment\",\"target\":[\"https:\\\/\\\/super-news.info\\\/pl\\\/63-proc-polakow-boi-sie-zakazenia-koronawirusem-tylko-36-proc-nie-odczuwa-strachu\\\/#respond\"]}]},{\"@type\":\"WebPage\",\"@id\":\"https:\\\/\\\/super-news.info\\\/pl\\\/63-proc-polakow-boi-sie-zakazenia-koronawirusem-tylko-36-proc-nie-odczuwa-strachu\\\/\",\"url\":\"https:\\\/\\\/super-news.info\\\/pl\\\/63-proc-polakow-boi-sie-zakazenia-koronawirusem-tylko-36-proc-nie-odczuwa-strachu\\\/\",\"name\":\"63 proc. Polak\u00f3w boi si\u0119 zaka\u017cenia koronawirusem. Tylko, 36 proc. nie odczuwa strachu - Super News\",\"isPartOf\":{\"@id\":\"https:\\\/\\\/super-news.info\\\/pl\\\/#website\"},\"primaryImageOfPage\":{\"@id\":\"https:\\\/\\\/super-news.info\\\/pl\\\/63-proc-polakow-boi-sie-zakazenia-koronawirusem-tylko-36-proc-nie-odczuwa-strachu\\\/#primaryimage\"},\"image\":{\"@id\":\"https:\\\/\\\/super-news.info\\\/pl\\\/63-proc-polakow-boi-sie-zakazenia-koronawirusem-tylko-36-proc-nie-odczuwa-strachu\\\/#primaryimage\"},\"thumbnailUrl\":\"https:\\\/\\\/super-news.info\\\/pl\\\/wp-content\\\/uploads\\\/sites\\\/6\\\/2020\\\/10\\\/63-proc.-Polak-w-boi-si-zaka-enia-koronawirusem.-Tylko-36-proc.jpg\",\"datePublished\":\"2020-10-15T04:34:43+00:00\",\"dateModified\":\"2020-10-26T15:42:59+00:00\",\"author\":{\"@id\":\"https:\\\/\\\/super-news.info\\\/pl\\\/#\\\/schema\\\/person\\\/2d4068cb2f39cd10008c2fce578a7356\"},\"breadcrumb\":{\"@id\":\"https:\\\/\\\/super-news.info\\\/pl\\\/63-proc-polakow-boi-sie-zakazenia-koronawirusem-tylko-36-proc-nie-odczuwa-strachu\\\/#breadcrumb\"},\"inLanguage\":\"pl-PL\",\"potentialAction\":[{\"@type\":\"ReadAction\",\"target\":[\"https:\\\/\\\/super-news.info\\\/pl\\\/63-proc-polakow-boi-sie-zakazenia-koronawirusem-tylko-36-proc-nie-odczuwa-strachu\\\/\"]}]},{\"@type\":\"ImageObject\",\"inLanguage\":\"pl-PL\",\"@id\":\"https:\\\/\\\/super-news.info\\\/pl\\\/63-proc-polakow-boi-sie-zakazenia-koronawirusem-tylko-36-proc-nie-odczuwa-strachu\\\/#primaryimage\",\"url\":\"https:\\\/\\\/super-news.info\\\/pl\\\/wp-content\\\/uploads\\\/sites\\\/6\\\/2020\\\/10\\\/63-proc.-Polak-w-boi-si-zaka-enia-koronawirusem.-Tylko-36-proc.jpg\",\"contentUrl\":\"https:\\\/\\\/super-news.info\\\/pl\\\/wp-content\\\/uploads\\\/sites\\\/6\\\/2020\\\/10\\\/63-proc.-Polak-w-boi-si-zaka-enia-koronawirusem.-Tylko-36-proc.jpg\",\"width\":655,\"height\":435,\"caption\":\"Article\"},{\"@type\":\"BreadcrumbList\",\"@id\":\"https:\\\/\\\/super-news.info\\\/pl\\\/63-proc-polakow-boi-sie-zakazenia-koronawirusem-tylko-36-proc-nie-odczuwa-strachu\\\/#breadcrumb\",\"itemListElement\":[{\"@type\":\"ListItem\",\"position\":1,\"name\":\"\u0413\u043b\u0430\u0432\u043d\u0430\u044f \u0441\u0442\u0440\u0430\u043d\u0438\u0446\u0430\",\"item\":\"https:\\\/\\\/super-news.info\\\/pl\\\/\"},{\"@type\":\"ListItem\",\"position\":2,\"name\":\"63 proc. Polak\u00f3w boi si\u0119 zaka\u017cenia koronawirusem. Tylko, 36 proc. nie odczuwa strachu\"}]},{\"@type\":\"WebSite\",\"@id\":\"https:\\\/\\\/super-news.info\\\/pl\\\/#website\",\"url\":\"https:\\\/\\\/super-news.info\\\/pl\\\/\",\"name\":\"Super News\",\"description\":\"Super News Polska\",\"potentialAction\":[{\"@type\":\"SearchAction\",\"target\":{\"@type\":\"EntryPoint\",\"urlTemplate\":\"https:\\\/\\\/super-news.info\\\/pl\\\/?s={search_term_string}\"},\"query-input\":{\"@type\":\"PropertyValueSpecification\",\"valueRequired\":true,\"valueName\":\"search_term_string\"}}],\"inLanguage\":\"pl-PL\"},{\"@type\":\"Person\",\"@id\":\"https:\\\/\\\/super-news.info\\\/pl\\\/#\\\/schema\\\/person\\\/2d4068cb2f39cd10008c2fce578a7356\",\"name\":\"super-news\",\"image\":{\"@type\":\"ImageObject\",\"inLanguage\":\"pl-PL\",\"@id\":\"https:\\\/\\\/secure.gravatar.com\\\/avatar\\\/64ebac40b93f26a154f8a9b5b6fdccfc46f442b26b3dd6756dbff3bf9dc76fd7?s=96&d=mm&r=g\",\"url\":\"https:\\\/\\\/secure.gravatar.com\\\/avatar\\\/64ebac40b93f26a154f8a9b5b6fdccfc46f442b26b3dd6756dbff3bf9dc76fd7?s=96&d=mm&r=g\",\"contentUrl\":\"https:\\\/\\\/secure.gravatar.com\\\/avatar\\\/64ebac40b93f26a154f8a9b5b6fdccfc46f442b26b3dd6756dbff3bf9dc76fd7?s=96&d=mm&r=g\",\"caption\":\"super-news\"},\"url\":\"https:\\\/\\\/super-news.info\\\/pl\\\/author\\\/pt\\\/\"}]}<\/script>\n<!-- \/ Yoast SEO plugin. -->","yoast_head_json":{"title":"63 proc. Polak\u00f3w boi si\u0119 zaka\u017cenia koronawirusem. Tylko, 36 proc. nie odczuwa strachu - Super News","robots":{"index":"index","follow":"follow","max-snippet":"max-snippet:-1","max-image-preview":"max-image-preview:large","max-video-preview":"max-video-preview:-1"},"canonical":"https:\/\/super-news.info\/pl\/63-proc-polakow-boi-sie-zakazenia-koronawirusem-tylko-36-proc-nie-odczuwa-strachu\/","og_locale":"pl_PL","og_type":"article","og_title":"63 proc. Polak\u00f3w boi si\u0119 zaka\u017cenia koronawirusem. Tylko, 36 proc. nie odczuwa strachu - Super News","og_description":"W badaniu respondenci pytani byli o ich obawy przed zara\u017ceniem koronawirusem oraz o oceny polityki rz\u0105du wobec epidemii. Jak zaznacza CBOS, by\u0142o ono realizowane w czasie, gdy w Polsce gwa\u0142townie ros\u0142a liczba potwierdzonych przypadk\u00f3w zaka\u017ce\u0144. Pokaza\u0142o ono, \u017ce obawy w tym czasie mia\u0142o 63 proc. og\u00f3\u0142u badanych (wzrost o 3 punkty procentowe w stosunku do [&hellip;]","og_url":"https:\/\/super-news.info\/pl\/63-proc-polakow-boi-sie-zakazenia-koronawirusem-tylko-36-proc-nie-odczuwa-strachu\/","og_site_name":"Super News","article_published_time":"2020-10-15T04:34:43+00:00","article_modified_time":"2020-10-26T15:42:59+00:00","og_image":[{"width":655,"height":435,"url":"https:\/\/super-news.info\/pl\/wp-content\/uploads\/sites\/6\/2020\/10\/63-proc.-Polak-w-boi-si-zaka-enia-koronawirusem.-Tylko-36-proc.jpg","type":"image\/jpeg"}],"author":"super-news","twitter_card":"summary_large_image","twitter_misc":{"Napisane przez":"super-news","Szacowany czas czytania":"5 minut"},"schema":{"@context":"https:\/\/schema.org","@graph":[{"@type":"Article","@id":"https:\/\/super-news.info\/pl\/63-proc-polakow-boi-sie-zakazenia-koronawirusem-tylko-36-proc-nie-odczuwa-strachu\/#article","isPartOf":{"@id":"https:\/\/super-news.info\/pl\/63-proc-polakow-boi-sie-zakazenia-koronawirusem-tylko-36-proc-nie-odczuwa-strachu\/"},"author":{"name":"super-news","@id":"https:\/\/super-news.info\/pl\/#\/schema\/person\/2d4068cb2f39cd10008c2fce578a7356"},"headline":"63 proc. Polak\u00f3w boi si\u0119 zaka\u017cenia koronawirusem. Tylko, 36 proc. nie odczuwa strachu","datePublished":"2020-10-15T04:34:43+00:00","dateModified":"2020-10-26T15:42:59+00:00","mainEntityOfPage":{"@id":"https:\/\/super-news.info\/pl\/63-proc-polakow-boi-sie-zakazenia-koronawirusem-tylko-36-proc-nie-odczuwa-strachu\/"},"wordCount":924,"commentCount":0,"image":{"@id":"https:\/\/super-news.info\/pl\/63-proc-polakow-boi-sie-zakazenia-koronawirusem-tylko-36-proc-nie-odczuwa-strachu\/#primaryimage"},"thumbnailUrl":"https:\/\/super-news.info\/pl\/wp-content\/uploads\/sites\/6\/2020\/10\/63-proc.-Polak-w-boi-si-zaka-enia-koronawirusem.-Tylko-36-proc.jpg","articleSection":["WIADOMO\u015aCI MARKETINGOWE"],"inLanguage":"pl-PL","potentialAction":[{"@type":"CommentAction","name":"Comment","target":["https:\/\/super-news.info\/pl\/63-proc-polakow-boi-sie-zakazenia-koronawirusem-tylko-36-proc-nie-odczuwa-strachu\/#respond"]}]},{"@type":"WebPage","@id":"https:\/\/super-news.info\/pl\/63-proc-polakow-boi-sie-zakazenia-koronawirusem-tylko-36-proc-nie-odczuwa-strachu\/","url":"https:\/\/super-news.info\/pl\/63-proc-polakow-boi-sie-zakazenia-koronawirusem-tylko-36-proc-nie-odczuwa-strachu\/","name":"63 proc. Polak\u00f3w boi si\u0119 zaka\u017cenia koronawirusem. Tylko, 36 proc. nie odczuwa strachu - Super News","isPartOf":{"@id":"https:\/\/super-news.info\/pl\/#website"},"primaryImageOfPage":{"@id":"https:\/\/super-news.info\/pl\/63-proc-polakow-boi-sie-zakazenia-koronawirusem-tylko-36-proc-nie-odczuwa-strachu\/#primaryimage"},"image":{"@id":"https:\/\/super-news.info\/pl\/63-proc-polakow-boi-sie-zakazenia-koronawirusem-tylko-36-proc-nie-odczuwa-strachu\/#primaryimage"},"thumbnailUrl":"https:\/\/super-news.info\/pl\/wp-content\/uploads\/sites\/6\/2020\/10\/63-proc.-Polak-w-boi-si-zaka-enia-koronawirusem.-Tylko-36-proc.jpg","datePublished":"2020-10-15T04:34:43+00:00","dateModified":"2020-10-26T15:42:59+00:00","author":{"@id":"https:\/\/super-news.info\/pl\/#\/schema\/person\/2d4068cb2f39cd10008c2fce578a7356"},"breadcrumb":{"@id":"https:\/\/super-news.info\/pl\/63-proc-polakow-boi-sie-zakazenia-koronawirusem-tylko-36-proc-nie-odczuwa-strachu\/#breadcrumb"},"inLanguage":"pl-PL","potentialAction":[{"@type":"ReadAction","target":["https:\/\/super-news.info\/pl\/63-proc-polakow-boi-sie-zakazenia-koronawirusem-tylko-36-proc-nie-odczuwa-strachu\/"]}]},{"@type":"ImageObject","inLanguage":"pl-PL","@id":"https:\/\/super-news.info\/pl\/63-proc-polakow-boi-sie-zakazenia-koronawirusem-tylko-36-proc-nie-odczuwa-strachu\/#primaryimage","url":"https:\/\/super-news.info\/pl\/wp-content\/uploads\/sites\/6\/2020\/10\/63-proc.-Polak-w-boi-si-zaka-enia-koronawirusem.-Tylko-36-proc.jpg","contentUrl":"https:\/\/super-news.info\/pl\/wp-content\/uploads\/sites\/6\/2020\/10\/63-proc.-Polak-w-boi-si-zaka-enia-koronawirusem.-Tylko-36-proc.jpg","width":655,"height":435,"caption":"Article"},{"@type":"BreadcrumbList","@id":"https:\/\/super-news.info\/pl\/63-proc-polakow-boi-sie-zakazenia-koronawirusem-tylko-36-proc-nie-odczuwa-strachu\/#breadcrumb","itemListElement":[{"@type":"ListItem","position":1,"name":"\u0413\u043b\u0430\u0432\u043d\u0430\u044f \u0441\u0442\u0440\u0430\u043d\u0438\u0446\u0430","item":"https:\/\/super-news.info\/pl\/"},{"@type":"ListItem","position":2,"name":"63 proc. Polak\u00f3w boi si\u0119 zaka\u017cenia koronawirusem. Tylko, 36 proc. nie odczuwa strachu"}]},{"@type":"WebSite","@id":"https:\/\/super-news.info\/pl\/#website","url":"https:\/\/super-news.info\/pl\/","name":"Super News","description":"Super News Polska","potentialAction":[{"@type":"SearchAction","target":{"@type":"EntryPoint","urlTemplate":"https:\/\/super-news.info\/pl\/?s={search_term_string}"},"query-input":{"@type":"PropertyValueSpecification","valueRequired":true,"valueName":"search_term_string"}}],"inLanguage":"pl-PL"},{"@type":"Person","@id":"https:\/\/super-news.info\/pl\/#\/schema\/person\/2d4068cb2f39cd10008c2fce578a7356","name":"super-news","image":{"@type":"ImageObject","inLanguage":"pl-PL","@id":"https:\/\/secure.gravatar.com\/avatar\/64ebac40b93f26a154f8a9b5b6fdccfc46f442b26b3dd6756dbff3bf9dc76fd7?s=96&d=mm&r=g","url":"https:\/\/secure.gravatar.com\/avatar\/64ebac40b93f26a154f8a9b5b6fdccfc46f442b26b3dd6756dbff3bf9dc76fd7?s=96&d=mm&r=g","contentUrl":"https:\/\/secure.gravatar.com\/avatar\/64ebac40b93f26a154f8a9b5b6fdccfc46f442b26b3dd6756dbff3bf9dc76fd7?s=96&d=mm&r=g","caption":"super-news"},"url":"https:\/\/super-news.info\/pl\/author\/pt\/"}]}},"_links":{"self":[{"href":"https:\/\/super-news.info\/pl\/wp-json\/wp\/v2\/posts\/2667","targetHints":{"allow":["GET"]}}],"collection":[{"href":"https:\/\/super-news.info\/pl\/wp-json\/wp\/v2\/posts"}],"about":[{"href":"https:\/\/super-news.info\/pl\/wp-json\/wp\/v2\/types\/post"}],"author":[{"embeddable":true,"href":"https:\/\/super-news.info\/pl\/wp-json\/wp\/v2\/users\/2"}],"replies":[{"embeddable":true,"href":"https:\/\/super-news.info\/pl\/wp-json\/wp\/v2\/comments?post=2667"}],"version-history":[{"count":2,"href":"https:\/\/super-news.info\/pl\/wp-json\/wp\/v2\/posts\/2667\/revisions"}],"predecessor-version":[{"id":2702,"href":"https:\/\/super-news.info\/pl\/wp-json\/wp\/v2\/posts\/2667\/revisions\/2702"}],"wp:featuredmedia":[{"embeddable":true,"href":"https:\/\/super-news.info\/pl\/wp-json\/wp\/v2\/media\/2668"}],"wp:attachment":[{"href":"https:\/\/super-news.info\/pl\/wp-json\/wp\/v2\/media?parent=2667"}],"wp:term":[{"taxonomy":"category","embeddable":true,"href":"https:\/\/super-news.info\/pl\/wp-json\/wp\/v2\/categories?post=2667"},{"taxonomy":"post_tag","embeddable":true,"href":"https:\/\/super-news.info\/pl\/wp-json\/wp\/v2\/tags?post=2667"}],"curies":[{"name":"wp","href":"https:\/\/api.w.org\/{rel}","templated":true}]}}