{"id":2658,"date":"2020-10-12T12:13:59","date_gmt":"2020-10-12T09:13:59","guid":{"rendered":"https:\/\/super-news.info\/pl\/nie-ma-zadnej-epidemii-koronawirusa\/"},"modified":"2020-10-15T14:56:41","modified_gmt":"2020-10-15T11:56:41","slug":"nie-ma-zadnej-epidemii-koronawirusa","status":"publish","type":"post","link":"https:\/\/super-news.info\/pl\/nie-ma-zadnej-epidemii-koronawirusa\/","title":{"rendered":"Nie ma \u017cadnej epidemii koronawirusa"},"content":{"rendered":"<p>Od kilku dni w Polsce gwa\u0142townie ro\u015bnie liczba potwierdzonych przypadk\u00f3w koronawirusa. Od soboty 10 pa\u017adziernika wraca obowi\u0105zek powszechnego noszenia maseczek, tak\u017ce na \u015bwie\u017cym powietrzu. W ca\u0142ym kraju w pi\u0105tek zaka\u017conych koronawirusem by\u0142o 116 338 os\u00f3b, a zmar\u0142o 2 919 chorych.<br \/>\nCz\u0119\u015b\u0107 Polak\u00f3w neguje Covid-19<\/p>\n<p>Jak jednak wynika z badania z badania przeprowadzonego dla serwisu ciekaweliczby.pl na panelu Ariadna, a\u017c 17 proc. obywateli neguje fakt istnienia pandemii Covid-19. &nbsp;<\/p>\n<p>7 proc. Polak\u00f3w twierdzi, \u017ce epidemia nie jest \u017cadnym zagro\u017ceniem dla ludzi. Prawie po\u0142owa (47 proc.) uwa\u017ca natomiast, \u017ce epidemia koronawirusa jest bardzo powa\u017cnym zagro\u017ceniem dla ludzi, a 29 proc. &#8211; \u017ce stanowi umiarkowane zagro\u017cenie.<\/p>\n<p>W grupie os\u00f3b powy\u017cej 55. roku \u017cycia (a wi\u0119c z grupy podwy\u017cszonego ryzyka SARS-COV-2) dominuje pogl\u0105d, \u017ce epidemia jest bardzo powa\u017cnym zagro\u017ceniem dla ludzi (69 proc. wskaza\u0144). W\u015br\u00f3d os\u00f3b z najm\u0142odszej badanej grupy wiekowej 18-24 lata, uwa\u017ca tak zaledwie 23 proc., a prawie co trzeci (30 proc.) twierdzi, \u017ce epidemia nie istnieje i jest to wymys\u0142 polityk\u00f3w, medi\u00f3w i firm farmaceutycznych. Pogl\u0105d ten podziela r\u00f3wnie\u017c prawie co trzecia osoba w wieku 25-34 lata (29 proc.).<\/p>\n<p>Badanie pokazuje, \u017ce 21 proc. doros\u0142ych Polak\u00f3w w og\u00f3le nie boi si\u0119 zaka\u017cenia koronawirusem. Z kolei prawie po\u0142owa (48 proc.) boi si\u0119 troch\u0119, a 31 proc. &#8211; bardzo.<br \/>\nNiemal po\u0142owa zwolennik\u00f3w Konfederacji (46 proc.) w og\u00f3le nie boi si\u0119 zaka\u017cenia koronawirusem, podczas gdy w pozosta\u0142ych elektoratach takich \u201eodwa\u017cnych\u201d jest od kilku do kilkunastu procent (KO \u2013 9 proc., PiS \u2013 14 proc., Lewica \u2013 18 proc.).<\/p>\n<p>Najwi\u0119cej os\u00f3b, kt\u00f3re nie boj\u0105 si\u0119 zaka\u017cania koronawirusem, podobnie jak tych, kt\u00f3rzy nie wierz\u0105 w jego istnienie, jest w najm\u0142odszych grupach wiekowych. Zaka\u017cenia nie boi si\u0119 36 proc. os\u00f3b w wieku 18-24 lata i 33 proc. os\u00f3b w wieku 25-34 lata.<br \/>\nNajwi\u0119cej os\u00f3b uwa\u017caj\u0105cych, \u017ce epidemia koronawirusa jest bardzo powa\u017cnym zagro\u017ceniem dla ludzi jest w\u015br\u00f3d wyborc\u00f3w Koalicji Obywatelskiej (60 proc.). Niewiele mniej jest takich os\u00f3b w\u015br\u00f3d wyborc\u00f3w Lewicy (57 proc.) oraz Prawa i Sprawiedliwo\u015bci (54 proc.).<br \/>\nNa przeciwnym biegunie znajduj\u0105 si\u0119 wyborcy Konfederacji. W\u015br\u00f3d nich zaledwie 17 proc. uwa\u017ca, \u017ce pandemia jest bardzo powa\u017cnym zagro\u017ceniem dla ludzi, a \u0142\u0105cznie prawie po\u0142owa wyborc\u00f3w tej partii twierdzi, \u017ce epidemia nie jest zagro\u017ceniem dla ludzi (24 proc.) lub \u017ce nie ma jej wcale (21 proc.).<\/p>\n<p>Polacy przestrzegaj\u0105 noszenia maseczek<\/p>\n<p>W badaniu pytano tak\u017ce o noszenie maseczek w sklepach i \u015brodkach komunikacji publicznej (poci\u0105gach, autobusach, tramwajach). Zdecydowana wi\u0119kszo\u015b\u0107 os\u00f3b (82 proc.) twierdzi, \u017ce zawsze zak\u0142ada maseczki w takich sytuacjach, a kolejne 13 proc., \u017ce czasem je zak\u0142ada, a czasem nie. Natomiast 5 proc. badanych o\u015bwiadczy\u0142o, \u017ce nigdy nie zak\u0142ada maseczki.<\/p>\n<p>Tutaj zn\u00f3w najbardziej wyr\u00f3\u017cniaj\u0105 si\u0119 zwolennicy Konfederacji, z kt\u00f3rych tylko 67 proc. deklaruje, \u017ce zawsze nosi maseczki, a 11 proc., \u017ce nie zak\u0142ada ich wcale. Najwi\u0119cej os\u00f3b deklaruj\u0105cych, \u017ce zawsze nosz\u0105 maseczki jest w\u015br\u00f3d wyborc\u00f3w Koalicji Obywatelskiej (92 proc.). Na troch\u0119 ni\u017cszych, ale zbli\u017conych poziomach by\u0142y deklaracje wyborc\u00f3w PiS i Lewicy (odpowiednio 86 proc. i 87 proc.).<\/p>\n<p>Podobnie, jak w poprzednich pytaniach, osoby z najm\u0142odszych grup wiekowych (18-24 i 25-34) negatywnie wyr\u00f3\u017cniaj\u0105 si\u0119 na tle pozosta\u0142ych i w najmniejszym stopniu deklaruj\u0105, \u017ce zawsze zak\u0142adaj\u0105 maseczki w sklepach i \u015brodkach komunikacji publicznej (64 proc. i 70 proc.).<\/p>\n<p>Osoby, kt\u00f3re nigdy nie zak\u0142adaj\u0105 maseczki w sklepach i \u015brodkach komunikacji publicznej, jako najcz\u0119stszy pow\u00f3d takiego post\u0119powania wskazywa\u0142y, \u017ce nie wierz\u0105 w epidemi\u0119 koronawirusa (32 proc.). Na drugim miejscu znalaz\u0142o si\u0119 przekonanie, \u017ce nie s\u0105 chorzy, wi\u0119c nikogo nie zara\u017c\u0105 (20 proc.).<\/p>\n<p>&#8211; Badanie pokazuje, jak du\u017co os\u00f3b w Polsce wierzy w teorie spiskowe. Bardzo niepokoj\u0105ca jest beztroska m\u0142odego pokolenia, kt\u00f3re w najwi\u0119kszym stopniu nie wierzy w istnienie koronawirusa, nie boi si\u0119 go i nie przestrzega obowi\u0105zku noszenia maseczek. M\u0142odzi s\u0105 mniej nara\u017ceni na dotkliwe skutki zaka\u017cenia koronawirusem, ale absolutnie nie mo\u017ce ich to zwalnia\u0107 z odpowiedzialno\u015bci za zdrowie i \u017cycie starszych ludzi, w tym swoich najbli\u017cszych &#8211; m\u00f3wi Alicja Defratyka, autorka projektu ciekaweliczby.pl.<br \/>\nBadanie przeprowadzone dla serwisu ciekaweliczby.pl na og\u00f3lnopolskim panelu badawczym Ariadna. Pr\u00f3ba og\u00f3lnopolska losowo-kwotowa N=1073 os\u00f3b w wieku od 18 lat wzwy\u017c. Kwoty dobrane wg reprezentacji w populacji dla p\u0142ci, wieku i wielko\u015bci miejscowo\u015bci zamieszkania. Termin realizacji: 2 \u2013 5 pa\u017adziernika 2020 roku. Metoda: CAWI.<\/p>\n<p><!--noindex--><br \/>\n<a href=\"https:\/\/www.wirtualnemedia.pl\/artykul\/nie-ma-zadnej-epidemii-koronawirusa\" rel=\"nofollow\">Source link <\/a><br \/>\n<!--\/noindex--><\/p>\n","protected":false},"excerpt":{"rendered":"<p>Od kilku dni w Polsce gwa\u0142townie ro\u015bnie liczba potwierdzonych przypadk\u00f3w koronawirusa. Od soboty 10 pa\u017adziernika wraca obowi\u0105zek powszechnego noszenia maseczek, tak\u017ce na \u015bwie\u017cym powietrzu. W ca\u0142ym kraju w pi\u0105tek zaka\u017conych koronawirusem by\u0142o 116 338 os\u00f3b, a zmar\u0142o 2 919 chorych. Cz\u0119\u015b\u0107 Polak\u00f3w neguje Covid-19 Jak jednak wynika z badania z badania przeprowadzonego dla serwisu ciekaweliczby.pl [&hellip;]<\/p>\n","protected":false},"author":2,"featured_media":2659,"comment_status":"open","ping_status":"open","sticky":false,"template":"","format":"standard","meta":{"footnotes":""},"categories":[3],"tags":[],"class_list":["post-2658","post","type-post","status-publish","format-standard","has-post-thumbnail","hentry","category-wiadomosci-marketingowe"],"yoast_head":"<!-- This site is optimized with the Yoast SEO plugin v27.4 - https:\/\/yoast.com\/product\/yoast-seo-wordpress\/ -->\n<title>Nie ma \u017cadnej epidemii koronawirusa - Super News<\/title>\n<meta name=\"robots\" content=\"index, follow, max-snippet:-1, max-image-preview:large, max-video-preview:-1\" \/>\n<link rel=\"canonical\" href=\"https:\/\/super-news.info\/pl\/nie-ma-zadnej-epidemii-koronawirusa\/\" \/>\n<meta property=\"og:locale\" content=\"pl_PL\" \/>\n<meta property=\"og:type\" content=\"article\" \/>\n<meta property=\"og:title\" content=\"Nie ma \u017cadnej epidemii koronawirusa - Super News\" \/>\n<meta property=\"og:description\" content=\"Od kilku dni w Polsce gwa\u0142townie ro\u015bnie liczba potwierdzonych przypadk\u00f3w koronawirusa. Od soboty 10 pa\u017adziernika wraca obowi\u0105zek powszechnego noszenia maseczek, tak\u017ce na \u015bwie\u017cym powietrzu. W ca\u0142ym kraju w pi\u0105tek zaka\u017conych koronawirusem by\u0142o 116 338 os\u00f3b, a zmar\u0142o 2 919 chorych. Cz\u0119\u015b\u0107 Polak\u00f3w neguje Covid-19 Jak jednak wynika z badania z badania przeprowadzonego dla serwisu ciekaweliczby.pl [&hellip;]\" \/>\n<meta property=\"og:url\" content=\"https:\/\/super-news.info\/pl\/nie-ma-zadnej-epidemii-koronawirusa\/\" \/>\n<meta property=\"og:site_name\" content=\"Super News\" \/>\n<meta property=\"article:published_time\" content=\"2020-10-12T09:13:59+00:00\" \/>\n<meta property=\"article:modified_time\" content=\"2020-10-15T11:56:41+00:00\" \/>\n<meta property=\"og:image\" content=\"https:\/\/super-news.info\/pl\/wp-content\/uploads\/sites\/6\/2020\/10\/Nie-ma-adnej-epidemii-koronawirusa.jpg\" \/>\n\t<meta property=\"og:image:width\" content=\"655\" \/>\n\t<meta property=\"og:image:height\" content=\"440\" \/>\n\t<meta property=\"og:image:type\" content=\"image\/jpeg\" \/>\n<meta name=\"author\" content=\"super-news\" \/>\n<meta name=\"twitter:card\" content=\"summary_large_image\" \/>\n<meta name=\"twitter:label1\" content=\"Napisane przez\" \/>\n\t<meta name=\"twitter:data1\" content=\"super-news\" \/>\n\t<meta name=\"twitter:label2\" content=\"Szacowany czas czytania\" \/>\n\t<meta name=\"twitter:data2\" content=\"4 minuty\" \/>\n<script type=\"application\/ld+json\" class=\"yoast-schema-graph\">{\"@context\":\"https:\\\/\\\/schema.org\",\"@graph\":[{\"@type\":\"Article\",\"@id\":\"https:\\\/\\\/super-news.info\\\/pl\\\/nie-ma-zadnej-epidemii-koronawirusa\\\/#article\",\"isPartOf\":{\"@id\":\"https:\\\/\\\/super-news.info\\\/pl\\\/nie-ma-zadnej-epidemii-koronawirusa\\\/\"},\"author\":{\"name\":\"super-news\",\"@id\":\"https:\\\/\\\/super-news.info\\\/pl\\\/#\\\/schema\\\/person\\\/2d4068cb2f39cd10008c2fce578a7356\"},\"headline\":\"Nie ma \u017cadnej epidemii koronawirusa\",\"datePublished\":\"2020-10-12T09:13:59+00:00\",\"dateModified\":\"2020-10-15T11:56:41+00:00\",\"mainEntityOfPage\":{\"@id\":\"https:\\\/\\\/super-news.info\\\/pl\\\/nie-ma-zadnej-epidemii-koronawirusa\\\/\"},\"wordCount\":771,\"commentCount\":0,\"image\":{\"@id\":\"https:\\\/\\\/super-news.info\\\/pl\\\/nie-ma-zadnej-epidemii-koronawirusa\\\/#primaryimage\"},\"thumbnailUrl\":\"https:\\\/\\\/super-news.info\\\/pl\\\/wp-content\\\/uploads\\\/sites\\\/6\\\/2020\\\/10\\\/Nie-ma-adnej-epidemii-koronawirusa.jpg\",\"articleSection\":[\"WIADOMO\u015aCI MARKETINGOWE\"],\"inLanguage\":\"pl-PL\",\"potentialAction\":[{\"@type\":\"CommentAction\",\"name\":\"Comment\",\"target\":[\"https:\\\/\\\/super-news.info\\\/pl\\\/nie-ma-zadnej-epidemii-koronawirusa\\\/#respond\"]}]},{\"@type\":\"WebPage\",\"@id\":\"https:\\\/\\\/super-news.info\\\/pl\\\/nie-ma-zadnej-epidemii-koronawirusa\\\/\",\"url\":\"https:\\\/\\\/super-news.info\\\/pl\\\/nie-ma-zadnej-epidemii-koronawirusa\\\/\",\"name\":\"Nie ma \u017cadnej epidemii koronawirusa - Super News\",\"isPartOf\":{\"@id\":\"https:\\\/\\\/super-news.info\\\/pl\\\/#website\"},\"primaryImageOfPage\":{\"@id\":\"https:\\\/\\\/super-news.info\\\/pl\\\/nie-ma-zadnej-epidemii-koronawirusa\\\/#primaryimage\"},\"image\":{\"@id\":\"https:\\\/\\\/super-news.info\\\/pl\\\/nie-ma-zadnej-epidemii-koronawirusa\\\/#primaryimage\"},\"thumbnailUrl\":\"https:\\\/\\\/super-news.info\\\/pl\\\/wp-content\\\/uploads\\\/sites\\\/6\\\/2020\\\/10\\\/Nie-ma-adnej-epidemii-koronawirusa.jpg\",\"datePublished\":\"2020-10-12T09:13:59+00:00\",\"dateModified\":\"2020-10-15T11:56:41+00:00\",\"author\":{\"@id\":\"https:\\\/\\\/super-news.info\\\/pl\\\/#\\\/schema\\\/person\\\/2d4068cb2f39cd10008c2fce578a7356\"},\"breadcrumb\":{\"@id\":\"https:\\\/\\\/super-news.info\\\/pl\\\/nie-ma-zadnej-epidemii-koronawirusa\\\/#breadcrumb\"},\"inLanguage\":\"pl-PL\",\"potentialAction\":[{\"@type\":\"ReadAction\",\"target\":[\"https:\\\/\\\/super-news.info\\\/pl\\\/nie-ma-zadnej-epidemii-koronawirusa\\\/\"]}]},{\"@type\":\"ImageObject\",\"inLanguage\":\"pl-PL\",\"@id\":\"https:\\\/\\\/super-news.info\\\/pl\\\/nie-ma-zadnej-epidemii-koronawirusa\\\/#primaryimage\",\"url\":\"https:\\\/\\\/super-news.info\\\/pl\\\/wp-content\\\/uploads\\\/sites\\\/6\\\/2020\\\/10\\\/Nie-ma-adnej-epidemii-koronawirusa.jpg\",\"contentUrl\":\"https:\\\/\\\/super-news.info\\\/pl\\\/wp-content\\\/uploads\\\/sites\\\/6\\\/2020\\\/10\\\/Nie-ma-adnej-epidemii-koronawirusa.jpg\",\"width\":655,\"height\":440,\"caption\":\"Article\"},{\"@type\":\"BreadcrumbList\",\"@id\":\"https:\\\/\\\/super-news.info\\\/pl\\\/nie-ma-zadnej-epidemii-koronawirusa\\\/#breadcrumb\",\"itemListElement\":[{\"@type\":\"ListItem\",\"position\":1,\"name\":\"\u0413\u043b\u0430\u0432\u043d\u0430\u044f \u0441\u0442\u0440\u0430\u043d\u0438\u0446\u0430\",\"item\":\"https:\\\/\\\/super-news.info\\\/pl\\\/\"},{\"@type\":\"ListItem\",\"position\":2,\"name\":\"Nie ma \u017cadnej epidemii koronawirusa\"}]},{\"@type\":\"WebSite\",\"@id\":\"https:\\\/\\\/super-news.info\\\/pl\\\/#website\",\"url\":\"https:\\\/\\\/super-news.info\\\/pl\\\/\",\"name\":\"Super News\",\"description\":\"Super News Polska\",\"potentialAction\":[{\"@type\":\"SearchAction\",\"target\":{\"@type\":\"EntryPoint\",\"urlTemplate\":\"https:\\\/\\\/super-news.info\\\/pl\\\/?s={search_term_string}\"},\"query-input\":{\"@type\":\"PropertyValueSpecification\",\"valueRequired\":true,\"valueName\":\"search_term_string\"}}],\"inLanguage\":\"pl-PL\"},{\"@type\":\"Person\",\"@id\":\"https:\\\/\\\/super-news.info\\\/pl\\\/#\\\/schema\\\/person\\\/2d4068cb2f39cd10008c2fce578a7356\",\"name\":\"super-news\",\"image\":{\"@type\":\"ImageObject\",\"inLanguage\":\"pl-PL\",\"@id\":\"https:\\\/\\\/secure.gravatar.com\\\/avatar\\\/64ebac40b93f26a154f8a9b5b6fdccfc46f442b26b3dd6756dbff3bf9dc76fd7?s=96&d=mm&r=g\",\"url\":\"https:\\\/\\\/secure.gravatar.com\\\/avatar\\\/64ebac40b93f26a154f8a9b5b6fdccfc46f442b26b3dd6756dbff3bf9dc76fd7?s=96&d=mm&r=g\",\"contentUrl\":\"https:\\\/\\\/secure.gravatar.com\\\/avatar\\\/64ebac40b93f26a154f8a9b5b6fdccfc46f442b26b3dd6756dbff3bf9dc76fd7?s=96&d=mm&r=g\",\"caption\":\"super-news\"},\"url\":\"https:\\\/\\\/super-news.info\\\/pl\\\/author\\\/pt\\\/\"}]}<\/script>\n<!-- \/ Yoast SEO plugin. -->","yoast_head_json":{"title":"Nie ma \u017cadnej epidemii koronawirusa - Super News","robots":{"index":"index","follow":"follow","max-snippet":"max-snippet:-1","max-image-preview":"max-image-preview:large","max-video-preview":"max-video-preview:-1"},"canonical":"https:\/\/super-news.info\/pl\/nie-ma-zadnej-epidemii-koronawirusa\/","og_locale":"pl_PL","og_type":"article","og_title":"Nie ma \u017cadnej epidemii koronawirusa - Super News","og_description":"Od kilku dni w Polsce gwa\u0142townie ro\u015bnie liczba potwierdzonych przypadk\u00f3w koronawirusa. Od soboty 10 pa\u017adziernika wraca obowi\u0105zek powszechnego noszenia maseczek, tak\u017ce na \u015bwie\u017cym powietrzu. W ca\u0142ym kraju w pi\u0105tek zaka\u017conych koronawirusem by\u0142o 116 338 os\u00f3b, a zmar\u0142o 2 919 chorych. Cz\u0119\u015b\u0107 Polak\u00f3w neguje Covid-19 Jak jednak wynika z badania z badania przeprowadzonego dla serwisu ciekaweliczby.pl [&hellip;]","og_url":"https:\/\/super-news.info\/pl\/nie-ma-zadnej-epidemii-koronawirusa\/","og_site_name":"Super News","article_published_time":"2020-10-12T09:13:59+00:00","article_modified_time":"2020-10-15T11:56:41+00:00","og_image":[{"width":655,"height":440,"url":"https:\/\/super-news.info\/pl\/wp-content\/uploads\/sites\/6\/2020\/10\/Nie-ma-adnej-epidemii-koronawirusa.jpg","type":"image\/jpeg"}],"author":"super-news","twitter_card":"summary_large_image","twitter_misc":{"Napisane przez":"super-news","Szacowany czas czytania":"4 minuty"},"schema":{"@context":"https:\/\/schema.org","@graph":[{"@type":"Article","@id":"https:\/\/super-news.info\/pl\/nie-ma-zadnej-epidemii-koronawirusa\/#article","isPartOf":{"@id":"https:\/\/super-news.info\/pl\/nie-ma-zadnej-epidemii-koronawirusa\/"},"author":{"name":"super-news","@id":"https:\/\/super-news.info\/pl\/#\/schema\/person\/2d4068cb2f39cd10008c2fce578a7356"},"headline":"Nie ma \u017cadnej epidemii koronawirusa","datePublished":"2020-10-12T09:13:59+00:00","dateModified":"2020-10-15T11:56:41+00:00","mainEntityOfPage":{"@id":"https:\/\/super-news.info\/pl\/nie-ma-zadnej-epidemii-koronawirusa\/"},"wordCount":771,"commentCount":0,"image":{"@id":"https:\/\/super-news.info\/pl\/nie-ma-zadnej-epidemii-koronawirusa\/#primaryimage"},"thumbnailUrl":"https:\/\/super-news.info\/pl\/wp-content\/uploads\/sites\/6\/2020\/10\/Nie-ma-adnej-epidemii-koronawirusa.jpg","articleSection":["WIADOMO\u015aCI MARKETINGOWE"],"inLanguage":"pl-PL","potentialAction":[{"@type":"CommentAction","name":"Comment","target":["https:\/\/super-news.info\/pl\/nie-ma-zadnej-epidemii-koronawirusa\/#respond"]}]},{"@type":"WebPage","@id":"https:\/\/super-news.info\/pl\/nie-ma-zadnej-epidemii-koronawirusa\/","url":"https:\/\/super-news.info\/pl\/nie-ma-zadnej-epidemii-koronawirusa\/","name":"Nie ma \u017cadnej epidemii koronawirusa - Super News","isPartOf":{"@id":"https:\/\/super-news.info\/pl\/#website"},"primaryImageOfPage":{"@id":"https:\/\/super-news.info\/pl\/nie-ma-zadnej-epidemii-koronawirusa\/#primaryimage"},"image":{"@id":"https:\/\/super-news.info\/pl\/nie-ma-zadnej-epidemii-koronawirusa\/#primaryimage"},"thumbnailUrl":"https:\/\/super-news.info\/pl\/wp-content\/uploads\/sites\/6\/2020\/10\/Nie-ma-adnej-epidemii-koronawirusa.jpg","datePublished":"2020-10-12T09:13:59+00:00","dateModified":"2020-10-15T11:56:41+00:00","author":{"@id":"https:\/\/super-news.info\/pl\/#\/schema\/person\/2d4068cb2f39cd10008c2fce578a7356"},"breadcrumb":{"@id":"https:\/\/super-news.info\/pl\/nie-ma-zadnej-epidemii-koronawirusa\/#breadcrumb"},"inLanguage":"pl-PL","potentialAction":[{"@type":"ReadAction","target":["https:\/\/super-news.info\/pl\/nie-ma-zadnej-epidemii-koronawirusa\/"]}]},{"@type":"ImageObject","inLanguage":"pl-PL","@id":"https:\/\/super-news.info\/pl\/nie-ma-zadnej-epidemii-koronawirusa\/#primaryimage","url":"https:\/\/super-news.info\/pl\/wp-content\/uploads\/sites\/6\/2020\/10\/Nie-ma-adnej-epidemii-koronawirusa.jpg","contentUrl":"https:\/\/super-news.info\/pl\/wp-content\/uploads\/sites\/6\/2020\/10\/Nie-ma-adnej-epidemii-koronawirusa.jpg","width":655,"height":440,"caption":"Article"},{"@type":"BreadcrumbList","@id":"https:\/\/super-news.info\/pl\/nie-ma-zadnej-epidemii-koronawirusa\/#breadcrumb","itemListElement":[{"@type":"ListItem","position":1,"name":"\u0413\u043b\u0430\u0432\u043d\u0430\u044f \u0441\u0442\u0440\u0430\u043d\u0438\u0446\u0430","item":"https:\/\/super-news.info\/pl\/"},{"@type":"ListItem","position":2,"name":"Nie ma \u017cadnej epidemii koronawirusa"}]},{"@type":"WebSite","@id":"https:\/\/super-news.info\/pl\/#website","url":"https:\/\/super-news.info\/pl\/","name":"Super News","description":"Super News Polska","potentialAction":[{"@type":"SearchAction","target":{"@type":"EntryPoint","urlTemplate":"https:\/\/super-news.info\/pl\/?s={search_term_string}"},"query-input":{"@type":"PropertyValueSpecification","valueRequired":true,"valueName":"search_term_string"}}],"inLanguage":"pl-PL"},{"@type":"Person","@id":"https:\/\/super-news.info\/pl\/#\/schema\/person\/2d4068cb2f39cd10008c2fce578a7356","name":"super-news","image":{"@type":"ImageObject","inLanguage":"pl-PL","@id":"https:\/\/secure.gravatar.com\/avatar\/64ebac40b93f26a154f8a9b5b6fdccfc46f442b26b3dd6756dbff3bf9dc76fd7?s=96&d=mm&r=g","url":"https:\/\/secure.gravatar.com\/avatar\/64ebac40b93f26a154f8a9b5b6fdccfc46f442b26b3dd6756dbff3bf9dc76fd7?s=96&d=mm&r=g","contentUrl":"https:\/\/secure.gravatar.com\/avatar\/64ebac40b93f26a154f8a9b5b6fdccfc46f442b26b3dd6756dbff3bf9dc76fd7?s=96&d=mm&r=g","caption":"super-news"},"url":"https:\/\/super-news.info\/pl\/author\/pt\/"}]}},"_links":{"self":[{"href":"https:\/\/super-news.info\/pl\/wp-json\/wp\/v2\/posts\/2658","targetHints":{"allow":["GET"]}}],"collection":[{"href":"https:\/\/super-news.info\/pl\/wp-json\/wp\/v2\/posts"}],"about":[{"href":"https:\/\/super-news.info\/pl\/wp-json\/wp\/v2\/types\/post"}],"author":[{"embeddable":true,"href":"https:\/\/super-news.info\/pl\/wp-json\/wp\/v2\/users\/2"}],"replies":[{"embeddable":true,"href":"https:\/\/super-news.info\/pl\/wp-json\/wp\/v2\/comments?post=2658"}],"version-history":[{"count":2,"href":"https:\/\/super-news.info\/pl\/wp-json\/wp\/v2\/posts\/2658\/revisions"}],"predecessor-version":[{"id":2671,"href":"https:\/\/super-news.info\/pl\/wp-json\/wp\/v2\/posts\/2658\/revisions\/2671"}],"wp:featuredmedia":[{"embeddable":true,"href":"https:\/\/super-news.info\/pl\/wp-json\/wp\/v2\/media\/2659"}],"wp:attachment":[{"href":"https:\/\/super-news.info\/pl\/wp-json\/wp\/v2\/media?parent=2658"}],"wp:term":[{"taxonomy":"category","embeddable":true,"href":"https:\/\/super-news.info\/pl\/wp-json\/wp\/v2\/categories?post=2658"},{"taxonomy":"post_tag","embeddable":true,"href":"https:\/\/super-news.info\/pl\/wp-json\/wp\/v2\/tags?post=2658"}],"curies":[{"name":"wp","href":"https:\/\/api.w.org\/{rel}","templated":true}]}}