{"id":2647,"date":"2020-10-06T19:15:55","date_gmt":"2020-10-06T16:15:55","guid":{"rendered":"https:\/\/super-news.info\/pl\/gfk-polonia-wyniki-finasnowe-2019-rok-wplywy-zmalaly-o-17-proc-bez-zmiany-budzetu-w-zwiazku-z-epidemia\/"},"modified":"2020-10-06T19:15:57","modified_gmt":"2020-10-06T16:15:57","slug":"gfk-polonia-wyniki-finasnowe-2019-rok-wplywy-zmalaly-o-17-proc-bez-zmiany-budzetu-w-zwiazku-z-epidemia","status":"publish","type":"post","link":"https:\/\/super-news.info\/pl\/gfk-polonia-wyniki-finasnowe-2019-rok-wplywy-zmalaly-o-17-proc-bez-zmiany-budzetu-w-zwiazku-z-epidemia\/","title":{"rendered":"GfK Polonia wyniki finasnowe 2019 rok wp\u0142ywy zmala\u0142y. o 17 proc., bez zmiany bud\u017cetu w zwi\u0105zku z epidemi\u0105"},"content":{"rendered":"<p>Przychody GfK Polonia zmniejszy\u0142y si\u0119 rok do roku z 90,12 do 75,13 mln z\u0142. W sprawozdaniu z\u0142o\u017conym w KRS firma t\u0142umaczy to \u201ezmian\u0105 portfolio klient\u00f3w i koncentracj\u0105 na g\u0142\u00f3wnych obszarach dzia\u0142alno\u015bci\u201d.Wp\u0142ywy firmy od innych podmiot\u00f3w z koncernu GfK zmala\u0142y natomiast z 29,65 do 28,56 mln z\u0142. To przede wszystkim 17,24 mln z\u0142 od niemieckiego GfK Retail and Technology, a tak\u017ce 2,94 mln z\u0142 od GfK SE, 2,26 mln z\u0142 od GfK Austria i 2,07 mln z\u0142 od GfK Retail and Technology.Koszty 6 proc. w d\u00f3\u0142, 186 pracownik\u00f3wWydatki operacyjne GfK Polonia zmniejszy\u0142y si\u0119 rok do roku o 5,8 proc. &#8211; z 75,58 do 71,2 mln z\u0142.Nak\u0142ady na us\u0142ugi obce wzros\u0142y z 41,9 do 43,37 mln z\u0142, natomiast na wynagrodzenia zmala\u0142y z 25,6 do 18,96 mln z\u0142, a na ubezpieczenia spo\u0142eczne i inne \u015bwiadczenia pracownicze &#8211; z 4,44 do 3,33 mln z\u0142. W ub.r. w firmie pracowa\u0142o \u015brednio 186 os\u00f3b, o 11 mniej ni\u017c w 2018 roku.Koszty amortyzacji zmniejszy\u0142y si\u0119 z 1,45 do 1,18 mln z\u0142, podatk\u00f3w i op\u0142at &#8211; z 310,8 do 275 tys. z\u0142, natomiast pozosta\u0142e koszty rodzajowe posz\u0142y w g\u00f3r\u0119 z 1,88 do 3,75 mln z\u0142.Wydatki na zakupy od sp\u00f3\u0142ek zale\u017cnych wynios\u0142y w ub.r. 27,48 mln z\u0142, z czego 24,8 mln z\u0142 &#8211; na zakupy od GfK SE.Pozosta\u0142e wp\u0142ywy operacyjne GfK Polonia posz\u0142y w d\u00f3\u0142 z 3,08 do 2,76 mln z\u0142, a pozosta\u0142e koszty wzros\u0142y z 512 do 706,6 tys. z\u0142.Zysk na dywidend\u0119Du\u017co wi\u0119kszy spadek przychod\u00f3w ni\u017c koszt\u00f3w spowodowa\u0142, \u017ce pogorszy\u0142y si\u0119 wyniki rentowno\u015bci GfK Polonia. Zysk sprzeda\u017cowy zmala\u0142 z 15,63 do 3,93 mln z\u0142, zysk operacyjny &#8211; z 18,2 do 5,99 mln z\u0142, zysk brutto &#8211; z 18,1 do 6,2 mln z\u0142, a zysk netto &#8211; z 11,13 do 3,01 mln z\u0142.Bezpo\u015brednim w\u0142a\u015bcicielem firmy jest GfK Austria. W drugiej po\u0142owie czerwca na walnym zebraniu zdecydowa\u0142a, \u017ce jej zesz\u0142oroczny zysk netto zostanie w ca\u0142o\u015bci przeznaczony na dywidend\u0119. Wyp\u0142acono j\u0105 w sierpniu.Koncentracja na badaniach panelowychW sprawozdaniu zapowiedziano, \u017ce GfK Polonia b\u0119dzie dalej koncentrowa\u0107 si\u0119 na obszarze bada\u0144 panelowych, zar\u00f3wno konsumenckich (czyli Panelu Gospodarstw Domowych), jak i bada\u0144 POS w obszarze digital. &#8211; Nowe produkty, kt\u00f3re planujemy wprowadzi\u0107 jak i intensywna komunikacja z klientami trakcie COVID-19, nie zmieni\u0142y naszych za\u0142o\u017ce\u0144 bud\u017cetowych &#8211; zapewniono.Firma podkre\u015bli\u0142a, \u017ce epidemia nie ma znacz\u0105cego wp\u0142ywu na jej funkcjonalnie. &#8211; Pracownicy wykonuj\u0105 swoje obowi\u0105zki zdalnie, w spos\u00f3b ci\u0105g\u0142y i zachowaniem procedur zapewniaj\u0105cych kontynuacj\u0119 proces\u00f3w biznesowych &#8211; stwierdzono.- Dwa g\u0142\u00f3wne filary biznesowe, panele: GfK POS Tracking i GfK Consumer Panel &amp; Services kontynuuj\u0105 swoje dzia\u0142ania. W przypadku zespo\u0142\u00f3w Digital Ad-hoc cz\u0119\u015b\u0107 projekt\u00f3w zosta\u0142a przesuni\u0119ta a nie odwo\u0142ana przez Klient\u00f3w. Pozosta\u0142e staramy si\u0119 realizowa\u0107 dost\u0119pnymi metodami alternatywnymi, m.in. wywiady i ankiety on-line. Dodatkowo nale\u017cy zauwa\u017cy\u0107, \u017ce kryzys spowodowany wirusem nie wp\u0142yn\u0105 na p\u0142ynno\u015b\u0107 finansow\u0105 Sp\u00f3\u0142ki &#8211; wyliczono..<br \/>\n<br \/>\n<!--noindex--><br \/>\n<a href=\"https:\/\/www.wirtualnemedia.pl\/artykul\/gfk-polonia-wyniki-finasnowe-2019-rok-wplywy-zmalaly-o-17-proc-bez-zmiany-budzetu-w-zwiazku-z-epidemia\" rel=\"nofollow\">Source link <\/a><br \/>\n<!--\/noindex--><\/p>\n","protected":false},"excerpt":{"rendered":"<p>Przychody GfK Polonia zmniejszy\u0142y si\u0119 rok do roku z 90,12 do 75,13 mln z\u0142. W sprawozdaniu z\u0142o\u017conym w KRS firma t\u0142umaczy to \u201ezmian\u0105 portfolio klient\u00f3w i koncentracj\u0105 na g\u0142\u00f3wnych obszarach dzia\u0142alno\u015bci\u201d.Wp\u0142ywy firmy od innych podmiot\u00f3w z koncernu GfK zmala\u0142y natomiast z 29,65 do 28,56 mln z\u0142. To przede wszystkim 17,24 mln z\u0142 od niemieckiego GfK [&hellip;]<\/p>\n","protected":false},"author":2,"featured_media":2648,"comment_status":"open","ping_status":"open","sticky":false,"template":"","format":"standard","meta":{"footnotes":""},"categories":[3],"tags":[],"class_list":["post-2647","post","type-post","status-publish","format-standard","has-post-thumbnail","hentry","category-wiadomosci-marketingowe"],"yoast_head":"<!-- This site is optimized with the Yoast SEO plugin v27.4 - https:\/\/yoast.com\/product\/yoast-seo-wordpress\/ -->\n<title>GfK Polonia wyniki finasnowe 2019 rok wp\u0142ywy zmala\u0142y. o 17 proc., bez zmiany bud\u017cetu w zwi\u0105zku z epidemi\u0105 - Super News<\/title>\n<meta name=\"robots\" content=\"index, follow, max-snippet:-1, max-image-preview:large, max-video-preview:-1\" \/>\n<link rel=\"canonical\" href=\"https:\/\/super-news.info\/pl\/gfk-polonia-wyniki-finasnowe-2019-rok-wplywy-zmalaly-o-17-proc-bez-zmiany-budzetu-w-zwiazku-z-epidemia\/\" \/>\n<meta property=\"og:locale\" content=\"pl_PL\" \/>\n<meta property=\"og:type\" content=\"article\" \/>\n<meta property=\"og:title\" content=\"GfK Polonia wyniki finasnowe 2019 rok wp\u0142ywy zmala\u0142y. o 17 proc., bez zmiany bud\u017cetu w zwi\u0105zku z epidemi\u0105 - Super News\" \/>\n<meta property=\"og:description\" content=\"Przychody GfK Polonia zmniejszy\u0142y si\u0119 rok do roku z 90,12 do 75,13 mln z\u0142. W sprawozdaniu z\u0142o\u017conym w KRS firma t\u0142umaczy to \u201ezmian\u0105 portfolio klient\u00f3w i koncentracj\u0105 na g\u0142\u00f3wnych obszarach dzia\u0142alno\u015bci\u201d.Wp\u0142ywy firmy od innych podmiot\u00f3w z koncernu GfK zmala\u0142y natomiast z 29,65 do 28,56 mln z\u0142. To przede wszystkim 17,24 mln z\u0142 od niemieckiego GfK [&hellip;]\" \/>\n<meta property=\"og:url\" content=\"https:\/\/super-news.info\/pl\/gfk-polonia-wyniki-finasnowe-2019-rok-wplywy-zmalaly-o-17-proc-bez-zmiany-budzetu-w-zwiazku-z-epidemia\/\" \/>\n<meta property=\"og:site_name\" content=\"Super News\" \/>\n<meta property=\"article:published_time\" content=\"2020-10-06T16:15:55+00:00\" \/>\n<meta property=\"article:modified_time\" content=\"2020-10-06T16:15:57+00:00\" \/>\n<meta property=\"og:image\" content=\"https:\/\/super-news.info\/pl\/wp-content\/uploads\/sites\/6\/2020\/10\/GfK-Polonia-wyniki-finasnowe-2019-rok-wp-ywy-zmala-y.-o-17.jpg\" \/>\n\t<meta property=\"og:image:width\" content=\"655\" \/>\n\t<meta property=\"og:image:height\" content=\"654\" \/>\n\t<meta property=\"og:image:type\" content=\"image\/jpeg\" \/>\n<meta name=\"author\" content=\"super-news\" \/>\n<meta name=\"twitter:card\" content=\"summary_large_image\" \/>\n<meta name=\"twitter:label1\" content=\"Napisane przez\" \/>\n\t<meta name=\"twitter:data1\" content=\"super-news\" \/>\n\t<meta name=\"twitter:label2\" content=\"Szacowany czas czytania\" \/>\n\t<meta name=\"twitter:data2\" content=\"3 minuty\" \/>\n<script type=\"application\/ld+json\" class=\"yoast-schema-graph\">{\"@context\":\"https:\\\/\\\/schema.org\",\"@graph\":[{\"@type\":\"Article\",\"@id\":\"https:\\\/\\\/super-news.info\\\/pl\\\/gfk-polonia-wyniki-finasnowe-2019-rok-wplywy-zmalaly-o-17-proc-bez-zmiany-budzetu-w-zwiazku-z-epidemia\\\/#article\",\"isPartOf\":{\"@id\":\"https:\\\/\\\/super-news.info\\\/pl\\\/gfk-polonia-wyniki-finasnowe-2019-rok-wplywy-zmalaly-o-17-proc-bez-zmiany-budzetu-w-zwiazku-z-epidemia\\\/\"},\"author\":{\"name\":\"super-news\",\"@id\":\"https:\\\/\\\/super-news.info\\\/pl\\\/#\\\/schema\\\/person\\\/2d4068cb2f39cd10008c2fce578a7356\"},\"headline\":\"GfK Polonia wyniki finasnowe 2019 rok wp\u0142ywy zmala\u0142y. o 17 proc., bez zmiany bud\u017cetu w zwi\u0105zku z epidemi\u0105\",\"datePublished\":\"2020-10-06T16:15:55+00:00\",\"dateModified\":\"2020-10-06T16:15:57+00:00\",\"mainEntityOfPage\":{\"@id\":\"https:\\\/\\\/super-news.info\\\/pl\\\/gfk-polonia-wyniki-finasnowe-2019-rok-wplywy-zmalaly-o-17-proc-bez-zmiany-budzetu-w-zwiazku-z-epidemia\\\/\"},\"wordCount\":526,\"commentCount\":0,\"image\":{\"@id\":\"https:\\\/\\\/super-news.info\\\/pl\\\/gfk-polonia-wyniki-finasnowe-2019-rok-wplywy-zmalaly-o-17-proc-bez-zmiany-budzetu-w-zwiazku-z-epidemia\\\/#primaryimage\"},\"thumbnailUrl\":\"https:\\\/\\\/super-news.info\\\/pl\\\/wp-content\\\/uploads\\\/sites\\\/6\\\/2020\\\/10\\\/GfK-Polonia-wyniki-finasnowe-2019-rok-wp-ywy-zmala-y.-o-17.jpg\",\"articleSection\":[\"WIADOMO\u015aCI MARKETINGOWE\"],\"inLanguage\":\"pl-PL\",\"potentialAction\":[{\"@type\":\"CommentAction\",\"name\":\"Comment\",\"target\":[\"https:\\\/\\\/super-news.info\\\/pl\\\/gfk-polonia-wyniki-finasnowe-2019-rok-wplywy-zmalaly-o-17-proc-bez-zmiany-budzetu-w-zwiazku-z-epidemia\\\/#respond\"]}]},{\"@type\":\"WebPage\",\"@id\":\"https:\\\/\\\/super-news.info\\\/pl\\\/gfk-polonia-wyniki-finasnowe-2019-rok-wplywy-zmalaly-o-17-proc-bez-zmiany-budzetu-w-zwiazku-z-epidemia\\\/\",\"url\":\"https:\\\/\\\/super-news.info\\\/pl\\\/gfk-polonia-wyniki-finasnowe-2019-rok-wplywy-zmalaly-o-17-proc-bez-zmiany-budzetu-w-zwiazku-z-epidemia\\\/\",\"name\":\"GfK Polonia wyniki finasnowe 2019 rok wp\u0142ywy zmala\u0142y. o 17 proc., bez zmiany bud\u017cetu w zwi\u0105zku z epidemi\u0105 - Super News\",\"isPartOf\":{\"@id\":\"https:\\\/\\\/super-news.info\\\/pl\\\/#website\"},\"primaryImageOfPage\":{\"@id\":\"https:\\\/\\\/super-news.info\\\/pl\\\/gfk-polonia-wyniki-finasnowe-2019-rok-wplywy-zmalaly-o-17-proc-bez-zmiany-budzetu-w-zwiazku-z-epidemia\\\/#primaryimage\"},\"image\":{\"@id\":\"https:\\\/\\\/super-news.info\\\/pl\\\/gfk-polonia-wyniki-finasnowe-2019-rok-wplywy-zmalaly-o-17-proc-bez-zmiany-budzetu-w-zwiazku-z-epidemia\\\/#primaryimage\"},\"thumbnailUrl\":\"https:\\\/\\\/super-news.info\\\/pl\\\/wp-content\\\/uploads\\\/sites\\\/6\\\/2020\\\/10\\\/GfK-Polonia-wyniki-finasnowe-2019-rok-wp-ywy-zmala-y.-o-17.jpg\",\"datePublished\":\"2020-10-06T16:15:55+00:00\",\"dateModified\":\"2020-10-06T16:15:57+00:00\",\"author\":{\"@id\":\"https:\\\/\\\/super-news.info\\\/pl\\\/#\\\/schema\\\/person\\\/2d4068cb2f39cd10008c2fce578a7356\"},\"breadcrumb\":{\"@id\":\"https:\\\/\\\/super-news.info\\\/pl\\\/gfk-polonia-wyniki-finasnowe-2019-rok-wplywy-zmalaly-o-17-proc-bez-zmiany-budzetu-w-zwiazku-z-epidemia\\\/#breadcrumb\"},\"inLanguage\":\"pl-PL\",\"potentialAction\":[{\"@type\":\"ReadAction\",\"target\":[\"https:\\\/\\\/super-news.info\\\/pl\\\/gfk-polonia-wyniki-finasnowe-2019-rok-wplywy-zmalaly-o-17-proc-bez-zmiany-budzetu-w-zwiazku-z-epidemia\\\/\"]}]},{\"@type\":\"ImageObject\",\"inLanguage\":\"pl-PL\",\"@id\":\"https:\\\/\\\/super-news.info\\\/pl\\\/gfk-polonia-wyniki-finasnowe-2019-rok-wplywy-zmalaly-o-17-proc-bez-zmiany-budzetu-w-zwiazku-z-epidemia\\\/#primaryimage\",\"url\":\"https:\\\/\\\/super-news.info\\\/pl\\\/wp-content\\\/uploads\\\/sites\\\/6\\\/2020\\\/10\\\/GfK-Polonia-wyniki-finasnowe-2019-rok-wp-ywy-zmala-y.-o-17.jpg\",\"contentUrl\":\"https:\\\/\\\/super-news.info\\\/pl\\\/wp-content\\\/uploads\\\/sites\\\/6\\\/2020\\\/10\\\/GfK-Polonia-wyniki-finasnowe-2019-rok-wp-ywy-zmala-y.-o-17.jpg\",\"width\":655,\"height\":654,\"caption\":\"WirtualneMedia.pl\"},{\"@type\":\"BreadcrumbList\",\"@id\":\"https:\\\/\\\/super-news.info\\\/pl\\\/gfk-polonia-wyniki-finasnowe-2019-rok-wplywy-zmalaly-o-17-proc-bez-zmiany-budzetu-w-zwiazku-z-epidemia\\\/#breadcrumb\",\"itemListElement\":[{\"@type\":\"ListItem\",\"position\":1,\"name\":\"\u0413\u043b\u0430\u0432\u043d\u0430\u044f \u0441\u0442\u0440\u0430\u043d\u0438\u0446\u0430\",\"item\":\"https:\\\/\\\/super-news.info\\\/pl\\\/\"},{\"@type\":\"ListItem\",\"position\":2,\"name\":\"GfK Polonia wyniki finasnowe 2019 rok wp\u0142ywy zmala\u0142y. o 17 proc., bez zmiany bud\u017cetu w zwi\u0105zku z epidemi\u0105\"}]},{\"@type\":\"WebSite\",\"@id\":\"https:\\\/\\\/super-news.info\\\/pl\\\/#website\",\"url\":\"https:\\\/\\\/super-news.info\\\/pl\\\/\",\"name\":\"Super News\",\"description\":\"Super News Polska\",\"potentialAction\":[{\"@type\":\"SearchAction\",\"target\":{\"@type\":\"EntryPoint\",\"urlTemplate\":\"https:\\\/\\\/super-news.info\\\/pl\\\/?s={search_term_string}\"},\"query-input\":{\"@type\":\"PropertyValueSpecification\",\"valueRequired\":true,\"valueName\":\"search_term_string\"}}],\"inLanguage\":\"pl-PL\"},{\"@type\":\"Person\",\"@id\":\"https:\\\/\\\/super-news.info\\\/pl\\\/#\\\/schema\\\/person\\\/2d4068cb2f39cd10008c2fce578a7356\",\"name\":\"super-news\",\"image\":{\"@type\":\"ImageObject\",\"inLanguage\":\"pl-PL\",\"@id\":\"https:\\\/\\\/secure.gravatar.com\\\/avatar\\\/64ebac40b93f26a154f8a9b5b6fdccfc46f442b26b3dd6756dbff3bf9dc76fd7?s=96&d=mm&r=g\",\"url\":\"https:\\\/\\\/secure.gravatar.com\\\/avatar\\\/64ebac40b93f26a154f8a9b5b6fdccfc46f442b26b3dd6756dbff3bf9dc76fd7?s=96&d=mm&r=g\",\"contentUrl\":\"https:\\\/\\\/secure.gravatar.com\\\/avatar\\\/64ebac40b93f26a154f8a9b5b6fdccfc46f442b26b3dd6756dbff3bf9dc76fd7?s=96&d=mm&r=g\",\"caption\":\"super-news\"},\"url\":\"https:\\\/\\\/super-news.info\\\/pl\\\/author\\\/pt\\\/\"}]}<\/script>\n<!-- \/ Yoast SEO plugin. -->","yoast_head_json":{"title":"GfK Polonia wyniki finasnowe 2019 rok wp\u0142ywy zmala\u0142y. o 17 proc., bez zmiany bud\u017cetu w zwi\u0105zku z epidemi\u0105 - Super News","robots":{"index":"index","follow":"follow","max-snippet":"max-snippet:-1","max-image-preview":"max-image-preview:large","max-video-preview":"max-video-preview:-1"},"canonical":"https:\/\/super-news.info\/pl\/gfk-polonia-wyniki-finasnowe-2019-rok-wplywy-zmalaly-o-17-proc-bez-zmiany-budzetu-w-zwiazku-z-epidemia\/","og_locale":"pl_PL","og_type":"article","og_title":"GfK Polonia wyniki finasnowe 2019 rok wp\u0142ywy zmala\u0142y. o 17 proc., bez zmiany bud\u017cetu w zwi\u0105zku z epidemi\u0105 - Super News","og_description":"Przychody GfK Polonia zmniejszy\u0142y si\u0119 rok do roku z 90,12 do 75,13 mln z\u0142. W sprawozdaniu z\u0142o\u017conym w KRS firma t\u0142umaczy to \u201ezmian\u0105 portfolio klient\u00f3w i koncentracj\u0105 na g\u0142\u00f3wnych obszarach dzia\u0142alno\u015bci\u201d.Wp\u0142ywy firmy od innych podmiot\u00f3w z koncernu GfK zmala\u0142y natomiast z 29,65 do 28,56 mln z\u0142. To przede wszystkim 17,24 mln z\u0142 od niemieckiego GfK [&hellip;]","og_url":"https:\/\/super-news.info\/pl\/gfk-polonia-wyniki-finasnowe-2019-rok-wplywy-zmalaly-o-17-proc-bez-zmiany-budzetu-w-zwiazku-z-epidemia\/","og_site_name":"Super News","article_published_time":"2020-10-06T16:15:55+00:00","article_modified_time":"2020-10-06T16:15:57+00:00","og_image":[{"width":655,"height":654,"url":"https:\/\/super-news.info\/pl\/wp-content\/uploads\/sites\/6\/2020\/10\/GfK-Polonia-wyniki-finasnowe-2019-rok-wp-ywy-zmala-y.-o-17.jpg","type":"image\/jpeg"}],"author":"super-news","twitter_card":"summary_large_image","twitter_misc":{"Napisane przez":"super-news","Szacowany czas czytania":"3 minuty"},"schema":{"@context":"https:\/\/schema.org","@graph":[{"@type":"Article","@id":"https:\/\/super-news.info\/pl\/gfk-polonia-wyniki-finasnowe-2019-rok-wplywy-zmalaly-o-17-proc-bez-zmiany-budzetu-w-zwiazku-z-epidemia\/#article","isPartOf":{"@id":"https:\/\/super-news.info\/pl\/gfk-polonia-wyniki-finasnowe-2019-rok-wplywy-zmalaly-o-17-proc-bez-zmiany-budzetu-w-zwiazku-z-epidemia\/"},"author":{"name":"super-news","@id":"https:\/\/super-news.info\/pl\/#\/schema\/person\/2d4068cb2f39cd10008c2fce578a7356"},"headline":"GfK Polonia wyniki finasnowe 2019 rok wp\u0142ywy zmala\u0142y. o 17 proc., bez zmiany bud\u017cetu w zwi\u0105zku z epidemi\u0105","datePublished":"2020-10-06T16:15:55+00:00","dateModified":"2020-10-06T16:15:57+00:00","mainEntityOfPage":{"@id":"https:\/\/super-news.info\/pl\/gfk-polonia-wyniki-finasnowe-2019-rok-wplywy-zmalaly-o-17-proc-bez-zmiany-budzetu-w-zwiazku-z-epidemia\/"},"wordCount":526,"commentCount":0,"image":{"@id":"https:\/\/super-news.info\/pl\/gfk-polonia-wyniki-finasnowe-2019-rok-wplywy-zmalaly-o-17-proc-bez-zmiany-budzetu-w-zwiazku-z-epidemia\/#primaryimage"},"thumbnailUrl":"https:\/\/super-news.info\/pl\/wp-content\/uploads\/sites\/6\/2020\/10\/GfK-Polonia-wyniki-finasnowe-2019-rok-wp-ywy-zmala-y.-o-17.jpg","articleSection":["WIADOMO\u015aCI MARKETINGOWE"],"inLanguage":"pl-PL","potentialAction":[{"@type":"CommentAction","name":"Comment","target":["https:\/\/super-news.info\/pl\/gfk-polonia-wyniki-finasnowe-2019-rok-wplywy-zmalaly-o-17-proc-bez-zmiany-budzetu-w-zwiazku-z-epidemia\/#respond"]}]},{"@type":"WebPage","@id":"https:\/\/super-news.info\/pl\/gfk-polonia-wyniki-finasnowe-2019-rok-wplywy-zmalaly-o-17-proc-bez-zmiany-budzetu-w-zwiazku-z-epidemia\/","url":"https:\/\/super-news.info\/pl\/gfk-polonia-wyniki-finasnowe-2019-rok-wplywy-zmalaly-o-17-proc-bez-zmiany-budzetu-w-zwiazku-z-epidemia\/","name":"GfK Polonia wyniki finasnowe 2019 rok wp\u0142ywy zmala\u0142y. o 17 proc., bez zmiany bud\u017cetu w zwi\u0105zku z epidemi\u0105 - Super News","isPartOf":{"@id":"https:\/\/super-news.info\/pl\/#website"},"primaryImageOfPage":{"@id":"https:\/\/super-news.info\/pl\/gfk-polonia-wyniki-finasnowe-2019-rok-wplywy-zmalaly-o-17-proc-bez-zmiany-budzetu-w-zwiazku-z-epidemia\/#primaryimage"},"image":{"@id":"https:\/\/super-news.info\/pl\/gfk-polonia-wyniki-finasnowe-2019-rok-wplywy-zmalaly-o-17-proc-bez-zmiany-budzetu-w-zwiazku-z-epidemia\/#primaryimage"},"thumbnailUrl":"https:\/\/super-news.info\/pl\/wp-content\/uploads\/sites\/6\/2020\/10\/GfK-Polonia-wyniki-finasnowe-2019-rok-wp-ywy-zmala-y.-o-17.jpg","datePublished":"2020-10-06T16:15:55+00:00","dateModified":"2020-10-06T16:15:57+00:00","author":{"@id":"https:\/\/super-news.info\/pl\/#\/schema\/person\/2d4068cb2f39cd10008c2fce578a7356"},"breadcrumb":{"@id":"https:\/\/super-news.info\/pl\/gfk-polonia-wyniki-finasnowe-2019-rok-wplywy-zmalaly-o-17-proc-bez-zmiany-budzetu-w-zwiazku-z-epidemia\/#breadcrumb"},"inLanguage":"pl-PL","potentialAction":[{"@type":"ReadAction","target":["https:\/\/super-news.info\/pl\/gfk-polonia-wyniki-finasnowe-2019-rok-wplywy-zmalaly-o-17-proc-bez-zmiany-budzetu-w-zwiazku-z-epidemia\/"]}]},{"@type":"ImageObject","inLanguage":"pl-PL","@id":"https:\/\/super-news.info\/pl\/gfk-polonia-wyniki-finasnowe-2019-rok-wplywy-zmalaly-o-17-proc-bez-zmiany-budzetu-w-zwiazku-z-epidemia\/#primaryimage","url":"https:\/\/super-news.info\/pl\/wp-content\/uploads\/sites\/6\/2020\/10\/GfK-Polonia-wyniki-finasnowe-2019-rok-wp-ywy-zmala-y.-o-17.jpg","contentUrl":"https:\/\/super-news.info\/pl\/wp-content\/uploads\/sites\/6\/2020\/10\/GfK-Polonia-wyniki-finasnowe-2019-rok-wp-ywy-zmala-y.-o-17.jpg","width":655,"height":654,"caption":"WirtualneMedia.pl"},{"@type":"BreadcrumbList","@id":"https:\/\/super-news.info\/pl\/gfk-polonia-wyniki-finasnowe-2019-rok-wplywy-zmalaly-o-17-proc-bez-zmiany-budzetu-w-zwiazku-z-epidemia\/#breadcrumb","itemListElement":[{"@type":"ListItem","position":1,"name":"\u0413\u043b\u0430\u0432\u043d\u0430\u044f \u0441\u0442\u0440\u0430\u043d\u0438\u0446\u0430","item":"https:\/\/super-news.info\/pl\/"},{"@type":"ListItem","position":2,"name":"GfK Polonia wyniki finasnowe 2019 rok wp\u0142ywy zmala\u0142y. o 17 proc., bez zmiany bud\u017cetu w zwi\u0105zku z epidemi\u0105"}]},{"@type":"WebSite","@id":"https:\/\/super-news.info\/pl\/#website","url":"https:\/\/super-news.info\/pl\/","name":"Super News","description":"Super News Polska","potentialAction":[{"@type":"SearchAction","target":{"@type":"EntryPoint","urlTemplate":"https:\/\/super-news.info\/pl\/?s={search_term_string}"},"query-input":{"@type":"PropertyValueSpecification","valueRequired":true,"valueName":"search_term_string"}}],"inLanguage":"pl-PL"},{"@type":"Person","@id":"https:\/\/super-news.info\/pl\/#\/schema\/person\/2d4068cb2f39cd10008c2fce578a7356","name":"super-news","image":{"@type":"ImageObject","inLanguage":"pl-PL","@id":"https:\/\/secure.gravatar.com\/avatar\/64ebac40b93f26a154f8a9b5b6fdccfc46f442b26b3dd6756dbff3bf9dc76fd7?s=96&d=mm&r=g","url":"https:\/\/secure.gravatar.com\/avatar\/64ebac40b93f26a154f8a9b5b6fdccfc46f442b26b3dd6756dbff3bf9dc76fd7?s=96&d=mm&r=g","contentUrl":"https:\/\/secure.gravatar.com\/avatar\/64ebac40b93f26a154f8a9b5b6fdccfc46f442b26b3dd6756dbff3bf9dc76fd7?s=96&d=mm&r=g","caption":"super-news"},"url":"https:\/\/super-news.info\/pl\/author\/pt\/"}]}},"_links":{"self":[{"href":"https:\/\/super-news.info\/pl\/wp-json\/wp\/v2\/posts\/2647","targetHints":{"allow":["GET"]}}],"collection":[{"href":"https:\/\/super-news.info\/pl\/wp-json\/wp\/v2\/posts"}],"about":[{"href":"https:\/\/super-news.info\/pl\/wp-json\/wp\/v2\/types\/post"}],"author":[{"embeddable":true,"href":"https:\/\/super-news.info\/pl\/wp-json\/wp\/v2\/users\/2"}],"replies":[{"embeddable":true,"href":"https:\/\/super-news.info\/pl\/wp-json\/wp\/v2\/comments?post=2647"}],"version-history":[{"count":1,"href":"https:\/\/super-news.info\/pl\/wp-json\/wp\/v2\/posts\/2647\/revisions"}],"predecessor-version":[{"id":2649,"href":"https:\/\/super-news.info\/pl\/wp-json\/wp\/v2\/posts\/2647\/revisions\/2649"}],"wp:featuredmedia":[{"embeddable":true,"href":"https:\/\/super-news.info\/pl\/wp-json\/wp\/v2\/media\/2648"}],"wp:attachment":[{"href":"https:\/\/super-news.info\/pl\/wp-json\/wp\/v2\/media?parent=2647"}],"wp:term":[{"taxonomy":"category","embeddable":true,"href":"https:\/\/super-news.info\/pl\/wp-json\/wp\/v2\/categories?post=2647"},{"taxonomy":"post_tag","embeddable":true,"href":"https:\/\/super-news.info\/pl\/wp-json\/wp\/v2\/tags?post=2647"}],"curies":[{"name":"wp","href":"https:\/\/api.w.org\/{rel}","templated":true}]}}