{"id":2580,"date":"2020-09-08T19:31:52","date_gmt":"2020-09-08T16:31:52","guid":{"rendered":"https:\/\/super-news.info\/pl\/facebook-i-netflix-najmocniej-kojarzone-ze-wsparciem-lgbt\/"},"modified":"2020-09-08T19:31:54","modified_gmt":"2020-09-08T16:31:54","slug":"facebook-i-netflix-najmocniej-kojarzone-ze-wsparciem-lgbt","status":"publish","type":"post","link":"https:\/\/super-news.info\/pl\/facebook-i-netflix-najmocniej-kojarzone-ze-wsparciem-lgbt\/","title":{"rendered":"Facebook i Netflix najmocniej kojarzone ze wsparciem LGBT+"},"content":{"rendered":"<p>&#13;<br \/>\n                                                                                        Dom mediowy Wavemaker (GroupM) sprawdzi\u0142, co Polacy my\u015bl\u0105 o zaanga\u017cowaniu marek i firm w tematy spo\u0142eczne i \u015bwiatopogl\u0105dowe.&#13;<br \/>\n&#13;<br \/>\nW badaniu przewa\u017caj\u0105 zwolennicy aktywizmu, kt\u00f3rzy twierdz\u0105, \u017ce firmy te\u017c musz\u0105 bra\u0107 odpowiedzialno\u015b\u0107 za to jak wygl\u0105da \u015bwiat. Negatywnie usposobieni (mniejszo\u015b\u0107, ale istotna) uwa\u017caj\u0105, \u017ce firmy powinny si\u0119 skupi\u0107 na swoich produktach, a aktywizm postrzegaj\u0105 jako dzia\u0142anie dla zysku.&#13;<br \/>\n&#13;<\/p>\n<p>&#13;<br \/>\n&#13;<br \/>\nAktywizm marek w oczach konsument\u00f3w&#13;<br \/>\n&#13;<br \/>\n\u0141\u0105cznie ponad 40 proc. konsument\u00f3w w Polsce( w tym 9 proc. w stopniu zdecydowanym)\u00a0 pozytywnie odnosi si\u0119 do zaanga\u017cowania marek w tematy \u015bwiatopogl\u0105dowe i spo\u0142eczne. 13 proc. ocenia takie postawy marek negatywnie w stopniu umiarkowanym, a tylko 5 proc. &#8211; zdecydowanym.&#13;<br \/>\n&#13;<br \/>\n&#13;<br \/>\n&#13;<br \/>\nZdecydowana wi\u0119kszo\u015b\u0107 konsument\u00f3w (odsetek powy\u017cej 80 proc.) dobrze my\u015bli o markach zabieraj\u0105cych g\u0142os na temat praw dzieci, ekologii, pomocy biednym i wolno\u015bci s\u0142owa.&#13;<br \/>\n&#13;<br \/>\nZa to niewiele ponad po\u0142owa badanych\u00a0 (55 proc.) pozytywnie ocenia anga\u017cowanie si\u0119 marek w tematy zwi\u0105zane z osobami LGBT+. Dwie trzecie badanych popiera wypowiadanie si\u0119 marek w kwestii wolno\u015bci wyznania i wsp\u00f3lnot religijnych.&#13;<br \/>\n&#13;<\/p>\n<p>&#13;<br \/>\n&#13;<br \/>\n&#13;<br \/>\n&#13;<br \/>\nMarki zaanga\u017cowane czy skupione na biznesie?&#13;<br \/>\n&#13;<br \/>\nCo ciekawe \u2013 we wszystkich analizowanych kwestiach, od r\u00f3wno\u015bci p\u0142ci po ekologi\u0119, m\u0119\u017cczy\u017ani przejawiaj\u0105 wi\u0119kszy sceptycyzm wzgl\u0119dem zaanga\u017cowania marek &#8211; pokazuje badanie Wavemaker.&#13;<br \/>\n&#13;<\/p>\n<p>&#13;<br \/>\n&#13;<br \/>\nSceptycy aktywizmu marek uwa\u017caj\u0105, \u017ce firmy powinny si\u0119 skupi\u0107 na swojej podstawowej dzia\u0142alno\u015bci \u2013 tworzeniu produkt\u00f3w. Cz\u0119sto maj\u0105 te\u017c podejrzenia, \u017ce intencje marketer\u00f3w maj\u0105 czysto merkantylne podstawy.&#13;<br \/>\n&#13;<br \/>\nKonsumenci, kt\u00f3rzy przychylnie podchodz\u0105 do anga\u017cowania si\u0119 marek w kwestie spo\u0142eczno-polityczne uwa\u017caj\u0105, \u017ce firmy te\u017c s\u0105 odpowiedzialne za \u015bwiat, w kt\u00f3rym \u017cyjemy i lubi\u0105, kiedy marki s\u0105 im bliskie \u015bwiatopogl\u0105dowo.&#13;<br \/>\n&#13;<br \/>\n&#13;<br \/>\n&#13;<br \/>\n&#8211; Poprzez nasze badanie nie zabieramy g\u0142osu w kwestii zasadno\u015bci anga\u017cowania marek w wa\u017cne tematy spo\u0142eczne. Chcemy jedynie do\u0142o\u017cy\u0107 troch\u0119 danych do gor\u0105cej dzi\u015b w bran\u017cy dyskusji na temat aktywizmu i brand purpose &#8211; m\u00f3wi Pawe\u0142 Gala, szef Wavemaker.&#13;<br \/>\n&#13;<\/p>\n<p>&#13;<br \/>\n&#13;<br \/>\nFacebook i Netflix najmocniej kojarzone ze wsparciem LGBT+&#13;<br \/>\n&#13;<br \/>\nAnalitycy Wavemaker nieco g\u0142\u0119biej przyjrzeli si\u0119 kwestii okazywania wsparcia spo\u0142eczno\u015bci LGBT+. Sam gest zmiany logotypu na t\u0119czowy (cz\u0119\u015b\u0107 firm obchodzi w ten spos\u00f3b Miesi\u0105c Dumy LGBT+) docenia niespe\u0142na 38 proc. badanych, przy zbli\u017conym odsetku oboj\u0119tnych i 26 proc. kontestuj\u0105cych tak\u0105 zmian\u0119.&#13;<br \/>\n&#13;<br \/>\nCi, kt\u00f3rym si\u0119 nie podobaj\u0105 si\u0119 t\u0119czowe logotypy, najcz\u0119\u015bciej twierdz\u0105, \u017ce s\u0105 po prostu przeciwni jakiemukolwiek wspieraniu spo\u0142eczno\u015bci LGBT+ (ok. po\u0142owy sceptyk\u00f3w), a niemal co trzeci z nich podejrzewa czysto marketingowe intencje firm, kt\u00f3re takim dzia\u0142aniem chc\u0105 budowa\u0107 wizerunek, a nie \u015bwiadczy\u0107 realn\u0105 pomoc.&#13;<br \/>\n&#13;<br \/>\nRanking marek, kt\u00f3re najmocniej kojarz\u0105 si\u0119 ze wsparciem LGBT+, tradycyjnie otwieraj\u0105 mi\u0119dzynarodowe brandy rozrywkowo-technologiczne &#8211; Facebook, Netflix i Google.&#13;<br \/>\n&#13;<br \/>\n&#13;<br \/>\n&#13;<br \/>\nBadanie Wavemaker nie pozwala ponadto stwierdzi\u0107, \u017ce m\u0142odzi konsumenci (np. 16-24 lata) bardziej oczekuj\u0105 od firm \u201eideowego\u201d podej\u015bcia i zaanga\u017cowania ich marek.&#13;<br \/>\n&#13;<\/p>\n<p>&#13;<br \/>\n&#13;<br \/>\n&#8211; Badanie Wavemaker pokazuje wprawdzie u\u015bwiadomione i poprzedzone namys\u0142em wskazania konsument\u00f3w, kt\u00f3rzy na co dzie\u0144 zaanga\u017cowania marek nie analizuj\u0105 a\u017c tak mocno. Bez w\u0105tpienia jednak wyczuwalny sceptycyzm cz\u0119\u015bci Polak\u00f3w powinien da\u0107 do my\u015blenia firmom, kt\u00f3re kwesti\u0119 aktywizmu marek traktuj\u0105 czasem zbyt \u201ehandlowo\u201d &#8211; komentuje Pawe\u0142 Gala.&#13;<br \/>\n&#13;<br \/>\nBadanie Wavemaker realizowano metod\u0105 CAWI na grupie 1000 Polak\u00f3w z dost\u0119pem do internetu w sierpniu 2020 r.&#13;<br \/>\n                            &#13;<br \/>\n&#13;<br \/>\n                            &#13;<br \/>\n                            &#13;<br \/>\n                                                            &#13;<br \/>\n&#13;<br \/>\n                            &#13;<\/p>\n<p>\n<!--noindex--><br \/>\n<a href=\"https:\/\/www.wirtualnemedia.pl\/artykul\/facebook-i-netflix-najmocniej-kojarzone-ze-wsparciem-lgbt\" rel=\"nofollow\">Source link <\/a><br \/>\n<!--\/noindex--><\/p>\n","protected":false},"excerpt":{"rendered":"<p>&#13; Dom mediowy Wavemaker (GroupM) sprawdzi\u0142, co Polacy my\u015bl\u0105 o zaanga\u017cowaniu marek i firm w tematy spo\u0142eczne i \u015bwiatopogl\u0105dowe.&#13; &#13; W badaniu przewa\u017caj\u0105 zwolennicy aktywizmu, kt\u00f3rzy twierdz\u0105, \u017ce firmy te\u017c musz\u0105 bra\u0107 odpowiedzialno\u015b\u0107 za to jak wygl\u0105da \u015bwiat. Negatywnie usposobieni (mniejszo\u015b\u0107, ale istotna) uwa\u017caj\u0105, \u017ce firmy powinny si\u0119 skupi\u0107 na swoich produktach, a aktywizm postrzegaj\u0105 [&hellip;]<\/p>\n","protected":false},"author":2,"featured_media":2581,"comment_status":"open","ping_status":"open","sticky":false,"template":"","format":"standard","meta":{"footnotes":""},"categories":[3],"tags":[],"class_list":["post-2580","post","type-post","status-publish","format-standard","has-post-thumbnail","hentry","category-wiadomosci-marketingowe"],"yoast_head":"<!-- This site is optimized with the Yoast SEO plugin v27.4 - https:\/\/yoast.com\/product\/yoast-seo-wordpress\/ -->\n<title>Facebook i Netflix najmocniej kojarzone ze wsparciem LGBT+ - Super News<\/title>\n<meta name=\"robots\" content=\"index, follow, max-snippet:-1, max-image-preview:large, max-video-preview:-1\" \/>\n<link rel=\"canonical\" href=\"https:\/\/super-news.info\/pl\/facebook-i-netflix-najmocniej-kojarzone-ze-wsparciem-lgbt\/\" \/>\n<meta property=\"og:locale\" content=\"pl_PL\" \/>\n<meta property=\"og:type\" content=\"article\" \/>\n<meta property=\"og:title\" content=\"Facebook i Netflix najmocniej kojarzone ze wsparciem LGBT+ - Super News\" \/>\n<meta property=\"og:description\" content=\"&#013; Dom mediowy Wavemaker (GroupM) sprawdzi\u0142, co Polacy my\u015bl\u0105 o zaanga\u017cowaniu marek i firm w tematy spo\u0142eczne i \u015bwiatopogl\u0105dowe.&#013; &#013; W badaniu przewa\u017caj\u0105 zwolennicy aktywizmu, kt\u00f3rzy twierdz\u0105, \u017ce firmy te\u017c musz\u0105 bra\u0107 odpowiedzialno\u015b\u0107 za to jak wygl\u0105da \u015bwiat. Negatywnie usposobieni (mniejszo\u015b\u0107, ale istotna) uwa\u017caj\u0105, \u017ce firmy powinny si\u0119 skupi\u0107 na swoich produktach, a aktywizm postrzegaj\u0105 [&hellip;]\" \/>\n<meta property=\"og:url\" content=\"https:\/\/super-news.info\/pl\/facebook-i-netflix-najmocniej-kojarzone-ze-wsparciem-lgbt\/\" \/>\n<meta property=\"og:site_name\" content=\"Super News\" \/>\n<meta property=\"article:published_time\" content=\"2020-09-08T16:31:52+00:00\" \/>\n<meta property=\"article:modified_time\" content=\"2020-09-08T16:31:54+00:00\" \/>\n<meta property=\"og:image\" content=\"https:\/\/super-news.info\/pl\/wp-content\/uploads\/sites\/6\/2020\/09\/Facebook-i-Netflix-najmocniej-kojarzone-ze-wsparciem-LGBT.jpg\" \/>\n\t<meta property=\"og:image:width\" content=\"655\" \/>\n\t<meta property=\"og:image:height\" content=\"327\" \/>\n\t<meta property=\"og:image:type\" content=\"image\/jpeg\" \/>\n<meta name=\"author\" content=\"super-news\" \/>\n<meta name=\"twitter:card\" content=\"summary_large_image\" \/>\n<meta name=\"twitter:label1\" content=\"Napisane przez\" \/>\n\t<meta name=\"twitter:data1\" content=\"super-news\" \/>\n\t<meta name=\"twitter:label2\" content=\"Szacowany czas czytania\" \/>\n\t<meta name=\"twitter:data2\" content=\"3 minuty\" \/>\n<script type=\"application\/ld+json\" class=\"yoast-schema-graph\">{\"@context\":\"https:\\\/\\\/schema.org\",\"@graph\":[{\"@type\":\"Article\",\"@id\":\"https:\\\/\\\/super-news.info\\\/pl\\\/facebook-i-netflix-najmocniej-kojarzone-ze-wsparciem-lgbt\\\/#article\",\"isPartOf\":{\"@id\":\"https:\\\/\\\/super-news.info\\\/pl\\\/facebook-i-netflix-najmocniej-kojarzone-ze-wsparciem-lgbt\\\/\"},\"author\":{\"name\":\"super-news\",\"@id\":\"https:\\\/\\\/super-news.info\\\/pl\\\/#\\\/schema\\\/person\\\/2d4068cb2f39cd10008c2fce578a7356\"},\"headline\":\"Facebook i Netflix najmocniej kojarzone ze wsparciem LGBT+\",\"datePublished\":\"2020-09-08T16:31:52+00:00\",\"dateModified\":\"2020-09-08T16:31:54+00:00\",\"mainEntityOfPage\":{\"@id\":\"https:\\\/\\\/super-news.info\\\/pl\\\/facebook-i-netflix-najmocniej-kojarzone-ze-wsparciem-lgbt\\\/\"},\"wordCount\":573,\"commentCount\":0,\"image\":{\"@id\":\"https:\\\/\\\/super-news.info\\\/pl\\\/facebook-i-netflix-najmocniej-kojarzone-ze-wsparciem-lgbt\\\/#primaryimage\"},\"thumbnailUrl\":\"https:\\\/\\\/super-news.info\\\/pl\\\/wp-content\\\/uploads\\\/sites\\\/6\\\/2020\\\/09\\\/Facebook-i-Netflix-najmocniej-kojarzone-ze-wsparciem-LGBT.jpg\",\"articleSection\":[\"WIADOMO\u015aCI MARKETINGOWE\"],\"inLanguage\":\"pl-PL\",\"potentialAction\":[{\"@type\":\"CommentAction\",\"name\":\"Comment\",\"target\":[\"https:\\\/\\\/super-news.info\\\/pl\\\/facebook-i-netflix-najmocniej-kojarzone-ze-wsparciem-lgbt\\\/#respond\"]}]},{\"@type\":\"WebPage\",\"@id\":\"https:\\\/\\\/super-news.info\\\/pl\\\/facebook-i-netflix-najmocniej-kojarzone-ze-wsparciem-lgbt\\\/\",\"url\":\"https:\\\/\\\/super-news.info\\\/pl\\\/facebook-i-netflix-najmocniej-kojarzone-ze-wsparciem-lgbt\\\/\",\"name\":\"Facebook i Netflix najmocniej kojarzone ze wsparciem LGBT+ - Super News\",\"isPartOf\":{\"@id\":\"https:\\\/\\\/super-news.info\\\/pl\\\/#website\"},\"primaryImageOfPage\":{\"@id\":\"https:\\\/\\\/super-news.info\\\/pl\\\/facebook-i-netflix-najmocniej-kojarzone-ze-wsparciem-lgbt\\\/#primaryimage\"},\"image\":{\"@id\":\"https:\\\/\\\/super-news.info\\\/pl\\\/facebook-i-netflix-najmocniej-kojarzone-ze-wsparciem-lgbt\\\/#primaryimage\"},\"thumbnailUrl\":\"https:\\\/\\\/super-news.info\\\/pl\\\/wp-content\\\/uploads\\\/sites\\\/6\\\/2020\\\/09\\\/Facebook-i-Netflix-najmocniej-kojarzone-ze-wsparciem-LGBT.jpg\",\"datePublished\":\"2020-09-08T16:31:52+00:00\",\"dateModified\":\"2020-09-08T16:31:54+00:00\",\"author\":{\"@id\":\"https:\\\/\\\/super-news.info\\\/pl\\\/#\\\/schema\\\/person\\\/2d4068cb2f39cd10008c2fce578a7356\"},\"breadcrumb\":{\"@id\":\"https:\\\/\\\/super-news.info\\\/pl\\\/facebook-i-netflix-najmocniej-kojarzone-ze-wsparciem-lgbt\\\/#breadcrumb\"},\"inLanguage\":\"pl-PL\",\"potentialAction\":[{\"@type\":\"ReadAction\",\"target\":[\"https:\\\/\\\/super-news.info\\\/pl\\\/facebook-i-netflix-najmocniej-kojarzone-ze-wsparciem-lgbt\\\/\"]}]},{\"@type\":\"ImageObject\",\"inLanguage\":\"pl-PL\",\"@id\":\"https:\\\/\\\/super-news.info\\\/pl\\\/facebook-i-netflix-najmocniej-kojarzone-ze-wsparciem-lgbt\\\/#primaryimage\",\"url\":\"https:\\\/\\\/super-news.info\\\/pl\\\/wp-content\\\/uploads\\\/sites\\\/6\\\/2020\\\/09\\\/Facebook-i-Netflix-najmocniej-kojarzone-ze-wsparciem-LGBT.jpg\",\"contentUrl\":\"https:\\\/\\\/super-news.info\\\/pl\\\/wp-content\\\/uploads\\\/sites\\\/6\\\/2020\\\/09\\\/Facebook-i-Netflix-najmocniej-kojarzone-ze-wsparciem-LGBT.jpg\",\"width\":655,\"height\":327,\"caption\":\"Article\"},{\"@type\":\"BreadcrumbList\",\"@id\":\"https:\\\/\\\/super-news.info\\\/pl\\\/facebook-i-netflix-najmocniej-kojarzone-ze-wsparciem-lgbt\\\/#breadcrumb\",\"itemListElement\":[{\"@type\":\"ListItem\",\"position\":1,\"name\":\"\u0413\u043b\u0430\u0432\u043d\u0430\u044f \u0441\u0442\u0440\u0430\u043d\u0438\u0446\u0430\",\"item\":\"https:\\\/\\\/super-news.info\\\/pl\\\/\"},{\"@type\":\"ListItem\",\"position\":2,\"name\":\"Facebook i Netflix najmocniej kojarzone ze wsparciem LGBT+\"}]},{\"@type\":\"WebSite\",\"@id\":\"https:\\\/\\\/super-news.info\\\/pl\\\/#website\",\"url\":\"https:\\\/\\\/super-news.info\\\/pl\\\/\",\"name\":\"Super News\",\"description\":\"Super News Polska\",\"potentialAction\":[{\"@type\":\"SearchAction\",\"target\":{\"@type\":\"EntryPoint\",\"urlTemplate\":\"https:\\\/\\\/super-news.info\\\/pl\\\/?s={search_term_string}\"},\"query-input\":{\"@type\":\"PropertyValueSpecification\",\"valueRequired\":true,\"valueName\":\"search_term_string\"}}],\"inLanguage\":\"pl-PL\"},{\"@type\":\"Person\",\"@id\":\"https:\\\/\\\/super-news.info\\\/pl\\\/#\\\/schema\\\/person\\\/2d4068cb2f39cd10008c2fce578a7356\",\"name\":\"super-news\",\"image\":{\"@type\":\"ImageObject\",\"inLanguage\":\"pl-PL\",\"@id\":\"https:\\\/\\\/secure.gravatar.com\\\/avatar\\\/64ebac40b93f26a154f8a9b5b6fdccfc46f442b26b3dd6756dbff3bf9dc76fd7?s=96&d=mm&r=g\",\"url\":\"https:\\\/\\\/secure.gravatar.com\\\/avatar\\\/64ebac40b93f26a154f8a9b5b6fdccfc46f442b26b3dd6756dbff3bf9dc76fd7?s=96&d=mm&r=g\",\"contentUrl\":\"https:\\\/\\\/secure.gravatar.com\\\/avatar\\\/64ebac40b93f26a154f8a9b5b6fdccfc46f442b26b3dd6756dbff3bf9dc76fd7?s=96&d=mm&r=g\",\"caption\":\"super-news\"},\"url\":\"https:\\\/\\\/super-news.info\\\/pl\\\/author\\\/pt\\\/\"}]}<\/script>\n<!-- \/ Yoast SEO plugin. -->","yoast_head_json":{"title":"Facebook i Netflix najmocniej kojarzone ze wsparciem LGBT+ - Super News","robots":{"index":"index","follow":"follow","max-snippet":"max-snippet:-1","max-image-preview":"max-image-preview:large","max-video-preview":"max-video-preview:-1"},"canonical":"https:\/\/super-news.info\/pl\/facebook-i-netflix-najmocniej-kojarzone-ze-wsparciem-lgbt\/","og_locale":"pl_PL","og_type":"article","og_title":"Facebook i Netflix najmocniej kojarzone ze wsparciem LGBT+ - Super News","og_description":"&#13; Dom mediowy Wavemaker (GroupM) sprawdzi\u0142, co Polacy my\u015bl\u0105 o zaanga\u017cowaniu marek i firm w tematy spo\u0142eczne i \u015bwiatopogl\u0105dowe.&#13; &#13; W badaniu przewa\u017caj\u0105 zwolennicy aktywizmu, kt\u00f3rzy twierdz\u0105, \u017ce firmy te\u017c musz\u0105 bra\u0107 odpowiedzialno\u015b\u0107 za to jak wygl\u0105da \u015bwiat. Negatywnie usposobieni (mniejszo\u015b\u0107, ale istotna) uwa\u017caj\u0105, \u017ce firmy powinny si\u0119 skupi\u0107 na swoich produktach, a aktywizm postrzegaj\u0105 [&hellip;]","og_url":"https:\/\/super-news.info\/pl\/facebook-i-netflix-najmocniej-kojarzone-ze-wsparciem-lgbt\/","og_site_name":"Super News","article_published_time":"2020-09-08T16:31:52+00:00","article_modified_time":"2020-09-08T16:31:54+00:00","og_image":[{"width":655,"height":327,"url":"https:\/\/super-news.info\/pl\/wp-content\/uploads\/sites\/6\/2020\/09\/Facebook-i-Netflix-najmocniej-kojarzone-ze-wsparciem-LGBT.jpg","type":"image\/jpeg"}],"author":"super-news","twitter_card":"summary_large_image","twitter_misc":{"Napisane przez":"super-news","Szacowany czas czytania":"3 minuty"},"schema":{"@context":"https:\/\/schema.org","@graph":[{"@type":"Article","@id":"https:\/\/super-news.info\/pl\/facebook-i-netflix-najmocniej-kojarzone-ze-wsparciem-lgbt\/#article","isPartOf":{"@id":"https:\/\/super-news.info\/pl\/facebook-i-netflix-najmocniej-kojarzone-ze-wsparciem-lgbt\/"},"author":{"name":"super-news","@id":"https:\/\/super-news.info\/pl\/#\/schema\/person\/2d4068cb2f39cd10008c2fce578a7356"},"headline":"Facebook i Netflix najmocniej kojarzone ze wsparciem LGBT+","datePublished":"2020-09-08T16:31:52+00:00","dateModified":"2020-09-08T16:31:54+00:00","mainEntityOfPage":{"@id":"https:\/\/super-news.info\/pl\/facebook-i-netflix-najmocniej-kojarzone-ze-wsparciem-lgbt\/"},"wordCount":573,"commentCount":0,"image":{"@id":"https:\/\/super-news.info\/pl\/facebook-i-netflix-najmocniej-kojarzone-ze-wsparciem-lgbt\/#primaryimage"},"thumbnailUrl":"https:\/\/super-news.info\/pl\/wp-content\/uploads\/sites\/6\/2020\/09\/Facebook-i-Netflix-najmocniej-kojarzone-ze-wsparciem-LGBT.jpg","articleSection":["WIADOMO\u015aCI MARKETINGOWE"],"inLanguage":"pl-PL","potentialAction":[{"@type":"CommentAction","name":"Comment","target":["https:\/\/super-news.info\/pl\/facebook-i-netflix-najmocniej-kojarzone-ze-wsparciem-lgbt\/#respond"]}]},{"@type":"WebPage","@id":"https:\/\/super-news.info\/pl\/facebook-i-netflix-najmocniej-kojarzone-ze-wsparciem-lgbt\/","url":"https:\/\/super-news.info\/pl\/facebook-i-netflix-najmocniej-kojarzone-ze-wsparciem-lgbt\/","name":"Facebook i Netflix najmocniej kojarzone ze wsparciem LGBT+ - Super News","isPartOf":{"@id":"https:\/\/super-news.info\/pl\/#website"},"primaryImageOfPage":{"@id":"https:\/\/super-news.info\/pl\/facebook-i-netflix-najmocniej-kojarzone-ze-wsparciem-lgbt\/#primaryimage"},"image":{"@id":"https:\/\/super-news.info\/pl\/facebook-i-netflix-najmocniej-kojarzone-ze-wsparciem-lgbt\/#primaryimage"},"thumbnailUrl":"https:\/\/super-news.info\/pl\/wp-content\/uploads\/sites\/6\/2020\/09\/Facebook-i-Netflix-najmocniej-kojarzone-ze-wsparciem-LGBT.jpg","datePublished":"2020-09-08T16:31:52+00:00","dateModified":"2020-09-08T16:31:54+00:00","author":{"@id":"https:\/\/super-news.info\/pl\/#\/schema\/person\/2d4068cb2f39cd10008c2fce578a7356"},"breadcrumb":{"@id":"https:\/\/super-news.info\/pl\/facebook-i-netflix-najmocniej-kojarzone-ze-wsparciem-lgbt\/#breadcrumb"},"inLanguage":"pl-PL","potentialAction":[{"@type":"ReadAction","target":["https:\/\/super-news.info\/pl\/facebook-i-netflix-najmocniej-kojarzone-ze-wsparciem-lgbt\/"]}]},{"@type":"ImageObject","inLanguage":"pl-PL","@id":"https:\/\/super-news.info\/pl\/facebook-i-netflix-najmocniej-kojarzone-ze-wsparciem-lgbt\/#primaryimage","url":"https:\/\/super-news.info\/pl\/wp-content\/uploads\/sites\/6\/2020\/09\/Facebook-i-Netflix-najmocniej-kojarzone-ze-wsparciem-LGBT.jpg","contentUrl":"https:\/\/super-news.info\/pl\/wp-content\/uploads\/sites\/6\/2020\/09\/Facebook-i-Netflix-najmocniej-kojarzone-ze-wsparciem-LGBT.jpg","width":655,"height":327,"caption":"Article"},{"@type":"BreadcrumbList","@id":"https:\/\/super-news.info\/pl\/facebook-i-netflix-najmocniej-kojarzone-ze-wsparciem-lgbt\/#breadcrumb","itemListElement":[{"@type":"ListItem","position":1,"name":"\u0413\u043b\u0430\u0432\u043d\u0430\u044f \u0441\u0442\u0440\u0430\u043d\u0438\u0446\u0430","item":"https:\/\/super-news.info\/pl\/"},{"@type":"ListItem","position":2,"name":"Facebook i Netflix najmocniej kojarzone ze wsparciem LGBT+"}]},{"@type":"WebSite","@id":"https:\/\/super-news.info\/pl\/#website","url":"https:\/\/super-news.info\/pl\/","name":"Super News","description":"Super News Polska","potentialAction":[{"@type":"SearchAction","target":{"@type":"EntryPoint","urlTemplate":"https:\/\/super-news.info\/pl\/?s={search_term_string}"},"query-input":{"@type":"PropertyValueSpecification","valueRequired":true,"valueName":"search_term_string"}}],"inLanguage":"pl-PL"},{"@type":"Person","@id":"https:\/\/super-news.info\/pl\/#\/schema\/person\/2d4068cb2f39cd10008c2fce578a7356","name":"super-news","image":{"@type":"ImageObject","inLanguage":"pl-PL","@id":"https:\/\/secure.gravatar.com\/avatar\/64ebac40b93f26a154f8a9b5b6fdccfc46f442b26b3dd6756dbff3bf9dc76fd7?s=96&d=mm&r=g","url":"https:\/\/secure.gravatar.com\/avatar\/64ebac40b93f26a154f8a9b5b6fdccfc46f442b26b3dd6756dbff3bf9dc76fd7?s=96&d=mm&r=g","contentUrl":"https:\/\/secure.gravatar.com\/avatar\/64ebac40b93f26a154f8a9b5b6fdccfc46f442b26b3dd6756dbff3bf9dc76fd7?s=96&d=mm&r=g","caption":"super-news"},"url":"https:\/\/super-news.info\/pl\/author\/pt\/"}]}},"_links":{"self":[{"href":"https:\/\/super-news.info\/pl\/wp-json\/wp\/v2\/posts\/2580","targetHints":{"allow":["GET"]}}],"collection":[{"href":"https:\/\/super-news.info\/pl\/wp-json\/wp\/v2\/posts"}],"about":[{"href":"https:\/\/super-news.info\/pl\/wp-json\/wp\/v2\/types\/post"}],"author":[{"embeddable":true,"href":"https:\/\/super-news.info\/pl\/wp-json\/wp\/v2\/users\/2"}],"replies":[{"embeddable":true,"href":"https:\/\/super-news.info\/pl\/wp-json\/wp\/v2\/comments?post=2580"}],"version-history":[{"count":1,"href":"https:\/\/super-news.info\/pl\/wp-json\/wp\/v2\/posts\/2580\/revisions"}],"predecessor-version":[{"id":2582,"href":"https:\/\/super-news.info\/pl\/wp-json\/wp\/v2\/posts\/2580\/revisions\/2582"}],"wp:featuredmedia":[{"embeddable":true,"href":"https:\/\/super-news.info\/pl\/wp-json\/wp\/v2\/media\/2581"}],"wp:attachment":[{"href":"https:\/\/super-news.info\/pl\/wp-json\/wp\/v2\/media?parent=2580"}],"wp:term":[{"taxonomy":"category","embeddable":true,"href":"https:\/\/super-news.info\/pl\/wp-json\/wp\/v2\/categories?post=2580"},{"taxonomy":"post_tag","embeddable":true,"href":"https:\/\/super-news.info\/pl\/wp-json\/wp\/v2\/tags?post=2580"}],"curies":[{"name":"wp","href":"https:\/\/api.w.org\/{rel}","templated":true}]}}