{"id":1931,"date":"2019-09-09T13:00:11","date_gmt":"2019-09-09T10:00:11","guid":{"rendered":"https:\/\/super-news.info\/pl\/karpinski-decyzje-ebc-nie-powinny-przesunac-krzywej-rentownosci\/"},"modified":"2019-09-09T13:00:12","modified_gmt":"2019-09-09T10:00:12","slug":"karpinski-decyzje-ebc-nie-powinny-przesunac-krzywej-rentownosci","status":"publish","type":"post","link":"https:\/\/super-news.info\/pl\/karpinski-decyzje-ebc-nie-powinny-przesunac-krzywej-rentownosci\/","title":{"rendered":"Karpi\u0144ski: Decyzje EBC nie powinny przesun\u0105\u0107 krzywej rentowno\u015bci"},"content":{"rendered":"<div id=\"articleContent\" data-io-article-url=\"https:\/\/www.bankier.pl\/wiadomosc\/Karpinski-Decyzje-EBC-nie-powinny-przesunac-krzywej-rentownosci-7734832.html\">\n        <!-- authorContainer --><\/p>\n<p><span class=\"lead\">Potencjalne wrze\u015bniowe decyzje EBC o zmianie st\u00f3p procentowych i luzowaniu ilo\u015bciowym nie powinno trwale przesun\u0105\u0107 krzywej rentowno\u015bci \u2013 uwa\u017ca zarz\u0105dzaj\u0105cy funduszami d\u0142u\u017cnymi TFI PZU, Jaros\u0142aw Karpi\u0144ski. Jego zdaniem RPP nie powinna teraz podnosi\u0107 st\u00f3p procentowych.<\/span><\/p>\n<p><span class=\"lead\">&#13;<\/p>\n<div class=\"container645\">\n<div class=\"box645 boxImg\">\n<div class=\"boxContent\"><\/div>\n<\/div>\n<\/div>\n<p>&#13;<br \/>\n<\/span>\u201eOczekiwania rynku wobec EBC mo\u017cna podzieli\u0107 na dwie kategorie. Pierwsza dotyczy decyzji w sprawie obni\u017cki st\u00f3p procentowych, druga za\u015b, decyzji o skupie aktyw\u00f3w. W oczekiwaniu na te decyzje rentowno\u015bci obligacji skarbowych w strefie euro spadaj\u0105\u201d \u2013 powiedzia\u0142 Jaros\u0142aw Karpi\u0144ski.<\/p>\n<p><!--[ ads link bar ]--><\/p>\n<p>Najbli\u017csze posiedzenie Europejskiego Banku Centralnego, po kt\u00f3rym og\u0142oszone zostan\u0105 wyczekiwane przez rynek dzia\u0142ania banku, odb\u0119dzie si\u0119 12 wrze\u015bnia. Dotychczasowe komunikaty rynek ocenia\u0142 jako go\u0142\u0119bie, co znajduje odzwierciedlenie w spadaj\u0105cych rentowno\u015bciach.<\/p>\n<p>W ocenie Karpi\u0144skiego rozwa\u017cane przez rynek obni\u017cenie st\u00f3p procentowych przez EBC o 10 pb najprawdopodobniej d\u0142ugoterminowo nie wywo\u0142a przesuni\u0119cia krzywej rentowno\u015bci. Kr\u00f3tkoterminowo nale\u017ca\u0142oby si\u0119 spodziewa\u0107 wzrostu rentowno\u015bci, o ile w parze z ci\u0119ciem nie b\u0119d\u0105 sz\u0142y sygna\u0142y o dalszych obni\u017ckach.<\/p>\n<p>\u201eOstatnio pojawi\u0142y si\u0119 g\u0142osy, \u017ce EBC m\u00f3g\u0142by zaskoczy\u0107 inwestor\u00f3w i obni\u017cy\u0107 stopy o 15 pb. To r\u00f3wnie\u017c nie zmieni\u0142oby drastycznie sytuacji. W tym scenariuszu mo\u017ce unikn\u0119liby\u015bmy spadku cen obligacji\u201d \u2013 oceni\u0142 Karpi\u0144ski.<\/p>\n<p>Zarz\u0105dzaj\u0105cy uwa\u017ca, \u017ce niewielka skala wrze\u015bniowej obni\u017cki st\u00f3p przez EBC nie powinna poruszy\u0107 rentowno\u015bciami krajowych obligacji skarbowych, natomiast gdyby ci\u0119cie st\u00f3p by\u0142o wi\u0119ksze, ni\u017c oczekuje rynek, dochodowo\u015b\u0107 mog\u0142aby spa\u015b\u0107.<\/p>\n<p>Podczas ostatniego posiedzenia przedstawiciele EBC dyskutowali o stymulacji monetarnej, jako odpowiedzi na spowolnienie gospodarcze w strefie euro, kt\u00f3re mo\u017ce by\u0107 g\u0142\u0119bsze, ni\u017c wcze\u015bniej zak\u0142adano &#8211; wynika z protoko\u0142u z lipcowego posiedzenia. EBC poinformowa\u0142 w\u00f3wczas, \u017ce rozwa\u017ca wprowadzenie nowego programu skupu aktyw\u00f3w.<\/p>\n<p>\u201eZazwyczaj zwi\u0119kszanie ilo\u015bci pieni\u0105dza w gospodarce pr\u0119dzej czy p\u00f3\u017aniej przek\u0142ada si\u0119 na wzrost oczekiwa\u0144 inflacyjnych. W zwi\u0105zku z tym uruchomienie programu luzowania ilo\u015bciowego w Europie, zw\u0142aszcza dotycz\u0105cego skupu bardziej ryzykownych aktyw\u00f3w, powinno d\u0142ugoterminowo spowodowa\u0107 wystromienie si\u0119 krzywej rentowno\u015bci w strefie euro\u201d \u2013 powiedzia\u0142.<\/p>\n<p>Zdaniem Karpi\u0144skiego, ewentualne po\u0142\u0105czenie dw\u00f3ch decyzji EBC r\u00f3wnie\u017c skutkowa\u0142oby wystromieniem krzywej, jednak w Polsce ten efekt m\u00f3g\u0142by by\u0107 mniejszy, ze wzgl\u0119du na oczekiwanie na ruch ze strony RPP. Ponadto zmiana nachylenia krzywej wynika\u0142aby raczej ze spadk\u00f3w rentowno\u015bci w kr\u00f3tkim terminie ni\u017c wzrostu na d\u0142ugim.<\/p>\n<p>Zarz\u0105dzaj\u0105cy zwraca uwag\u0119, \u017ce ostatnie doniesienia o mo\u017cliwym luzowaniu fiskalnym w Niemczech mo\u017ce powstrzymywa\u0107 rentowno\u015bci przed spadkami do jeszcze bardziej ujemnych poziom\u00f3w.<\/p>\n<p>\u201eW gospodarce wszystko jest ze sob\u0105 powi\u0105zane. Skoro ilo\u015b\u0107 wytwarzanych d\u00f3br i us\u0142ug b\u0119dzie w miar\u0119 sta\u0142a, a ilo\u015b\u0107 pieni\u0105dza wpompowana w gospodark\u0119 b\u0119dzie wi\u0119ksza, to si\u0142\u0105 rzeczy powinno to si\u0119 prze\u0142o\u017cy\u0107 na wzrost inflacji za jaki\u015b czas. To z kolei mo\u017ce w przysz\u0142o\u015bci oznacza\u0107 konieczno\u015b\u0107 podwy\u017cki st\u00f3p procentowych\u201d \u2013 doda\u0142.<\/p>\n<p>Karpi\u0144ski przypomina, \u017ce jeszcze rok temu inflacja w strefie euro by\u0142a na wy\u017cszym poziomie, jednak brak program\u00f3w luzowania ilo\u015bciowego wraz z zaognieniem sytuacji gospodarczo-politycznej na \u015bwiecie spowodowa\u0142o jej spadek.<\/p>\n<p>\u201eNie widz\u0119 powod\u00f3w, dla kt\u00f3rych inflacja nie mia\u0142aby powr\u00f3ci\u0107 do normalno\u015bci w\u0142a\u015bnie z tytu\u0142u efekt\u00f3w monetarnych. Oczywi\u015bcie o wiele szybsze prze\u0142o\u017cenie mia\u0142yby programy fiskalne w poszczeg\u00f3lnych krajach, czego przyk\u0142adem mog\u0105 by\u0107 Stany Zjednoczone dwa lata temu i Polska obecnie, gdzie programy fiskalne rz\u0105du pobudzi\u0142y inflacj\u0119\u201d \u2013 powiedzia\u0142 zarz\u0105dzaj\u0105cy.<\/p>\n<p>\u201eTo, \u017ce w Polsce mamy inflacj\u0119 nie oznacza od razu, \u017ce RPP musi podnosi\u0107 stopy procentowe. Wydaje si\u0119, \u017ce wska\u017anik cen w Polsce jest dzisiaj kwesti\u0105 drugorz\u0119dn\u0105. Du\u017co wa\u017cniejsze jest nieoderwanie decyzji RPP od dzia\u0142a\u0144 EBC. Skoro oczekuje si\u0119 pewnych go\u0142\u0119bich ruch\u00f3w ze strony EBC, w tym obni\u017cek st\u00f3p procentowych, to moim zdaniem nie mo\u017cna oczekiwa\u0107 od RPP podwy\u017cek. Banki centralne nie powinny w jednym czasie p\u00f3j\u015b\u0107 w dwie r\u00f3\u017cne strony\u201d \u2013 doda\u0142.<\/p>\n<p>W czysto teoretycznych rozwa\u017caniach, Karpi\u0144ski ocenia, \u017ce gdyby RPP jednak zdecydowa\u0142a si\u0119 na podnoszenie st\u00f3p, mog\u0142oby to oznacza\u0107 w pierwszej kolejno\u015bci silniejszego z\u0142otego, wy\u017cszy koszt pieni\u0105dza, a p\u00f3\u017aniej os\u0142abienie gospodarki. W zwi\u0105zku z tym nale\u017ca\u0142oby w nied\u0142ugim czasie odwr\u00f3ci\u0107 podwy\u017ck\u0119 i mog\u0142oby doj\u015b\u0107 do spadk\u00f3w rentowno\u015bci obligacji z d\u0142ugim terminem do wykupu, a tym samym, odwr\u00f3cenia krzywej rentowno\u015bci.<\/p>\n<p>Rynek wycenia obni\u017ck\u0119 st\u00f3p procentowych w Polsce o oko\u0142o 25 pb w ci\u0105gu roku.<\/p>\n<p>\u201eMamy obecnie wzrost inflacji i do ko\u0144ca I kw. 2020 r. ten wzrost b\u0119dzie nast\u0119powa\u0142 \u2013 w tym okresie trudno oczekiwa\u0107 zmian st\u00f3p procentowych. Jednak po szczycie inflacji w Polsce, kiedy jej dynamika zacznie si\u0119 obni\u017ca\u0107, ca\u0142kiem racjonalne wydaje si\u0119 oczekiwanie ci\u0119cia st\u00f3p r\u00f3wnie\u017c w Polsce. Obecnie ze wzgl\u0119du na oczekiwanie na wyrok TSUE i os\u0142abienie z\u0142otego obni\u017cka nie by\u0142aby dobrze odebrana\u201d \u2013 powiedzia\u0142 Karpi\u0144ski.<\/p>\n<h2>Fed nie ma miejsca na dobry ruch<\/h2>\n<p>Obni\u017cenie st\u00f3p procentowych o 50 pb na jednym posiedzeniu pokaza\u0142oby,&#13;<br \/>\n \u017ce Fed obawia si\u0119 recesji. Natomiast obni\u017cka o 25 pb mog\u0142aby prze\u0142o\u017cy\u0107 &#13;<br \/>\nsi\u0119 na wzrost rentowno\u015bci w najbli\u017cszym czasie, spowodowany &#13;<br \/>\nrozczarowaniem rynku, \u017ce obni\u017cki s\u0105 mniejsze ni\u017c oczekiwano \u2013 powiedzia\u0142&#13;<br \/>\n PAP Biznes zarz\u0105dzaj\u0105cy funduszami d\u0142u\u017cnymi TFI PZU, Jaros\u0142aw &#13;<br \/>\nKarpi\u0144ski.<\/p>\n<p>\u201eOczekiwania wobec obni\u017cek st\u00f3p procentowych przez Fed &#13;<br \/>\ns\u0105 du\u017ce, spot\u0119gowa\u0142o je zachowanie ameryka\u0144skiej administracji. W pewnym&#13;<br \/>\n stopniu te oczekiwania s\u0105 nieracjonalne. W \u015blad za naciskami &#13;<br \/>\npersonalnymi b\u0105d\u017a quasi-administracyjnymi rynek wyceni\u0142 do\u015b\u0107 szybk\u0105 &#13;<br \/>\n\u015bcie\u017ck\u0119 obni\u017cek st\u00f3p w USA. Fed natomiast nie ma w tej chwili miejsca na&#13;<br \/>\n dobry ruch, poniewa\u017c taka \u015bcie\u017cka obni\u017cek nie jest dla banku &#13;<br \/>\ncentralnego korzystna\u201d \u2013 powiedzia\u0142 Jaros\u0142aw Karpi\u0144ski.<\/p>\n<p>Zdaniem zarz\u0105dzaj\u0105cego, na tle innych kraj\u00f3w, gospodarka Stan\u00f3w &#13;<br \/>\nZjednoczonych wygl\u0105da dobrze. Obni\u017cenie st\u00f3p procentowych o 50 pb na &#13;<br \/>\njednym posiedzeniu pokaza\u0142oby, \u017ce Fed obawia si\u0119 recesji.<\/p>\n<p>\u201eModelowo potwierdzeniem obaw inwestor\u00f3w o pogorszenie si\u0119 sytuacji w&#13;<br \/>\n okresie 5 lat jest inwersja rentowno\u015bci obligacji 2 i 5-letnich. Nie &#13;<br \/>\nnale\u017cy jednak wyci\u0105ga\u0107 wniosk\u00f3w, \u017ce taka inwersja wr\u00f3\u017cy recesj\u0119\u201d \u2013 &#13;<br \/>\npowiedzia\u0142.<\/p>\n<p>\u201eGospodarka USA ma si\u0119 dobrze, a recesji mo\u017ce nie by\u0107 do 2021 r, a &#13;<br \/>\nmo\u017ce i p\u00f3\u017aniej. Jednak prognozowanie tak daleko w prz\u00f3d nie jest &#13;<br \/>\nefektywne, gdy\u017c zbyt wiele mo\u017ce si\u0119 po drodze wydarzy\u0107. Ponadto &#13;<br \/>\nfundusze, takie jak nasz, nie trzymaj\u0105 obligacji do wykupu, lecz &#13;<br \/>\naktywnie nimi handluj\u0105 i dostosowuj\u0105 si\u0119 do zmieniaj\u0105cego si\u0119 ryzyka\u201d \u2013 &#13;<br \/>\ndoda\u0142.<\/p>\n<p>Jego zdaniem natomiast obni\u017cka o 25 pb mog\u0142aby prze\u0142o\u017cy\u0107 si\u0119 na &#13;<br \/>\nwzrost rentowno\u015bci w najbli\u017cszym czasie, spowodowany rozczarowaniem &#13;<br \/>\nrynku, \u017ce obni\u017cki s\u0105 mniejsze, ni\u017c oczekiwano.<\/p>\n<p>\u201eJednocze\u015bnie obni\u017cka o 25 pb w po\u0142\u0105czeniu z komentarzem, \u017ce &#13;<br \/>\nameryka\u0144ska gospodarka nie potrzebuje szybkich ci\u0119\u0107 st\u00f3p procentowych &#13;<br \/>\ndzia\u0142a\u0142aby uspokajaj\u0105co na nastroje w globalnej gospodarce i na &#13;<br \/>\nryzykowniejsze klasy aktyw\u00f3w\u201d \u2013 powiedzia\u0142.<\/p>\n<p>Karpi\u0144ski nie widzi konieczno\u015bci obni\u017cki st\u00f3p Fed na ka\u017cdym spotkaniu&#13;<br \/>\n FOMC. Przyznaje, \u017ce ameryka\u0144ska gospodarka wydaje si\u0119 by\u0107 odporna na &#13;<br \/>\nwojny handlowe.<\/p>\n<p>\u201eNastroje konsument\u00f3w i ma\u0142ych firm s\u0105 ca\u0142y czas na bardzo &#13;<br \/>\nprzyzwoitym poziomie i z tego powodu Fed ma do\u015b\u0107 dobre wyt\u0142umaczenie, &#13;<br \/>\ndlaczego nie potrzebuje szybko ci\u0105\u0107 st\u00f3p\u201d \u2013 oceni\u0142 Karpi\u0144ski.<\/p>\n<p>Bior\u0105c pod uwag\u0119 trwaj\u0105c\u0105 wojn\u0119 handlow\u0105, zdaniem Karpi\u0144skiego, o &#13;<br \/>\nwiele lepszym ruchem ze strony Fed by\u0142aby pocz\u0105tkowo ma\u0142a obni\u017cka i &#13;<br \/>\ndokonywanie kolejnych w miar\u0119 zaogniania si\u0119 sytuacji na rynkach &#13;<br \/>\nfinansowych b\u0105d\u017a w gospodarce.<\/p>\n<p>\u201eW kr\u00f3tkim terminie decyzje Fed raczej nie wp\u0142yn\u0105 na krajowe &#13;<br \/>\nobligacje. O wiele wa\u017cniejszy dla polskiego rynku jest EBC. W &#13;<br \/>\nperspektywie roku scenariusz ma\u0142ych dora\u017anych obni\u017cek, maj\u0105cych uspokoi\u0107&#13;<br \/>\n rynki, na pewno b\u0119dzie podtrzymywa\u0142 wysokie ceny naszych obligacji &#13;<br \/>\njeszcze przez du\u017cy czas\u201d \u2013 uwa\u017ca zarz\u0105dzaj\u0105cy. <\/p>\n<p>\u201eTak d\u0142ugo, jak sytuacja w Stanach Zjednoczonych nie b\u0119dzie si\u0119 &#13;<br \/>\nznacz\u0105co pogarsza\u0107, a w Chinach miesi\u0119czne i kwartalne odczyty danych &#13;<br \/>\nmakroekonomicznych b\u0119d\u0105 wskazywa\u0142y jakie\u015b spowolnienie, tak d\u0142ugo wojna &#13;<br \/>\nhandlowa mo\u017ce by\u0107 kontynuowana. To jest w\u0142a\u015bnie to, o co chodzi &#13;<br \/>\nameryka\u0144skiej administracji. Nie spodziewam si\u0119, \u017ceby ten konflikt &#13;<br \/>\nzako\u0144czy\u0142 si\u0119 w tym roku\u201d \u2013 doda\u0142 Karpi\u0144ski. <\/p>\n<h2>Inwestorzy poszukuj\u0105 st\u00f3p zwrotu w Rosji i Brazylii <\/h2>\n<p>\u201eInwestorzy lokuj\u0105 kapita\u0142 tam, gdzie s\u0105 wysokie realne &#13;<br \/>\n(uwzgl\u0119dniaj\u0105ce inflacj\u0119) stopy zwrotu. Takimi krajami s\u0105 obecnie Rosja i&#13;<br \/>\n Brazylia, a w dalszej kolejno\u015bci Meksyk, RPA i Indonezja\u201d \u2013 powiedzia\u0142 &#13;<br \/>\nKarpi\u0144ski.<\/p>\n<p>Zwr\u00f3ci\u0142 uwag\u0119, \u017ce trzy ostatnie kraje mog\u0142yby znale\u017a\u0107 si\u0119 wy\u017cej w &#13;<br \/>\nrankingu inwestor\u00f3w, gdyby nie specyficzne dla ka\u017cdego z tych kraj\u00f3w &#13;<br \/>\nczynniki ryzyka.<\/p>\n<p>\u201eW Meksyku zwalnia PKB. Reformy w RPA nie b\u0119d\u0105 \u0142atwe, poza tym tempo &#13;<br \/>\nwzrostu PKB jest tam niskie, a dodatkowo podw\u00f3jny deficyt. Z kolei &#13;<br \/>\nIndonezja ma dobry wzrost gospodarczy, ale nie u\u0142atwia rozliczania &#13;<br \/>\ntransakcji mi\u0119dzynarodowych, a ponadto potencjalnie s\u0142abszy bud\u017cet w &#13;<br \/>\nnadchodz\u0105cych latach\u201d \u2013 powiedzia\u0142.<\/p>\n<p>Karpi\u0144ski wymienia szereg czynnik\u00f3w, kt\u00f3re stoj\u0105 za tym, \u017ce rynek &#13;<br \/>\nd\u0142u\u017cny w Rosji znajduje si\u0119 w centrum uwagi inwestor\u00f3w. S\u0105 to: niska &#13;<br \/>\ninflacja, wysokie stopy procentowe, odpowiedzialny bank centralny, &#13;<br \/>\nnadwy\u017cka w bilansie obrot\u00f3w bie\u017c\u0105cych oraz nadwy\u017cka w bud\u017cecie.<\/p>\n<p>\u201eWydaje si\u0119, \u017ce niskie tempo wzrostu PKB nieco pomaga w\u0142adzom &#13;<br \/>\ncentralnym w Rosji. Rozp\u0119dzona gospodarka prze\u0142o\u017cy\u0142aby si\u0119 na wzrost &#13;<br \/>\ninflacji, a to mog\u0142oby wp\u0142yn\u0105\u0107 na wzrost oczekiwa\u0144 populacji\u201d \u2013 oceni\u0142 &#13;<br \/>\nzarz\u0105dzaj\u0105cy.<\/p>\n<p>&#8222;W Brazylii PKB te\u017c nie zachwyca, ale trajektoria jest powoli &#13;<br \/>\nwznosz\u0105ca, bilans obrot\u00f3w bie\u017c\u0105cych nie stanowi problemu i poprawia si\u0119 &#13;<br \/>\nod lat. Negatywn\u0105 stron\u0105 jest bud\u017cet, ale reformy tej administracji wraz&#13;<br \/>\n z nadchodz\u0105cym okresem prywatyzacji stanowi\u0105 du\u017c\u0105 nadziej\u0119 na &#13;<br \/>\nprzysz\u0142o\u015b\u0107. Obecnie natomiast, bardzo niska inflacja powoduje, \u017ce &#13;<br \/>\npowinno si\u0119 do\u015b\u0107 szybko oczekiwa\u0107 kolejnych ci\u0119\u0107 st\u00f3p procentowych\u201d \u2013 &#13;<br \/>\npowiedzia\u0142.<\/p>\n<p>Karpi\u0144ski ocenia, \u017ce tempo ci\u0119\u0107 st\u00f3p procentowych w Brazylii prawdopodobnie b\u0119dzie w jakim\u015b stopniu powi\u0105zane z ruchami Fedu.<\/p>\n<p>\u201ePerspektywicznym rynkiem mo\u017ce, w niedalekiej przysz\u0142o\u015bci, sta\u0107 si\u0119 &#13;<br \/>\nTurcja. Nie m\u00f3wi\u0119, \u017ce od razu stanie si\u0119 krajem z 1 ligi, ani, \u017ce &#13;<br \/>\ninwestorzy b\u0119d\u0105 tam lokowa\u0107 du\u017ce pieni\u0105dze, ale od pewnego czasu &#13;<br \/>\nwska\u017aniki makroekonomiczne zaczynaj\u0105 si\u0119 poprawia\u0107. Turcja mo\u017ce by\u0107 &#13;<br \/>\ngwiazd\u0105 przysz\u0142ego roku\u201d \u2013 powiedzia\u0142.<\/p>\n<p>Zarz\u0105dzaj\u0105cy zwraca uwag\u0119, \u017ce pozytywnymi kwestiami s\u0105: powracaj\u0105ca do normalno\u015bci inflacja oraz cykl obni\u017cek st\u00f3p procentowych.<\/p>\n<p>\u201ePrzez dwa lata turecka gospodarka by\u0142a pogr\u0105\u017cona w kryzysie, co &#13;<br \/>\nmocno odbi\u0142o si\u0119 na bankach. Jednak fala z\u0142ych kredyt\u00f3w ju\u017c si\u0119 przez &#13;<br \/>\nbanki przetoczy\u0142a. Przez to, \u017ce nie udzielano tam nowych kredyt\u00f3w, banki&#13;<br \/>\n obkupione s\u0105 w obligacje z wysokim kuponem i maj\u0105 teraz z tego tytu\u0142u &#13;<br \/>\nwysokie zyski\u201d \u2013 powiedzia\u0142.<\/p>\n<p>\u201eWsp\u00f3lne dzia\u0142ania ze strony banku centralnego i rz\u0105du premiuj\u0105ce &#13;<br \/>\nbanki udzielaj\u0105ce kredyt\u00f3w, na pewno wzmocni\u0105 sektor, ale ca\u0142ej &#13;<br \/>\ngospodarki raczej nie od razu\u201d \u2013 doda\u0142.<\/p>\n<p>Wed\u0142ug Karpi\u0144skiego nie ma obecnie rynku, kt\u00f3ry by\u0142by dobry przez &#13;<br \/>\nd\u0142ugi okres i przynosi\u0142 zyski latami. Na przyk\u0142ad w zesz\u0142ym roku bardzo &#13;<br \/>\nmocno traci\u0142y obligacje ameryka\u0144skie, a w tym roku nale\u017c\u0105 do najlepszych&#13;<br \/>\n inwestycji na rynku d\u0142ugu. Podobnie jest z rynkiem tureckim \u2013 w zesz\u0142ym&#13;<br \/>\n roku by\u0142 najgorszy, w tym znajduje si\u0119 w czo\u0142\u00f3wce st\u00f3p zwrotu. <\/p>\n<p>Krzysztof Kita <\/p>\n<\/p><\/div>\n<p><script>(function() {\n  var _fbq = window._fbq || (window._fbq = []);\n  if (!_fbq.loaded) {\n    var fbds = document.createElement('script');\n    fbds.async = true;\n    fbds.src = \"http:\/\/connect.facebook.net\/en_US\/fbds.js\";\n    var s = document.getElementsByTagName('script')[0];\n    s.parentNode.insertBefore(fbds, s);\n    _fbq.loaded = true;\n  }\n  _fbq.push(['addPixelId', '743763269044006']);\n})();\nwindow._fbq = window._fbq || [];\nwindow._fbq.push(['track', 'PixelInitialized', {}]);\n<\/script><script>(function(d, s, id) {\n  var js, fjs = d.getElementsByTagName(s)[0];\n  if (d.getElementById(id)) return;\n  js = d.createElement(s); js.id = id;\n  js.src = \"http:\/\/connect.facebook.net\/pl_PL\/sdk.js#xfbml=1&version=v2.3\";\n  fjs.parentNode.insertBefore(js, fjs);\n}(document, 'script', 'facebook-jssdk'));<\/script><script>(function(d, s, id) {\n  var js, fjs = d.getElementsByTagName(s)[0];\n  if (d.getElementById(id)) return;\n  js = d.createElement(s); js.id = id;\n  js.src = \"http:\/\/connect.facebook.net\/pl_PL\/all.js#xfbml=1&appId=212379965454760\";\n  fjs.parentNode.insertBefore(js, fjs);\n}(document, 'script', 'facebook-jssdk'));<\/script><br \/>\n<br \/>\n<!--noindex--><br \/>\n<a href=\"http:\/\/www.bankier.pl\/wiadomosc\/Karpinski-Decyzje-EBC-nie-powinny-przesunac-krzywej-rentownosci-7734832.html\" rel=\"nofollow\">Source link <\/a><br \/>\n<!--\/noindex--><\/p>\n","protected":false},"excerpt":{"rendered":"<p>Potencjalne wrze\u015bniowe decyzje EBC o zmianie st\u00f3p procentowych i luzowaniu ilo\u015bciowym nie powinno trwale przesun\u0105\u0107 krzywej rentowno\u015bci \u2013 uwa\u017ca zarz\u0105dzaj\u0105cy funduszami d\u0142u\u017cnymi TFI PZU, Jaros\u0142aw Karpi\u0144ski. Jego zdaniem RPP nie powinna teraz podnosi\u0107 st\u00f3p procentowych. &#13; &#13; \u201eOczekiwania rynku wobec EBC mo\u017cna podzieli\u0107 na dwie kategorie. Pierwsza dotyczy decyzji w sprawie obni\u017cki st\u00f3p procentowych, druga [&hellip;]<\/p>\n","protected":false},"author":2,"featured_media":1932,"comment_status":"open","ping_status":"open","sticky":false,"template":"","format":"standard","meta":{"footnotes":""},"categories":[1],"tags":[],"class_list":["post-1931","post","type-post","status-publish","format-standard","has-post-thumbnail","hentry","category-wiadomosci-finansowe"],"yoast_head":"<!-- This site is optimized with the Yoast SEO plugin v27.4 - https:\/\/yoast.com\/product\/yoast-seo-wordpress\/ -->\n<title>Karpi\u0144ski: Decyzje EBC nie powinny przesun\u0105\u0107 krzywej rentowno\u015bci - Super News<\/title>\n<meta name=\"robots\" content=\"index, follow, max-snippet:-1, max-image-preview:large, max-video-preview:-1\" \/>\n<link rel=\"canonical\" href=\"https:\/\/super-news.info\/pl\/karpinski-decyzje-ebc-nie-powinny-przesunac-krzywej-rentownosci\/\" \/>\n<meta property=\"og:locale\" content=\"pl_PL\" \/>\n<meta property=\"og:type\" content=\"article\" \/>\n<meta property=\"og:title\" content=\"Karpi\u0144ski: Decyzje EBC nie powinny przesun\u0105\u0107 krzywej rentowno\u015bci - Super News\" \/>\n<meta property=\"og:description\" content=\"Potencjalne wrze\u015bniowe decyzje EBC o zmianie st\u00f3p procentowych i luzowaniu ilo\u015bciowym nie powinno trwale przesun\u0105\u0107 krzywej rentowno\u015bci \u2013 uwa\u017ca zarz\u0105dzaj\u0105cy funduszami d\u0142u\u017cnymi TFI PZU, Jaros\u0142aw Karpi\u0144ski. Jego zdaniem RPP nie powinna teraz podnosi\u0107 st\u00f3p procentowych. &#013; &#013; \u201eOczekiwania rynku wobec EBC mo\u017cna podzieli\u0107 na dwie kategorie. Pierwsza dotyczy decyzji w sprawie obni\u017cki st\u00f3p procentowych, druga [&hellip;]\" \/>\n<meta property=\"og:url\" content=\"https:\/\/super-news.info\/pl\/karpinski-decyzje-ebc-nie-powinny-przesunac-krzywej-rentownosci\/\" \/>\n<meta property=\"og:site_name\" content=\"Super News\" \/>\n<meta property=\"article:published_time\" content=\"2019-09-09T10:00:11+00:00\" \/>\n<meta property=\"article:modified_time\" content=\"2019-09-09T10:00:12+00:00\" \/>\n<meta property=\"og:image\" content=\"https:\/\/super-news.info\/pl\/wp-content\/uploads\/sites\/6\/2019\/09\/Karpi-ski-Decyzje-EBC-nie-powinny-przesun-krzywej-rentowno-ci.jpg\" \/>\n\t<meta property=\"og:image:width\" content=\"645\" \/>\n\t<meta property=\"og:image:height\" content=\"387\" \/>\n\t<meta property=\"og:image:type\" content=\"image\/jpeg\" \/>\n<meta name=\"author\" content=\"super-news\" \/>\n<meta name=\"twitter:card\" content=\"summary_large_image\" \/>\n<meta name=\"twitter:label1\" content=\"Napisane przez\" \/>\n\t<meta name=\"twitter:data1\" content=\"super-news\" \/>\n\t<meta name=\"twitter:label2\" content=\"Szacowany czas czytania\" \/>\n\t<meta name=\"twitter:data2\" content=\"10 minut\" \/>\n<script type=\"application\/ld+json\" class=\"yoast-schema-graph\">{\"@context\":\"https:\\\/\\\/schema.org\",\"@graph\":[{\"@type\":\"Article\",\"@id\":\"https:\\\/\\\/super-news.info\\\/pl\\\/karpinski-decyzje-ebc-nie-powinny-przesunac-krzywej-rentownosci\\\/#article\",\"isPartOf\":{\"@id\":\"https:\\\/\\\/super-news.info\\\/pl\\\/karpinski-decyzje-ebc-nie-powinny-przesunac-krzywej-rentownosci\\\/\"},\"author\":{\"name\":\"super-news\",\"@id\":\"https:\\\/\\\/super-news.info\\\/pl\\\/#\\\/schema\\\/person\\\/2d4068cb2f39cd10008c2fce578a7356\"},\"headline\":\"Karpi\u0144ski: Decyzje EBC nie powinny przesun\u0105\u0107 krzywej rentowno\u015bci\",\"datePublished\":\"2019-09-09T10:00:11+00:00\",\"dateModified\":\"2019-09-09T10:00:12+00:00\",\"mainEntityOfPage\":{\"@id\":\"https:\\\/\\\/super-news.info\\\/pl\\\/karpinski-decyzje-ebc-nie-powinny-przesunac-krzywej-rentownosci\\\/\"},\"wordCount\":1993,\"commentCount\":0,\"image\":{\"@id\":\"https:\\\/\\\/super-news.info\\\/pl\\\/karpinski-decyzje-ebc-nie-powinny-przesunac-krzywej-rentownosci\\\/#primaryimage\"},\"thumbnailUrl\":\"https:\\\/\\\/super-news.info\\\/pl\\\/wp-content\\\/uploads\\\/sites\\\/6\\\/2019\\\/09\\\/Karpi-ski-Decyzje-EBC-nie-powinny-przesun-krzywej-rentowno-ci.jpg\",\"articleSection\":[\"WIADOMO\u015aCI FINANSOWE\"],\"inLanguage\":\"pl-PL\",\"potentialAction\":[{\"@type\":\"CommentAction\",\"name\":\"Comment\",\"target\":[\"https:\\\/\\\/super-news.info\\\/pl\\\/karpinski-decyzje-ebc-nie-powinny-przesunac-krzywej-rentownosci\\\/#respond\"]}]},{\"@type\":\"WebPage\",\"@id\":\"https:\\\/\\\/super-news.info\\\/pl\\\/karpinski-decyzje-ebc-nie-powinny-przesunac-krzywej-rentownosci\\\/\",\"url\":\"https:\\\/\\\/super-news.info\\\/pl\\\/karpinski-decyzje-ebc-nie-powinny-przesunac-krzywej-rentownosci\\\/\",\"name\":\"Karpi\u0144ski: Decyzje EBC nie powinny przesun\u0105\u0107 krzywej rentowno\u015bci - Super News\",\"isPartOf\":{\"@id\":\"https:\\\/\\\/super-news.info\\\/pl\\\/#website\"},\"primaryImageOfPage\":{\"@id\":\"https:\\\/\\\/super-news.info\\\/pl\\\/karpinski-decyzje-ebc-nie-powinny-przesunac-krzywej-rentownosci\\\/#primaryimage\"},\"image\":{\"@id\":\"https:\\\/\\\/super-news.info\\\/pl\\\/karpinski-decyzje-ebc-nie-powinny-przesunac-krzywej-rentownosci\\\/#primaryimage\"},\"thumbnailUrl\":\"https:\\\/\\\/super-news.info\\\/pl\\\/wp-content\\\/uploads\\\/sites\\\/6\\\/2019\\\/09\\\/Karpi-ski-Decyzje-EBC-nie-powinny-przesun-krzywej-rentowno-ci.jpg\",\"datePublished\":\"2019-09-09T10:00:11+00:00\",\"dateModified\":\"2019-09-09T10:00:12+00:00\",\"author\":{\"@id\":\"https:\\\/\\\/super-news.info\\\/pl\\\/#\\\/schema\\\/person\\\/2d4068cb2f39cd10008c2fce578a7356\"},\"breadcrumb\":{\"@id\":\"https:\\\/\\\/super-news.info\\\/pl\\\/karpinski-decyzje-ebc-nie-powinny-przesunac-krzywej-rentownosci\\\/#breadcrumb\"},\"inLanguage\":\"pl-PL\",\"potentialAction\":[{\"@type\":\"ReadAction\",\"target\":[\"https:\\\/\\\/super-news.info\\\/pl\\\/karpinski-decyzje-ebc-nie-powinny-przesunac-krzywej-rentownosci\\\/\"]}]},{\"@type\":\"ImageObject\",\"inLanguage\":\"pl-PL\",\"@id\":\"https:\\\/\\\/super-news.info\\\/pl\\\/karpinski-decyzje-ebc-nie-powinny-przesunac-krzywej-rentownosci\\\/#primaryimage\",\"url\":\"https:\\\/\\\/super-news.info\\\/pl\\\/wp-content\\\/uploads\\\/sites\\\/6\\\/2019\\\/09\\\/Karpi-ski-Decyzje-EBC-nie-powinny-przesun-krzywej-rentowno-ci.jpg\",\"contentUrl\":\"https:\\\/\\\/super-news.info\\\/pl\\\/wp-content\\\/uploads\\\/sites\\\/6\\\/2019\\\/09\\\/Karpi-ski-Decyzje-EBC-nie-powinny-przesun-krzywej-rentowno-ci.jpg\",\"width\":645,\"height\":387,\"caption\":\"Karpi\u0144ski: Decyzje EBC nie powinny przesun\u0105\u0107 krzywej rentowno\u015bci\"},{\"@type\":\"BreadcrumbList\",\"@id\":\"https:\\\/\\\/super-news.info\\\/pl\\\/karpinski-decyzje-ebc-nie-powinny-przesunac-krzywej-rentownosci\\\/#breadcrumb\",\"itemListElement\":[{\"@type\":\"ListItem\",\"position\":1,\"name\":\"\u0413\u043b\u0430\u0432\u043d\u0430\u044f \u0441\u0442\u0440\u0430\u043d\u0438\u0446\u0430\",\"item\":\"https:\\\/\\\/super-news.info\\\/pl\\\/\"},{\"@type\":\"ListItem\",\"position\":2,\"name\":\"Karpi\u0144ski: Decyzje EBC nie powinny przesun\u0105\u0107 krzywej rentowno\u015bci\"}]},{\"@type\":\"WebSite\",\"@id\":\"https:\\\/\\\/super-news.info\\\/pl\\\/#website\",\"url\":\"https:\\\/\\\/super-news.info\\\/pl\\\/\",\"name\":\"Super News\",\"description\":\"Super News Polska\",\"potentialAction\":[{\"@type\":\"SearchAction\",\"target\":{\"@type\":\"EntryPoint\",\"urlTemplate\":\"https:\\\/\\\/super-news.info\\\/pl\\\/?s={search_term_string}\"},\"query-input\":{\"@type\":\"PropertyValueSpecification\",\"valueRequired\":true,\"valueName\":\"search_term_string\"}}],\"inLanguage\":\"pl-PL\"},{\"@type\":\"Person\",\"@id\":\"https:\\\/\\\/super-news.info\\\/pl\\\/#\\\/schema\\\/person\\\/2d4068cb2f39cd10008c2fce578a7356\",\"name\":\"super-news\",\"image\":{\"@type\":\"ImageObject\",\"inLanguage\":\"pl-PL\",\"@id\":\"https:\\\/\\\/secure.gravatar.com\\\/avatar\\\/64ebac40b93f26a154f8a9b5b6fdccfc46f442b26b3dd6756dbff3bf9dc76fd7?s=96&d=mm&r=g\",\"url\":\"https:\\\/\\\/secure.gravatar.com\\\/avatar\\\/64ebac40b93f26a154f8a9b5b6fdccfc46f442b26b3dd6756dbff3bf9dc76fd7?s=96&d=mm&r=g\",\"contentUrl\":\"https:\\\/\\\/secure.gravatar.com\\\/avatar\\\/64ebac40b93f26a154f8a9b5b6fdccfc46f442b26b3dd6756dbff3bf9dc76fd7?s=96&d=mm&r=g\",\"caption\":\"super-news\"},\"url\":\"https:\\\/\\\/super-news.info\\\/pl\\\/author\\\/pt\\\/\"}]}<\/script>\n<!-- \/ Yoast SEO plugin. -->","yoast_head_json":{"title":"Karpi\u0144ski: Decyzje EBC nie powinny przesun\u0105\u0107 krzywej rentowno\u015bci - Super News","robots":{"index":"index","follow":"follow","max-snippet":"max-snippet:-1","max-image-preview":"max-image-preview:large","max-video-preview":"max-video-preview:-1"},"canonical":"https:\/\/super-news.info\/pl\/karpinski-decyzje-ebc-nie-powinny-przesunac-krzywej-rentownosci\/","og_locale":"pl_PL","og_type":"article","og_title":"Karpi\u0144ski: Decyzje EBC nie powinny przesun\u0105\u0107 krzywej rentowno\u015bci - Super News","og_description":"Potencjalne wrze\u015bniowe decyzje EBC o zmianie st\u00f3p procentowych i luzowaniu ilo\u015bciowym nie powinno trwale przesun\u0105\u0107 krzywej rentowno\u015bci \u2013 uwa\u017ca zarz\u0105dzaj\u0105cy funduszami d\u0142u\u017cnymi TFI PZU, Jaros\u0142aw Karpi\u0144ski. Jego zdaniem RPP nie powinna teraz podnosi\u0107 st\u00f3p procentowych. &#13; &#13; \u201eOczekiwania rynku wobec EBC mo\u017cna podzieli\u0107 na dwie kategorie. Pierwsza dotyczy decyzji w sprawie obni\u017cki st\u00f3p procentowych, druga [&hellip;]","og_url":"https:\/\/super-news.info\/pl\/karpinski-decyzje-ebc-nie-powinny-przesunac-krzywej-rentownosci\/","og_site_name":"Super News","article_published_time":"2019-09-09T10:00:11+00:00","article_modified_time":"2019-09-09T10:00:12+00:00","og_image":[{"width":645,"height":387,"url":"https:\/\/super-news.info\/pl\/wp-content\/uploads\/sites\/6\/2019\/09\/Karpi-ski-Decyzje-EBC-nie-powinny-przesun-krzywej-rentowno-ci.jpg","type":"image\/jpeg"}],"author":"super-news","twitter_card":"summary_large_image","twitter_misc":{"Napisane przez":"super-news","Szacowany czas czytania":"10 minut"},"schema":{"@context":"https:\/\/schema.org","@graph":[{"@type":"Article","@id":"https:\/\/super-news.info\/pl\/karpinski-decyzje-ebc-nie-powinny-przesunac-krzywej-rentownosci\/#article","isPartOf":{"@id":"https:\/\/super-news.info\/pl\/karpinski-decyzje-ebc-nie-powinny-przesunac-krzywej-rentownosci\/"},"author":{"name":"super-news","@id":"https:\/\/super-news.info\/pl\/#\/schema\/person\/2d4068cb2f39cd10008c2fce578a7356"},"headline":"Karpi\u0144ski: Decyzje EBC nie powinny przesun\u0105\u0107 krzywej rentowno\u015bci","datePublished":"2019-09-09T10:00:11+00:00","dateModified":"2019-09-09T10:00:12+00:00","mainEntityOfPage":{"@id":"https:\/\/super-news.info\/pl\/karpinski-decyzje-ebc-nie-powinny-przesunac-krzywej-rentownosci\/"},"wordCount":1993,"commentCount":0,"image":{"@id":"https:\/\/super-news.info\/pl\/karpinski-decyzje-ebc-nie-powinny-przesunac-krzywej-rentownosci\/#primaryimage"},"thumbnailUrl":"https:\/\/super-news.info\/pl\/wp-content\/uploads\/sites\/6\/2019\/09\/Karpi-ski-Decyzje-EBC-nie-powinny-przesun-krzywej-rentowno-ci.jpg","articleSection":["WIADOMO\u015aCI FINANSOWE"],"inLanguage":"pl-PL","potentialAction":[{"@type":"CommentAction","name":"Comment","target":["https:\/\/super-news.info\/pl\/karpinski-decyzje-ebc-nie-powinny-przesunac-krzywej-rentownosci\/#respond"]}]},{"@type":"WebPage","@id":"https:\/\/super-news.info\/pl\/karpinski-decyzje-ebc-nie-powinny-przesunac-krzywej-rentownosci\/","url":"https:\/\/super-news.info\/pl\/karpinski-decyzje-ebc-nie-powinny-przesunac-krzywej-rentownosci\/","name":"Karpi\u0144ski: Decyzje EBC nie powinny przesun\u0105\u0107 krzywej rentowno\u015bci - Super News","isPartOf":{"@id":"https:\/\/super-news.info\/pl\/#website"},"primaryImageOfPage":{"@id":"https:\/\/super-news.info\/pl\/karpinski-decyzje-ebc-nie-powinny-przesunac-krzywej-rentownosci\/#primaryimage"},"image":{"@id":"https:\/\/super-news.info\/pl\/karpinski-decyzje-ebc-nie-powinny-przesunac-krzywej-rentownosci\/#primaryimage"},"thumbnailUrl":"https:\/\/super-news.info\/pl\/wp-content\/uploads\/sites\/6\/2019\/09\/Karpi-ski-Decyzje-EBC-nie-powinny-przesun-krzywej-rentowno-ci.jpg","datePublished":"2019-09-09T10:00:11+00:00","dateModified":"2019-09-09T10:00:12+00:00","author":{"@id":"https:\/\/super-news.info\/pl\/#\/schema\/person\/2d4068cb2f39cd10008c2fce578a7356"},"breadcrumb":{"@id":"https:\/\/super-news.info\/pl\/karpinski-decyzje-ebc-nie-powinny-przesunac-krzywej-rentownosci\/#breadcrumb"},"inLanguage":"pl-PL","potentialAction":[{"@type":"ReadAction","target":["https:\/\/super-news.info\/pl\/karpinski-decyzje-ebc-nie-powinny-przesunac-krzywej-rentownosci\/"]}]},{"@type":"ImageObject","inLanguage":"pl-PL","@id":"https:\/\/super-news.info\/pl\/karpinski-decyzje-ebc-nie-powinny-przesunac-krzywej-rentownosci\/#primaryimage","url":"https:\/\/super-news.info\/pl\/wp-content\/uploads\/sites\/6\/2019\/09\/Karpi-ski-Decyzje-EBC-nie-powinny-przesun-krzywej-rentowno-ci.jpg","contentUrl":"https:\/\/super-news.info\/pl\/wp-content\/uploads\/sites\/6\/2019\/09\/Karpi-ski-Decyzje-EBC-nie-powinny-przesun-krzywej-rentowno-ci.jpg","width":645,"height":387,"caption":"Karpi\u0144ski: Decyzje EBC nie powinny przesun\u0105\u0107 krzywej rentowno\u015bci"},{"@type":"BreadcrumbList","@id":"https:\/\/super-news.info\/pl\/karpinski-decyzje-ebc-nie-powinny-przesunac-krzywej-rentownosci\/#breadcrumb","itemListElement":[{"@type":"ListItem","position":1,"name":"\u0413\u043b\u0430\u0432\u043d\u0430\u044f \u0441\u0442\u0440\u0430\u043d\u0438\u0446\u0430","item":"https:\/\/super-news.info\/pl\/"},{"@type":"ListItem","position":2,"name":"Karpi\u0144ski: Decyzje EBC nie powinny przesun\u0105\u0107 krzywej rentowno\u015bci"}]},{"@type":"WebSite","@id":"https:\/\/super-news.info\/pl\/#website","url":"https:\/\/super-news.info\/pl\/","name":"Super News","description":"Super News Polska","potentialAction":[{"@type":"SearchAction","target":{"@type":"EntryPoint","urlTemplate":"https:\/\/super-news.info\/pl\/?s={search_term_string}"},"query-input":{"@type":"PropertyValueSpecification","valueRequired":true,"valueName":"search_term_string"}}],"inLanguage":"pl-PL"},{"@type":"Person","@id":"https:\/\/super-news.info\/pl\/#\/schema\/person\/2d4068cb2f39cd10008c2fce578a7356","name":"super-news","image":{"@type":"ImageObject","inLanguage":"pl-PL","@id":"https:\/\/secure.gravatar.com\/avatar\/64ebac40b93f26a154f8a9b5b6fdccfc46f442b26b3dd6756dbff3bf9dc76fd7?s=96&d=mm&r=g","url":"https:\/\/secure.gravatar.com\/avatar\/64ebac40b93f26a154f8a9b5b6fdccfc46f442b26b3dd6756dbff3bf9dc76fd7?s=96&d=mm&r=g","contentUrl":"https:\/\/secure.gravatar.com\/avatar\/64ebac40b93f26a154f8a9b5b6fdccfc46f442b26b3dd6756dbff3bf9dc76fd7?s=96&d=mm&r=g","caption":"super-news"},"url":"https:\/\/super-news.info\/pl\/author\/pt\/"}]}},"_links":{"self":[{"href":"https:\/\/super-news.info\/pl\/wp-json\/wp\/v2\/posts\/1931","targetHints":{"allow":["GET"]}}],"collection":[{"href":"https:\/\/super-news.info\/pl\/wp-json\/wp\/v2\/posts"}],"about":[{"href":"https:\/\/super-news.info\/pl\/wp-json\/wp\/v2\/types\/post"}],"author":[{"embeddable":true,"href":"https:\/\/super-news.info\/pl\/wp-json\/wp\/v2\/users\/2"}],"replies":[{"embeddable":true,"href":"https:\/\/super-news.info\/pl\/wp-json\/wp\/v2\/comments?post=1931"}],"version-history":[{"count":1,"href":"https:\/\/super-news.info\/pl\/wp-json\/wp\/v2\/posts\/1931\/revisions"}],"predecessor-version":[{"id":1933,"href":"https:\/\/super-news.info\/pl\/wp-json\/wp\/v2\/posts\/1931\/revisions\/1933"}],"wp:featuredmedia":[{"embeddable":true,"href":"https:\/\/super-news.info\/pl\/wp-json\/wp\/v2\/media\/1932"}],"wp:attachment":[{"href":"https:\/\/super-news.info\/pl\/wp-json\/wp\/v2\/media?parent=1931"}],"wp:term":[{"taxonomy":"category","embeddable":true,"href":"https:\/\/super-news.info\/pl\/wp-json\/wp\/v2\/categories?post=1931"},{"taxonomy":"post_tag","embeddable":true,"href":"https:\/\/super-news.info\/pl\/wp-json\/wp\/v2\/tags?post=1931"}],"curies":[{"name":"wp","href":"https:\/\/api.w.org\/{rel}","templated":true}]}}