{"id":1928,"date":"2019-09-09T11:31:12","date_gmt":"2019-09-09T08:31:12","guid":{"rendered":"https:\/\/super-news.info\/pl\/frank-najtanszy-od-miesiaca-euro-po-4-33-zl\/"},"modified":"2020-02-19T17:34:30","modified_gmt":"2020-02-19T14:34:30","slug":"frank-najtanszy-od-miesiaca-euro-po-4-33-zl","status":"publish","type":"post","link":"https:\/\/super-news.info\/pl\/frank-najtanszy-od-miesiaca-euro-po-4-33-zl\/","title":{"rendered":"Frank najta\u0144szy od miesi\u0105ca. Euro po 4,33 z\u0142"},"content":{"rendered":"<div id=\"articleContent\" data-io-article-url=\"https:\/\/www.bankier.pl\/wiadomosc\/Frank-najtanszy-od-miesiaca-Euro-po-4-33-zl-7734782.html\">\n<p><span class=\"lead\">Poprawa nastroj\u00f3w na rynkach finansowych nieco os\u0142abi\u0142a<br \/>\npopyt na bezpieczne aktywa. Dzi\u0119ki temu potania\u0142 frank szwajcarski, a kurs euro<br \/>\nobni\u017cy\u0142 si\u0119 w okolice 4,33 z\u0142.<br \/>\n<\/span><\/p>\n<p>W poniedzia\u0142ek o 9:36 kurs euro wynosi\u0142 4,3335 z\u0142, a wi\u0119c pozosta\u0142 na poziomach z<br \/>\npi\u0105tkowego zamkni\u0119cia. Poprzednie dwa tygodnie przynios\u0142y wyra\u017ane umocnienie<br \/>\nz\u0142otego \u2013 kurs EUR\/PLN spad\u0142 z niemal 4,40 z\u0142 \u2013 czyli przesz\u0142o rocznego<br \/>\nszczytu.<\/p>\n<p>&#8211; Lokalnie PLN kontynuuje ruch wzrostowy korzystaj\u0105c z<br \/>\nchwilowej poprawy nastroj\u00f3w na szerokim rynku. W kraju trwa festiwal<br \/>\nprzedwyborczych deklaracji, jednak z uwagi na ograniczone szanse ich realizacji<br \/>\nbrak jest reakcji na rynkach &#8211; napisa\u0142 w porannej nocie Konrad Ryczko, analityk<br \/>\nDM BO\u015a.<\/p>\n<p>&#8211; Czynniki krajowe,<br \/>\ntj. posiedzenie Rady Polityki Pieni\u0119\u017cnej czy nowe zapowiedzi wydatkowe partii<br \/>\nrz\u0105dz\u0105cej, maj\u0105 neutralny wp\u0142yw na polskie aktywa, cho\u0107 kolejne obci\u0105\u017cenia<br \/>\nprzedsi\u0119biorstw w postaci podwy\u017cki p\u0142acy minimalnej w d\u0142u\u017cszej perspektywie<br \/>\nmog\u0105 niekorzystnie odbija\u0107 si\u0119 na wzro\u015bcie gospodarczym, a po\u015brednio tak\u017ce na atrakcyjno\u015bci<br \/>\nkrajowych aktyw\u00f3w &#8211; napisali w raporcie analitycy Banku Millenium.<\/p>\n<p>Wyra\u017aniej w d\u00f3\u0142 posz\u0142y notowania franka szwajcarskiego. Kurs<br \/>\nCHF\/PLN w poniedzia\u0142ek rano spad\u0142 poni\u017cej 3,97 z\u0142, osi\u0105gaj\u0105c najni\u017csze<br \/>\nnotowania od miesi\u0105ca.<\/p>\n<p>Stabilny pozostawa\u0142 kurs dolara. Za ameryka\u0144sk\u0105 walut\u0119<br \/>\ntrzeba by\u0142o zap\u0142aci\u0107 prawie 3,93 z\u0142, czyli podobnie jak w pi\u0105tek wieczorem.<\/p>\n<p>KK\/PAP<\/p>\n<p><a href=\"http:\/\/www.bankier.pl\/wiadomosc\/Frank-najtanszy-od-miesiaca-Euro-po-4-33-zl-7734782.html\" rel=\"nofollow\">Source link <\/a><br \/>\n<!--\/noindex--><\/p>\n<\/div>\n","protected":false},"excerpt":{"rendered":"<p>Poprawa nastroj\u00f3w na rynkach finansowych nieco os\u0142abi\u0142a popyt na bezpieczne aktywa. Dzi\u0119ki temu potania\u0142 frank szwajcarski, a kurs euro obni\u017cy\u0142 si\u0119 w okolice 4,33 z\u0142. W poniedzia\u0142ek o 9:36 kurs euro wynosi\u0142 4,3335 z\u0142, a wi\u0119c pozosta\u0142 na poziomach z pi\u0105tkowego zamkni\u0119cia. Poprzednie dwa tygodnie przynios\u0142y wyra\u017ane umocnienie z\u0142otego \u2013 kurs EUR\/PLN spad\u0142 z niemal [&hellip;]<\/p>\n","protected":false},"author":2,"featured_media":1929,"comment_status":"open","ping_status":"open","sticky":false,"template":"","format":"standard","meta":{"footnotes":""},"categories":[1],"tags":[],"class_list":["post-1928","post","type-post","status-publish","format-standard","has-post-thumbnail","hentry","category-wiadomosci-finansowe"],"yoast_head":"<!-- This site is optimized with the Yoast SEO plugin v27.4 - https:\/\/yoast.com\/product\/yoast-seo-wordpress\/ -->\n<title>Frank najta\u0144szy od miesi\u0105ca. Euro po 4,33 z\u0142 - Super News<\/title>\n<meta name=\"robots\" content=\"index, follow, max-snippet:-1, max-image-preview:large, max-video-preview:-1\" \/>\n<link rel=\"canonical\" href=\"https:\/\/super-news.info\/pl\/frank-najtanszy-od-miesiaca-euro-po-4-33-zl\/\" \/>\n<meta property=\"og:locale\" content=\"pl_PL\" \/>\n<meta property=\"og:type\" content=\"article\" \/>\n<meta property=\"og:title\" content=\"Frank najta\u0144szy od miesi\u0105ca. Euro po 4,33 z\u0142 - Super News\" \/>\n<meta property=\"og:description\" content=\"Poprawa nastroj\u00f3w na rynkach finansowych nieco os\u0142abi\u0142a popyt na bezpieczne aktywa. Dzi\u0119ki temu potania\u0142 frank szwajcarski, a kurs euro obni\u017cy\u0142 si\u0119 w okolice 4,33 z\u0142. W poniedzia\u0142ek o 9:36 kurs euro wynosi\u0142 4,3335 z\u0142, a wi\u0119c pozosta\u0142 na poziomach z pi\u0105tkowego zamkni\u0119cia. Poprzednie dwa tygodnie przynios\u0142y wyra\u017ane umocnienie z\u0142otego \u2013 kurs EUR\/PLN spad\u0142 z niemal [&hellip;]\" \/>\n<meta property=\"og:url\" content=\"https:\/\/super-news.info\/pl\/frank-najtanszy-od-miesiaca-euro-po-4-33-zl\/\" \/>\n<meta property=\"og:site_name\" content=\"Super News\" \/>\n<meta property=\"article:published_time\" content=\"2019-09-09T08:31:12+00:00\" \/>\n<meta property=\"article:modified_time\" content=\"2020-02-19T14:34:30+00:00\" \/>\n<meta property=\"og:image\" content=\"https:\/\/super-news.info\/pl\/wp-content\/uploads\/sites\/6\/2019\/09\/Frank-najta-szy-od-miesi-ca.-Euro-po-433-z.png\" \/>\n\t<meta property=\"og:image:width\" content=\"645\" \/>\n\t<meta property=\"og:image:height\" content=\"325\" \/>\n\t<meta property=\"og:image:type\" content=\"image\/png\" \/>\n<meta name=\"author\" content=\"super-news\" \/>\n<meta name=\"twitter:card\" content=\"summary_large_image\" \/>\n<meta name=\"twitter:label1\" content=\"Napisane przez\" \/>\n\t<meta name=\"twitter:data1\" content=\"super-news\" \/>\n\t<meta name=\"twitter:label2\" content=\"Szacowany czas czytania\" \/>\n\t<meta name=\"twitter:data2\" content=\"1 minuta\" \/>\n<script type=\"application\/ld+json\" class=\"yoast-schema-graph\">{\"@context\":\"https:\\\/\\\/schema.org\",\"@graph\":[{\"@type\":\"Article\",\"@id\":\"https:\\\/\\\/super-news.info\\\/pl\\\/frank-najtanszy-od-miesiaca-euro-po-4-33-zl\\\/#article\",\"isPartOf\":{\"@id\":\"https:\\\/\\\/super-news.info\\\/pl\\\/frank-najtanszy-od-miesiaca-euro-po-4-33-zl\\\/\"},\"author\":{\"name\":\"super-news\",\"@id\":\"https:\\\/\\\/super-news.info\\\/pl\\\/#\\\/schema\\\/person\\\/2d4068cb2f39cd10008c2fce578a7356\"},\"headline\":\"Frank najta\u0144szy od miesi\u0105ca. Euro po 4,33 z\u0142\",\"datePublished\":\"2019-09-09T08:31:12+00:00\",\"dateModified\":\"2020-02-19T14:34:30+00:00\",\"mainEntityOfPage\":{\"@id\":\"https:\\\/\\\/super-news.info\\\/pl\\\/frank-najtanszy-od-miesiaca-euro-po-4-33-zl\\\/\"},\"wordCount\":247,\"commentCount\":0,\"image\":{\"@id\":\"https:\\\/\\\/super-news.info\\\/pl\\\/frank-najtanszy-od-miesiaca-euro-po-4-33-zl\\\/#primaryimage\"},\"thumbnailUrl\":\"https:\\\/\\\/super-news.info\\\/pl\\\/wp-content\\\/uploads\\\/sites\\\/6\\\/2019\\\/09\\\/Frank-najta-szy-od-miesi-ca.-Euro-po-433-z.png\",\"articleSection\":[\"WIADOMO\u015aCI FINANSOWE\"],\"inLanguage\":\"pl-PL\",\"potentialAction\":[{\"@type\":\"CommentAction\",\"name\":\"Comment\",\"target\":[\"https:\\\/\\\/super-news.info\\\/pl\\\/frank-najtanszy-od-miesiaca-euro-po-4-33-zl\\\/#respond\"]}]},{\"@type\":\"WebPage\",\"@id\":\"https:\\\/\\\/super-news.info\\\/pl\\\/frank-najtanszy-od-miesiaca-euro-po-4-33-zl\\\/\",\"url\":\"https:\\\/\\\/super-news.info\\\/pl\\\/frank-najtanszy-od-miesiaca-euro-po-4-33-zl\\\/\",\"name\":\"Frank najta\u0144szy od miesi\u0105ca. Euro po 4,33 z\u0142 - Super News\",\"isPartOf\":{\"@id\":\"https:\\\/\\\/super-news.info\\\/pl\\\/#website\"},\"primaryImageOfPage\":{\"@id\":\"https:\\\/\\\/super-news.info\\\/pl\\\/frank-najtanszy-od-miesiaca-euro-po-4-33-zl\\\/#primaryimage\"},\"image\":{\"@id\":\"https:\\\/\\\/super-news.info\\\/pl\\\/frank-najtanszy-od-miesiaca-euro-po-4-33-zl\\\/#primaryimage\"},\"thumbnailUrl\":\"https:\\\/\\\/super-news.info\\\/pl\\\/wp-content\\\/uploads\\\/sites\\\/6\\\/2019\\\/09\\\/Frank-najta-szy-od-miesi-ca.-Euro-po-433-z.png\",\"datePublished\":\"2019-09-09T08:31:12+00:00\",\"dateModified\":\"2020-02-19T14:34:30+00:00\",\"author\":{\"@id\":\"https:\\\/\\\/super-news.info\\\/pl\\\/#\\\/schema\\\/person\\\/2d4068cb2f39cd10008c2fce578a7356\"},\"breadcrumb\":{\"@id\":\"https:\\\/\\\/super-news.info\\\/pl\\\/frank-najtanszy-od-miesiaca-euro-po-4-33-zl\\\/#breadcrumb\"},\"inLanguage\":\"pl-PL\",\"potentialAction\":[{\"@type\":\"ReadAction\",\"target\":[\"https:\\\/\\\/super-news.info\\\/pl\\\/frank-najtanszy-od-miesiaca-euro-po-4-33-zl\\\/\"]}]},{\"@type\":\"ImageObject\",\"inLanguage\":\"pl-PL\",\"@id\":\"https:\\\/\\\/super-news.info\\\/pl\\\/frank-najtanszy-od-miesiaca-euro-po-4-33-zl\\\/#primaryimage\",\"url\":\"https:\\\/\\\/super-news.info\\\/pl\\\/wp-content\\\/uploads\\\/sites\\\/6\\\/2019\\\/09\\\/Frank-najta-szy-od-miesi-ca.-Euro-po-433-z.png\",\"contentUrl\":\"https:\\\/\\\/super-news.info\\\/pl\\\/wp-content\\\/uploads\\\/sites\\\/6\\\/2019\\\/09\\\/Frank-najta-szy-od-miesi-ca.-Euro-po-433-z.png\",\"width\":645,\"height\":325,\"caption\":\"Frank najta\u0144szy od miesi\u0105ca. Euro po 4,33 z\u0142\"},{\"@type\":\"BreadcrumbList\",\"@id\":\"https:\\\/\\\/super-news.info\\\/pl\\\/frank-najtanszy-od-miesiaca-euro-po-4-33-zl\\\/#breadcrumb\",\"itemListElement\":[{\"@type\":\"ListItem\",\"position\":1,\"name\":\"\u0413\u043b\u0430\u0432\u043d\u0430\u044f \u0441\u0442\u0440\u0430\u043d\u0438\u0446\u0430\",\"item\":\"https:\\\/\\\/super-news.info\\\/pl\\\/\"},{\"@type\":\"ListItem\",\"position\":2,\"name\":\"Frank najta\u0144szy od miesi\u0105ca. Euro po 4,33 z\u0142\"}]},{\"@type\":\"WebSite\",\"@id\":\"https:\\\/\\\/super-news.info\\\/pl\\\/#website\",\"url\":\"https:\\\/\\\/super-news.info\\\/pl\\\/\",\"name\":\"Super News\",\"description\":\"Super News Polska\",\"potentialAction\":[{\"@type\":\"SearchAction\",\"target\":{\"@type\":\"EntryPoint\",\"urlTemplate\":\"https:\\\/\\\/super-news.info\\\/pl\\\/?s={search_term_string}\"},\"query-input\":{\"@type\":\"PropertyValueSpecification\",\"valueRequired\":true,\"valueName\":\"search_term_string\"}}],\"inLanguage\":\"pl-PL\"},{\"@type\":\"Person\",\"@id\":\"https:\\\/\\\/super-news.info\\\/pl\\\/#\\\/schema\\\/person\\\/2d4068cb2f39cd10008c2fce578a7356\",\"name\":\"super-news\",\"image\":{\"@type\":\"ImageObject\",\"inLanguage\":\"pl-PL\",\"@id\":\"https:\\\/\\\/secure.gravatar.com\\\/avatar\\\/64ebac40b93f26a154f8a9b5b6fdccfc46f442b26b3dd6756dbff3bf9dc76fd7?s=96&d=mm&r=g\",\"url\":\"https:\\\/\\\/secure.gravatar.com\\\/avatar\\\/64ebac40b93f26a154f8a9b5b6fdccfc46f442b26b3dd6756dbff3bf9dc76fd7?s=96&d=mm&r=g\",\"contentUrl\":\"https:\\\/\\\/secure.gravatar.com\\\/avatar\\\/64ebac40b93f26a154f8a9b5b6fdccfc46f442b26b3dd6756dbff3bf9dc76fd7?s=96&d=mm&r=g\",\"caption\":\"super-news\"},\"url\":\"https:\\\/\\\/super-news.info\\\/pl\\\/author\\\/pt\\\/\"}]}<\/script>\n<!-- \/ Yoast SEO plugin. -->","yoast_head_json":{"title":"Frank najta\u0144szy od miesi\u0105ca. Euro po 4,33 z\u0142 - Super News","robots":{"index":"index","follow":"follow","max-snippet":"max-snippet:-1","max-image-preview":"max-image-preview:large","max-video-preview":"max-video-preview:-1"},"canonical":"https:\/\/super-news.info\/pl\/frank-najtanszy-od-miesiaca-euro-po-4-33-zl\/","og_locale":"pl_PL","og_type":"article","og_title":"Frank najta\u0144szy od miesi\u0105ca. Euro po 4,33 z\u0142 - Super News","og_description":"Poprawa nastroj\u00f3w na rynkach finansowych nieco os\u0142abi\u0142a popyt na bezpieczne aktywa. Dzi\u0119ki temu potania\u0142 frank szwajcarski, a kurs euro obni\u017cy\u0142 si\u0119 w okolice 4,33 z\u0142. W poniedzia\u0142ek o 9:36 kurs euro wynosi\u0142 4,3335 z\u0142, a wi\u0119c pozosta\u0142 na poziomach z pi\u0105tkowego zamkni\u0119cia. Poprzednie dwa tygodnie przynios\u0142y wyra\u017ane umocnienie z\u0142otego \u2013 kurs EUR\/PLN spad\u0142 z niemal [&hellip;]","og_url":"https:\/\/super-news.info\/pl\/frank-najtanszy-od-miesiaca-euro-po-4-33-zl\/","og_site_name":"Super News","article_published_time":"2019-09-09T08:31:12+00:00","article_modified_time":"2020-02-19T14:34:30+00:00","og_image":[{"width":645,"height":325,"url":"https:\/\/super-news.info\/pl\/wp-content\/uploads\/sites\/6\/2019\/09\/Frank-najta-szy-od-miesi-ca.-Euro-po-433-z.png","type":"image\/png"}],"author":"super-news","twitter_card":"summary_large_image","twitter_misc":{"Napisane przez":"super-news","Szacowany czas czytania":"1 minuta"},"schema":{"@context":"https:\/\/schema.org","@graph":[{"@type":"Article","@id":"https:\/\/super-news.info\/pl\/frank-najtanszy-od-miesiaca-euro-po-4-33-zl\/#article","isPartOf":{"@id":"https:\/\/super-news.info\/pl\/frank-najtanszy-od-miesiaca-euro-po-4-33-zl\/"},"author":{"name":"super-news","@id":"https:\/\/super-news.info\/pl\/#\/schema\/person\/2d4068cb2f39cd10008c2fce578a7356"},"headline":"Frank najta\u0144szy od miesi\u0105ca. Euro po 4,33 z\u0142","datePublished":"2019-09-09T08:31:12+00:00","dateModified":"2020-02-19T14:34:30+00:00","mainEntityOfPage":{"@id":"https:\/\/super-news.info\/pl\/frank-najtanszy-od-miesiaca-euro-po-4-33-zl\/"},"wordCount":247,"commentCount":0,"image":{"@id":"https:\/\/super-news.info\/pl\/frank-najtanszy-od-miesiaca-euro-po-4-33-zl\/#primaryimage"},"thumbnailUrl":"https:\/\/super-news.info\/pl\/wp-content\/uploads\/sites\/6\/2019\/09\/Frank-najta-szy-od-miesi-ca.-Euro-po-433-z.png","articleSection":["WIADOMO\u015aCI FINANSOWE"],"inLanguage":"pl-PL","potentialAction":[{"@type":"CommentAction","name":"Comment","target":["https:\/\/super-news.info\/pl\/frank-najtanszy-od-miesiaca-euro-po-4-33-zl\/#respond"]}]},{"@type":"WebPage","@id":"https:\/\/super-news.info\/pl\/frank-najtanszy-od-miesiaca-euro-po-4-33-zl\/","url":"https:\/\/super-news.info\/pl\/frank-najtanszy-od-miesiaca-euro-po-4-33-zl\/","name":"Frank najta\u0144szy od miesi\u0105ca. Euro po 4,33 z\u0142 - Super News","isPartOf":{"@id":"https:\/\/super-news.info\/pl\/#website"},"primaryImageOfPage":{"@id":"https:\/\/super-news.info\/pl\/frank-najtanszy-od-miesiaca-euro-po-4-33-zl\/#primaryimage"},"image":{"@id":"https:\/\/super-news.info\/pl\/frank-najtanszy-od-miesiaca-euro-po-4-33-zl\/#primaryimage"},"thumbnailUrl":"https:\/\/super-news.info\/pl\/wp-content\/uploads\/sites\/6\/2019\/09\/Frank-najta-szy-od-miesi-ca.-Euro-po-433-z.png","datePublished":"2019-09-09T08:31:12+00:00","dateModified":"2020-02-19T14:34:30+00:00","author":{"@id":"https:\/\/super-news.info\/pl\/#\/schema\/person\/2d4068cb2f39cd10008c2fce578a7356"},"breadcrumb":{"@id":"https:\/\/super-news.info\/pl\/frank-najtanszy-od-miesiaca-euro-po-4-33-zl\/#breadcrumb"},"inLanguage":"pl-PL","potentialAction":[{"@type":"ReadAction","target":["https:\/\/super-news.info\/pl\/frank-najtanszy-od-miesiaca-euro-po-4-33-zl\/"]}]},{"@type":"ImageObject","inLanguage":"pl-PL","@id":"https:\/\/super-news.info\/pl\/frank-najtanszy-od-miesiaca-euro-po-4-33-zl\/#primaryimage","url":"https:\/\/super-news.info\/pl\/wp-content\/uploads\/sites\/6\/2019\/09\/Frank-najta-szy-od-miesi-ca.-Euro-po-433-z.png","contentUrl":"https:\/\/super-news.info\/pl\/wp-content\/uploads\/sites\/6\/2019\/09\/Frank-najta-szy-od-miesi-ca.-Euro-po-433-z.png","width":645,"height":325,"caption":"Frank najta\u0144szy od miesi\u0105ca. Euro po 4,33 z\u0142"},{"@type":"BreadcrumbList","@id":"https:\/\/super-news.info\/pl\/frank-najtanszy-od-miesiaca-euro-po-4-33-zl\/#breadcrumb","itemListElement":[{"@type":"ListItem","position":1,"name":"\u0413\u043b\u0430\u0432\u043d\u0430\u044f \u0441\u0442\u0440\u0430\u043d\u0438\u0446\u0430","item":"https:\/\/super-news.info\/pl\/"},{"@type":"ListItem","position":2,"name":"Frank najta\u0144szy od miesi\u0105ca. Euro po 4,33 z\u0142"}]},{"@type":"WebSite","@id":"https:\/\/super-news.info\/pl\/#website","url":"https:\/\/super-news.info\/pl\/","name":"Super News","description":"Super News Polska","potentialAction":[{"@type":"SearchAction","target":{"@type":"EntryPoint","urlTemplate":"https:\/\/super-news.info\/pl\/?s={search_term_string}"},"query-input":{"@type":"PropertyValueSpecification","valueRequired":true,"valueName":"search_term_string"}}],"inLanguage":"pl-PL"},{"@type":"Person","@id":"https:\/\/super-news.info\/pl\/#\/schema\/person\/2d4068cb2f39cd10008c2fce578a7356","name":"super-news","image":{"@type":"ImageObject","inLanguage":"pl-PL","@id":"https:\/\/secure.gravatar.com\/avatar\/64ebac40b93f26a154f8a9b5b6fdccfc46f442b26b3dd6756dbff3bf9dc76fd7?s=96&d=mm&r=g","url":"https:\/\/secure.gravatar.com\/avatar\/64ebac40b93f26a154f8a9b5b6fdccfc46f442b26b3dd6756dbff3bf9dc76fd7?s=96&d=mm&r=g","contentUrl":"https:\/\/secure.gravatar.com\/avatar\/64ebac40b93f26a154f8a9b5b6fdccfc46f442b26b3dd6756dbff3bf9dc76fd7?s=96&d=mm&r=g","caption":"super-news"},"url":"https:\/\/super-news.info\/pl\/author\/pt\/"}]}},"_links":{"self":[{"href":"https:\/\/super-news.info\/pl\/wp-json\/wp\/v2\/posts\/1928","targetHints":{"allow":["GET"]}}],"collection":[{"href":"https:\/\/super-news.info\/pl\/wp-json\/wp\/v2\/posts"}],"about":[{"href":"https:\/\/super-news.info\/pl\/wp-json\/wp\/v2\/types\/post"}],"author":[{"embeddable":true,"href":"https:\/\/super-news.info\/pl\/wp-json\/wp\/v2\/users\/2"}],"replies":[{"embeddable":true,"href":"https:\/\/super-news.info\/pl\/wp-json\/wp\/v2\/comments?post=1928"}],"version-history":[{"count":2,"href":"https:\/\/super-news.info\/pl\/wp-json\/wp\/v2\/posts\/1928\/revisions"}],"predecessor-version":[{"id":2185,"href":"https:\/\/super-news.info\/pl\/wp-json\/wp\/v2\/posts\/1928\/revisions\/2185"}],"wp:featuredmedia":[{"embeddable":true,"href":"https:\/\/super-news.info\/pl\/wp-json\/wp\/v2\/media\/1929"}],"wp:attachment":[{"href":"https:\/\/super-news.info\/pl\/wp-json\/wp\/v2\/media?parent=1928"}],"wp:term":[{"taxonomy":"category","embeddable":true,"href":"https:\/\/super-news.info\/pl\/wp-json\/wp\/v2\/categories?post=1928"},{"taxonomy":"post_tag","embeddable":true,"href":"https:\/\/super-news.info\/pl\/wp-json\/wp\/v2\/tags?post=1928"}],"curies":[{"name":"wp","href":"https:\/\/api.w.org\/{rel}","templated":true}]}}