{"id":1913,"date":"2019-09-06T13:10:49","date_gmt":"2019-09-06T10:10:49","guid":{"rendered":"https:\/\/super-news.info\/pl\/europkb-polska-wciaz-na-podium\/"},"modified":"2019-09-06T13:10:50","modified_gmt":"2019-09-06T10:10:50","slug":"europkb-polska-wciaz-na-podium","status":"publish","type":"post","link":"https:\/\/super-news.info\/pl\/europkb-polska-wciaz-na-podium\/","title":{"rendered":"EuroPKB: Polska wci\u0105\u017c na podium"},"content":{"rendered":"<div id=\"articleContent\" data-io-article-url=\"https:\/\/www.bankier.pl\/wiadomosc\/EuroPKB-Polska-wciaz-na-podium-7733774.html\">\n<p><span class=\"lead\">W otoczeniu zwalniaj\u0105cego wzrostu gospodarczego w Europie&#13;<br \/>\nprzyzwoit\u0105 dynamik\u0119 produktu krajowego brutto uda\u0142o si\u0119 utrzyma\u0107 tylko krajom&#13;<br \/>\nnaszego regionu. A Polska by\u0142a trzeci\u0105 najszybciej rosn\u0105c\u0105 gospodark\u0105 w Unii&#13;<br \/>\nEuropejskiej.&#13;<br \/>\n<\/span><\/p>\n<p><!--[ ads link bar ]--><\/p>\n<div class=\"container645\">\n<div class=\"box645 boxImg\">\n<div class=\"boxContent\"><\/div>\n<\/div>\n<\/div>\n<p>Tempo wzrostu gospodarczego w ca\u0142ej UE sukcesywnie maleje. W&#13;<br \/>\nII kwartale 2019 roku PKB Unii Europejskiej by\u0142 tylko o 1,4% wy\u017cszy ni\u017c rok&#13;<br \/>\nwcze\u015bniej. Kwarta\u0142 wcze\u015bniej by\u0142o to 1,6%. Jeszcze s\u0142absze s\u0105 statystyki dla&#13;<br \/>\nsamej strefy euro, gdzie dynamika PKB w II kw. ukszta\u0142towa\u0142a si\u0119 na poziomie&#13;<br \/>\n0,2% kdk i 1,2% rdr.<\/p>\n<p>Spadek PKB wzgl\u0119dem poprzedniego kwarta\u0142u zaliczy\u0142y Wielka Brytania<br \/>\n(-0,2% kdk) oraz Niemcy i Szwecja (po -0,1%). Wzrost we W\u0142oszech by\u0142 zerowy, a<br \/>\nwe Francji wyni\u00f3s\u0142 0,3% kdk. \u00a0W uj\u0119ciu<br \/>\nkwartalnym najszybszy wzrost PKB odnotowano na W\u0119grzech (1,1% kdk), w Rumunii<br \/>\n(1,0%) oraz w Polsce, Litwie, Grecji, Bu\u0142garii, Danii i na Cyprze (wsz\u0119dzie<br \/>\n0,8%). <\/p>\n<div class=\"container645\">\n<div class=\"box645 boxImg\">\n<div class=\"boxContent\"><img decoding=\"async\" src=\"https:\/\/super-news.info\/pl\/wp-content\/uploads\/sites\/6\/2019\/09\/EuroPKB-Polska-wciaz-na-podium.png\" alt=\"\" border=\"0\"\/><\/div>\n<\/div>\n<\/div>\n<p>Dywergencj\u0119 pomi\u0119dzy \u201estar\u0105\u201d i \u201enow\u0105\u201d Europ\u0105 jeszcze lepiej&#13;<br \/>\nwida\u0107 na danych rocznych. W tym zestawieniu na podium mamy W\u0119gry (5,2% rdr)&#13;<br \/>\nprzed Rumuni\u0105 (4,6%) i Polsk\u0105 (4,2%). Po kolejnych krajach Europy \u015arodkowej najdynamiczniejszymi&#13;<br \/>\ngospodarkami zachodniej cz\u0119\u015bci Europy okaza\u0142y si\u0119 Hiszpania i Dania (po 2,3%) \u00a0<\/p>\n<p>Eurostat nie poda\u0142 jeszcze statystyk za drugi kwarta\u0142 dla<br \/>\ntrzech pa\u0144stw UE: Irlandii, Malty i Luksemburga. W pierwszych dw\u00f3ch przypadkach<br \/>\nstatystyki PKB s\u0105 sztucznie zawy\u017cane przez legaln\u0105 optymalizacj\u0119 podatkow\u0105<br \/>\nmi\u0119dzynarodowych korporacji, kt\u00f3re w tych krajach korzystaj\u0105 z ni\u017cszych stawek<br \/>\npodatkowych. <\/p>\n<p>KK<\/p>\n<div id=\"articleSource\" class=\"left\">\n<div class=\"boxContent\">\n    <span>\u0179r\u00f3d\u0142o:<\/span> <\/p>\n<div class=\"articleSourceLogo\">\n        <img decoding=\"async\" src=\"https:\/\/super-news.info\/pl\/wp-content\/uploads\/sites\/6\/2019\/04\/EBC-przypomina-Wlochom-kto-rzadzi-ich-zlotem.png\"\/><\/div>\n<\/p><\/div>\n<\/div><\/div>\n<p><script>(function() {\n  var _fbq = window._fbq || (window._fbq = []);\n  if (!_fbq.loaded) {\n    var fbds = document.createElement('script');\n    fbds.async = true;\n    fbds.src = \"http:\/\/connect.facebook.net\/en_US\/fbds.js\";\n    var s = document.getElementsByTagName('script')[0];\n    s.parentNode.insertBefore(fbds, s);\n    _fbq.loaded = true;\n  }\n  _fbq.push(['addPixelId', '743763269044006']);\n})();\nwindow._fbq = window._fbq || [];\nwindow._fbq.push(['track', 'PixelInitialized', {}]);\n<\/script><script>(function(d, s, id) {\n  var js, fjs = d.getElementsByTagName(s)[0];\n  if (d.getElementById(id)) return;\n  js = d.createElement(s); js.id = id;\n  js.src = \"http:\/\/connect.facebook.net\/pl_PL\/sdk.js#xfbml=1&version=v2.3\";\n  fjs.parentNode.insertBefore(js, fjs);\n}(document, 'script', 'facebook-jssdk'));<\/script><script>(function(d, s, id) {\n  var js, fjs = d.getElementsByTagName(s)[0];\n  if (d.getElementById(id)) return;\n  js = d.createElement(s); js.id = id;\n  js.src = \"http:\/\/connect.facebook.net\/pl_PL\/all.js#xfbml=1&appId=212379965454760\";\n  fjs.parentNode.insertBefore(js, fjs);\n}(document, 'script', 'facebook-jssdk'));<\/script><br \/>\n<br \/>\n<!--noindex--><br \/>\n<a href=\"http:\/\/www.bankier.pl\/wiadomosc\/EuroPKB-Polska-wciaz-na-podium-7733774.html\" rel=\"nofollow\">Source link <\/a><br \/>\n<!--\/noindex--><\/p>\n","protected":false},"excerpt":{"rendered":"<p>W otoczeniu zwalniaj\u0105cego wzrostu gospodarczego w Europie&#13; przyzwoit\u0105 dynamik\u0119 produktu krajowego brutto uda\u0142o si\u0119 utrzyma\u0107 tylko krajom&#13; naszego regionu. A Polska by\u0142a trzeci\u0105 najszybciej rosn\u0105c\u0105 gospodark\u0105 w Unii&#13; Europejskiej.&#13; Tempo wzrostu gospodarczego w ca\u0142ej UE sukcesywnie maleje. W&#13; II kwartale 2019 roku PKB Unii Europejskiej by\u0142 tylko o 1,4% wy\u017cszy ni\u017c rok&#13; wcze\u015bniej. Kwarta\u0142 wcze\u015bniej [&hellip;]<\/p>\n","protected":false},"author":2,"featured_media":1914,"comment_status":"open","ping_status":"open","sticky":false,"template":"","format":"standard","meta":{"footnotes":""},"categories":[1],"tags":[],"class_list":["post-1913","post","type-post","status-publish","format-standard","has-post-thumbnail","hentry","category-wiadomosci-finansowe"],"yoast_head":"<!-- This site is optimized with the Yoast SEO plugin v27.4 - https:\/\/yoast.com\/product\/yoast-seo-wordpress\/ -->\n<title>EuroPKB: Polska wci\u0105\u017c na podium - Super News<\/title>\n<meta name=\"robots\" content=\"index, follow, max-snippet:-1, max-image-preview:large, max-video-preview:-1\" \/>\n<link rel=\"canonical\" href=\"https:\/\/super-news.info\/pl\/europkb-polska-wciaz-na-podium\/\" \/>\n<meta property=\"og:locale\" content=\"pl_PL\" \/>\n<meta property=\"og:type\" content=\"article\" \/>\n<meta property=\"og:title\" content=\"EuroPKB: Polska wci\u0105\u017c na podium - Super News\" \/>\n<meta property=\"og:description\" content=\"W otoczeniu zwalniaj\u0105cego wzrostu gospodarczego w Europie&#013; przyzwoit\u0105 dynamik\u0119 produktu krajowego brutto uda\u0142o si\u0119 utrzyma\u0107 tylko krajom&#013; naszego regionu. A Polska by\u0142a trzeci\u0105 najszybciej rosn\u0105c\u0105 gospodark\u0105 w Unii&#013; Europejskiej.&#013; Tempo wzrostu gospodarczego w ca\u0142ej UE sukcesywnie maleje. W&#013; II kwartale 2019 roku PKB Unii Europejskiej by\u0142 tylko o 1,4% wy\u017cszy ni\u017c rok&#013; wcze\u015bniej. Kwarta\u0142 wcze\u015bniej [&hellip;]\" \/>\n<meta property=\"og:url\" content=\"https:\/\/super-news.info\/pl\/europkb-polska-wciaz-na-podium\/\" \/>\n<meta property=\"og:site_name\" content=\"Super News\" \/>\n<meta property=\"article:published_time\" content=\"2019-09-06T10:10:49+00:00\" \/>\n<meta property=\"article:modified_time\" content=\"2019-09-06T10:10:50+00:00\" \/>\n<meta property=\"og:image\" content=\"https:\/\/super-news.info\/pl\/wp-content\/uploads\/sites\/6\/2019\/09\/EuroPKB-Polska-wci-na-podium.jpg\" \/>\n\t<meta property=\"og:image:width\" content=\"645\" \/>\n\t<meta property=\"og:image:height\" content=\"387\" \/>\n\t<meta property=\"og:image:type\" content=\"image\/jpeg\" \/>\n<meta name=\"author\" content=\"super-news\" \/>\n<meta name=\"twitter:card\" content=\"summary_large_image\" \/>\n<meta name=\"twitter:label1\" content=\"Napisane przez\" \/>\n\t<meta name=\"twitter:data1\" content=\"super-news\" \/>\n\t<meta name=\"twitter:label2\" content=\"Szacowany czas czytania\" \/>\n\t<meta name=\"twitter:data2\" content=\"1 minuta\" \/>\n<script type=\"application\/ld+json\" class=\"yoast-schema-graph\">{\"@context\":\"https:\\\/\\\/schema.org\",\"@graph\":[{\"@type\":\"Article\",\"@id\":\"https:\\\/\\\/super-news.info\\\/pl\\\/europkb-polska-wciaz-na-podium\\\/#article\",\"isPartOf\":{\"@id\":\"https:\\\/\\\/super-news.info\\\/pl\\\/europkb-polska-wciaz-na-podium\\\/\"},\"author\":{\"name\":\"super-news\",\"@id\":\"https:\\\/\\\/super-news.info\\\/pl\\\/#\\\/schema\\\/person\\\/2d4068cb2f39cd10008c2fce578a7356\"},\"headline\":\"EuroPKB: Polska wci\u0105\u017c na podium\",\"datePublished\":\"2019-09-06T10:10:49+00:00\",\"dateModified\":\"2019-09-06T10:10:50+00:00\",\"mainEntityOfPage\":{\"@id\":\"https:\\\/\\\/super-news.info\\\/pl\\\/europkb-polska-wciaz-na-podium\\\/\"},\"wordCount\":247,\"commentCount\":0,\"image\":{\"@id\":\"https:\\\/\\\/super-news.info\\\/pl\\\/europkb-polska-wciaz-na-podium\\\/#primaryimage\"},\"thumbnailUrl\":\"https:\\\/\\\/super-news.info\\\/pl\\\/wp-content\\\/uploads\\\/sites\\\/6\\\/2019\\\/09\\\/EuroPKB-Polska-wci-na-podium.jpg\",\"articleSection\":[\"WIADOMO\u015aCI FINANSOWE\"],\"inLanguage\":\"pl-PL\",\"potentialAction\":[{\"@type\":\"CommentAction\",\"name\":\"Comment\",\"target\":[\"https:\\\/\\\/super-news.info\\\/pl\\\/europkb-polska-wciaz-na-podium\\\/#respond\"]}]},{\"@type\":\"WebPage\",\"@id\":\"https:\\\/\\\/super-news.info\\\/pl\\\/europkb-polska-wciaz-na-podium\\\/\",\"url\":\"https:\\\/\\\/super-news.info\\\/pl\\\/europkb-polska-wciaz-na-podium\\\/\",\"name\":\"EuroPKB: Polska wci\u0105\u017c na podium - Super News\",\"isPartOf\":{\"@id\":\"https:\\\/\\\/super-news.info\\\/pl\\\/#website\"},\"primaryImageOfPage\":{\"@id\":\"https:\\\/\\\/super-news.info\\\/pl\\\/europkb-polska-wciaz-na-podium\\\/#primaryimage\"},\"image\":{\"@id\":\"https:\\\/\\\/super-news.info\\\/pl\\\/europkb-polska-wciaz-na-podium\\\/#primaryimage\"},\"thumbnailUrl\":\"https:\\\/\\\/super-news.info\\\/pl\\\/wp-content\\\/uploads\\\/sites\\\/6\\\/2019\\\/09\\\/EuroPKB-Polska-wci-na-podium.jpg\",\"datePublished\":\"2019-09-06T10:10:49+00:00\",\"dateModified\":\"2019-09-06T10:10:50+00:00\",\"author\":{\"@id\":\"https:\\\/\\\/super-news.info\\\/pl\\\/#\\\/schema\\\/person\\\/2d4068cb2f39cd10008c2fce578a7356\"},\"breadcrumb\":{\"@id\":\"https:\\\/\\\/super-news.info\\\/pl\\\/europkb-polska-wciaz-na-podium\\\/#breadcrumb\"},\"inLanguage\":\"pl-PL\",\"potentialAction\":[{\"@type\":\"ReadAction\",\"target\":[\"https:\\\/\\\/super-news.info\\\/pl\\\/europkb-polska-wciaz-na-podium\\\/\"]}]},{\"@type\":\"ImageObject\",\"inLanguage\":\"pl-PL\",\"@id\":\"https:\\\/\\\/super-news.info\\\/pl\\\/europkb-polska-wciaz-na-podium\\\/#primaryimage\",\"url\":\"https:\\\/\\\/super-news.info\\\/pl\\\/wp-content\\\/uploads\\\/sites\\\/6\\\/2019\\\/09\\\/EuroPKB-Polska-wci-na-podium.jpg\",\"contentUrl\":\"https:\\\/\\\/super-news.info\\\/pl\\\/wp-content\\\/uploads\\\/sites\\\/6\\\/2019\\\/09\\\/EuroPKB-Polska-wci-na-podium.jpg\",\"width\":645,\"height\":387,\"caption\":\"EuroPKB: Polska wci\u0105\u017c na podium\"},{\"@type\":\"BreadcrumbList\",\"@id\":\"https:\\\/\\\/super-news.info\\\/pl\\\/europkb-polska-wciaz-na-podium\\\/#breadcrumb\",\"itemListElement\":[{\"@type\":\"ListItem\",\"position\":1,\"name\":\"\u0413\u043b\u0430\u0432\u043d\u0430\u044f \u0441\u0442\u0440\u0430\u043d\u0438\u0446\u0430\",\"item\":\"https:\\\/\\\/super-news.info\\\/pl\\\/\"},{\"@type\":\"ListItem\",\"position\":2,\"name\":\"EuroPKB: Polska wci\u0105\u017c na podium\"}]},{\"@type\":\"WebSite\",\"@id\":\"https:\\\/\\\/super-news.info\\\/pl\\\/#website\",\"url\":\"https:\\\/\\\/super-news.info\\\/pl\\\/\",\"name\":\"Super News\",\"description\":\"Super News Polska\",\"potentialAction\":[{\"@type\":\"SearchAction\",\"target\":{\"@type\":\"EntryPoint\",\"urlTemplate\":\"https:\\\/\\\/super-news.info\\\/pl\\\/?s={search_term_string}\"},\"query-input\":{\"@type\":\"PropertyValueSpecification\",\"valueRequired\":true,\"valueName\":\"search_term_string\"}}],\"inLanguage\":\"pl-PL\"},{\"@type\":\"Person\",\"@id\":\"https:\\\/\\\/super-news.info\\\/pl\\\/#\\\/schema\\\/person\\\/2d4068cb2f39cd10008c2fce578a7356\",\"name\":\"super-news\",\"image\":{\"@type\":\"ImageObject\",\"inLanguage\":\"pl-PL\",\"@id\":\"https:\\\/\\\/secure.gravatar.com\\\/avatar\\\/64ebac40b93f26a154f8a9b5b6fdccfc46f442b26b3dd6756dbff3bf9dc76fd7?s=96&d=mm&r=g\",\"url\":\"https:\\\/\\\/secure.gravatar.com\\\/avatar\\\/64ebac40b93f26a154f8a9b5b6fdccfc46f442b26b3dd6756dbff3bf9dc76fd7?s=96&d=mm&r=g\",\"contentUrl\":\"https:\\\/\\\/secure.gravatar.com\\\/avatar\\\/64ebac40b93f26a154f8a9b5b6fdccfc46f442b26b3dd6756dbff3bf9dc76fd7?s=96&d=mm&r=g\",\"caption\":\"super-news\"},\"url\":\"https:\\\/\\\/super-news.info\\\/pl\\\/author\\\/pt\\\/\"}]}<\/script>\n<!-- \/ Yoast SEO plugin. -->","yoast_head_json":{"title":"EuroPKB: Polska wci\u0105\u017c na podium - Super News","robots":{"index":"index","follow":"follow","max-snippet":"max-snippet:-1","max-image-preview":"max-image-preview:large","max-video-preview":"max-video-preview:-1"},"canonical":"https:\/\/super-news.info\/pl\/europkb-polska-wciaz-na-podium\/","og_locale":"pl_PL","og_type":"article","og_title":"EuroPKB: Polska wci\u0105\u017c na podium - Super News","og_description":"W otoczeniu zwalniaj\u0105cego wzrostu gospodarczego w Europie&#13; przyzwoit\u0105 dynamik\u0119 produktu krajowego brutto uda\u0142o si\u0119 utrzyma\u0107 tylko krajom&#13; naszego regionu. A Polska by\u0142a trzeci\u0105 najszybciej rosn\u0105c\u0105 gospodark\u0105 w Unii&#13; Europejskiej.&#13; Tempo wzrostu gospodarczego w ca\u0142ej UE sukcesywnie maleje. W&#13; II kwartale 2019 roku PKB Unii Europejskiej by\u0142 tylko o 1,4% wy\u017cszy ni\u017c rok&#13; wcze\u015bniej. Kwarta\u0142 wcze\u015bniej [&hellip;]","og_url":"https:\/\/super-news.info\/pl\/europkb-polska-wciaz-na-podium\/","og_site_name":"Super News","article_published_time":"2019-09-06T10:10:49+00:00","article_modified_time":"2019-09-06T10:10:50+00:00","og_image":[{"width":645,"height":387,"url":"https:\/\/super-news.info\/pl\/wp-content\/uploads\/sites\/6\/2019\/09\/EuroPKB-Polska-wci-na-podium.jpg","type":"image\/jpeg"}],"author":"super-news","twitter_card":"summary_large_image","twitter_misc":{"Napisane przez":"super-news","Szacowany czas czytania":"1 minuta"},"schema":{"@context":"https:\/\/schema.org","@graph":[{"@type":"Article","@id":"https:\/\/super-news.info\/pl\/europkb-polska-wciaz-na-podium\/#article","isPartOf":{"@id":"https:\/\/super-news.info\/pl\/europkb-polska-wciaz-na-podium\/"},"author":{"name":"super-news","@id":"https:\/\/super-news.info\/pl\/#\/schema\/person\/2d4068cb2f39cd10008c2fce578a7356"},"headline":"EuroPKB: Polska wci\u0105\u017c na podium","datePublished":"2019-09-06T10:10:49+00:00","dateModified":"2019-09-06T10:10:50+00:00","mainEntityOfPage":{"@id":"https:\/\/super-news.info\/pl\/europkb-polska-wciaz-na-podium\/"},"wordCount":247,"commentCount":0,"image":{"@id":"https:\/\/super-news.info\/pl\/europkb-polska-wciaz-na-podium\/#primaryimage"},"thumbnailUrl":"https:\/\/super-news.info\/pl\/wp-content\/uploads\/sites\/6\/2019\/09\/EuroPKB-Polska-wci-na-podium.jpg","articleSection":["WIADOMO\u015aCI FINANSOWE"],"inLanguage":"pl-PL","potentialAction":[{"@type":"CommentAction","name":"Comment","target":["https:\/\/super-news.info\/pl\/europkb-polska-wciaz-na-podium\/#respond"]}]},{"@type":"WebPage","@id":"https:\/\/super-news.info\/pl\/europkb-polska-wciaz-na-podium\/","url":"https:\/\/super-news.info\/pl\/europkb-polska-wciaz-na-podium\/","name":"EuroPKB: Polska wci\u0105\u017c na podium - Super News","isPartOf":{"@id":"https:\/\/super-news.info\/pl\/#website"},"primaryImageOfPage":{"@id":"https:\/\/super-news.info\/pl\/europkb-polska-wciaz-na-podium\/#primaryimage"},"image":{"@id":"https:\/\/super-news.info\/pl\/europkb-polska-wciaz-na-podium\/#primaryimage"},"thumbnailUrl":"https:\/\/super-news.info\/pl\/wp-content\/uploads\/sites\/6\/2019\/09\/EuroPKB-Polska-wci-na-podium.jpg","datePublished":"2019-09-06T10:10:49+00:00","dateModified":"2019-09-06T10:10:50+00:00","author":{"@id":"https:\/\/super-news.info\/pl\/#\/schema\/person\/2d4068cb2f39cd10008c2fce578a7356"},"breadcrumb":{"@id":"https:\/\/super-news.info\/pl\/europkb-polska-wciaz-na-podium\/#breadcrumb"},"inLanguage":"pl-PL","potentialAction":[{"@type":"ReadAction","target":["https:\/\/super-news.info\/pl\/europkb-polska-wciaz-na-podium\/"]}]},{"@type":"ImageObject","inLanguage":"pl-PL","@id":"https:\/\/super-news.info\/pl\/europkb-polska-wciaz-na-podium\/#primaryimage","url":"https:\/\/super-news.info\/pl\/wp-content\/uploads\/sites\/6\/2019\/09\/EuroPKB-Polska-wci-na-podium.jpg","contentUrl":"https:\/\/super-news.info\/pl\/wp-content\/uploads\/sites\/6\/2019\/09\/EuroPKB-Polska-wci-na-podium.jpg","width":645,"height":387,"caption":"EuroPKB: Polska wci\u0105\u017c na podium"},{"@type":"BreadcrumbList","@id":"https:\/\/super-news.info\/pl\/europkb-polska-wciaz-na-podium\/#breadcrumb","itemListElement":[{"@type":"ListItem","position":1,"name":"\u0413\u043b\u0430\u0432\u043d\u0430\u044f \u0441\u0442\u0440\u0430\u043d\u0438\u0446\u0430","item":"https:\/\/super-news.info\/pl\/"},{"@type":"ListItem","position":2,"name":"EuroPKB: Polska wci\u0105\u017c na podium"}]},{"@type":"WebSite","@id":"https:\/\/super-news.info\/pl\/#website","url":"https:\/\/super-news.info\/pl\/","name":"Super News","description":"Super News Polska","potentialAction":[{"@type":"SearchAction","target":{"@type":"EntryPoint","urlTemplate":"https:\/\/super-news.info\/pl\/?s={search_term_string}"},"query-input":{"@type":"PropertyValueSpecification","valueRequired":true,"valueName":"search_term_string"}}],"inLanguage":"pl-PL"},{"@type":"Person","@id":"https:\/\/super-news.info\/pl\/#\/schema\/person\/2d4068cb2f39cd10008c2fce578a7356","name":"super-news","image":{"@type":"ImageObject","inLanguage":"pl-PL","@id":"https:\/\/secure.gravatar.com\/avatar\/64ebac40b93f26a154f8a9b5b6fdccfc46f442b26b3dd6756dbff3bf9dc76fd7?s=96&d=mm&r=g","url":"https:\/\/secure.gravatar.com\/avatar\/64ebac40b93f26a154f8a9b5b6fdccfc46f442b26b3dd6756dbff3bf9dc76fd7?s=96&d=mm&r=g","contentUrl":"https:\/\/secure.gravatar.com\/avatar\/64ebac40b93f26a154f8a9b5b6fdccfc46f442b26b3dd6756dbff3bf9dc76fd7?s=96&d=mm&r=g","caption":"super-news"},"url":"https:\/\/super-news.info\/pl\/author\/pt\/"}]}},"_links":{"self":[{"href":"https:\/\/super-news.info\/pl\/wp-json\/wp\/v2\/posts\/1913","targetHints":{"allow":["GET"]}}],"collection":[{"href":"https:\/\/super-news.info\/pl\/wp-json\/wp\/v2\/posts"}],"about":[{"href":"https:\/\/super-news.info\/pl\/wp-json\/wp\/v2\/types\/post"}],"author":[{"embeddable":true,"href":"https:\/\/super-news.info\/pl\/wp-json\/wp\/v2\/users\/2"}],"replies":[{"embeddable":true,"href":"https:\/\/super-news.info\/pl\/wp-json\/wp\/v2\/comments?post=1913"}],"version-history":[{"count":1,"href":"https:\/\/super-news.info\/pl\/wp-json\/wp\/v2\/posts\/1913\/revisions"}],"predecessor-version":[{"id":1915,"href":"https:\/\/super-news.info\/pl\/wp-json\/wp\/v2\/posts\/1913\/revisions\/1915"}],"wp:featuredmedia":[{"embeddable":true,"href":"https:\/\/super-news.info\/pl\/wp-json\/wp\/v2\/media\/1914"}],"wp:attachment":[{"href":"https:\/\/super-news.info\/pl\/wp-json\/wp\/v2\/media?parent=1913"}],"wp:term":[{"taxonomy":"category","embeddable":true,"href":"https:\/\/super-news.info\/pl\/wp-json\/wp\/v2\/categories?post=1913"},{"taxonomy":"post_tag","embeddable":true,"href":"https:\/\/super-news.info\/pl\/wp-json\/wp\/v2\/tags?post=1913"}],"curies":[{"name":"wp","href":"https:\/\/api.w.org\/{rel}","templated":true}]}}