{"id":1908,"date":"2019-09-06T11:25:31","date_gmt":"2019-09-06T08:25:31","guid":{"rendered":"https:\/\/super-news.info\/pl\/kurs-euro-stabilny-kurs-franka-spadl-ponizej-4-zl\/"},"modified":"2020-02-19T19:26:00","modified_gmt":"2020-02-19T16:26:00","slug":"kurs-euro-stabilny-kurs-franka-spadl-ponizej-4-zl","status":"publish","type":"post","link":"https:\/\/super-news.info\/pl\/kurs-euro-stabilny-kurs-franka-spadl-ponizej-4-zl\/","title":{"rendered":"Kurs euro stabilny. Kurs franka spad\u0142 poni\u017cej 4 z\u0142"},"content":{"rendered":"<div id=\"articleContent\" data-io-article-url=\"https:\/\/www.bankier.pl\/wiadomosc\/Kurs-euro-stabilny-Kurs-franka-spadl-ponizej-4-zl-7733718.html\">\n<p><span class=\"lead\">Pi\u0105tkowy poranek nie przyni\u00f3s\u0142 zbyt du\u017cych zmian kursu euro. Ale za to zawirowania na globalnym rynku walutowym doprowadzi\u0142y do spadku notowa\u0144 franka szwajcarskiego i dolara ameryka\u0144skiego. <\/span><\/p>\n<p>W pi\u0105tek o 9:54 kurs euro kszta\u0142towa\u0142 si\u0119 na poziomie 4,3389 z\u0142, bez wi\u0119kszych zmian wzgl\u0119dem czwartkowego popo\u0142udnia. Przez poprzednie pi\u0119\u0107 sesji kurs EUR\/PLN obni\u017cy\u0142 si\u0119 o przesz\u0142o 6 groszy po tym, jak pod koniec sierpnia osi\u0105gn\u0105\u0142 przesz\u0142o roczne minimum tu\u017c poni\u017cej 4,40 z\u0142.<\/p>\n<p><!--[ ads link bar ]--><\/p>\n<p>&#8211; Poprawa nastoj\u00f3w na rynku globalnym, w zwi\u0105zku z rosn\u0105cymi nadziejami na porozumienie handlowe USA z Chinami, powinna pozwoli\u0107 z\u0142otemu utrzyma\u0107 zyski z ostatnich sesji. Kurs konsoliduje wok\u00f3\u0142 4,34\/EUR i prawdopodobnie zakotwiczy w tym rejonie w kolejnych dniach \u2013 podali w porannym komentarzu ekonomi\u015bci Banku Pekao.<\/p>\n<p>W czwartek inwestorzy nabrali apetytu na ryzykowne aktywa, reaguj\u0105c na uspokajaj\u0105ce doniesienia zfrontu chi\u0144sko-ameryka\u0144skiej wojny handlowej oraz nadspodziewanie dobre dane zgospodarki USA. W rezultacie dosz\u0142o do wyra\u017anego os\u0142abienia dolara i frankaszwajcarskiego wobec euro.<\/p>\n<p>Efekty tych zmian w pi\u0105tek rano widzimy na polskim rynku. Kurs franka szwajcarskiego spad\u0142 poni\u017cej 3,98 z\u0142, cho\u0107 jeszcze wczoraj helwecka waluta by\u0142a notowana po 4,01 z\u0142.  Kurs dolara zszed\u0142 poni\u017cej 3,93 z\u0142. Jeszcze we wtorek para dolar-z\u0142oty atakowa\u0142a poziom 4,00 z\u0142.<\/p>\n<p>Z optymizmem warto si\u0119 wstrzyma\u0107 do godziny 14:30. Wtedy topoznamy sierpniowy raport z ameryka\u0144skiego rynku pracy (non-farm payrolls).Rynki finansowe nierzadko reaguj\u0105 bardzo gwa\u0142townie na te dane, co prowadzi dodynamicznych zmian kurs\u00f3w walut.<\/p>\n<p><a href=\"http:\/\/www.bankier.pl\/wiadomosc\/Kurs-euro-stabilny-Kurs-franka-spadl-ponizej-4-zl-7733718.html\" rel=\"nofollow\">Source link <\/a><!--\/noindex--><\/p>\n<\/div>\n","protected":false},"excerpt":{"rendered":"<p>Pi\u0105tkowy poranek nie przyni\u00f3s\u0142 zbyt du\u017cych zmian kursu euro. Ale za to zawirowania na globalnym rynku walutowym doprowadzi\u0142y do spadku notowa\u0144 franka szwajcarskiego i dolara ameryka\u0144skiego. W pi\u0105tek o 9:54 kurs euro kszta\u0142towa\u0142 si\u0119 na poziomie 4,3389 z\u0142, bez wi\u0119kszych zmian wzgl\u0119dem czwartkowego popo\u0142udnia. Przez poprzednie pi\u0119\u0107 sesji kurs EUR\/PLN obni\u017cy\u0142 si\u0119 o przesz\u0142o 6 [&hellip;]<\/p>\n","protected":false},"author":2,"featured_media":1909,"comment_status":"open","ping_status":"open","sticky":false,"template":"","format":"standard","meta":{"footnotes":""},"categories":[1],"tags":[],"class_list":["post-1908","post","type-post","status-publish","format-standard","has-post-thumbnail","hentry","category-wiadomosci-finansowe"],"yoast_head":"<!-- This site is optimized with the Yoast SEO plugin v27.4 - https:\/\/yoast.com\/product\/yoast-seo-wordpress\/ -->\n<title>Kurs euro stabilny. Kurs franka spad\u0142 poni\u017cej 4 z\u0142 - Super News<\/title>\n<meta name=\"robots\" content=\"index, follow, max-snippet:-1, max-image-preview:large, max-video-preview:-1\" \/>\n<link rel=\"canonical\" href=\"https:\/\/super-news.info\/pl\/kurs-euro-stabilny-kurs-franka-spadl-ponizej-4-zl\/\" \/>\n<meta property=\"og:locale\" content=\"pl_PL\" \/>\n<meta property=\"og:type\" content=\"article\" \/>\n<meta property=\"og:title\" content=\"Kurs euro stabilny. Kurs franka spad\u0142 poni\u017cej 4 z\u0142 - Super News\" \/>\n<meta property=\"og:description\" content=\"Pi\u0105tkowy poranek nie przyni\u00f3s\u0142 zbyt du\u017cych zmian kursu euro. Ale za to zawirowania na globalnym rynku walutowym doprowadzi\u0142y do spadku notowa\u0144 franka szwajcarskiego i dolara ameryka\u0144skiego. W pi\u0105tek o 9:54 kurs euro kszta\u0142towa\u0142 si\u0119 na poziomie 4,3389 z\u0142, bez wi\u0119kszych zmian wzgl\u0119dem czwartkowego popo\u0142udnia. Przez poprzednie pi\u0119\u0107 sesji kurs EUR\/PLN obni\u017cy\u0142 si\u0119 o przesz\u0142o 6 [&hellip;]\" \/>\n<meta property=\"og:url\" content=\"https:\/\/super-news.info\/pl\/kurs-euro-stabilny-kurs-franka-spadl-ponizej-4-zl\/\" \/>\n<meta property=\"og:site_name\" content=\"Super News\" \/>\n<meta property=\"article:published_time\" content=\"2019-09-06T08:25:31+00:00\" \/>\n<meta property=\"article:modified_time\" content=\"2020-02-19T16:26:00+00:00\" \/>\n<meta property=\"og:image\" content=\"https:\/\/super-news.info\/pl\/wp-content\/uploads\/sites\/6\/2019\/09\/Kurs-euro-stabilny.-Kurs-franka-spad-poni-ej-4-z.png\" \/>\n\t<meta property=\"og:image:width\" content=\"645\" \/>\n\t<meta property=\"og:image:height\" content=\"326\" \/>\n\t<meta property=\"og:image:type\" content=\"image\/png\" \/>\n<meta name=\"author\" content=\"super-news\" \/>\n<meta name=\"twitter:card\" content=\"summary_large_image\" \/>\n<meta name=\"twitter:label1\" content=\"Napisane przez\" \/>\n\t<meta name=\"twitter:data1\" content=\"super-news\" \/>\n\t<meta name=\"twitter:label2\" content=\"Szacowany czas czytania\" \/>\n\t<meta name=\"twitter:data2\" content=\"1 minuta\" \/>\n<script type=\"application\/ld+json\" class=\"yoast-schema-graph\">{\"@context\":\"https:\\\/\\\/schema.org\",\"@graph\":[{\"@type\":\"Article\",\"@id\":\"https:\\\/\\\/super-news.info\\\/pl\\\/kurs-euro-stabilny-kurs-franka-spadl-ponizej-4-zl\\\/#article\",\"isPartOf\":{\"@id\":\"https:\\\/\\\/super-news.info\\\/pl\\\/kurs-euro-stabilny-kurs-franka-spadl-ponizej-4-zl\\\/\"},\"author\":{\"name\":\"super-news\",\"@id\":\"https:\\\/\\\/super-news.info\\\/pl\\\/#\\\/schema\\\/person\\\/2d4068cb2f39cd10008c2fce578a7356\"},\"headline\":\"Kurs euro stabilny. Kurs franka spad\u0142 poni\u017cej 4 z\u0142\",\"datePublished\":\"2019-09-06T08:25:31+00:00\",\"dateModified\":\"2020-02-19T16:26:00+00:00\",\"mainEntityOfPage\":{\"@id\":\"https:\\\/\\\/super-news.info\\\/pl\\\/kurs-euro-stabilny-kurs-franka-spadl-ponizej-4-zl\\\/\"},\"wordCount\":262,\"commentCount\":0,\"image\":{\"@id\":\"https:\\\/\\\/super-news.info\\\/pl\\\/kurs-euro-stabilny-kurs-franka-spadl-ponizej-4-zl\\\/#primaryimage\"},\"thumbnailUrl\":\"https:\\\/\\\/super-news.info\\\/pl\\\/wp-content\\\/uploads\\\/sites\\\/6\\\/2019\\\/09\\\/Kurs-euro-stabilny.-Kurs-franka-spad-poni-ej-4-z.png\",\"articleSection\":[\"WIADOMO\u015aCI FINANSOWE\"],\"inLanguage\":\"pl-PL\",\"potentialAction\":[{\"@type\":\"CommentAction\",\"name\":\"Comment\",\"target\":[\"https:\\\/\\\/super-news.info\\\/pl\\\/kurs-euro-stabilny-kurs-franka-spadl-ponizej-4-zl\\\/#respond\"]}]},{\"@type\":\"WebPage\",\"@id\":\"https:\\\/\\\/super-news.info\\\/pl\\\/kurs-euro-stabilny-kurs-franka-spadl-ponizej-4-zl\\\/\",\"url\":\"https:\\\/\\\/super-news.info\\\/pl\\\/kurs-euro-stabilny-kurs-franka-spadl-ponizej-4-zl\\\/\",\"name\":\"Kurs euro stabilny. Kurs franka spad\u0142 poni\u017cej 4 z\u0142 - Super News\",\"isPartOf\":{\"@id\":\"https:\\\/\\\/super-news.info\\\/pl\\\/#website\"},\"primaryImageOfPage\":{\"@id\":\"https:\\\/\\\/super-news.info\\\/pl\\\/kurs-euro-stabilny-kurs-franka-spadl-ponizej-4-zl\\\/#primaryimage\"},\"image\":{\"@id\":\"https:\\\/\\\/super-news.info\\\/pl\\\/kurs-euro-stabilny-kurs-franka-spadl-ponizej-4-zl\\\/#primaryimage\"},\"thumbnailUrl\":\"https:\\\/\\\/super-news.info\\\/pl\\\/wp-content\\\/uploads\\\/sites\\\/6\\\/2019\\\/09\\\/Kurs-euro-stabilny.-Kurs-franka-spad-poni-ej-4-z.png\",\"datePublished\":\"2019-09-06T08:25:31+00:00\",\"dateModified\":\"2020-02-19T16:26:00+00:00\",\"author\":{\"@id\":\"https:\\\/\\\/super-news.info\\\/pl\\\/#\\\/schema\\\/person\\\/2d4068cb2f39cd10008c2fce578a7356\"},\"breadcrumb\":{\"@id\":\"https:\\\/\\\/super-news.info\\\/pl\\\/kurs-euro-stabilny-kurs-franka-spadl-ponizej-4-zl\\\/#breadcrumb\"},\"inLanguage\":\"pl-PL\",\"potentialAction\":[{\"@type\":\"ReadAction\",\"target\":[\"https:\\\/\\\/super-news.info\\\/pl\\\/kurs-euro-stabilny-kurs-franka-spadl-ponizej-4-zl\\\/\"]}]},{\"@type\":\"ImageObject\",\"inLanguage\":\"pl-PL\",\"@id\":\"https:\\\/\\\/super-news.info\\\/pl\\\/kurs-euro-stabilny-kurs-franka-spadl-ponizej-4-zl\\\/#primaryimage\",\"url\":\"https:\\\/\\\/super-news.info\\\/pl\\\/wp-content\\\/uploads\\\/sites\\\/6\\\/2019\\\/09\\\/Kurs-euro-stabilny.-Kurs-franka-spad-poni-ej-4-z.png\",\"contentUrl\":\"https:\\\/\\\/super-news.info\\\/pl\\\/wp-content\\\/uploads\\\/sites\\\/6\\\/2019\\\/09\\\/Kurs-euro-stabilny.-Kurs-franka-spad-poni-ej-4-z.png\",\"width\":645,\"height\":326,\"caption\":\"Kurs euro stabilny. Kurs franka spad\u0142 poni\u017cej 4 z\u0142\"},{\"@type\":\"BreadcrumbList\",\"@id\":\"https:\\\/\\\/super-news.info\\\/pl\\\/kurs-euro-stabilny-kurs-franka-spadl-ponizej-4-zl\\\/#breadcrumb\",\"itemListElement\":[{\"@type\":\"ListItem\",\"position\":1,\"name\":\"\u0413\u043b\u0430\u0432\u043d\u0430\u044f \u0441\u0442\u0440\u0430\u043d\u0438\u0446\u0430\",\"item\":\"https:\\\/\\\/super-news.info\\\/pl\\\/\"},{\"@type\":\"ListItem\",\"position\":2,\"name\":\"Kurs euro stabilny. Kurs franka spad\u0142 poni\u017cej 4 z\u0142\"}]},{\"@type\":\"WebSite\",\"@id\":\"https:\\\/\\\/super-news.info\\\/pl\\\/#website\",\"url\":\"https:\\\/\\\/super-news.info\\\/pl\\\/\",\"name\":\"Super News\",\"description\":\"Super News Polska\",\"potentialAction\":[{\"@type\":\"SearchAction\",\"target\":{\"@type\":\"EntryPoint\",\"urlTemplate\":\"https:\\\/\\\/super-news.info\\\/pl\\\/?s={search_term_string}\"},\"query-input\":{\"@type\":\"PropertyValueSpecification\",\"valueRequired\":true,\"valueName\":\"search_term_string\"}}],\"inLanguage\":\"pl-PL\"},{\"@type\":\"Person\",\"@id\":\"https:\\\/\\\/super-news.info\\\/pl\\\/#\\\/schema\\\/person\\\/2d4068cb2f39cd10008c2fce578a7356\",\"name\":\"super-news\",\"image\":{\"@type\":\"ImageObject\",\"inLanguage\":\"pl-PL\",\"@id\":\"https:\\\/\\\/secure.gravatar.com\\\/avatar\\\/64ebac40b93f26a154f8a9b5b6fdccfc46f442b26b3dd6756dbff3bf9dc76fd7?s=96&d=mm&r=g\",\"url\":\"https:\\\/\\\/secure.gravatar.com\\\/avatar\\\/64ebac40b93f26a154f8a9b5b6fdccfc46f442b26b3dd6756dbff3bf9dc76fd7?s=96&d=mm&r=g\",\"contentUrl\":\"https:\\\/\\\/secure.gravatar.com\\\/avatar\\\/64ebac40b93f26a154f8a9b5b6fdccfc46f442b26b3dd6756dbff3bf9dc76fd7?s=96&d=mm&r=g\",\"caption\":\"super-news\"},\"url\":\"https:\\\/\\\/super-news.info\\\/pl\\\/author\\\/pt\\\/\"}]}<\/script>\n<!-- \/ Yoast SEO plugin. -->","yoast_head_json":{"title":"Kurs euro stabilny. Kurs franka spad\u0142 poni\u017cej 4 z\u0142 - Super News","robots":{"index":"index","follow":"follow","max-snippet":"max-snippet:-1","max-image-preview":"max-image-preview:large","max-video-preview":"max-video-preview:-1"},"canonical":"https:\/\/super-news.info\/pl\/kurs-euro-stabilny-kurs-franka-spadl-ponizej-4-zl\/","og_locale":"pl_PL","og_type":"article","og_title":"Kurs euro stabilny. Kurs franka spad\u0142 poni\u017cej 4 z\u0142 - Super News","og_description":"Pi\u0105tkowy poranek nie przyni\u00f3s\u0142 zbyt du\u017cych zmian kursu euro. Ale za to zawirowania na globalnym rynku walutowym doprowadzi\u0142y do spadku notowa\u0144 franka szwajcarskiego i dolara ameryka\u0144skiego. W pi\u0105tek o 9:54 kurs euro kszta\u0142towa\u0142 si\u0119 na poziomie 4,3389 z\u0142, bez wi\u0119kszych zmian wzgl\u0119dem czwartkowego popo\u0142udnia. Przez poprzednie pi\u0119\u0107 sesji kurs EUR\/PLN obni\u017cy\u0142 si\u0119 o przesz\u0142o 6 [&hellip;]","og_url":"https:\/\/super-news.info\/pl\/kurs-euro-stabilny-kurs-franka-spadl-ponizej-4-zl\/","og_site_name":"Super News","article_published_time":"2019-09-06T08:25:31+00:00","article_modified_time":"2020-02-19T16:26:00+00:00","og_image":[{"width":645,"height":326,"url":"https:\/\/super-news.info\/pl\/wp-content\/uploads\/sites\/6\/2019\/09\/Kurs-euro-stabilny.-Kurs-franka-spad-poni-ej-4-z.png","type":"image\/png"}],"author":"super-news","twitter_card":"summary_large_image","twitter_misc":{"Napisane przez":"super-news","Szacowany czas czytania":"1 minuta"},"schema":{"@context":"https:\/\/schema.org","@graph":[{"@type":"Article","@id":"https:\/\/super-news.info\/pl\/kurs-euro-stabilny-kurs-franka-spadl-ponizej-4-zl\/#article","isPartOf":{"@id":"https:\/\/super-news.info\/pl\/kurs-euro-stabilny-kurs-franka-spadl-ponizej-4-zl\/"},"author":{"name":"super-news","@id":"https:\/\/super-news.info\/pl\/#\/schema\/person\/2d4068cb2f39cd10008c2fce578a7356"},"headline":"Kurs euro stabilny. Kurs franka spad\u0142 poni\u017cej 4 z\u0142","datePublished":"2019-09-06T08:25:31+00:00","dateModified":"2020-02-19T16:26:00+00:00","mainEntityOfPage":{"@id":"https:\/\/super-news.info\/pl\/kurs-euro-stabilny-kurs-franka-spadl-ponizej-4-zl\/"},"wordCount":262,"commentCount":0,"image":{"@id":"https:\/\/super-news.info\/pl\/kurs-euro-stabilny-kurs-franka-spadl-ponizej-4-zl\/#primaryimage"},"thumbnailUrl":"https:\/\/super-news.info\/pl\/wp-content\/uploads\/sites\/6\/2019\/09\/Kurs-euro-stabilny.-Kurs-franka-spad-poni-ej-4-z.png","articleSection":["WIADOMO\u015aCI FINANSOWE"],"inLanguage":"pl-PL","potentialAction":[{"@type":"CommentAction","name":"Comment","target":["https:\/\/super-news.info\/pl\/kurs-euro-stabilny-kurs-franka-spadl-ponizej-4-zl\/#respond"]}]},{"@type":"WebPage","@id":"https:\/\/super-news.info\/pl\/kurs-euro-stabilny-kurs-franka-spadl-ponizej-4-zl\/","url":"https:\/\/super-news.info\/pl\/kurs-euro-stabilny-kurs-franka-spadl-ponizej-4-zl\/","name":"Kurs euro stabilny. Kurs franka spad\u0142 poni\u017cej 4 z\u0142 - Super News","isPartOf":{"@id":"https:\/\/super-news.info\/pl\/#website"},"primaryImageOfPage":{"@id":"https:\/\/super-news.info\/pl\/kurs-euro-stabilny-kurs-franka-spadl-ponizej-4-zl\/#primaryimage"},"image":{"@id":"https:\/\/super-news.info\/pl\/kurs-euro-stabilny-kurs-franka-spadl-ponizej-4-zl\/#primaryimage"},"thumbnailUrl":"https:\/\/super-news.info\/pl\/wp-content\/uploads\/sites\/6\/2019\/09\/Kurs-euro-stabilny.-Kurs-franka-spad-poni-ej-4-z.png","datePublished":"2019-09-06T08:25:31+00:00","dateModified":"2020-02-19T16:26:00+00:00","author":{"@id":"https:\/\/super-news.info\/pl\/#\/schema\/person\/2d4068cb2f39cd10008c2fce578a7356"},"breadcrumb":{"@id":"https:\/\/super-news.info\/pl\/kurs-euro-stabilny-kurs-franka-spadl-ponizej-4-zl\/#breadcrumb"},"inLanguage":"pl-PL","potentialAction":[{"@type":"ReadAction","target":["https:\/\/super-news.info\/pl\/kurs-euro-stabilny-kurs-franka-spadl-ponizej-4-zl\/"]}]},{"@type":"ImageObject","inLanguage":"pl-PL","@id":"https:\/\/super-news.info\/pl\/kurs-euro-stabilny-kurs-franka-spadl-ponizej-4-zl\/#primaryimage","url":"https:\/\/super-news.info\/pl\/wp-content\/uploads\/sites\/6\/2019\/09\/Kurs-euro-stabilny.-Kurs-franka-spad-poni-ej-4-z.png","contentUrl":"https:\/\/super-news.info\/pl\/wp-content\/uploads\/sites\/6\/2019\/09\/Kurs-euro-stabilny.-Kurs-franka-spad-poni-ej-4-z.png","width":645,"height":326,"caption":"Kurs euro stabilny. Kurs franka spad\u0142 poni\u017cej 4 z\u0142"},{"@type":"BreadcrumbList","@id":"https:\/\/super-news.info\/pl\/kurs-euro-stabilny-kurs-franka-spadl-ponizej-4-zl\/#breadcrumb","itemListElement":[{"@type":"ListItem","position":1,"name":"\u0413\u043b\u0430\u0432\u043d\u0430\u044f \u0441\u0442\u0440\u0430\u043d\u0438\u0446\u0430","item":"https:\/\/super-news.info\/pl\/"},{"@type":"ListItem","position":2,"name":"Kurs euro stabilny. Kurs franka spad\u0142 poni\u017cej 4 z\u0142"}]},{"@type":"WebSite","@id":"https:\/\/super-news.info\/pl\/#website","url":"https:\/\/super-news.info\/pl\/","name":"Super News","description":"Super News Polska","potentialAction":[{"@type":"SearchAction","target":{"@type":"EntryPoint","urlTemplate":"https:\/\/super-news.info\/pl\/?s={search_term_string}"},"query-input":{"@type":"PropertyValueSpecification","valueRequired":true,"valueName":"search_term_string"}}],"inLanguage":"pl-PL"},{"@type":"Person","@id":"https:\/\/super-news.info\/pl\/#\/schema\/person\/2d4068cb2f39cd10008c2fce578a7356","name":"super-news","image":{"@type":"ImageObject","inLanguage":"pl-PL","@id":"https:\/\/secure.gravatar.com\/avatar\/64ebac40b93f26a154f8a9b5b6fdccfc46f442b26b3dd6756dbff3bf9dc76fd7?s=96&d=mm&r=g","url":"https:\/\/secure.gravatar.com\/avatar\/64ebac40b93f26a154f8a9b5b6fdccfc46f442b26b3dd6756dbff3bf9dc76fd7?s=96&d=mm&r=g","contentUrl":"https:\/\/secure.gravatar.com\/avatar\/64ebac40b93f26a154f8a9b5b6fdccfc46f442b26b3dd6756dbff3bf9dc76fd7?s=96&d=mm&r=g","caption":"super-news"},"url":"https:\/\/super-news.info\/pl\/author\/pt\/"}]}},"_links":{"self":[{"href":"https:\/\/super-news.info\/pl\/wp-json\/wp\/v2\/posts\/1908","targetHints":{"allow":["GET"]}}],"collection":[{"href":"https:\/\/super-news.info\/pl\/wp-json\/wp\/v2\/posts"}],"about":[{"href":"https:\/\/super-news.info\/pl\/wp-json\/wp\/v2\/types\/post"}],"author":[{"embeddable":true,"href":"https:\/\/super-news.info\/pl\/wp-json\/wp\/v2\/users\/2"}],"replies":[{"embeddable":true,"href":"https:\/\/super-news.info\/pl\/wp-json\/wp\/v2\/comments?post=1908"}],"version-history":[{"count":2,"href":"https:\/\/super-news.info\/pl\/wp-json\/wp\/v2\/posts\/1908\/revisions"}],"predecessor-version":[{"id":2265,"href":"https:\/\/super-news.info\/pl\/wp-json\/wp\/v2\/posts\/1908\/revisions\/2265"}],"wp:featuredmedia":[{"embeddable":true,"href":"https:\/\/super-news.info\/pl\/wp-json\/wp\/v2\/media\/1909"}],"wp:attachment":[{"href":"https:\/\/super-news.info\/pl\/wp-json\/wp\/v2\/media?parent=1908"}],"wp:term":[{"taxonomy":"category","embeddable":true,"href":"https:\/\/super-news.info\/pl\/wp-json\/wp\/v2\/categories?post=1908"},{"taxonomy":"post_tag","embeddable":true,"href":"https:\/\/super-news.info\/pl\/wp-json\/wp\/v2\/tags?post=1908"}],"curies":[{"name":"wp","href":"https:\/\/api.w.org\/{rel}","templated":true}]}}