{"id":1885,"date":"2019-09-05T11:30:19","date_gmt":"2019-09-05T08:30:19","guid":{"rendered":"https:\/\/super-news.info\/pl\/szwajcaria-wyczolgala-sie-z-recesji\/"},"modified":"2020-11-20T13:13:08","modified_gmt":"2020-11-20T10:13:08","slug":"szwajcaria-wyczolgala-sie-z-recesji","status":"publish","type":"post","link":"https:\/\/super-news.info\/pl\/szwajcaria-wyczolgala-sie-z-recesji\/","title":{"rendered":"Szwajcaria wyczo\u0142ga\u0142a si\u0119 z recesji"},"content":{"rendered":"<p><span>Po zesz\u0142orocznej recesji gospodarka Szwajcarii nie powr\u00f3ci\u0142a na \u015bcie\u017ck\u0119 szybkiego wzrostu. Helwetom zaszkodzi\u0142y napi\u0119cia w \u015bwiatowym handlu oraz dalszy spadek inwestycji przedsi\u0119biorstw.<\/span><\/p>\n<p>W drugim kwartale produkt krajowy brutto Szwajcarii by\u0142 tylko o 0,3% wy\u017cszy ni\u017c kwarta\u0142 wcze\u015bniej po wzro\u015bcie o 0,4% kdk w I kw. 2019 roku. Ze wzgl\u0119du na istotn\u0105 rewizj\u0119 w d\u00f3\u0142 wyniku za poprzedni kwarta\u0142 (z 0,6% kdk na 0,4% kdk) rezultaty szwajcarskiej gospodarki rozczarowa\u0142y ekonomist\u00f3w.<\/p>\n<p><iframe loading=\"lazy\" src=\"https:\/\/d3fy651gv2fhd3.cloudfront.net\/embed\/?s=szgdpcyy&amp;v=201909050554V20190821&amp;d1=20090101&amp;d2=20191231&amp;h=300&amp;w=600\" width=\"600\" height=\"300\" frameborder=\"0\" scrolling=\"no\" allowfullscreen=\"allowfullscreen\"><\/iframe><\/p>\n<p>Rynkowy konsensus zak\u0142ada\u0142 bowiem, \u017ce PKB Szwajcarii by\u0142 w II kw. o 0,9% wy\u017cszy ni\u017c przed rokiem po wzro\u015bcie o 1,7% rdr kwarta\u0142 wcze\u015bniej. Tymczasem po rewizjach <b>roczna dynamika szwajcarskiego PKB ukszta\u0142towa\u0142a si\u0119 na poziomie zaledwie 0,2%<\/b> i 1,0% odpowiednio w drugim i pierwszym kwartale. Zatem w uj\u0119ciu rok do roku by\u0142 to najs\u0142abszy wynik do niemal dekady!<\/p>\n<p>Za tak s\u0142ab\u0105 dynamik\u0119 roczn\u0105 w znacznym stopniu odpowiadaj\u0105fatalne wyniki z drugiej po\u0142owy ubieg\u0142ego roku. W III kw. 2018 PKB Szwajcariizmala\u0142 o 0,3% kdk, a w IV kw. o kolejne 0,1% kdk. Mieli\u015bmy zatem do czynienia ztzw. techniczn\u0105 recesj\u0105 rozumian\u0105 jako dwa kwarta\u0142y z rz\u0119du spadku PKB.<\/p>\n<p>&#8211; Wzrost krajowego i zagranicznego popytu by\u0142 s\u0142aby, tak samo jak w innych krajach europejskich, co mia\u0142o w szczeg\u00f3lno\u015bci negatywne prze\u0142o\u017cenie na sektor us\u0142ug \u2013 wyja\u015bnia Federalne Biuro Statystyczne Szwajcarii.<\/p>\n<p>W II kw. eksport us\u0142ug zmala\u0142 o 0,2% kdk. Statystyki pokaza\u0142y spadek eksportu o 0,8% kdk po wzro\u015bcie o 0,6% kdk wI kw. Po zach\u0119caj\u0105cym pocz\u0105tku roku (+2,4% kdk) bardzo s\u0142abo wypad\u0142y inwestycje,kt\u00f3re zmala\u0142y o 1,0% kdk, notuj\u0105c ujemny wynik w trzech spo\u015br\u00f3d ostatnich czterechkwarta\u0142\u00f3w. Na plusie utrzyma\u0142a si\u0119 konsumpcja, kt\u00f3ra wzros\u0142a o 0,3% kdk.<\/p>\n<p>Szwajcaria jest otwart\u0105 gospodark\u0105 o du\u017cym znaczeniu eksportu us\u0142ug i towar\u00f3w do strefy euro. Przez to ten alpejski kraj cierpi nie tylko przez dekoniunktur\u0119 w globalnym handlu, przemys\u0142ow\u0105 recesj\u0119 w eurolandzie, ale te\u017c dzia\u0142ania Komisji Europejskiej blokuj\u0105c\u0105 swobod\u0119 oferowania us\u0142ug finansowych przez szwajcarskie podmioty.<\/p>\n<p><a href=\"http:\/\/www.bankier.pl\/wiadomosc\/Szwajcaria-wyczolgala-sie-z-recesji-7732938.html\">Source link <\/a><\/p>\n<\/div>\n","protected":false},"excerpt":{"rendered":"<p>Po zesz\u0142orocznej recesji gospodarka Szwajcarii nie powr\u00f3ci\u0142a na \u015bcie\u017ck\u0119 szybkiego wzrostu. Helwetom zaszkodzi\u0142y napi\u0119cia w \u015bwiatowym handlu oraz dalszy spadek inwestycji przedsi\u0119biorstw. W drugim kwartale produkt krajowy brutto Szwajcarii by\u0142 tylko o 0,3% wy\u017cszy ni\u017c kwarta\u0142 wcze\u015bniej po wzro\u015bcie o 0,4% kdk w I kw. 2019 roku. Ze wzgl\u0119du na istotn\u0105 rewizj\u0119 w d\u00f3\u0142 wyniku [&hellip;]<\/p>\n","protected":false},"author":2,"featured_media":422,"comment_status":"open","ping_status":"open","sticky":false,"template":"","format":"standard","meta":{"footnotes":""},"categories":[1],"tags":[],"class_list":["post-1885","post","type-post","status-publish","format-standard","has-post-thumbnail","hentry","category-wiadomosci-finansowe"],"yoast_head":"<!-- This site is optimized with the Yoast SEO plugin v27.4 - https:\/\/yoast.com\/product\/yoast-seo-wordpress\/ -->\n<title>Szwajcaria wyczo\u0142ga\u0142a si\u0119 z recesji - Super News<\/title>\n<meta name=\"robots\" content=\"index, follow, max-snippet:-1, max-image-preview:large, max-video-preview:-1\" \/>\n<link rel=\"canonical\" href=\"https:\/\/super-news.info\/pl\/szwajcaria-wyczolgala-sie-z-recesji\/\" \/>\n<meta property=\"og:locale\" content=\"pl_PL\" \/>\n<meta property=\"og:type\" content=\"article\" \/>\n<meta property=\"og:title\" content=\"Szwajcaria wyczo\u0142ga\u0142a si\u0119 z recesji - Super News\" \/>\n<meta property=\"og:description\" content=\"Po zesz\u0142orocznej recesji gospodarka Szwajcarii nie powr\u00f3ci\u0142a na \u015bcie\u017ck\u0119 szybkiego wzrostu. Helwetom zaszkodzi\u0142y napi\u0119cia w \u015bwiatowym handlu oraz dalszy spadek inwestycji przedsi\u0119biorstw. W drugim kwartale produkt krajowy brutto Szwajcarii by\u0142 tylko o 0,3% wy\u017cszy ni\u017c kwarta\u0142 wcze\u015bniej po wzro\u015bcie o 0,4% kdk w I kw. 2019 roku. Ze wzgl\u0119du na istotn\u0105 rewizj\u0119 w d\u00f3\u0142 wyniku [&hellip;]\" \/>\n<meta property=\"og:url\" content=\"https:\/\/super-news.info\/pl\/szwajcaria-wyczolgala-sie-z-recesji\/\" \/>\n<meta property=\"og:site_name\" content=\"Super News\" \/>\n<meta property=\"article:published_time\" content=\"2019-09-05T08:30:19+00:00\" \/>\n<meta property=\"article:modified_time\" content=\"2020-11-20T10:13:08+00:00\" \/>\n<meta property=\"og:image\" content=\"https:\/\/super-news.info\/pl\/wp-content\/uploads\/sites\/6\/2019\/05\/Kuczy\u0144ski-Co-boli-polskiego-inwestora.png\" \/>\n\t<meta property=\"og:image:width\" content=\"100\" \/>\n\t<meta property=\"og:image:height\" content=\"32\" \/>\n\t<meta property=\"og:image:type\" content=\"image\/png\" \/>\n<meta name=\"author\" content=\"super-news\" \/>\n<meta name=\"twitter:card\" content=\"summary_large_image\" \/>\n<meta name=\"twitter:label1\" content=\"Napisane przez\" \/>\n\t<meta name=\"twitter:data1\" content=\"super-news\" \/>\n\t<meta name=\"twitter:label2\" content=\"Szacowany czas czytania\" \/>\n\t<meta name=\"twitter:data2\" content=\"2 minuty\" \/>\n<script type=\"application\/ld+json\" class=\"yoast-schema-graph\">{\"@context\":\"https:\\\/\\\/schema.org\",\"@graph\":[{\"@type\":\"Article\",\"@id\":\"https:\\\/\\\/super-news.info\\\/pl\\\/szwajcaria-wyczolgala-sie-z-recesji\\\/#article\",\"isPartOf\":{\"@id\":\"https:\\\/\\\/super-news.info\\\/pl\\\/szwajcaria-wyczolgala-sie-z-recesji\\\/\"},\"author\":{\"name\":\"super-news\",\"@id\":\"https:\\\/\\\/super-news.info\\\/pl\\\/#\\\/schema\\\/person\\\/2d4068cb2f39cd10008c2fce578a7356\"},\"headline\":\"Szwajcaria wyczo\u0142ga\u0142a si\u0119 z recesji\",\"datePublished\":\"2019-09-05T08:30:19+00:00\",\"dateModified\":\"2020-11-20T10:13:08+00:00\",\"mainEntityOfPage\":{\"@id\":\"https:\\\/\\\/super-news.info\\\/pl\\\/szwajcaria-wyczolgala-sie-z-recesji\\\/\"},\"wordCount\":354,\"commentCount\":0,\"image\":{\"@id\":\"https:\\\/\\\/super-news.info\\\/pl\\\/szwajcaria-wyczolgala-sie-z-recesji\\\/#primaryimage\"},\"thumbnailUrl\":\"https:\\\/\\\/super-news.info\\\/pl\\\/wp-content\\\/uploads\\\/sites\\\/6\\\/2019\\\/05\\\/Kuczy\u0144ski-Co-boli-polskiego-inwestora.png\",\"articleSection\":[\"WIADOMO\u015aCI FINANSOWE\"],\"inLanguage\":\"pl-PL\",\"potentialAction\":[{\"@type\":\"CommentAction\",\"name\":\"Comment\",\"target\":[\"https:\\\/\\\/super-news.info\\\/pl\\\/szwajcaria-wyczolgala-sie-z-recesji\\\/#respond\"]}]},{\"@type\":\"WebPage\",\"@id\":\"https:\\\/\\\/super-news.info\\\/pl\\\/szwajcaria-wyczolgala-sie-z-recesji\\\/\",\"url\":\"https:\\\/\\\/super-news.info\\\/pl\\\/szwajcaria-wyczolgala-sie-z-recesji\\\/\",\"name\":\"Szwajcaria wyczo\u0142ga\u0142a si\u0119 z recesji - Super News\",\"isPartOf\":{\"@id\":\"https:\\\/\\\/super-news.info\\\/pl\\\/#website\"},\"primaryImageOfPage\":{\"@id\":\"https:\\\/\\\/super-news.info\\\/pl\\\/szwajcaria-wyczolgala-sie-z-recesji\\\/#primaryimage\"},\"image\":{\"@id\":\"https:\\\/\\\/super-news.info\\\/pl\\\/szwajcaria-wyczolgala-sie-z-recesji\\\/#primaryimage\"},\"thumbnailUrl\":\"https:\\\/\\\/super-news.info\\\/pl\\\/wp-content\\\/uploads\\\/sites\\\/6\\\/2019\\\/05\\\/Kuczy\u0144ski-Co-boli-polskiego-inwestora.png\",\"datePublished\":\"2019-09-05T08:30:19+00:00\",\"dateModified\":\"2020-11-20T10:13:08+00:00\",\"author\":{\"@id\":\"https:\\\/\\\/super-news.info\\\/pl\\\/#\\\/schema\\\/person\\\/2d4068cb2f39cd10008c2fce578a7356\"},\"breadcrumb\":{\"@id\":\"https:\\\/\\\/super-news.info\\\/pl\\\/szwajcaria-wyczolgala-sie-z-recesji\\\/#breadcrumb\"},\"inLanguage\":\"pl-PL\",\"potentialAction\":[{\"@type\":\"ReadAction\",\"target\":[\"https:\\\/\\\/super-news.info\\\/pl\\\/szwajcaria-wyczolgala-sie-z-recesji\\\/\"]}]},{\"@type\":\"ImageObject\",\"inLanguage\":\"pl-PL\",\"@id\":\"https:\\\/\\\/super-news.info\\\/pl\\\/szwajcaria-wyczolgala-sie-z-recesji\\\/#primaryimage\",\"url\":\"https:\\\/\\\/super-news.info\\\/pl\\\/wp-content\\\/uploads\\\/sites\\\/6\\\/2019\\\/05\\\/Kuczy\u0144ski-Co-boli-polskiego-inwestora.png\",\"contentUrl\":\"https:\\\/\\\/super-news.info\\\/pl\\\/wp-content\\\/uploads\\\/sites\\\/6\\\/2019\\\/05\\\/Kuczy\u0144ski-Co-boli-polskiego-inwestora.png\",\"width\":100,\"height\":32,\"caption\":\"Kuczy\u0144ski: Co boli polskiego inwestora\"},{\"@type\":\"BreadcrumbList\",\"@id\":\"https:\\\/\\\/super-news.info\\\/pl\\\/szwajcaria-wyczolgala-sie-z-recesji\\\/#breadcrumb\",\"itemListElement\":[{\"@type\":\"ListItem\",\"position\":1,\"name\":\"\u0413\u043b\u0430\u0432\u043d\u0430\u044f \u0441\u0442\u0440\u0430\u043d\u0438\u0446\u0430\",\"item\":\"https:\\\/\\\/super-news.info\\\/pl\\\/\"},{\"@type\":\"ListItem\",\"position\":2,\"name\":\"Szwajcaria wyczo\u0142ga\u0142a si\u0119 z recesji\"}]},{\"@type\":\"WebSite\",\"@id\":\"https:\\\/\\\/super-news.info\\\/pl\\\/#website\",\"url\":\"https:\\\/\\\/super-news.info\\\/pl\\\/\",\"name\":\"Super News\",\"description\":\"Super News Polska\",\"potentialAction\":[{\"@type\":\"SearchAction\",\"target\":{\"@type\":\"EntryPoint\",\"urlTemplate\":\"https:\\\/\\\/super-news.info\\\/pl\\\/?s={search_term_string}\"},\"query-input\":{\"@type\":\"PropertyValueSpecification\",\"valueRequired\":true,\"valueName\":\"search_term_string\"}}],\"inLanguage\":\"pl-PL\"},{\"@type\":\"Person\",\"@id\":\"https:\\\/\\\/super-news.info\\\/pl\\\/#\\\/schema\\\/person\\\/2d4068cb2f39cd10008c2fce578a7356\",\"name\":\"super-news\",\"image\":{\"@type\":\"ImageObject\",\"inLanguage\":\"pl-PL\",\"@id\":\"https:\\\/\\\/secure.gravatar.com\\\/avatar\\\/64ebac40b93f26a154f8a9b5b6fdccfc46f442b26b3dd6756dbff3bf9dc76fd7?s=96&d=mm&r=g\",\"url\":\"https:\\\/\\\/secure.gravatar.com\\\/avatar\\\/64ebac40b93f26a154f8a9b5b6fdccfc46f442b26b3dd6756dbff3bf9dc76fd7?s=96&d=mm&r=g\",\"contentUrl\":\"https:\\\/\\\/secure.gravatar.com\\\/avatar\\\/64ebac40b93f26a154f8a9b5b6fdccfc46f442b26b3dd6756dbff3bf9dc76fd7?s=96&d=mm&r=g\",\"caption\":\"super-news\"},\"url\":\"https:\\\/\\\/super-news.info\\\/pl\\\/author\\\/pt\\\/\"}]}<\/script>\n<!-- \/ Yoast SEO plugin. -->","yoast_head_json":{"title":"Szwajcaria wyczo\u0142ga\u0142a si\u0119 z recesji - Super News","robots":{"index":"index","follow":"follow","max-snippet":"max-snippet:-1","max-image-preview":"max-image-preview:large","max-video-preview":"max-video-preview:-1"},"canonical":"https:\/\/super-news.info\/pl\/szwajcaria-wyczolgala-sie-z-recesji\/","og_locale":"pl_PL","og_type":"article","og_title":"Szwajcaria wyczo\u0142ga\u0142a si\u0119 z recesji - Super News","og_description":"Po zesz\u0142orocznej recesji gospodarka Szwajcarii nie powr\u00f3ci\u0142a na \u015bcie\u017ck\u0119 szybkiego wzrostu. Helwetom zaszkodzi\u0142y napi\u0119cia w \u015bwiatowym handlu oraz dalszy spadek inwestycji przedsi\u0119biorstw. W drugim kwartale produkt krajowy brutto Szwajcarii by\u0142 tylko o 0,3% wy\u017cszy ni\u017c kwarta\u0142 wcze\u015bniej po wzro\u015bcie o 0,4% kdk w I kw. 2019 roku. Ze wzgl\u0119du na istotn\u0105 rewizj\u0119 w d\u00f3\u0142 wyniku [&hellip;]","og_url":"https:\/\/super-news.info\/pl\/szwajcaria-wyczolgala-sie-z-recesji\/","og_site_name":"Super News","article_published_time":"2019-09-05T08:30:19+00:00","article_modified_time":"2020-11-20T10:13:08+00:00","og_image":[{"width":100,"height":32,"url":"https:\/\/super-news.info\/pl\/wp-content\/uploads\/sites\/6\/2019\/05\/Kuczy\u0144ski-Co-boli-polskiego-inwestora.png","type":"image\/png"}],"author":"super-news","twitter_card":"summary_large_image","twitter_misc":{"Napisane przez":"super-news","Szacowany czas czytania":"2 minuty"},"schema":{"@context":"https:\/\/schema.org","@graph":[{"@type":"Article","@id":"https:\/\/super-news.info\/pl\/szwajcaria-wyczolgala-sie-z-recesji\/#article","isPartOf":{"@id":"https:\/\/super-news.info\/pl\/szwajcaria-wyczolgala-sie-z-recesji\/"},"author":{"name":"super-news","@id":"https:\/\/super-news.info\/pl\/#\/schema\/person\/2d4068cb2f39cd10008c2fce578a7356"},"headline":"Szwajcaria wyczo\u0142ga\u0142a si\u0119 z recesji","datePublished":"2019-09-05T08:30:19+00:00","dateModified":"2020-11-20T10:13:08+00:00","mainEntityOfPage":{"@id":"https:\/\/super-news.info\/pl\/szwajcaria-wyczolgala-sie-z-recesji\/"},"wordCount":354,"commentCount":0,"image":{"@id":"https:\/\/super-news.info\/pl\/szwajcaria-wyczolgala-sie-z-recesji\/#primaryimage"},"thumbnailUrl":"https:\/\/super-news.info\/pl\/wp-content\/uploads\/sites\/6\/2019\/05\/Kuczy\u0144ski-Co-boli-polskiego-inwestora.png","articleSection":["WIADOMO\u015aCI FINANSOWE"],"inLanguage":"pl-PL","potentialAction":[{"@type":"CommentAction","name":"Comment","target":["https:\/\/super-news.info\/pl\/szwajcaria-wyczolgala-sie-z-recesji\/#respond"]}]},{"@type":"WebPage","@id":"https:\/\/super-news.info\/pl\/szwajcaria-wyczolgala-sie-z-recesji\/","url":"https:\/\/super-news.info\/pl\/szwajcaria-wyczolgala-sie-z-recesji\/","name":"Szwajcaria wyczo\u0142ga\u0142a si\u0119 z recesji - Super News","isPartOf":{"@id":"https:\/\/super-news.info\/pl\/#website"},"primaryImageOfPage":{"@id":"https:\/\/super-news.info\/pl\/szwajcaria-wyczolgala-sie-z-recesji\/#primaryimage"},"image":{"@id":"https:\/\/super-news.info\/pl\/szwajcaria-wyczolgala-sie-z-recesji\/#primaryimage"},"thumbnailUrl":"https:\/\/super-news.info\/pl\/wp-content\/uploads\/sites\/6\/2019\/05\/Kuczy\u0144ski-Co-boli-polskiego-inwestora.png","datePublished":"2019-09-05T08:30:19+00:00","dateModified":"2020-11-20T10:13:08+00:00","author":{"@id":"https:\/\/super-news.info\/pl\/#\/schema\/person\/2d4068cb2f39cd10008c2fce578a7356"},"breadcrumb":{"@id":"https:\/\/super-news.info\/pl\/szwajcaria-wyczolgala-sie-z-recesji\/#breadcrumb"},"inLanguage":"pl-PL","potentialAction":[{"@type":"ReadAction","target":["https:\/\/super-news.info\/pl\/szwajcaria-wyczolgala-sie-z-recesji\/"]}]},{"@type":"ImageObject","inLanguage":"pl-PL","@id":"https:\/\/super-news.info\/pl\/szwajcaria-wyczolgala-sie-z-recesji\/#primaryimage","url":"https:\/\/super-news.info\/pl\/wp-content\/uploads\/sites\/6\/2019\/05\/Kuczy\u0144ski-Co-boli-polskiego-inwestora.png","contentUrl":"https:\/\/super-news.info\/pl\/wp-content\/uploads\/sites\/6\/2019\/05\/Kuczy\u0144ski-Co-boli-polskiego-inwestora.png","width":100,"height":32,"caption":"Kuczy\u0144ski: Co boli polskiego inwestora"},{"@type":"BreadcrumbList","@id":"https:\/\/super-news.info\/pl\/szwajcaria-wyczolgala-sie-z-recesji\/#breadcrumb","itemListElement":[{"@type":"ListItem","position":1,"name":"\u0413\u043b\u0430\u0432\u043d\u0430\u044f \u0441\u0442\u0440\u0430\u043d\u0438\u0446\u0430","item":"https:\/\/super-news.info\/pl\/"},{"@type":"ListItem","position":2,"name":"Szwajcaria wyczo\u0142ga\u0142a si\u0119 z recesji"}]},{"@type":"WebSite","@id":"https:\/\/super-news.info\/pl\/#website","url":"https:\/\/super-news.info\/pl\/","name":"Super News","description":"Super News Polska","potentialAction":[{"@type":"SearchAction","target":{"@type":"EntryPoint","urlTemplate":"https:\/\/super-news.info\/pl\/?s={search_term_string}"},"query-input":{"@type":"PropertyValueSpecification","valueRequired":true,"valueName":"search_term_string"}}],"inLanguage":"pl-PL"},{"@type":"Person","@id":"https:\/\/super-news.info\/pl\/#\/schema\/person\/2d4068cb2f39cd10008c2fce578a7356","name":"super-news","image":{"@type":"ImageObject","inLanguage":"pl-PL","@id":"https:\/\/secure.gravatar.com\/avatar\/64ebac40b93f26a154f8a9b5b6fdccfc46f442b26b3dd6756dbff3bf9dc76fd7?s=96&d=mm&r=g","url":"https:\/\/secure.gravatar.com\/avatar\/64ebac40b93f26a154f8a9b5b6fdccfc46f442b26b3dd6756dbff3bf9dc76fd7?s=96&d=mm&r=g","contentUrl":"https:\/\/secure.gravatar.com\/avatar\/64ebac40b93f26a154f8a9b5b6fdccfc46f442b26b3dd6756dbff3bf9dc76fd7?s=96&d=mm&r=g","caption":"super-news"},"url":"https:\/\/super-news.info\/pl\/author\/pt\/"}]}},"_links":{"self":[{"href":"https:\/\/super-news.info\/pl\/wp-json\/wp\/v2\/posts\/1885","targetHints":{"allow":["GET"]}}],"collection":[{"href":"https:\/\/super-news.info\/pl\/wp-json\/wp\/v2\/posts"}],"about":[{"href":"https:\/\/super-news.info\/pl\/wp-json\/wp\/v2\/types\/post"}],"author":[{"embeddable":true,"href":"https:\/\/super-news.info\/pl\/wp-json\/wp\/v2\/users\/2"}],"replies":[{"embeddable":true,"href":"https:\/\/super-news.info\/pl\/wp-json\/wp\/v2\/comments?post=1885"}],"version-history":[{"count":3,"href":"https:\/\/super-news.info\/pl\/wp-json\/wp\/v2\/posts\/1885\/revisions"}],"predecessor-version":[{"id":2786,"href":"https:\/\/super-news.info\/pl\/wp-json\/wp\/v2\/posts\/1885\/revisions\/2786"}],"wp:featuredmedia":[{"embeddable":true,"href":"https:\/\/super-news.info\/pl\/wp-json\/wp\/v2\/media\/422"}],"wp:attachment":[{"href":"https:\/\/super-news.info\/pl\/wp-json\/wp\/v2\/media?parent=1885"}],"wp:term":[{"taxonomy":"category","embeddable":true,"href":"https:\/\/super-news.info\/pl\/wp-json\/wp\/v2\/categories?post=1885"},{"taxonomy":"post_tag","embeddable":true,"href":"https:\/\/super-news.info\/pl\/wp-json\/wp\/v2\/tags?post=1885"}],"curies":[{"name":"wp","href":"https:\/\/api.w.org\/{rel}","templated":true}]}}