{"id":1882,"date":"2019-09-05T10:51:03","date_gmt":"2019-09-05T07:51:03","guid":{"rendered":"https:\/\/super-news.info\/pl\/kurs-euro-przestal-spadac-frank-wciaz-po-4-zl\/"},"modified":"2019-09-05T10:51:04","modified_gmt":"2019-09-05T07:51:04","slug":"kurs-euro-przestal-spadac-frank-wciaz-po-4-zl","status":"publish","type":"post","link":"https:\/\/super-news.info\/pl\/kurs-euro-przestal-spadac-frank-wciaz-po-4-zl\/","title":{"rendered":"Kurs euro przesta\u0142 spada\u0107. Frank wci\u0105\u017c po 4 z\u0142"},"content":{"rendered":"<p> [ad_1]<br \/>\n<\/p>\n<div id=\"articleContent\" data-io-article-url=\"https:\/\/www.bankier.pl\/wiadomosc\/Kurs-euro-przestal-spadac-Frank-wciaz-po-4-zl-7732952.html\">\n<p><span class=\"lead\">Po wyra\u017anym spadku z prze\u0142omu sierpnia i wrze\u015bnia kurs euro&#13;<br \/>\ndotar\u0142 do 4,34 z\u0142. Ale ze wzgl\u0119du na umocnienie franka wobec euro kurs&#13;<br \/>\nhelweckiej waluty wci\u0105\u017c nie powr\u00f3ci\u0142 poni\u017cej 4 z\u0142<\/span>.&#13;\n<\/p>\n<div class=\"container645\">\n<div class=\"box645 boxImg\">\n<div class=\"boxContent\"><\/div>\n<\/div>\n<\/div>\n<p>W czwartek o 9:11 kurs euro kszta\u0142towa\u0142 si\u0119 na poziomie&#13;<br \/>\n4,3469, a wi\u0119c bez wi\u0119kszych zmian wzgl\u0119dem \u015brodowego popo\u0142udnia. Przez&#13;<br \/>\npoprzedni tydzie\u0144 kurs EUR\/PLN obni\u017cy\u0142 si\u0119 z niemal 4,40 z\u0142 do 4,34 z\u0142 w \u015brod\u0119&#13;<br \/>\nwieczorem.<\/p>\n<p>R\u00f3wnocze\u015bnie przez poprzednie dni euro traci\u0142o wzgl\u0119dem<br \/>\nfranka szwajcarskiego. W rezultacie na polskim rynku kurs franka w dalszym<br \/>\nci\u0105gu utrzymywa\u0142 si\u0119 powy\u017cej 4 z\u0142.<\/p>\n<div class=\"container645\">\n<div class=\"box645 boxImg\">\n<div class=\"boxContent\"><img decoding=\"async\" src=\"https:\/\/super-news.info\/pl\/wp-content\/uploads\/sites\/6\/2019\/09\/1567669863_566_Kurs-euro-przestal-spadac.-Frank-wciaz-po-4-zl.png\" alt=\"\" border=\"0\"\/><\/div>\n<\/div>\n<\/div>\n<p>Dolar ameryka\u0144ski kosztowa\u0142 ponad 3,94 z\u0142 i by\u0142 o blisko&#13;<br \/>\ngrosz dro\u017cszy ni\u017c dzie\u0144 wcze\u015bniej. Jeszcze we wtorek kurs USD\/PLN poprawia\u0142&#13;<br \/>\nprzesz\u0142o 2-letnie maksimum, zbli\u017caj\u0105c si\u0119 do granicy 4,00 z\u0142.<\/p>\n<p>KK<\/p>\n<div id=\"articleSource\" class=\"left\">\n<div class=\"boxContent\">\n    <span>\u0179r\u00f3d\u0142o:<\/span> <\/p>\n<div class=\"articleSourceLogo\">\n        <img decoding=\"async\" src=\"https:\/\/super-news.info\/pl\/wp-content\/uploads\/sites\/6\/2019\/04\/EBC-przypomina-Wlochom-kto-rzadzi-ich-zlotem.png\"\/><\/div>\n<\/p><\/div>\n<\/div><\/div>\n<p><script>(function() {\n  var _fbq = window._fbq || (window._fbq = []);\n  if (!_fbq.loaded) {\n    var fbds = document.createElement('script');\n    fbds.async = true;\n    fbds.src = \"http:\/\/connect.facebook.net\/en_US\/fbds.js\";\n    var s = document.getElementsByTagName('script')[0];\n    s.parentNode.insertBefore(fbds, s);\n    _fbq.loaded = true;\n  }\n  _fbq.push(['addPixelId', '743763269044006']);\n})();\nwindow._fbq = window._fbq || [];\nwindow._fbq.push(['track', 'PixelInitialized', {}]);\n<\/script><script>(function(d, s, id) {\n  var js, fjs = d.getElementsByTagName(s)[0];\n  if (d.getElementById(id)) return;\n  js = d.createElement(s); js.id = id;\n  js.src = \"http:\/\/connect.facebook.net\/pl_PL\/sdk.js#xfbml=1&version=v2.3\";\n  fjs.parentNode.insertBefore(js, fjs);\n}(document, 'script', 'facebook-jssdk'));<\/script><script>(function(d, s, id) {\n  var js, fjs = d.getElementsByTagName(s)[0];\n  if (d.getElementById(id)) return;\n  js = d.createElement(s); js.id = id;\n  js.src = \"http:\/\/connect.facebook.net\/pl_PL\/all.js#xfbml=1&appId=212379965454760\";\n  fjs.parentNode.insertBefore(js, fjs);\n}(document, 'script', 'facebook-jssdk'));<\/script><br \/>\n<br \/>[ad_2]<br \/>\n<br \/><a href=\"http:\/\/www.bankier.pl\/wiadomosc\/Kurs-euro-przestal-spadac-Frank-wciaz-po-4-zl-7732952.html\">Source link <\/a><\/p>\n","protected":false},"excerpt":{"rendered":"<p>[ad_1] Po wyra\u017anym spadku z prze\u0142omu sierpnia i wrze\u015bnia kurs euro&#13; dotar\u0142 do 4,34 z\u0142. Ale ze wzgl\u0119du na umocnienie franka wobec euro kurs&#13; helweckiej waluty wci\u0105\u017c nie powr\u00f3ci\u0142 poni\u017cej 4 z\u0142.&#13; W czwartek o 9:11 kurs euro kszta\u0142towa\u0142 si\u0119 na poziomie&#13; 4,3469, a wi\u0119c bez wi\u0119kszych zmian wzgl\u0119dem \u015brodowego popo\u0142udnia. Przez&#13; poprzedni tydzie\u0144 kurs [&hellip;]<\/p>\n","protected":false},"author":2,"featured_media":1883,"comment_status":"open","ping_status":"open","sticky":false,"template":"","format":"standard","meta":{"footnotes":""},"categories":[1],"tags":[],"class_list":["post-1882","post","type-post","status-publish","format-standard","has-post-thumbnail","hentry","category-wiadomosci-finansowe"],"yoast_head":"<!-- This site is optimized with the Yoast SEO plugin v27.4 - https:\/\/yoast.com\/product\/yoast-seo-wordpress\/ -->\n<title>Kurs euro przesta\u0142 spada\u0107. Frank wci\u0105\u017c po 4 z\u0142 - Super News<\/title>\n<meta name=\"robots\" content=\"index, follow, max-snippet:-1, max-image-preview:large, max-video-preview:-1\" \/>\n<link rel=\"canonical\" href=\"https:\/\/super-news.info\/pl\/kurs-euro-przestal-spadac-frank-wciaz-po-4-zl\/\" \/>\n<meta property=\"og:locale\" content=\"pl_PL\" \/>\n<meta property=\"og:type\" content=\"article\" \/>\n<meta property=\"og:title\" content=\"Kurs euro przesta\u0142 spada\u0107. Frank wci\u0105\u017c po 4 z\u0142 - Super News\" \/>\n<meta property=\"og:description\" content=\"[ad_1] Po wyra\u017anym spadku z prze\u0142omu sierpnia i wrze\u015bnia kurs euro&#013; dotar\u0142 do 4,34 z\u0142. Ale ze wzgl\u0119du na umocnienie franka wobec euro kurs&#013; helweckiej waluty wci\u0105\u017c nie powr\u00f3ci\u0142 poni\u017cej 4 z\u0142.&#013; W czwartek o 9:11 kurs euro kszta\u0142towa\u0142 si\u0119 na poziomie&#013; 4,3469, a wi\u0119c bez wi\u0119kszych zmian wzgl\u0119dem \u015brodowego popo\u0142udnia. Przez&#013; poprzedni tydzie\u0144 kurs [&hellip;]\" \/>\n<meta property=\"og:url\" content=\"https:\/\/super-news.info\/pl\/kurs-euro-przestal-spadac-frank-wciaz-po-4-zl\/\" \/>\n<meta property=\"og:site_name\" content=\"Super News\" \/>\n<meta property=\"article:published_time\" content=\"2019-09-05T07:51:03+00:00\" \/>\n<meta property=\"article:modified_time\" content=\"2019-09-05T07:51:04+00:00\" \/>\n<meta property=\"og:image\" content=\"https:\/\/super-news.info\/pl\/wp-content\/uploads\/sites\/6\/2019\/09\/Kurs-euro-przesta-spada-.-Frank-wci-po-4-z.png\" \/>\n\t<meta property=\"og:image:width\" content=\"645\" \/>\n\t<meta property=\"og:image:height\" content=\"324\" \/>\n\t<meta property=\"og:image:type\" content=\"image\/png\" \/>\n<meta name=\"author\" content=\"super-news\" \/>\n<meta name=\"twitter:card\" content=\"summary_large_image\" \/>\n<meta name=\"twitter:label1\" content=\"Napisane przez\" \/>\n\t<meta name=\"twitter:data1\" content=\"super-news\" \/>\n\t<meta name=\"twitter:label2\" content=\"Szacowany czas czytania\" \/>\n\t<meta name=\"twitter:data2\" content=\"1 minuta\" \/>\n<script type=\"application\/ld+json\" class=\"yoast-schema-graph\">{\"@context\":\"https:\\\/\\\/schema.org\",\"@graph\":[{\"@type\":\"Article\",\"@id\":\"https:\\\/\\\/super-news.info\\\/pl\\\/kurs-euro-przestal-spadac-frank-wciaz-po-4-zl\\\/#article\",\"isPartOf\":{\"@id\":\"https:\\\/\\\/super-news.info\\\/pl\\\/kurs-euro-przestal-spadac-frank-wciaz-po-4-zl\\\/\"},\"author\":{\"name\":\"super-news\",\"@id\":\"https:\\\/\\\/super-news.info\\\/pl\\\/#\\\/schema\\\/person\\\/2d4068cb2f39cd10008c2fce578a7356\"},\"headline\":\"Kurs euro przesta\u0142 spada\u0107. Frank wci\u0105\u017c po 4 z\u0142\",\"datePublished\":\"2019-09-05T07:51:03+00:00\",\"dateModified\":\"2019-09-05T07:51:04+00:00\",\"mainEntityOfPage\":{\"@id\":\"https:\\\/\\\/super-news.info\\\/pl\\\/kurs-euro-przestal-spadac-frank-wciaz-po-4-zl\\\/\"},\"wordCount\":154,\"commentCount\":0,\"image\":{\"@id\":\"https:\\\/\\\/super-news.info\\\/pl\\\/kurs-euro-przestal-spadac-frank-wciaz-po-4-zl\\\/#primaryimage\"},\"thumbnailUrl\":\"https:\\\/\\\/super-news.info\\\/pl\\\/wp-content\\\/uploads\\\/sites\\\/6\\\/2019\\\/09\\\/Kurs-euro-przesta-spada-.-Frank-wci-po-4-z.png\",\"articleSection\":[\"WIADOMO\u015aCI FINANSOWE\"],\"inLanguage\":\"pl-PL\",\"potentialAction\":[{\"@type\":\"CommentAction\",\"name\":\"Comment\",\"target\":[\"https:\\\/\\\/super-news.info\\\/pl\\\/kurs-euro-przestal-spadac-frank-wciaz-po-4-zl\\\/#respond\"]}]},{\"@type\":\"WebPage\",\"@id\":\"https:\\\/\\\/super-news.info\\\/pl\\\/kurs-euro-przestal-spadac-frank-wciaz-po-4-zl\\\/\",\"url\":\"https:\\\/\\\/super-news.info\\\/pl\\\/kurs-euro-przestal-spadac-frank-wciaz-po-4-zl\\\/\",\"name\":\"Kurs euro przesta\u0142 spada\u0107. Frank wci\u0105\u017c po 4 z\u0142 - Super News\",\"isPartOf\":{\"@id\":\"https:\\\/\\\/super-news.info\\\/pl\\\/#website\"},\"primaryImageOfPage\":{\"@id\":\"https:\\\/\\\/super-news.info\\\/pl\\\/kurs-euro-przestal-spadac-frank-wciaz-po-4-zl\\\/#primaryimage\"},\"image\":{\"@id\":\"https:\\\/\\\/super-news.info\\\/pl\\\/kurs-euro-przestal-spadac-frank-wciaz-po-4-zl\\\/#primaryimage\"},\"thumbnailUrl\":\"https:\\\/\\\/super-news.info\\\/pl\\\/wp-content\\\/uploads\\\/sites\\\/6\\\/2019\\\/09\\\/Kurs-euro-przesta-spada-.-Frank-wci-po-4-z.png\",\"datePublished\":\"2019-09-05T07:51:03+00:00\",\"dateModified\":\"2019-09-05T07:51:04+00:00\",\"author\":{\"@id\":\"https:\\\/\\\/super-news.info\\\/pl\\\/#\\\/schema\\\/person\\\/2d4068cb2f39cd10008c2fce578a7356\"},\"breadcrumb\":{\"@id\":\"https:\\\/\\\/super-news.info\\\/pl\\\/kurs-euro-przestal-spadac-frank-wciaz-po-4-zl\\\/#breadcrumb\"},\"inLanguage\":\"pl-PL\",\"potentialAction\":[{\"@type\":\"ReadAction\",\"target\":[\"https:\\\/\\\/super-news.info\\\/pl\\\/kurs-euro-przestal-spadac-frank-wciaz-po-4-zl\\\/\"]}]},{\"@type\":\"ImageObject\",\"inLanguage\":\"pl-PL\",\"@id\":\"https:\\\/\\\/super-news.info\\\/pl\\\/kurs-euro-przestal-spadac-frank-wciaz-po-4-zl\\\/#primaryimage\",\"url\":\"https:\\\/\\\/super-news.info\\\/pl\\\/wp-content\\\/uploads\\\/sites\\\/6\\\/2019\\\/09\\\/Kurs-euro-przesta-spada-.-Frank-wci-po-4-z.png\",\"contentUrl\":\"https:\\\/\\\/super-news.info\\\/pl\\\/wp-content\\\/uploads\\\/sites\\\/6\\\/2019\\\/09\\\/Kurs-euro-przesta-spada-.-Frank-wci-po-4-z.png\",\"width\":645,\"height\":324,\"caption\":\"Kurs euro przesta\u0142 spada\u0107. Frank wci\u0105\u017c po 4 z\u0142\"},{\"@type\":\"BreadcrumbList\",\"@id\":\"https:\\\/\\\/super-news.info\\\/pl\\\/kurs-euro-przestal-spadac-frank-wciaz-po-4-zl\\\/#breadcrumb\",\"itemListElement\":[{\"@type\":\"ListItem\",\"position\":1,\"name\":\"\u0413\u043b\u0430\u0432\u043d\u0430\u044f \u0441\u0442\u0440\u0430\u043d\u0438\u0446\u0430\",\"item\":\"https:\\\/\\\/super-news.info\\\/pl\\\/\"},{\"@type\":\"ListItem\",\"position\":2,\"name\":\"Kurs euro przesta\u0142 spada\u0107. Frank wci\u0105\u017c po 4 z\u0142\"}]},{\"@type\":\"WebSite\",\"@id\":\"https:\\\/\\\/super-news.info\\\/pl\\\/#website\",\"url\":\"https:\\\/\\\/super-news.info\\\/pl\\\/\",\"name\":\"Super News\",\"description\":\"Super News Polska\",\"potentialAction\":[{\"@type\":\"SearchAction\",\"target\":{\"@type\":\"EntryPoint\",\"urlTemplate\":\"https:\\\/\\\/super-news.info\\\/pl\\\/?s={search_term_string}\"},\"query-input\":{\"@type\":\"PropertyValueSpecification\",\"valueRequired\":true,\"valueName\":\"search_term_string\"}}],\"inLanguage\":\"pl-PL\"},{\"@type\":\"Person\",\"@id\":\"https:\\\/\\\/super-news.info\\\/pl\\\/#\\\/schema\\\/person\\\/2d4068cb2f39cd10008c2fce578a7356\",\"name\":\"super-news\",\"image\":{\"@type\":\"ImageObject\",\"inLanguage\":\"pl-PL\",\"@id\":\"https:\\\/\\\/secure.gravatar.com\\\/avatar\\\/64ebac40b93f26a154f8a9b5b6fdccfc46f442b26b3dd6756dbff3bf9dc76fd7?s=96&d=mm&r=g\",\"url\":\"https:\\\/\\\/secure.gravatar.com\\\/avatar\\\/64ebac40b93f26a154f8a9b5b6fdccfc46f442b26b3dd6756dbff3bf9dc76fd7?s=96&d=mm&r=g\",\"contentUrl\":\"https:\\\/\\\/secure.gravatar.com\\\/avatar\\\/64ebac40b93f26a154f8a9b5b6fdccfc46f442b26b3dd6756dbff3bf9dc76fd7?s=96&d=mm&r=g\",\"caption\":\"super-news\"},\"url\":\"https:\\\/\\\/super-news.info\\\/pl\\\/author\\\/pt\\\/\"}]}<\/script>\n<!-- \/ Yoast SEO plugin. -->","yoast_head_json":{"title":"Kurs euro przesta\u0142 spada\u0107. Frank wci\u0105\u017c po 4 z\u0142 - Super News","robots":{"index":"index","follow":"follow","max-snippet":"max-snippet:-1","max-image-preview":"max-image-preview:large","max-video-preview":"max-video-preview:-1"},"canonical":"https:\/\/super-news.info\/pl\/kurs-euro-przestal-spadac-frank-wciaz-po-4-zl\/","og_locale":"pl_PL","og_type":"article","og_title":"Kurs euro przesta\u0142 spada\u0107. Frank wci\u0105\u017c po 4 z\u0142 - Super News","og_description":"[ad_1] Po wyra\u017anym spadku z prze\u0142omu sierpnia i wrze\u015bnia kurs euro&#13; dotar\u0142 do 4,34 z\u0142. Ale ze wzgl\u0119du na umocnienie franka wobec euro kurs&#13; helweckiej waluty wci\u0105\u017c nie powr\u00f3ci\u0142 poni\u017cej 4 z\u0142.&#13; W czwartek o 9:11 kurs euro kszta\u0142towa\u0142 si\u0119 na poziomie&#13; 4,3469, a wi\u0119c bez wi\u0119kszych zmian wzgl\u0119dem \u015brodowego popo\u0142udnia. Przez&#13; poprzedni tydzie\u0144 kurs [&hellip;]","og_url":"https:\/\/super-news.info\/pl\/kurs-euro-przestal-spadac-frank-wciaz-po-4-zl\/","og_site_name":"Super News","article_published_time":"2019-09-05T07:51:03+00:00","article_modified_time":"2019-09-05T07:51:04+00:00","og_image":[{"width":645,"height":324,"url":"https:\/\/super-news.info\/pl\/wp-content\/uploads\/sites\/6\/2019\/09\/Kurs-euro-przesta-spada-.-Frank-wci-po-4-z.png","type":"image\/png"}],"author":"super-news","twitter_card":"summary_large_image","twitter_misc":{"Napisane przez":"super-news","Szacowany czas czytania":"1 minuta"},"schema":{"@context":"https:\/\/schema.org","@graph":[{"@type":"Article","@id":"https:\/\/super-news.info\/pl\/kurs-euro-przestal-spadac-frank-wciaz-po-4-zl\/#article","isPartOf":{"@id":"https:\/\/super-news.info\/pl\/kurs-euro-przestal-spadac-frank-wciaz-po-4-zl\/"},"author":{"name":"super-news","@id":"https:\/\/super-news.info\/pl\/#\/schema\/person\/2d4068cb2f39cd10008c2fce578a7356"},"headline":"Kurs euro przesta\u0142 spada\u0107. Frank wci\u0105\u017c po 4 z\u0142","datePublished":"2019-09-05T07:51:03+00:00","dateModified":"2019-09-05T07:51:04+00:00","mainEntityOfPage":{"@id":"https:\/\/super-news.info\/pl\/kurs-euro-przestal-spadac-frank-wciaz-po-4-zl\/"},"wordCount":154,"commentCount":0,"image":{"@id":"https:\/\/super-news.info\/pl\/kurs-euro-przestal-spadac-frank-wciaz-po-4-zl\/#primaryimage"},"thumbnailUrl":"https:\/\/super-news.info\/pl\/wp-content\/uploads\/sites\/6\/2019\/09\/Kurs-euro-przesta-spada-.-Frank-wci-po-4-z.png","articleSection":["WIADOMO\u015aCI FINANSOWE"],"inLanguage":"pl-PL","potentialAction":[{"@type":"CommentAction","name":"Comment","target":["https:\/\/super-news.info\/pl\/kurs-euro-przestal-spadac-frank-wciaz-po-4-zl\/#respond"]}]},{"@type":"WebPage","@id":"https:\/\/super-news.info\/pl\/kurs-euro-przestal-spadac-frank-wciaz-po-4-zl\/","url":"https:\/\/super-news.info\/pl\/kurs-euro-przestal-spadac-frank-wciaz-po-4-zl\/","name":"Kurs euro przesta\u0142 spada\u0107. Frank wci\u0105\u017c po 4 z\u0142 - Super News","isPartOf":{"@id":"https:\/\/super-news.info\/pl\/#website"},"primaryImageOfPage":{"@id":"https:\/\/super-news.info\/pl\/kurs-euro-przestal-spadac-frank-wciaz-po-4-zl\/#primaryimage"},"image":{"@id":"https:\/\/super-news.info\/pl\/kurs-euro-przestal-spadac-frank-wciaz-po-4-zl\/#primaryimage"},"thumbnailUrl":"https:\/\/super-news.info\/pl\/wp-content\/uploads\/sites\/6\/2019\/09\/Kurs-euro-przesta-spada-.-Frank-wci-po-4-z.png","datePublished":"2019-09-05T07:51:03+00:00","dateModified":"2019-09-05T07:51:04+00:00","author":{"@id":"https:\/\/super-news.info\/pl\/#\/schema\/person\/2d4068cb2f39cd10008c2fce578a7356"},"breadcrumb":{"@id":"https:\/\/super-news.info\/pl\/kurs-euro-przestal-spadac-frank-wciaz-po-4-zl\/#breadcrumb"},"inLanguage":"pl-PL","potentialAction":[{"@type":"ReadAction","target":["https:\/\/super-news.info\/pl\/kurs-euro-przestal-spadac-frank-wciaz-po-4-zl\/"]}]},{"@type":"ImageObject","inLanguage":"pl-PL","@id":"https:\/\/super-news.info\/pl\/kurs-euro-przestal-spadac-frank-wciaz-po-4-zl\/#primaryimage","url":"https:\/\/super-news.info\/pl\/wp-content\/uploads\/sites\/6\/2019\/09\/Kurs-euro-przesta-spada-.-Frank-wci-po-4-z.png","contentUrl":"https:\/\/super-news.info\/pl\/wp-content\/uploads\/sites\/6\/2019\/09\/Kurs-euro-przesta-spada-.-Frank-wci-po-4-z.png","width":645,"height":324,"caption":"Kurs euro przesta\u0142 spada\u0107. Frank wci\u0105\u017c po 4 z\u0142"},{"@type":"BreadcrumbList","@id":"https:\/\/super-news.info\/pl\/kurs-euro-przestal-spadac-frank-wciaz-po-4-zl\/#breadcrumb","itemListElement":[{"@type":"ListItem","position":1,"name":"\u0413\u043b\u0430\u0432\u043d\u0430\u044f \u0441\u0442\u0440\u0430\u043d\u0438\u0446\u0430","item":"https:\/\/super-news.info\/pl\/"},{"@type":"ListItem","position":2,"name":"Kurs euro przesta\u0142 spada\u0107. Frank wci\u0105\u017c po 4 z\u0142"}]},{"@type":"WebSite","@id":"https:\/\/super-news.info\/pl\/#website","url":"https:\/\/super-news.info\/pl\/","name":"Super News","description":"Super News Polska","potentialAction":[{"@type":"SearchAction","target":{"@type":"EntryPoint","urlTemplate":"https:\/\/super-news.info\/pl\/?s={search_term_string}"},"query-input":{"@type":"PropertyValueSpecification","valueRequired":true,"valueName":"search_term_string"}}],"inLanguage":"pl-PL"},{"@type":"Person","@id":"https:\/\/super-news.info\/pl\/#\/schema\/person\/2d4068cb2f39cd10008c2fce578a7356","name":"super-news","image":{"@type":"ImageObject","inLanguage":"pl-PL","@id":"https:\/\/secure.gravatar.com\/avatar\/64ebac40b93f26a154f8a9b5b6fdccfc46f442b26b3dd6756dbff3bf9dc76fd7?s=96&d=mm&r=g","url":"https:\/\/secure.gravatar.com\/avatar\/64ebac40b93f26a154f8a9b5b6fdccfc46f442b26b3dd6756dbff3bf9dc76fd7?s=96&d=mm&r=g","contentUrl":"https:\/\/secure.gravatar.com\/avatar\/64ebac40b93f26a154f8a9b5b6fdccfc46f442b26b3dd6756dbff3bf9dc76fd7?s=96&d=mm&r=g","caption":"super-news"},"url":"https:\/\/super-news.info\/pl\/author\/pt\/"}]}},"_links":{"self":[{"href":"https:\/\/super-news.info\/pl\/wp-json\/wp\/v2\/posts\/1882","targetHints":{"allow":["GET"]}}],"collection":[{"href":"https:\/\/super-news.info\/pl\/wp-json\/wp\/v2\/posts"}],"about":[{"href":"https:\/\/super-news.info\/pl\/wp-json\/wp\/v2\/types\/post"}],"author":[{"embeddable":true,"href":"https:\/\/super-news.info\/pl\/wp-json\/wp\/v2\/users\/2"}],"replies":[{"embeddable":true,"href":"https:\/\/super-news.info\/pl\/wp-json\/wp\/v2\/comments?post=1882"}],"version-history":[{"count":1,"href":"https:\/\/super-news.info\/pl\/wp-json\/wp\/v2\/posts\/1882\/revisions"}],"predecessor-version":[{"id":1884,"href":"https:\/\/super-news.info\/pl\/wp-json\/wp\/v2\/posts\/1882\/revisions\/1884"}],"wp:featuredmedia":[{"embeddable":true,"href":"https:\/\/super-news.info\/pl\/wp-json\/wp\/v2\/media\/1883"}],"wp:attachment":[{"href":"https:\/\/super-news.info\/pl\/wp-json\/wp\/v2\/media?parent=1882"}],"wp:term":[{"taxonomy":"category","embeddable":true,"href":"https:\/\/super-news.info\/pl\/wp-json\/wp\/v2\/categories?post=1882"},{"taxonomy":"post_tag","embeddable":true,"href":"https:\/\/super-news.info\/pl\/wp-json\/wp\/v2\/tags?post=1882"}],"curies":[{"name":"wp","href":"https:\/\/api.w.org\/{rel}","templated":true}]}}