{"id":1873,"date":"2019-09-04T21:33:47","date_gmt":"2019-09-04T18:33:47","guid":{"rendered":"https:\/\/super-news.info\/pl\/gowin-polska-nie-wejdzie-do-strefy-euro-w-ciagu-kilkunastu-lat\/"},"modified":"2019-09-04T21:33:48","modified_gmt":"2019-09-04T18:33:48","slug":"gowin-polska-nie-wejdzie-do-strefy-euro-w-ciagu-kilkunastu-lat","status":"publish","type":"post","link":"https:\/\/super-news.info\/pl\/gowin-polska-nie-wejdzie-do-strefy-euro-w-ciagu-kilkunastu-lat\/","title":{"rendered":"Gowin: Polska nie wejdzie do strefy euro w ci\u0105gu kilkunastu lat"},"content":{"rendered":"<p> [ad_1]<br \/>\n<\/p>\n<div id=\"articleContent\" data-io-article-url=\"https:\/\/www.bankier.pl\/wiadomosc\/Gowin-Polska-nie-wejdzie-do-strefy-euro-w-ciagu-kilkunastu-lat-7732782.html\">\n        <!-- authorContainer --><\/p>\n<p><span class=\"lead\">Polska nie wejdzie do strefy euro w ci\u0105gu kilkunastu lat, bez wzgl\u0119du na to, kto b\u0119dzie rz\u0105dzi\u0142 \u2013 oceni\u0142 podczas \u015brodowej debaty na temat wsp\u00f3lnej europejskiej waluty wicepremier, minister nauki i szkolnictwa wy\u017cszego Jaros\u0142aw Gowin.<\/span><\/p>\n<div class=\"container645\">\n<div class=\"box645 boxImg\">\n<div class=\"boxContent\"><\/div>\n<\/div>\n<\/div>\n<p><!--[ ads link bar ]--><\/p>\n<p>Wed\u0142ug Gowina strefa euro by\u0142a \u015bmia\u0142ym i ryzykownym eksperymentem historycznym i politycznym, co dla niego \u2013 jako konserwatysty \u2013 jest sygna\u0142em ostrzegawczym. Wicepremier powiedzia\u0142, \u017ce trzeba opiera\u0107 si\u0119 na do\u015bwiadczeniach, zw\u0142aszcza Polski, z ostatnich lat \u2013 przede wszystkim kryzysu 2008-2009.<\/p>\n<p>\u201eDla mnie nie ulega w\u0105tpliwo\u015bci, \u017ce <strong>w\u0142asna waluta narodowa by\u0142a jednym z g\u0142\u00f3wnych, o ile nie rozstrzygaj\u0105cych \u017ar\u00f3de\u0142 sukcesu gospodarczego Polski w ostatnich kilkunastu latach<\/strong>, a zw\u0142aszcza pozwoli\u0142a unikn\u0105\u0107 recesji w okresie kryzysu. Nie ulega te\u017c dla mnie w\u0105tpliwo\u015bci, \u017ce wsp\u00f3lna waluta jest korzystna dla takich pa\u0144stw jak (\u2026) Niemcy, (\u2026) Holandia,  i bodaj\u017ce Austria korzystaj\u0105 na obecno\u015bci w strefie euro, ca\u0142a reszta traci\u201d \u2013 m\u00f3wi\u0142 Gowin.<\/p>\n<p>Podkre\u015bli\u0142, \u017ce patrz\u0105c z punktu widzenia w\u0105sko poj\u0119tych korzy\u015bci ekonomicznych, to wej\u015bcie do strefy euro mo\u017ce by\u0107 korzystne dla niekt\u00f3rych polskich firm, a nawet niekt\u00f3rych bran\u017c, to je\u015bli spojrzy si\u0119 na nasz\u0105 gospodark\u0119 jako ca\u0142o\u015b\u0107, to by\u0142oby to ekonomicznie nieuzasadnione.<\/p>\n<p>Zdaniem Gowina tak\u017ce<strong> argument polityczny dotycz\u0105cy Europy dw\u00f3ch pr\u0119dko\u015bci nie robi na nim wra\u017cenia<\/strong>, poniewa\u017c ju\u017c dzi\u015b UE jest Uni\u0105 dw\u00f3ch pr\u0119dko\u015bci.<\/p>\n<p>\u201eJedyny argument przemawiaj\u0105cy za szybkim, czyli w perspektywie kilkunastu lat, wej\u015bciem do strefy euro ma charakter ideologiczny, tzn. \u017ce powinni\u015bmy godzi\u0107 si\u0119 na budow\u0119 europejskiego superpa\u0144stwa (\u2026) i w imi\u0119 jakiego\u015b przysz\u0142ego wsp\u00f3lnego dobra nas Europejczyk\u00f3w zamazywa\u0107 r\u00f3\u017cnice nawet kosztem tych s\u0142abszych. Ten argument mnie nie przekonuje i to jest stanowisko wsp\u00f3lne w ramach tego obozu, kt\u00f3ry dzi\u015b rz\u0105dzi Polsk\u0105\u201d \u2013 o\u015bwiadczy\u0142.<\/p>\n<p>Doda\u0142, \u017ce rozmawia w zaciszu gabinet\u00f3w z politykami innych partii, tak\u017ce tych, kt\u00f3re maj\u0105 na sztandarach szybkie wej\u015bcie do strefy euro. Wyja\u015bni\u0142, \u017ce oni podczas takich rozm\u00f3w przyznaj\u0105, \u017ce <strong>wej\u015bcie do strefy euro by\u0142oby krokiem samob\u00f3jczym.<\/strong><\/p>\n<p>\u201eJak ci politycy doszliby do w\u0142adzy, np. jesieni\u0105 (\u2026) oni b\u0119d\u0105 je\u015bli chodzi o spraw\u0119 wej\u015bcia doi strefy euro realizowa\u0107 dok\u0142adnie tak\u0105 sam\u0105 polityk\u0119, jak my bo zdaj\u0105 sobie spraw\u0119 z tego, \u017ce interes polskich firm, interes polskich konsument\u00f3w wymaga tego, \u017ceby\u015bmy trzymali si\u0119 z daleka od tego historycznego eksperymentu, kt\u00f3ry ci\u0105gle jest wielkim znakiem zapytania\u201d \u2013 m\u00f3wi\u0142.<\/p>\n<p>\u201eW zwi\u0105zku z tym, w moim g\u0142\u0119bokim przekonaniu, niezale\u017cnie od tego, kto b\u0119dzie rz\u0105dzi\u0142 Polsk\u0105 (\u2026), to Polska w strefie euro w czasie kilkunastu lat nie b\u0119dzie\u201d &#8211; powiedzia\u0142.<\/p>\n<p>\u201eWchodzenie do strefy euro dzisiaj, czyli w ci\u0105gu kilkunastu lat, by\u0142oby skrajnym brakiem wyobra\u017ani\u201d \u2013 doda\u0142.<\/p>\n<p>Prezes GPW Marek Dietl przypomnia\u0142 powo\u0142uj\u0105c si\u0119 na publikacje naukowc\u00f3w, \u017ce du\u017cy obszar jednej waluty jest efektywny ekonomicznie &#8211; jak na przyk\u0142ad w USA \u2013 ale musz\u0105 by\u0107 spe\u0142nione okre\u015blone warunki. Wskaza\u0142 na zsynchronizowany cykl koniunkturalny na danym obszarze i skoordynowan\u0105 polityk\u0119 fiskaln\u0105.<\/p>\n<p>Tymczasem, jak zwr\u00f3ci\u0142 uwag\u0119, euro wprowadzono w krajach, kt\u00f3re nie mia\u0142y zsynchronizowanego cyklu koniunkturalnego i skoordynowanej polityki fiskalnej.<\/p>\n<p>\u201eProwadzi\u0142o to do szeregu nier\u00f3wnowag ekonomicznych\u201d \u2013 zauwa\u017cy\u0142 Dietl. \u201eJedni maj\u0105 wielki deficyt, inni maj\u0105 nadwy\u017ck\u0119\u201d \u2013 wskaza\u0142.<\/p>\n<p>Doda\u0142, \u017ce powoduje to trudno\u015bci z prowadzeniem polityki monetarnej, bo jedni potrzebuj\u0105 niskich st\u00f3p procentowych, a inni wy\u017cszych. Oceni\u0142 ponadto, \u017ce je\u015bli chodzi o r\u00f3\u017cnice w rozwoju gospodarek, to \u201ew\u0142asna waluta u\u0142atwia doganianie, a wsp\u00f3lna utrudnia\u201d.(PAP)<\/p>\n<p>Autor: Marcin Musia\u0142<\/p>\n<p>mmu\/ dym\/<\/p>\n<\/p><\/div>\n<p><script>(function() {\n  var _fbq = window._fbq || (window._fbq = []);\n  if (!_fbq.loaded) {\n    var fbds = document.createElement('script');\n    fbds.async = true;\n    fbds.src = \"http:\/\/connect.facebook.net\/en_US\/fbds.js\";\n    var s = document.getElementsByTagName('script')[0];\n    s.parentNode.insertBefore(fbds, s);\n    _fbq.loaded = true;\n  }\n  _fbq.push(['addPixelId', '743763269044006']);\n})();\nwindow._fbq = window._fbq || [];\nwindow._fbq.push(['track', 'PixelInitialized', {}]);\n<\/script><script>(function(d, s, id) {\n  var js, fjs = d.getElementsByTagName(s)[0];\n  if (d.getElementById(id)) return;\n  js = d.createElement(s); js.id = id;\n  js.src = \"http:\/\/connect.facebook.net\/pl_PL\/sdk.js#xfbml=1&version=v2.3\";\n  fjs.parentNode.insertBefore(js, fjs);\n}(document, 'script', 'facebook-jssdk'));<\/script><script>(function(d, s, id) {\n  var js, fjs = d.getElementsByTagName(s)[0];\n  if (d.getElementById(id)) return;\n  js = d.createElement(s); js.id = id;\n  js.src = \"http:\/\/connect.facebook.net\/pl_PL\/all.js#xfbml=1&appId=212379965454760\";\n  fjs.parentNode.insertBefore(js, fjs);\n}(document, 'script', 'facebook-jssdk'));<\/script><br \/>\n<br \/>[ad_2]<br \/>\n<br \/><a href=\"http:\/\/www.bankier.pl\/wiadomosc\/Gowin-Polska-nie-wejdzie-do-strefy-euro-w-ciagu-kilkunastu-lat-7732782.html\">Source link <\/a><\/p>\n","protected":false},"excerpt":{"rendered":"<p>[ad_1] Polska nie wejdzie do strefy euro w ci\u0105gu kilkunastu lat, bez wzgl\u0119du na to, kto b\u0119dzie rz\u0105dzi\u0142 \u2013 oceni\u0142 podczas \u015brodowej debaty na temat wsp\u00f3lnej europejskiej waluty wicepremier, minister nauki i szkolnictwa wy\u017cszego Jaros\u0142aw Gowin. Wed\u0142ug Gowina strefa euro by\u0142a \u015bmia\u0142ym i ryzykownym eksperymentem historycznym i politycznym, co dla niego \u2013 jako konserwatysty \u2013 [&hellip;]<\/p>\n","protected":false},"author":2,"featured_media":1874,"comment_status":"open","ping_status":"open","sticky":false,"template":"","format":"standard","meta":{"footnotes":""},"categories":[1],"tags":[],"class_list":["post-1873","post","type-post","status-publish","format-standard","has-post-thumbnail","hentry","category-wiadomosci-finansowe"],"yoast_head":"<!-- This site is optimized with the Yoast SEO plugin v27.4 - https:\/\/yoast.com\/product\/yoast-seo-wordpress\/ -->\n<title>Gowin: Polska nie wejdzie do strefy euro w ci\u0105gu kilkunastu lat - Super News<\/title>\n<meta name=\"robots\" content=\"index, follow, max-snippet:-1, max-image-preview:large, max-video-preview:-1\" \/>\n<link rel=\"canonical\" href=\"https:\/\/super-news.info\/pl\/gowin-polska-nie-wejdzie-do-strefy-euro-w-ciagu-kilkunastu-lat\/\" \/>\n<meta property=\"og:locale\" content=\"pl_PL\" \/>\n<meta property=\"og:type\" content=\"article\" \/>\n<meta property=\"og:title\" content=\"Gowin: Polska nie wejdzie do strefy euro w ci\u0105gu kilkunastu lat - Super News\" \/>\n<meta property=\"og:description\" content=\"[ad_1] Polska nie wejdzie do strefy euro w ci\u0105gu kilkunastu lat, bez wzgl\u0119du na to, kto b\u0119dzie rz\u0105dzi\u0142 \u2013 oceni\u0142 podczas \u015brodowej debaty na temat wsp\u00f3lnej europejskiej waluty wicepremier, minister nauki i szkolnictwa wy\u017cszego Jaros\u0142aw Gowin. Wed\u0142ug Gowina strefa euro by\u0142a \u015bmia\u0142ym i ryzykownym eksperymentem historycznym i politycznym, co dla niego \u2013 jako konserwatysty \u2013 [&hellip;]\" \/>\n<meta property=\"og:url\" content=\"https:\/\/super-news.info\/pl\/gowin-polska-nie-wejdzie-do-strefy-euro-w-ciagu-kilkunastu-lat\/\" \/>\n<meta property=\"og:site_name\" content=\"Super News\" \/>\n<meta property=\"article:published_time\" content=\"2019-09-04T18:33:47+00:00\" \/>\n<meta property=\"article:modified_time\" content=\"2019-09-04T18:33:48+00:00\" \/>\n<meta property=\"og:image\" content=\"https:\/\/super-news.info\/pl\/wp-content\/uploads\/sites\/6\/2019\/09\/Gowin-Polska-nie-wejdzie-do-strefy-euro-w-ci-gu-kilkunastu.jpg\" \/>\n\t<meta property=\"og:image:width\" content=\"645\" \/>\n\t<meta property=\"og:image:height\" content=\"387\" \/>\n\t<meta property=\"og:image:type\" content=\"image\/jpeg\" \/>\n<meta name=\"author\" content=\"super-news\" \/>\n<meta name=\"twitter:card\" content=\"summary_large_image\" \/>\n<meta name=\"twitter:label1\" content=\"Napisane przez\" \/>\n\t<meta name=\"twitter:data1\" content=\"super-news\" \/>\n\t<meta name=\"twitter:label2\" content=\"Szacowany czas czytania\" \/>\n\t<meta name=\"twitter:data2\" content=\"3 minuty\" \/>\n<script type=\"application\/ld+json\" class=\"yoast-schema-graph\">{\"@context\":\"https:\\\/\\\/schema.org\",\"@graph\":[{\"@type\":\"Article\",\"@id\":\"https:\\\/\\\/super-news.info\\\/pl\\\/gowin-polska-nie-wejdzie-do-strefy-euro-w-ciagu-kilkunastu-lat\\\/#article\",\"isPartOf\":{\"@id\":\"https:\\\/\\\/super-news.info\\\/pl\\\/gowin-polska-nie-wejdzie-do-strefy-euro-w-ciagu-kilkunastu-lat\\\/\"},\"author\":{\"name\":\"super-news\",\"@id\":\"https:\\\/\\\/super-news.info\\\/pl\\\/#\\\/schema\\\/person\\\/2d4068cb2f39cd10008c2fce578a7356\"},\"headline\":\"Gowin: Polska nie wejdzie do strefy euro w ci\u0105gu kilkunastu lat\",\"datePublished\":\"2019-09-04T18:33:47+00:00\",\"dateModified\":\"2019-09-04T18:33:48+00:00\",\"mainEntityOfPage\":{\"@id\":\"https:\\\/\\\/super-news.info\\\/pl\\\/gowin-polska-nie-wejdzie-do-strefy-euro-w-ciagu-kilkunastu-lat\\\/\"},\"wordCount\":640,\"commentCount\":0,\"image\":{\"@id\":\"https:\\\/\\\/super-news.info\\\/pl\\\/gowin-polska-nie-wejdzie-do-strefy-euro-w-ciagu-kilkunastu-lat\\\/#primaryimage\"},\"thumbnailUrl\":\"https:\\\/\\\/super-news.info\\\/pl\\\/wp-content\\\/uploads\\\/sites\\\/6\\\/2019\\\/09\\\/Gowin-Polska-nie-wejdzie-do-strefy-euro-w-ci-gu-kilkunastu.jpg\",\"articleSection\":[\"WIADOMO\u015aCI FINANSOWE\"],\"inLanguage\":\"pl-PL\",\"potentialAction\":[{\"@type\":\"CommentAction\",\"name\":\"Comment\",\"target\":[\"https:\\\/\\\/super-news.info\\\/pl\\\/gowin-polska-nie-wejdzie-do-strefy-euro-w-ciagu-kilkunastu-lat\\\/#respond\"]}]},{\"@type\":\"WebPage\",\"@id\":\"https:\\\/\\\/super-news.info\\\/pl\\\/gowin-polska-nie-wejdzie-do-strefy-euro-w-ciagu-kilkunastu-lat\\\/\",\"url\":\"https:\\\/\\\/super-news.info\\\/pl\\\/gowin-polska-nie-wejdzie-do-strefy-euro-w-ciagu-kilkunastu-lat\\\/\",\"name\":\"Gowin: Polska nie wejdzie do strefy euro w ci\u0105gu kilkunastu lat - Super News\",\"isPartOf\":{\"@id\":\"https:\\\/\\\/super-news.info\\\/pl\\\/#website\"},\"primaryImageOfPage\":{\"@id\":\"https:\\\/\\\/super-news.info\\\/pl\\\/gowin-polska-nie-wejdzie-do-strefy-euro-w-ciagu-kilkunastu-lat\\\/#primaryimage\"},\"image\":{\"@id\":\"https:\\\/\\\/super-news.info\\\/pl\\\/gowin-polska-nie-wejdzie-do-strefy-euro-w-ciagu-kilkunastu-lat\\\/#primaryimage\"},\"thumbnailUrl\":\"https:\\\/\\\/super-news.info\\\/pl\\\/wp-content\\\/uploads\\\/sites\\\/6\\\/2019\\\/09\\\/Gowin-Polska-nie-wejdzie-do-strefy-euro-w-ci-gu-kilkunastu.jpg\",\"datePublished\":\"2019-09-04T18:33:47+00:00\",\"dateModified\":\"2019-09-04T18:33:48+00:00\",\"author\":{\"@id\":\"https:\\\/\\\/super-news.info\\\/pl\\\/#\\\/schema\\\/person\\\/2d4068cb2f39cd10008c2fce578a7356\"},\"breadcrumb\":{\"@id\":\"https:\\\/\\\/super-news.info\\\/pl\\\/gowin-polska-nie-wejdzie-do-strefy-euro-w-ciagu-kilkunastu-lat\\\/#breadcrumb\"},\"inLanguage\":\"pl-PL\",\"potentialAction\":[{\"@type\":\"ReadAction\",\"target\":[\"https:\\\/\\\/super-news.info\\\/pl\\\/gowin-polska-nie-wejdzie-do-strefy-euro-w-ciagu-kilkunastu-lat\\\/\"]}]},{\"@type\":\"ImageObject\",\"inLanguage\":\"pl-PL\",\"@id\":\"https:\\\/\\\/super-news.info\\\/pl\\\/gowin-polska-nie-wejdzie-do-strefy-euro-w-ciagu-kilkunastu-lat\\\/#primaryimage\",\"url\":\"https:\\\/\\\/super-news.info\\\/pl\\\/wp-content\\\/uploads\\\/sites\\\/6\\\/2019\\\/09\\\/Gowin-Polska-nie-wejdzie-do-strefy-euro-w-ci-gu-kilkunastu.jpg\",\"contentUrl\":\"https:\\\/\\\/super-news.info\\\/pl\\\/wp-content\\\/uploads\\\/sites\\\/6\\\/2019\\\/09\\\/Gowin-Polska-nie-wejdzie-do-strefy-euro-w-ci-gu-kilkunastu.jpg\",\"width\":645,\"height\":387,\"caption\":\"Gowin: Polska nie wejdzie do strefy euro w ci\u0105gu kilkunastu lat\"},{\"@type\":\"BreadcrumbList\",\"@id\":\"https:\\\/\\\/super-news.info\\\/pl\\\/gowin-polska-nie-wejdzie-do-strefy-euro-w-ciagu-kilkunastu-lat\\\/#breadcrumb\",\"itemListElement\":[{\"@type\":\"ListItem\",\"position\":1,\"name\":\"\u0413\u043b\u0430\u0432\u043d\u0430\u044f \u0441\u0442\u0440\u0430\u043d\u0438\u0446\u0430\",\"item\":\"https:\\\/\\\/super-news.info\\\/pl\\\/\"},{\"@type\":\"ListItem\",\"position\":2,\"name\":\"Gowin: Polska nie wejdzie do strefy euro w ci\u0105gu kilkunastu lat\"}]},{\"@type\":\"WebSite\",\"@id\":\"https:\\\/\\\/super-news.info\\\/pl\\\/#website\",\"url\":\"https:\\\/\\\/super-news.info\\\/pl\\\/\",\"name\":\"Super News\",\"description\":\"Super News Polska\",\"potentialAction\":[{\"@type\":\"SearchAction\",\"target\":{\"@type\":\"EntryPoint\",\"urlTemplate\":\"https:\\\/\\\/super-news.info\\\/pl\\\/?s={search_term_string}\"},\"query-input\":{\"@type\":\"PropertyValueSpecification\",\"valueRequired\":true,\"valueName\":\"search_term_string\"}}],\"inLanguage\":\"pl-PL\"},{\"@type\":\"Person\",\"@id\":\"https:\\\/\\\/super-news.info\\\/pl\\\/#\\\/schema\\\/person\\\/2d4068cb2f39cd10008c2fce578a7356\",\"name\":\"super-news\",\"image\":{\"@type\":\"ImageObject\",\"inLanguage\":\"pl-PL\",\"@id\":\"https:\\\/\\\/secure.gravatar.com\\\/avatar\\\/64ebac40b93f26a154f8a9b5b6fdccfc46f442b26b3dd6756dbff3bf9dc76fd7?s=96&d=mm&r=g\",\"url\":\"https:\\\/\\\/secure.gravatar.com\\\/avatar\\\/64ebac40b93f26a154f8a9b5b6fdccfc46f442b26b3dd6756dbff3bf9dc76fd7?s=96&d=mm&r=g\",\"contentUrl\":\"https:\\\/\\\/secure.gravatar.com\\\/avatar\\\/64ebac40b93f26a154f8a9b5b6fdccfc46f442b26b3dd6756dbff3bf9dc76fd7?s=96&d=mm&r=g\",\"caption\":\"super-news\"},\"url\":\"https:\\\/\\\/super-news.info\\\/pl\\\/author\\\/pt\\\/\"}]}<\/script>\n<!-- \/ Yoast SEO plugin. -->","yoast_head_json":{"title":"Gowin: Polska nie wejdzie do strefy euro w ci\u0105gu kilkunastu lat - Super News","robots":{"index":"index","follow":"follow","max-snippet":"max-snippet:-1","max-image-preview":"max-image-preview:large","max-video-preview":"max-video-preview:-1"},"canonical":"https:\/\/super-news.info\/pl\/gowin-polska-nie-wejdzie-do-strefy-euro-w-ciagu-kilkunastu-lat\/","og_locale":"pl_PL","og_type":"article","og_title":"Gowin: Polska nie wejdzie do strefy euro w ci\u0105gu kilkunastu lat - Super News","og_description":"[ad_1] Polska nie wejdzie do strefy euro w ci\u0105gu kilkunastu lat, bez wzgl\u0119du na to, kto b\u0119dzie rz\u0105dzi\u0142 \u2013 oceni\u0142 podczas \u015brodowej debaty na temat wsp\u00f3lnej europejskiej waluty wicepremier, minister nauki i szkolnictwa wy\u017cszego Jaros\u0142aw Gowin. Wed\u0142ug Gowina strefa euro by\u0142a \u015bmia\u0142ym i ryzykownym eksperymentem historycznym i politycznym, co dla niego \u2013 jako konserwatysty \u2013 [&hellip;]","og_url":"https:\/\/super-news.info\/pl\/gowin-polska-nie-wejdzie-do-strefy-euro-w-ciagu-kilkunastu-lat\/","og_site_name":"Super News","article_published_time":"2019-09-04T18:33:47+00:00","article_modified_time":"2019-09-04T18:33:48+00:00","og_image":[{"width":645,"height":387,"url":"https:\/\/super-news.info\/pl\/wp-content\/uploads\/sites\/6\/2019\/09\/Gowin-Polska-nie-wejdzie-do-strefy-euro-w-ci-gu-kilkunastu.jpg","type":"image\/jpeg"}],"author":"super-news","twitter_card":"summary_large_image","twitter_misc":{"Napisane przez":"super-news","Szacowany czas czytania":"3 minuty"},"schema":{"@context":"https:\/\/schema.org","@graph":[{"@type":"Article","@id":"https:\/\/super-news.info\/pl\/gowin-polska-nie-wejdzie-do-strefy-euro-w-ciagu-kilkunastu-lat\/#article","isPartOf":{"@id":"https:\/\/super-news.info\/pl\/gowin-polska-nie-wejdzie-do-strefy-euro-w-ciagu-kilkunastu-lat\/"},"author":{"name":"super-news","@id":"https:\/\/super-news.info\/pl\/#\/schema\/person\/2d4068cb2f39cd10008c2fce578a7356"},"headline":"Gowin: Polska nie wejdzie do strefy euro w ci\u0105gu kilkunastu lat","datePublished":"2019-09-04T18:33:47+00:00","dateModified":"2019-09-04T18:33:48+00:00","mainEntityOfPage":{"@id":"https:\/\/super-news.info\/pl\/gowin-polska-nie-wejdzie-do-strefy-euro-w-ciagu-kilkunastu-lat\/"},"wordCount":640,"commentCount":0,"image":{"@id":"https:\/\/super-news.info\/pl\/gowin-polska-nie-wejdzie-do-strefy-euro-w-ciagu-kilkunastu-lat\/#primaryimage"},"thumbnailUrl":"https:\/\/super-news.info\/pl\/wp-content\/uploads\/sites\/6\/2019\/09\/Gowin-Polska-nie-wejdzie-do-strefy-euro-w-ci-gu-kilkunastu.jpg","articleSection":["WIADOMO\u015aCI FINANSOWE"],"inLanguage":"pl-PL","potentialAction":[{"@type":"CommentAction","name":"Comment","target":["https:\/\/super-news.info\/pl\/gowin-polska-nie-wejdzie-do-strefy-euro-w-ciagu-kilkunastu-lat\/#respond"]}]},{"@type":"WebPage","@id":"https:\/\/super-news.info\/pl\/gowin-polska-nie-wejdzie-do-strefy-euro-w-ciagu-kilkunastu-lat\/","url":"https:\/\/super-news.info\/pl\/gowin-polska-nie-wejdzie-do-strefy-euro-w-ciagu-kilkunastu-lat\/","name":"Gowin: Polska nie wejdzie do strefy euro w ci\u0105gu kilkunastu lat - Super News","isPartOf":{"@id":"https:\/\/super-news.info\/pl\/#website"},"primaryImageOfPage":{"@id":"https:\/\/super-news.info\/pl\/gowin-polska-nie-wejdzie-do-strefy-euro-w-ciagu-kilkunastu-lat\/#primaryimage"},"image":{"@id":"https:\/\/super-news.info\/pl\/gowin-polska-nie-wejdzie-do-strefy-euro-w-ciagu-kilkunastu-lat\/#primaryimage"},"thumbnailUrl":"https:\/\/super-news.info\/pl\/wp-content\/uploads\/sites\/6\/2019\/09\/Gowin-Polska-nie-wejdzie-do-strefy-euro-w-ci-gu-kilkunastu.jpg","datePublished":"2019-09-04T18:33:47+00:00","dateModified":"2019-09-04T18:33:48+00:00","author":{"@id":"https:\/\/super-news.info\/pl\/#\/schema\/person\/2d4068cb2f39cd10008c2fce578a7356"},"breadcrumb":{"@id":"https:\/\/super-news.info\/pl\/gowin-polska-nie-wejdzie-do-strefy-euro-w-ciagu-kilkunastu-lat\/#breadcrumb"},"inLanguage":"pl-PL","potentialAction":[{"@type":"ReadAction","target":["https:\/\/super-news.info\/pl\/gowin-polska-nie-wejdzie-do-strefy-euro-w-ciagu-kilkunastu-lat\/"]}]},{"@type":"ImageObject","inLanguage":"pl-PL","@id":"https:\/\/super-news.info\/pl\/gowin-polska-nie-wejdzie-do-strefy-euro-w-ciagu-kilkunastu-lat\/#primaryimage","url":"https:\/\/super-news.info\/pl\/wp-content\/uploads\/sites\/6\/2019\/09\/Gowin-Polska-nie-wejdzie-do-strefy-euro-w-ci-gu-kilkunastu.jpg","contentUrl":"https:\/\/super-news.info\/pl\/wp-content\/uploads\/sites\/6\/2019\/09\/Gowin-Polska-nie-wejdzie-do-strefy-euro-w-ci-gu-kilkunastu.jpg","width":645,"height":387,"caption":"Gowin: Polska nie wejdzie do strefy euro w ci\u0105gu kilkunastu lat"},{"@type":"BreadcrumbList","@id":"https:\/\/super-news.info\/pl\/gowin-polska-nie-wejdzie-do-strefy-euro-w-ciagu-kilkunastu-lat\/#breadcrumb","itemListElement":[{"@type":"ListItem","position":1,"name":"\u0413\u043b\u0430\u0432\u043d\u0430\u044f \u0441\u0442\u0440\u0430\u043d\u0438\u0446\u0430","item":"https:\/\/super-news.info\/pl\/"},{"@type":"ListItem","position":2,"name":"Gowin: Polska nie wejdzie do strefy euro w ci\u0105gu kilkunastu lat"}]},{"@type":"WebSite","@id":"https:\/\/super-news.info\/pl\/#website","url":"https:\/\/super-news.info\/pl\/","name":"Super News","description":"Super News Polska","potentialAction":[{"@type":"SearchAction","target":{"@type":"EntryPoint","urlTemplate":"https:\/\/super-news.info\/pl\/?s={search_term_string}"},"query-input":{"@type":"PropertyValueSpecification","valueRequired":true,"valueName":"search_term_string"}}],"inLanguage":"pl-PL"},{"@type":"Person","@id":"https:\/\/super-news.info\/pl\/#\/schema\/person\/2d4068cb2f39cd10008c2fce578a7356","name":"super-news","image":{"@type":"ImageObject","inLanguage":"pl-PL","@id":"https:\/\/secure.gravatar.com\/avatar\/64ebac40b93f26a154f8a9b5b6fdccfc46f442b26b3dd6756dbff3bf9dc76fd7?s=96&d=mm&r=g","url":"https:\/\/secure.gravatar.com\/avatar\/64ebac40b93f26a154f8a9b5b6fdccfc46f442b26b3dd6756dbff3bf9dc76fd7?s=96&d=mm&r=g","contentUrl":"https:\/\/secure.gravatar.com\/avatar\/64ebac40b93f26a154f8a9b5b6fdccfc46f442b26b3dd6756dbff3bf9dc76fd7?s=96&d=mm&r=g","caption":"super-news"},"url":"https:\/\/super-news.info\/pl\/author\/pt\/"}]}},"_links":{"self":[{"href":"https:\/\/super-news.info\/pl\/wp-json\/wp\/v2\/posts\/1873","targetHints":{"allow":["GET"]}}],"collection":[{"href":"https:\/\/super-news.info\/pl\/wp-json\/wp\/v2\/posts"}],"about":[{"href":"https:\/\/super-news.info\/pl\/wp-json\/wp\/v2\/types\/post"}],"author":[{"embeddable":true,"href":"https:\/\/super-news.info\/pl\/wp-json\/wp\/v2\/users\/2"}],"replies":[{"embeddable":true,"href":"https:\/\/super-news.info\/pl\/wp-json\/wp\/v2\/comments?post=1873"}],"version-history":[{"count":1,"href":"https:\/\/super-news.info\/pl\/wp-json\/wp\/v2\/posts\/1873\/revisions"}],"predecessor-version":[{"id":1875,"href":"https:\/\/super-news.info\/pl\/wp-json\/wp\/v2\/posts\/1873\/revisions\/1875"}],"wp:featuredmedia":[{"embeddable":true,"href":"https:\/\/super-news.info\/pl\/wp-json\/wp\/v2\/media\/1874"}],"wp:attachment":[{"href":"https:\/\/super-news.info\/pl\/wp-json\/wp\/v2\/media?parent=1873"}],"wp:term":[{"taxonomy":"category","embeddable":true,"href":"https:\/\/super-news.info\/pl\/wp-json\/wp\/v2\/categories?post=1873"},{"taxonomy":"post_tag","embeddable":true,"href":"https:\/\/super-news.info\/pl\/wp-json\/wp\/v2\/tags?post=1873"}],"curies":[{"name":"wp","href":"https:\/\/api.w.org\/{rel}","templated":true}]}}