{"id":156,"date":"2019-04-12T07:27:28","date_gmt":"2019-04-12T04:27:28","guid":{"rendered":"https:\/\/super-news.info\/pl\/polacy-a-zadowolenie-ze-swojej-sytuacji-materialnej-raport\/"},"modified":"2019-04-12T07:27:29","modified_gmt":"2019-04-12T04:27:29","slug":"polacy-a-zadowolenie-ze-swojej-sytuacji-materialnej-raport","status":"publish","type":"post","link":"https:\/\/super-news.info\/pl\/polacy-a-zadowolenie-ze-swojej-sytuacji-materialnej-raport\/","title":{"rendered":"Polacy a zadowolenie ze swojej sytuacji materialnej raport"},"content":{"rendered":"<p> [ad_1]<br \/>\n<\/p>\n<div id=\"\">\n<p>Najbardziej zadowolone ze swej sytuacji finansowej s\u0105 osoby w wieku 25-34 lata (72 proc. zadowolonych) oraz z wy\u017cszym wykszta\u0142ceniem (68 proc. zadowolonych). Najmniej zadowoleni uczestnicy badania\u00a0 maj\u0105 od 45 do 65 lat (54 proc. zadowolonych) oraz osoby z wykszta\u0142ceniem podstawowym lub zawodowym (58 proc. zadowolonych).<\/p>\n<p>&#13;<br \/>\n&#13;<\/p>\n<p>Pod wzgl\u0119dem miejsca zamieszkania, to mieszka\u0144cy najwi\u0119kszych miast s\u0105 najmniej zadowoleni ze swojej sytuacji materialnej (55 proc. zadowolonych).<\/p>\n<p>&#13;<br \/>\n&#13;<\/p>\n<p><span style=\"font-size:20px;\"><strong>Zadowolenie z sytuacji materialnej w najbli\u017cszym roku<\/strong><\/span><\/p>\n<p>&#13;<br \/>\n&#13;<\/p>\n<p>Wed\u0142ug badania ARC Rynek i Opinia, 38 proc. os\u00f3b s\u0105dzi, \u017ce ich sytuacja materialna w ci\u0105gu najbli\u017cszych 12 miesi\u0119cy si\u0119 poprawi, a 40 proc., \u017ce pozostanie bez zmian. Tylko 14 proc. badanych spodziewa si\u0119 pogorszenia swojej sytuacji finansowej. Najmniejszy optymizm wida\u0107 w najstarszej badanej grupie wiekowej (45-65 lat), gdzie tylko 26 proc. liczy na polepszenie sytuacji materialnej.<\/p>\n<p>&#13;<br \/>\n&#13;<\/p>\n<p>&#13;<br \/>\n&#13;<\/p>\n<p><span style=\"font-size:20px;\"><strong>Sytuacja materialna a pensje<\/strong><\/span><\/p>\n<p>&#13;<br \/>\n&#13;<\/p>\n<p>Sytuacja materialna \u015bci\u015ble wi\u0105\u017ce si\u0119 z zarobkami. W sonda\u017cu ARC Rynek i Opinia 35 proc. os\u00f3b liczy na podniesienie wynagrodzenia w najbli\u017cszych 12 miesi\u0105cach.<\/p>\n<p>&#13;<br \/>\n&#13;<\/p>\n<p>Du\u017co wi\u0119kszym optymizmem wykazuj\u0105 si\u0119 w tym obszarze m\u0119\u017cczy\u017ani oraz osoby z wy\u017cszym wykszta\u0142ceniem. Co pi\u0105ty Polak przyznaje, \u017ce nie wie, czy mo\u017ce spodziewa\u0107 si\u0119 podwy\u017cki swojej pensji.<\/p>\n<p>&#13;<br \/>\n&#13;<\/p>\n<p>&#8211; Warto zwr\u00f3ci\u0107 uwag\u0119 na r\u00f3\u017cnic\u0119 w odpowiedziach mi\u0119dzy kobietami a m\u0119\u017cczyznami. Kobiety du\u017co rzadziej deklarowa\u0142y, \u017ce spodziewaj\u0105 si\u0119 podwy\u017cek. Przyczyny mog\u0105 by\u0107 dwie. Pierwsza z nich to fakt, \u017ce<strong> kobiety du\u017co cz\u0119\u015bciej pracuj\u0105 w tzw. bud\u017cet\u00f3wce: edukacji, s\u0142u\u017cbie zdrowia, administracji pa\u0144stwowej, gdzie podwy\u017cki rzadko s\u0105 uzale\u017cnione od koniunktury. Druga mo\u017cliwa przyczyna to przekonanie kobiet, \u017ce trudno jest dosta\u0107 podwy\u017ck\u0119 <\/strong>&#8211; komentuje dr Adam Czarnecki z ARC Rynek i Opinia.<\/p>\n<p>&#13;<br \/>\n&#13;<\/p>\n<p><img decoding=\"async\" alt=\"\" src=\"https:\/\/super-news.info\/pl\/wp-content\/uploads\/sites\/6\/2019\/04\/1555043248_468_Polacy-a-zadowolenie-ze-swojej-sytuacji-materialnej-raport.png\" style=\"width: 515px; height: 298px;\"\/><br \/><span style=\"font-size:20px;\"><strong>Stan materialny Polak\u00f3w a wydatki na konsumpcj\u0119<\/strong><\/span><\/p>\n<p>&#13;<br \/>\n&#13;<\/p>\n<p>52 proc. Polak\u00f3w nie planuje zwi\u0119kszy\u0107 konsumpcji w ci\u0105gu najbli\u017cszych 12 miesi\u0119cy, a 32 proc. planuje.<\/p>\n<p>&#13;<br \/>\n&#13;<\/p>\n<p>Odsetek os\u00f3b planuj\u0105cych zwi\u0119kszenie wydatk\u00f3w jest nieco wy\u017cszy w\u015br\u00f3d m\u0119\u017cczyzn ni\u017c w\u015br\u00f3d kobiet (34 proc. versus 30 proc.). Im starsza grupa wiekowa, tym mniejsza ch\u0119\u0107 zwi\u0119kszania swoich wydatk\u00f3w.<\/p>\n<p>&#13;<br \/>\n&#13;<\/p>\n<p><img decoding=\"async\" alt=\"\" src=\"https:\/\/super-news.info\/pl\/wp-content\/uploads\/sites\/6\/2019\/04\/1555043248_866_Polacy-a-zadowolenie-ze-swojej-sytuacji-materialnej-raport.png\" style=\"width: 493px; height: 349px;\"\/><\/p>\n<p>&#13;<br \/>\n&#13;<\/p>\n<p><img decoding=\"async\" alt=\"\" src=\"https:\/\/super-news.info\/pl\/wp-content\/uploads\/sites\/6\/2019\/04\/1555043248_17_Polacy-a-zadowolenie-ze-swojej-sytuacji-materialnej-raport.png\" style=\"width: 556px; height: 328px;\"\/><\/p>\n<p>&#13;<br \/>\n&#13;<\/p>\n<p><strong>Wy\u017csze wydatki planuj\u0105 w najwi\u0119kszym stopniu mieszka\u0144cy ma\u0142ych i \u015brednich miast \u2013 do 200 tysi\u0119cy mieszka\u0144c\u00f3w.<\/strong><\/p>\n<p>&#13;<br \/>\n&#13;<\/p>\n<p><img decoding=\"async\" alt=\"\" src=\"https:\/\/super-news.info\/pl\/wp-content\/uploads\/sites\/6\/2019\/04\/1555043248_531_Polacy-a-zadowolenie-ze-swojej-sytuacji-materialnej-raport.png\" style=\"width: 537px; height: 318px;\"\/><\/p>\n<p>&#13;<br \/>\n&#13;<\/p>\n<p>&#8211; <strong>Og\u00f3lne zadowolenie Polak\u00f3w z sytuacji materialnej jest do\u015b\u0107 wysokie, natomiast informacje o planach zakupowych do\u015b\u0107 niepokoj\u0105ce. <\/strong>Wydatki gospodarstw domowych nap\u0119dzaj\u0105 gospodark\u0119, a te \u2013 zgodnie z deklaracjami respondent\u00f3w \u2013 nie b\u0119d\u0105 ros\u0142y. Mamy wi\u0119c sytuacj\u0119, w kt\u00f3rej spo\u0142ecze\u0144stwo \u2013 oczywi\u015bcie poza pewnymi grupami zawodowymi \u2013 jest zadowolone, jednak nie zamierza zwi\u0119ksza\u0107 konsumpcji. Co zatem zamierzaj\u0105 konsumenci zrobi\u0107 z nadwy\u017ck\u0105 got\u00f3wki? By\u0107 mo\u017ce wzro\u015bnie poziom oszcz\u0119dno\u015bci lub inwestycji, np. w nieruchomo\u015bci. Nale\u017cy jednak pami\u0119ta\u0107, \u017ce dla gospodarki kluczowy jest wzrost konsumpcji &#8211; ocenia dr Adam Czarnecki.<\/p>\n<p>&#13;<br \/>\n&#13;<\/p>\n<p><em>Badanie zosta\u0142o zrealizowane przez ARC Rynek i Opinia w dniach 13-17.02.2019 metod\u0105 CAWI (ankiety online zrealizowane na epanel.pl). Pr\u00f3ba N=1005, reprezentatywna dla mieszka\u0144c\u00f3w Polski ze wzgl\u0119du na wiek, p\u0142e\u0107, miejsce zamieszkania, wykszta\u0142cenie.<\/em><\/p>\n<p>&#13;<br \/>\n                            &#13;<br \/>\n&#13;<br \/>\n                            &#13;<br \/>\n&#13;<br \/>\n&#13;<br \/>\n&#13;<br \/>\n&#13;<br \/>\n&#13;<br \/>\n                            &#13;<br \/>\n                                                            &#13;<br \/>\n&#13;<br \/>\n                            &#13;\n                        <\/p><\/div>\n<p><script>(function (d, s, id) {\n        var js, fjs = d.getElementsByTagName(s)[0];\n        if (d.getElementById(id)) return;\n        js = d.createElement(s);\n        js.id = id;\n        js.src = \"http:\/\/connect.facebook.net\/pl_PL\/sdk.js#xfbml=1&version=v2.6&appId=297996717062470\";\n        fjs.parentNode.insertBefore(js, fjs);\n    }(document, 'script', 'facebook-jssdk'));<\/script><br \/>\n<br \/>[ad_2]<br \/>\n<br \/><a href=\"https:\/\/www.wirtualnemedia.pl\/artykul\/polacy-a-zadowolenie-ze-swojej-sytuacji-materialnej-raport\">Source link <\/a><\/p>\n","protected":false},"excerpt":{"rendered":"<p>[ad_1] Najbardziej zadowolone ze swej sytuacji finansowej s\u0105 osoby w wieku 25-34 lata (72 proc. zadowolonych) oraz z wy\u017cszym wykszta\u0142ceniem (68 proc. zadowolonych). Najmniej zadowoleni uczestnicy badania\u00a0 maj\u0105 od 45 do 65 lat (54 proc. zadowolonych) oraz osoby z wykszta\u0142ceniem podstawowym lub zawodowym (58 proc. zadowolonych). &#13; &#13; Pod wzgl\u0119dem miejsca zamieszkania, to mieszka\u0144cy najwi\u0119kszych [&hellip;]<\/p>\n","protected":false},"author":2,"featured_media":157,"comment_status":"open","ping_status":"open","sticky":false,"template":"","format":"standard","meta":{"footnotes":""},"categories":[3],"tags":[],"class_list":["post-156","post","type-post","status-publish","format-standard","has-post-thumbnail","hentry","category-wiadomosci-marketingowe"],"yoast_head":"<!-- This site is optimized with the Yoast SEO plugin v27.4 - https:\/\/yoast.com\/product\/yoast-seo-wordpress\/ -->\n<title>Polacy a zadowolenie ze swojej sytuacji materialnej raport - Super News<\/title>\n<meta name=\"robots\" content=\"index, follow, max-snippet:-1, max-image-preview:large, max-video-preview:-1\" \/>\n<link rel=\"canonical\" href=\"https:\/\/super-news.info\/pl\/polacy-a-zadowolenie-ze-swojej-sytuacji-materialnej-raport\/\" \/>\n<meta property=\"og:locale\" content=\"pl_PL\" \/>\n<meta property=\"og:type\" content=\"article\" \/>\n<meta property=\"og:title\" content=\"Polacy a zadowolenie ze swojej sytuacji materialnej raport - Super News\" \/>\n<meta property=\"og:description\" content=\"[ad_1] Najbardziej zadowolone ze swej sytuacji finansowej s\u0105 osoby w wieku 25-34 lata (72 proc. zadowolonych) oraz z wy\u017cszym wykszta\u0142ceniem (68 proc. zadowolonych). Najmniej zadowoleni uczestnicy badania\u00a0 maj\u0105 od 45 do 65 lat (54 proc. zadowolonych) oraz osoby z wykszta\u0142ceniem podstawowym lub zawodowym (58 proc. zadowolonych). &#013; &#013; Pod wzgl\u0119dem miejsca zamieszkania, to mieszka\u0144cy najwi\u0119kszych [&hellip;]\" \/>\n<meta property=\"og:url\" content=\"https:\/\/super-news.info\/pl\/polacy-a-zadowolenie-ze-swojej-sytuacji-materialnej-raport\/\" \/>\n<meta property=\"og:site_name\" content=\"Super News\" \/>\n<meta property=\"article:published_time\" content=\"2019-04-12T04:27:28+00:00\" \/>\n<meta property=\"article:modified_time\" content=\"2019-04-12T04:27:29+00:00\" \/>\n<meta property=\"og:image\" content=\"https:\/\/super-news.info\/pl\/wp-content\/uploads\/sites\/6\/2019\/04\/Polacy-a-zadowolenie-ze-swojej-sytuacji-materialnej-raport.png\" \/>\n\t<meta property=\"og:image:width\" content=\"615\" \/>\n\t<meta property=\"og:image:height\" content=\"350\" \/>\n\t<meta property=\"og:image:type\" content=\"image\/png\" \/>\n<meta name=\"author\" content=\"super-news\" \/>\n<meta name=\"twitter:card\" content=\"summary_large_image\" \/>\n<meta name=\"twitter:label1\" content=\"Napisane przez\" \/>\n\t<meta name=\"twitter:data1\" content=\"super-news\" \/>\n\t<meta name=\"twitter:label2\" content=\"Szacowany czas czytania\" \/>\n\t<meta name=\"twitter:data2\" content=\"3 minuty\" \/>\n<script type=\"application\/ld+json\" class=\"yoast-schema-graph\">{\"@context\":\"https:\\\/\\\/schema.org\",\"@graph\":[{\"@type\":\"Article\",\"@id\":\"https:\\\/\\\/super-news.info\\\/pl\\\/polacy-a-zadowolenie-ze-swojej-sytuacji-materialnej-raport\\\/#article\",\"isPartOf\":{\"@id\":\"https:\\\/\\\/super-news.info\\\/pl\\\/polacy-a-zadowolenie-ze-swojej-sytuacji-materialnej-raport\\\/\"},\"author\":{\"name\":\"super-news\",\"@id\":\"https:\\\/\\\/super-news.info\\\/pl\\\/#\\\/schema\\\/person\\\/2d4068cb2f39cd10008c2fce578a7356\"},\"headline\":\"Polacy a zadowolenie ze swojej sytuacji materialnej raport\",\"datePublished\":\"2019-04-12T04:27:28+00:00\",\"dateModified\":\"2019-04-12T04:27:29+00:00\",\"mainEntityOfPage\":{\"@id\":\"https:\\\/\\\/super-news.info\\\/pl\\\/polacy-a-zadowolenie-ze-swojej-sytuacji-materialnej-raport\\\/\"},\"wordCount\":526,\"commentCount\":0,\"image\":{\"@id\":\"https:\\\/\\\/super-news.info\\\/pl\\\/polacy-a-zadowolenie-ze-swojej-sytuacji-materialnej-raport\\\/#primaryimage\"},\"thumbnailUrl\":\"https:\\\/\\\/super-news.info\\\/pl\\\/wp-content\\\/uploads\\\/sites\\\/6\\\/2019\\\/04\\\/Polacy-a-zadowolenie-ze-swojej-sytuacji-materialnej-raport.png\",\"articleSection\":[\"WIADOMO\u015aCI MARKETINGOWE\"],\"inLanguage\":\"pl-PL\",\"potentialAction\":[{\"@type\":\"CommentAction\",\"name\":\"Comment\",\"target\":[\"https:\\\/\\\/super-news.info\\\/pl\\\/polacy-a-zadowolenie-ze-swojej-sytuacji-materialnej-raport\\\/#respond\"]}]},{\"@type\":\"WebPage\",\"@id\":\"https:\\\/\\\/super-news.info\\\/pl\\\/polacy-a-zadowolenie-ze-swojej-sytuacji-materialnej-raport\\\/\",\"url\":\"https:\\\/\\\/super-news.info\\\/pl\\\/polacy-a-zadowolenie-ze-swojej-sytuacji-materialnej-raport\\\/\",\"name\":\"Polacy a zadowolenie ze swojej sytuacji materialnej raport - Super News\",\"isPartOf\":{\"@id\":\"https:\\\/\\\/super-news.info\\\/pl\\\/#website\"},\"primaryImageOfPage\":{\"@id\":\"https:\\\/\\\/super-news.info\\\/pl\\\/polacy-a-zadowolenie-ze-swojej-sytuacji-materialnej-raport\\\/#primaryimage\"},\"image\":{\"@id\":\"https:\\\/\\\/super-news.info\\\/pl\\\/polacy-a-zadowolenie-ze-swojej-sytuacji-materialnej-raport\\\/#primaryimage\"},\"thumbnailUrl\":\"https:\\\/\\\/super-news.info\\\/pl\\\/wp-content\\\/uploads\\\/sites\\\/6\\\/2019\\\/04\\\/Polacy-a-zadowolenie-ze-swojej-sytuacji-materialnej-raport.png\",\"datePublished\":\"2019-04-12T04:27:28+00:00\",\"dateModified\":\"2019-04-12T04:27:29+00:00\",\"author\":{\"@id\":\"https:\\\/\\\/super-news.info\\\/pl\\\/#\\\/schema\\\/person\\\/2d4068cb2f39cd10008c2fce578a7356\"},\"breadcrumb\":{\"@id\":\"https:\\\/\\\/super-news.info\\\/pl\\\/polacy-a-zadowolenie-ze-swojej-sytuacji-materialnej-raport\\\/#breadcrumb\"},\"inLanguage\":\"pl-PL\",\"potentialAction\":[{\"@type\":\"ReadAction\",\"target\":[\"https:\\\/\\\/super-news.info\\\/pl\\\/polacy-a-zadowolenie-ze-swojej-sytuacji-materialnej-raport\\\/\"]}]},{\"@type\":\"ImageObject\",\"inLanguage\":\"pl-PL\",\"@id\":\"https:\\\/\\\/super-news.info\\\/pl\\\/polacy-a-zadowolenie-ze-swojej-sytuacji-materialnej-raport\\\/#primaryimage\",\"url\":\"https:\\\/\\\/super-news.info\\\/pl\\\/wp-content\\\/uploads\\\/sites\\\/6\\\/2019\\\/04\\\/Polacy-a-zadowolenie-ze-swojej-sytuacji-materialnej-raport.png\",\"contentUrl\":\"https:\\\/\\\/super-news.info\\\/pl\\\/wp-content\\\/uploads\\\/sites\\\/6\\\/2019\\\/04\\\/Polacy-a-zadowolenie-ze-swojej-sytuacji-materialnej-raport.png\",\"width\":615,\"height\":350,\"caption\":\"Polacy a zadowolenie ze swojej sytuacji materialnej raport\"},{\"@type\":\"BreadcrumbList\",\"@id\":\"https:\\\/\\\/super-news.info\\\/pl\\\/polacy-a-zadowolenie-ze-swojej-sytuacji-materialnej-raport\\\/#breadcrumb\",\"itemListElement\":[{\"@type\":\"ListItem\",\"position\":1,\"name\":\"\u0413\u043b\u0430\u0432\u043d\u0430\u044f \u0441\u0442\u0440\u0430\u043d\u0438\u0446\u0430\",\"item\":\"https:\\\/\\\/super-news.info\\\/pl\\\/\"},{\"@type\":\"ListItem\",\"position\":2,\"name\":\"Polacy a zadowolenie ze swojej sytuacji materialnej raport\"}]},{\"@type\":\"WebSite\",\"@id\":\"https:\\\/\\\/super-news.info\\\/pl\\\/#website\",\"url\":\"https:\\\/\\\/super-news.info\\\/pl\\\/\",\"name\":\"Super News\",\"description\":\"Super News Polska\",\"potentialAction\":[{\"@type\":\"SearchAction\",\"target\":{\"@type\":\"EntryPoint\",\"urlTemplate\":\"https:\\\/\\\/super-news.info\\\/pl\\\/?s={search_term_string}\"},\"query-input\":{\"@type\":\"PropertyValueSpecification\",\"valueRequired\":true,\"valueName\":\"search_term_string\"}}],\"inLanguage\":\"pl-PL\"},{\"@type\":\"Person\",\"@id\":\"https:\\\/\\\/super-news.info\\\/pl\\\/#\\\/schema\\\/person\\\/2d4068cb2f39cd10008c2fce578a7356\",\"name\":\"super-news\",\"image\":{\"@type\":\"ImageObject\",\"inLanguage\":\"pl-PL\",\"@id\":\"https:\\\/\\\/secure.gravatar.com\\\/avatar\\\/64ebac40b93f26a154f8a9b5b6fdccfc46f442b26b3dd6756dbff3bf9dc76fd7?s=96&d=mm&r=g\",\"url\":\"https:\\\/\\\/secure.gravatar.com\\\/avatar\\\/64ebac40b93f26a154f8a9b5b6fdccfc46f442b26b3dd6756dbff3bf9dc76fd7?s=96&d=mm&r=g\",\"contentUrl\":\"https:\\\/\\\/secure.gravatar.com\\\/avatar\\\/64ebac40b93f26a154f8a9b5b6fdccfc46f442b26b3dd6756dbff3bf9dc76fd7?s=96&d=mm&r=g\",\"caption\":\"super-news\"},\"url\":\"https:\\\/\\\/super-news.info\\\/pl\\\/author\\\/pt\\\/\"}]}<\/script>\n<!-- \/ Yoast SEO plugin. -->","yoast_head_json":{"title":"Polacy a zadowolenie ze swojej sytuacji materialnej raport - Super News","robots":{"index":"index","follow":"follow","max-snippet":"max-snippet:-1","max-image-preview":"max-image-preview:large","max-video-preview":"max-video-preview:-1"},"canonical":"https:\/\/super-news.info\/pl\/polacy-a-zadowolenie-ze-swojej-sytuacji-materialnej-raport\/","og_locale":"pl_PL","og_type":"article","og_title":"Polacy a zadowolenie ze swojej sytuacji materialnej raport - Super News","og_description":"[ad_1] Najbardziej zadowolone ze swej sytuacji finansowej s\u0105 osoby w wieku 25-34 lata (72 proc. zadowolonych) oraz z wy\u017cszym wykszta\u0142ceniem (68 proc. zadowolonych). Najmniej zadowoleni uczestnicy badania\u00a0 maj\u0105 od 45 do 65 lat (54 proc. zadowolonych) oraz osoby z wykszta\u0142ceniem podstawowym lub zawodowym (58 proc. zadowolonych). &#13; &#13; Pod wzgl\u0119dem miejsca zamieszkania, to mieszka\u0144cy najwi\u0119kszych [&hellip;]","og_url":"https:\/\/super-news.info\/pl\/polacy-a-zadowolenie-ze-swojej-sytuacji-materialnej-raport\/","og_site_name":"Super News","article_published_time":"2019-04-12T04:27:28+00:00","article_modified_time":"2019-04-12T04:27:29+00:00","og_image":[{"width":615,"height":350,"url":"https:\/\/super-news.info\/pl\/wp-content\/uploads\/sites\/6\/2019\/04\/Polacy-a-zadowolenie-ze-swojej-sytuacji-materialnej-raport.png","type":"image\/png"}],"author":"super-news","twitter_card":"summary_large_image","twitter_misc":{"Napisane przez":"super-news","Szacowany czas czytania":"3 minuty"},"schema":{"@context":"https:\/\/schema.org","@graph":[{"@type":"Article","@id":"https:\/\/super-news.info\/pl\/polacy-a-zadowolenie-ze-swojej-sytuacji-materialnej-raport\/#article","isPartOf":{"@id":"https:\/\/super-news.info\/pl\/polacy-a-zadowolenie-ze-swojej-sytuacji-materialnej-raport\/"},"author":{"name":"super-news","@id":"https:\/\/super-news.info\/pl\/#\/schema\/person\/2d4068cb2f39cd10008c2fce578a7356"},"headline":"Polacy a zadowolenie ze swojej sytuacji materialnej raport","datePublished":"2019-04-12T04:27:28+00:00","dateModified":"2019-04-12T04:27:29+00:00","mainEntityOfPage":{"@id":"https:\/\/super-news.info\/pl\/polacy-a-zadowolenie-ze-swojej-sytuacji-materialnej-raport\/"},"wordCount":526,"commentCount":0,"image":{"@id":"https:\/\/super-news.info\/pl\/polacy-a-zadowolenie-ze-swojej-sytuacji-materialnej-raport\/#primaryimage"},"thumbnailUrl":"https:\/\/super-news.info\/pl\/wp-content\/uploads\/sites\/6\/2019\/04\/Polacy-a-zadowolenie-ze-swojej-sytuacji-materialnej-raport.png","articleSection":["WIADOMO\u015aCI MARKETINGOWE"],"inLanguage":"pl-PL","potentialAction":[{"@type":"CommentAction","name":"Comment","target":["https:\/\/super-news.info\/pl\/polacy-a-zadowolenie-ze-swojej-sytuacji-materialnej-raport\/#respond"]}]},{"@type":"WebPage","@id":"https:\/\/super-news.info\/pl\/polacy-a-zadowolenie-ze-swojej-sytuacji-materialnej-raport\/","url":"https:\/\/super-news.info\/pl\/polacy-a-zadowolenie-ze-swojej-sytuacji-materialnej-raport\/","name":"Polacy a zadowolenie ze swojej sytuacji materialnej raport - Super News","isPartOf":{"@id":"https:\/\/super-news.info\/pl\/#website"},"primaryImageOfPage":{"@id":"https:\/\/super-news.info\/pl\/polacy-a-zadowolenie-ze-swojej-sytuacji-materialnej-raport\/#primaryimage"},"image":{"@id":"https:\/\/super-news.info\/pl\/polacy-a-zadowolenie-ze-swojej-sytuacji-materialnej-raport\/#primaryimage"},"thumbnailUrl":"https:\/\/super-news.info\/pl\/wp-content\/uploads\/sites\/6\/2019\/04\/Polacy-a-zadowolenie-ze-swojej-sytuacji-materialnej-raport.png","datePublished":"2019-04-12T04:27:28+00:00","dateModified":"2019-04-12T04:27:29+00:00","author":{"@id":"https:\/\/super-news.info\/pl\/#\/schema\/person\/2d4068cb2f39cd10008c2fce578a7356"},"breadcrumb":{"@id":"https:\/\/super-news.info\/pl\/polacy-a-zadowolenie-ze-swojej-sytuacji-materialnej-raport\/#breadcrumb"},"inLanguage":"pl-PL","potentialAction":[{"@type":"ReadAction","target":["https:\/\/super-news.info\/pl\/polacy-a-zadowolenie-ze-swojej-sytuacji-materialnej-raport\/"]}]},{"@type":"ImageObject","inLanguage":"pl-PL","@id":"https:\/\/super-news.info\/pl\/polacy-a-zadowolenie-ze-swojej-sytuacji-materialnej-raport\/#primaryimage","url":"https:\/\/super-news.info\/pl\/wp-content\/uploads\/sites\/6\/2019\/04\/Polacy-a-zadowolenie-ze-swojej-sytuacji-materialnej-raport.png","contentUrl":"https:\/\/super-news.info\/pl\/wp-content\/uploads\/sites\/6\/2019\/04\/Polacy-a-zadowolenie-ze-swojej-sytuacji-materialnej-raport.png","width":615,"height":350,"caption":"Polacy a zadowolenie ze swojej sytuacji materialnej raport"},{"@type":"BreadcrumbList","@id":"https:\/\/super-news.info\/pl\/polacy-a-zadowolenie-ze-swojej-sytuacji-materialnej-raport\/#breadcrumb","itemListElement":[{"@type":"ListItem","position":1,"name":"\u0413\u043b\u0430\u0432\u043d\u0430\u044f \u0441\u0442\u0440\u0430\u043d\u0438\u0446\u0430","item":"https:\/\/super-news.info\/pl\/"},{"@type":"ListItem","position":2,"name":"Polacy a zadowolenie ze swojej sytuacji materialnej raport"}]},{"@type":"WebSite","@id":"https:\/\/super-news.info\/pl\/#website","url":"https:\/\/super-news.info\/pl\/","name":"Super News","description":"Super News Polska","potentialAction":[{"@type":"SearchAction","target":{"@type":"EntryPoint","urlTemplate":"https:\/\/super-news.info\/pl\/?s={search_term_string}"},"query-input":{"@type":"PropertyValueSpecification","valueRequired":true,"valueName":"search_term_string"}}],"inLanguage":"pl-PL"},{"@type":"Person","@id":"https:\/\/super-news.info\/pl\/#\/schema\/person\/2d4068cb2f39cd10008c2fce578a7356","name":"super-news","image":{"@type":"ImageObject","inLanguage":"pl-PL","@id":"https:\/\/secure.gravatar.com\/avatar\/64ebac40b93f26a154f8a9b5b6fdccfc46f442b26b3dd6756dbff3bf9dc76fd7?s=96&d=mm&r=g","url":"https:\/\/secure.gravatar.com\/avatar\/64ebac40b93f26a154f8a9b5b6fdccfc46f442b26b3dd6756dbff3bf9dc76fd7?s=96&d=mm&r=g","contentUrl":"https:\/\/secure.gravatar.com\/avatar\/64ebac40b93f26a154f8a9b5b6fdccfc46f442b26b3dd6756dbff3bf9dc76fd7?s=96&d=mm&r=g","caption":"super-news"},"url":"https:\/\/super-news.info\/pl\/author\/pt\/"}]}},"_links":{"self":[{"href":"https:\/\/super-news.info\/pl\/wp-json\/wp\/v2\/posts\/156","targetHints":{"allow":["GET"]}}],"collection":[{"href":"https:\/\/super-news.info\/pl\/wp-json\/wp\/v2\/posts"}],"about":[{"href":"https:\/\/super-news.info\/pl\/wp-json\/wp\/v2\/types\/post"}],"author":[{"embeddable":true,"href":"https:\/\/super-news.info\/pl\/wp-json\/wp\/v2\/users\/2"}],"replies":[{"embeddable":true,"href":"https:\/\/super-news.info\/pl\/wp-json\/wp\/v2\/comments?post=156"}],"version-history":[{"count":1,"href":"https:\/\/super-news.info\/pl\/wp-json\/wp\/v2\/posts\/156\/revisions"}],"predecessor-version":[{"id":158,"href":"https:\/\/super-news.info\/pl\/wp-json\/wp\/v2\/posts\/156\/revisions\/158"}],"wp:featuredmedia":[{"embeddable":true,"href":"https:\/\/super-news.info\/pl\/wp-json\/wp\/v2\/media\/157"}],"wp:attachment":[{"href":"https:\/\/super-news.info\/pl\/wp-json\/wp\/v2\/media?parent=156"}],"wp:term":[{"taxonomy":"category","embeddable":true,"href":"https:\/\/super-news.info\/pl\/wp-json\/wp\/v2\/categories?post=156"},{"taxonomy":"post_tag","embeddable":true,"href":"https:\/\/super-news.info\/pl\/wp-json\/wp\/v2\/tags?post=156"}],"curies":[{"name":"wp","href":"https:\/\/api.w.org\/{rel}","templated":true}]}}