{"id":146,"date":"2019-04-11T19:23:44","date_gmt":"2019-04-11T16:23:44","guid":{"rendered":"https:\/\/super-news.info\/pl\/co-piaty-konsument-chce-dawac-markom-swoje-pomysly-na-ich-rozwoj\/"},"modified":"2019-04-11T19:23:45","modified_gmt":"2019-04-11T16:23:45","slug":"co-piaty-konsument-chce-dawac-markom-swoje-pomysly-na-ich-rozwoj","status":"publish","type":"post","link":"https:\/\/super-news.info\/pl\/co-piaty-konsument-chce-dawac-markom-swoje-pomysly-na-ich-rozwoj\/","title":{"rendered":"Co pi\u0105ty konsument chce dawa\u0107 markom swoje pomys\u0142y na ich rozw\u00f3j"},"content":{"rendered":"<p> [ad_1]<br \/>\n<\/p>\n<div id=\"\">\n<p>Pytani o to, kto najlepiej reprezentuje mark\u0119 na zewn\u0105trz, konsumenci wskazuj\u0105 na klient\u00f3w i u\u017cytkownik\u00f3w danej marki. W tyle pozostawiaj\u0105 ekspert\u00f3w, influencer\u00f3w, czy pracownik\u00f3w danej firmy.<\/p>\n<p>&#13;<br \/>\n&#13;<\/p>\n<p>2<strong>2 proc. badanych chce stale wsp\u00f3\u0142pracowa\u0107 z mark\u0105 i dzieli\u0107 si\u0119 z ni\u0105 swoimi pomys\u0142ami na dalszy rozw\u00f3j.<\/strong> To mniej ni\u017c w poprzedniej fali badania (32 proc.). Szczeg\u00f3lnie widoczna jest ch\u0119\u0107 wspierania marek w m\u0142odszej grupie konsument\u00f3w (42 proc.)<\/p>\n<p>&#13;<br \/>\n&#13;<\/p>\n<p>65 proc. oczekiwa\u0142oby za wsparcie swoimi pomys\u0142ami jakiej\u015b formy wynagrodzenia. Przede wszystkim jest to wynagrodzenie pieni\u0119\u017cne, ale te\u017c nagrody rzeczowe, zni\u017cki na zakupy produkt\u00f3w tej marki. Cz\u0119\u015b\u0107 badanych chcia\u0142by natomiast, aby w zamian za jego zaanga\u017cowanie marka udziela\u0142a si\u0119 charytatywnie.<\/p>\n<p>&#13;<br \/>\n&#13;<\/p>\n<p>&#13;<br \/>\n&#13;<\/p>\n<p><span style=\"font-size:20px;\"><strong>Najpierw zapytaj o opini\u0119, potem kupuj<\/strong><\/span><\/p>\n<p>&#13;<br \/>\n&#13;<\/p>\n<p>Niemal czterech na dziesi\u0119ciu internaut\u00f3w zwraca uwag\u0119 na opinie o produkcie lub us\u0142udze, zanim zdecyduje si\u0119 na kupno. 51 proc dzieli si\u0119 opiniami., a aktywnie pyta o nie 56 proc. W jaki spos\u00f3b to robi\u0105? Najcz\u0119\u015bciej w rozmowie ze znajomymi, w mediach spo\u0142eczno\u015bciowych, na forach internetowych lub bezpo\u015brednio u sprzedawcy.<\/p>\n<p>&#13;<br \/>\n&#13;<\/p>\n<p><img decoding=\"async\" alt=\"\" src=\"https:\/\/super-news.info\/pl\/wp-content\/uploads\/sites\/6\/2019\/04\/1554999824_399_Co-piaty-konsument-chce-dawac-markom-swoje-pomysly-na-ich.png\" style=\"width: 655px; height: 491px;\"\/><\/p>\n<p>&#13;<br \/>\n&#13;<\/p>\n<p>Konsumenci w Polsce dziel\u0105 si\u0119 opiniami zar\u00f3wno negatywnymi, jak i pozytywnymi. <strong>Co czwarty ankietowany wskaza\u0142, \u017ce dzieli si\u0119 g\u0142ownie negatywnymi do\u015bwiadczeniami zakupowymi.<\/strong><\/p>\n<p>&#13;<br \/>\n&#13;<\/p>\n<p>Czemu wyra\u017camy swoje zdanie o produktach? G\u0142\u00f3wnie z ch\u0119ci pokazania, \u017ce jeste\u015bmy zadowoleni z zakupu, ale tak\u017ce, by nagrodzi\u0107 mark\u0119 za dobry produkt lub us\u0142ug\u0119, jak i promowa\u0107 na rynku dobre praktyki i wzorce jak traktowa\u0107 konsument\u00f3w. Z drugiej strony, bardzo du\u017cy odsetek opinii to wypadkowa nietrafionego zakupu. <strong>A\u017c 26 proc. os\u00f3b dzieli si\u0119 swoim zdaniem, by przestrzec innych.<\/strong><\/p>\n<p>&#13;<br \/>\n&#13;<\/p>\n<p><strong><img decoding=\"async\" alt=\"\" src=\"https:\/\/super-news.info\/pl\/wp-content\/uploads\/sites\/6\/2019\/04\/1554999824_732_Co-piaty-konsument-chce-dawac-markom-swoje-pomysly-na-ich.png\" style=\"width: 655px; height: 433px;\"\/><\/strong><\/p>\n<p>&#13;<br \/>\n&#13;<\/p>\n<p>G\u0142\u00f3wnie negatywne do\u015bwiadczenia opisuje w kontakcie ze znajomymi lub mark\u0105 odpowiednio 28 proc. i 25 proc. badanych, czyli podobny odsetek co w przypadku g\u0142\u00f3wnie pozytywnych opinii.<\/p>\n<p>&#13;<br \/>\n&#13;<\/p>\n<p><strong>Pozytywnymi opiniami podziel\u0105 si\u0119 cz\u0119\u015bciej mieszka\u0144cy du\u017cych miast, m\u0119\u017cczy\u017ani i konsumenci dojrzali &#8211; w wieku 25-44 lata.<\/strong><\/p>\n<p>&#13;<br \/>\n&#13;<\/p>\n<p><img decoding=\"async\" alt=\"\" src=\"https:\/\/super-news.info\/pl\/wp-content\/uploads\/sites\/6\/2019\/04\/1554999824_308_Co-piaty-konsument-chce-dawac-markom-swoje-pomysly-na-ich.png\" style=\"width: 655px; height: 423px;\"\/><\/p>\n<p>&#13;<br \/>\n&#13;<\/p>\n<p>\u00a0<\/p>\n<p>&#13;<br \/>\n&#13;<\/p>\n<p><em>Badanie \u201eCustomer Listening 2.0\u201d zosta\u0142o przeprowadzone we wrze\u015bniu 2018 roku na grupie 1144 internaut\u00f3w, metod\u0105 CAWI.<\/em><\/p>\n<p>&#13;<br \/>\n                            &#13;<br \/>\n&#13;<br \/>\n                            &#13;<br \/>\n&#13;<br \/>\n&#13;<br \/>\n&#13;<br \/>\n&#13;<br \/>\n&#13;<br \/>\n                            &#13;<br \/>\n                                                            &#13;<br \/>\n&#13;<br \/>\n                            &#13;\n                        <\/p><\/div>\n<p><script>(function (d, s, id) {\n        var js, fjs = d.getElementsByTagName(s)[0];\n        if (d.getElementById(id)) return;\n        js = d.createElement(s);\n        js.id = id;\n        js.src = \"http:\/\/connect.facebook.net\/pl_PL\/sdk.js#xfbml=1&version=v2.6&appId=297996717062470\";\n        fjs.parentNode.insertBefore(js, fjs);\n    }(document, 'script', 'facebook-jssdk'));<\/script><br \/>\n<br \/>[ad_2]<br \/>\n<br \/><a href=\"https:\/\/www.wirtualnemedia.pl\/artykul\/co-piaty-konsument-chce-dawac-markom-swoje-pomysly-na-ich-rozwoj\">Source link <\/a><\/p>\n","protected":false},"excerpt":{"rendered":"<p>[ad_1] Pytani o to, kto najlepiej reprezentuje mark\u0119 na zewn\u0105trz, konsumenci wskazuj\u0105 na klient\u00f3w i u\u017cytkownik\u00f3w danej marki. W tyle pozostawiaj\u0105 ekspert\u00f3w, influencer\u00f3w, czy pracownik\u00f3w danej firmy. &#13; &#13; 22 proc. badanych chce stale wsp\u00f3\u0142pracowa\u0107 z mark\u0105 i dzieli\u0107 si\u0119 z ni\u0105 swoimi pomys\u0142ami na dalszy rozw\u00f3j. To mniej ni\u017c w poprzedniej fali badania (32 [&hellip;]<\/p>\n","protected":false},"author":2,"featured_media":147,"comment_status":"open","ping_status":"open","sticky":false,"template":"","format":"standard","meta":{"footnotes":""},"categories":[3],"tags":[],"class_list":["post-146","post","type-post","status-publish","format-standard","has-post-thumbnail","hentry","category-wiadomosci-marketingowe"],"yoast_head":"<!-- This site is optimized with the Yoast SEO plugin v27.4 - https:\/\/yoast.com\/product\/yoast-seo-wordpress\/ -->\n<title>Co pi\u0105ty konsument chce dawa\u0107 markom swoje pomys\u0142y na ich rozw\u00f3j - Super News<\/title>\n<meta name=\"robots\" content=\"index, follow, max-snippet:-1, max-image-preview:large, max-video-preview:-1\" \/>\n<link rel=\"canonical\" href=\"https:\/\/super-news.info\/pl\/co-piaty-konsument-chce-dawac-markom-swoje-pomysly-na-ich-rozwoj\/\" \/>\n<meta property=\"og:locale\" content=\"pl_PL\" \/>\n<meta property=\"og:type\" content=\"article\" \/>\n<meta property=\"og:title\" content=\"Co pi\u0105ty konsument chce dawa\u0107 markom swoje pomys\u0142y na ich rozw\u00f3j - Super News\" \/>\n<meta property=\"og:description\" content=\"[ad_1] Pytani o to, kto najlepiej reprezentuje mark\u0119 na zewn\u0105trz, konsumenci wskazuj\u0105 na klient\u00f3w i u\u017cytkownik\u00f3w danej marki. W tyle pozostawiaj\u0105 ekspert\u00f3w, influencer\u00f3w, czy pracownik\u00f3w danej firmy. &#013; &#013; 22 proc. badanych chce stale wsp\u00f3\u0142pracowa\u0107 z mark\u0105 i dzieli\u0107 si\u0119 z ni\u0105 swoimi pomys\u0142ami na dalszy rozw\u00f3j. To mniej ni\u017c w poprzedniej fali badania (32 [&hellip;]\" \/>\n<meta property=\"og:url\" content=\"https:\/\/super-news.info\/pl\/co-piaty-konsument-chce-dawac-markom-swoje-pomysly-na-ich-rozwoj\/\" \/>\n<meta property=\"og:site_name\" content=\"Super News\" \/>\n<meta property=\"article:published_time\" content=\"2019-04-11T16:23:44+00:00\" \/>\n<meta property=\"article:modified_time\" content=\"2019-04-11T16:23:45+00:00\" \/>\n<meta property=\"og:image\" content=\"https:\/\/super-news.info\/pl\/wp-content\/uploads\/sites\/6\/2019\/04\/Co-pi\u0105ty-konsument-chce-dawa\u0107-markom-swoje-pomys\u0142y-na-ich.png\" \/>\n\t<meta property=\"og:image:width\" content=\"788\" \/>\n\t<meta property=\"og:image:height\" content=\"658\" \/>\n\t<meta property=\"og:image:type\" content=\"image\/png\" \/>\n<meta name=\"author\" content=\"super-news\" \/>\n<meta name=\"twitter:card\" content=\"summary_large_image\" \/>\n<meta name=\"twitter:label1\" content=\"Napisane przez\" \/>\n\t<meta name=\"twitter:data1\" content=\"super-news\" \/>\n\t<meta name=\"twitter:label2\" content=\"Szacowany czas czytania\" \/>\n\t<meta name=\"twitter:data2\" content=\"2 minuty\" \/>\n<script type=\"application\/ld+json\" class=\"yoast-schema-graph\">{\"@context\":\"https:\\\/\\\/schema.org\",\"@graph\":[{\"@type\":\"Article\",\"@id\":\"https:\\\/\\\/super-news.info\\\/pl\\\/co-piaty-konsument-chce-dawac-markom-swoje-pomysly-na-ich-rozwoj\\\/#article\",\"isPartOf\":{\"@id\":\"https:\\\/\\\/super-news.info\\\/pl\\\/co-piaty-konsument-chce-dawac-markom-swoje-pomysly-na-ich-rozwoj\\\/\"},\"author\":{\"name\":\"super-news\",\"@id\":\"https:\\\/\\\/super-news.info\\\/pl\\\/#\\\/schema\\\/person\\\/2d4068cb2f39cd10008c2fce578a7356\"},\"headline\":\"Co pi\u0105ty konsument chce dawa\u0107 markom swoje pomys\u0142y na ich rozw\u00f3j\",\"datePublished\":\"2019-04-11T16:23:44+00:00\",\"dateModified\":\"2019-04-11T16:23:45+00:00\",\"mainEntityOfPage\":{\"@id\":\"https:\\\/\\\/super-news.info\\\/pl\\\/co-piaty-konsument-chce-dawac-markom-swoje-pomysly-na-ich-rozwoj\\\/\"},\"wordCount\":359,\"commentCount\":0,\"image\":{\"@id\":\"https:\\\/\\\/super-news.info\\\/pl\\\/co-piaty-konsument-chce-dawac-markom-swoje-pomysly-na-ich-rozwoj\\\/#primaryimage\"},\"thumbnailUrl\":\"https:\\\/\\\/super-news.info\\\/pl\\\/wp-content\\\/uploads\\\/sites\\\/6\\\/2019\\\/04\\\/Co-pi\u0105ty-konsument-chce-dawa\u0107-markom-swoje-pomys\u0142y-na-ich.png\",\"articleSection\":[\"WIADOMO\u015aCI MARKETINGOWE\"],\"inLanguage\":\"pl-PL\",\"potentialAction\":[{\"@type\":\"CommentAction\",\"name\":\"Comment\",\"target\":[\"https:\\\/\\\/super-news.info\\\/pl\\\/co-piaty-konsument-chce-dawac-markom-swoje-pomysly-na-ich-rozwoj\\\/#respond\"]}]},{\"@type\":\"WebPage\",\"@id\":\"https:\\\/\\\/super-news.info\\\/pl\\\/co-piaty-konsument-chce-dawac-markom-swoje-pomysly-na-ich-rozwoj\\\/\",\"url\":\"https:\\\/\\\/super-news.info\\\/pl\\\/co-piaty-konsument-chce-dawac-markom-swoje-pomysly-na-ich-rozwoj\\\/\",\"name\":\"Co pi\u0105ty konsument chce dawa\u0107 markom swoje pomys\u0142y na ich rozw\u00f3j - Super News\",\"isPartOf\":{\"@id\":\"https:\\\/\\\/super-news.info\\\/pl\\\/#website\"},\"primaryImageOfPage\":{\"@id\":\"https:\\\/\\\/super-news.info\\\/pl\\\/co-piaty-konsument-chce-dawac-markom-swoje-pomysly-na-ich-rozwoj\\\/#primaryimage\"},\"image\":{\"@id\":\"https:\\\/\\\/super-news.info\\\/pl\\\/co-piaty-konsument-chce-dawac-markom-swoje-pomysly-na-ich-rozwoj\\\/#primaryimage\"},\"thumbnailUrl\":\"https:\\\/\\\/super-news.info\\\/pl\\\/wp-content\\\/uploads\\\/sites\\\/6\\\/2019\\\/04\\\/Co-pi\u0105ty-konsument-chce-dawa\u0107-markom-swoje-pomys\u0142y-na-ich.png\",\"datePublished\":\"2019-04-11T16:23:44+00:00\",\"dateModified\":\"2019-04-11T16:23:45+00:00\",\"author\":{\"@id\":\"https:\\\/\\\/super-news.info\\\/pl\\\/#\\\/schema\\\/person\\\/2d4068cb2f39cd10008c2fce578a7356\"},\"breadcrumb\":{\"@id\":\"https:\\\/\\\/super-news.info\\\/pl\\\/co-piaty-konsument-chce-dawac-markom-swoje-pomysly-na-ich-rozwoj\\\/#breadcrumb\"},\"inLanguage\":\"pl-PL\",\"potentialAction\":[{\"@type\":\"ReadAction\",\"target\":[\"https:\\\/\\\/super-news.info\\\/pl\\\/co-piaty-konsument-chce-dawac-markom-swoje-pomysly-na-ich-rozwoj\\\/\"]}]},{\"@type\":\"ImageObject\",\"inLanguage\":\"pl-PL\",\"@id\":\"https:\\\/\\\/super-news.info\\\/pl\\\/co-piaty-konsument-chce-dawac-markom-swoje-pomysly-na-ich-rozwoj\\\/#primaryimage\",\"url\":\"https:\\\/\\\/super-news.info\\\/pl\\\/wp-content\\\/uploads\\\/sites\\\/6\\\/2019\\\/04\\\/Co-pi\u0105ty-konsument-chce-dawa\u0107-markom-swoje-pomys\u0142y-na-ich.png\",\"contentUrl\":\"https:\\\/\\\/super-news.info\\\/pl\\\/wp-content\\\/uploads\\\/sites\\\/6\\\/2019\\\/04\\\/Co-pi\u0105ty-konsument-chce-dawa\u0107-markom-swoje-pomys\u0142y-na-ich.png\",\"width\":788,\"height\":658,\"caption\":\"Co pi\u0105ty konsument chce dawa\u0107 markom swoje pomys\u0142y na ich rozw\u00f3j\"},{\"@type\":\"BreadcrumbList\",\"@id\":\"https:\\\/\\\/super-news.info\\\/pl\\\/co-piaty-konsument-chce-dawac-markom-swoje-pomysly-na-ich-rozwoj\\\/#breadcrumb\",\"itemListElement\":[{\"@type\":\"ListItem\",\"position\":1,\"name\":\"\u0413\u043b\u0430\u0432\u043d\u0430\u044f \u0441\u0442\u0440\u0430\u043d\u0438\u0446\u0430\",\"item\":\"https:\\\/\\\/super-news.info\\\/pl\\\/\"},{\"@type\":\"ListItem\",\"position\":2,\"name\":\"Co pi\u0105ty konsument chce dawa\u0107 markom swoje pomys\u0142y na ich rozw\u00f3j\"}]},{\"@type\":\"WebSite\",\"@id\":\"https:\\\/\\\/super-news.info\\\/pl\\\/#website\",\"url\":\"https:\\\/\\\/super-news.info\\\/pl\\\/\",\"name\":\"Super News\",\"description\":\"Super News Polska\",\"potentialAction\":[{\"@type\":\"SearchAction\",\"target\":{\"@type\":\"EntryPoint\",\"urlTemplate\":\"https:\\\/\\\/super-news.info\\\/pl\\\/?s={search_term_string}\"},\"query-input\":{\"@type\":\"PropertyValueSpecification\",\"valueRequired\":true,\"valueName\":\"search_term_string\"}}],\"inLanguage\":\"pl-PL\"},{\"@type\":\"Person\",\"@id\":\"https:\\\/\\\/super-news.info\\\/pl\\\/#\\\/schema\\\/person\\\/2d4068cb2f39cd10008c2fce578a7356\",\"name\":\"super-news\",\"image\":{\"@type\":\"ImageObject\",\"inLanguage\":\"pl-PL\",\"@id\":\"https:\\\/\\\/secure.gravatar.com\\\/avatar\\\/64ebac40b93f26a154f8a9b5b6fdccfc46f442b26b3dd6756dbff3bf9dc76fd7?s=96&d=mm&r=g\",\"url\":\"https:\\\/\\\/secure.gravatar.com\\\/avatar\\\/64ebac40b93f26a154f8a9b5b6fdccfc46f442b26b3dd6756dbff3bf9dc76fd7?s=96&d=mm&r=g\",\"contentUrl\":\"https:\\\/\\\/secure.gravatar.com\\\/avatar\\\/64ebac40b93f26a154f8a9b5b6fdccfc46f442b26b3dd6756dbff3bf9dc76fd7?s=96&d=mm&r=g\",\"caption\":\"super-news\"},\"url\":\"https:\\\/\\\/super-news.info\\\/pl\\\/author\\\/pt\\\/\"}]}<\/script>\n<!-- \/ Yoast SEO plugin. -->","yoast_head_json":{"title":"Co pi\u0105ty konsument chce dawa\u0107 markom swoje pomys\u0142y na ich rozw\u00f3j - Super News","robots":{"index":"index","follow":"follow","max-snippet":"max-snippet:-1","max-image-preview":"max-image-preview:large","max-video-preview":"max-video-preview:-1"},"canonical":"https:\/\/super-news.info\/pl\/co-piaty-konsument-chce-dawac-markom-swoje-pomysly-na-ich-rozwoj\/","og_locale":"pl_PL","og_type":"article","og_title":"Co pi\u0105ty konsument chce dawa\u0107 markom swoje pomys\u0142y na ich rozw\u00f3j - Super News","og_description":"[ad_1] Pytani o to, kto najlepiej reprezentuje mark\u0119 na zewn\u0105trz, konsumenci wskazuj\u0105 na klient\u00f3w i u\u017cytkownik\u00f3w danej marki. W tyle pozostawiaj\u0105 ekspert\u00f3w, influencer\u00f3w, czy pracownik\u00f3w danej firmy. &#13; &#13; 22 proc. badanych chce stale wsp\u00f3\u0142pracowa\u0107 z mark\u0105 i dzieli\u0107 si\u0119 z ni\u0105 swoimi pomys\u0142ami na dalszy rozw\u00f3j. To mniej ni\u017c w poprzedniej fali badania (32 [&hellip;]","og_url":"https:\/\/super-news.info\/pl\/co-piaty-konsument-chce-dawac-markom-swoje-pomysly-na-ich-rozwoj\/","og_site_name":"Super News","article_published_time":"2019-04-11T16:23:44+00:00","article_modified_time":"2019-04-11T16:23:45+00:00","og_image":[{"width":788,"height":658,"url":"https:\/\/super-news.info\/pl\/wp-content\/uploads\/sites\/6\/2019\/04\/Co-pi\u0105ty-konsument-chce-dawa\u0107-markom-swoje-pomys\u0142y-na-ich.png","type":"image\/png"}],"author":"super-news","twitter_card":"summary_large_image","twitter_misc":{"Napisane przez":"super-news","Szacowany czas czytania":"2 minuty"},"schema":{"@context":"https:\/\/schema.org","@graph":[{"@type":"Article","@id":"https:\/\/super-news.info\/pl\/co-piaty-konsument-chce-dawac-markom-swoje-pomysly-na-ich-rozwoj\/#article","isPartOf":{"@id":"https:\/\/super-news.info\/pl\/co-piaty-konsument-chce-dawac-markom-swoje-pomysly-na-ich-rozwoj\/"},"author":{"name":"super-news","@id":"https:\/\/super-news.info\/pl\/#\/schema\/person\/2d4068cb2f39cd10008c2fce578a7356"},"headline":"Co pi\u0105ty konsument chce dawa\u0107 markom swoje pomys\u0142y na ich rozw\u00f3j","datePublished":"2019-04-11T16:23:44+00:00","dateModified":"2019-04-11T16:23:45+00:00","mainEntityOfPage":{"@id":"https:\/\/super-news.info\/pl\/co-piaty-konsument-chce-dawac-markom-swoje-pomysly-na-ich-rozwoj\/"},"wordCount":359,"commentCount":0,"image":{"@id":"https:\/\/super-news.info\/pl\/co-piaty-konsument-chce-dawac-markom-swoje-pomysly-na-ich-rozwoj\/#primaryimage"},"thumbnailUrl":"https:\/\/super-news.info\/pl\/wp-content\/uploads\/sites\/6\/2019\/04\/Co-pi\u0105ty-konsument-chce-dawa\u0107-markom-swoje-pomys\u0142y-na-ich.png","articleSection":["WIADOMO\u015aCI MARKETINGOWE"],"inLanguage":"pl-PL","potentialAction":[{"@type":"CommentAction","name":"Comment","target":["https:\/\/super-news.info\/pl\/co-piaty-konsument-chce-dawac-markom-swoje-pomysly-na-ich-rozwoj\/#respond"]}]},{"@type":"WebPage","@id":"https:\/\/super-news.info\/pl\/co-piaty-konsument-chce-dawac-markom-swoje-pomysly-na-ich-rozwoj\/","url":"https:\/\/super-news.info\/pl\/co-piaty-konsument-chce-dawac-markom-swoje-pomysly-na-ich-rozwoj\/","name":"Co pi\u0105ty konsument chce dawa\u0107 markom swoje pomys\u0142y na ich rozw\u00f3j - Super News","isPartOf":{"@id":"https:\/\/super-news.info\/pl\/#website"},"primaryImageOfPage":{"@id":"https:\/\/super-news.info\/pl\/co-piaty-konsument-chce-dawac-markom-swoje-pomysly-na-ich-rozwoj\/#primaryimage"},"image":{"@id":"https:\/\/super-news.info\/pl\/co-piaty-konsument-chce-dawac-markom-swoje-pomysly-na-ich-rozwoj\/#primaryimage"},"thumbnailUrl":"https:\/\/super-news.info\/pl\/wp-content\/uploads\/sites\/6\/2019\/04\/Co-pi\u0105ty-konsument-chce-dawa\u0107-markom-swoje-pomys\u0142y-na-ich.png","datePublished":"2019-04-11T16:23:44+00:00","dateModified":"2019-04-11T16:23:45+00:00","author":{"@id":"https:\/\/super-news.info\/pl\/#\/schema\/person\/2d4068cb2f39cd10008c2fce578a7356"},"breadcrumb":{"@id":"https:\/\/super-news.info\/pl\/co-piaty-konsument-chce-dawac-markom-swoje-pomysly-na-ich-rozwoj\/#breadcrumb"},"inLanguage":"pl-PL","potentialAction":[{"@type":"ReadAction","target":["https:\/\/super-news.info\/pl\/co-piaty-konsument-chce-dawac-markom-swoje-pomysly-na-ich-rozwoj\/"]}]},{"@type":"ImageObject","inLanguage":"pl-PL","@id":"https:\/\/super-news.info\/pl\/co-piaty-konsument-chce-dawac-markom-swoje-pomysly-na-ich-rozwoj\/#primaryimage","url":"https:\/\/super-news.info\/pl\/wp-content\/uploads\/sites\/6\/2019\/04\/Co-pi\u0105ty-konsument-chce-dawa\u0107-markom-swoje-pomys\u0142y-na-ich.png","contentUrl":"https:\/\/super-news.info\/pl\/wp-content\/uploads\/sites\/6\/2019\/04\/Co-pi\u0105ty-konsument-chce-dawa\u0107-markom-swoje-pomys\u0142y-na-ich.png","width":788,"height":658,"caption":"Co pi\u0105ty konsument chce dawa\u0107 markom swoje pomys\u0142y na ich rozw\u00f3j"},{"@type":"BreadcrumbList","@id":"https:\/\/super-news.info\/pl\/co-piaty-konsument-chce-dawac-markom-swoje-pomysly-na-ich-rozwoj\/#breadcrumb","itemListElement":[{"@type":"ListItem","position":1,"name":"\u0413\u043b\u0430\u0432\u043d\u0430\u044f \u0441\u0442\u0440\u0430\u043d\u0438\u0446\u0430","item":"https:\/\/super-news.info\/pl\/"},{"@type":"ListItem","position":2,"name":"Co pi\u0105ty konsument chce dawa\u0107 markom swoje pomys\u0142y na ich rozw\u00f3j"}]},{"@type":"WebSite","@id":"https:\/\/super-news.info\/pl\/#website","url":"https:\/\/super-news.info\/pl\/","name":"Super News","description":"Super News Polska","potentialAction":[{"@type":"SearchAction","target":{"@type":"EntryPoint","urlTemplate":"https:\/\/super-news.info\/pl\/?s={search_term_string}"},"query-input":{"@type":"PropertyValueSpecification","valueRequired":true,"valueName":"search_term_string"}}],"inLanguage":"pl-PL"},{"@type":"Person","@id":"https:\/\/super-news.info\/pl\/#\/schema\/person\/2d4068cb2f39cd10008c2fce578a7356","name":"super-news","image":{"@type":"ImageObject","inLanguage":"pl-PL","@id":"https:\/\/secure.gravatar.com\/avatar\/64ebac40b93f26a154f8a9b5b6fdccfc46f442b26b3dd6756dbff3bf9dc76fd7?s=96&d=mm&r=g","url":"https:\/\/secure.gravatar.com\/avatar\/64ebac40b93f26a154f8a9b5b6fdccfc46f442b26b3dd6756dbff3bf9dc76fd7?s=96&d=mm&r=g","contentUrl":"https:\/\/secure.gravatar.com\/avatar\/64ebac40b93f26a154f8a9b5b6fdccfc46f442b26b3dd6756dbff3bf9dc76fd7?s=96&d=mm&r=g","caption":"super-news"},"url":"https:\/\/super-news.info\/pl\/author\/pt\/"}]}},"_links":{"self":[{"href":"https:\/\/super-news.info\/pl\/wp-json\/wp\/v2\/posts\/146","targetHints":{"allow":["GET"]}}],"collection":[{"href":"https:\/\/super-news.info\/pl\/wp-json\/wp\/v2\/posts"}],"about":[{"href":"https:\/\/super-news.info\/pl\/wp-json\/wp\/v2\/types\/post"}],"author":[{"embeddable":true,"href":"https:\/\/super-news.info\/pl\/wp-json\/wp\/v2\/users\/2"}],"replies":[{"embeddable":true,"href":"https:\/\/super-news.info\/pl\/wp-json\/wp\/v2\/comments?post=146"}],"version-history":[{"count":1,"href":"https:\/\/super-news.info\/pl\/wp-json\/wp\/v2\/posts\/146\/revisions"}],"predecessor-version":[{"id":148,"href":"https:\/\/super-news.info\/pl\/wp-json\/wp\/v2\/posts\/146\/revisions\/148"}],"wp:featuredmedia":[{"embeddable":true,"href":"https:\/\/super-news.info\/pl\/wp-json\/wp\/v2\/media\/147"}],"wp:attachment":[{"href":"https:\/\/super-news.info\/pl\/wp-json\/wp\/v2\/media?parent=146"}],"wp:term":[{"taxonomy":"category","embeddable":true,"href":"https:\/\/super-news.info\/pl\/wp-json\/wp\/v2\/categories?post=146"},{"taxonomy":"post_tag","embeddable":true,"href":"https:\/\/super-news.info\/pl\/wp-json\/wp\/v2\/tags?post=146"}],"curies":[{"name":"wp","href":"https:\/\/api.w.org\/{rel}","templated":true}]}}