{"id":134,"date":"2019-04-11T11:14:33","date_gmt":"2019-04-11T08:14:33","guid":{"rendered":"https:\/\/super-news.info\/pl\/telewizja-polska-i-nielsen-podpisaly-umowe-na-realizacje-badan-ogladalnosci\/"},"modified":"2019-04-11T11:14:34","modified_gmt":"2019-04-11T08:14:34","slug":"telewizja-polska-i-nielsen-podpisaly-umowe-na-realizacje-badan-ogladalnosci","status":"publish","type":"post","link":"https:\/\/super-news.info\/pl\/telewizja-polska-i-nielsen-podpisaly-umowe-na-realizacje-badan-ogladalnosci\/","title":{"rendered":"Telewizja Polska i Nielsen podpisa\u0142y umow\u0119 na realizacj\u0119 bada\u0144 ogl\u0105dalno\u015bci"},"content":{"rendered":"<p> [ad_1]<br \/>\n<\/p>\n<div id=\"\">\n<p>TVP og\u0142asza\u0142a przetarg na dostarczenie wynik\u00f3w badania ogl\u0105dalno\u015bci dwukrotnie &#8211; najpierw pierwszy z nich trwa\u0142 do 7 marca br. i nie zg\u0142osi\u0142a si\u0119 do niego \u017cadna firma. Nielsen kr\u00f3tko przed up\u0142ywem terminu sk\u0142adania ofert poinformowa\u0142, \u017ce nie we\u017amie w nim udzia\u0142u ze wzgl\u0119du na zasady i warunki dokumentacji przetargowej.<\/p>\n<p>&#13;<br \/>\n&#13;<\/p>\n<p>Nast\u0119pnie nadawca og\u0142osi\u0142 kolejne post\u0119powanie w kt\u00f3rym z\u0142agodzi\u0142 zapisy w projekcie umowy, jak\u0105 zamierza\u0142 zawrze\u0107 z wybran\u0105 firm\u0105 (m.in. zmniejszono poziom utrzymania rotacji gospodarstw w panelu, wymagan\u0105 liczb\u0119 monitorowanych stacji TV, zlikwidowano te\u017c zapis o obni\u017ceniu wynagrodzenia w przypadku wskazanych w razie kontroli nieprawid\u0142owo\u015bci).<\/p>\n<p>&#13;<br \/>\n&#13;<\/p>\n<p>&#13;<br \/>\n&#13;<\/p>\n<p>Ostatecznie Nielsen zdecydowa\u0142 si\u0119 wzi\u0105\u0107 udzia\u0142 w nowym post\u0119powaniu przetargowym, uzasadniaj\u0105c, \u017ce z\u0142o\u017cy ofert\u0119, poniewa\u017c \u201ewarunki w nowej dokumentacji przetargowej s\u0105 zgodne z praktyk\u0105 oraz standardami rynkowymi\u201d. By\u0142 jedynym podmiotem, kt\u00f3ry zg\u0142osi\u0142 si\u0119 w drugim przetargu.<\/p>\n<p>&#13;<br \/>\n&#13;<\/p>\n<p>Mimo \u017ce TVP na roczn\u0105 wsp\u00f3\u0142prac\u0119 z instytutem zamierza\u0142a przeznaczy\u0107 dok\u0142adnie 9 224 960,64 z\u0142 brutto, a Nielsen z\u0142o\u017cy\u0142 ofert\u0119 z cen\u0105 9 317 250,00 z\u0142 ostatecznie w \u015brod\u0119, 10 kwietnia br. podpisano umow\u0119 na dostarczenie bada\u0144 telemetrycznych. <strong>Nieoficjalnie dowiedzieli\u015bmy si\u0119, \u017ce kwota zaproponowana przez NAM by\u0142a wy\u017csza ni\u017c rekomendowa\u0142 to zarz\u0105d (obecnie zasiada w nim prezes &#8211; Jacek Kurski oraz cz\u0142onkini zarz\u0105du &#8211; Marzena Paczuska), ale mie\u015bci\u0142a si\u0119 w zakresie, jaki zaakceptowa\u0142a rada nadzorcza sp\u00f3\u0142ki.<\/strong><\/p>\n<p>&#13;<br \/>\n&#13;<\/p>\n<p><span style=\"font-size:20px;\"><strong>Przysz\u0142y rok decyduj\u0105cy dla bada\u0144 rynku medi\u00f3w<\/strong><\/span><\/p>\n<p>&#13;<br \/>\n&#13;<\/p>\n<p>Jak wynika z dokument\u00f3w przetargowych TVP, wykonawca badania ma pobiera\u0107 dane z co najmniej 2350 miernik\u00f3w zainstalowanych w przynajmniej 1750 gospodarstwach domowych. Telewizja Polska chce otrzymywa\u0107 dane z minimum 150 stacji minuta po minucie.<\/p>\n<p>&#13;<br \/>\n&#13;<\/p>\n<p>Poprzednia umowa, kt\u00f3ra wygas\u0142a dok\u0142adnie 9 kwietnia br. opiewa\u0142a na kwot\u0119 blisko 37 mln z\u0142, co dawa\u0142o \u2013 przy podzieleniu jej na okres 4 lat \u2013 sum\u0119 ok. 9 mln z\u0142 rocznie. Warto przypomnie\u0107, \u017ce zanim zosta\u0142a zawarta, TVP przed\u0142u\u017ca\u0142a z tym instytutem wcze\u015bniejszy kontrakt, bo przeci\u0105ga\u0142 si\u0119 \u00f3wczesny przetarg na dostaw\u0119 danych telemetrycznych. Zrobiono to dwukrotnie, a miesi\u0119czne umowy opiewa\u0142y na kwot\u0119 ok. 800 tys. z\u0142.<\/p>\n<p>&#13;<br \/>\n&#13;<\/p>\n<p>&#13;<br \/>\n&#13;<\/p>\n<p>Publiczna telewizja w dokumentach przetargowych zapowiedzia\u0142a, \u017ce kolejne post\u0119powanie na dostarczanie danych telemetrycznych zostanie og\u0142oszone w styczniu 2020 roku. Nadawca korzysta tak\u017ce z danych przekazywanych przez Neti\u0119 w systemie MOR (modelu ogl\u0105dalno\u015bci rzeczywistej). Cz\u0119sto por\u00f3wnuje wyniki ogl\u0105dalno\u015bci np. wa\u017cnych imprez sportowych z danymi Nielsena, sugeruj\u0105c, \u017ce panel NAM zani\u017ca wyniki.<\/p>\n<p>&#13;<br \/>\n&#13;<\/p>\n<p>Z naszych nieoficjalnych informacji wynika, \u017ce sp\u00f3\u0142ka bardzo mocno liczy na rozwi\u0105zanie kwestii jedno\u017ar\u00f3d\u0142owych bada\u0144 medi\u00f3w, realizowanych pod nadzorem KRRiT, nad kt\u00f3rymi obecnie pracuje zesp\u00f3\u0142 Telemetrii Polskiej wsp\u00f3lnie z rynkiem. Wst\u0119pne wyniki tych bada\u0144 mia\u0142yby by\u0107 znane w po\u0142owie 2020 roku. W tym roku na ten cel przeznaczonych jest ok. 40 mln z\u0142otych. Pocz\u0105tkowo projekt ma by\u0107 finansowany w po\u0142owie z bud\u017cetu pa\u0144stwa, a w po\u0142owie przez rynek. Rocznie badanie ma kosztowa\u0107 70-80 mln z\u0142.<\/p>\n<p>&#13;<br \/>\n&#13;<\/p>\n<p>&#13;<br \/>\n&#13;<\/p>\n<p>Krajowa Rada Radiofonii i Telewizji pracuje nad koncepcj\u0105 nowego pomiaru tele- i audiometrycznego rynku medi\u00f3w od kwietnia 2018 roku. Projekt pomiaru medi\u00f3w, realizowany pod nadzorem KRRiT zak\u0142ada panel badawczy oparty na 26 tys. respondent\u00f3w, jedno\u017ar\u00f3d\u0142owy pomiar telewizji, radia i internetu oraz mierzenie konsumpcji medi\u00f3w poza domem i na urz\u0105dzeniach przeno\u015bnych.<\/p>\n<p>&#13;<br \/>\n&#13;<\/p>\n<p><span style=\"font-size: 20px;\"><strong>Kr\u00f3tszy czas ogl\u0105dania telewizji w 2018 roku<\/strong><\/span><\/p>\n<p>&#13;<br \/>\n&#13;<\/p>\n<p>W 2018 roku liderem ogl\u0105dalno\u015bci w\u015br\u00f3d wszystkich widz\u00f3w by\u0142 Polsat, a w grupie komercyjnej TVN. W\u015br\u00f3d g\u0142\u00f3wnych stacji wzrosty odnotowa\u0142y TVP1 i TVP2, ale najwi\u0119cej zyska\u0142y TVP Sport, Super Polsat i TTV. Skr\u00f3ci\u0142 si\u0119 \u015bredni czas ogl\u0105dania telewizji, cho\u0107 zwi\u0119kszy\u0142y si\u0119 wydatki reklamowe.<\/p>\n<p>&#13;<br \/>\n&#13;<\/p>\n<p>&#13;<br \/>\n                            &#13;<br \/>\n&#13;<br \/>\n                            &#13;<br \/>\n&#13;<br \/>\n&#13;<br \/>\n&#13;<br \/>\n&#13;<br \/>\n&#13;<br \/>\n                            &#13;<br \/>\n                                                            &#13;<br \/>\n&#13;<br \/>\n                            &#13;\n                        <\/p><\/div>\n<p><script>(function (d, s, id) {\n        var js, fjs = d.getElementsByTagName(s)[0];\n        if (d.getElementById(id)) return;\n        js = d.createElement(s);\n        js.id = id;\n        js.src = \"http:\/\/connect.facebook.net\/pl_PL\/sdk.js#xfbml=1&version=v2.6&appId=297996717062470\";\n        fjs.parentNode.insertBefore(js, fjs);\n    }(document, 'script', 'facebook-jssdk'));<\/script><br \/>\n<br \/>[ad_2]<br \/>\n<br \/><a href=\"https:\/\/www.wirtualnemedia.pl\/artykul\/telewizja-polska-i-nielsen-podpisaly-umowe-na-realizacje-badan-ogladalnosci\">Source link <\/a><\/p>\n","protected":false},"excerpt":{"rendered":"<p>[ad_1] TVP og\u0142asza\u0142a przetarg na dostarczenie wynik\u00f3w badania ogl\u0105dalno\u015bci dwukrotnie &#8211; najpierw pierwszy z nich trwa\u0142 do 7 marca br. i nie zg\u0142osi\u0142a si\u0119 do niego \u017cadna firma. Nielsen kr\u00f3tko przed up\u0142ywem terminu sk\u0142adania ofert poinformowa\u0142, \u017ce nie we\u017amie w nim udzia\u0142u ze wzgl\u0119du na zasady i warunki dokumentacji przetargowej. &#13; &#13; Nast\u0119pnie nadawca og\u0142osi\u0142 [&hellip;]<\/p>\n","protected":false},"author":2,"featured_media":114,"comment_status":"open","ping_status":"open","sticky":false,"template":"","format":"standard","meta":{"footnotes":""},"categories":[3],"tags":[],"class_list":["post-134","post","type-post","status-publish","format-standard","has-post-thumbnail","hentry","category-wiadomosci-marketingowe"],"yoast_head":"<!-- This site is optimized with the Yoast SEO plugin v27.4 - https:\/\/yoast.com\/product\/yoast-seo-wordpress\/ -->\n<title>Telewizja Polska i Nielsen podpisa\u0142y umow\u0119 na realizacj\u0119 bada\u0144 ogl\u0105dalno\u015bci - Super News<\/title>\n<meta name=\"robots\" content=\"index, follow, max-snippet:-1, max-image-preview:large, max-video-preview:-1\" \/>\n<link rel=\"canonical\" href=\"https:\/\/super-news.info\/pl\/telewizja-polska-i-nielsen-podpisaly-umowe-na-realizacje-badan-ogladalnosci\/\" \/>\n<meta property=\"og:locale\" content=\"pl_PL\" \/>\n<meta property=\"og:type\" content=\"article\" \/>\n<meta property=\"og:title\" content=\"Telewizja Polska i Nielsen podpisa\u0142y umow\u0119 na realizacj\u0119 bada\u0144 ogl\u0105dalno\u015bci - Super News\" \/>\n<meta property=\"og:description\" content=\"[ad_1] TVP og\u0142asza\u0142a przetarg na dostarczenie wynik\u00f3w badania ogl\u0105dalno\u015bci dwukrotnie &#8211; najpierw pierwszy z nich trwa\u0142 do 7 marca br. i nie zg\u0142osi\u0142a si\u0119 do niego \u017cadna firma. Nielsen kr\u00f3tko przed up\u0142ywem terminu sk\u0142adania ofert poinformowa\u0142, \u017ce nie we\u017amie w nim udzia\u0142u ze wzgl\u0119du na zasady i warunki dokumentacji przetargowej. &#013; &#013; Nast\u0119pnie nadawca og\u0142osi\u0142 [&hellip;]\" \/>\n<meta property=\"og:url\" content=\"https:\/\/super-news.info\/pl\/telewizja-polska-i-nielsen-podpisaly-umowe-na-realizacje-badan-ogladalnosci\/\" \/>\n<meta property=\"og:site_name\" content=\"Super News\" \/>\n<meta property=\"article:published_time\" content=\"2019-04-11T08:14:33+00:00\" \/>\n<meta property=\"article:modified_time\" content=\"2019-04-11T08:14:34+00:00\" \/>\n<meta property=\"og:image\" content=\"https:\/\/super-news.info\/pl\/wp-content\/uploads\/sites\/6\/2019\/04\/Nielsen-rezygnuje-z-przetargu-TVP-na-badanie-ogl\u0105dalno\u015bci.-Bez-telemetrii.jpg\" \/>\n\t<meta property=\"og:image:width\" content=\"655\" \/>\n\t<meta property=\"og:image:height\" content=\"436\" \/>\n\t<meta property=\"og:image:type\" content=\"image\/jpeg\" \/>\n<meta name=\"author\" content=\"super-news\" \/>\n<meta name=\"twitter:card\" content=\"summary_large_image\" \/>\n<meta name=\"twitter:label1\" content=\"Napisane przez\" \/>\n\t<meta name=\"twitter:data1\" content=\"super-news\" \/>\n\t<meta name=\"twitter:label2\" content=\"Szacowany czas czytania\" \/>\n\t<meta name=\"twitter:data2\" content=\"3 minuty\" \/>\n<script type=\"application\/ld+json\" class=\"yoast-schema-graph\">{\"@context\":\"https:\\\/\\\/schema.org\",\"@graph\":[{\"@type\":\"Article\",\"@id\":\"https:\\\/\\\/super-news.info\\\/pl\\\/telewizja-polska-i-nielsen-podpisaly-umowe-na-realizacje-badan-ogladalnosci\\\/#article\",\"isPartOf\":{\"@id\":\"https:\\\/\\\/super-news.info\\\/pl\\\/telewizja-polska-i-nielsen-podpisaly-umowe-na-realizacje-badan-ogladalnosci\\\/\"},\"author\":{\"name\":\"super-news\",\"@id\":\"https:\\\/\\\/super-news.info\\\/pl\\\/#\\\/schema\\\/person\\\/2d4068cb2f39cd10008c2fce578a7356\"},\"headline\":\"Telewizja Polska i Nielsen podpisa\u0142y umow\u0119 na realizacj\u0119 bada\u0144 ogl\u0105dalno\u015bci\",\"datePublished\":\"2019-04-11T08:14:33+00:00\",\"dateModified\":\"2019-04-11T08:14:34+00:00\",\"mainEntityOfPage\":{\"@id\":\"https:\\\/\\\/super-news.info\\\/pl\\\/telewizja-polska-i-nielsen-podpisaly-umowe-na-realizacje-badan-ogladalnosci\\\/\"},\"wordCount\":648,\"commentCount\":0,\"image\":{\"@id\":\"https:\\\/\\\/super-news.info\\\/pl\\\/telewizja-polska-i-nielsen-podpisaly-umowe-na-realizacje-badan-ogladalnosci\\\/#primaryimage\"},\"thumbnailUrl\":\"https:\\\/\\\/super-news.info\\\/pl\\\/wp-content\\\/uploads\\\/sites\\\/6\\\/2019\\\/04\\\/Nielsen-rezygnuje-z-przetargu-TVP-na-badanie-ogl\u0105dalno\u015bci.-Bez-telemetrii.jpg\",\"articleSection\":[\"WIADOMO\u015aCI MARKETINGOWE\"],\"inLanguage\":\"pl-PL\",\"potentialAction\":[{\"@type\":\"CommentAction\",\"name\":\"Comment\",\"target\":[\"https:\\\/\\\/super-news.info\\\/pl\\\/telewizja-polska-i-nielsen-podpisaly-umowe-na-realizacje-badan-ogladalnosci\\\/#respond\"]}]},{\"@type\":\"WebPage\",\"@id\":\"https:\\\/\\\/super-news.info\\\/pl\\\/telewizja-polska-i-nielsen-podpisaly-umowe-na-realizacje-badan-ogladalnosci\\\/\",\"url\":\"https:\\\/\\\/super-news.info\\\/pl\\\/telewizja-polska-i-nielsen-podpisaly-umowe-na-realizacje-badan-ogladalnosci\\\/\",\"name\":\"Telewizja Polska i Nielsen podpisa\u0142y umow\u0119 na realizacj\u0119 bada\u0144 ogl\u0105dalno\u015bci - Super News\",\"isPartOf\":{\"@id\":\"https:\\\/\\\/super-news.info\\\/pl\\\/#website\"},\"primaryImageOfPage\":{\"@id\":\"https:\\\/\\\/super-news.info\\\/pl\\\/telewizja-polska-i-nielsen-podpisaly-umowe-na-realizacje-badan-ogladalnosci\\\/#primaryimage\"},\"image\":{\"@id\":\"https:\\\/\\\/super-news.info\\\/pl\\\/telewizja-polska-i-nielsen-podpisaly-umowe-na-realizacje-badan-ogladalnosci\\\/#primaryimage\"},\"thumbnailUrl\":\"https:\\\/\\\/super-news.info\\\/pl\\\/wp-content\\\/uploads\\\/sites\\\/6\\\/2019\\\/04\\\/Nielsen-rezygnuje-z-przetargu-TVP-na-badanie-ogl\u0105dalno\u015bci.-Bez-telemetrii.jpg\",\"datePublished\":\"2019-04-11T08:14:33+00:00\",\"dateModified\":\"2019-04-11T08:14:34+00:00\",\"author\":{\"@id\":\"https:\\\/\\\/super-news.info\\\/pl\\\/#\\\/schema\\\/person\\\/2d4068cb2f39cd10008c2fce578a7356\"},\"breadcrumb\":{\"@id\":\"https:\\\/\\\/super-news.info\\\/pl\\\/telewizja-polska-i-nielsen-podpisaly-umowe-na-realizacje-badan-ogladalnosci\\\/#breadcrumb\"},\"inLanguage\":\"pl-PL\",\"potentialAction\":[{\"@type\":\"ReadAction\",\"target\":[\"https:\\\/\\\/super-news.info\\\/pl\\\/telewizja-polska-i-nielsen-podpisaly-umowe-na-realizacje-badan-ogladalnosci\\\/\"]}]},{\"@type\":\"ImageObject\",\"inLanguage\":\"pl-PL\",\"@id\":\"https:\\\/\\\/super-news.info\\\/pl\\\/telewizja-polska-i-nielsen-podpisaly-umowe-na-realizacje-badan-ogladalnosci\\\/#primaryimage\",\"url\":\"https:\\\/\\\/super-news.info\\\/pl\\\/wp-content\\\/uploads\\\/sites\\\/6\\\/2019\\\/04\\\/Nielsen-rezygnuje-z-przetargu-TVP-na-badanie-ogl\u0105dalno\u015bci.-Bez-telemetrii.jpg\",\"contentUrl\":\"https:\\\/\\\/super-news.info\\\/pl\\\/wp-content\\\/uploads\\\/sites\\\/6\\\/2019\\\/04\\\/Nielsen-rezygnuje-z-przetargu-TVP-na-badanie-ogl\u0105dalno\u015bci.-Bez-telemetrii.jpg\",\"width\":655,\"height\":436,\"caption\":\"Article\"},{\"@type\":\"BreadcrumbList\",\"@id\":\"https:\\\/\\\/super-news.info\\\/pl\\\/telewizja-polska-i-nielsen-podpisaly-umowe-na-realizacje-badan-ogladalnosci\\\/#breadcrumb\",\"itemListElement\":[{\"@type\":\"ListItem\",\"position\":1,\"name\":\"\u0413\u043b\u0430\u0432\u043d\u0430\u044f \u0441\u0442\u0440\u0430\u043d\u0438\u0446\u0430\",\"item\":\"https:\\\/\\\/super-news.info\\\/pl\\\/\"},{\"@type\":\"ListItem\",\"position\":2,\"name\":\"Telewizja Polska i Nielsen podpisa\u0142y umow\u0119 na realizacj\u0119 bada\u0144 ogl\u0105dalno\u015bci\"}]},{\"@type\":\"WebSite\",\"@id\":\"https:\\\/\\\/super-news.info\\\/pl\\\/#website\",\"url\":\"https:\\\/\\\/super-news.info\\\/pl\\\/\",\"name\":\"Super News\",\"description\":\"Super News Polska\",\"potentialAction\":[{\"@type\":\"SearchAction\",\"target\":{\"@type\":\"EntryPoint\",\"urlTemplate\":\"https:\\\/\\\/super-news.info\\\/pl\\\/?s={search_term_string}\"},\"query-input\":{\"@type\":\"PropertyValueSpecification\",\"valueRequired\":true,\"valueName\":\"search_term_string\"}}],\"inLanguage\":\"pl-PL\"},{\"@type\":\"Person\",\"@id\":\"https:\\\/\\\/super-news.info\\\/pl\\\/#\\\/schema\\\/person\\\/2d4068cb2f39cd10008c2fce578a7356\",\"name\":\"super-news\",\"image\":{\"@type\":\"ImageObject\",\"inLanguage\":\"pl-PL\",\"@id\":\"https:\\\/\\\/secure.gravatar.com\\\/avatar\\\/64ebac40b93f26a154f8a9b5b6fdccfc46f442b26b3dd6756dbff3bf9dc76fd7?s=96&d=mm&r=g\",\"url\":\"https:\\\/\\\/secure.gravatar.com\\\/avatar\\\/64ebac40b93f26a154f8a9b5b6fdccfc46f442b26b3dd6756dbff3bf9dc76fd7?s=96&d=mm&r=g\",\"contentUrl\":\"https:\\\/\\\/secure.gravatar.com\\\/avatar\\\/64ebac40b93f26a154f8a9b5b6fdccfc46f442b26b3dd6756dbff3bf9dc76fd7?s=96&d=mm&r=g\",\"caption\":\"super-news\"},\"url\":\"https:\\\/\\\/super-news.info\\\/pl\\\/author\\\/pt\\\/\"}]}<\/script>\n<!-- \/ Yoast SEO plugin. -->","yoast_head_json":{"title":"Telewizja Polska i Nielsen podpisa\u0142y umow\u0119 na realizacj\u0119 bada\u0144 ogl\u0105dalno\u015bci - Super News","robots":{"index":"index","follow":"follow","max-snippet":"max-snippet:-1","max-image-preview":"max-image-preview:large","max-video-preview":"max-video-preview:-1"},"canonical":"https:\/\/super-news.info\/pl\/telewizja-polska-i-nielsen-podpisaly-umowe-na-realizacje-badan-ogladalnosci\/","og_locale":"pl_PL","og_type":"article","og_title":"Telewizja Polska i Nielsen podpisa\u0142y umow\u0119 na realizacj\u0119 bada\u0144 ogl\u0105dalno\u015bci - Super News","og_description":"[ad_1] TVP og\u0142asza\u0142a przetarg na dostarczenie wynik\u00f3w badania ogl\u0105dalno\u015bci dwukrotnie &#8211; najpierw pierwszy z nich trwa\u0142 do 7 marca br. i nie zg\u0142osi\u0142a si\u0119 do niego \u017cadna firma. Nielsen kr\u00f3tko przed up\u0142ywem terminu sk\u0142adania ofert poinformowa\u0142, \u017ce nie we\u017amie w nim udzia\u0142u ze wzgl\u0119du na zasady i warunki dokumentacji przetargowej. &#13; &#13; Nast\u0119pnie nadawca og\u0142osi\u0142 [&hellip;]","og_url":"https:\/\/super-news.info\/pl\/telewizja-polska-i-nielsen-podpisaly-umowe-na-realizacje-badan-ogladalnosci\/","og_site_name":"Super News","article_published_time":"2019-04-11T08:14:33+00:00","article_modified_time":"2019-04-11T08:14:34+00:00","og_image":[{"width":655,"height":436,"url":"https:\/\/super-news.info\/pl\/wp-content\/uploads\/sites\/6\/2019\/04\/Nielsen-rezygnuje-z-przetargu-TVP-na-badanie-ogl\u0105dalno\u015bci.-Bez-telemetrii.jpg","type":"image\/jpeg"}],"author":"super-news","twitter_card":"summary_large_image","twitter_misc":{"Napisane przez":"super-news","Szacowany czas czytania":"3 minuty"},"schema":{"@context":"https:\/\/schema.org","@graph":[{"@type":"Article","@id":"https:\/\/super-news.info\/pl\/telewizja-polska-i-nielsen-podpisaly-umowe-na-realizacje-badan-ogladalnosci\/#article","isPartOf":{"@id":"https:\/\/super-news.info\/pl\/telewizja-polska-i-nielsen-podpisaly-umowe-na-realizacje-badan-ogladalnosci\/"},"author":{"name":"super-news","@id":"https:\/\/super-news.info\/pl\/#\/schema\/person\/2d4068cb2f39cd10008c2fce578a7356"},"headline":"Telewizja Polska i Nielsen podpisa\u0142y umow\u0119 na realizacj\u0119 bada\u0144 ogl\u0105dalno\u015bci","datePublished":"2019-04-11T08:14:33+00:00","dateModified":"2019-04-11T08:14:34+00:00","mainEntityOfPage":{"@id":"https:\/\/super-news.info\/pl\/telewizja-polska-i-nielsen-podpisaly-umowe-na-realizacje-badan-ogladalnosci\/"},"wordCount":648,"commentCount":0,"image":{"@id":"https:\/\/super-news.info\/pl\/telewizja-polska-i-nielsen-podpisaly-umowe-na-realizacje-badan-ogladalnosci\/#primaryimage"},"thumbnailUrl":"https:\/\/super-news.info\/pl\/wp-content\/uploads\/sites\/6\/2019\/04\/Nielsen-rezygnuje-z-przetargu-TVP-na-badanie-ogl\u0105dalno\u015bci.-Bez-telemetrii.jpg","articleSection":["WIADOMO\u015aCI MARKETINGOWE"],"inLanguage":"pl-PL","potentialAction":[{"@type":"CommentAction","name":"Comment","target":["https:\/\/super-news.info\/pl\/telewizja-polska-i-nielsen-podpisaly-umowe-na-realizacje-badan-ogladalnosci\/#respond"]}]},{"@type":"WebPage","@id":"https:\/\/super-news.info\/pl\/telewizja-polska-i-nielsen-podpisaly-umowe-na-realizacje-badan-ogladalnosci\/","url":"https:\/\/super-news.info\/pl\/telewizja-polska-i-nielsen-podpisaly-umowe-na-realizacje-badan-ogladalnosci\/","name":"Telewizja Polska i Nielsen podpisa\u0142y umow\u0119 na realizacj\u0119 bada\u0144 ogl\u0105dalno\u015bci - Super News","isPartOf":{"@id":"https:\/\/super-news.info\/pl\/#website"},"primaryImageOfPage":{"@id":"https:\/\/super-news.info\/pl\/telewizja-polska-i-nielsen-podpisaly-umowe-na-realizacje-badan-ogladalnosci\/#primaryimage"},"image":{"@id":"https:\/\/super-news.info\/pl\/telewizja-polska-i-nielsen-podpisaly-umowe-na-realizacje-badan-ogladalnosci\/#primaryimage"},"thumbnailUrl":"https:\/\/super-news.info\/pl\/wp-content\/uploads\/sites\/6\/2019\/04\/Nielsen-rezygnuje-z-przetargu-TVP-na-badanie-ogl\u0105dalno\u015bci.-Bez-telemetrii.jpg","datePublished":"2019-04-11T08:14:33+00:00","dateModified":"2019-04-11T08:14:34+00:00","author":{"@id":"https:\/\/super-news.info\/pl\/#\/schema\/person\/2d4068cb2f39cd10008c2fce578a7356"},"breadcrumb":{"@id":"https:\/\/super-news.info\/pl\/telewizja-polska-i-nielsen-podpisaly-umowe-na-realizacje-badan-ogladalnosci\/#breadcrumb"},"inLanguage":"pl-PL","potentialAction":[{"@type":"ReadAction","target":["https:\/\/super-news.info\/pl\/telewizja-polska-i-nielsen-podpisaly-umowe-na-realizacje-badan-ogladalnosci\/"]}]},{"@type":"ImageObject","inLanguage":"pl-PL","@id":"https:\/\/super-news.info\/pl\/telewizja-polska-i-nielsen-podpisaly-umowe-na-realizacje-badan-ogladalnosci\/#primaryimage","url":"https:\/\/super-news.info\/pl\/wp-content\/uploads\/sites\/6\/2019\/04\/Nielsen-rezygnuje-z-przetargu-TVP-na-badanie-ogl\u0105dalno\u015bci.-Bez-telemetrii.jpg","contentUrl":"https:\/\/super-news.info\/pl\/wp-content\/uploads\/sites\/6\/2019\/04\/Nielsen-rezygnuje-z-przetargu-TVP-na-badanie-ogl\u0105dalno\u015bci.-Bez-telemetrii.jpg","width":655,"height":436,"caption":"Article"},{"@type":"BreadcrumbList","@id":"https:\/\/super-news.info\/pl\/telewizja-polska-i-nielsen-podpisaly-umowe-na-realizacje-badan-ogladalnosci\/#breadcrumb","itemListElement":[{"@type":"ListItem","position":1,"name":"\u0413\u043b\u0430\u0432\u043d\u0430\u044f \u0441\u0442\u0440\u0430\u043d\u0438\u0446\u0430","item":"https:\/\/super-news.info\/pl\/"},{"@type":"ListItem","position":2,"name":"Telewizja Polska i Nielsen podpisa\u0142y umow\u0119 na realizacj\u0119 bada\u0144 ogl\u0105dalno\u015bci"}]},{"@type":"WebSite","@id":"https:\/\/super-news.info\/pl\/#website","url":"https:\/\/super-news.info\/pl\/","name":"Super News","description":"Super News Polska","potentialAction":[{"@type":"SearchAction","target":{"@type":"EntryPoint","urlTemplate":"https:\/\/super-news.info\/pl\/?s={search_term_string}"},"query-input":{"@type":"PropertyValueSpecification","valueRequired":true,"valueName":"search_term_string"}}],"inLanguage":"pl-PL"},{"@type":"Person","@id":"https:\/\/super-news.info\/pl\/#\/schema\/person\/2d4068cb2f39cd10008c2fce578a7356","name":"super-news","image":{"@type":"ImageObject","inLanguage":"pl-PL","@id":"https:\/\/secure.gravatar.com\/avatar\/64ebac40b93f26a154f8a9b5b6fdccfc46f442b26b3dd6756dbff3bf9dc76fd7?s=96&d=mm&r=g","url":"https:\/\/secure.gravatar.com\/avatar\/64ebac40b93f26a154f8a9b5b6fdccfc46f442b26b3dd6756dbff3bf9dc76fd7?s=96&d=mm&r=g","contentUrl":"https:\/\/secure.gravatar.com\/avatar\/64ebac40b93f26a154f8a9b5b6fdccfc46f442b26b3dd6756dbff3bf9dc76fd7?s=96&d=mm&r=g","caption":"super-news"},"url":"https:\/\/super-news.info\/pl\/author\/pt\/"}]}},"_links":{"self":[{"href":"https:\/\/super-news.info\/pl\/wp-json\/wp\/v2\/posts\/134","targetHints":{"allow":["GET"]}}],"collection":[{"href":"https:\/\/super-news.info\/pl\/wp-json\/wp\/v2\/posts"}],"about":[{"href":"https:\/\/super-news.info\/pl\/wp-json\/wp\/v2\/types\/post"}],"author":[{"embeddable":true,"href":"https:\/\/super-news.info\/pl\/wp-json\/wp\/v2\/users\/2"}],"replies":[{"embeddable":true,"href":"https:\/\/super-news.info\/pl\/wp-json\/wp\/v2\/comments?post=134"}],"version-history":[{"count":1,"href":"https:\/\/super-news.info\/pl\/wp-json\/wp\/v2\/posts\/134\/revisions"}],"predecessor-version":[{"id":135,"href":"https:\/\/super-news.info\/pl\/wp-json\/wp\/v2\/posts\/134\/revisions\/135"}],"wp:featuredmedia":[{"embeddable":true,"href":"https:\/\/super-news.info\/pl\/wp-json\/wp\/v2\/media\/114"}],"wp:attachment":[{"href":"https:\/\/super-news.info\/pl\/wp-json\/wp\/v2\/media?parent=134"}],"wp:term":[{"taxonomy":"category","embeddable":true,"href":"https:\/\/super-news.info\/pl\/wp-json\/wp\/v2\/categories?post=134"},{"taxonomy":"post_tag","embeddable":true,"href":"https:\/\/super-news.info\/pl\/wp-json\/wp\/v2\/tags?post=134"}],"curies":[{"name":"wp","href":"https:\/\/api.w.org\/{rel}","templated":true}]}}