{"id":124,"date":"2019-04-10T18:43:59","date_gmt":"2019-04-10T15:43:59","guid":{"rendered":"https:\/\/super-news.info\/pl\/65-proc-polakow-obejdzie-sie-bez-social-media-wiekszosc-za-in-vitro-i-kara-smierci-przeciw-imigrantom-i-noblowi-dla-walesy\/"},"modified":"2019-04-10T18:44:00","modified_gmt":"2019-04-10T15:44:00","slug":"65-proc-polakow-obejdzie-sie-bez-social-media-wiekszosc-za-in-vitro-i-kara-smierci-przeciw-imigrantom-i-noblowi-dla-walesy","status":"publish","type":"post","link":"https:\/\/super-news.info\/pl\/65-proc-polakow-obejdzie-sie-bez-social-media-wiekszosc-za-in-vitro-i-kara-smierci-przeciw-imigrantom-i-noblowi-dla-walesy\/","title":{"rendered":"65 proc. Polak\u00f3w obejdzie si\u0119 bez social media. Wi\u0119kszo\u015b\u0107 za in vitro i kar\u0105 \u015bmierci, przeciw imigrantom i Noblowi dla Wa\u0142\u0119sy"},"content":{"rendered":"<p> [ad_1]<br \/>\n<\/p>\n<div id=\"\">\n<p>W ramach sonda\u017cu badane by\u0142y pogl\u0105dy Polek i Polak\u00f3w na bardzo r\u00f3\u017cne tematy \u2013 od bardzo fundamentalnych, dotycz\u0105cych opinii na temat Unii Europejskiej, religii, czy nas samych, po mniej powa\u017cne i zabawne, dotycz\u0105ce naszych codziennych wybor\u00f3w, przyzwyczaje\u0144 czy preferencji.<\/p>\n<p>&#13;<br \/>\n&#13;<\/p>\n<p>62,1% Polek i Polak\u00f3w uwa\u017ca, \u017ce nauka religii powinna odbywa\u0107 si\u0119 na plebaniach, podczas gdy tylko 37,9% jest za lekcjami religii w szko\u0142ach. 55,9% woli tradycyjn\u0105 trumn\u0119, ale 44,1% wybra\u0142oby urn\u0119. 54,1% uwa\u017ca, \u017ce Nobel dla Lecha Wa\u0142\u0119sy to by\u0142o nieporozumienie, podczas gdy 45,9% czuje dum\u0119 w zwi\u0105zku z tym faktem. 37,6% Polek i Polak\u00f3w wybiera pomidorow\u0105, podczas gdy 62,4% woli ros\u00f3\u0142.<\/p>\n<p>&#13;<br \/>\n&#13;<\/p>\n<p>74% badanych jest za antykoncepcj\u0105, a 82% za finansowaniem in vitro. W tym samym czasie 63,6% os\u00f3b uwa\u017ca Jana Paw\u0142a II za \u015bwi\u0119tego, 85,2% jest zdania, \u017ce B\u00f3g istnieje, a 63,9% za najwa\u017cniejsze warto\u015bci uznaje te wyra\u017cone w ha\u015ble &#8222;B\u00f3g, honor, ojczyzna&#8221;. Przyk\u0142ad\u00f3w tego typu paradoks\u00f3w jest wi\u0119cej. Przypisywane zazwyczaj partiom lewicowym idee, dotycz\u0105ce chocia\u017cby ekologii, r\u00f3wnie\u017c zyskuj\u0105 przychylno\u015b\u0107 Polak\u00f3w. 80,8% z nich, gdyby mia\u0142o wybiera\u0107 mi\u0119dzy energi\u0105 z wiatru czy w\u0119gla, wybra\u0142oby t\u0119 pierwsz\u0105, a 76,1% uwa\u017ca, \u017ce globalne ocieplenie to nie \u017carty. 58% popiera feminizm i 58,4% jest za legalizacj\u0105 marihuany.<\/p>\n<p>&#13;<br \/>\n&#13;<\/p>\n<p>Z kolei 71% badanych uwa\u017ca, \u017ce disco polo to zabawa, a 29%, \u017ce obciach. Dla 46% w\u0119giel to polska duma, a dla 54% &#8211; polski problem.<\/p>\n<p>&#13;<br \/>\n&#13;<\/p>\n<p><img decoding=\"async\" alt=\"\" src=\"https:\/\/super-news.info\/pl\/wp-content\/uploads\/sites\/6\/2019\/04\/1554911038_334_65-proc.-Polakow-obejdzie-sie-bez-social-media.-Wiekszosc-za.png\" style=\"width: 487px; height: 866px;\"\/><br \/><img decoding=\"async\" alt=\"\" src=\"https:\/\/super-news.info\/pl\/wp-content\/uploads\/sites\/6\/2019\/04\/1554911038_307_65-proc.-Polakow-obejdzie-sie-bez-social-media.-Wiekszosc-za.png\" style=\"width: 487px; height: 866px;\"\/><br \/><img decoding=\"async\" alt=\"\" src=\"https:\/\/super-news.info\/pl\/wp-content\/uploads\/sites\/6\/2019\/04\/1554911038_745_65-proc.-Polakow-obejdzie-sie-bez-social-media.-Wiekszosc-za.png\" style=\"width: 487px; height: 866px;\"\/><br \/><img decoding=\"async\" alt=\"\" src=\"https:\/\/super-news.info\/pl\/wp-content\/uploads\/sites\/6\/2019\/04\/1554911038_529_65-proc.-Polakow-obejdzie-sie-bez-social-media.-Wiekszosc-za.png\" style=\"width: 487px; height: 866px;\"\/><br \/><img decoding=\"async\" alt=\"\" src=\"https:\/\/super-news.info\/pl\/wp-content\/uploads\/sites\/6\/2019\/04\/1554911038_236_65-proc.-Polakow-obejdzie-sie-bez-social-media.-Wiekszosc-za.png\" style=\"width: 487px; height: 866px;\"\/><br \/><img decoding=\"async\" alt=\"\" src=\"https:\/\/super-news.info\/pl\/wp-content\/uploads\/sites\/6\/2019\/04\/1554911039_103_65-proc.-Polakow-obejdzie-sie-bez-social-media.-Wiekszosc-za.png\" style=\"width: 487px; height: 866px;\"\/><br \/><img decoding=\"async\" alt=\"\" src=\"https:\/\/super-news.info\/pl\/wp-content\/uploads\/sites\/6\/2019\/04\/1554911039_252_65-proc.-Polakow-obejdzie-sie-bez-social-media.-Wiekszosc-za.png\" style=\"width: 487px; height: 866px;\"\/><br \/><img decoding=\"async\" alt=\"\" src=\"https:\/\/super-news.info\/pl\/wp-content\/uploads\/sites\/6\/2019\/04\/1554911039_363_65-proc.-Polakow-obejdzie-sie-bez-social-media.-Wiekszosc-za.png\" style=\"width: 487px; height: 866px;\"\/><br \/><img decoding=\"async\" alt=\"\" src=\"https:\/\/super-news.info\/pl\/wp-content\/uploads\/sites\/6\/2019\/04\/1554911039_907_65-proc.-Polakow-obejdzie-sie-bez-social-media.-Wiekszosc-za.png\" style=\"width: 487px; height: 866px;\"\/><br \/><img decoding=\"async\" alt=\"\" src=\"https:\/\/super-news.info\/pl\/wp-content\/uploads\/sites\/6\/2019\/04\/1554911039_487_65-proc.-Polakow-obejdzie-sie-bez-social-media.-Wiekszosc-za.png\" style=\"width: 487px; height: 866px;\"\/><br \/><img decoding=\"async\" alt=\"\" src=\"https:\/\/super-news.info\/pl\/wp-content\/uploads\/sites\/6\/2019\/04\/1554911039_665_65-proc.-Polakow-obejdzie-sie-bez-social-media.-Wiekszosc-za.png\" style=\"width: 487px; height: 866px;\"\/><br \/><img decoding=\"async\" alt=\"\" src=\"https:\/\/super-news.info\/pl\/wp-content\/uploads\/sites\/6\/2019\/04\/1554911039_192_65-proc.-Polakow-obejdzie-sie-bez-social-media.-Wiekszosc-za.png\" style=\"width: 487px; height: 866px;\"\/><br \/><img decoding=\"async\" alt=\"\" src=\"https:\/\/super-news.info\/pl\/wp-content\/uploads\/sites\/6\/2019\/04\/1554911039_984_65-proc.-Polakow-obejdzie-sie-bez-social-media.-Wiekszosc-za.png\" style=\"width: 487px; height: 866px;\"\/><br \/><img decoding=\"async\" alt=\"\" src=\"https:\/\/super-news.info\/pl\/wp-content\/uploads\/sites\/6\/2019\/04\/1554911039_743_65-proc.-Polakow-obejdzie-sie-bez-social-media.-Wiekszosc-za.png\" style=\"width: 487px; height: 866px;\"\/><br \/><img decoding=\"async\" alt=\"\" src=\"https:\/\/super-news.info\/pl\/wp-content\/uploads\/sites\/6\/2019\/04\/1554911039_766_65-proc.-Polakow-obejdzie-sie-bez-social-media.-Wiekszosc-za.png\" style=\"width: 487px; height: 866px;\"\/><br \/><img decoding=\"async\" alt=\"\" src=\"https:\/\/super-news.info\/pl\/wp-content\/uploads\/sites\/6\/2019\/04\/1554911039_729_65-proc.-Polakow-obejdzie-sie-bez-social-media.-Wiekszosc-za.png\" style=\"width: 487px; height: 866px;\"\/><br \/><img decoding=\"async\" alt=\"\" src=\"https:\/\/super-news.info\/pl\/wp-content\/uploads\/sites\/6\/2019\/04\/1554911039_90_65-proc.-Polakow-obejdzie-sie-bez-social-media.-Wiekszosc-za.png\" style=\"width: 487px; height: 866px;\"\/><br \/><img decoding=\"async\" alt=\"\" src=\"https:\/\/super-news.info\/pl\/wp-content\/uploads\/sites\/6\/2019\/04\/1554911039_501_65-proc.-Polakow-obejdzie-sie-bez-social-media.-Wiekszosc-za.png\" style=\"width: 487px; height: 866px;\"\/><br \/><img decoding=\"async\" alt=\"\" src=\"https:\/\/super-news.info\/pl\/wp-content\/uploads\/sites\/6\/2019\/04\/1554911039_987_65-proc.-Polakow-obejdzie-sie-bez-social-media.-Wiekszosc-za.png\" style=\"width: 487px; height: 866px;\"\/><br \/><img decoding=\"async\" alt=\"\" src=\"https:\/\/super-news.info\/pl\/wp-content\/uploads\/sites\/6\/2019\/04\/1554911039_836_65-proc.-Polakow-obejdzie-sie-bez-social-media.-Wiekszosc-za.png\" style=\"width: 487px; height: 866px;\"\/><br \/><img decoding=\"async\" alt=\"\" src=\"https:\/\/super-news.info\/pl\/wp-content\/uploads\/sites\/6\/2019\/04\/1554911039_542_65-proc.-Polakow-obejdzie-sie-bez-social-media.-Wiekszosc-za.png\" style=\"width: 487px; height: 866px;\"\/><br \/><img decoding=\"async\" alt=\"\" src=\"https:\/\/super-news.info\/pl\/wp-content\/uploads\/sites\/6\/2019\/04\/1554911039_666_65-proc.-Polakow-obejdzie-sie-bez-social-media.-Wiekszosc-za.png\" style=\"width: 487px; height: 866px;\"\/><br \/><img decoding=\"async\" alt=\"\" src=\"https:\/\/super-news.info\/pl\/wp-content\/uploads\/sites\/6\/2019\/04\/1554911039_593_65-proc.-Polakow-obejdzie-sie-bez-social-media.-Wiekszosc-za.png\" style=\"width: 487px; height: 866px;\"\/><br \/><img decoding=\"async\" alt=\"\" src=\"https:\/\/super-news.info\/pl\/wp-content\/uploads\/sites\/6\/2019\/04\/1554911039_584_65-proc.-Polakow-obejdzie-sie-bez-social-media.-Wiekszosc-za.png\" style=\"width: 487px; height: 866px;\"\/><\/p>\n<p>&#13;<br \/>\n&#13;<\/p>\n<p><em>Badanie agencji Difference przeprowadzone zosta\u0142o w dniach 14-17 grudnia 2018 r., na panelu Ariadna, metod\u0105 CAWI, na pr\u00f3bie og\u00f3lnopolskiej os\u00f3b od 18 lat wzwy\u017c (N=1044). Kwoty dobrano wg reprezentacji w populacji dla p\u0142ci, wieku i wielko\u015bci miejscowo\u015bci zamieszkiwania og\u00f3\u0142u Polak\u00f3w.<\/em><\/p>\n<p>&#13;<br \/>\n                            &#13;<br \/>\n&#13;<br \/>\n                            &#13;<br \/>\n&#13;<br \/>\n&#13;<br \/>\n&#13;<br \/>\n&#13;<br \/>\n&#13;<br \/>\n                            &#13;<br \/>\n                                                            &#13;<br \/>\n&#13;<br \/>\n                            &#13;\n                        <\/p><\/div>\n<p><script>(function (d, s, id) {\n        var js, fjs = d.getElementsByTagName(s)[0];\n        if (d.getElementById(id)) return;\n        js = d.createElement(s);\n        js.id = id;\n        js.src = \"http:\/\/connect.facebook.net\/pl_PL\/sdk.js#xfbml=1&version=v2.6&appId=297996717062470\";\n        fjs.parentNode.insertBefore(js, fjs);\n    }(document, 'script', 'facebook-jssdk'));<\/script><br \/>\n<br \/>[ad_2]<br \/>\n<br \/><a href=\"https:\/\/www.wirtualnemedia.pl\/artykul\/65-proc-polakow-obejdzie-sie-bez-social-media-wiekszosc-za-in-vitro-i-kara-smierci-przeciw-imigrantom-i-noblowi-dla-walesy\">Source link <\/a><\/p>\n","protected":false},"excerpt":{"rendered":"<p>[ad_1] W ramach sonda\u017cu badane by\u0142y pogl\u0105dy Polek i Polak\u00f3w na bardzo r\u00f3\u017cne tematy \u2013 od bardzo fundamentalnych, dotycz\u0105cych opinii na temat Unii Europejskiej, religii, czy nas samych, po mniej powa\u017cne i zabawne, dotycz\u0105ce naszych codziennych wybor\u00f3w, przyzwyczaje\u0144 czy preferencji. &#13; &#13; 62,1% Polek i Polak\u00f3w uwa\u017ca, \u017ce nauka religii powinna odbywa\u0107 si\u0119 na plebaniach, [&hellip;]<\/p>\n","protected":false},"author":2,"featured_media":125,"comment_status":"open","ping_status":"open","sticky":false,"template":"","format":"standard","meta":{"footnotes":""},"categories":[3],"tags":[],"class_list":["post-124","post","type-post","status-publish","format-standard","has-post-thumbnail","hentry","category-wiadomosci-marketingowe"],"yoast_head":"<!-- This site is optimized with the Yoast SEO plugin v27.4 - https:\/\/yoast.com\/product\/yoast-seo-wordpress\/ -->\n<title>65 proc. Polak\u00f3w obejdzie si\u0119 bez social media. Wi\u0119kszo\u015b\u0107 za in vitro i kar\u0105 \u015bmierci, przeciw imigrantom i Noblowi dla Wa\u0142\u0119sy - Super News<\/title>\n<meta name=\"robots\" content=\"index, follow, max-snippet:-1, max-image-preview:large, max-video-preview:-1\" \/>\n<link rel=\"canonical\" href=\"https:\/\/super-news.info\/pl\/65-proc-polakow-obejdzie-sie-bez-social-media-wiekszosc-za-in-vitro-i-kara-smierci-przeciw-imigrantom-i-noblowi-dla-walesy\/\" \/>\n<meta property=\"og:locale\" content=\"pl_PL\" \/>\n<meta property=\"og:type\" content=\"article\" \/>\n<meta property=\"og:title\" content=\"65 proc. Polak\u00f3w obejdzie si\u0119 bez social media. Wi\u0119kszo\u015b\u0107 za in vitro i kar\u0105 \u015bmierci, przeciw imigrantom i Noblowi dla Wa\u0142\u0119sy - Super News\" \/>\n<meta property=\"og:description\" content=\"[ad_1] W ramach sonda\u017cu badane by\u0142y pogl\u0105dy Polek i Polak\u00f3w na bardzo r\u00f3\u017cne tematy \u2013 od bardzo fundamentalnych, dotycz\u0105cych opinii na temat Unii Europejskiej, religii, czy nas samych, po mniej powa\u017cne i zabawne, dotycz\u0105ce naszych codziennych wybor\u00f3w, przyzwyczaje\u0144 czy preferencji. &#013; &#013; 62,1% Polek i Polak\u00f3w uwa\u017ca, \u017ce nauka religii powinna odbywa\u0107 si\u0119 na plebaniach, [&hellip;]\" \/>\n<meta property=\"og:url\" content=\"https:\/\/super-news.info\/pl\/65-proc-polakow-obejdzie-sie-bez-social-media-wiekszosc-za-in-vitro-i-kara-smierci-przeciw-imigrantom-i-noblowi-dla-walesy\/\" \/>\n<meta property=\"og:site_name\" content=\"Super News\" \/>\n<meta property=\"article:published_time\" content=\"2019-04-10T15:43:59+00:00\" \/>\n<meta property=\"article:modified_time\" content=\"2019-04-10T15:44:00+00:00\" \/>\n<meta property=\"og:image\" content=\"https:\/\/super-news.info\/pl\/wp-content\/uploads\/sites\/6\/2019\/04\/65-proc.-Polak\u00f3w-obejdzie-si\u0119-bez-social-media.-Wi\u0119kszo\u015b\u0107-za.png\" \/>\n\t<meta property=\"og:image:width\" content=\"487\" \/>\n\t<meta property=\"og:image:height\" content=\"866\" \/>\n\t<meta property=\"og:image:type\" content=\"image\/png\" \/>\n<meta name=\"author\" content=\"super-news\" \/>\n<meta name=\"twitter:card\" content=\"summary_large_image\" \/>\n<meta name=\"twitter:label1\" content=\"Napisane przez\" \/>\n\t<meta name=\"twitter:data1\" content=\"super-news\" \/>\n\t<meta name=\"twitter:label2\" content=\"Szacowany czas czytania\" \/>\n\t<meta name=\"twitter:data2\" content=\"1 minuta\" \/>\n<script type=\"application\/ld+json\" class=\"yoast-schema-graph\">{\"@context\":\"https:\\\/\\\/schema.org\",\"@graph\":[{\"@type\":\"Article\",\"@id\":\"https:\\\/\\\/super-news.info\\\/pl\\\/65-proc-polakow-obejdzie-sie-bez-social-media-wiekszosc-za-in-vitro-i-kara-smierci-przeciw-imigrantom-i-noblowi-dla-walesy\\\/#article\",\"isPartOf\":{\"@id\":\"https:\\\/\\\/super-news.info\\\/pl\\\/65-proc-polakow-obejdzie-sie-bez-social-media-wiekszosc-za-in-vitro-i-kara-smierci-przeciw-imigrantom-i-noblowi-dla-walesy\\\/\"},\"author\":{\"name\":\"super-news\",\"@id\":\"https:\\\/\\\/super-news.info\\\/pl\\\/#\\\/schema\\\/person\\\/2d4068cb2f39cd10008c2fce578a7356\"},\"headline\":\"65 proc. Polak\u00f3w obejdzie si\u0119 bez social media. Wi\u0119kszo\u015b\u0107 za in vitro i kar\u0105 \u015bmierci, przeciw imigrantom i Noblowi dla Wa\u0142\u0119sy\",\"datePublished\":\"2019-04-10T15:43:59+00:00\",\"dateModified\":\"2019-04-10T15:44:00+00:00\",\"mainEntityOfPage\":{\"@id\":\"https:\\\/\\\/super-news.info\\\/pl\\\/65-proc-polakow-obejdzie-sie-bez-social-media-wiekszosc-za-in-vitro-i-kara-smierci-przeciw-imigrantom-i-noblowi-dla-walesy\\\/\"},\"wordCount\":315,\"commentCount\":0,\"image\":{\"@id\":\"https:\\\/\\\/super-news.info\\\/pl\\\/65-proc-polakow-obejdzie-sie-bez-social-media-wiekszosc-za-in-vitro-i-kara-smierci-przeciw-imigrantom-i-noblowi-dla-walesy\\\/#primaryimage\"},\"thumbnailUrl\":\"https:\\\/\\\/super-news.info\\\/pl\\\/wp-content\\\/uploads\\\/sites\\\/6\\\/2019\\\/04\\\/65-proc.-Polak\u00f3w-obejdzie-si\u0119-bez-social-media.-Wi\u0119kszo\u015b\u0107-za.png\",\"articleSection\":[\"WIADOMO\u015aCI MARKETINGOWE\"],\"inLanguage\":\"pl-PL\",\"potentialAction\":[{\"@type\":\"CommentAction\",\"name\":\"Comment\",\"target\":[\"https:\\\/\\\/super-news.info\\\/pl\\\/65-proc-polakow-obejdzie-sie-bez-social-media-wiekszosc-za-in-vitro-i-kara-smierci-przeciw-imigrantom-i-noblowi-dla-walesy\\\/#respond\"]}]},{\"@type\":\"WebPage\",\"@id\":\"https:\\\/\\\/super-news.info\\\/pl\\\/65-proc-polakow-obejdzie-sie-bez-social-media-wiekszosc-za-in-vitro-i-kara-smierci-przeciw-imigrantom-i-noblowi-dla-walesy\\\/\",\"url\":\"https:\\\/\\\/super-news.info\\\/pl\\\/65-proc-polakow-obejdzie-sie-bez-social-media-wiekszosc-za-in-vitro-i-kara-smierci-przeciw-imigrantom-i-noblowi-dla-walesy\\\/\",\"name\":\"65 proc. Polak\u00f3w obejdzie si\u0119 bez social media. Wi\u0119kszo\u015b\u0107 za in vitro i kar\u0105 \u015bmierci, przeciw imigrantom i Noblowi dla Wa\u0142\u0119sy - Super News\",\"isPartOf\":{\"@id\":\"https:\\\/\\\/super-news.info\\\/pl\\\/#website\"},\"primaryImageOfPage\":{\"@id\":\"https:\\\/\\\/super-news.info\\\/pl\\\/65-proc-polakow-obejdzie-sie-bez-social-media-wiekszosc-za-in-vitro-i-kara-smierci-przeciw-imigrantom-i-noblowi-dla-walesy\\\/#primaryimage\"},\"image\":{\"@id\":\"https:\\\/\\\/super-news.info\\\/pl\\\/65-proc-polakow-obejdzie-sie-bez-social-media-wiekszosc-za-in-vitro-i-kara-smierci-przeciw-imigrantom-i-noblowi-dla-walesy\\\/#primaryimage\"},\"thumbnailUrl\":\"https:\\\/\\\/super-news.info\\\/pl\\\/wp-content\\\/uploads\\\/sites\\\/6\\\/2019\\\/04\\\/65-proc.-Polak\u00f3w-obejdzie-si\u0119-bez-social-media.-Wi\u0119kszo\u015b\u0107-za.png\",\"datePublished\":\"2019-04-10T15:43:59+00:00\",\"dateModified\":\"2019-04-10T15:44:00+00:00\",\"author\":{\"@id\":\"https:\\\/\\\/super-news.info\\\/pl\\\/#\\\/schema\\\/person\\\/2d4068cb2f39cd10008c2fce578a7356\"},\"breadcrumb\":{\"@id\":\"https:\\\/\\\/super-news.info\\\/pl\\\/65-proc-polakow-obejdzie-sie-bez-social-media-wiekszosc-za-in-vitro-i-kara-smierci-przeciw-imigrantom-i-noblowi-dla-walesy\\\/#breadcrumb\"},\"inLanguage\":\"pl-PL\",\"potentialAction\":[{\"@type\":\"ReadAction\",\"target\":[\"https:\\\/\\\/super-news.info\\\/pl\\\/65-proc-polakow-obejdzie-sie-bez-social-media-wiekszosc-za-in-vitro-i-kara-smierci-przeciw-imigrantom-i-noblowi-dla-walesy\\\/\"]}]},{\"@type\":\"ImageObject\",\"inLanguage\":\"pl-PL\",\"@id\":\"https:\\\/\\\/super-news.info\\\/pl\\\/65-proc-polakow-obejdzie-sie-bez-social-media-wiekszosc-za-in-vitro-i-kara-smierci-przeciw-imigrantom-i-noblowi-dla-walesy\\\/#primaryimage\",\"url\":\"https:\\\/\\\/super-news.info\\\/pl\\\/wp-content\\\/uploads\\\/sites\\\/6\\\/2019\\\/04\\\/65-proc.-Polak\u00f3w-obejdzie-si\u0119-bez-social-media.-Wi\u0119kszo\u015b\u0107-za.png\",\"contentUrl\":\"https:\\\/\\\/super-news.info\\\/pl\\\/wp-content\\\/uploads\\\/sites\\\/6\\\/2019\\\/04\\\/65-proc.-Polak\u00f3w-obejdzie-si\u0119-bez-social-media.-Wi\u0119kszo\u015b\u0107-za.png\",\"width\":487,\"height\":866,\"caption\":\"65 proc. Polak\u00f3w obejdzie si\u0119 bez social media. Wi\u0119kszo\u015b\u0107 za in vitro i kar\u0105 \u015bmierci, przeciw imigrantom i Noblowi dla Wa\u0142\u0119sy\"},{\"@type\":\"BreadcrumbList\",\"@id\":\"https:\\\/\\\/super-news.info\\\/pl\\\/65-proc-polakow-obejdzie-sie-bez-social-media-wiekszosc-za-in-vitro-i-kara-smierci-przeciw-imigrantom-i-noblowi-dla-walesy\\\/#breadcrumb\",\"itemListElement\":[{\"@type\":\"ListItem\",\"position\":1,\"name\":\"\u0413\u043b\u0430\u0432\u043d\u0430\u044f \u0441\u0442\u0440\u0430\u043d\u0438\u0446\u0430\",\"item\":\"https:\\\/\\\/super-news.info\\\/pl\\\/\"},{\"@type\":\"ListItem\",\"position\":2,\"name\":\"65 proc. Polak\u00f3w obejdzie si\u0119 bez social media. Wi\u0119kszo\u015b\u0107 za in vitro i kar\u0105 \u015bmierci, przeciw imigrantom i Noblowi dla Wa\u0142\u0119sy\"}]},{\"@type\":\"WebSite\",\"@id\":\"https:\\\/\\\/super-news.info\\\/pl\\\/#website\",\"url\":\"https:\\\/\\\/super-news.info\\\/pl\\\/\",\"name\":\"Super News\",\"description\":\"Super News Polska\",\"potentialAction\":[{\"@type\":\"SearchAction\",\"target\":{\"@type\":\"EntryPoint\",\"urlTemplate\":\"https:\\\/\\\/super-news.info\\\/pl\\\/?s={search_term_string}\"},\"query-input\":{\"@type\":\"PropertyValueSpecification\",\"valueRequired\":true,\"valueName\":\"search_term_string\"}}],\"inLanguage\":\"pl-PL\"},{\"@type\":\"Person\",\"@id\":\"https:\\\/\\\/super-news.info\\\/pl\\\/#\\\/schema\\\/person\\\/2d4068cb2f39cd10008c2fce578a7356\",\"name\":\"super-news\",\"image\":{\"@type\":\"ImageObject\",\"inLanguage\":\"pl-PL\",\"@id\":\"https:\\\/\\\/secure.gravatar.com\\\/avatar\\\/64ebac40b93f26a154f8a9b5b6fdccfc46f442b26b3dd6756dbff3bf9dc76fd7?s=96&d=mm&r=g\",\"url\":\"https:\\\/\\\/secure.gravatar.com\\\/avatar\\\/64ebac40b93f26a154f8a9b5b6fdccfc46f442b26b3dd6756dbff3bf9dc76fd7?s=96&d=mm&r=g\",\"contentUrl\":\"https:\\\/\\\/secure.gravatar.com\\\/avatar\\\/64ebac40b93f26a154f8a9b5b6fdccfc46f442b26b3dd6756dbff3bf9dc76fd7?s=96&d=mm&r=g\",\"caption\":\"super-news\"},\"url\":\"https:\\\/\\\/super-news.info\\\/pl\\\/author\\\/pt\\\/\"}]}<\/script>\n<!-- \/ Yoast SEO plugin. -->","yoast_head_json":{"title":"65 proc. Polak\u00f3w obejdzie si\u0119 bez social media. Wi\u0119kszo\u015b\u0107 za in vitro i kar\u0105 \u015bmierci, przeciw imigrantom i Noblowi dla Wa\u0142\u0119sy - Super News","robots":{"index":"index","follow":"follow","max-snippet":"max-snippet:-1","max-image-preview":"max-image-preview:large","max-video-preview":"max-video-preview:-1"},"canonical":"https:\/\/super-news.info\/pl\/65-proc-polakow-obejdzie-sie-bez-social-media-wiekszosc-za-in-vitro-i-kara-smierci-przeciw-imigrantom-i-noblowi-dla-walesy\/","og_locale":"pl_PL","og_type":"article","og_title":"65 proc. Polak\u00f3w obejdzie si\u0119 bez social media. Wi\u0119kszo\u015b\u0107 za in vitro i kar\u0105 \u015bmierci, przeciw imigrantom i Noblowi dla Wa\u0142\u0119sy - Super News","og_description":"[ad_1] W ramach sonda\u017cu badane by\u0142y pogl\u0105dy Polek i Polak\u00f3w na bardzo r\u00f3\u017cne tematy \u2013 od bardzo fundamentalnych, dotycz\u0105cych opinii na temat Unii Europejskiej, religii, czy nas samych, po mniej powa\u017cne i zabawne, dotycz\u0105ce naszych codziennych wybor\u00f3w, przyzwyczaje\u0144 czy preferencji. &#13; &#13; 62,1% Polek i Polak\u00f3w uwa\u017ca, \u017ce nauka religii powinna odbywa\u0107 si\u0119 na plebaniach, [&hellip;]","og_url":"https:\/\/super-news.info\/pl\/65-proc-polakow-obejdzie-sie-bez-social-media-wiekszosc-za-in-vitro-i-kara-smierci-przeciw-imigrantom-i-noblowi-dla-walesy\/","og_site_name":"Super News","article_published_time":"2019-04-10T15:43:59+00:00","article_modified_time":"2019-04-10T15:44:00+00:00","og_image":[{"width":487,"height":866,"url":"https:\/\/super-news.info\/pl\/wp-content\/uploads\/sites\/6\/2019\/04\/65-proc.-Polak\u00f3w-obejdzie-si\u0119-bez-social-media.-Wi\u0119kszo\u015b\u0107-za.png","type":"image\/png"}],"author":"super-news","twitter_card":"summary_large_image","twitter_misc":{"Napisane przez":"super-news","Szacowany czas czytania":"1 minuta"},"schema":{"@context":"https:\/\/schema.org","@graph":[{"@type":"Article","@id":"https:\/\/super-news.info\/pl\/65-proc-polakow-obejdzie-sie-bez-social-media-wiekszosc-za-in-vitro-i-kara-smierci-przeciw-imigrantom-i-noblowi-dla-walesy\/#article","isPartOf":{"@id":"https:\/\/super-news.info\/pl\/65-proc-polakow-obejdzie-sie-bez-social-media-wiekszosc-za-in-vitro-i-kara-smierci-przeciw-imigrantom-i-noblowi-dla-walesy\/"},"author":{"name":"super-news","@id":"https:\/\/super-news.info\/pl\/#\/schema\/person\/2d4068cb2f39cd10008c2fce578a7356"},"headline":"65 proc. Polak\u00f3w obejdzie si\u0119 bez social media. Wi\u0119kszo\u015b\u0107 za in vitro i kar\u0105 \u015bmierci, przeciw imigrantom i Noblowi dla Wa\u0142\u0119sy","datePublished":"2019-04-10T15:43:59+00:00","dateModified":"2019-04-10T15:44:00+00:00","mainEntityOfPage":{"@id":"https:\/\/super-news.info\/pl\/65-proc-polakow-obejdzie-sie-bez-social-media-wiekszosc-za-in-vitro-i-kara-smierci-przeciw-imigrantom-i-noblowi-dla-walesy\/"},"wordCount":315,"commentCount":0,"image":{"@id":"https:\/\/super-news.info\/pl\/65-proc-polakow-obejdzie-sie-bez-social-media-wiekszosc-za-in-vitro-i-kara-smierci-przeciw-imigrantom-i-noblowi-dla-walesy\/#primaryimage"},"thumbnailUrl":"https:\/\/super-news.info\/pl\/wp-content\/uploads\/sites\/6\/2019\/04\/65-proc.-Polak\u00f3w-obejdzie-si\u0119-bez-social-media.-Wi\u0119kszo\u015b\u0107-za.png","articleSection":["WIADOMO\u015aCI MARKETINGOWE"],"inLanguage":"pl-PL","potentialAction":[{"@type":"CommentAction","name":"Comment","target":["https:\/\/super-news.info\/pl\/65-proc-polakow-obejdzie-sie-bez-social-media-wiekszosc-za-in-vitro-i-kara-smierci-przeciw-imigrantom-i-noblowi-dla-walesy\/#respond"]}]},{"@type":"WebPage","@id":"https:\/\/super-news.info\/pl\/65-proc-polakow-obejdzie-sie-bez-social-media-wiekszosc-za-in-vitro-i-kara-smierci-przeciw-imigrantom-i-noblowi-dla-walesy\/","url":"https:\/\/super-news.info\/pl\/65-proc-polakow-obejdzie-sie-bez-social-media-wiekszosc-za-in-vitro-i-kara-smierci-przeciw-imigrantom-i-noblowi-dla-walesy\/","name":"65 proc. Polak\u00f3w obejdzie si\u0119 bez social media. Wi\u0119kszo\u015b\u0107 za in vitro i kar\u0105 \u015bmierci, przeciw imigrantom i Noblowi dla Wa\u0142\u0119sy - Super News","isPartOf":{"@id":"https:\/\/super-news.info\/pl\/#website"},"primaryImageOfPage":{"@id":"https:\/\/super-news.info\/pl\/65-proc-polakow-obejdzie-sie-bez-social-media-wiekszosc-za-in-vitro-i-kara-smierci-przeciw-imigrantom-i-noblowi-dla-walesy\/#primaryimage"},"image":{"@id":"https:\/\/super-news.info\/pl\/65-proc-polakow-obejdzie-sie-bez-social-media-wiekszosc-za-in-vitro-i-kara-smierci-przeciw-imigrantom-i-noblowi-dla-walesy\/#primaryimage"},"thumbnailUrl":"https:\/\/super-news.info\/pl\/wp-content\/uploads\/sites\/6\/2019\/04\/65-proc.-Polak\u00f3w-obejdzie-si\u0119-bez-social-media.-Wi\u0119kszo\u015b\u0107-za.png","datePublished":"2019-04-10T15:43:59+00:00","dateModified":"2019-04-10T15:44:00+00:00","author":{"@id":"https:\/\/super-news.info\/pl\/#\/schema\/person\/2d4068cb2f39cd10008c2fce578a7356"},"breadcrumb":{"@id":"https:\/\/super-news.info\/pl\/65-proc-polakow-obejdzie-sie-bez-social-media-wiekszosc-za-in-vitro-i-kara-smierci-przeciw-imigrantom-i-noblowi-dla-walesy\/#breadcrumb"},"inLanguage":"pl-PL","potentialAction":[{"@type":"ReadAction","target":["https:\/\/super-news.info\/pl\/65-proc-polakow-obejdzie-sie-bez-social-media-wiekszosc-za-in-vitro-i-kara-smierci-przeciw-imigrantom-i-noblowi-dla-walesy\/"]}]},{"@type":"ImageObject","inLanguage":"pl-PL","@id":"https:\/\/super-news.info\/pl\/65-proc-polakow-obejdzie-sie-bez-social-media-wiekszosc-za-in-vitro-i-kara-smierci-przeciw-imigrantom-i-noblowi-dla-walesy\/#primaryimage","url":"https:\/\/super-news.info\/pl\/wp-content\/uploads\/sites\/6\/2019\/04\/65-proc.-Polak\u00f3w-obejdzie-si\u0119-bez-social-media.-Wi\u0119kszo\u015b\u0107-za.png","contentUrl":"https:\/\/super-news.info\/pl\/wp-content\/uploads\/sites\/6\/2019\/04\/65-proc.-Polak\u00f3w-obejdzie-si\u0119-bez-social-media.-Wi\u0119kszo\u015b\u0107-za.png","width":487,"height":866,"caption":"65 proc. Polak\u00f3w obejdzie si\u0119 bez social media. Wi\u0119kszo\u015b\u0107 za in vitro i kar\u0105 \u015bmierci, przeciw imigrantom i Noblowi dla Wa\u0142\u0119sy"},{"@type":"BreadcrumbList","@id":"https:\/\/super-news.info\/pl\/65-proc-polakow-obejdzie-sie-bez-social-media-wiekszosc-za-in-vitro-i-kara-smierci-przeciw-imigrantom-i-noblowi-dla-walesy\/#breadcrumb","itemListElement":[{"@type":"ListItem","position":1,"name":"\u0413\u043b\u0430\u0432\u043d\u0430\u044f \u0441\u0442\u0440\u0430\u043d\u0438\u0446\u0430","item":"https:\/\/super-news.info\/pl\/"},{"@type":"ListItem","position":2,"name":"65 proc. Polak\u00f3w obejdzie si\u0119 bez social media. Wi\u0119kszo\u015b\u0107 za in vitro i kar\u0105 \u015bmierci, przeciw imigrantom i Noblowi dla Wa\u0142\u0119sy"}]},{"@type":"WebSite","@id":"https:\/\/super-news.info\/pl\/#website","url":"https:\/\/super-news.info\/pl\/","name":"Super News","description":"Super News Polska","potentialAction":[{"@type":"SearchAction","target":{"@type":"EntryPoint","urlTemplate":"https:\/\/super-news.info\/pl\/?s={search_term_string}"},"query-input":{"@type":"PropertyValueSpecification","valueRequired":true,"valueName":"search_term_string"}}],"inLanguage":"pl-PL"},{"@type":"Person","@id":"https:\/\/super-news.info\/pl\/#\/schema\/person\/2d4068cb2f39cd10008c2fce578a7356","name":"super-news","image":{"@type":"ImageObject","inLanguage":"pl-PL","@id":"https:\/\/secure.gravatar.com\/avatar\/64ebac40b93f26a154f8a9b5b6fdccfc46f442b26b3dd6756dbff3bf9dc76fd7?s=96&d=mm&r=g","url":"https:\/\/secure.gravatar.com\/avatar\/64ebac40b93f26a154f8a9b5b6fdccfc46f442b26b3dd6756dbff3bf9dc76fd7?s=96&d=mm&r=g","contentUrl":"https:\/\/secure.gravatar.com\/avatar\/64ebac40b93f26a154f8a9b5b6fdccfc46f442b26b3dd6756dbff3bf9dc76fd7?s=96&d=mm&r=g","caption":"super-news"},"url":"https:\/\/super-news.info\/pl\/author\/pt\/"}]}},"_links":{"self":[{"href":"https:\/\/super-news.info\/pl\/wp-json\/wp\/v2\/posts\/124","targetHints":{"allow":["GET"]}}],"collection":[{"href":"https:\/\/super-news.info\/pl\/wp-json\/wp\/v2\/posts"}],"about":[{"href":"https:\/\/super-news.info\/pl\/wp-json\/wp\/v2\/types\/post"}],"author":[{"embeddable":true,"href":"https:\/\/super-news.info\/pl\/wp-json\/wp\/v2\/users\/2"}],"replies":[{"embeddable":true,"href":"https:\/\/super-news.info\/pl\/wp-json\/wp\/v2\/comments?post=124"}],"version-history":[{"count":1,"href":"https:\/\/super-news.info\/pl\/wp-json\/wp\/v2\/posts\/124\/revisions"}],"predecessor-version":[{"id":126,"href":"https:\/\/super-news.info\/pl\/wp-json\/wp\/v2\/posts\/124\/revisions\/126"}],"wp:featuredmedia":[{"embeddable":true,"href":"https:\/\/super-news.info\/pl\/wp-json\/wp\/v2\/media\/125"}],"wp:attachment":[{"href":"https:\/\/super-news.info\/pl\/wp-json\/wp\/v2\/media?parent=124"}],"wp:term":[{"taxonomy":"category","embeddable":true,"href":"https:\/\/super-news.info\/pl\/wp-json\/wp\/v2\/categories?post=124"},{"taxonomy":"post_tag","embeddable":true,"href":"https:\/\/super-news.info\/pl\/wp-json\/wp\/v2\/tags?post=124"}],"curies":[{"name":"wp","href":"https:\/\/api.w.org\/{rel}","templated":true}]}}