{"id":113,"date":"2019-04-10T09:33:43","date_gmt":"2019-04-10T06:33:43","guid":{"rendered":"https:\/\/super-news.info\/pl\/wiadomosci-marketingowe\/nielsen-rezygnuje-z-przetargu-tvp-na-badanie-ogladalnosci-bez-telemetrii-telewizja-polska-nie-wyceni-swojego-czasu-reklamowego\/"},"modified":"2019-04-10T09:33:45","modified_gmt":"2019-04-10T06:33:45","slug":"nielsen-rezygnuje-z-przetargu-tvp-na-badanie-ogladalnosci-bez-telemetrii-telewizja-polska-nie-wyceni-swojego-czasu-reklamowego","status":"publish","type":"post","link":"https:\/\/super-news.info\/pl\/nielsen-rezygnuje-z-przetargu-tvp-na-badanie-ogladalnosci-bez-telemetrii-telewizja-polska-nie-wyceni-swojego-czasu-reklamowego\/","title":{"rendered":"Nielsen rezygnuje z przetargu TVP na badanie ogl\u0105dalno\u015bci. &#8222;Bez telemetrii Telewizja Polska nie wyceni swojego czasu reklamowego&#8221;"},"content":{"rendered":"<p> [ad_1]<br \/>\n<\/p>\n<div id=\"\">\n<p>W czwartek 7 marca br., o godz. 12 up\u0142yn\u0105\u0142 termin sk\u0142adania ofert w og\u0142oszonym w lutym przez Telewizj\u0119 Polsk\u0105 przetargu na dostaw\u0119 danych telemetrycznych przez okres roku od momentu podpisania umowy.<\/p>\n<p>&#13;<br \/>\n&#13;<\/p>\n<p>Obecnie realizuj\u0105ca te badania jako jedyna na rynku firma <strong>Nielsen (AGB Nielsen Media Research), poinformowa\u0142a w ci\u0105gu dnia, \u017ce do przetargu nie przyst\u0105pi\u0142a. <\/strong>Wcze\u015bniej te\u017c nie deklarowa\u0142a pewnego w nim udzia\u0142u, bo gdy TVP przetarg og\u0142osi\u0142a, Nielsen w rozmowie z Wirtualnemedia.pl przekaza\u0142, \u017ce przeanalizuje dokumenty przetargowe i dopiero na tej podstawie podejmie decyzj\u0119 o udziale w przetargu.<\/p>\n<p>&#13;<br \/>\n&#13;<\/p>\n<p>W dniu sk\u0142adania ofert Nielsen poinformowa\u0142, \u017ce nie we\u017amie udzia\u0142u w przetargu. &#8211; N<strong>a udzia\u0142 w post\u0119powaniu nie pozwalaj\u0105 nam zasady i warunki zawarte w dokumentacji przetargowej.<\/strong> Na li\u015bcie naszych kluczowych w\u0105tpliwo\u015bci i zastrze\u017ce\u0144, kt\u00f3re zmusi\u0142y nas do podj\u0119cia tej trudnej decyzji, znajduj\u0105 si\u0119 takie elementy, jak: og\u00f3lny zakres wsp\u00f3\u0142pracy, aspekty kontraktowe, kwestie metodologiczne, warunki komercyjne, zasady audytu oraz kwestie zwi\u0105zane z anonimowo\u015bci\u0105 panelu i danymi wra\u017cliwymi &#8211; uzasadnia biuro prasowe Nielsen w informacji przekazanej Wirtualnemedia.pl.<\/p>\n<p>&#13;<br \/>\n&#13;<\/p>\n<p><span style=\"font-size: 20px;\"><strong>\u201eAudyt potwierdza poprawno\u015b\u0107 rozwi\u0105za\u0144 Nielsena w Polsce\u201d<\/strong><\/span><\/p>\n<p>&#13;<br \/>\n&#13;<\/p>\n<p>Telewizja Polska wielokrotnie kwestionowa\u0142a rzetelno\u015b\u0107 bada\u0144 dostarczanych przez Nielsena. Firma zdecydowa\u0142a si\u0119 na audyt, oferowanych przez siebie us\u0142ug. &#8211; Nasza dzia\u0142alno\u015b\u0107 prowadzona jest zgodnie z mi\u0119dzynarodowymi standardami badawczymi (m.in. ESOMAR oraz GGTAM tworzonego m.in przez Europejsk\u0105 Uni\u0119 Nadawc\u00f3w) i zgodnie z tymi standardami, Nielsen jest regularnie kontrolowany przez niezale\u017cnych, wyspecjalizowanych audytor\u00f3w &#8211; podkre\u015bla Nielsen. Dodaje, \u017ce ostatni audyt rozwi\u0105za\u0144 us\u0142ug i rozwi\u0105za\u0144 Nielsena zwi\u0105zanych z pomiarem ogl\u0105dalno\u015bci w Polsce zosta\u0142 w\u0142a\u015bnie zako\u0144czony przez audytora system\u00f3w telemetrycznych &#8211; firm\u0119 3M3A.<\/p>\n<p>&#13;<br \/>\n&#13;<\/p>\n<p>&#8211; Audyt mia\u0142 zosta\u0107 przeprowadzony w styczniu i lutym 2019 roku i obejmowa\u0142 wszystkie kluczowe elementy pomiaru ogl\u0105dalno\u015bci Nielsena w Polsce, w tym: weryfikacj\u0119 poprawno\u015bci Badania Za\u0142o\u017cycielskiego, weryfikacj\u0119 poprawno\u015bci struktury geograficznej i spo\u0142ecznej panelu, wizyty w gospodarstwach domowych wchodz\u0105cych w sk\u0142ad panelu, weryfikacj\u0119 poprawno\u015bci dzia\u0142ania telemetr\u00f3w, weryfikacj\u0119 poprawno\u015bci danych surowych oraz ich odzwierciedlenia w narz\u0119dziach analitycznych \u2013 zaznacza biuro prasowe Nielsena w Polsce. Wyniki audytu maj\u0105 by\u0107 wkr\u00f3tce dost\u0119pne dla wszystkich klient\u00f3w firmy.<\/p>\n<p>&#8211; Jako Nielsen, pozostajemy wierni naszym zasadom przejrzysto\u015bci i otwarto\u015bci. B\u0119dziemy nadal promowa\u0107 otwarty dialog z TVP. Pozostajemy otwarci do dalszej dyskusji na temat wsp\u00f3\u0142pracy biznesowej w zakresie dostarczania Telewizji Publicznej niezale\u017cnych i obiektywnych danych telemetrycznych &#8211; informuje nam biuro prasowe Nielsena.<\/p>\n<p>&#13;<br \/>\n&#13;<\/p>\n<p><span style=\"font-size: 20px;\"><strong>TVP podwy\u017cszy\u0142a wymagania w przetargu<\/strong><\/span><\/p>\n<p>&#13;<br \/>\n&#13;<\/p>\n<p>Przetarg zorganizowany przez Telewizj\u0119 Polsk\u0105 trwa\u0142 do 7 marca br. Warunkiem udzia\u0142u by\u0142a wp\u0142ata 25 tys. z\u0142 wadium. <strong>Umowa z wybranym w nim instytutem mia\u0142a zosta\u0107 zawarta tylko na okres 12 miesi\u0119cy. Poprzednio &#8211; kontrakty zawierane by\u0142y na kilka lat. <\/strong>Ostatnia umowa z Nielsen Audience Measuerement obowi\u0105zuje od wiosny 2015 roku.<\/p>\n<p>&#13;<br \/>\n&#13;<\/p>\n<p>W por\u00f3wnaniu z przetargiem sprzed czterech lat, TVP wprowadzi\u0142a kilka zmian w zakresie kryteri\u00f3w wsp\u00f3\u0142pracy z wybran\u0105 firm\u0105. Obecnie g\u0142\u00f3wnym i jedynym kryterium wyboru oferty by\u0142a cena \u2013 w 2015 roku cena stanowi\u0142a 90 proc. kryterium, a 10 proc. &#8211; ocena zakresu pomiaru i funkcjonalno\u015bci.<\/p>\n<p>&#13;<br \/>\n&#13;<\/p>\n<p>Teraz wybrana firma badawcza mia\u0142a zapewni\u0107 co najmniej 2350 miernik\u00f3w zainstalowanych w przynajmniej 2000 gospodarstwach domowych (w 2015 roku &#8211; 1750 gospodarstw) z og\u00f3lnopolskiego, reprezentatywnego panelu telemetrycznego oraz dostarczy\u0107 dane ogl\u0105dalno\u015bci co najmniej 200 stacji tv (w 2015 roku \u2013 157 stacji). Teraz dodatkowo mia\u0142a zapewni\u0107 TVP dost\u0119p do danych ogl\u0105dalno\u015bci TVP3 oraz kana\u0142u Active Family, kt\u00f3rego Biuro Reklamy TVP jest brokerem.<\/p>\n<p>&#13;<br \/>\n&#13;<\/p>\n<p>Podobne jak w przetargu sprzed czterech lat, tak\u017ce i teraz dostarczone oprogramowanie mia\u0142o pozwoli\u0107 wykonywa\u0107 co najmniej 12 rodzaj\u00f3w analiz, np. ogl\u0105dalno\u015bci przysz\u0142ych program\u00f3w, blok\u00f3w reklamowych itp., a tak\u017ce ogl\u0105dalno\u015bci przesuni\u0119tej w czasie (TSV) i wynik\u00f3w pomiaru ogl\u0105dalno\u015bci online (przed 4 laty tej analizy nie by\u0142o). Dane telemetryczne mia\u0142y by\u0107 dostarczane TVP na bie\u017c\u0105co codziennie, do godz. 10. Publiczny nadawca oczekiwa\u0142, \u017ce b\u0119dzie m\u00f3g\u0142 zamawia\u0107 je r\u00f3wnie\u017c w soboty i niedziele za po\u015brednictwem wiadomo\u015bci SMS.<\/p>\n<p>&#13;<br \/>\n&#13;<\/p>\n<p><span style=\"font-size: 20px;\"><strong>Dodatkowe badania za\u0142o\u017cycielskie, rotacja 18 proc. panelu <\/strong><\/span><\/p>\n<p>&#13;<br \/>\n&#13;<\/p>\n<p>Wybrany instytut zawieraj\u0105c umow\u0119 z TVP mia\u0142 zobowi\u0105za\u0107 si\u0119 do tego, \u017ce zrealizuje dwa razy w roku, metod\u0105 CAPI, ka\u017cdorazowo na reprezentatywnej pr\u00f3bie przynajmniej 4 000 gospodarstw domowych tzw. badanie za\u0142o\u017cycielskie. Wielko\u015b\u0107 pr\u00f3by tego badania powinna by\u0107 dobrana tak, aby zapewni\u0107 baz\u0119 adres\u00f3w do rekrutacji gospodarstw domowych do panelu telemetrycznego, bez potrzeby realizacji dodatkowych bada\u0144 do cel\u00f3w rekrutacji. Poza tym mia\u0142 zobowi\u0105za\u0107 si\u0119 do tego, \u017ce przynajmniej raz, ale nie wi\u0119cej ni\u017c dwa razy w roku zmieni tzw. uniwersa, okre\u015blaj\u0105ce wielko\u015b\u0107 i struktur\u0119 os\u00f3b i gospodarstw telewizyjnych w Polsce oraz dok\u0142adne odzwierciedlenie tej struktury w konstrukcji panelu telemetrycznego.<\/p>\n<p>&#13;<br \/>\n&#13;<\/p>\n<p><strong>Mia\u0142 te\u017c mie\u0107 obowi\u0105zek utrzymania rotacji gospodarstw domowych w panelu na poziomie nie mniejszym ni\u017c 18 proc<\/strong>. (poprzednio 15 proc.) w skali roku, przy czym 80 proc. gospodarstw domowych nie mo\u017ce by\u0107 obecnych w panelu d\u0142u\u017cej ni\u017c 5 lat, a \u017cadne gospodarstwo nie powinno przybywa\u0107 w panelu wi\u0119cej ni\u017c 8 lat.<\/p>\n<p>&#13;<br \/>\n&#13;<\/p>\n<p>TVP wymaga\u0142a, by wybrany instytut dostosowa\u0142 pomiar do aktualnych wymaga\u0144 zwi\u0105zanych z technologi\u0105 cyfrow\u0105, w tym wdro\u017cy\u0142 w ci\u0105gu roku od pocz\u0105tku \u015bwiadczenia us\u0142ugi, miarodajny pomiar ogl\u0105dania tre\u015bci telewizyjnych online ogl\u0105danych w panelu gospodarstw domowych.<\/p>\n<p>&#13;<br \/>\n&#13;<\/p>\n<p><span style=\"font-size: 20px;\"><strong>Wszystko pod kontrol\u0105 TVP <\/strong><\/span><\/p>\n<p>&#13;<br \/>\n&#13;<\/p>\n<p>Zmiany w realizowanym badaniu mia\u0142y by\u0107 &#8211; zgodnie z wymogiem TVP &#8211; ustalane i uzgadniane w ramach technicznej grupy doradczej (TAG &#8211; Technical Advisory Group), w kt\u00f3rej reprezentowany b\u0119dzie publiczny nadawca. W zawartym w dokumentach przetargowych wzorze umowy, kt\u00f3ra zostanie zawarta z wybranym dostawc\u0105 danych telemetrycznych, <strong>TVP zapewni\u0142a sobie prawo do weryfikowania i kontrolowania procesu badania telemetrycznego w pe\u0142nym zakresie<\/strong> od przygotowania badania za\u0142o\u017cycielskiego, rekrutacji panelist\u00f3w, produkcj\u0119 danych, kontrol\u0119 systemu do odbierania danych telemetrycznych (system \u201eTAM\u201d) pod wzgl\u0119dem rzetelno\u015bci i wiarygodno\u015bci udost\u0119pnianych jej Baz Danych i zawartych w nich danych.<\/p>\n<p>&#13;<br \/>\n&#13;<\/p>\n<p>Sprecyzowano przy tym, \u017ce <strong>kontrolerem b\u0119dzie firma audytorska wskazana przez TVP. <\/strong>Je\u017celi kontrola taka wykaza\u0142aby nieprawid\u0142owo\u015bci, w\u00f3wczas Telewizja Polska b\u0119dzie mie\u0107 prawo do zmniejszenia miesi\u0119cznego wynagrodzenia o 20 proc. do czasu wyeliminowania stwierdzonych nieprawid\u0142owo\u015bci lub wypowiedzenia umowy ze skutkiem natychmiastowym i obci\u0105\u017cenia wybranego instytutu kosztami kontroli.<\/p>\n<p>&#13;<br \/>\n&#13;<\/p>\n<p>Wszystkie warunki okre\u015blaj\u0105ce zakres wsp\u00f3\u0142pracy z instytutem, kt\u00f3ry mia\u0142 dostarcza\u0107 TVP dane telemetryczne zosta\u0142y zawarte nie w og\u0142oszeniu o zam\u00f3wieniu, a we wzorze do umowy. <strong>Telewizja Polska uzale\u017cnia\u0142a udzia\u0142 w przetargu i wa\u017cno\u015b\u0107 z\u0142o\u017conej w nim oferty przez zainteresowane firmy od akceptacji tego wzory umowy.<\/strong> Zaznaczy\u0142a przy tym, \u017ce jej postanowienia nie podlegaj\u0105 zmianie. Oznacza\u0142o to zatem, \u017ce je\u017celi dana firma zainteresowana tym przetargiem nie zaakceptuje wszystkich tych wymog\u00f3w, jej oferta zostanie uznana za niewa\u017cn\u0105.<\/p>\n<p>&#13;<br \/>\n&#13;<\/p>\n<p><span style=\"font-size: 20px;\"><strong>TVP: tylko Nielsen m\u00f3g\u0142 z\u0142o\u017cy\u0107 ofert\u0119<\/strong><\/span><\/p>\n<p>&#13;<br \/>\n&#13;<\/p>\n<p>Zesp\u00f3\u0142 rzecznika TVP potwierdzi\u0142 w rozmowie z Wirtualnemedia.pl, \u017ce na og\u0142oszony przetarg na zakup danych telemetrycznych nie wp\u0142yn\u0119\u0142a \u017cadna oferta.<\/p>\n<p>&#13;<br \/>\n&#13;<\/p>\n<p>W nades\u0142anej odpowiedzi do pro\u015bby o komentarz, <strong>TVP przyzna\u0142a, \u017ce \u201ez praktycznego punktu widzenia, ze wzgl\u0119du na charakter zam\u00f3wienia i aktualn\u0105 sytuacj\u0119 na polskim rynku, mo\u017cliwe by\u0142o z\u0142o\u017cenie oferty tylko przez AGB Nielsen\u201d<\/strong>.<\/p>\n<p>&#13;<br \/>\n&#13;<\/p>\n<p>Poinformowano nas, \u017ce Telewizja Polska podda wnikliwej analizie zaistnia\u0142\u0105 sytuacj\u0119 i w najbli\u017cszym czasie podejmie dalsze stosowne dzia\u0142ania.<\/p>\n<p>&#13;<br \/>\n&#13;<\/p>\n<p>Je\u015bli TVP nie dogada si\u0119 z Nielsem od 10 kwietnia mo\u017ce straci\u0107 dost\u0119p do danych telemetrycznych.<\/p>\n<p><span style=\"font-size: 20px;\"><strong>Pierwszy etap negocjacji Nielsena z TVP<\/strong><\/span><\/p>\n<p>&#13;<br \/>\n&#13;<\/p>\n<p>Wed\u0142ug Krzysztofa Chomickiego, research&amp;development managera w Publicis Media Data Sciences<strong> nieprzyst\u0105pienie Nielsena do przetargu jest de facto pierwsz\u0105 ods\u0142on\u0105 negocjacji kontraktu z TVP.\u00a0<\/strong><\/p>\n<p>&#13;<br \/>\n&#13;<\/p>\n<p>&#8211; Nie wchodz\u0105c zbytnio w szczeg\u00f3\u0142y zapytania przetargowego, my\u015bl\u0119, \u017ce \u017cadna powa\u017cna firma nie zbuduje badania o parametrach wymaganych przez TVP na jeden rok, w rozs\u0105dnej cenie. <strong>Badanie telemetryczne amortyzuje si\u0119 co najmniej kilka lat<\/strong> i to przy za\u0142o\u017ceniu pewnej puli klient\u00f3w. W tej sytuacji tylko Nielsen jest w stanie sensownie spe\u0142ni\u0107 merytoryczne warunki przetargu &#8211; podkre\u015bla nasz rozm\u00f3wca.<\/p>\n<p>Dodaje, \u017ce organizacja przetargu nie daje pola do negocjacji umowy, wi\u0119c jedynym wyj\u015bciem w takiej sytuacji jest nieprzyst\u0105pienie do niego.<\/p>\n<p>&#13;<br \/>\n&#13;<\/p>\n<p class=\"cytat\">&#8211; Je\u015bli chodzi o audyt, to po pierwsze z informacji rynkowych wiemy, \u017ce firma Sadren nie zosta\u0142a jak do tej pory dopuszczona przez Nielsena operacyjnie do audytu. Kontrowersje zwi\u0105zane z wybranym przez TVP audytorem trwaj\u0105 ju\u017c od jakiego\u015b czasu. <strong>Zlecenie przez Nielsen audytu innej firmie, mi\u0119dzynarodowej jest jak wed\u0142ug mnie ucieczk\u0105 do przodu<\/strong>. Bo po co robi\u0107 kolejny audyt, skoro w\u0142a\u015bnie jeden zosta\u0142 zrobiony i to przez renomowan\u0105 firm\u0119 specjalizuj\u0105c\u0105 si\u0119 w audytach telemetrycznych. Oczywi\u015bcie kto\u015b mo\u017ce zapyta\u0107 na ile ten audyt jest rzetelny, bior\u0105c pod uwag\u0119 ile klient\u00f3w i jakich mo\u017ce mie\u0107 firma specjalizuj\u0105ca si\u0119 w audytach telemetrycznych &#8211; komentuje Krzysztof Chomicki.<\/p>\n<p>&#13;<br \/>\n&#13;<\/p>\n<p>Ekspert Publicis Media przypuszcza, \u017ce w zaistnia\u0142ej sytuacji <strong>nast\u0105pi dalszy ci\u0105g dyskusji na linii TVP-Nielsen, <\/strong>zar\u00f3wno je\u015bli chodzi o samo badanie, jak i jego audyt. &#8211; Dyskusji, kt\u00f3ra, miejmy nadziej\u0119, b\u0119dzie mia\u0142a charakter wy\u0142\u0105cznie mocno merytoryczny \u2013 m\u00f3wi.<\/p>\n<p>&#13;<br \/>\n&#13;<\/p>\n<p>A co je\u015bli jednak finalnie \u2013 bior\u0105c pod uwag\u0119 up\u00f3r Jacka Kurskiego i jego pewno\u015b\u0107 siebie &#8211;\u00a0 nie dojdzie do zawarcia umowy pomi\u0119dzy firmami i Nielsen ostatecznie, nawet kosztem wielu mln z\u0142 \u2013 nie zechce dostarcza\u0107 danych telemetrycznych Telewizji Polskiej?<\/p>\n<p>&#13;<br \/>\n&#13;<\/p>\n<p class=\"cytat\">&#8211; Je\u015bli nast\u0105pi twardy TVPexit, <strong>bud\u017cety w TVP b\u0119d\u0105 lokowa\u0107 tylko sp\u00f3\u0142ki Skarbu Pa\u0144stwa.<\/strong> Brak mo\u017cliwo\u015bci bada\u0144 ogl\u0105dalno\u015bci TVP opartych na zasadach przyj\u0119tych przez rynek, spowoduje nag\u0142y odp\u0142yw bud\u017cet\u00f3w z TVP, a co za tym idzie istnieje mo\u017cliwo\u015b\u0107 drastycznych wzrost\u00f3w koszt\u00f3w dotarcia w pozosta\u0142ych stacjach. \u017bywi\u0119 jednak nadziej\u0119, \u017ce do tego nie dojdzie &#8211; m\u00f3wi Marek Rac\u0142awski, head of TV department w MullenLowe MediaHub.<\/p>\n<p>&#13;<br \/>\n&#13;<\/p>\n<p><span style=\"font-size: 20px;\"><strong>Kupuj\u0105cy b\u0119d\u0105 mie\u0107 przewag\u0119 nad TVP<\/strong><\/span><\/p>\n<p>&#13;<br \/>\n&#13;<\/p>\n<p>Jakub Bierzy\u0144ski, CEO OMD Poland przypomina z kolei, \u017ce dane Nielsena stanowi\u0105 walut\u0119 dla ca\u0142ego rynku reklamowego. Wobec tego &#8211; <strong>bez dost\u0119pu do tych danych &#8211; Biuro Reklamy TVP nie b\u0119dzie w stanie wyceni\u0107 warto\u015bci w\u0142asnego czasu reklamowego<\/strong>.<\/p>\n<p>&#13;<br \/>\n&#13;<\/p>\n<p class=\"cytat\">&#8211; Nie wyobra\u017cam sobie takiej sytuacji. To tak jakby na stacji benzynowej nie dzia\u0142a\u0142y liczniki wlewanego paliwa, a klienci p\u0142acili na oko. Gorzej, bo my, domy mediowe &#8211; klienci TVP mamy te dane i wiemy dok\u0142adnie ile wart jest ka\u017cdy blok reklamowy. <strong>Taka przewaga rynkowa kupuj\u0105cych nad sprzedaj\u0105cym sko\u0144czy si\u0119 ogromnymi stratami nadawc<\/strong>y \u2013 przestrzega Bierzy\u0144ski.<\/p>\n<p>&#13;<br \/>\n&#13;<\/p>\n<p>Dodaje, \u017ce brak dost\u0119pu do tych danych spowoduje, \u017ce TVP nie b\u0119dzie umia\u0142a wyceni\u0107 warto\u015bci czasu reklamowego dla swoich klient\u00f3w &#8211; zar\u00f3wno tych obs\u0142ugiwanych bezpo\u015brednio, jak i tych obs\u0142ugiwanych przez agencje.<\/p>\n<p>&#13;<br \/>\n&#13;<\/p>\n<p>&#8211; Trudno powiedzie\u0107 jak\u0105 metod\u0105 TVP ustali swoje ceny. Nie wiem tak\u017ce, jak ma zamiar rozlicza\u0107 si\u0119 z wykonania um\u00f3w emisyjnych na pakiet GRP. Przecie\u017c to s\u0105 ogl\u0105dalno\u015bci wed\u0142ug Nielsena, a nie ma innych na rynku. <strong>Dane Netii si\u0119 kompletnie nie nadaj\u0105. <\/strong>Je\u015bli TVP zdecyduje si\u0119 na u\u017cycie innego standardu bada\u0144 ni\u017c domy mediowe, to powt\u00f3rzy si\u0119 sytuacja sprzed lat, gdy domy mediowe kupowa\u0142y czas reklamowy wed\u0142ug jednej waluty, a sprzedawa\u0142y wed\u0142ug innej. Bardzo na to czekam. <strong>Stwarza nam ogromne mo\u017cliwo\u015bci do generowania dodatkowych zysk\u00f3w, kt\u00f3rych \u017ar\u00f3d\u0142em s\u0105 r\u00f3\u017cnice w wycenie <\/strong>\u2013 m\u00f3wi wprost szef OMD Poland.<\/p>\n<p>&#13;<br \/>\n&#13;<\/p>\n<p>Do sytuacji sprzed lat nawi\u0105zuje te\u017c Sergiusz Geller, video planning buying director w Havas Media Group \u2013 wtedy obok standardu Nielsena obowi\u0105zywa\u0142 te\u017c panel OBOP-u, kt\u00f3rym pos\u0142ugiwa\u0142a si\u0119 w\u0142a\u015bnie Telewizja Polska. &#8211; Ale nawet w przypadku wyboru innego podmiotu badawczego przez TVP, to badanie Nielsena b\u0119dzie traktowane jako obowi\u0105zuj\u0105ce przez wi\u0119ksz\u0105 cz\u0119\u015b\u0107 rynku.\u00a0Nale\u017cy r\u00f3wnie\u017c pami\u0119ta\u0107, ze jednocze\u015bnie KRRiTV wraz z szeroko poj\u0119tym rynkiem pracuje nad rozwojem rynku bada\u0144 medi\u00f3w w Polsce i je\u015bli projekt ten zostanie zrealizowany, ma szanse sta\u0107 si\u0119 obowi\u0105zuj\u0105cym standardem \u2013 m\u00f3wi ekspert Havas Media Group.<\/p>\n<p>&#13;<br \/>\n&#13;<\/p>\n<p>Jeden z analityk\u00f3w z agencji mediowej (prosz\u0105c o anonimowo\u015b\u0107) podpowiada nam, \u017ce nawet w samej Telewizji Polskiej ma\u0142o kto wierzy w scenariusz odej\u015bcia przez nadawc\u0119 od telemetrii Nielsena. &#8211; Nawet przy za\u0142o\u017ceniu dalszych subwencji, TVP nie zaryzykowa\u0142aby kilkuset milion\u00f3w z\u0142otych rocznie z reklam, a o tyle toczy si\u0119 gra, rozliczana zgodnie z walut\u0105 Nielsena. Przy ca\u0142ej biznesowej dezynwolturze kierownictwa TVP, elementarny instynkt samozachowawczy nie pozwoli\u0142by na taki ruch \u2013 podkre\u015bla nasz rozm\u00f3wca.<\/p>\n<p>&#13;<br \/>\n&#13;<\/p>\n<p>&#13;<br \/>\n&#13;<\/p>\n<p><span style=\"font-size: 20px;\"><strong>Wielomilionowy kontrakt?<\/strong><\/span><\/p>\n<p>&#13;<br \/>\n&#13;<\/p>\n<p>Na etapie przetargu TVP nie poda\u0142a, jak\u0105 kwot\u0119 zamierza przeznaczy\u0107 na wsp\u00f3\u0142prac\u0119 z wybranym dostawc\u0105 danych telemetrycznych.<\/p>\n<p>&#13;<br \/>\n&#13;<\/p>\n<p>T<strong>a, kt\u00f3ra wci\u0105\u017c obowi\u0105zuje z Nielsen Audience Measurement opiewa\u0142a na kwot\u0119 blisko 37 mln z\u0142<\/strong>, co daje \u2013 przy podzieleniu jej na okres 4 lat \u2013 ok. 9 mln z\u0142 rocznie.<\/p>\n<p>&#13;<br \/>\n&#13;<\/p>\n<p>Warto te\u017c przypomnie\u0107, \u017ce zanim zosta\u0142a zawarta obecna umowa z NAM, TVP przed\u0142u\u017ca\u0142a z tym instytutem wcze\u015bniejszy kontrakt, bo przeci\u0105ga\u0142 si\u0119 \u00f3wczesny przetarg na dostaw\u0119 danych telemetrycznych. Zrobiono to dwukrotnie, a miesi\u0119czne umowy opiewa\u0142y na kwot\u0119 ok. 800 tys. z\u0142.<\/p>\n<p>&#13;<br \/>\n&#13;<\/p>\n<p>TVP- w dokumentach przetargowych \u2013 zapowiedzia\u0142a, \u017ce kolejny przetarg na dostarczanie danych telemetrycznych zostanie og\u0142oszony w styczniu 2020 roku.<\/p>\n<p>&#13;<br \/>\n&#13;<\/p>\n<p><span style=\"font-size: 20px;\"><strong>Kr\u00f3tszy czas ogl\u0105dania telewizji w 2018 roku<\/strong><\/span><\/p>\n<p>&#13;<br \/>\n&#13;<\/p>\n<p>W 2018 roku liderem ogl\u0105dalno\u015bci w\u015br\u00f3d wszystkich widz\u00f3w by\u0142 Polsat, a w grupie komercyjnej TVN. W\u015br\u00f3d g\u0142\u00f3wnych stacji wzrosty odnotowa\u0142y TVP1 i TVP2, ale najwi\u0119cej zyska\u0142y TVP Sport, Super Polsat i TTV. Skr\u00f3ci\u0142 si\u0119 \u015bredni czas ogl\u0105dania telewizji, cho\u0107 zwi\u0119kszy\u0142y si\u0119 wydatki reklamowe.<\/p>\n<p>&#13;<br \/>\n&#13;<\/p>\n<p>&#13;<br \/>\n                            &#13;<br \/>\n&#13;<br \/>\n                            &#13;<br \/>\n&#13;<br \/>\n&#13;<br \/>\n&#13;<br \/>\n&#13;<br \/>\n&#13;<br \/>\n                            &#13;<br \/>\n                                                            &#13;<br \/>\n&#13;<br \/>\n                            &#13;\n                        <\/p><\/div>\n<p><script>(function (d, s, id) {\n        var js, fjs = d.getElementsByTagName(s)[0];\n        if (d.getElementById(id)) return;\n        js = d.createElement(s);\n        js.id = id;\n        js.src = \"http:\/\/connect.facebook.net\/pl_PL\/sdk.js#xfbml=1&version=v2.6&appId=297996717062470\";\n        fjs.parentNode.insertBefore(js, fjs);\n    }(document, 'script', 'facebook-jssdk'));<\/script><br \/>\n<br \/>[ad_2]<br \/>\n<br \/><a href=\"https:\/\/www.wirtualnemedia.pl\/artykul\/nielsen-rezygnuje-z-przetargu-tvp-na-badanie-ogladalnosci-bez-telemetrii-telewizja-polska-nie-wyceni-swojego-czasu-reklamowego\">Source link <\/a><\/p>\n","protected":false},"excerpt":{"rendered":"<p>[ad_1] W czwartek 7 marca br., o godz. 12 up\u0142yn\u0105\u0142 termin sk\u0142adania ofert w og\u0142oszonym w lutym przez Telewizj\u0119 Polsk\u0105 przetargu na dostaw\u0119 danych telemetrycznych przez okres roku od momentu podpisania umowy. &#13; &#13; Obecnie realizuj\u0105ca te badania jako jedyna na rynku firma Nielsen (AGB Nielsen Media Research), poinformowa\u0142a w ci\u0105gu dnia, \u017ce do przetargu [&hellip;]<\/p>\n","protected":false},"author":2,"featured_media":114,"comment_status":"open","ping_status":"open","sticky":false,"template":"","format":"standard","meta":{"footnotes":""},"categories":[3],"tags":[],"class_list":["post-113","post","type-post","status-publish","format-standard","has-post-thumbnail","hentry","category-wiadomosci-marketingowe"],"yoast_head":"<!-- This site is optimized with the Yoast SEO plugin v27.4 - https:\/\/yoast.com\/product\/yoast-seo-wordpress\/ -->\n<title>Nielsen rezygnuje z przetargu TVP na badanie ogl\u0105dalno\u015bci. &quot;Bez telemetrii Telewizja Polska nie wyceni swojego czasu reklamowego&quot; - Super News<\/title>\n<meta name=\"robots\" content=\"index, follow, max-snippet:-1, max-image-preview:large, max-video-preview:-1\" \/>\n<link rel=\"canonical\" href=\"https:\/\/super-news.info\/pl\/nielsen-rezygnuje-z-przetargu-tvp-na-badanie-ogladalnosci-bez-telemetrii-telewizja-polska-nie-wyceni-swojego-czasu-reklamowego\/\" \/>\n<meta property=\"og:locale\" content=\"pl_PL\" \/>\n<meta property=\"og:type\" content=\"article\" \/>\n<meta property=\"og:title\" content=\"Nielsen rezygnuje z przetargu TVP na badanie ogl\u0105dalno\u015bci. &quot;Bez telemetrii Telewizja Polska nie wyceni swojego czasu reklamowego&quot; - Super News\" \/>\n<meta property=\"og:description\" content=\"[ad_1] W czwartek 7 marca br., o godz. 12 up\u0142yn\u0105\u0142 termin sk\u0142adania ofert w og\u0142oszonym w lutym przez Telewizj\u0119 Polsk\u0105 przetargu na dostaw\u0119 danych telemetrycznych przez okres roku od momentu podpisania umowy. &#013; &#013; Obecnie realizuj\u0105ca te badania jako jedyna na rynku firma Nielsen (AGB Nielsen Media Research), poinformowa\u0142a w ci\u0105gu dnia, \u017ce do przetargu [&hellip;]\" \/>\n<meta property=\"og:url\" content=\"https:\/\/super-news.info\/pl\/nielsen-rezygnuje-z-przetargu-tvp-na-badanie-ogladalnosci-bez-telemetrii-telewizja-polska-nie-wyceni-swojego-czasu-reklamowego\/\" \/>\n<meta property=\"og:site_name\" content=\"Super News\" \/>\n<meta property=\"article:published_time\" content=\"2019-04-10T06:33:43+00:00\" \/>\n<meta property=\"article:modified_time\" content=\"2019-04-10T06:33:45+00:00\" \/>\n<meta property=\"og:image\" content=\"https:\/\/super-news.info\/pl\/wp-content\/uploads\/sites\/6\/2019\/04\/Nielsen-rezygnuje-z-przetargu-TVP-na-badanie-ogl\u0105dalno\u015bci.-Bez-telemetrii.jpg\" \/>\n\t<meta property=\"og:image:width\" content=\"655\" \/>\n\t<meta property=\"og:image:height\" content=\"436\" \/>\n\t<meta property=\"og:image:type\" content=\"image\/jpeg\" \/>\n<meta name=\"author\" content=\"super-news\" \/>\n<meta name=\"twitter:card\" content=\"summary_large_image\" \/>\n<meta name=\"twitter:label1\" content=\"Napisane przez\" \/>\n\t<meta name=\"twitter:data1\" content=\"super-news\" \/>\n\t<meta name=\"twitter:label2\" content=\"Szacowany czas czytania\" \/>\n\t<meta name=\"twitter:data2\" content=\"12 minut\" \/>\n<script type=\"application\/ld+json\" class=\"yoast-schema-graph\">{\"@context\":\"https:\\\/\\\/schema.org\",\"@graph\":[{\"@type\":\"Article\",\"@id\":\"https:\\\/\\\/super-news.info\\\/pl\\\/nielsen-rezygnuje-z-przetargu-tvp-na-badanie-ogladalnosci-bez-telemetrii-telewizja-polska-nie-wyceni-swojego-czasu-reklamowego\\\/#article\",\"isPartOf\":{\"@id\":\"https:\\\/\\\/super-news.info\\\/pl\\\/nielsen-rezygnuje-z-przetargu-tvp-na-badanie-ogladalnosci-bez-telemetrii-telewizja-polska-nie-wyceni-swojego-czasu-reklamowego\\\/\"},\"author\":{\"name\":\"super-news\",\"@id\":\"https:\\\/\\\/super-news.info\\\/pl\\\/#\\\/schema\\\/person\\\/2d4068cb2f39cd10008c2fce578a7356\"},\"headline\":\"Nielsen rezygnuje z przetargu TVP na badanie ogl\u0105dalno\u015bci. &#8222;Bez telemetrii Telewizja Polska nie wyceni swojego czasu reklamowego&#8221;\",\"datePublished\":\"2019-04-10T06:33:43+00:00\",\"dateModified\":\"2019-04-10T06:33:45+00:00\",\"mainEntityOfPage\":{\"@id\":\"https:\\\/\\\/super-news.info\\\/pl\\\/nielsen-rezygnuje-z-przetargu-tvp-na-badanie-ogladalnosci-bez-telemetrii-telewizja-polska-nie-wyceni-swojego-czasu-reklamowego\\\/\"},\"wordCount\":2377,\"commentCount\":0,\"image\":{\"@id\":\"https:\\\/\\\/super-news.info\\\/pl\\\/nielsen-rezygnuje-z-przetargu-tvp-na-badanie-ogladalnosci-bez-telemetrii-telewizja-polska-nie-wyceni-swojego-czasu-reklamowego\\\/#primaryimage\"},\"thumbnailUrl\":\"https:\\\/\\\/super-news.info\\\/pl\\\/wp-content\\\/uploads\\\/sites\\\/6\\\/2019\\\/04\\\/Nielsen-rezygnuje-z-przetargu-TVP-na-badanie-ogl\u0105dalno\u015bci.-Bez-telemetrii.jpg\",\"articleSection\":[\"WIADOMO\u015aCI MARKETINGOWE\"],\"inLanguage\":\"pl-PL\",\"potentialAction\":[{\"@type\":\"CommentAction\",\"name\":\"Comment\",\"target\":[\"https:\\\/\\\/super-news.info\\\/pl\\\/nielsen-rezygnuje-z-przetargu-tvp-na-badanie-ogladalnosci-bez-telemetrii-telewizja-polska-nie-wyceni-swojego-czasu-reklamowego\\\/#respond\"]}]},{\"@type\":\"WebPage\",\"@id\":\"https:\\\/\\\/super-news.info\\\/pl\\\/nielsen-rezygnuje-z-przetargu-tvp-na-badanie-ogladalnosci-bez-telemetrii-telewizja-polska-nie-wyceni-swojego-czasu-reklamowego\\\/\",\"url\":\"https:\\\/\\\/super-news.info\\\/pl\\\/nielsen-rezygnuje-z-przetargu-tvp-na-badanie-ogladalnosci-bez-telemetrii-telewizja-polska-nie-wyceni-swojego-czasu-reklamowego\\\/\",\"name\":\"Nielsen rezygnuje z przetargu TVP na badanie ogl\u0105dalno\u015bci. \\\"Bez telemetrii Telewizja Polska nie wyceni swojego czasu reklamowego\\\" - Super News\",\"isPartOf\":{\"@id\":\"https:\\\/\\\/super-news.info\\\/pl\\\/#website\"},\"primaryImageOfPage\":{\"@id\":\"https:\\\/\\\/super-news.info\\\/pl\\\/nielsen-rezygnuje-z-przetargu-tvp-na-badanie-ogladalnosci-bez-telemetrii-telewizja-polska-nie-wyceni-swojego-czasu-reklamowego\\\/#primaryimage\"},\"image\":{\"@id\":\"https:\\\/\\\/super-news.info\\\/pl\\\/nielsen-rezygnuje-z-przetargu-tvp-na-badanie-ogladalnosci-bez-telemetrii-telewizja-polska-nie-wyceni-swojego-czasu-reklamowego\\\/#primaryimage\"},\"thumbnailUrl\":\"https:\\\/\\\/super-news.info\\\/pl\\\/wp-content\\\/uploads\\\/sites\\\/6\\\/2019\\\/04\\\/Nielsen-rezygnuje-z-przetargu-TVP-na-badanie-ogl\u0105dalno\u015bci.-Bez-telemetrii.jpg\",\"datePublished\":\"2019-04-10T06:33:43+00:00\",\"dateModified\":\"2019-04-10T06:33:45+00:00\",\"author\":{\"@id\":\"https:\\\/\\\/super-news.info\\\/pl\\\/#\\\/schema\\\/person\\\/2d4068cb2f39cd10008c2fce578a7356\"},\"breadcrumb\":{\"@id\":\"https:\\\/\\\/super-news.info\\\/pl\\\/nielsen-rezygnuje-z-przetargu-tvp-na-badanie-ogladalnosci-bez-telemetrii-telewizja-polska-nie-wyceni-swojego-czasu-reklamowego\\\/#breadcrumb\"},\"inLanguage\":\"pl-PL\",\"potentialAction\":[{\"@type\":\"ReadAction\",\"target\":[\"https:\\\/\\\/super-news.info\\\/pl\\\/nielsen-rezygnuje-z-przetargu-tvp-na-badanie-ogladalnosci-bez-telemetrii-telewizja-polska-nie-wyceni-swojego-czasu-reklamowego\\\/\"]}]},{\"@type\":\"ImageObject\",\"inLanguage\":\"pl-PL\",\"@id\":\"https:\\\/\\\/super-news.info\\\/pl\\\/nielsen-rezygnuje-z-przetargu-tvp-na-badanie-ogladalnosci-bez-telemetrii-telewizja-polska-nie-wyceni-swojego-czasu-reklamowego\\\/#primaryimage\",\"url\":\"https:\\\/\\\/super-news.info\\\/pl\\\/wp-content\\\/uploads\\\/sites\\\/6\\\/2019\\\/04\\\/Nielsen-rezygnuje-z-przetargu-TVP-na-badanie-ogl\u0105dalno\u015bci.-Bez-telemetrii.jpg\",\"contentUrl\":\"https:\\\/\\\/super-news.info\\\/pl\\\/wp-content\\\/uploads\\\/sites\\\/6\\\/2019\\\/04\\\/Nielsen-rezygnuje-z-przetargu-TVP-na-badanie-ogl\u0105dalno\u015bci.-Bez-telemetrii.jpg\",\"width\":655,\"height\":436,\"caption\":\"Article\"},{\"@type\":\"BreadcrumbList\",\"@id\":\"https:\\\/\\\/super-news.info\\\/pl\\\/nielsen-rezygnuje-z-przetargu-tvp-na-badanie-ogladalnosci-bez-telemetrii-telewizja-polska-nie-wyceni-swojego-czasu-reklamowego\\\/#breadcrumb\",\"itemListElement\":[{\"@type\":\"ListItem\",\"position\":1,\"name\":\"\u0413\u043b\u0430\u0432\u043d\u0430\u044f \u0441\u0442\u0440\u0430\u043d\u0438\u0446\u0430\",\"item\":\"https:\\\/\\\/super-news.info\\\/pl\\\/\"},{\"@type\":\"ListItem\",\"position\":2,\"name\":\"Nielsen rezygnuje z przetargu TVP na badanie ogl\u0105dalno\u015bci. &#8222;Bez telemetrii Telewizja Polska nie wyceni swojego czasu reklamowego&#8221;\"}]},{\"@type\":\"WebSite\",\"@id\":\"https:\\\/\\\/super-news.info\\\/pl\\\/#website\",\"url\":\"https:\\\/\\\/super-news.info\\\/pl\\\/\",\"name\":\"Super News\",\"description\":\"Super News Polska\",\"potentialAction\":[{\"@type\":\"SearchAction\",\"target\":{\"@type\":\"EntryPoint\",\"urlTemplate\":\"https:\\\/\\\/super-news.info\\\/pl\\\/?s={search_term_string}\"},\"query-input\":{\"@type\":\"PropertyValueSpecification\",\"valueRequired\":true,\"valueName\":\"search_term_string\"}}],\"inLanguage\":\"pl-PL\"},{\"@type\":\"Person\",\"@id\":\"https:\\\/\\\/super-news.info\\\/pl\\\/#\\\/schema\\\/person\\\/2d4068cb2f39cd10008c2fce578a7356\",\"name\":\"super-news\",\"image\":{\"@type\":\"ImageObject\",\"inLanguage\":\"pl-PL\",\"@id\":\"https:\\\/\\\/secure.gravatar.com\\\/avatar\\\/64ebac40b93f26a154f8a9b5b6fdccfc46f442b26b3dd6756dbff3bf9dc76fd7?s=96&d=mm&r=g\",\"url\":\"https:\\\/\\\/secure.gravatar.com\\\/avatar\\\/64ebac40b93f26a154f8a9b5b6fdccfc46f442b26b3dd6756dbff3bf9dc76fd7?s=96&d=mm&r=g\",\"contentUrl\":\"https:\\\/\\\/secure.gravatar.com\\\/avatar\\\/64ebac40b93f26a154f8a9b5b6fdccfc46f442b26b3dd6756dbff3bf9dc76fd7?s=96&d=mm&r=g\",\"caption\":\"super-news\"},\"url\":\"https:\\\/\\\/super-news.info\\\/pl\\\/author\\\/pt\\\/\"}]}<\/script>\n<!-- \/ Yoast SEO plugin. -->","yoast_head_json":{"title":"Nielsen rezygnuje z przetargu TVP na badanie ogl\u0105dalno\u015bci. \"Bez telemetrii Telewizja Polska nie wyceni swojego czasu reklamowego\" - Super News","robots":{"index":"index","follow":"follow","max-snippet":"max-snippet:-1","max-image-preview":"max-image-preview:large","max-video-preview":"max-video-preview:-1"},"canonical":"https:\/\/super-news.info\/pl\/nielsen-rezygnuje-z-przetargu-tvp-na-badanie-ogladalnosci-bez-telemetrii-telewizja-polska-nie-wyceni-swojego-czasu-reklamowego\/","og_locale":"pl_PL","og_type":"article","og_title":"Nielsen rezygnuje z przetargu TVP na badanie ogl\u0105dalno\u015bci. \"Bez telemetrii Telewizja Polska nie wyceni swojego czasu reklamowego\" - Super News","og_description":"[ad_1] W czwartek 7 marca br., o godz. 12 up\u0142yn\u0105\u0142 termin sk\u0142adania ofert w og\u0142oszonym w lutym przez Telewizj\u0119 Polsk\u0105 przetargu na dostaw\u0119 danych telemetrycznych przez okres roku od momentu podpisania umowy. &#13; &#13; Obecnie realizuj\u0105ca te badania jako jedyna na rynku firma Nielsen (AGB Nielsen Media Research), poinformowa\u0142a w ci\u0105gu dnia, \u017ce do przetargu [&hellip;]","og_url":"https:\/\/super-news.info\/pl\/nielsen-rezygnuje-z-przetargu-tvp-na-badanie-ogladalnosci-bez-telemetrii-telewizja-polska-nie-wyceni-swojego-czasu-reklamowego\/","og_site_name":"Super News","article_published_time":"2019-04-10T06:33:43+00:00","article_modified_time":"2019-04-10T06:33:45+00:00","og_image":[{"width":655,"height":436,"url":"https:\/\/super-news.info\/pl\/wp-content\/uploads\/sites\/6\/2019\/04\/Nielsen-rezygnuje-z-przetargu-TVP-na-badanie-ogl\u0105dalno\u015bci.-Bez-telemetrii.jpg","type":"image\/jpeg"}],"author":"super-news","twitter_card":"summary_large_image","twitter_misc":{"Napisane przez":"super-news","Szacowany czas czytania":"12 minut"},"schema":{"@context":"https:\/\/schema.org","@graph":[{"@type":"Article","@id":"https:\/\/super-news.info\/pl\/nielsen-rezygnuje-z-przetargu-tvp-na-badanie-ogladalnosci-bez-telemetrii-telewizja-polska-nie-wyceni-swojego-czasu-reklamowego\/#article","isPartOf":{"@id":"https:\/\/super-news.info\/pl\/nielsen-rezygnuje-z-przetargu-tvp-na-badanie-ogladalnosci-bez-telemetrii-telewizja-polska-nie-wyceni-swojego-czasu-reklamowego\/"},"author":{"name":"super-news","@id":"https:\/\/super-news.info\/pl\/#\/schema\/person\/2d4068cb2f39cd10008c2fce578a7356"},"headline":"Nielsen rezygnuje z przetargu TVP na badanie ogl\u0105dalno\u015bci. &#8222;Bez telemetrii Telewizja Polska nie wyceni swojego czasu reklamowego&#8221;","datePublished":"2019-04-10T06:33:43+00:00","dateModified":"2019-04-10T06:33:45+00:00","mainEntityOfPage":{"@id":"https:\/\/super-news.info\/pl\/nielsen-rezygnuje-z-przetargu-tvp-na-badanie-ogladalnosci-bez-telemetrii-telewizja-polska-nie-wyceni-swojego-czasu-reklamowego\/"},"wordCount":2377,"commentCount":0,"image":{"@id":"https:\/\/super-news.info\/pl\/nielsen-rezygnuje-z-przetargu-tvp-na-badanie-ogladalnosci-bez-telemetrii-telewizja-polska-nie-wyceni-swojego-czasu-reklamowego\/#primaryimage"},"thumbnailUrl":"https:\/\/super-news.info\/pl\/wp-content\/uploads\/sites\/6\/2019\/04\/Nielsen-rezygnuje-z-przetargu-TVP-na-badanie-ogl\u0105dalno\u015bci.-Bez-telemetrii.jpg","articleSection":["WIADOMO\u015aCI MARKETINGOWE"],"inLanguage":"pl-PL","potentialAction":[{"@type":"CommentAction","name":"Comment","target":["https:\/\/super-news.info\/pl\/nielsen-rezygnuje-z-przetargu-tvp-na-badanie-ogladalnosci-bez-telemetrii-telewizja-polska-nie-wyceni-swojego-czasu-reklamowego\/#respond"]}]},{"@type":"WebPage","@id":"https:\/\/super-news.info\/pl\/nielsen-rezygnuje-z-przetargu-tvp-na-badanie-ogladalnosci-bez-telemetrii-telewizja-polska-nie-wyceni-swojego-czasu-reklamowego\/","url":"https:\/\/super-news.info\/pl\/nielsen-rezygnuje-z-przetargu-tvp-na-badanie-ogladalnosci-bez-telemetrii-telewizja-polska-nie-wyceni-swojego-czasu-reklamowego\/","name":"Nielsen rezygnuje z przetargu TVP na badanie ogl\u0105dalno\u015bci. \"Bez telemetrii Telewizja Polska nie wyceni swojego czasu reklamowego\" - Super News","isPartOf":{"@id":"https:\/\/super-news.info\/pl\/#website"},"primaryImageOfPage":{"@id":"https:\/\/super-news.info\/pl\/nielsen-rezygnuje-z-przetargu-tvp-na-badanie-ogladalnosci-bez-telemetrii-telewizja-polska-nie-wyceni-swojego-czasu-reklamowego\/#primaryimage"},"image":{"@id":"https:\/\/super-news.info\/pl\/nielsen-rezygnuje-z-przetargu-tvp-na-badanie-ogladalnosci-bez-telemetrii-telewizja-polska-nie-wyceni-swojego-czasu-reklamowego\/#primaryimage"},"thumbnailUrl":"https:\/\/super-news.info\/pl\/wp-content\/uploads\/sites\/6\/2019\/04\/Nielsen-rezygnuje-z-przetargu-TVP-na-badanie-ogl\u0105dalno\u015bci.-Bez-telemetrii.jpg","datePublished":"2019-04-10T06:33:43+00:00","dateModified":"2019-04-10T06:33:45+00:00","author":{"@id":"https:\/\/super-news.info\/pl\/#\/schema\/person\/2d4068cb2f39cd10008c2fce578a7356"},"breadcrumb":{"@id":"https:\/\/super-news.info\/pl\/nielsen-rezygnuje-z-przetargu-tvp-na-badanie-ogladalnosci-bez-telemetrii-telewizja-polska-nie-wyceni-swojego-czasu-reklamowego\/#breadcrumb"},"inLanguage":"pl-PL","potentialAction":[{"@type":"ReadAction","target":["https:\/\/super-news.info\/pl\/nielsen-rezygnuje-z-przetargu-tvp-na-badanie-ogladalnosci-bez-telemetrii-telewizja-polska-nie-wyceni-swojego-czasu-reklamowego\/"]}]},{"@type":"ImageObject","inLanguage":"pl-PL","@id":"https:\/\/super-news.info\/pl\/nielsen-rezygnuje-z-przetargu-tvp-na-badanie-ogladalnosci-bez-telemetrii-telewizja-polska-nie-wyceni-swojego-czasu-reklamowego\/#primaryimage","url":"https:\/\/super-news.info\/pl\/wp-content\/uploads\/sites\/6\/2019\/04\/Nielsen-rezygnuje-z-przetargu-TVP-na-badanie-ogl\u0105dalno\u015bci.-Bez-telemetrii.jpg","contentUrl":"https:\/\/super-news.info\/pl\/wp-content\/uploads\/sites\/6\/2019\/04\/Nielsen-rezygnuje-z-przetargu-TVP-na-badanie-ogl\u0105dalno\u015bci.-Bez-telemetrii.jpg","width":655,"height":436,"caption":"Article"},{"@type":"BreadcrumbList","@id":"https:\/\/super-news.info\/pl\/nielsen-rezygnuje-z-przetargu-tvp-na-badanie-ogladalnosci-bez-telemetrii-telewizja-polska-nie-wyceni-swojego-czasu-reklamowego\/#breadcrumb","itemListElement":[{"@type":"ListItem","position":1,"name":"\u0413\u043b\u0430\u0432\u043d\u0430\u044f \u0441\u0442\u0440\u0430\u043d\u0438\u0446\u0430","item":"https:\/\/super-news.info\/pl\/"},{"@type":"ListItem","position":2,"name":"Nielsen rezygnuje z przetargu TVP na badanie ogl\u0105dalno\u015bci. &#8222;Bez telemetrii Telewizja Polska nie wyceni swojego czasu reklamowego&#8221;"}]},{"@type":"WebSite","@id":"https:\/\/super-news.info\/pl\/#website","url":"https:\/\/super-news.info\/pl\/","name":"Super News","description":"Super News Polska","potentialAction":[{"@type":"SearchAction","target":{"@type":"EntryPoint","urlTemplate":"https:\/\/super-news.info\/pl\/?s={search_term_string}"},"query-input":{"@type":"PropertyValueSpecification","valueRequired":true,"valueName":"search_term_string"}}],"inLanguage":"pl-PL"},{"@type":"Person","@id":"https:\/\/super-news.info\/pl\/#\/schema\/person\/2d4068cb2f39cd10008c2fce578a7356","name":"super-news","image":{"@type":"ImageObject","inLanguage":"pl-PL","@id":"https:\/\/secure.gravatar.com\/avatar\/64ebac40b93f26a154f8a9b5b6fdccfc46f442b26b3dd6756dbff3bf9dc76fd7?s=96&d=mm&r=g","url":"https:\/\/secure.gravatar.com\/avatar\/64ebac40b93f26a154f8a9b5b6fdccfc46f442b26b3dd6756dbff3bf9dc76fd7?s=96&d=mm&r=g","contentUrl":"https:\/\/secure.gravatar.com\/avatar\/64ebac40b93f26a154f8a9b5b6fdccfc46f442b26b3dd6756dbff3bf9dc76fd7?s=96&d=mm&r=g","caption":"super-news"},"url":"https:\/\/super-news.info\/pl\/author\/pt\/"}]}},"_links":{"self":[{"href":"https:\/\/super-news.info\/pl\/wp-json\/wp\/v2\/posts\/113","targetHints":{"allow":["GET"]}}],"collection":[{"href":"https:\/\/super-news.info\/pl\/wp-json\/wp\/v2\/posts"}],"about":[{"href":"https:\/\/super-news.info\/pl\/wp-json\/wp\/v2\/types\/post"}],"author":[{"embeddable":true,"href":"https:\/\/super-news.info\/pl\/wp-json\/wp\/v2\/users\/2"}],"replies":[{"embeddable":true,"href":"https:\/\/super-news.info\/pl\/wp-json\/wp\/v2\/comments?post=113"}],"version-history":[{"count":1,"href":"https:\/\/super-news.info\/pl\/wp-json\/wp\/v2\/posts\/113\/revisions"}],"predecessor-version":[{"id":115,"href":"https:\/\/super-news.info\/pl\/wp-json\/wp\/v2\/posts\/113\/revisions\/115"}],"wp:featuredmedia":[{"embeddable":true,"href":"https:\/\/super-news.info\/pl\/wp-json\/wp\/v2\/media\/114"}],"wp:attachment":[{"href":"https:\/\/super-news.info\/pl\/wp-json\/wp\/v2\/media?parent=113"}],"wp:term":[{"taxonomy":"category","embeddable":true,"href":"https:\/\/super-news.info\/pl\/wp-json\/wp\/v2\/categories?post=113"},{"taxonomy":"post_tag","embeddable":true,"href":"https:\/\/super-news.info\/pl\/wp-json\/wp\/v2\/tags?post=113"}],"curies":[{"name":"wp","href":"https:\/\/api.w.org\/{rel}","templated":true}]}}