{"id":107,"date":"2019-04-10T03:39:00","date_gmt":"2019-04-10T00:39:00","guid":{"rendered":"https:\/\/super-news.info\/pl\/wiadomosci-marketingowe\/wiekszosc-polakow-uwaza-ze-pracodawcy-zeruja-na-ukraincach\/"},"modified":"2019-04-10T03:39:01","modified_gmt":"2019-04-10T00:39:01","slug":"wiekszosc-polakow-uwaza-ze-pracodawcy-zeruja-na-ukraincach","status":"publish","type":"post","link":"https:\/\/super-news.info\/pl\/wiekszosc-polakow-uwaza-ze-pracodawcy-zeruja-na-ukraincach\/","title":{"rendered":"Wi\u0119kszo\u015b\u0107 Polak\u00f3w uwa\u017ca, \u017ce pracodawcy \u017ceruj\u0105 na Ukrai\u0144cach"},"content":{"rendered":"<p> [ad_1]<br \/>\n<\/p>\n<div id=\"\">\n<p>Z raportu ZUS dotycz\u0105cego cudzoziemc\u00f3w, w polskim systemie ubezpiecze\u0144 spo\u0142ecznych sk\u0142adki na konto naszego ubezpieczyciela wp\u0142aca ponad 425 tys. Ukrai\u0144c\u00f3w. To niemal trzy czwarte wszystkich cudzoziemc\u00f3w obj\u0119tych polskim ubezpieczeniem. Wedle nieoficjalnych szacunk\u00f3w, w Polsce mo\u017ce pracowa\u0107 i mieszka\u0107 nawet 2 miliony os\u00f3b przyby\u0142ych z Ukrainy.<\/p>\n<p>&#13;<br \/>\n&#13;<\/p>\n<p>Dzia\u0142 bada\u0144 intelligence team w Havas Media Group w swoim badaniu zapyta\u0142 Polak\u00f3w o postawy wobec Ukrai\u0144c\u00f3w pracuj\u0105cych w Polsce. Pytania dotyczy\u0142y og\u00f3lnego stosunku do naszych wschodnich s\u0105siad\u00f3w, ich obecno\u015bci na rynku pracy, sympatii i antypatii.<\/p>\n<p>&#13;<br \/>\n&#13;<\/p>\n<p><span style=\"font-size:20px;\"><strong>Bliski s\u0105siad &#8211; Ukrainiec<\/strong><\/span><\/p>\n<p>&#13;<br \/>\n&#13;<\/p>\n<p>Ponad 80 proc. przebadanych Polak\u00f3w zadeklarowa\u0142a, \u017ce przynajmniej od czasu do czasu ma kontakt z pracuj\u0105cymi w Polsce Ukrai\u0144cami. Wi\u0119kszo\u015b\u0107 z nich spotyka Ukrai\u0144c\u00f3w pracuj\u0105cych w sklepach oraz na placach budowy. Niemal 1\/5 Polak\u00f3w wskaza\u0142a, \u017ce Ukrai\u0144cy to tak\u017ce ich s\u0105siedzi.<\/p>\n<p>&#13;<br \/>\n&#13;<\/p>\n<p>&#13;<br \/>\n&#13;<\/p>\n<p>\u00a0<\/p>\n<p>&#13;<br \/>\n&#13;<\/p>\n<p><strong>Stosunek Polak\u00f3w do pracuj\u0105cych w naszym kraju Ukrai\u0144c\u00f3w jest na og\u00f3\u0142 pozytywny, sympati\u0119 wobec tej nacji wyra\u017ca co drugi badany (52 proc.)<\/strong><\/p>\n<p>&#13;<br \/>\n&#13;<\/p>\n<p>\u00a0<\/p>\n<p>&#13;<br \/>\n&#13;<\/p>\n<p>&#13;<br \/>\n&#13;<\/p>\n<p>Szczeg\u00f3lnie pozytywnie nastawieni do s\u0105siad\u00f3w zza wschodniej granicy zdaj\u0105 si\u0119 by\u0107 osoby po 55 roku \u017cycia i mieszka\u0144cy miast. W tych grupach odpowiednio 62,5 proc. (osoby 55+) i 63,3 proc. (du\u017ce miasta) badanych os\u00f3b wskaza\u0142o, \u017ce ich stosunek do pracownik\u00f3w z Ukrainy jest pozytywny. Niech\u0119tnym Ukrai\u0144com jest tylko 12 proc. Polak\u00f3w, w wi\u0119kszo\u015bci osoby m\u0142ode, kt\u00f3re nie sko\u0144czy\u0142y 34 lat.<\/p>\n<p>&#13;<br \/>\n&#13;<\/p>\n<p><span style=\"font-size:20px;\"><img decoding=\"async\" alt=\"\" src=\"https:\/\/super-news.info\/pl\/wp-content\/uploads\/sites\/6\/2019\/04\/1554856740_51_Wiekszosc-Polakow-uwaza-ze-pracodawcy-zeruja-na-Ukraincach.JPG\" style=\"width: 493px; height: 336px;\"\/><\/span><\/p>\n<p>&#13;<br \/>\n&#13;<\/p>\n<p><span style=\"font-size:20px;\"><strong>Ukrai\u0144cy w bliskim otoczeniu<\/strong><\/span><\/p>\n<p>&#13;<br \/>\n&#13;<\/p>\n<p>Wi\u0119kszo\u015b\u0107 Polak\u00f3w nie ma problemu z obecno\u015bci\u0105 Ukrai\u0144c\u00f3w w swoim najbli\u017cszym otoczeniu. Wi\u0119kszo\u015b\u0107 z badanych os\u00f3b wskaza\u0142a, \u017ce mog\u0142aby zgodzi\u0107 si\u0119, \u017ceby obywatel Ukrainy by\u0142 naszym znajomym lub s\u0105siadem. Niemal 81 proc. badanych nie mia\u0142aby r\u00f3wnie\u017c problemu pracowaniem z Ukrai\u0144cami w tej samej firmie.<\/p>\n<p>&#13;<br \/>\n&#13;<\/p>\n<p>&#13;<br \/>\n&#13;<\/p>\n<p><strong>Najwi\u0119kszy problem Polacy mieliby z relacj\u0105 prze\u0142o\u017cony \u2013 podw\u0142adny. W tym przypadku tylko 53,1 proc.\u00a0 Polak\u00f3w zgodzi\u0142oby si\u0119, aby osoba pochodz\u0105ca z Ukrainy by\u0142a ich prze\u0142o\u017conym.<\/strong><\/p>\n<p>&#13;<br \/>\n&#13;<\/p>\n<p><strong><img decoding=\"async\" alt=\"\" src=\"https:\/\/super-news.info\/pl\/wp-content\/uploads\/sites\/6\/2019\/04\/1554856740_992_Wiekszosc-Polakow-uwaza-ze-pracodawcy-zeruja-na-Ukraincach.JPG\" style=\"width: 655px; height: 360px;\"\/><\/strong><\/p>\n<p>&#13;<br \/>\n&#13;<\/p>\n<p><span style=\"font-size:20px;\"><strong>Polacy otwarci czy z dystansem?<\/strong><\/span><\/p>\n<p>&#13;<br \/>\n&#13;<\/p>\n<p>Jak wygl\u0105da kwestia dystansu spo\u0142ecznego w\u015br\u00f3d r\u00f3\u017cnych grup? Z badanie Havas Media Group wynika, \u017ce kobiety s\u0105 na og\u00f3\u0142 bardziej tolerancyjne i wykazuj\u0105 mniejszy dystans spo\u0142eczny w stosunku do Ukrai\u0144c\u00f3w ni\u017c m\u0119\u017cczy\u017ani.<\/p>\n<p>&#13;<br \/>\n&#13;<\/p>\n<p>Jedynie w aspekcie zwi\u0105zk\u00f3w ma\u0142\u017ce\u0144skich lub partnerskich m\u0119\u017cczy\u017ani zdaj\u0105 si\u0119 by\u0107 bardziej otwarci ni\u017c kobiety. 67,4 proc. badanych m\u0119\u017cczyzn nie mia\u0142aby nic przeciwko, \u017ceby osoba pochodz\u0105ca z Ukrainy by\u0142a ich partnerem lub partnerk\u0105, z kolei w\u015br\u00f3d kobiet odsetek ten wynosi 49 proc.<\/p>\n<p>&#13;<br \/>\n&#13;<\/p>\n<p>\u00a0<\/p>\n<p>&#13;<br \/>\n&#13;<\/p>\n<p>&#13;<br \/>\n&#13;<\/p>\n<p>Bior\u0105c pod uwag\u0119 dystans spo\u0142eczny w\u015br\u00f3d r\u00f3\u017cnych grup wiekowych zauwa\u017calna jest pewna szczeg\u00f3lna prawid\u0142owo\u015b\u0107. Najmniej tolerancyjne i zarazem wykazuj\u0105ce najwi\u0119kszy dystans spo\u0142eczny wobec Ukrai\u0144c\u00f3w s\u0105 osoby m\u0142ode, przede wszystkim w wieku 18 \u2013 24 lata. Najwi\u0119ksz\u0105 tolerancj\u0119 wobec os\u00f3b tej narodowo\u015bci wykazuj\u0105 troch\u0119 starsze pokolenia, szczeg\u00f3lnie osoby po 55 roku \u017cycia.<\/p>\n<p>&#13;<br \/>\n&#13;<\/p>\n<p>\u00a0&#8211; <strong>Taki wynik mo\u017ce by\u0107 pochodn\u0105 pogl\u0105d\u00f3w politycznych i spo\u0142ecznych m\u0142odych Polak\u00f3w, kt\u00f3rzy obecnie troch\u0119 cz\u0119\u015bciej deklaruj\u0105 pogl\u0105dy prawicowe i konserwatywne, w zwi\u0105zku z czym mog\u0105 by\u0107 bardziej sk\u0142onni do wskazywania na najbardziej skrajne odpowiedzi<\/strong> &#8211; s\u0105dz\u0105 eksperci HMG.<\/p>\n<p>&#13;<br \/>\n&#13;<\/p>\n<p><img decoding=\"async\" alt=\"\" src=\"https:\/\/super-news.info\/pl\/wp-content\/uploads\/sites\/6\/2019\/04\/Wiekszosc-Polakow-uwaza-ze-pracodawcy-zeruja-na-Ukraincach.png\" style=\"width: 665px; height: 235px;\"\/><\/p>\n<p>&#13;<br \/>\n&#13;<\/p>\n<p>\u00a0<\/p>\n<p>&#13;<br \/>\n&#13;<\/p>\n<p><span style=\"font-size:20px;\"><strong>Ukrai\u0144cy na rynku pracy<\/strong><\/span><\/p>\n<p>&#13;<br \/>\n&#13;<\/p>\n<p>Blisko 60 proc. przebadanych Polak\u00f3w uwa\u017ca, \u017ce nasze nastawienie do Ukrai\u0144c\u00f3w pracuj\u0105cych w Polsce powinno by\u0107 bardziej pozytywne. Dostrzegamy, \u017ce obecno\u015b\u0107 ukrai\u0144skich pracownik\u00f3w jest korzystna dla naszego rozwoju gospodarczego, raczej nie mamy poczucia, \u017ce pracownicy z Ukrainy zabieraj\u0105 Polakom miejsca pracy.<\/p>\n<p>&#13;<br \/>\n&#13;<\/p>\n<p><strong>Ponad 65 proc. ankietowanych wskaza\u0142o, \u017ce nie podoba im si\u0119 wrogi stosunek niekt\u00f3rych Polak\u00f3w wobec pracownik\u00f3w z Ukrainy.<\/strong><\/p>\n<p>&#13;<br \/>\n&#13;<\/p>\n<p><img decoding=\"async\" alt=\"\" src=\"https:\/\/super-news.info\/pl\/wp-content\/uploads\/sites\/6\/2019\/04\/1554856740_168_Wiekszosc-Polakow-uwaza-ze-pracodawcy-zeruja-na-Ukraincach.JPG\" style=\"width: 655px; height: 708px;\"\/><\/p>\n<p>&#13;<br \/>\n&#13;<\/p>\n<p>Ponad 57 proc. badanych zgadza si\u0119, \u017ce obywatele Ukrainy pracuj\u0105cy w Polsce powinni zarabia\u0107 tyle samo, co Polacy wykonuj\u0105cy t\u0119 sam\u0105 prac\u0119. Nasi rodacy zauwa\u017caj\u0105 te\u017c negatywne zachowania niekt\u00f3rych polskich pracodawc\u00f3w \u2013 niemal 60 proc. zgodzi\u0142o si\u0119 ze stwierdzeniem, \u017ce pracownicy z Ukrainy s\u0105 cz\u0119sto wykorzystywani przez polskich pracodawc\u00f3w.<\/p>\n<p>&#13;<br \/>\n&#13;<\/p>\n<p>\u2013 <strong>Dostrzegamy pozytywny wp\u0142yw ukrai\u0144skich pracownik\u00f3w na nasz\u0105 gospodark\u0119 i chcieliby\u015bmy, aby pracownicy zza naszej wschodniej granicy mogli pracowa\u0107 w Polsce na takich samym zasadach jak Polacy <\/strong>\u2013 m\u00f3wi Anna Ostrowska, insight specialist w Havas Media Group.<\/p>\n<p>&#13;<br \/>\n&#13;<\/p>\n<p><img decoding=\"async\" alt=\"\" src=\"https:\/\/super-news.info\/pl\/wp-content\/uploads\/sites\/6\/2019\/04\/Wiekszosc-Polakow-uwaza-ze-pracodawcy-zeruja-na-Ukraincach.jpg\" style=\"width: 655px; height: 595px;\"\/><\/p>\n<p>&#13;<br \/>\n&#13;<\/p>\n<p><span style=\"font-size:20px;\"><strong>Udogodnienia dla Ukrai\u0144c\u00f3w? Oczywi\u015bcie<\/strong><\/span><\/p>\n<p>&#13;<br \/>\n&#13;<\/p>\n<p>Wi\u0119kszo\u015b\u0107 ankietowanych popiera tak\u017ce, wprowadzane ju\u017c w niekt\u00f3rych miastach Polski, dodatkowe udogodnienia dla obywateli z Ukrainy. <strong>Najwi\u0119cej g\u0142os\u00f3w sprzeciwu pojawia si\u0119 w grupie 18-24 lata (23 proc.), za\u015b najbardziej pozytywnie odbieraj\u0105 te gesty osoby w wieku 35-44 lata (62,3 proc.).<\/strong><\/p>\n<p>&#13;<br \/>\n&#13;<\/p>\n<p><img decoding=\"async\" alt=\"\" src=\"https:\/\/super-news.info\/pl\/wp-content\/uploads\/sites\/6\/2019\/04\/1554856740_246_Wiekszosc-Polakow-uwaza-ze-pracodawcy-zeruja-na-Ukraincach.jpg\" style=\"width: 655px; height: 424px;\"\/><\/p>\n<p>&#13;<br \/>\n&#13;<\/p>\n<p>\u2013 Bior\u0105c pod uwag\u0119 liczne doniesienia prasowe dotycz\u0105ce traktowania ukrai\u0144skich pracownik\u00f3w przez polskich pracodawc\u00f3w czy zwyk\u0142ych obywateli mog\u0142oby si\u0119 wydawa\u0107, \u017ce stosunek Polak\u00f3w do Ukrai\u0144c\u00f3w jest skrajnie negatywny, obarczony wzajemn\u0105 podejrzliwo\u015bci\u0105 i niech\u0119ci\u0105. Tymczasem jak wida\u0107 to na przyk\u0142adzie przeprowadzonych przez nas bada\u0144, <strong>sytuacja przedstawia si\u0119 zupe\u0142nie inaczej. Ponad po\u0142owa przebadanych przez nas Polak\u00f3w deklaruje, \u017ce ich stosunek do Ukrai\u0144c\u00f3w jest pozytywny. Nie mamy problemu z obecno\u015bci\u0105 Ukrai\u0144c\u00f3w w naszym bli\u017cszym i dalszym otoczeniu<\/strong> \u2013 m\u00f3wi Anna Ostrowska z Havas Media Group.<\/p>\n<p>&#13;<br \/>\n&#13;<\/p>\n<p><em>Badanie zosta\u0142o przeprowadzone w lutym na og\u00f3lnopolskim internetowym panelu badawczym Ariadna na reprezentatywnej pr\u00f3bie doros\u0142ych Polak\u00f3w (po 18 r.\u017c.). Metodologia: CAWI. Wielko\u015b\u0107 pr\u00f3by: n=1060.<\/em><\/p>\n<p>&#13;<br \/>\n                            &#13;<br \/>\n&#13;<br \/>\n                            &#13;<br \/>\n&#13;<br \/>\n&#13;<br \/>\n&#13;<br \/>\n&#13;<br \/>\n&#13;<br \/>\n                            &#13;<br \/>\n                                                            &#13;<br \/>\n&#13;<br \/>\n                            &#13;\n                        <\/p><\/div>\n<p><script>(function (d, s, id) {\n        var js, fjs = d.getElementsByTagName(s)[0];\n        if (d.getElementById(id)) return;\n        js = d.createElement(s);\n        js.id = id;\n        js.src = \"http:\/\/connect.facebook.net\/pl_PL\/sdk.js#xfbml=1&version=v2.6&appId=297996717062470\";\n        fjs.parentNode.insertBefore(js, fjs);\n    }(document, 'script', 'facebook-jssdk'));<\/script><br \/>\n<br \/>[ad_2]<br \/>\n<br \/><a href=\"https:\/\/www.wirtualnemedia.pl\/artykul\/wiekszosc-polakow-uwaza-ze-pracodawcy-zeruja-na-ukraincach_1\">Source link <\/a><\/p>\n","protected":false},"excerpt":{"rendered":"<p>[ad_1] Z raportu ZUS dotycz\u0105cego cudzoziemc\u00f3w, w polskim systemie ubezpiecze\u0144 spo\u0142ecznych sk\u0142adki na konto naszego ubezpieczyciela wp\u0142aca ponad 425 tys. Ukrai\u0144c\u00f3w. To niemal trzy czwarte wszystkich cudzoziemc\u00f3w obj\u0119tych polskim ubezpieczeniem. Wedle nieoficjalnych szacunk\u00f3w, w Polsce mo\u017ce pracowa\u0107 i mieszka\u0107 nawet 2 miliony os\u00f3b przyby\u0142ych z Ukrainy. &#13; &#13; Dzia\u0142 bada\u0144 intelligence team w Havas Media [&hellip;]<\/p>\n","protected":false},"author":2,"featured_media":108,"comment_status":"open","ping_status":"open","sticky":false,"template":"","format":"standard","meta":{"footnotes":""},"categories":[3],"tags":[],"class_list":["post-107","post","type-post","status-publish","format-standard","has-post-thumbnail","hentry","category-wiadomosci-marketingowe"],"yoast_head":"<!-- This site is optimized with the Yoast SEO plugin v27.4 - https:\/\/yoast.com\/product\/yoast-seo-wordpress\/ -->\n<title>Wi\u0119kszo\u015b\u0107 Polak\u00f3w uwa\u017ca, \u017ce pracodawcy \u017ceruj\u0105 na Ukrai\u0144cach - Super News<\/title>\n<meta name=\"robots\" content=\"index, follow, max-snippet:-1, max-image-preview:large, max-video-preview:-1\" \/>\n<link rel=\"canonical\" href=\"https:\/\/super-news.info\/pl\/wiekszosc-polakow-uwaza-ze-pracodawcy-zeruja-na-ukraincach\/\" \/>\n<meta property=\"og:locale\" content=\"pl_PL\" \/>\n<meta property=\"og:type\" content=\"article\" \/>\n<meta property=\"og:title\" content=\"Wi\u0119kszo\u015b\u0107 Polak\u00f3w uwa\u017ca, \u017ce pracodawcy \u017ceruj\u0105 na Ukrai\u0144cach - Super News\" \/>\n<meta property=\"og:description\" content=\"[ad_1] Z raportu ZUS dotycz\u0105cego cudzoziemc\u00f3w, w polskim systemie ubezpiecze\u0144 spo\u0142ecznych sk\u0142adki na konto naszego ubezpieczyciela wp\u0142aca ponad 425 tys. Ukrai\u0144c\u00f3w. To niemal trzy czwarte wszystkich cudzoziemc\u00f3w obj\u0119tych polskim ubezpieczeniem. Wedle nieoficjalnych szacunk\u00f3w, w Polsce mo\u017ce pracowa\u0107 i mieszka\u0107 nawet 2 miliony os\u00f3b przyby\u0142ych z Ukrainy. &#013; &#013; Dzia\u0142 bada\u0144 intelligence team w Havas Media [&hellip;]\" \/>\n<meta property=\"og:url\" content=\"https:\/\/super-news.info\/pl\/wiekszosc-polakow-uwaza-ze-pracodawcy-zeruja-na-ukraincach\/\" \/>\n<meta property=\"og:site_name\" content=\"Super News\" \/>\n<meta property=\"article:published_time\" content=\"2019-04-10T00:39:00+00:00\" \/>\n<meta property=\"article:modified_time\" content=\"2019-04-10T00:39:01+00:00\" \/>\n<meta property=\"og:image\" content=\"https:\/\/super-news.info\/pl\/wp-content\/uploads\/sites\/6\/2019\/04\/Wi\u0119kszo\u015b\u0107-Polak\u00f3w-uwa\u017ca-\u017ce-pracodawcy-\u017ceruj\u0105-na-Ukrai\u0144cach.JPG\" \/>\n\t<meta property=\"og:image:width\" content=\"917\" \/>\n\t<meta property=\"og:image:height\" content=\"587\" \/>\n\t<meta property=\"og:image:type\" content=\"image\/jpeg\" \/>\n<meta name=\"author\" content=\"super-news\" \/>\n<meta name=\"twitter:card\" content=\"summary_large_image\" \/>\n<meta name=\"twitter:label1\" content=\"Napisane przez\" \/>\n\t<meta name=\"twitter:data1\" content=\"super-news\" \/>\n\t<meta name=\"twitter:label2\" content=\"Szacowany czas czytania\" \/>\n\t<meta name=\"twitter:data2\" content=\"5 minut\" \/>\n<script type=\"application\/ld+json\" class=\"yoast-schema-graph\">{\"@context\":\"https:\\\/\\\/schema.org\",\"@graph\":[{\"@type\":\"Article\",\"@id\":\"https:\\\/\\\/super-news.info\\\/pl\\\/wiekszosc-polakow-uwaza-ze-pracodawcy-zeruja-na-ukraincach\\\/#article\",\"isPartOf\":{\"@id\":\"https:\\\/\\\/super-news.info\\\/pl\\\/wiekszosc-polakow-uwaza-ze-pracodawcy-zeruja-na-ukraincach\\\/\"},\"author\":{\"name\":\"super-news\",\"@id\":\"https:\\\/\\\/super-news.info\\\/pl\\\/#\\\/schema\\\/person\\\/2d4068cb2f39cd10008c2fce578a7356\"},\"headline\":\"Wi\u0119kszo\u015b\u0107 Polak\u00f3w uwa\u017ca, \u017ce pracodawcy \u017ceruj\u0105 na Ukrai\u0144cach\",\"datePublished\":\"2019-04-10T00:39:00+00:00\",\"dateModified\":\"2019-04-10T00:39:01+00:00\",\"mainEntityOfPage\":{\"@id\":\"https:\\\/\\\/super-news.info\\\/pl\\\/wiekszosc-polakow-uwaza-ze-pracodawcy-zeruja-na-ukraincach\\\/\"},\"wordCount\":932,\"commentCount\":0,\"image\":{\"@id\":\"https:\\\/\\\/super-news.info\\\/pl\\\/wiekszosc-polakow-uwaza-ze-pracodawcy-zeruja-na-ukraincach\\\/#primaryimage\"},\"thumbnailUrl\":\"https:\\\/\\\/super-news.info\\\/pl\\\/wp-content\\\/uploads\\\/sites\\\/6\\\/2019\\\/04\\\/Wi\u0119kszo\u015b\u0107-Polak\u00f3w-uwa\u017ca-\u017ce-pracodawcy-\u017ceruj\u0105-na-Ukrai\u0144cach.JPG\",\"articleSection\":[\"WIADOMO\u015aCI MARKETINGOWE\"],\"inLanguage\":\"pl-PL\",\"potentialAction\":[{\"@type\":\"CommentAction\",\"name\":\"Comment\",\"target\":[\"https:\\\/\\\/super-news.info\\\/pl\\\/wiekszosc-polakow-uwaza-ze-pracodawcy-zeruja-na-ukraincach\\\/#respond\"]}]},{\"@type\":\"WebPage\",\"@id\":\"https:\\\/\\\/super-news.info\\\/pl\\\/wiekszosc-polakow-uwaza-ze-pracodawcy-zeruja-na-ukraincach\\\/\",\"url\":\"https:\\\/\\\/super-news.info\\\/pl\\\/wiekszosc-polakow-uwaza-ze-pracodawcy-zeruja-na-ukraincach\\\/\",\"name\":\"Wi\u0119kszo\u015b\u0107 Polak\u00f3w uwa\u017ca, \u017ce pracodawcy \u017ceruj\u0105 na Ukrai\u0144cach - Super News\",\"isPartOf\":{\"@id\":\"https:\\\/\\\/super-news.info\\\/pl\\\/#website\"},\"primaryImageOfPage\":{\"@id\":\"https:\\\/\\\/super-news.info\\\/pl\\\/wiekszosc-polakow-uwaza-ze-pracodawcy-zeruja-na-ukraincach\\\/#primaryimage\"},\"image\":{\"@id\":\"https:\\\/\\\/super-news.info\\\/pl\\\/wiekszosc-polakow-uwaza-ze-pracodawcy-zeruja-na-ukraincach\\\/#primaryimage\"},\"thumbnailUrl\":\"https:\\\/\\\/super-news.info\\\/pl\\\/wp-content\\\/uploads\\\/sites\\\/6\\\/2019\\\/04\\\/Wi\u0119kszo\u015b\u0107-Polak\u00f3w-uwa\u017ca-\u017ce-pracodawcy-\u017ceruj\u0105-na-Ukrai\u0144cach.JPG\",\"datePublished\":\"2019-04-10T00:39:00+00:00\",\"dateModified\":\"2019-04-10T00:39:01+00:00\",\"author\":{\"@id\":\"https:\\\/\\\/super-news.info\\\/pl\\\/#\\\/schema\\\/person\\\/2d4068cb2f39cd10008c2fce578a7356\"},\"breadcrumb\":{\"@id\":\"https:\\\/\\\/super-news.info\\\/pl\\\/wiekszosc-polakow-uwaza-ze-pracodawcy-zeruja-na-ukraincach\\\/#breadcrumb\"},\"inLanguage\":\"pl-PL\",\"potentialAction\":[{\"@type\":\"ReadAction\",\"target\":[\"https:\\\/\\\/super-news.info\\\/pl\\\/wiekszosc-polakow-uwaza-ze-pracodawcy-zeruja-na-ukraincach\\\/\"]}]},{\"@type\":\"ImageObject\",\"inLanguage\":\"pl-PL\",\"@id\":\"https:\\\/\\\/super-news.info\\\/pl\\\/wiekszosc-polakow-uwaza-ze-pracodawcy-zeruja-na-ukraincach\\\/#primaryimage\",\"url\":\"https:\\\/\\\/super-news.info\\\/pl\\\/wp-content\\\/uploads\\\/sites\\\/6\\\/2019\\\/04\\\/Wi\u0119kszo\u015b\u0107-Polak\u00f3w-uwa\u017ca-\u017ce-pracodawcy-\u017ceruj\u0105-na-Ukrai\u0144cach.JPG\",\"contentUrl\":\"https:\\\/\\\/super-news.info\\\/pl\\\/wp-content\\\/uploads\\\/sites\\\/6\\\/2019\\\/04\\\/Wi\u0119kszo\u015b\u0107-Polak\u00f3w-uwa\u017ca-\u017ce-pracodawcy-\u017ceruj\u0105-na-Ukrai\u0144cach.JPG\",\"width\":917,\"height\":587,\"caption\":\"Wi\u0119kszo\u015b\u0107 Polak\u00f3w uwa\u017ca, \u017ce pracodawcy \u017ceruj\u0105 na Ukrai\u0144cach\"},{\"@type\":\"BreadcrumbList\",\"@id\":\"https:\\\/\\\/super-news.info\\\/pl\\\/wiekszosc-polakow-uwaza-ze-pracodawcy-zeruja-na-ukraincach\\\/#breadcrumb\",\"itemListElement\":[{\"@type\":\"ListItem\",\"position\":1,\"name\":\"\u0413\u043b\u0430\u0432\u043d\u0430\u044f \u0441\u0442\u0440\u0430\u043d\u0438\u0446\u0430\",\"item\":\"https:\\\/\\\/super-news.info\\\/pl\\\/\"},{\"@type\":\"ListItem\",\"position\":2,\"name\":\"Wi\u0119kszo\u015b\u0107 Polak\u00f3w uwa\u017ca, \u017ce pracodawcy \u017ceruj\u0105 na Ukrai\u0144cach\"}]},{\"@type\":\"WebSite\",\"@id\":\"https:\\\/\\\/super-news.info\\\/pl\\\/#website\",\"url\":\"https:\\\/\\\/super-news.info\\\/pl\\\/\",\"name\":\"Super News\",\"description\":\"Super News Polska\",\"potentialAction\":[{\"@type\":\"SearchAction\",\"target\":{\"@type\":\"EntryPoint\",\"urlTemplate\":\"https:\\\/\\\/super-news.info\\\/pl\\\/?s={search_term_string}\"},\"query-input\":{\"@type\":\"PropertyValueSpecification\",\"valueRequired\":true,\"valueName\":\"search_term_string\"}}],\"inLanguage\":\"pl-PL\"},{\"@type\":\"Person\",\"@id\":\"https:\\\/\\\/super-news.info\\\/pl\\\/#\\\/schema\\\/person\\\/2d4068cb2f39cd10008c2fce578a7356\",\"name\":\"super-news\",\"image\":{\"@type\":\"ImageObject\",\"inLanguage\":\"pl-PL\",\"@id\":\"https:\\\/\\\/secure.gravatar.com\\\/avatar\\\/64ebac40b93f26a154f8a9b5b6fdccfc46f442b26b3dd6756dbff3bf9dc76fd7?s=96&d=mm&r=g\",\"url\":\"https:\\\/\\\/secure.gravatar.com\\\/avatar\\\/64ebac40b93f26a154f8a9b5b6fdccfc46f442b26b3dd6756dbff3bf9dc76fd7?s=96&d=mm&r=g\",\"contentUrl\":\"https:\\\/\\\/secure.gravatar.com\\\/avatar\\\/64ebac40b93f26a154f8a9b5b6fdccfc46f442b26b3dd6756dbff3bf9dc76fd7?s=96&d=mm&r=g\",\"caption\":\"super-news\"},\"url\":\"https:\\\/\\\/super-news.info\\\/pl\\\/author\\\/pt\\\/\"}]}<\/script>\n<!-- \/ Yoast SEO plugin. -->","yoast_head_json":{"title":"Wi\u0119kszo\u015b\u0107 Polak\u00f3w uwa\u017ca, \u017ce pracodawcy \u017ceruj\u0105 na Ukrai\u0144cach - Super News","robots":{"index":"index","follow":"follow","max-snippet":"max-snippet:-1","max-image-preview":"max-image-preview:large","max-video-preview":"max-video-preview:-1"},"canonical":"https:\/\/super-news.info\/pl\/wiekszosc-polakow-uwaza-ze-pracodawcy-zeruja-na-ukraincach\/","og_locale":"pl_PL","og_type":"article","og_title":"Wi\u0119kszo\u015b\u0107 Polak\u00f3w uwa\u017ca, \u017ce pracodawcy \u017ceruj\u0105 na Ukrai\u0144cach - Super News","og_description":"[ad_1] Z raportu ZUS dotycz\u0105cego cudzoziemc\u00f3w, w polskim systemie ubezpiecze\u0144 spo\u0142ecznych sk\u0142adki na konto naszego ubezpieczyciela wp\u0142aca ponad 425 tys. Ukrai\u0144c\u00f3w. To niemal trzy czwarte wszystkich cudzoziemc\u00f3w obj\u0119tych polskim ubezpieczeniem. Wedle nieoficjalnych szacunk\u00f3w, w Polsce mo\u017ce pracowa\u0107 i mieszka\u0107 nawet 2 miliony os\u00f3b przyby\u0142ych z Ukrainy. &#13; &#13; Dzia\u0142 bada\u0144 intelligence team w Havas Media [&hellip;]","og_url":"https:\/\/super-news.info\/pl\/wiekszosc-polakow-uwaza-ze-pracodawcy-zeruja-na-ukraincach\/","og_site_name":"Super News","article_published_time":"2019-04-10T00:39:00+00:00","article_modified_time":"2019-04-10T00:39:01+00:00","og_image":[{"width":917,"height":587,"url":"https:\/\/super-news.info\/pl\/wp-content\/uploads\/sites\/6\/2019\/04\/Wi\u0119kszo\u015b\u0107-Polak\u00f3w-uwa\u017ca-\u017ce-pracodawcy-\u017ceruj\u0105-na-Ukrai\u0144cach.JPG","type":"image\/jpeg"}],"author":"super-news","twitter_card":"summary_large_image","twitter_misc":{"Napisane przez":"super-news","Szacowany czas czytania":"5 minut"},"schema":{"@context":"https:\/\/schema.org","@graph":[{"@type":"Article","@id":"https:\/\/super-news.info\/pl\/wiekszosc-polakow-uwaza-ze-pracodawcy-zeruja-na-ukraincach\/#article","isPartOf":{"@id":"https:\/\/super-news.info\/pl\/wiekszosc-polakow-uwaza-ze-pracodawcy-zeruja-na-ukraincach\/"},"author":{"name":"super-news","@id":"https:\/\/super-news.info\/pl\/#\/schema\/person\/2d4068cb2f39cd10008c2fce578a7356"},"headline":"Wi\u0119kszo\u015b\u0107 Polak\u00f3w uwa\u017ca, \u017ce pracodawcy \u017ceruj\u0105 na Ukrai\u0144cach","datePublished":"2019-04-10T00:39:00+00:00","dateModified":"2019-04-10T00:39:01+00:00","mainEntityOfPage":{"@id":"https:\/\/super-news.info\/pl\/wiekszosc-polakow-uwaza-ze-pracodawcy-zeruja-na-ukraincach\/"},"wordCount":932,"commentCount":0,"image":{"@id":"https:\/\/super-news.info\/pl\/wiekszosc-polakow-uwaza-ze-pracodawcy-zeruja-na-ukraincach\/#primaryimage"},"thumbnailUrl":"https:\/\/super-news.info\/pl\/wp-content\/uploads\/sites\/6\/2019\/04\/Wi\u0119kszo\u015b\u0107-Polak\u00f3w-uwa\u017ca-\u017ce-pracodawcy-\u017ceruj\u0105-na-Ukrai\u0144cach.JPG","articleSection":["WIADOMO\u015aCI MARKETINGOWE"],"inLanguage":"pl-PL","potentialAction":[{"@type":"CommentAction","name":"Comment","target":["https:\/\/super-news.info\/pl\/wiekszosc-polakow-uwaza-ze-pracodawcy-zeruja-na-ukraincach\/#respond"]}]},{"@type":"WebPage","@id":"https:\/\/super-news.info\/pl\/wiekszosc-polakow-uwaza-ze-pracodawcy-zeruja-na-ukraincach\/","url":"https:\/\/super-news.info\/pl\/wiekszosc-polakow-uwaza-ze-pracodawcy-zeruja-na-ukraincach\/","name":"Wi\u0119kszo\u015b\u0107 Polak\u00f3w uwa\u017ca, \u017ce pracodawcy \u017ceruj\u0105 na Ukrai\u0144cach - Super News","isPartOf":{"@id":"https:\/\/super-news.info\/pl\/#website"},"primaryImageOfPage":{"@id":"https:\/\/super-news.info\/pl\/wiekszosc-polakow-uwaza-ze-pracodawcy-zeruja-na-ukraincach\/#primaryimage"},"image":{"@id":"https:\/\/super-news.info\/pl\/wiekszosc-polakow-uwaza-ze-pracodawcy-zeruja-na-ukraincach\/#primaryimage"},"thumbnailUrl":"https:\/\/super-news.info\/pl\/wp-content\/uploads\/sites\/6\/2019\/04\/Wi\u0119kszo\u015b\u0107-Polak\u00f3w-uwa\u017ca-\u017ce-pracodawcy-\u017ceruj\u0105-na-Ukrai\u0144cach.JPG","datePublished":"2019-04-10T00:39:00+00:00","dateModified":"2019-04-10T00:39:01+00:00","author":{"@id":"https:\/\/super-news.info\/pl\/#\/schema\/person\/2d4068cb2f39cd10008c2fce578a7356"},"breadcrumb":{"@id":"https:\/\/super-news.info\/pl\/wiekszosc-polakow-uwaza-ze-pracodawcy-zeruja-na-ukraincach\/#breadcrumb"},"inLanguage":"pl-PL","potentialAction":[{"@type":"ReadAction","target":["https:\/\/super-news.info\/pl\/wiekszosc-polakow-uwaza-ze-pracodawcy-zeruja-na-ukraincach\/"]}]},{"@type":"ImageObject","inLanguage":"pl-PL","@id":"https:\/\/super-news.info\/pl\/wiekszosc-polakow-uwaza-ze-pracodawcy-zeruja-na-ukraincach\/#primaryimage","url":"https:\/\/super-news.info\/pl\/wp-content\/uploads\/sites\/6\/2019\/04\/Wi\u0119kszo\u015b\u0107-Polak\u00f3w-uwa\u017ca-\u017ce-pracodawcy-\u017ceruj\u0105-na-Ukrai\u0144cach.JPG","contentUrl":"https:\/\/super-news.info\/pl\/wp-content\/uploads\/sites\/6\/2019\/04\/Wi\u0119kszo\u015b\u0107-Polak\u00f3w-uwa\u017ca-\u017ce-pracodawcy-\u017ceruj\u0105-na-Ukrai\u0144cach.JPG","width":917,"height":587,"caption":"Wi\u0119kszo\u015b\u0107 Polak\u00f3w uwa\u017ca, \u017ce pracodawcy \u017ceruj\u0105 na Ukrai\u0144cach"},{"@type":"BreadcrumbList","@id":"https:\/\/super-news.info\/pl\/wiekszosc-polakow-uwaza-ze-pracodawcy-zeruja-na-ukraincach\/#breadcrumb","itemListElement":[{"@type":"ListItem","position":1,"name":"\u0413\u043b\u0430\u0432\u043d\u0430\u044f \u0441\u0442\u0440\u0430\u043d\u0438\u0446\u0430","item":"https:\/\/super-news.info\/pl\/"},{"@type":"ListItem","position":2,"name":"Wi\u0119kszo\u015b\u0107 Polak\u00f3w uwa\u017ca, \u017ce pracodawcy \u017ceruj\u0105 na Ukrai\u0144cach"}]},{"@type":"WebSite","@id":"https:\/\/super-news.info\/pl\/#website","url":"https:\/\/super-news.info\/pl\/","name":"Super News","description":"Super News Polska","potentialAction":[{"@type":"SearchAction","target":{"@type":"EntryPoint","urlTemplate":"https:\/\/super-news.info\/pl\/?s={search_term_string}"},"query-input":{"@type":"PropertyValueSpecification","valueRequired":true,"valueName":"search_term_string"}}],"inLanguage":"pl-PL"},{"@type":"Person","@id":"https:\/\/super-news.info\/pl\/#\/schema\/person\/2d4068cb2f39cd10008c2fce578a7356","name":"super-news","image":{"@type":"ImageObject","inLanguage":"pl-PL","@id":"https:\/\/secure.gravatar.com\/avatar\/64ebac40b93f26a154f8a9b5b6fdccfc46f442b26b3dd6756dbff3bf9dc76fd7?s=96&d=mm&r=g","url":"https:\/\/secure.gravatar.com\/avatar\/64ebac40b93f26a154f8a9b5b6fdccfc46f442b26b3dd6756dbff3bf9dc76fd7?s=96&d=mm&r=g","contentUrl":"https:\/\/secure.gravatar.com\/avatar\/64ebac40b93f26a154f8a9b5b6fdccfc46f442b26b3dd6756dbff3bf9dc76fd7?s=96&d=mm&r=g","caption":"super-news"},"url":"https:\/\/super-news.info\/pl\/author\/pt\/"}]}},"_links":{"self":[{"href":"https:\/\/super-news.info\/pl\/wp-json\/wp\/v2\/posts\/107","targetHints":{"allow":["GET"]}}],"collection":[{"href":"https:\/\/super-news.info\/pl\/wp-json\/wp\/v2\/posts"}],"about":[{"href":"https:\/\/super-news.info\/pl\/wp-json\/wp\/v2\/types\/post"}],"author":[{"embeddable":true,"href":"https:\/\/super-news.info\/pl\/wp-json\/wp\/v2\/users\/2"}],"replies":[{"embeddable":true,"href":"https:\/\/super-news.info\/pl\/wp-json\/wp\/v2\/comments?post=107"}],"version-history":[{"count":1,"href":"https:\/\/super-news.info\/pl\/wp-json\/wp\/v2\/posts\/107\/revisions"}],"predecessor-version":[{"id":109,"href":"https:\/\/super-news.info\/pl\/wp-json\/wp\/v2\/posts\/107\/revisions\/109"}],"wp:featuredmedia":[{"embeddable":true,"href":"https:\/\/super-news.info\/pl\/wp-json\/wp\/v2\/media\/108"}],"wp:attachment":[{"href":"https:\/\/super-news.info\/pl\/wp-json\/wp\/v2\/media?parent=107"}],"wp:term":[{"taxonomy":"category","embeddable":true,"href":"https:\/\/super-news.info\/pl\/wp-json\/wp\/v2\/categories?post=107"},{"taxonomy":"post_tag","embeddable":true,"href":"https:\/\/super-news.info\/pl\/wp-json\/wp\/v2\/tags?post=107"}],"curies":[{"name":"wp","href":"https:\/\/api.w.org\/{rel}","templated":true}]}}