{"id":104,"date":"2019-04-10T02:34:14","date_gmt":"2019-04-09T23:34:14","guid":{"rendered":"https:\/\/super-news.info\/pl\/wiadomosci-marketingowe\/kantar-laczy-wszystkie-swoje-firmy-i-uslugi-pod-jedna-marka\/"},"modified":"2019-04-10T02:34:15","modified_gmt":"2019-04-09T23:34:15","slug":"kantar-laczy-wszystkie-swoje-firmy-i-uslugi-pod-jedna-marka","status":"publish","type":"post","link":"https:\/\/super-news.info\/pl\/kantar-laczy-wszystkie-swoje-firmy-i-uslugi-pod-jedna-marka\/","title":{"rendered":"Kantar \u0142\u0105czy wszystkie swoje firmy i us\u0142ugi pod jedn\u0105 mark\u0105"},"content":{"rendered":"<p> [ad_1]<br \/>\n<\/p>\n<div id=\"\">\n<p><strong>Zmiana nazwy wszystkich sp\u00f3\u0142ek i us\u0142ug to element nowej strategia marki<\/strong>. &#8211; Zmiana naszego brandingu jest odbiciem przekszta\u0142ce\u0144 operacyjnych, kt\u00f3re ju\u017c zachodz\u0105 w naszej firmie, a wynika z d\u0105\u017cenia do osi\u0105gni\u0119cia prostoty, skali dzia\u0142ania i pozytywnych skutk\u00f3w dla naszych klient\u00f3w. Ta zmiana sprawi, \u017ce klientom b\u0119dzie \u0142atwiej rozumie\u0107 dzia\u0142alno\u015b\u0107 firmy Kantar i wsp\u00f3\u0142pracowa\u0107 z nami. Dzi\u0119ki usuni\u0119ciu barier utrudniaj\u0105cych wsp\u00f3\u0142tworzenie i ukierunkowan\u0105 wsp\u00f3\u0142prac\u0119 w ca\u0142ej naszej organizacji \u0142atwiej nam b\u0119dzie budowa\u0107 platformy i oferty w skali globalnej, odpowiadaj\u0105c na najpilniejsze potrzeby naszych klient\u00f3w &#8211; powiedzia\u0142 prezes firmy Kantar, Eric Salama.<\/p>\n<p>&#13;<br \/>\n&#13;<\/p>\n<p>Mandy Pooler, dyrektor marketingu (CMO) w Kantar, doda\u0142a: &#8211; Dzia\u0142aj\u0105c wsp\u00f3lnie, firma Kantar doskonale rozumie, jak ludzie my\u015bl\u0105, co czuj\u0105, jak robi\u0105 zakupy, dziel\u0105 si\u0119 informacjami, g\u0142osuj\u0105 i co ogl\u0105daj\u0105. Uproszczenie strategii naszej marki jest subtelnym, ale wa\u017cnym sygna\u0142em pokazuj\u0105cym nasz\u0105 ewolucj\u0119 i misj\u0119: zapewnianie inspiracji dla najwa\u017cniejszych podmiot\u00f3w na \u015bwiecie dzi\u0119ki pe\u0142nemu zrozumieniu ludzi, kt\u00f3rym s\u0142u\u017c\u0105.<\/p>\n<p>&#13;<br \/>\n&#13;<\/p>\n<p>Rebranding i ujednolicenie nazw jest kolejn\u0105 ze zmian, jakie w ostatnim czasie wprowadzono w grupie Kantar. Wcze\u015bniej wprowadzono m.in. Kantar Marketplace \u2013 now\u0105 globaln\u0105 platform\u0119 umo\u017cliwiaj\u0105c\u0105 zakup bada\u0144 i wiedzy na \u017c\u0105danie.<br \/>&#13;<br \/>\nWprowadzono nowy system wytycznych dla marek (Brand Guidance Systems), kt\u00f3ry ma by\u0107 po\u0142\u0105czeniem zweryfikowanych wska\u017anik\u00f3w pochodz\u0105cych z bada\u0144 ilo\u015bciowych oraz danych spo\u0142ecznych, sprzeda\u017cowych, medialnych, behawioralnych i pochodz\u0105cych z wyszukiwa\u0144. Dzi\u0119ki nim mo\u017cna tworzy\u0107 praktyczn\u0105 wiedz\u0119 maj\u0105c\u0105 prze\u0142o\u017cenie na dzia\u0142ania niezb\u0119dne do optymalizacji marek i skuteczno\u015bci kampanii reklamowych.<\/p>\n<p>&#13;<br \/>\n&#13;<\/p>\n<p>Kantar jest cz\u0119\u015bci\u0105 grupy WPP, zatrudnia 30 tys pracownik\u00f3w na ca\u0142ym \u015bwiecie. <strong>Marki, kt\u00f3re w wyniku rebrandingu przestan\u0105 istnie\u0107 to: Kantar Consulting, Kantar Health, Kantar IMRB, Kantar Media, Kantar Millward Brown, Kantar Public, Kantar TNS, Kantar Worldpanel, Lightspeed oraz wszystkie marki krajowe.<\/strong><\/p>\n<p>&#13;<br \/>\n&#13;<\/p>\n<p>Konsolidacja wszystkich marek Kantar ma miejsce, gdy WPP \u0142\u0105czy agencje Wunderman, Possible i Cole &amp; Weber\u00a0w jednym biurze Wunderman Thompson Seattle, kilka miesi\u0119cy po po\u0142\u0105czeniu agencji J. Walter Thompson i Wunderman.<\/p>\n<p><span style=\"font-size: 20px;\"><strong>Nowy w\u0142a\u015bciciel Kantara wkr\u00f3tce?<\/strong><\/span><\/p>\n<p>&#13;<br \/>\n&#13;<\/p>\n<p><strong>Holding WPP rozwa\u017ca sprzeda\u017c firmy Kantar.<\/strong> Pierwsze doniesienia na ten temat pojawi\u0142y si\u0119 wiosn\u0105 ub.r. Oficjalnie poinformowano o tym w listopadzie 2018 roku.<\/p>\n<p>&#13;<br \/>\n&#13;<\/p>\n<p>Mark Read, szef WPP powiedzia\u0142, \u017ce idealny scenariusz zak\u0142ada, \u017ce \u200b\u200bWPP zachowa \u201eod 25 proc. do 40 proc.\u201d udzia\u0142\u00f3w \u2013 co wycenia si\u0119 na oko\u0142o 3,5 mld funt\u00f3w &#8211; jako \u201efinansowy\u201d i \/ lub partner strategiczny.<\/p>\n<p>&#13;<br \/>\n&#13;<\/p>\n<p>Dane s\u0105 niezwykle wa\u017cne dla naszych klient\u00f3w i niezwykle wa\u017cne w nowoczesnym ekosystemie marketingowym, ale WPP nale\u017cy ocenia\u0107 bardziej na podstawie tego, jakich danych u\u017cywamy w naszej pracy ni\u017c tego, czy jeste\u015bmy ich w\u0142a\u015bcicielami.\u00a0Kiedy ju\u017c zdecydowali\u015bmy, znale\u017ali\u015bmy okazj\u0119, aby przekszta\u0142ci\u0107 Kantar w wiod\u0105c\u0105 na \u015bwiecie bran\u017c\u0119 danych &#8211; powiedzia\u0142.<\/p>\n<p>&#13;<br \/>\n&#13;<\/p>\n<p>Jak dot\u0105d niewiele informacji ujawniono na temat post\u0119pu sprzeda\u017cy.<\/p>\n<p>&#13;<br \/>\n&#13;<\/p>\n<p>Niekt\u00f3rzy spekuluj\u0105, \u017ce by\u0142y szef WPP Sir Martin Sorrell,\u00a0w\u0142a\u015bciciel S4 Capital, mo\u017ce by\u0107 zainteresowany kupnem Kantara.<\/p>\n<p>&#13;<br \/>\n&#13;<\/p>\n<p>Wcze\u015bniej WPP rozmawia\u0142o z Nielsenem o po\u0142\u0105czeniu tej firmy z Kantarem, jednak strony nie dosz\u0142y do porozumienia. Na pocz\u0105tku marca br. Mark Read przekaza\u0142 analitykom, \u017ce <strong>wynik rozm\u00f3w dotycz\u0105cych sprzeda\u017cy Kantara zostanie og\u0142oszony do ko\u0144ca drugiego kwarta\u0142u.<\/strong><\/p>\n<p>&#13;<br \/>\n                            &#13;<br \/>\n&#13;<br \/>\n                            &#13;<br \/>\n&#13;<br \/>\n&#13;<br \/>\n&#13;<br \/>\n&#13;<br \/>\n&#13;<br \/>\n                            &#13;<br \/>\n                                                            &#13;<br \/>\n&#13;<br \/>\n                            &#13;\n                        <\/p><\/div>\n<p><script>(function (d, s, id) {\n        var js, fjs = d.getElementsByTagName(s)[0];\n        if (d.getElementById(id)) return;\n        js = d.createElement(s);\n        js.id = id;\n        js.src = \"http:\/\/connect.facebook.net\/pl_PL\/sdk.js#xfbml=1&version=v2.6&appId=297996717062470\";\n        fjs.parentNode.insertBefore(js, fjs);\n    }(document, 'script', 'facebook-jssdk'));<\/script><br \/>\n<br \/>[ad_2]<br \/>\n<br \/><a href=\"https:\/\/www.wirtualnemedia.pl\/artykul\/kantar-laczy-wszystkie-swoje-firmy-i-uslugi-pod-jedna-marka\">Source link <\/a><\/p>\n","protected":false},"excerpt":{"rendered":"<p>[ad_1] Zmiana nazwy wszystkich sp\u00f3\u0142ek i us\u0142ug to element nowej strategia marki. &#8211; Zmiana naszego brandingu jest odbiciem przekszta\u0142ce\u0144 operacyjnych, kt\u00f3re ju\u017c zachodz\u0105 w naszej firmie, a wynika z d\u0105\u017cenia do osi\u0105gni\u0119cia prostoty, skali dzia\u0142ania i pozytywnych skutk\u00f3w dla naszych klient\u00f3w. Ta zmiana sprawi, \u017ce klientom b\u0119dzie \u0142atwiej rozumie\u0107 dzia\u0142alno\u015b\u0107 firmy Kantar i wsp\u00f3\u0142pracowa\u0107 z [&hellip;]<\/p>\n","protected":false},"author":2,"featured_media":105,"comment_status":"open","ping_status":"open","sticky":false,"template":"","format":"standard","meta":{"footnotes":""},"categories":[3],"tags":[],"class_list":["post-104","post","type-post","status-publish","format-standard","has-post-thumbnail","hentry","category-wiadomosci-marketingowe"],"yoast_head":"<!-- This site is optimized with the Yoast SEO plugin v27.4 - https:\/\/yoast.com\/product\/yoast-seo-wordpress\/ -->\n<title>Kantar \u0142\u0105czy wszystkie swoje firmy i us\u0142ugi pod jedn\u0105 mark\u0105 - Super News<\/title>\n<meta name=\"robots\" content=\"index, follow, max-snippet:-1, max-image-preview:large, max-video-preview:-1\" \/>\n<link rel=\"canonical\" href=\"https:\/\/super-news.info\/pl\/kantar-laczy-wszystkie-swoje-firmy-i-uslugi-pod-jedna-marka\/\" \/>\n<meta property=\"og:locale\" content=\"pl_PL\" \/>\n<meta property=\"og:type\" content=\"article\" \/>\n<meta property=\"og:title\" content=\"Kantar \u0142\u0105czy wszystkie swoje firmy i us\u0142ugi pod jedn\u0105 mark\u0105 - Super News\" \/>\n<meta property=\"og:description\" content=\"[ad_1] Zmiana nazwy wszystkich sp\u00f3\u0142ek i us\u0142ug to element nowej strategia marki. &#8211; Zmiana naszego brandingu jest odbiciem przekszta\u0142ce\u0144 operacyjnych, kt\u00f3re ju\u017c zachodz\u0105 w naszej firmie, a wynika z d\u0105\u017cenia do osi\u0105gni\u0119cia prostoty, skali dzia\u0142ania i pozytywnych skutk\u00f3w dla naszych klient\u00f3w. Ta zmiana sprawi, \u017ce klientom b\u0119dzie \u0142atwiej rozumie\u0107 dzia\u0142alno\u015b\u0107 firmy Kantar i wsp\u00f3\u0142pracowa\u0107 z [&hellip;]\" \/>\n<meta property=\"og:url\" content=\"https:\/\/super-news.info\/pl\/kantar-laczy-wszystkie-swoje-firmy-i-uslugi-pod-jedna-marka\/\" \/>\n<meta property=\"og:site_name\" content=\"Super News\" \/>\n<meta property=\"article:published_time\" content=\"2019-04-09T23:34:14+00:00\" \/>\n<meta property=\"article:modified_time\" content=\"2019-04-09T23:34:15+00:00\" \/>\n<meta property=\"og:image\" content=\"https:\/\/super-news.info\/pl\/wp-content\/uploads\/sites\/6\/2019\/04\/Kantar-\u0142\u0105czy-wszystkie-swoje-firmy-i-us\u0142ugi-pod-jedn\u0105-mark\u0105.jpg\" \/>\n\t<meta property=\"og:image:width\" content=\"655\" \/>\n\t<meta property=\"og:image:height\" content=\"327\" \/>\n\t<meta property=\"og:image:type\" content=\"image\/jpeg\" \/>\n<meta name=\"author\" content=\"super-news\" \/>\n<meta name=\"twitter:card\" content=\"summary_large_image\" \/>\n<meta name=\"twitter:label1\" content=\"Napisane przez\" \/>\n\t<meta name=\"twitter:data1\" content=\"super-news\" \/>\n\t<meta name=\"twitter:label2\" content=\"Szacowany czas czytania\" \/>\n\t<meta name=\"twitter:data2\" content=\"3 minuty\" \/>\n<script type=\"application\/ld+json\" class=\"yoast-schema-graph\">{\"@context\":\"https:\\\/\\\/schema.org\",\"@graph\":[{\"@type\":\"Article\",\"@id\":\"https:\\\/\\\/super-news.info\\\/pl\\\/kantar-laczy-wszystkie-swoje-firmy-i-uslugi-pod-jedna-marka\\\/#article\",\"isPartOf\":{\"@id\":\"https:\\\/\\\/super-news.info\\\/pl\\\/kantar-laczy-wszystkie-swoje-firmy-i-uslugi-pod-jedna-marka\\\/\"},\"author\":{\"name\":\"super-news\",\"@id\":\"https:\\\/\\\/super-news.info\\\/pl\\\/#\\\/schema\\\/person\\\/2d4068cb2f39cd10008c2fce578a7356\"},\"headline\":\"Kantar \u0142\u0105czy wszystkie swoje firmy i us\u0142ugi pod jedn\u0105 mark\u0105\",\"datePublished\":\"2019-04-09T23:34:14+00:00\",\"dateModified\":\"2019-04-09T23:34:15+00:00\",\"mainEntityOfPage\":{\"@id\":\"https:\\\/\\\/super-news.info\\\/pl\\\/kantar-laczy-wszystkie-swoje-firmy-i-uslugi-pod-jedna-marka\\\/\"},\"wordCount\":590,\"commentCount\":0,\"image\":{\"@id\":\"https:\\\/\\\/super-news.info\\\/pl\\\/kantar-laczy-wszystkie-swoje-firmy-i-uslugi-pod-jedna-marka\\\/#primaryimage\"},\"thumbnailUrl\":\"https:\\\/\\\/super-news.info\\\/pl\\\/wp-content\\\/uploads\\\/sites\\\/6\\\/2019\\\/04\\\/Kantar-\u0142\u0105czy-wszystkie-swoje-firmy-i-us\u0142ugi-pod-jedn\u0105-mark\u0105.jpg\",\"articleSection\":[\"WIADOMO\u015aCI MARKETINGOWE\"],\"inLanguage\":\"pl-PL\",\"potentialAction\":[{\"@type\":\"CommentAction\",\"name\":\"Comment\",\"target\":[\"https:\\\/\\\/super-news.info\\\/pl\\\/kantar-laczy-wszystkie-swoje-firmy-i-uslugi-pod-jedna-marka\\\/#respond\"]}]},{\"@type\":\"WebPage\",\"@id\":\"https:\\\/\\\/super-news.info\\\/pl\\\/kantar-laczy-wszystkie-swoje-firmy-i-uslugi-pod-jedna-marka\\\/\",\"url\":\"https:\\\/\\\/super-news.info\\\/pl\\\/kantar-laczy-wszystkie-swoje-firmy-i-uslugi-pod-jedna-marka\\\/\",\"name\":\"Kantar \u0142\u0105czy wszystkie swoje firmy i us\u0142ugi pod jedn\u0105 mark\u0105 - Super News\",\"isPartOf\":{\"@id\":\"https:\\\/\\\/super-news.info\\\/pl\\\/#website\"},\"primaryImageOfPage\":{\"@id\":\"https:\\\/\\\/super-news.info\\\/pl\\\/kantar-laczy-wszystkie-swoje-firmy-i-uslugi-pod-jedna-marka\\\/#primaryimage\"},\"image\":{\"@id\":\"https:\\\/\\\/super-news.info\\\/pl\\\/kantar-laczy-wszystkie-swoje-firmy-i-uslugi-pod-jedna-marka\\\/#primaryimage\"},\"thumbnailUrl\":\"https:\\\/\\\/super-news.info\\\/pl\\\/wp-content\\\/uploads\\\/sites\\\/6\\\/2019\\\/04\\\/Kantar-\u0142\u0105czy-wszystkie-swoje-firmy-i-us\u0142ugi-pod-jedn\u0105-mark\u0105.jpg\",\"datePublished\":\"2019-04-09T23:34:14+00:00\",\"dateModified\":\"2019-04-09T23:34:15+00:00\",\"author\":{\"@id\":\"https:\\\/\\\/super-news.info\\\/pl\\\/#\\\/schema\\\/person\\\/2d4068cb2f39cd10008c2fce578a7356\"},\"breadcrumb\":{\"@id\":\"https:\\\/\\\/super-news.info\\\/pl\\\/kantar-laczy-wszystkie-swoje-firmy-i-uslugi-pod-jedna-marka\\\/#breadcrumb\"},\"inLanguage\":\"pl-PL\",\"potentialAction\":[{\"@type\":\"ReadAction\",\"target\":[\"https:\\\/\\\/super-news.info\\\/pl\\\/kantar-laczy-wszystkie-swoje-firmy-i-uslugi-pod-jedna-marka\\\/\"]}]},{\"@type\":\"ImageObject\",\"inLanguage\":\"pl-PL\",\"@id\":\"https:\\\/\\\/super-news.info\\\/pl\\\/kantar-laczy-wszystkie-swoje-firmy-i-uslugi-pod-jedna-marka\\\/#primaryimage\",\"url\":\"https:\\\/\\\/super-news.info\\\/pl\\\/wp-content\\\/uploads\\\/sites\\\/6\\\/2019\\\/04\\\/Kantar-\u0142\u0105czy-wszystkie-swoje-firmy-i-us\u0142ugi-pod-jedn\u0105-mark\u0105.jpg\",\"contentUrl\":\"https:\\\/\\\/super-news.info\\\/pl\\\/wp-content\\\/uploads\\\/sites\\\/6\\\/2019\\\/04\\\/Kantar-\u0142\u0105czy-wszystkie-swoje-firmy-i-us\u0142ugi-pod-jedn\u0105-mark\u0105.jpg\",\"width\":655,\"height\":327,\"caption\":\"Article\"},{\"@type\":\"BreadcrumbList\",\"@id\":\"https:\\\/\\\/super-news.info\\\/pl\\\/kantar-laczy-wszystkie-swoje-firmy-i-uslugi-pod-jedna-marka\\\/#breadcrumb\",\"itemListElement\":[{\"@type\":\"ListItem\",\"position\":1,\"name\":\"\u0413\u043b\u0430\u0432\u043d\u0430\u044f \u0441\u0442\u0440\u0430\u043d\u0438\u0446\u0430\",\"item\":\"https:\\\/\\\/super-news.info\\\/pl\\\/\"},{\"@type\":\"ListItem\",\"position\":2,\"name\":\"Kantar \u0142\u0105czy wszystkie swoje firmy i us\u0142ugi pod jedn\u0105 mark\u0105\"}]},{\"@type\":\"WebSite\",\"@id\":\"https:\\\/\\\/super-news.info\\\/pl\\\/#website\",\"url\":\"https:\\\/\\\/super-news.info\\\/pl\\\/\",\"name\":\"Super News\",\"description\":\"Super News Polska\",\"potentialAction\":[{\"@type\":\"SearchAction\",\"target\":{\"@type\":\"EntryPoint\",\"urlTemplate\":\"https:\\\/\\\/super-news.info\\\/pl\\\/?s={search_term_string}\"},\"query-input\":{\"@type\":\"PropertyValueSpecification\",\"valueRequired\":true,\"valueName\":\"search_term_string\"}}],\"inLanguage\":\"pl-PL\"},{\"@type\":\"Person\",\"@id\":\"https:\\\/\\\/super-news.info\\\/pl\\\/#\\\/schema\\\/person\\\/2d4068cb2f39cd10008c2fce578a7356\",\"name\":\"super-news\",\"image\":{\"@type\":\"ImageObject\",\"inLanguage\":\"pl-PL\",\"@id\":\"https:\\\/\\\/secure.gravatar.com\\\/avatar\\\/64ebac40b93f26a154f8a9b5b6fdccfc46f442b26b3dd6756dbff3bf9dc76fd7?s=96&d=mm&r=g\",\"url\":\"https:\\\/\\\/secure.gravatar.com\\\/avatar\\\/64ebac40b93f26a154f8a9b5b6fdccfc46f442b26b3dd6756dbff3bf9dc76fd7?s=96&d=mm&r=g\",\"contentUrl\":\"https:\\\/\\\/secure.gravatar.com\\\/avatar\\\/64ebac40b93f26a154f8a9b5b6fdccfc46f442b26b3dd6756dbff3bf9dc76fd7?s=96&d=mm&r=g\",\"caption\":\"super-news\"},\"url\":\"https:\\\/\\\/super-news.info\\\/pl\\\/author\\\/pt\\\/\"}]}<\/script>\n<!-- \/ Yoast SEO plugin. -->","yoast_head_json":{"title":"Kantar \u0142\u0105czy wszystkie swoje firmy i us\u0142ugi pod jedn\u0105 mark\u0105 - Super News","robots":{"index":"index","follow":"follow","max-snippet":"max-snippet:-1","max-image-preview":"max-image-preview:large","max-video-preview":"max-video-preview:-1"},"canonical":"https:\/\/super-news.info\/pl\/kantar-laczy-wszystkie-swoje-firmy-i-uslugi-pod-jedna-marka\/","og_locale":"pl_PL","og_type":"article","og_title":"Kantar \u0142\u0105czy wszystkie swoje firmy i us\u0142ugi pod jedn\u0105 mark\u0105 - Super News","og_description":"[ad_1] Zmiana nazwy wszystkich sp\u00f3\u0142ek i us\u0142ug to element nowej strategia marki. &#8211; Zmiana naszego brandingu jest odbiciem przekszta\u0142ce\u0144 operacyjnych, kt\u00f3re ju\u017c zachodz\u0105 w naszej firmie, a wynika z d\u0105\u017cenia do osi\u0105gni\u0119cia prostoty, skali dzia\u0142ania i pozytywnych skutk\u00f3w dla naszych klient\u00f3w. Ta zmiana sprawi, \u017ce klientom b\u0119dzie \u0142atwiej rozumie\u0107 dzia\u0142alno\u015b\u0107 firmy Kantar i wsp\u00f3\u0142pracowa\u0107 z [&hellip;]","og_url":"https:\/\/super-news.info\/pl\/kantar-laczy-wszystkie-swoje-firmy-i-uslugi-pod-jedna-marka\/","og_site_name":"Super News","article_published_time":"2019-04-09T23:34:14+00:00","article_modified_time":"2019-04-09T23:34:15+00:00","og_image":[{"width":655,"height":327,"url":"https:\/\/super-news.info\/pl\/wp-content\/uploads\/sites\/6\/2019\/04\/Kantar-\u0142\u0105czy-wszystkie-swoje-firmy-i-us\u0142ugi-pod-jedn\u0105-mark\u0105.jpg","type":"image\/jpeg"}],"author":"super-news","twitter_card":"summary_large_image","twitter_misc":{"Napisane przez":"super-news","Szacowany czas czytania":"3 minuty"},"schema":{"@context":"https:\/\/schema.org","@graph":[{"@type":"Article","@id":"https:\/\/super-news.info\/pl\/kantar-laczy-wszystkie-swoje-firmy-i-uslugi-pod-jedna-marka\/#article","isPartOf":{"@id":"https:\/\/super-news.info\/pl\/kantar-laczy-wszystkie-swoje-firmy-i-uslugi-pod-jedna-marka\/"},"author":{"name":"super-news","@id":"https:\/\/super-news.info\/pl\/#\/schema\/person\/2d4068cb2f39cd10008c2fce578a7356"},"headline":"Kantar \u0142\u0105czy wszystkie swoje firmy i us\u0142ugi pod jedn\u0105 mark\u0105","datePublished":"2019-04-09T23:34:14+00:00","dateModified":"2019-04-09T23:34:15+00:00","mainEntityOfPage":{"@id":"https:\/\/super-news.info\/pl\/kantar-laczy-wszystkie-swoje-firmy-i-uslugi-pod-jedna-marka\/"},"wordCount":590,"commentCount":0,"image":{"@id":"https:\/\/super-news.info\/pl\/kantar-laczy-wszystkie-swoje-firmy-i-uslugi-pod-jedna-marka\/#primaryimage"},"thumbnailUrl":"https:\/\/super-news.info\/pl\/wp-content\/uploads\/sites\/6\/2019\/04\/Kantar-\u0142\u0105czy-wszystkie-swoje-firmy-i-us\u0142ugi-pod-jedn\u0105-mark\u0105.jpg","articleSection":["WIADOMO\u015aCI MARKETINGOWE"],"inLanguage":"pl-PL","potentialAction":[{"@type":"CommentAction","name":"Comment","target":["https:\/\/super-news.info\/pl\/kantar-laczy-wszystkie-swoje-firmy-i-uslugi-pod-jedna-marka\/#respond"]}]},{"@type":"WebPage","@id":"https:\/\/super-news.info\/pl\/kantar-laczy-wszystkie-swoje-firmy-i-uslugi-pod-jedna-marka\/","url":"https:\/\/super-news.info\/pl\/kantar-laczy-wszystkie-swoje-firmy-i-uslugi-pod-jedna-marka\/","name":"Kantar \u0142\u0105czy wszystkie swoje firmy i us\u0142ugi pod jedn\u0105 mark\u0105 - Super News","isPartOf":{"@id":"https:\/\/super-news.info\/pl\/#website"},"primaryImageOfPage":{"@id":"https:\/\/super-news.info\/pl\/kantar-laczy-wszystkie-swoje-firmy-i-uslugi-pod-jedna-marka\/#primaryimage"},"image":{"@id":"https:\/\/super-news.info\/pl\/kantar-laczy-wszystkie-swoje-firmy-i-uslugi-pod-jedna-marka\/#primaryimage"},"thumbnailUrl":"https:\/\/super-news.info\/pl\/wp-content\/uploads\/sites\/6\/2019\/04\/Kantar-\u0142\u0105czy-wszystkie-swoje-firmy-i-us\u0142ugi-pod-jedn\u0105-mark\u0105.jpg","datePublished":"2019-04-09T23:34:14+00:00","dateModified":"2019-04-09T23:34:15+00:00","author":{"@id":"https:\/\/super-news.info\/pl\/#\/schema\/person\/2d4068cb2f39cd10008c2fce578a7356"},"breadcrumb":{"@id":"https:\/\/super-news.info\/pl\/kantar-laczy-wszystkie-swoje-firmy-i-uslugi-pod-jedna-marka\/#breadcrumb"},"inLanguage":"pl-PL","potentialAction":[{"@type":"ReadAction","target":["https:\/\/super-news.info\/pl\/kantar-laczy-wszystkie-swoje-firmy-i-uslugi-pod-jedna-marka\/"]}]},{"@type":"ImageObject","inLanguage":"pl-PL","@id":"https:\/\/super-news.info\/pl\/kantar-laczy-wszystkie-swoje-firmy-i-uslugi-pod-jedna-marka\/#primaryimage","url":"https:\/\/super-news.info\/pl\/wp-content\/uploads\/sites\/6\/2019\/04\/Kantar-\u0142\u0105czy-wszystkie-swoje-firmy-i-us\u0142ugi-pod-jedn\u0105-mark\u0105.jpg","contentUrl":"https:\/\/super-news.info\/pl\/wp-content\/uploads\/sites\/6\/2019\/04\/Kantar-\u0142\u0105czy-wszystkie-swoje-firmy-i-us\u0142ugi-pod-jedn\u0105-mark\u0105.jpg","width":655,"height":327,"caption":"Article"},{"@type":"BreadcrumbList","@id":"https:\/\/super-news.info\/pl\/kantar-laczy-wszystkie-swoje-firmy-i-uslugi-pod-jedna-marka\/#breadcrumb","itemListElement":[{"@type":"ListItem","position":1,"name":"\u0413\u043b\u0430\u0432\u043d\u0430\u044f \u0441\u0442\u0440\u0430\u043d\u0438\u0446\u0430","item":"https:\/\/super-news.info\/pl\/"},{"@type":"ListItem","position":2,"name":"Kantar \u0142\u0105czy wszystkie swoje firmy i us\u0142ugi pod jedn\u0105 mark\u0105"}]},{"@type":"WebSite","@id":"https:\/\/super-news.info\/pl\/#website","url":"https:\/\/super-news.info\/pl\/","name":"Super News","description":"Super News Polska","potentialAction":[{"@type":"SearchAction","target":{"@type":"EntryPoint","urlTemplate":"https:\/\/super-news.info\/pl\/?s={search_term_string}"},"query-input":{"@type":"PropertyValueSpecification","valueRequired":true,"valueName":"search_term_string"}}],"inLanguage":"pl-PL"},{"@type":"Person","@id":"https:\/\/super-news.info\/pl\/#\/schema\/person\/2d4068cb2f39cd10008c2fce578a7356","name":"super-news","image":{"@type":"ImageObject","inLanguage":"pl-PL","@id":"https:\/\/secure.gravatar.com\/avatar\/64ebac40b93f26a154f8a9b5b6fdccfc46f442b26b3dd6756dbff3bf9dc76fd7?s=96&d=mm&r=g","url":"https:\/\/secure.gravatar.com\/avatar\/64ebac40b93f26a154f8a9b5b6fdccfc46f442b26b3dd6756dbff3bf9dc76fd7?s=96&d=mm&r=g","contentUrl":"https:\/\/secure.gravatar.com\/avatar\/64ebac40b93f26a154f8a9b5b6fdccfc46f442b26b3dd6756dbff3bf9dc76fd7?s=96&d=mm&r=g","caption":"super-news"},"url":"https:\/\/super-news.info\/pl\/author\/pt\/"}]}},"_links":{"self":[{"href":"https:\/\/super-news.info\/pl\/wp-json\/wp\/v2\/posts\/104","targetHints":{"allow":["GET"]}}],"collection":[{"href":"https:\/\/super-news.info\/pl\/wp-json\/wp\/v2\/posts"}],"about":[{"href":"https:\/\/super-news.info\/pl\/wp-json\/wp\/v2\/types\/post"}],"author":[{"embeddable":true,"href":"https:\/\/super-news.info\/pl\/wp-json\/wp\/v2\/users\/2"}],"replies":[{"embeddable":true,"href":"https:\/\/super-news.info\/pl\/wp-json\/wp\/v2\/comments?post=104"}],"version-history":[{"count":1,"href":"https:\/\/super-news.info\/pl\/wp-json\/wp\/v2\/posts\/104\/revisions"}],"predecessor-version":[{"id":106,"href":"https:\/\/super-news.info\/pl\/wp-json\/wp\/v2\/posts\/104\/revisions\/106"}],"wp:featuredmedia":[{"embeddable":true,"href":"https:\/\/super-news.info\/pl\/wp-json\/wp\/v2\/media\/105"}],"wp:attachment":[{"href":"https:\/\/super-news.info\/pl\/wp-json\/wp\/v2\/media?parent=104"}],"wp:term":[{"taxonomy":"category","embeddable":true,"href":"https:\/\/super-news.info\/pl\/wp-json\/wp\/v2\/categories?post=104"},{"taxonomy":"post_tag","embeddable":true,"href":"https:\/\/super-news.info\/pl\/wp-json\/wp\/v2\/tags?post=104"}],"curies":[{"name":"wp","href":"https:\/\/api.w.org\/{rel}","templated":true}]}}