{"id":92,"date":"2019-04-21T20:55:25","date_gmt":"2019-04-21T20:55:25","guid":{"rendered":"https:\/\/super-news.info\/mx\/nos-dejaron-un-cochinero-amlo-sobre-inseguridad-del-pais\/"},"modified":"2019-04-21T20:55:26","modified_gmt":"2019-04-21T20:55:26","slug":"nos-dejaron-un-cochinero-amlo-sobre-inseguridad-del-pais","status":"publish","type":"post","link":"https:\/\/super-news.info\/mx\/nos-dejaron-un-cochinero-amlo-sobre-inseguridad-del-pais\/","title":{"rendered":"Nos dejaron un &#039;cochinero&#039;: AMLO sobre inseguridad del pa\u00eds"},"content":{"rendered":"<p> [ad_1]<br \/>\n<\/p>\n<p class=\"paragraph\" data-count=\"229\" data-wrap=\"38\">El presidente Andr\u00e9s Manuel L\u00f3pez Obrador asever\u00f3 que los gobiernos anteriores <strong>\u201cdejaron un cochinero\u201d<\/strong> en materia de seguridad en el estado de Veracruz y en todo el pa\u00eds y por ello se est\u00e1 trabajando para combatir la delincuencia.<\/p>\n<p class=\"paragraph\" data-count=\"216\" data-wrap=\"36\">&#8220;<strong>Todav\u00eda tenemos que enfrentar ese cochinero que nos dejaron<\/strong>, pero vamos a limpiar la pa\u00eds, ya no habr\u00e1 corrupci\u00f3n, me canso ganso&#8221;, dijo el mandatario durante el 105 aniversario de la Defensa del Puerto de Veracruz.<\/p>\n<p class=\"paragraph\" data-count=\"124\" data-wrap=\"20\">A\u00f1adi\u00f3 que siente optimismo por la creaci\u00f3n de la Guardia Nacional, que ayudar\u00e1 a combatir la inseguridad y la delincuencia.<\/p>\n<p class=\"paragraph\" data-count=\"360\" data-wrap=\"58\">&#8220;<strong>Duele mucho enterarse y tener noticias como estos asesinatos viles de Minatitl\u00e1n<\/strong><br \/>\n&#8220;, dijo. &#8220;Todo este fruto podrido, todo esto que se hered\u00f3 de la aplicaci\u00f3n de una pol\u00edtica econ\u00f3mica antipopular y entreguista donde lo \u00fanico que les importaba era saquear y robar, el gobierno no estaba hecho para servir al pueblo, era un facilitador de la corrupci\u00f3n&#8221;, a\u00f1adi\u00f3.<\/p>\n<p class=\"paragraph\" data-count=\"218\" data-wrap=\"32\">Previo al evento, el mandatario fue entrevistado en el aeropuerto donde tambi\u00e9n enfatiz\u00f3 que las cosas mejorar\u00e1n, sin embargo lo que sucede actualmente se debe a los problemas heredados por administraciones anteriores.<\/p>\n<p class=\"paragraph\" data-count=\"129\" data-wrap=\"21\">\u201cVamos a mejorar todo lo que est\u00e1 sucediendo, <strong>nos entregaron un pa\u00eds en crisis, un cochinero, pero lo estamos limpiando<\/strong>\u201d, se\u00f1al\u00f3.<\/p>\n<p class=\"paragraph\" data-count=\"244\" data-wrap=\"36\">En la breve entrevista en el aeropuerto de Veracruz el representante del poder ejecutivo federal<strong> descart\u00f3 responder en especifico sobre los hechos ocurridos recientemente en Minatitl\u00e1n <\/strong>en donde 13 personas fueron asesinadas por un grupo armado.<\/p>\n<p class=\"paragraph\" data-count=\"182\" data-wrap=\"29\">\u201cSi estoy enterado (de la inseguridad en Veracruz) a eso vengo tambi\u00e9n,<strong> vamos a tener ma\u00f1ana una reuni\u00f3n con ese prop\u00f3sito<\/strong>, porque estamos trabajando para que haya justicia\u201d, se\u00f1al\u00f3.<\/p>\n<p class=\"paragraph\" data-count=\"208\" data-wrap=\"33\">L\u00f3pez Obrador mantendr\u00e1 este lunes 22 de abril una reuni\u00f3n con mandos federales y estatales para analizar y buscar una soluci\u00f3n a la problem\u00e1tica de violencia que existe actualmente en la entidad veracruzana.<\/p>\n<div class=\"image__block -side\">\n<figure><\/figure>\n<p><span class=\"element__footer\">AMLO durante el 105 aniversario de la Defensa del Puerto de Veracruz.<\/span><span class=\"element__credit\">Fuente: Especial<\/span><\/div>\n<p class=\"paragraph\" data-count=\"161\" data-wrap=\"28\">El presidente presidi\u00f3 la ceremonia del 105 aniversario de la Defensa del Puerto de Veracruz y la entrega de espadines a los cadetes de la Heroica Escuela Naval.<\/p>\n<p class=\"paragraph\" data-count=\"120\" data-wrap=\"18\">Durante la ceremonia oficial, cadetes de primer a\u00f1o la Heroica Escuela Naval Militar juraron Bandera ante el mandatario.<\/p>\n<p class=\"paragraph\" data-count=\"251\" data-wrap=\"48\">La Escuela Naval se fund\u00f3 en julio de 1897 y en sus instalaciones se han forjado desde entonces grandes marinos, mientras que el t\u00edtulo de &#8220;heroica&#8221; se le otorg\u00f3 por los hechos en la gesta de la defensa del Puerto de Veracruz, el 21 de abril de 1914.\n<\/p>\n<p class=\"paragraph\" data-count=\"197\" data-wrap=\"31\">\nEllo, cuando los cadetes y dem\u00e1s personal de la escuela se enfrentaron ante fuerzas extranjeras estadounidenses; en la acci\u00f3n perdieron la vida el teniente Jos\u00e9 Azueta y el cadete Virgilio Uribe.\n<\/p>\n<p class=\"paragraph\" data-count=\"219\" data-wrap=\"39\">\nEn la actualidad se prepara en ella a los oficiales del Cuerpo General y de Infanter\u00eda de Marina destinados a ejercer el mando en las unidades operativas de la Armada de M\u00e9xico, as\u00ed como la carrera de Log\u00edstica Naval.\n<\/p>\n<p class=\"paragraph\" data-count=\"237\" data-wrap=\"34\">\nAdem\u00e1s del titular de Marina estuvieron presentes el secretario de la Defensa Nacional (Sedena), general Luis Cresencio Sandoval Gonz\u00e1lez; el gobernador de la entidad, Cuitl\u00e1huac Garc\u00eda Jim\u00e9nez, e integrantes de la Secretar\u00eda de Marina.<\/p>\n<p class=\"paragraph\" data-count=\"27\" data-wrap=\"4\"><em>Con informaci\u00f3n de Notimex*<\/em><\/p>\n<p>[ad_2]<br \/>\n<br \/><a href=\"https:\/\/www.elfinanciero.com.mx\/rss\/nacional\/nos-dejaron-un-cochinero-amlo-sobre-inseguridad-en-mexico\">Source link <\/a><\/p>\n","protected":false},"excerpt":{"rendered":"<p>[ad_1] El presidente Andr\u00e9s Manuel L\u00f3pez Obrador asever\u00f3 que los gobiernos anteriores \u201cdejaron un cochinero\u201d en materia de seguridad en el estado de Veracruz y en todo el pa\u00eds y por ello se est\u00e1 trabajando para combatir la delincuencia. &#8220;Todav\u00eda tenemos que enfrentar ese cochinero que nos dejaron, pero vamos a limpiar la pa\u00eds, ya [&hellip;]<\/p>\n","protected":false},"author":3,"featured_media":93,"comment_status":"open","ping_status":"open","sticky":false,"template":"","format":"standard","meta":{"footnotes":""},"categories":[1],"tags":[],"class_list":["post-92","post","type-post","status-publish","format-standard","has-post-thumbnail","hentry","category-noticias-financieras"],"yoast_head":"<!-- This site is optimized with the Yoast SEO plugin v27.4 - https:\/\/yoast.com\/product\/yoast-seo-wordpress\/ -->\n<title>Nos dejaron un &#039;cochinero&#039;: AMLO sobre inseguridad del pa\u00eds - Super News<\/title>\n<meta name=\"robots\" content=\"index, follow, max-snippet:-1, max-image-preview:large, max-video-preview:-1\" \/>\n<link rel=\"canonical\" href=\"https:\/\/super-news.info\/mx\/nos-dejaron-un-cochinero-amlo-sobre-inseguridad-del-pais\/\" \/>\n<meta property=\"og:locale\" content=\"es_MX\" \/>\n<meta property=\"og:type\" content=\"article\" \/>\n<meta property=\"og:title\" content=\"Nos dejaron un &#039;cochinero&#039;: AMLO sobre inseguridad del pa\u00eds - Super News\" \/>\n<meta property=\"og:description\" content=\"[ad_1] El presidente Andr\u00e9s Manuel L\u00f3pez Obrador asever\u00f3 que los gobiernos anteriores \u201cdejaron un cochinero\u201d en materia de seguridad en el estado de Veracruz y en todo el pa\u00eds y por ello se est\u00e1 trabajando para combatir la delincuencia. &#8220;Todav\u00eda tenemos que enfrentar ese cochinero que nos dejaron, pero vamos a limpiar la pa\u00eds, ya [&hellip;]\" \/>\n<meta property=\"og:url\" content=\"https:\/\/super-news.info\/mx\/nos-dejaron-un-cochinero-amlo-sobre-inseguridad-del-pais\/\" \/>\n<meta property=\"og:site_name\" content=\"Super News\" \/>\n<meta property=\"article:published_time\" content=\"2019-04-21T20:55:25+00:00\" \/>\n<meta property=\"article:modified_time\" content=\"2019-04-21T20:55:26+00:00\" \/>\n<meta property=\"og:image\" content=\"https:\/\/super-news.info\/mx\/wp-content\/uploads\/sites\/8\/2019\/04\/Nos-dejaron-un-039cochinero039-AMLO-sobre-inseguridad-del-pa\u00eds.jpeg\" \/>\n\t<meta property=\"og:image:width\" content=\"585\" \/>\n\t<meta property=\"og:image:height\" content=\"329\" \/>\n\t<meta property=\"og:image:type\" content=\"image\/jpeg\" \/>\n<meta name=\"author\" content=\"mx\" \/>\n<meta name=\"twitter:card\" content=\"summary_large_image\" \/>\n<meta name=\"twitter:label1\" content=\"Escrito por\" \/>\n\t<meta name=\"twitter:data1\" content=\"mx\" \/>\n\t<meta name=\"twitter:label2\" content=\"Tiempo de lectura\" \/>\n\t<meta name=\"twitter:data2\" content=\"3 minutos\" \/>\n<script type=\"application\/ld+json\" class=\"yoast-schema-graph\">{\"@context\":\"https:\\\/\\\/schema.org\",\"@graph\":[{\"@type\":\"Article\",\"@id\":\"https:\\\/\\\/super-news.info\\\/mx\\\/nos-dejaron-un-cochinero-amlo-sobre-inseguridad-del-pais\\\/#article\",\"isPartOf\":{\"@id\":\"https:\\\/\\\/super-news.info\\\/mx\\\/nos-dejaron-un-cochinero-amlo-sobre-inseguridad-del-pais\\\/\"},\"author\":{\"name\":\"mx\",\"@id\":\"https:\\\/\\\/super-news.info\\\/mx\\\/#\\\/schema\\\/person\\\/74b71ca3d407439fd57da2d9c89449ca\"},\"headline\":\"Nos dejaron un &#039;cochinero&#039;: AMLO sobre inseguridad del pa\u00eds\",\"datePublished\":\"2019-04-21T20:55:25+00:00\",\"dateModified\":\"2019-04-21T20:55:26+00:00\",\"mainEntityOfPage\":{\"@id\":\"https:\\\/\\\/super-news.info\\\/mx\\\/nos-dejaron-un-cochinero-amlo-sobre-inseguridad-del-pais\\\/\"},\"wordCount\":567,\"commentCount\":0,\"image\":{\"@id\":\"https:\\\/\\\/super-news.info\\\/mx\\\/nos-dejaron-un-cochinero-amlo-sobre-inseguridad-del-pais\\\/#primaryimage\"},\"thumbnailUrl\":\"https:\\\/\\\/super-news.info\\\/mx\\\/wp-content\\\/uploads\\\/sites\\\/8\\\/2019\\\/04\\\/Nos-dejaron-un-039cochinero039-AMLO-sobre-inseguridad-del-pa\u00eds.jpeg\",\"articleSection\":[\"NOTICIAS FINANCIERAS\"],\"inLanguage\":\"es\",\"potentialAction\":[{\"@type\":\"CommentAction\",\"name\":\"Comment\",\"target\":[\"https:\\\/\\\/super-news.info\\\/mx\\\/nos-dejaron-un-cochinero-amlo-sobre-inseguridad-del-pais\\\/#respond\"]}]},{\"@type\":\"WebPage\",\"@id\":\"https:\\\/\\\/super-news.info\\\/mx\\\/nos-dejaron-un-cochinero-amlo-sobre-inseguridad-del-pais\\\/\",\"url\":\"https:\\\/\\\/super-news.info\\\/mx\\\/nos-dejaron-un-cochinero-amlo-sobre-inseguridad-del-pais\\\/\",\"name\":\"Nos dejaron un &#039;cochinero&#039;: AMLO sobre inseguridad del pa\u00eds - Super News\",\"isPartOf\":{\"@id\":\"https:\\\/\\\/super-news.info\\\/mx\\\/#website\"},\"primaryImageOfPage\":{\"@id\":\"https:\\\/\\\/super-news.info\\\/mx\\\/nos-dejaron-un-cochinero-amlo-sobre-inseguridad-del-pais\\\/#primaryimage\"},\"image\":{\"@id\":\"https:\\\/\\\/super-news.info\\\/mx\\\/nos-dejaron-un-cochinero-amlo-sobre-inseguridad-del-pais\\\/#primaryimage\"},\"thumbnailUrl\":\"https:\\\/\\\/super-news.info\\\/mx\\\/wp-content\\\/uploads\\\/sites\\\/8\\\/2019\\\/04\\\/Nos-dejaron-un-039cochinero039-AMLO-sobre-inseguridad-del-pa\u00eds.jpeg\",\"datePublished\":\"2019-04-21T20:55:25+00:00\",\"dateModified\":\"2019-04-21T20:55:26+00:00\",\"author\":{\"@id\":\"https:\\\/\\\/super-news.info\\\/mx\\\/#\\\/schema\\\/person\\\/74b71ca3d407439fd57da2d9c89449ca\"},\"breadcrumb\":{\"@id\":\"https:\\\/\\\/super-news.info\\\/mx\\\/nos-dejaron-un-cochinero-amlo-sobre-inseguridad-del-pais\\\/#breadcrumb\"},\"inLanguage\":\"es\",\"potentialAction\":[{\"@type\":\"ReadAction\",\"target\":[\"https:\\\/\\\/super-news.info\\\/mx\\\/nos-dejaron-un-cochinero-amlo-sobre-inseguridad-del-pais\\\/\"]}]},{\"@type\":\"ImageObject\",\"inLanguage\":\"es\",\"@id\":\"https:\\\/\\\/super-news.info\\\/mx\\\/nos-dejaron-un-cochinero-amlo-sobre-inseguridad-del-pais\\\/#primaryimage\",\"url\":\"https:\\\/\\\/super-news.info\\\/mx\\\/wp-content\\\/uploads\\\/sites\\\/8\\\/2019\\\/04\\\/Nos-dejaron-un-039cochinero039-AMLO-sobre-inseguridad-del-pa\u00eds.jpeg\",\"contentUrl\":\"https:\\\/\\\/super-news.info\\\/mx\\\/wp-content\\\/uploads\\\/sites\\\/8\\\/2019\\\/04\\\/Nos-dejaron-un-039cochinero039-AMLO-sobre-inseguridad-del-pa\u00eds.jpeg\",\"width\":585,\"height\":329,\"caption\":\"AMLO durante el 105 aniversario de la Defensa del Puerto de Veracruz.\"},{\"@type\":\"BreadcrumbList\",\"@id\":\"https:\\\/\\\/super-news.info\\\/mx\\\/nos-dejaron-un-cochinero-amlo-sobre-inseguridad-del-pais\\\/#breadcrumb\",\"itemListElement\":[{\"@type\":\"ListItem\",\"position\":1,\"name\":\"Home\",\"item\":\"https:\\\/\\\/super-news.info\\\/mx\\\/\"},{\"@type\":\"ListItem\",\"position\":2,\"name\":\"Nos dejaron un &#039;cochinero&#039;: AMLO sobre inseguridad del pa\u00eds\"}]},{\"@type\":\"WebSite\",\"@id\":\"https:\\\/\\\/super-news.info\\\/mx\\\/#website\",\"url\":\"https:\\\/\\\/super-news.info\\\/mx\\\/\",\"name\":\"Super News\",\"description\":\"Super News Mexico\",\"potentialAction\":[{\"@type\":\"SearchAction\",\"target\":{\"@type\":\"EntryPoint\",\"urlTemplate\":\"https:\\\/\\\/super-news.info\\\/mx\\\/?s={search_term_string}\"},\"query-input\":{\"@type\":\"PropertyValueSpecification\",\"valueRequired\":true,\"valueName\":\"search_term_string\"}}],\"inLanguage\":\"es\"},{\"@type\":\"Person\",\"@id\":\"https:\\\/\\\/super-news.info\\\/mx\\\/#\\\/schema\\\/person\\\/74b71ca3d407439fd57da2d9c89449ca\",\"name\":\"mx\",\"image\":{\"@type\":\"ImageObject\",\"inLanguage\":\"es\",\"@id\":\"https:\\\/\\\/secure.gravatar.com\\\/avatar\\\/6374ac65ff69c362a0ae1303d73d69dcd9bd198d62d9861f054a69aaf82c017b?s=96&d=mm&r=g\",\"url\":\"https:\\\/\\\/secure.gravatar.com\\\/avatar\\\/6374ac65ff69c362a0ae1303d73d69dcd9bd198d62d9861f054a69aaf82c017b?s=96&d=mm&r=g\",\"contentUrl\":\"https:\\\/\\\/secure.gravatar.com\\\/avatar\\\/6374ac65ff69c362a0ae1303d73d69dcd9bd198d62d9861f054a69aaf82c017b?s=96&d=mm&r=g\",\"caption\":\"mx\"},\"url\":\"https:\\\/\\\/super-news.info\\\/mx\\\/author\\\/mx\\\/\"}]}<\/script>\n<!-- \/ Yoast SEO plugin. -->","yoast_head_json":{"title":"Nos dejaron un &#039;cochinero&#039;: AMLO sobre inseguridad del pa\u00eds - Super News","robots":{"index":"index","follow":"follow","max-snippet":"max-snippet:-1","max-image-preview":"max-image-preview:large","max-video-preview":"max-video-preview:-1"},"canonical":"https:\/\/super-news.info\/mx\/nos-dejaron-un-cochinero-amlo-sobre-inseguridad-del-pais\/","og_locale":"es_MX","og_type":"article","og_title":"Nos dejaron un &#039;cochinero&#039;: AMLO sobre inseguridad del pa\u00eds - Super News","og_description":"[ad_1] El presidente Andr\u00e9s Manuel L\u00f3pez Obrador asever\u00f3 que los gobiernos anteriores \u201cdejaron un cochinero\u201d en materia de seguridad en el estado de Veracruz y en todo el pa\u00eds y por ello se est\u00e1 trabajando para combatir la delincuencia. &#8220;Todav\u00eda tenemos que enfrentar ese cochinero que nos dejaron, pero vamos a limpiar la pa\u00eds, ya [&hellip;]","og_url":"https:\/\/super-news.info\/mx\/nos-dejaron-un-cochinero-amlo-sobre-inseguridad-del-pais\/","og_site_name":"Super News","article_published_time":"2019-04-21T20:55:25+00:00","article_modified_time":"2019-04-21T20:55:26+00:00","og_image":[{"width":585,"height":329,"url":"https:\/\/super-news.info\/mx\/wp-content\/uploads\/sites\/8\/2019\/04\/Nos-dejaron-un-039cochinero039-AMLO-sobre-inseguridad-del-pa\u00eds.jpeg","type":"image\/jpeg"}],"author":"mx","twitter_card":"summary_large_image","twitter_misc":{"Escrito por":"mx","Tiempo de lectura":"3 minutos"},"schema":{"@context":"https:\/\/schema.org","@graph":[{"@type":"Article","@id":"https:\/\/super-news.info\/mx\/nos-dejaron-un-cochinero-amlo-sobre-inseguridad-del-pais\/#article","isPartOf":{"@id":"https:\/\/super-news.info\/mx\/nos-dejaron-un-cochinero-amlo-sobre-inseguridad-del-pais\/"},"author":{"name":"mx","@id":"https:\/\/super-news.info\/mx\/#\/schema\/person\/74b71ca3d407439fd57da2d9c89449ca"},"headline":"Nos dejaron un &#039;cochinero&#039;: AMLO sobre inseguridad del pa\u00eds","datePublished":"2019-04-21T20:55:25+00:00","dateModified":"2019-04-21T20:55:26+00:00","mainEntityOfPage":{"@id":"https:\/\/super-news.info\/mx\/nos-dejaron-un-cochinero-amlo-sobre-inseguridad-del-pais\/"},"wordCount":567,"commentCount":0,"image":{"@id":"https:\/\/super-news.info\/mx\/nos-dejaron-un-cochinero-amlo-sobre-inseguridad-del-pais\/#primaryimage"},"thumbnailUrl":"https:\/\/super-news.info\/mx\/wp-content\/uploads\/sites\/8\/2019\/04\/Nos-dejaron-un-039cochinero039-AMLO-sobre-inseguridad-del-pa\u00eds.jpeg","articleSection":["NOTICIAS FINANCIERAS"],"inLanguage":"es","potentialAction":[{"@type":"CommentAction","name":"Comment","target":["https:\/\/super-news.info\/mx\/nos-dejaron-un-cochinero-amlo-sobre-inseguridad-del-pais\/#respond"]}]},{"@type":"WebPage","@id":"https:\/\/super-news.info\/mx\/nos-dejaron-un-cochinero-amlo-sobre-inseguridad-del-pais\/","url":"https:\/\/super-news.info\/mx\/nos-dejaron-un-cochinero-amlo-sobre-inseguridad-del-pais\/","name":"Nos dejaron un &#039;cochinero&#039;: AMLO sobre inseguridad del pa\u00eds - Super News","isPartOf":{"@id":"https:\/\/super-news.info\/mx\/#website"},"primaryImageOfPage":{"@id":"https:\/\/super-news.info\/mx\/nos-dejaron-un-cochinero-amlo-sobre-inseguridad-del-pais\/#primaryimage"},"image":{"@id":"https:\/\/super-news.info\/mx\/nos-dejaron-un-cochinero-amlo-sobre-inseguridad-del-pais\/#primaryimage"},"thumbnailUrl":"https:\/\/super-news.info\/mx\/wp-content\/uploads\/sites\/8\/2019\/04\/Nos-dejaron-un-039cochinero039-AMLO-sobre-inseguridad-del-pa\u00eds.jpeg","datePublished":"2019-04-21T20:55:25+00:00","dateModified":"2019-04-21T20:55:26+00:00","author":{"@id":"https:\/\/super-news.info\/mx\/#\/schema\/person\/74b71ca3d407439fd57da2d9c89449ca"},"breadcrumb":{"@id":"https:\/\/super-news.info\/mx\/nos-dejaron-un-cochinero-amlo-sobre-inseguridad-del-pais\/#breadcrumb"},"inLanguage":"es","potentialAction":[{"@type":"ReadAction","target":["https:\/\/super-news.info\/mx\/nos-dejaron-un-cochinero-amlo-sobre-inseguridad-del-pais\/"]}]},{"@type":"ImageObject","inLanguage":"es","@id":"https:\/\/super-news.info\/mx\/nos-dejaron-un-cochinero-amlo-sobre-inseguridad-del-pais\/#primaryimage","url":"https:\/\/super-news.info\/mx\/wp-content\/uploads\/sites\/8\/2019\/04\/Nos-dejaron-un-039cochinero039-AMLO-sobre-inseguridad-del-pa\u00eds.jpeg","contentUrl":"https:\/\/super-news.info\/mx\/wp-content\/uploads\/sites\/8\/2019\/04\/Nos-dejaron-un-039cochinero039-AMLO-sobre-inseguridad-del-pa\u00eds.jpeg","width":585,"height":329,"caption":"AMLO durante el 105 aniversario de la Defensa del Puerto de Veracruz."},{"@type":"BreadcrumbList","@id":"https:\/\/super-news.info\/mx\/nos-dejaron-un-cochinero-amlo-sobre-inseguridad-del-pais\/#breadcrumb","itemListElement":[{"@type":"ListItem","position":1,"name":"Home","item":"https:\/\/super-news.info\/mx\/"},{"@type":"ListItem","position":2,"name":"Nos dejaron un &#039;cochinero&#039;: AMLO sobre inseguridad del pa\u00eds"}]},{"@type":"WebSite","@id":"https:\/\/super-news.info\/mx\/#website","url":"https:\/\/super-news.info\/mx\/","name":"Super News","description":"Super News Mexico","potentialAction":[{"@type":"SearchAction","target":{"@type":"EntryPoint","urlTemplate":"https:\/\/super-news.info\/mx\/?s={search_term_string}"},"query-input":{"@type":"PropertyValueSpecification","valueRequired":true,"valueName":"search_term_string"}}],"inLanguage":"es"},{"@type":"Person","@id":"https:\/\/super-news.info\/mx\/#\/schema\/person\/74b71ca3d407439fd57da2d9c89449ca","name":"mx","image":{"@type":"ImageObject","inLanguage":"es","@id":"https:\/\/secure.gravatar.com\/avatar\/6374ac65ff69c362a0ae1303d73d69dcd9bd198d62d9861f054a69aaf82c017b?s=96&d=mm&r=g","url":"https:\/\/secure.gravatar.com\/avatar\/6374ac65ff69c362a0ae1303d73d69dcd9bd198d62d9861f054a69aaf82c017b?s=96&d=mm&r=g","contentUrl":"https:\/\/secure.gravatar.com\/avatar\/6374ac65ff69c362a0ae1303d73d69dcd9bd198d62d9861f054a69aaf82c017b?s=96&d=mm&r=g","caption":"mx"},"url":"https:\/\/super-news.info\/mx\/author\/mx\/"}]}},"_links":{"self":[{"href":"https:\/\/super-news.info\/mx\/wp-json\/wp\/v2\/posts\/92","targetHints":{"allow":["GET"]}}],"collection":[{"href":"https:\/\/super-news.info\/mx\/wp-json\/wp\/v2\/posts"}],"about":[{"href":"https:\/\/super-news.info\/mx\/wp-json\/wp\/v2\/types\/post"}],"author":[{"embeddable":true,"href":"https:\/\/super-news.info\/mx\/wp-json\/wp\/v2\/users\/3"}],"replies":[{"embeddable":true,"href":"https:\/\/super-news.info\/mx\/wp-json\/wp\/v2\/comments?post=92"}],"version-history":[{"count":1,"href":"https:\/\/super-news.info\/mx\/wp-json\/wp\/v2\/posts\/92\/revisions"}],"predecessor-version":[{"id":94,"href":"https:\/\/super-news.info\/mx\/wp-json\/wp\/v2\/posts\/92\/revisions\/94"}],"wp:featuredmedia":[{"embeddable":true,"href":"https:\/\/super-news.info\/mx\/wp-json\/wp\/v2\/media\/93"}],"wp:attachment":[{"href":"https:\/\/super-news.info\/mx\/wp-json\/wp\/v2\/media?parent=92"}],"wp:term":[{"taxonomy":"category","embeddable":true,"href":"https:\/\/super-news.info\/mx\/wp-json\/wp\/v2\/categories?post=92"},{"taxonomy":"post_tag","embeddable":true,"href":"https:\/\/super-news.info\/mx\/wp-json\/wp\/v2\/tags?post=92"}],"curies":[{"name":"wp","href":"https:\/\/api.w.org\/{rel}","templated":true}]}}