{"id":80,"date":"2019-04-19T11:25:03","date_gmt":"2019-04-19T11:25:03","guid":{"rendered":"https:\/\/super-news.info\/mx\/merida-una-opcion-para-turismo-gastronomico\/"},"modified":"2019-04-19T11:25:04","modified_gmt":"2019-04-19T11:25:04","slug":"merida-una-opcion-para-turismo-gastronomico","status":"publish","type":"post","link":"https:\/\/super-news.info\/mx\/merida-una-opcion-para-turismo-gastronomico\/","title":{"rendered":"M\u00e9rida, una opci\u00f3n para turismo gastron\u00f3mico"},"content":{"rendered":"<p> [ad_1]<br \/>\n<\/p>\n<p class=\"paragraph\" data-count=\"210\" data-wrap=\"35\">M\u00e9rida se coloca como una opci\u00f3n para turismo gastron\u00f3mico en el pa\u00eds con eventos como &#x27;Memorias de Micaela&#x27;, y el &#x27;Festival Gastron\u00f3mico de M\u00e9rida&#x27;, que ofrecen experiencias de fine dinning y cocina de autor. <\/p>\n<p class=\"paragraph\" data-count=\"233\" data-wrap=\"41\">El pasado 3 de abril, la &#x27;ciudad blanca&#x27; recibi\u00f3  el evento &#x27;Memorias de Micaela&#x27;, una muestra gastron\u00f3mica en el que los participantes vivieron una noche de sabor a cargo de chefs de talla internacional, un mix\u00f3logo y un sommelier. <\/p>\n<div class=\"featured__block -side\">\n<h3 class=\"featured__title\"><strong>\u00bfQu\u00e9 es la cocina de autor?<\/strong><\/h3>\n<p class=\"paragraph\" data-count=\"163\" data-wrap=\"27\">Es una mezcla de distintas t\u00e9cnicas para crear platillos con un sello personal y que son generalmente ofrecidos en un men\u00fa de degustaciones en peque\u00f1as porciones. <\/p>\n<\/p><\/div>\n<p class=\"paragraph\" data-count=\"256\" data-wrap=\"44\">&#x27;Memorias de Micaela&#x27; se basa en los relatos del diario de la cocinera que inspir\u00f3 el restaurante sede y cuyos textos datan de 1897. Con las historias de Micaela, los chef crearon dos platillos de autor para representar alguno de los recuerdos expresados. <\/p>\n<p class=\"paragraph\" data-count=\"290\" data-wrap=\"49\">Para la realizaci\u00f3n de &#x27;Memorias de Micaela&#x27;, los anfitriones del evento, el Chef Vidal El\u00edas Murillo y el Sommelier Alberto Nacif, lanzaron el reto de crear platillos y cocteles que maridaran y representaran el esp\u00edritu de las recuerdos de Micaela a trav\u00e9s de su propio estilo culinario.  <\/p>\n<div class=\"image__block -side\">\n<figure><\/figure>\n<p><span class=\"element__footer\">Chef explicando los platillos a los invitados y anfitriones. <\/span><span class=\"element__credit\">Cortes\u00eda<\/span><\/div>\n<p class=\"paragraph\" data-count=\"273\" data-wrap=\"46\">Otro de los eventos que ha recibido la capital yucateca en los \u00faltimos meses, es el &#x27;Festival Gastron\u00f3mico de M\u00e9rida&#x27;, una experiencia de tres d\u00edas donde los participantes pudieron degustar de las creaciones de 45 chefs de los estados de Chiapas, Oaxaca, Puebla y Yucat\u00e1n. <\/p>\n<p class=\"paragraph\" data-count=\"355\" data-wrap=\"61\">De acuerdo con los organizadores de este evento que se realiz\u00f3 del 20 al 23 de febrero de este a\u00f1o, el  festival intenta despertar el gusto de los asistentes, chefs y asociados por conocer las diferentes t\u00e9cnicas, el manejo de productos de distintos lugares. En 2019, los ingredientes principales fueron el at\u00fan, erizo, charales, venado y la carne de res.<\/p>\n<div class=\"image__block -side\">\n<figure><img decoding=\"async\" alt=\"Platillo del Museo de la Gastronom\u00eda Yucateca\" src=\"http:\/\/super-news.info\/mx\/wp-content\/uploads\/sites\/8\/2019\/04\/1555673103_993_Merida-una-opcion-para-turismo-gastronomico.jpeg\" style=\"height:auto;width:100%\" \/><\/figure>\n<p><span class=\"element__footer\">Platillo del Museo de la Gastronom\u00eda Yucateca<\/span><span class=\"element__credit\">Tomada de Facebook MUGY<\/span><\/div>\n<p class=\"paragraph\" data-count=\"228\" data-wrap=\"38\">Adem\u00e1s se han abierto nuevas propuestas como el Museo de la Gastronom\u00eda Yucateca, localizado en el centro hist\u00f3rico de M\u00e9rida, que es la la r\u00e9plica de un t\u00edpico &#x27;pueblito&#x27; del estado donde se puede encontrar comida tradicional. <\/p>\n<p class=\"paragraph\" data-count=\"224\" data-wrap=\"36\">El turismo gastron\u00f3mico forma parte de la estrategia tur\u00edstica de Yucat\u00e1n. Durante el <strong>Festival Roxy <\/strong>de Guadalajara y el <strong>Tianguis Tur\u00edstico <\/strong>se realizaron muestras de chef que tienen sus restaurantes en la capital del estado. <\/p>\n<p class=\"paragraph\" data-count=\"161\" data-wrap=\"25\"> La gu\u00eda <strong>&#x27;M\u00e9xico Gastron\u00f3mico 2019&#x27; <\/strong>realizada por Culinaria Mexicana, S.Pellegrino y Nespresso, coloc\u00f3 a tres restaurantes de M\u00e9rida entre los mejores del pa\u00eds. <\/p>\n<p class=\"paragraph\" data-count=\"112\" data-wrap=\"20\">Los restaurantes son:  <strong>K&#x27;u&#x27;uk, La Tradici\u00f3n y Nectar, todos localizado en la zona norte de la capital yucateca. <\/strong><\/p>\n<p class=\"paragraph\" data-count=\"151\" data-wrap=\"28\">De acuerdo a los datos estad\u00edsticos de la Secretar\u00eda de Fomento Tur\u00edstico de Yucat\u00e1n, tan solo en un mes, el estado recibe a m\u00e1s de 150 mil visitantes.<\/p>\n<p class=\"paragraph\" data-count=\"281\" data-wrap=\"52\">Tan solo en febrero de este a\u00f1o, 7 de cada 10 visitantes que pernoctaron en Yucat\u00e1n fueron de origen nacional y el resto extranjeros. Anualmente la cifra de turistas es de 1 mill\u00f3n 786 mil, lo cual representa una derrama econ\u00f3mica para el estado de m\u00e1s de 43 mil millones de pesos.<\/p>\n<p>[ad_2]<br \/>\n<br \/><a href=\"https:\/\/www.elfinanciero.com.mx\/rss\/peninsula\/merida-una-opcion-para-turismo-gastronomico\">Source link <\/a><\/p>\n","protected":false},"excerpt":{"rendered":"<p>[ad_1] M\u00e9rida se coloca como una opci\u00f3n para turismo gastron\u00f3mico en el pa\u00eds con eventos como &#x27;Memorias de Micaela&#x27;, y el &#x27;Festival Gastron\u00f3mico de M\u00e9rida&#x27;, que ofrecen experiencias de fine dinning y cocina de autor. El pasado 3 de abril, la &#x27;ciudad blanca&#x27; recibi\u00f3 el evento &#x27;Memorias de Micaela&#x27;, una muestra gastron\u00f3mica en el que [&hellip;]<\/p>\n","protected":false},"author":3,"featured_media":81,"comment_status":"open","ping_status":"open","sticky":false,"template":"","format":"standard","meta":{"footnotes":""},"categories":[1],"tags":[],"class_list":["post-80","post","type-post","status-publish","format-standard","has-post-thumbnail","hentry","category-noticias-financieras"],"yoast_head":"<!-- This site is optimized with the Yoast SEO plugin v27.4 - https:\/\/yoast.com\/product\/yoast-seo-wordpress\/ -->\n<title>M\u00e9rida, una opci\u00f3n para turismo gastron\u00f3mico - Super News<\/title>\n<meta name=\"robots\" content=\"index, follow, max-snippet:-1, max-image-preview:large, max-video-preview:-1\" \/>\n<link rel=\"canonical\" href=\"https:\/\/super-news.info\/mx\/merida-una-opcion-para-turismo-gastronomico\/\" \/>\n<meta property=\"og:locale\" content=\"es_MX\" \/>\n<meta property=\"og:type\" content=\"article\" \/>\n<meta property=\"og:title\" content=\"M\u00e9rida, una opci\u00f3n para turismo gastron\u00f3mico - Super News\" \/>\n<meta property=\"og:description\" content=\"[ad_1] M\u00e9rida se coloca como una opci\u00f3n para turismo gastron\u00f3mico en el pa\u00eds con eventos como &#x27;Memorias de Micaela&#x27;, y el &#x27;Festival Gastron\u00f3mico de M\u00e9rida&#x27;, que ofrecen experiencias de fine dinning y cocina de autor. El pasado 3 de abril, la &#x27;ciudad blanca&#x27; recibi\u00f3 el evento &#x27;Memorias de Micaela&#x27;, una muestra gastron\u00f3mica en el que [&hellip;]\" \/>\n<meta property=\"og:url\" content=\"https:\/\/super-news.info\/mx\/merida-una-opcion-para-turismo-gastronomico\/\" \/>\n<meta property=\"og:site_name\" content=\"Super News\" \/>\n<meta property=\"article:published_time\" content=\"2019-04-19T11:25:03+00:00\" \/>\n<meta property=\"article:modified_time\" content=\"2019-04-19T11:25:04+00:00\" \/>\n<meta property=\"og:image\" content=\"https:\/\/super-news.info\/mx\/wp-content\/uploads\/sites\/8\/2019\/04\/M\u00e9rida-una-opci\u00f3n-para-turismo-gastron\u00f3mico.jpeg\" \/>\n\t<meta property=\"og:image:width\" content=\"2838\" \/>\n\t<meta property=\"og:image:height\" content=\"1596\" \/>\n\t<meta property=\"og:image:type\" content=\"image\/jpeg\" \/>\n<meta name=\"author\" content=\"mx\" \/>\n<meta name=\"twitter:card\" content=\"summary_large_image\" \/>\n<meta name=\"twitter:label1\" content=\"Escrito por\" \/>\n\t<meta name=\"twitter:data1\" content=\"mx\" \/>\n\t<meta name=\"twitter:label2\" content=\"Tiempo de lectura\" \/>\n\t<meta name=\"twitter:data2\" content=\"3 minutos\" \/>\n<script type=\"application\/ld+json\" class=\"yoast-schema-graph\">{\"@context\":\"https:\\\/\\\/schema.org\",\"@graph\":[{\"@type\":\"Article\",\"@id\":\"https:\\\/\\\/super-news.info\\\/mx\\\/merida-una-opcion-para-turismo-gastronomico\\\/#article\",\"isPartOf\":{\"@id\":\"https:\\\/\\\/super-news.info\\\/mx\\\/merida-una-opcion-para-turismo-gastronomico\\\/\"},\"author\":{\"name\":\"mx\",\"@id\":\"https:\\\/\\\/super-news.info\\\/mx\\\/#\\\/schema\\\/person\\\/74b71ca3d407439fd57da2d9c89449ca\"},\"headline\":\"M\u00e9rida, una opci\u00f3n para turismo gastron\u00f3mico\",\"datePublished\":\"2019-04-19T11:25:03+00:00\",\"dateModified\":\"2019-04-19T11:25:04+00:00\",\"mainEntityOfPage\":{\"@id\":\"https:\\\/\\\/super-news.info\\\/mx\\\/merida-una-opcion-para-turismo-gastronomico\\\/\"},\"wordCount\":586,\"commentCount\":0,\"image\":{\"@id\":\"https:\\\/\\\/super-news.info\\\/mx\\\/merida-una-opcion-para-turismo-gastronomico\\\/#primaryimage\"},\"thumbnailUrl\":\"https:\\\/\\\/super-news.info\\\/mx\\\/wp-content\\\/uploads\\\/sites\\\/8\\\/2019\\\/04\\\/M\u00e9rida-una-opci\u00f3n-para-turismo-gastron\u00f3mico.jpeg\",\"articleSection\":[\"NOTICIAS FINANCIERAS\"],\"inLanguage\":\"es\",\"potentialAction\":[{\"@type\":\"CommentAction\",\"name\":\"Comment\",\"target\":[\"https:\\\/\\\/super-news.info\\\/mx\\\/merida-una-opcion-para-turismo-gastronomico\\\/#respond\"]}]},{\"@type\":\"WebPage\",\"@id\":\"https:\\\/\\\/super-news.info\\\/mx\\\/merida-una-opcion-para-turismo-gastronomico\\\/\",\"url\":\"https:\\\/\\\/super-news.info\\\/mx\\\/merida-una-opcion-para-turismo-gastronomico\\\/\",\"name\":\"M\u00e9rida, una opci\u00f3n para turismo gastron\u00f3mico - Super News\",\"isPartOf\":{\"@id\":\"https:\\\/\\\/super-news.info\\\/mx\\\/#website\"},\"primaryImageOfPage\":{\"@id\":\"https:\\\/\\\/super-news.info\\\/mx\\\/merida-una-opcion-para-turismo-gastronomico\\\/#primaryimage\"},\"image\":{\"@id\":\"https:\\\/\\\/super-news.info\\\/mx\\\/merida-una-opcion-para-turismo-gastronomico\\\/#primaryimage\"},\"thumbnailUrl\":\"https:\\\/\\\/super-news.info\\\/mx\\\/wp-content\\\/uploads\\\/sites\\\/8\\\/2019\\\/04\\\/M\u00e9rida-una-opci\u00f3n-para-turismo-gastron\u00f3mico.jpeg\",\"datePublished\":\"2019-04-19T11:25:03+00:00\",\"dateModified\":\"2019-04-19T11:25:04+00:00\",\"author\":{\"@id\":\"https:\\\/\\\/super-news.info\\\/mx\\\/#\\\/schema\\\/person\\\/74b71ca3d407439fd57da2d9c89449ca\"},\"breadcrumb\":{\"@id\":\"https:\\\/\\\/super-news.info\\\/mx\\\/merida-una-opcion-para-turismo-gastronomico\\\/#breadcrumb\"},\"inLanguage\":\"es\",\"potentialAction\":[{\"@type\":\"ReadAction\",\"target\":[\"https:\\\/\\\/super-news.info\\\/mx\\\/merida-una-opcion-para-turismo-gastronomico\\\/\"]}]},{\"@type\":\"ImageObject\",\"inLanguage\":\"es\",\"@id\":\"https:\\\/\\\/super-news.info\\\/mx\\\/merida-una-opcion-para-turismo-gastronomico\\\/#primaryimage\",\"url\":\"https:\\\/\\\/super-news.info\\\/mx\\\/wp-content\\\/uploads\\\/sites\\\/8\\\/2019\\\/04\\\/M\u00e9rida-una-opci\u00f3n-para-turismo-gastron\u00f3mico.jpeg\",\"contentUrl\":\"https:\\\/\\\/super-news.info\\\/mx\\\/wp-content\\\/uploads\\\/sites\\\/8\\\/2019\\\/04\\\/M\u00e9rida-una-opci\u00f3n-para-turismo-gastron\u00f3mico.jpeg\",\"width\":2838,\"height\":1596,\"caption\":\"Chef explicando los platillos a los invitados y anfitriones.\"},{\"@type\":\"BreadcrumbList\",\"@id\":\"https:\\\/\\\/super-news.info\\\/mx\\\/merida-una-opcion-para-turismo-gastronomico\\\/#breadcrumb\",\"itemListElement\":[{\"@type\":\"ListItem\",\"position\":1,\"name\":\"Home\",\"item\":\"https:\\\/\\\/super-news.info\\\/mx\\\/\"},{\"@type\":\"ListItem\",\"position\":2,\"name\":\"M\u00e9rida, una opci\u00f3n para turismo gastron\u00f3mico\"}]},{\"@type\":\"WebSite\",\"@id\":\"https:\\\/\\\/super-news.info\\\/mx\\\/#website\",\"url\":\"https:\\\/\\\/super-news.info\\\/mx\\\/\",\"name\":\"Super News\",\"description\":\"Super News Mexico\",\"potentialAction\":[{\"@type\":\"SearchAction\",\"target\":{\"@type\":\"EntryPoint\",\"urlTemplate\":\"https:\\\/\\\/super-news.info\\\/mx\\\/?s={search_term_string}\"},\"query-input\":{\"@type\":\"PropertyValueSpecification\",\"valueRequired\":true,\"valueName\":\"search_term_string\"}}],\"inLanguage\":\"es\"},{\"@type\":\"Person\",\"@id\":\"https:\\\/\\\/super-news.info\\\/mx\\\/#\\\/schema\\\/person\\\/74b71ca3d407439fd57da2d9c89449ca\",\"name\":\"mx\",\"image\":{\"@type\":\"ImageObject\",\"inLanguage\":\"es\",\"@id\":\"https:\\\/\\\/secure.gravatar.com\\\/avatar\\\/6374ac65ff69c362a0ae1303d73d69dcd9bd198d62d9861f054a69aaf82c017b?s=96&d=mm&r=g\",\"url\":\"https:\\\/\\\/secure.gravatar.com\\\/avatar\\\/6374ac65ff69c362a0ae1303d73d69dcd9bd198d62d9861f054a69aaf82c017b?s=96&d=mm&r=g\",\"contentUrl\":\"https:\\\/\\\/secure.gravatar.com\\\/avatar\\\/6374ac65ff69c362a0ae1303d73d69dcd9bd198d62d9861f054a69aaf82c017b?s=96&d=mm&r=g\",\"caption\":\"mx\"},\"url\":\"https:\\\/\\\/super-news.info\\\/mx\\\/author\\\/mx\\\/\"}]}<\/script>\n<!-- \/ Yoast SEO plugin. -->","yoast_head_json":{"title":"M\u00e9rida, una opci\u00f3n para turismo gastron\u00f3mico - Super News","robots":{"index":"index","follow":"follow","max-snippet":"max-snippet:-1","max-image-preview":"max-image-preview:large","max-video-preview":"max-video-preview:-1"},"canonical":"https:\/\/super-news.info\/mx\/merida-una-opcion-para-turismo-gastronomico\/","og_locale":"es_MX","og_type":"article","og_title":"M\u00e9rida, una opci\u00f3n para turismo gastron\u00f3mico - Super News","og_description":"[ad_1] M\u00e9rida se coloca como una opci\u00f3n para turismo gastron\u00f3mico en el pa\u00eds con eventos como &#x27;Memorias de Micaela&#x27;, y el &#x27;Festival Gastron\u00f3mico de M\u00e9rida&#x27;, que ofrecen experiencias de fine dinning y cocina de autor. El pasado 3 de abril, la &#x27;ciudad blanca&#x27; recibi\u00f3 el evento &#x27;Memorias de Micaela&#x27;, una muestra gastron\u00f3mica en el que [&hellip;]","og_url":"https:\/\/super-news.info\/mx\/merida-una-opcion-para-turismo-gastronomico\/","og_site_name":"Super News","article_published_time":"2019-04-19T11:25:03+00:00","article_modified_time":"2019-04-19T11:25:04+00:00","og_image":[{"width":2838,"height":1596,"url":"https:\/\/super-news.info\/mx\/wp-content\/uploads\/sites\/8\/2019\/04\/M\u00e9rida-una-opci\u00f3n-para-turismo-gastron\u00f3mico.jpeg","type":"image\/jpeg"}],"author":"mx","twitter_card":"summary_large_image","twitter_misc":{"Escrito por":"mx","Tiempo de lectura":"3 minutos"},"schema":{"@context":"https:\/\/schema.org","@graph":[{"@type":"Article","@id":"https:\/\/super-news.info\/mx\/merida-una-opcion-para-turismo-gastronomico\/#article","isPartOf":{"@id":"https:\/\/super-news.info\/mx\/merida-una-opcion-para-turismo-gastronomico\/"},"author":{"name":"mx","@id":"https:\/\/super-news.info\/mx\/#\/schema\/person\/74b71ca3d407439fd57da2d9c89449ca"},"headline":"M\u00e9rida, una opci\u00f3n para turismo gastron\u00f3mico","datePublished":"2019-04-19T11:25:03+00:00","dateModified":"2019-04-19T11:25:04+00:00","mainEntityOfPage":{"@id":"https:\/\/super-news.info\/mx\/merida-una-opcion-para-turismo-gastronomico\/"},"wordCount":586,"commentCount":0,"image":{"@id":"https:\/\/super-news.info\/mx\/merida-una-opcion-para-turismo-gastronomico\/#primaryimage"},"thumbnailUrl":"https:\/\/super-news.info\/mx\/wp-content\/uploads\/sites\/8\/2019\/04\/M\u00e9rida-una-opci\u00f3n-para-turismo-gastron\u00f3mico.jpeg","articleSection":["NOTICIAS FINANCIERAS"],"inLanguage":"es","potentialAction":[{"@type":"CommentAction","name":"Comment","target":["https:\/\/super-news.info\/mx\/merida-una-opcion-para-turismo-gastronomico\/#respond"]}]},{"@type":"WebPage","@id":"https:\/\/super-news.info\/mx\/merida-una-opcion-para-turismo-gastronomico\/","url":"https:\/\/super-news.info\/mx\/merida-una-opcion-para-turismo-gastronomico\/","name":"M\u00e9rida, una opci\u00f3n para turismo gastron\u00f3mico - Super News","isPartOf":{"@id":"https:\/\/super-news.info\/mx\/#website"},"primaryImageOfPage":{"@id":"https:\/\/super-news.info\/mx\/merida-una-opcion-para-turismo-gastronomico\/#primaryimage"},"image":{"@id":"https:\/\/super-news.info\/mx\/merida-una-opcion-para-turismo-gastronomico\/#primaryimage"},"thumbnailUrl":"https:\/\/super-news.info\/mx\/wp-content\/uploads\/sites\/8\/2019\/04\/M\u00e9rida-una-opci\u00f3n-para-turismo-gastron\u00f3mico.jpeg","datePublished":"2019-04-19T11:25:03+00:00","dateModified":"2019-04-19T11:25:04+00:00","author":{"@id":"https:\/\/super-news.info\/mx\/#\/schema\/person\/74b71ca3d407439fd57da2d9c89449ca"},"breadcrumb":{"@id":"https:\/\/super-news.info\/mx\/merida-una-opcion-para-turismo-gastronomico\/#breadcrumb"},"inLanguage":"es","potentialAction":[{"@type":"ReadAction","target":["https:\/\/super-news.info\/mx\/merida-una-opcion-para-turismo-gastronomico\/"]}]},{"@type":"ImageObject","inLanguage":"es","@id":"https:\/\/super-news.info\/mx\/merida-una-opcion-para-turismo-gastronomico\/#primaryimage","url":"https:\/\/super-news.info\/mx\/wp-content\/uploads\/sites\/8\/2019\/04\/M\u00e9rida-una-opci\u00f3n-para-turismo-gastron\u00f3mico.jpeg","contentUrl":"https:\/\/super-news.info\/mx\/wp-content\/uploads\/sites\/8\/2019\/04\/M\u00e9rida-una-opci\u00f3n-para-turismo-gastron\u00f3mico.jpeg","width":2838,"height":1596,"caption":"Chef explicando los platillos a los invitados y anfitriones."},{"@type":"BreadcrumbList","@id":"https:\/\/super-news.info\/mx\/merida-una-opcion-para-turismo-gastronomico\/#breadcrumb","itemListElement":[{"@type":"ListItem","position":1,"name":"Home","item":"https:\/\/super-news.info\/mx\/"},{"@type":"ListItem","position":2,"name":"M\u00e9rida, una opci\u00f3n para turismo gastron\u00f3mico"}]},{"@type":"WebSite","@id":"https:\/\/super-news.info\/mx\/#website","url":"https:\/\/super-news.info\/mx\/","name":"Super News","description":"Super News Mexico","potentialAction":[{"@type":"SearchAction","target":{"@type":"EntryPoint","urlTemplate":"https:\/\/super-news.info\/mx\/?s={search_term_string}"},"query-input":{"@type":"PropertyValueSpecification","valueRequired":true,"valueName":"search_term_string"}}],"inLanguage":"es"},{"@type":"Person","@id":"https:\/\/super-news.info\/mx\/#\/schema\/person\/74b71ca3d407439fd57da2d9c89449ca","name":"mx","image":{"@type":"ImageObject","inLanguage":"es","@id":"https:\/\/secure.gravatar.com\/avatar\/6374ac65ff69c362a0ae1303d73d69dcd9bd198d62d9861f054a69aaf82c017b?s=96&d=mm&r=g","url":"https:\/\/secure.gravatar.com\/avatar\/6374ac65ff69c362a0ae1303d73d69dcd9bd198d62d9861f054a69aaf82c017b?s=96&d=mm&r=g","contentUrl":"https:\/\/secure.gravatar.com\/avatar\/6374ac65ff69c362a0ae1303d73d69dcd9bd198d62d9861f054a69aaf82c017b?s=96&d=mm&r=g","caption":"mx"},"url":"https:\/\/super-news.info\/mx\/author\/mx\/"}]}},"_links":{"self":[{"href":"https:\/\/super-news.info\/mx\/wp-json\/wp\/v2\/posts\/80","targetHints":{"allow":["GET"]}}],"collection":[{"href":"https:\/\/super-news.info\/mx\/wp-json\/wp\/v2\/posts"}],"about":[{"href":"https:\/\/super-news.info\/mx\/wp-json\/wp\/v2\/types\/post"}],"author":[{"embeddable":true,"href":"https:\/\/super-news.info\/mx\/wp-json\/wp\/v2\/users\/3"}],"replies":[{"embeddable":true,"href":"https:\/\/super-news.info\/mx\/wp-json\/wp\/v2\/comments?post=80"}],"version-history":[{"count":1,"href":"https:\/\/super-news.info\/mx\/wp-json\/wp\/v2\/posts\/80\/revisions"}],"predecessor-version":[{"id":82,"href":"https:\/\/super-news.info\/mx\/wp-json\/wp\/v2\/posts\/80\/revisions\/82"}],"wp:featuredmedia":[{"embeddable":true,"href":"https:\/\/super-news.info\/mx\/wp-json\/wp\/v2\/media\/81"}],"wp:attachment":[{"href":"https:\/\/super-news.info\/mx\/wp-json\/wp\/v2\/media?parent=80"}],"wp:term":[{"taxonomy":"category","embeddable":true,"href":"https:\/\/super-news.info\/mx\/wp-json\/wp\/v2\/categories?post=80"},{"taxonomy":"post_tag","embeddable":true,"href":"https:\/\/super-news.info\/mx\/wp-json\/wp\/v2\/tags?post=80"}],"curies":[{"name":"wp","href":"https:\/\/api.w.org\/{rel}","templated":true}]}}