{"id":778,"date":"2019-05-24T09:53:48","date_gmt":"2019-05-24T09:53:48","guid":{"rendered":"https:\/\/super-news.info\/mx\/mercados-caen-por-temor-a-una-guerra-fria-en-tecnologia\/"},"modified":"2019-05-24T09:53:49","modified_gmt":"2019-05-24T09:53:49","slug":"mercados-caen-por-temor-a-una-guerra-fria-en-tecnologia","status":"publish","type":"post","link":"https:\/\/super-news.info\/mx\/mercados-caen-por-temor-a-una-guerra-fria-en-tecnologia\/","title":{"rendered":"Mercados caen por temor a una &#039;guerra fr\u00eda&#039; en tecnolog\u00eda"},"content":{"rendered":"<p> [ad_1]<br \/>\n<\/p>\n<p class=\"paragraph\" data-count=\"178\" data-wrap=\"26\">Los mercados financieros extendieron su racha negativa, ante mayores tensiones en el conflicto comercial entre Estados Unidos y China, que <strong>apunta a una \u2018guerra fr\u00eda\u2019 tecnol\u00f3gica<\/strong>.<\/p>\n<p class=\"paragraph\" data-count=\"154\" data-wrap=\"25\">A esto se sumaron datos decepcionantes de la manufactura en Asia y Europa, que estar\u00edan validando el impacto de los conflictos comerciales a nivel global.<\/p>\n<p class=\"paragraph\" data-count=\"311\" data-wrap=\"58\">Ante esta coyuntura se present\u00f3 una ola vendedora que provoc\u00f3 ca\u00eddas acentuadas en los \u00edndices burs\u00e1tiles a nivel global, que lleg\u00f3 al mercado energ\u00e9tico, donde el crudo de referencia, el WTI, se ubic\u00f3 por debajo de los 60 d\u00f3lares el barril, con una baja en el d\u00eda de 5.7 por ciento, su peor jornada en el a\u00f1o. <\/p>\n<p class=\"paragraph\" data-count=\"212\" data-wrap=\"36\">En Estados Unidos, el \u00edndice <strong>Dow Jones<\/strong> perdi\u00f3 1.11 por ciento, el <strong>S&amp;P 500<\/strong> retrocedi\u00f3 1.19 por ciento, y el tecnol\u00f3gico <strong>Nasdaq<\/strong> cay\u00f3 1.58 por ciento. En <strong>M\u00e9xico<\/strong> el indicador de referencia retrocedi\u00f3 0.28 por ciento.<\/p>\n<p class=\"paragraph\" data-count=\"273\" data-wrap=\"42\">En el \u00e1mbito comercial, las sanciones y problemas corporativos continuaron escalando despu\u00e9s de que el presidente de Estados Unidos, Donald Trump, eval\u00faa a\u00f1adir a cinco compa\u00f1\u00edas chinas, los l\u00edderes mundiales en la videovigilancia, a la lista negra que ya incluye a Huawei.<\/p>\n<p class=\"paragraph\" data-count=\"272\" data-wrap=\"42\">En el pa\u00eds se est\u00e1 analizando agregar a empresas como Megvii, Zhejiang Dahua Technology, Hangzhou Hikvision Digital Technology, Meiya Pico e Iflytek, lo que de concretarse, las excluir\u00eda de los componentes o software estadounidenses, de acuerdo con una nota de Bloomberg. <\/p>\n<p class=\"paragraph\" data-count=\"309\" data-wrap=\"49\">Tim Culpan, columnista de Bloomberg, se refiri\u00f3 a esta disputa como <strong>el inicio de una \u2018guerra fr\u00eda\u2019 tecnol\u00f3gica<\/strong> y record\u00f3 que un proceso similar tuvo lugar cuando a ZTE se le prohibi\u00f3 adquirir productos estadounidenses tras renegar de un acuerdo para dejar sin efecto cargos de infringir sanciones comerciales.<\/p>\n<p class=\"paragraph\" data-count=\"259\" data-wrap=\"40\">Tambi\u00e9n destac\u00f3 que Panasonic estar\u00eda considerando reducir sus negocios con Huawei; seg\u00fan estimaciones del banco de inversi\u00f3n Goldman Sachs, si China castiga a Apple como EU lo hizo con Huawei, la tecnol\u00f3gica podr\u00eda perder un tercio de sus utilidades globales<\/p>\n<p class=\"paragraph\" data-count=\"219\" data-wrap=\"35\">De esta manera, el fuego cruzado de aranceles entre las dos m\u00e1s grandes potencias se est\u00e1 extendiendo a las empresas, cuyos efectos sobre las tecnol\u00f3gicas en China est\u00e1n regresando como un b\u00fameran a las estadounidenses.<\/p>\n<p class=\"paragraph\" data-count=\"127\" data-wrap=\"17\">Particularmente, han sido golpeadas empresas del sector tecnol\u00f3gico estadounidense, como Qualcomm Inc e Intel Corp, entre otras<\/p>\n<p class=\"paragraph\" data-count=\"191\" data-wrap=\"34\">Adem\u00e1s, existe la posibilidad de que el gobierno de EU pueda aplicar aranceles a las importaciones provenientes de China, con valor de  alrededor o superior a los 300 mil millones de d\u00f3lares <\/p>\n<p class=\"paragraph\" data-count=\"155\" data-wrap=\"24\">De cumplirse la amenaza, se estar\u00edan aplicando aranceles a todas las importaciones de China, algo que tambi\u00e9n ser\u00eda correspondido, por la naci\u00f3n asi\u00e1tica. <\/p>\n<p class=\"paragraph\" data-count=\"214\" data-wrap=\"35\">El fuego cruzado de aranceles, ahora extendida a las sanciones a empresas tecnol\u00f3gicas, podr\u00eda derivar en una guerra de divisas e, incluso, en la disminuci\u00f3n en la tenencia de bonos estadounidense en poder de China<\/p>\n<p class=\"paragraph\" data-count=\"319\" data-wrap=\"47\">Por lo que las negociaciones encaminadas a lograr un acuerdo entre las dos m\u00e1s grandes potencias econ\u00f3micas del mundo dan se\u00f1ales de extenderse y de profundizarse, situaci\u00f3n que puede seguir afectando negativamente a las expectativas para el crecimiento econ\u00f3mico global y al comportamiento de los mercados financieros.<\/p>\n<h3 class=\"featured__title\">Los mercados resienten el conflicto<\/h3>\n<p class=\"paragraph\" data-count=\"96\" data-wrap=\"12\">Ante estos hechos, los mercados descuentan una mayor desaceleraci\u00f3n econ\u00f3mica como consecuencia.<\/p>\n<p class=\"paragraph\" data-count=\"303\" data-wrap=\"51\">China ha dejado clara su posici\u00f3n y no tiene la intenci\u00f3n de hacer concesiones a Estados Unidos para reanudar las conversaciones. El ministro de comercio de China, dijo que Estados Unidos escal\u00f3 de manera unilateral las tensiones, y si quiere volver a la mesa de negociaciones tiene que corregir eso.<\/p>\n<p class=\"paragraph\" data-count=\"170\" data-wrap=\"31\">Esta ola vendedora en los mercados lleg\u00f3 al mercado energ\u00e9tico que se apunt\u00f3 su peor d\u00eda en el a\u00f1o ante las preocupaciones de que la guerra comercial impacte la demanda. <\/p>\n<p class=\"paragraph\" data-count=\"168\" data-wrap=\"32\">El WTI en Nueva York cay\u00f3 5.71 por ciento, a los 57.91 d\u00f3lares por barril. Mientras que el Brent en Londres se desliz\u00f3 4.44 por ciento, a los 67.83 d\u00f3lares por barril.\n<\/p>\n<p class=\"paragraph\" data-count=\"216\" data-wrap=\"33\">En datos econ\u00f3micos, la consultora Markit revel\u00f3 que la actividad manufacturera registr\u00f3 su menor expansi\u00f3n en nueve a\u00f1os. Situaci\u00f3n que sugiere que la econom\u00eda pudiera frenarse durante el segundo semestre del a\u00f1o.\n<\/p>\n<p class=\"paragraph\" data-count=\"143\" data-wrap=\"23\">A nivel accionario, las emisoras que retrocedieron fueron  NetApp, que cay\u00f3 8.33 por ciento, le acompa\u00f1aron Hess, Devon Energy y Noble Energy.\n<\/p>\n<p class=\"paragraph\" data-count=\"144\" data-wrap=\"23\">En sentido opuesto, las acciones que ganaron fueron L Brands, que se dispar\u00f3 12.53 por ciento, le siguieron Copart, Kontoor Brands y Medtronic.\n<\/p>\n<p class=\"paragraph\" data-count=\"178\" data-wrap=\"28\">En <strong>M\u00e9xico<\/strong>, los \u00edndices locales moderaron las ca\u00eddas sobre la \u00faltima hora, pero tambi\u00e9n apuntaron tropiezos por tercer d\u00eda consecutivo ante la ola vendedora de activos de riesgo.\n<\/p>\n<p class=\"paragraph\" data-count=\"174\" data-wrap=\"34\">El \u00cdndice de Precios y Cotizaciones perdi\u00f3 0.3 por ciento, con lo que se ubica en 42 mil 812 unidades. En tanto, el FTSE BIVA retrocedi\u00f3 0.36 por ciento, a los 874 puntos.<\/p>\n<p class=\"paragraph\" data-count=\"184\" data-wrap=\"31\">En datos econ\u00f3micos, el Inegi revel\u00f3 que la <strong>inflaci\u00f3n <\/strong>registr\u00f3 una variaci\u00f3n de 4.43 por ciento a tasa anual en la primera quincena de mayo presionado por los productos agropecuarios. <\/p>\n<p class=\"paragraph\" data-count=\"146\" data-wrap=\"22\">A nivel accionario, las emisoras que cayeron fueron Industrias Pe\u00f1oles, que perdi\u00f3 3.36 por ciento, le acompa\u00f1aron Grupo Carso, Alpek y Mexichem.\n<\/p>\n<p class=\"paragraph\" data-count=\"156\" data-wrap=\"25\">En sentido opuesto, las emisoras que ganaron fueron Regional que avanz\u00f3 2.5 por ciento, Genomma Lab, Walmart de M\u00e9xico y Grupo Aeroportuario del Pac\u00edfico.\n<\/p>\n<div class=\"image__block \">\n<figure><\/figure>\n<p><span class=\"element__footer\"><\/span><span class=\"element__credit\"><\/span><\/div>\n<p>[ad_2]<br \/>\n<br \/><a href=\"https:\/\/www.elfinanciero.com.mx\/rss\/mercados\/ola-vendedora-sumerge-a-wall-street-y-bolsas-mexicanas\">Source link <\/a><\/p>\n","protected":false},"excerpt":{"rendered":"<p>[ad_1] Los mercados financieros extendieron su racha negativa, ante mayores tensiones en el conflicto comercial entre Estados Unidos y China, que apunta a una \u2018guerra fr\u00eda\u2019 tecnol\u00f3gica. A esto se sumaron datos decepcionantes de la manufactura en Asia y Europa, que estar\u00edan validando el impacto de los conflictos comerciales a nivel global. Ante esta coyuntura [&hellip;]<\/p>\n","protected":false},"author":3,"featured_media":779,"comment_status":"open","ping_status":"open","sticky":false,"template":"","format":"standard","meta":{"footnotes":""},"categories":[1],"tags":[],"class_list":["post-778","post","type-post","status-publish","format-standard","has-post-thumbnail","hentry","category-noticias-financieras"],"yoast_head":"<!-- This site is optimized with the Yoast SEO plugin v27.4 - https:\/\/yoast.com\/product\/yoast-seo-wordpress\/ -->\n<title>Mercados caen por temor a una &#039;guerra fr\u00eda&#039; en tecnolog\u00eda - Super News<\/title>\n<meta name=\"robots\" content=\"index, follow, max-snippet:-1, max-image-preview:large, max-video-preview:-1\" \/>\n<link rel=\"canonical\" href=\"https:\/\/super-news.info\/mx\/mercados-caen-por-temor-a-una-guerra-fria-en-tecnologia\/\" \/>\n<meta property=\"og:locale\" content=\"es_MX\" \/>\n<meta property=\"og:type\" content=\"article\" \/>\n<meta property=\"og:title\" content=\"Mercados caen por temor a una &#039;guerra fr\u00eda&#039; en tecnolog\u00eda - Super News\" \/>\n<meta property=\"og:description\" content=\"[ad_1] Los mercados financieros extendieron su racha negativa, ante mayores tensiones en el conflicto comercial entre Estados Unidos y China, que apunta a una \u2018guerra fr\u00eda\u2019 tecnol\u00f3gica. A esto se sumaron datos decepcionantes de la manufactura en Asia y Europa, que estar\u00edan validando el impacto de los conflictos comerciales a nivel global. Ante esta coyuntura [&hellip;]\" \/>\n<meta property=\"og:url\" content=\"https:\/\/super-news.info\/mx\/mercados-caen-por-temor-a-una-guerra-fria-en-tecnologia\/\" \/>\n<meta property=\"og:site_name\" content=\"Super News\" \/>\n<meta property=\"article:published_time\" content=\"2019-05-24T09:53:48+00:00\" \/>\n<meta property=\"article:modified_time\" content=\"2019-05-24T09:53:49+00:00\" \/>\n<meta property=\"og:image\" content=\"https:\/\/super-news.info\/mx\/wp-content\/uploads\/sites\/8\/2019\/05\/Mercados-caen-por-temor-a-una-039guerra-fr\u00eda039-en-tecnolog\u00eda.jpeg\" \/>\n\t<meta property=\"og:image:width\" content=\"864\" \/>\n\t<meta property=\"og:image:height\" content=\"1862\" \/>\n\t<meta property=\"og:image:type\" content=\"image\/jpeg\" \/>\n<meta name=\"author\" content=\"mx\" \/>\n<meta name=\"twitter:card\" content=\"summary_large_image\" \/>\n<meta name=\"twitter:label1\" content=\"Escrito por\" \/>\n\t<meta name=\"twitter:data1\" content=\"mx\" \/>\n\t<meta name=\"twitter:label2\" content=\"Tiempo de lectura\" \/>\n\t<meta name=\"twitter:data2\" content=\"5 minutos\" \/>\n<script type=\"application\/ld+json\" class=\"yoast-schema-graph\">{\"@context\":\"https:\\\/\\\/schema.org\",\"@graph\":[{\"@type\":\"Article\",\"@id\":\"https:\\\/\\\/super-news.info\\\/mx\\\/mercados-caen-por-temor-a-una-guerra-fria-en-tecnologia\\\/#article\",\"isPartOf\":{\"@id\":\"https:\\\/\\\/super-news.info\\\/mx\\\/mercados-caen-por-temor-a-una-guerra-fria-en-tecnologia\\\/\"},\"author\":{\"name\":\"mx\",\"@id\":\"https:\\\/\\\/super-news.info\\\/mx\\\/#\\\/schema\\\/person\\\/74b71ca3d407439fd57da2d9c89449ca\"},\"headline\":\"Mercados caen por temor a una &#039;guerra fr\u00eda&#039; en tecnolog\u00eda\",\"datePublished\":\"2019-05-24T09:53:48+00:00\",\"dateModified\":\"2019-05-24T09:53:49+00:00\",\"mainEntityOfPage\":{\"@id\":\"https:\\\/\\\/super-news.info\\\/mx\\\/mercados-caen-por-temor-a-una-guerra-fria-en-tecnologia\\\/\"},\"wordCount\":917,\"commentCount\":0,\"image\":{\"@id\":\"https:\\\/\\\/super-news.info\\\/mx\\\/mercados-caen-por-temor-a-una-guerra-fria-en-tecnologia\\\/#primaryimage\"},\"thumbnailUrl\":\"https:\\\/\\\/super-news.info\\\/mx\\\/wp-content\\\/uploads\\\/sites\\\/8\\\/2019\\\/05\\\/Mercados-caen-por-temor-a-una-039guerra-fr\u00eda039-en-tecnolog\u00eda.jpeg\",\"articleSection\":[\"NOTICIAS FINANCIERAS\"],\"inLanguage\":\"es\",\"potentialAction\":[{\"@type\":\"CommentAction\",\"name\":\"Comment\",\"target\":[\"https:\\\/\\\/super-news.info\\\/mx\\\/mercados-caen-por-temor-a-una-guerra-fria-en-tecnologia\\\/#respond\"]}]},{\"@type\":\"WebPage\",\"@id\":\"https:\\\/\\\/super-news.info\\\/mx\\\/mercados-caen-por-temor-a-una-guerra-fria-en-tecnologia\\\/\",\"url\":\"https:\\\/\\\/super-news.info\\\/mx\\\/mercados-caen-por-temor-a-una-guerra-fria-en-tecnologia\\\/\",\"name\":\"Mercados caen por temor a una &#039;guerra fr\u00eda&#039; en tecnolog\u00eda - Super News\",\"isPartOf\":{\"@id\":\"https:\\\/\\\/super-news.info\\\/mx\\\/#website\"},\"primaryImageOfPage\":{\"@id\":\"https:\\\/\\\/super-news.info\\\/mx\\\/mercados-caen-por-temor-a-una-guerra-fria-en-tecnologia\\\/#primaryimage\"},\"image\":{\"@id\":\"https:\\\/\\\/super-news.info\\\/mx\\\/mercados-caen-por-temor-a-una-guerra-fria-en-tecnologia\\\/#primaryimage\"},\"thumbnailUrl\":\"https:\\\/\\\/super-news.info\\\/mx\\\/wp-content\\\/uploads\\\/sites\\\/8\\\/2019\\\/05\\\/Mercados-caen-por-temor-a-una-039guerra-fr\u00eda039-en-tecnolog\u00eda.jpeg\",\"datePublished\":\"2019-05-24T09:53:48+00:00\",\"dateModified\":\"2019-05-24T09:53:49+00:00\",\"author\":{\"@id\":\"https:\\\/\\\/super-news.info\\\/mx\\\/#\\\/schema\\\/person\\\/74b71ca3d407439fd57da2d9c89449ca\"},\"breadcrumb\":{\"@id\":\"https:\\\/\\\/super-news.info\\\/mx\\\/mercados-caen-por-temor-a-una-guerra-fria-en-tecnologia\\\/#breadcrumb\"},\"inLanguage\":\"es\",\"potentialAction\":[{\"@type\":\"ReadAction\",\"target\":[\"https:\\\/\\\/super-news.info\\\/mx\\\/mercados-caen-por-temor-a-una-guerra-fria-en-tecnologia\\\/\"]}]},{\"@type\":\"ImageObject\",\"inLanguage\":\"es\",\"@id\":\"https:\\\/\\\/super-news.info\\\/mx\\\/mercados-caen-por-temor-a-una-guerra-fria-en-tecnologia\\\/#primaryimage\",\"url\":\"https:\\\/\\\/super-news.info\\\/mx\\\/wp-content\\\/uploads\\\/sites\\\/8\\\/2019\\\/05\\\/Mercados-caen-por-temor-a-una-039guerra-fr\u00eda039-en-tecnolog\u00eda.jpeg\",\"contentUrl\":\"https:\\\/\\\/super-news.info\\\/mx\\\/wp-content\\\/uploads\\\/sites\\\/8\\\/2019\\\/05\\\/Mercados-caen-por-temor-a-una-039guerra-fr\u00eda039-en-tecnolog\u00eda.jpeg\",\"width\":864,\"height\":1862,\"caption\":\"Mercados caen por temor a una &#039;guerra fr\u00eda&#039; en tecnolog\u00eda\"},{\"@type\":\"BreadcrumbList\",\"@id\":\"https:\\\/\\\/super-news.info\\\/mx\\\/mercados-caen-por-temor-a-una-guerra-fria-en-tecnologia\\\/#breadcrumb\",\"itemListElement\":[{\"@type\":\"ListItem\",\"position\":1,\"name\":\"Home\",\"item\":\"https:\\\/\\\/super-news.info\\\/mx\\\/\"},{\"@type\":\"ListItem\",\"position\":2,\"name\":\"Mercados caen por temor a una &#039;guerra fr\u00eda&#039; en tecnolog\u00eda\"}]},{\"@type\":\"WebSite\",\"@id\":\"https:\\\/\\\/super-news.info\\\/mx\\\/#website\",\"url\":\"https:\\\/\\\/super-news.info\\\/mx\\\/\",\"name\":\"Super News\",\"description\":\"Super News Mexico\",\"potentialAction\":[{\"@type\":\"SearchAction\",\"target\":{\"@type\":\"EntryPoint\",\"urlTemplate\":\"https:\\\/\\\/super-news.info\\\/mx\\\/?s={search_term_string}\"},\"query-input\":{\"@type\":\"PropertyValueSpecification\",\"valueRequired\":true,\"valueName\":\"search_term_string\"}}],\"inLanguage\":\"es\"},{\"@type\":\"Person\",\"@id\":\"https:\\\/\\\/super-news.info\\\/mx\\\/#\\\/schema\\\/person\\\/74b71ca3d407439fd57da2d9c89449ca\",\"name\":\"mx\",\"image\":{\"@type\":\"ImageObject\",\"inLanguage\":\"es\",\"@id\":\"https:\\\/\\\/secure.gravatar.com\\\/avatar\\\/6374ac65ff69c362a0ae1303d73d69dcd9bd198d62d9861f054a69aaf82c017b?s=96&d=mm&r=g\",\"url\":\"https:\\\/\\\/secure.gravatar.com\\\/avatar\\\/6374ac65ff69c362a0ae1303d73d69dcd9bd198d62d9861f054a69aaf82c017b?s=96&d=mm&r=g\",\"contentUrl\":\"https:\\\/\\\/secure.gravatar.com\\\/avatar\\\/6374ac65ff69c362a0ae1303d73d69dcd9bd198d62d9861f054a69aaf82c017b?s=96&d=mm&r=g\",\"caption\":\"mx\"},\"url\":\"https:\\\/\\\/super-news.info\\\/mx\\\/author\\\/mx\\\/\"}]}<\/script>\n<!-- \/ Yoast SEO plugin. -->","yoast_head_json":{"title":"Mercados caen por temor a una &#039;guerra fr\u00eda&#039; en tecnolog\u00eda - Super News","robots":{"index":"index","follow":"follow","max-snippet":"max-snippet:-1","max-image-preview":"max-image-preview:large","max-video-preview":"max-video-preview:-1"},"canonical":"https:\/\/super-news.info\/mx\/mercados-caen-por-temor-a-una-guerra-fria-en-tecnologia\/","og_locale":"es_MX","og_type":"article","og_title":"Mercados caen por temor a una &#039;guerra fr\u00eda&#039; en tecnolog\u00eda - Super News","og_description":"[ad_1] Los mercados financieros extendieron su racha negativa, ante mayores tensiones en el conflicto comercial entre Estados Unidos y China, que apunta a una \u2018guerra fr\u00eda\u2019 tecnol\u00f3gica. A esto se sumaron datos decepcionantes de la manufactura en Asia y Europa, que estar\u00edan validando el impacto de los conflictos comerciales a nivel global. Ante esta coyuntura [&hellip;]","og_url":"https:\/\/super-news.info\/mx\/mercados-caen-por-temor-a-una-guerra-fria-en-tecnologia\/","og_site_name":"Super News","article_published_time":"2019-05-24T09:53:48+00:00","article_modified_time":"2019-05-24T09:53:49+00:00","og_image":[{"width":864,"height":1862,"url":"https:\/\/super-news.info\/mx\/wp-content\/uploads\/sites\/8\/2019\/05\/Mercados-caen-por-temor-a-una-039guerra-fr\u00eda039-en-tecnolog\u00eda.jpeg","type":"image\/jpeg"}],"author":"mx","twitter_card":"summary_large_image","twitter_misc":{"Escrito por":"mx","Tiempo de lectura":"5 minutos"},"schema":{"@context":"https:\/\/schema.org","@graph":[{"@type":"Article","@id":"https:\/\/super-news.info\/mx\/mercados-caen-por-temor-a-una-guerra-fria-en-tecnologia\/#article","isPartOf":{"@id":"https:\/\/super-news.info\/mx\/mercados-caen-por-temor-a-una-guerra-fria-en-tecnologia\/"},"author":{"name":"mx","@id":"https:\/\/super-news.info\/mx\/#\/schema\/person\/74b71ca3d407439fd57da2d9c89449ca"},"headline":"Mercados caen por temor a una &#039;guerra fr\u00eda&#039; en tecnolog\u00eda","datePublished":"2019-05-24T09:53:48+00:00","dateModified":"2019-05-24T09:53:49+00:00","mainEntityOfPage":{"@id":"https:\/\/super-news.info\/mx\/mercados-caen-por-temor-a-una-guerra-fria-en-tecnologia\/"},"wordCount":917,"commentCount":0,"image":{"@id":"https:\/\/super-news.info\/mx\/mercados-caen-por-temor-a-una-guerra-fria-en-tecnologia\/#primaryimage"},"thumbnailUrl":"https:\/\/super-news.info\/mx\/wp-content\/uploads\/sites\/8\/2019\/05\/Mercados-caen-por-temor-a-una-039guerra-fr\u00eda039-en-tecnolog\u00eda.jpeg","articleSection":["NOTICIAS FINANCIERAS"],"inLanguage":"es","potentialAction":[{"@type":"CommentAction","name":"Comment","target":["https:\/\/super-news.info\/mx\/mercados-caen-por-temor-a-una-guerra-fria-en-tecnologia\/#respond"]}]},{"@type":"WebPage","@id":"https:\/\/super-news.info\/mx\/mercados-caen-por-temor-a-una-guerra-fria-en-tecnologia\/","url":"https:\/\/super-news.info\/mx\/mercados-caen-por-temor-a-una-guerra-fria-en-tecnologia\/","name":"Mercados caen por temor a una &#039;guerra fr\u00eda&#039; en tecnolog\u00eda - Super News","isPartOf":{"@id":"https:\/\/super-news.info\/mx\/#website"},"primaryImageOfPage":{"@id":"https:\/\/super-news.info\/mx\/mercados-caen-por-temor-a-una-guerra-fria-en-tecnologia\/#primaryimage"},"image":{"@id":"https:\/\/super-news.info\/mx\/mercados-caen-por-temor-a-una-guerra-fria-en-tecnologia\/#primaryimage"},"thumbnailUrl":"https:\/\/super-news.info\/mx\/wp-content\/uploads\/sites\/8\/2019\/05\/Mercados-caen-por-temor-a-una-039guerra-fr\u00eda039-en-tecnolog\u00eda.jpeg","datePublished":"2019-05-24T09:53:48+00:00","dateModified":"2019-05-24T09:53:49+00:00","author":{"@id":"https:\/\/super-news.info\/mx\/#\/schema\/person\/74b71ca3d407439fd57da2d9c89449ca"},"breadcrumb":{"@id":"https:\/\/super-news.info\/mx\/mercados-caen-por-temor-a-una-guerra-fria-en-tecnologia\/#breadcrumb"},"inLanguage":"es","potentialAction":[{"@type":"ReadAction","target":["https:\/\/super-news.info\/mx\/mercados-caen-por-temor-a-una-guerra-fria-en-tecnologia\/"]}]},{"@type":"ImageObject","inLanguage":"es","@id":"https:\/\/super-news.info\/mx\/mercados-caen-por-temor-a-una-guerra-fria-en-tecnologia\/#primaryimage","url":"https:\/\/super-news.info\/mx\/wp-content\/uploads\/sites\/8\/2019\/05\/Mercados-caen-por-temor-a-una-039guerra-fr\u00eda039-en-tecnolog\u00eda.jpeg","contentUrl":"https:\/\/super-news.info\/mx\/wp-content\/uploads\/sites\/8\/2019\/05\/Mercados-caen-por-temor-a-una-039guerra-fr\u00eda039-en-tecnolog\u00eda.jpeg","width":864,"height":1862,"caption":"Mercados caen por temor a una &#039;guerra fr\u00eda&#039; en tecnolog\u00eda"},{"@type":"BreadcrumbList","@id":"https:\/\/super-news.info\/mx\/mercados-caen-por-temor-a-una-guerra-fria-en-tecnologia\/#breadcrumb","itemListElement":[{"@type":"ListItem","position":1,"name":"Home","item":"https:\/\/super-news.info\/mx\/"},{"@type":"ListItem","position":2,"name":"Mercados caen por temor a una &#039;guerra fr\u00eda&#039; en tecnolog\u00eda"}]},{"@type":"WebSite","@id":"https:\/\/super-news.info\/mx\/#website","url":"https:\/\/super-news.info\/mx\/","name":"Super News","description":"Super News Mexico","potentialAction":[{"@type":"SearchAction","target":{"@type":"EntryPoint","urlTemplate":"https:\/\/super-news.info\/mx\/?s={search_term_string}"},"query-input":{"@type":"PropertyValueSpecification","valueRequired":true,"valueName":"search_term_string"}}],"inLanguage":"es"},{"@type":"Person","@id":"https:\/\/super-news.info\/mx\/#\/schema\/person\/74b71ca3d407439fd57da2d9c89449ca","name":"mx","image":{"@type":"ImageObject","inLanguage":"es","@id":"https:\/\/secure.gravatar.com\/avatar\/6374ac65ff69c362a0ae1303d73d69dcd9bd198d62d9861f054a69aaf82c017b?s=96&d=mm&r=g","url":"https:\/\/secure.gravatar.com\/avatar\/6374ac65ff69c362a0ae1303d73d69dcd9bd198d62d9861f054a69aaf82c017b?s=96&d=mm&r=g","contentUrl":"https:\/\/secure.gravatar.com\/avatar\/6374ac65ff69c362a0ae1303d73d69dcd9bd198d62d9861f054a69aaf82c017b?s=96&d=mm&r=g","caption":"mx"},"url":"https:\/\/super-news.info\/mx\/author\/mx\/"}]}},"_links":{"self":[{"href":"https:\/\/super-news.info\/mx\/wp-json\/wp\/v2\/posts\/778","targetHints":{"allow":["GET"]}}],"collection":[{"href":"https:\/\/super-news.info\/mx\/wp-json\/wp\/v2\/posts"}],"about":[{"href":"https:\/\/super-news.info\/mx\/wp-json\/wp\/v2\/types\/post"}],"author":[{"embeddable":true,"href":"https:\/\/super-news.info\/mx\/wp-json\/wp\/v2\/users\/3"}],"replies":[{"embeddable":true,"href":"https:\/\/super-news.info\/mx\/wp-json\/wp\/v2\/comments?post=778"}],"version-history":[{"count":1,"href":"https:\/\/super-news.info\/mx\/wp-json\/wp\/v2\/posts\/778\/revisions"}],"predecessor-version":[{"id":780,"href":"https:\/\/super-news.info\/mx\/wp-json\/wp\/v2\/posts\/778\/revisions\/780"}],"wp:featuredmedia":[{"embeddable":true,"href":"https:\/\/super-news.info\/mx\/wp-json\/wp\/v2\/media\/779"}],"wp:attachment":[{"href":"https:\/\/super-news.info\/mx\/wp-json\/wp\/v2\/media?parent=778"}],"wp:term":[{"taxonomy":"category","embeddable":true,"href":"https:\/\/super-news.info\/mx\/wp-json\/wp\/v2\/categories?post=778"},{"taxonomy":"post_tag","embeddable":true,"href":"https:\/\/super-news.info\/mx\/wp-json\/wp\/v2\/tags?post=778"}],"curies":[{"name":"wp","href":"https:\/\/api.w.org\/{rel}","templated":true}]}}