{"id":65,"date":"2019-04-18T10:55:45","date_gmt":"2019-04-18T10:55:45","guid":{"rendered":"https:\/\/super-news.info\/mx\/fuego-en-los-petenes-consumio-500-hectareas-pero-manglar-se-salva\/"},"modified":"2019-04-18T10:55:46","modified_gmt":"2019-04-18T10:55:46","slug":"fuego-en-los-petenes-consumio-500-hectareas-pero-manglar-se-salva","status":"publish","type":"post","link":"https:\/\/super-news.info\/mx\/fuego-en-los-petenes-consumio-500-hectareas-pero-manglar-se-salva\/","title":{"rendered":"Fuego en Los Petenes consumi\u00f3 500 hect\u00e1reas, pero manglar se salva"},"content":{"rendered":"<p> [ad_1]<br \/>\n<\/p>\n<p class=\"paragraph\" data-count=\"154\" data-wrap=\"27\">El incendio que arras\u00f3 el \u00e1rea cercana a la bi\u00f3sfera de Los Petenes en Campeche, consumi\u00f3 500 hect\u00e1reas, pero no afect\u00f3 seriamente a la zona de manglares.<\/p>\n<p class=\"paragraph\" data-count=\"275\" data-wrap=\"46\">Seg\u00fan C\u00e9sar Uriel Romero Herrera, director del programa Reserva de Bi\u00f3sfera de<strong> Los Petenes de la Comisi\u00f3n Nacional de \u00c1reas Naturales Protegidas (Conanp)<\/strong>, los da\u00f1os al manglar se limitaron a hojas y ramas, ya que los humedales costeros y el lodo impidieron el paso del fuego.<\/p>\n<p class=\"paragraph\" data-count=\"158\" data-wrap=\"30\">Romero Herrera, dijo que lo que el fuego afect\u00f3 se limit\u00f3 a plantas y pastizal que se encontraba en terreno secos, pero no destruy\u00f3 ni un solo \u00e1rbol o planta.<\/p>\n<div class=\"image__block -side\">\n<figure><\/figure>\n<p><span class=\"element__footer\">C\u00e9sar Uriel Romero Herrera, director del programa Reserva de Bi\u00f3sfera de Los Petenes de la Conanp.<\/span><span class=\"element__credit\">Lourdes Alonzo<\/span><\/div>\n<p class=\"paragraph\" data-count=\"366\" data-wrap=\"58\">Entrevistado en los terrenos cercanos donde ocurri\u00f3 el incendio, el director dijo que los siniestros que se presentan en la regi\u00f3n han devastado miles de hect\u00e1reas en el pa\u00eds son causadas por irresponsabilidad de personas vinculadas con actividades agropecuarias, pero sobre todo al clima extremo que se padece, lo que ha causado una extensa sequ\u00eda a nivel nacional.<\/p>\n<p class=\"paragraph\" data-count=\"364\" data-wrap=\"61\">Explic\u00f3 que los climas extremos como lluvias y vientos fuertes, ciclones y frentes fr\u00edos, ocasionan la ca\u00edda de los \u00e1rboles en los campos mexicanos y <strong>Campeche<\/strong> no es la excepci\u00f3n y al presentarse sequ\u00edas como la que ahora se padece en M\u00e9xico, todos esos \u00e1rboles se convierten en combustible, \u201cun verdadero barril de p\u00f3lvora\u201d que espera su tiempo para prender fuego.<\/p>\n<p class=\"paragraph\" data-count=\"199\" data-wrap=\"35\">Y si a eso aunamos que los<strong> productores agropecuarios <\/strong>no cumplen con las normas al realizar sus llamadas quemas, el fuego crece, se extiende y causa como ya vimos, da\u00f1os severos a los campos, subray\u00f3.<\/p>\n<p class=\"paragraph\" data-count=\"185\" data-wrap=\"32\">&#8220;No se les puede impedir a los campesinos hacer fuego, porque el fuego es una herramienta que los ayuda en sus actividades, pero si se les deber\u00eda exigir hacerlo de manera responsable&#8221;.<\/p>\n<p>[ad_2]<br \/>\n<br \/><a href=\"https:\/\/www.elfinanciero.com.mx\/rss\/peninsula\/fuego-en-los-petenes-consumio-500-hectareas-pero-manglar-se-salva\">Source link <\/a><\/p>\n","protected":false},"excerpt":{"rendered":"<p>[ad_1] El incendio que arras\u00f3 el \u00e1rea cercana a la bi\u00f3sfera de Los Petenes en Campeche, consumi\u00f3 500 hect\u00e1reas, pero no afect\u00f3 seriamente a la zona de manglares. Seg\u00fan C\u00e9sar Uriel Romero Herrera, director del programa Reserva de Bi\u00f3sfera de Los Petenes de la Comisi\u00f3n Nacional de \u00c1reas Naturales Protegidas (Conanp), los da\u00f1os al manglar [&hellip;]<\/p>\n","protected":false},"author":3,"featured_media":66,"comment_status":"open","ping_status":"open","sticky":false,"template":"","format":"standard","meta":{"footnotes":""},"categories":[1],"tags":[],"class_list":["post-65","post","type-post","status-publish","format-standard","has-post-thumbnail","hentry","category-noticias-financieras"],"yoast_head":"<!-- This site is optimized with the Yoast SEO plugin v27.4 - https:\/\/yoast.com\/product\/yoast-seo-wordpress\/ -->\n<title>Fuego en Los Petenes consumi\u00f3 500 hect\u00e1reas, pero manglar se salva - Super News<\/title>\n<meta name=\"robots\" content=\"index, follow, max-snippet:-1, max-image-preview:large, max-video-preview:-1\" \/>\n<link rel=\"canonical\" href=\"https:\/\/super-news.info\/mx\/fuego-en-los-petenes-consumio-500-hectareas-pero-manglar-se-salva\/\" \/>\n<meta property=\"og:locale\" content=\"es_MX\" \/>\n<meta property=\"og:type\" content=\"article\" \/>\n<meta property=\"og:title\" content=\"Fuego en Los Petenes consumi\u00f3 500 hect\u00e1reas, pero manglar se salva - Super News\" \/>\n<meta property=\"og:description\" content=\"[ad_1] El incendio que arras\u00f3 el \u00e1rea cercana a la bi\u00f3sfera de Los Petenes en Campeche, consumi\u00f3 500 hect\u00e1reas, pero no afect\u00f3 seriamente a la zona de manglares. Seg\u00fan C\u00e9sar Uriel Romero Herrera, director del programa Reserva de Bi\u00f3sfera de Los Petenes de la Comisi\u00f3n Nacional de \u00c1reas Naturales Protegidas (Conanp), los da\u00f1os al manglar [&hellip;]\" \/>\n<meta property=\"og:url\" content=\"https:\/\/super-news.info\/mx\/fuego-en-los-petenes-consumio-500-hectareas-pero-manglar-se-salva\/\" \/>\n<meta property=\"og:site_name\" content=\"Super News\" \/>\n<meta property=\"article:published_time\" content=\"2019-04-18T10:55:45+00:00\" \/>\n<meta property=\"article:modified_time\" content=\"2019-04-18T10:55:46+00:00\" \/>\n<meta property=\"og:image\" content=\"https:\/\/super-news.info\/mx\/wp-content\/uploads\/sites\/8\/2019\/04\/Fuego-en-Los-Petenes-consumi\u00f3-500-hect\u00e1reas-pero-manglar-se.jpeg\" \/>\n\t<meta property=\"og:image:width\" content=\"949\" \/>\n\t<meta property=\"og:image:height\" content=\"534\" \/>\n\t<meta property=\"og:image:type\" content=\"image\/jpeg\" \/>\n<meta name=\"author\" content=\"mx\" \/>\n<meta name=\"twitter:card\" content=\"summary_large_image\" \/>\n<meta name=\"twitter:label1\" content=\"Escrito por\" \/>\n\t<meta name=\"twitter:data1\" content=\"mx\" \/>\n\t<meta name=\"twitter:label2\" content=\"Tiempo de lectura\" \/>\n\t<meta name=\"twitter:data2\" content=\"2 minutos\" \/>\n<script type=\"application\/ld+json\" class=\"yoast-schema-graph\">{\"@context\":\"https:\\\/\\\/schema.org\",\"@graph\":[{\"@type\":\"Article\",\"@id\":\"https:\\\/\\\/super-news.info\\\/mx\\\/fuego-en-los-petenes-consumio-500-hectareas-pero-manglar-se-salva\\\/#article\",\"isPartOf\":{\"@id\":\"https:\\\/\\\/super-news.info\\\/mx\\\/fuego-en-los-petenes-consumio-500-hectareas-pero-manglar-se-salva\\\/\"},\"author\":{\"name\":\"mx\",\"@id\":\"https:\\\/\\\/super-news.info\\\/mx\\\/#\\\/schema\\\/person\\\/74b71ca3d407439fd57da2d9c89449ca\"},\"headline\":\"Fuego en Los Petenes consumi\u00f3 500 hect\u00e1reas, pero manglar se salva\",\"datePublished\":\"2019-04-18T10:55:45+00:00\",\"dateModified\":\"2019-04-18T10:55:46+00:00\",\"mainEntityOfPage\":{\"@id\":\"https:\\\/\\\/super-news.info\\\/mx\\\/fuego-en-los-petenes-consumio-500-hectareas-pero-manglar-se-salva\\\/\"},\"wordCount\":342,\"commentCount\":0,\"image\":{\"@id\":\"https:\\\/\\\/super-news.info\\\/mx\\\/fuego-en-los-petenes-consumio-500-hectareas-pero-manglar-se-salva\\\/#primaryimage\"},\"thumbnailUrl\":\"https:\\\/\\\/super-news.info\\\/mx\\\/wp-content\\\/uploads\\\/sites\\\/8\\\/2019\\\/04\\\/Fuego-en-Los-Petenes-consumi\u00f3-500-hect\u00e1reas-pero-manglar-se.jpeg\",\"articleSection\":[\"NOTICIAS FINANCIERAS\"],\"inLanguage\":\"es\",\"potentialAction\":[{\"@type\":\"CommentAction\",\"name\":\"Comment\",\"target\":[\"https:\\\/\\\/super-news.info\\\/mx\\\/fuego-en-los-petenes-consumio-500-hectareas-pero-manglar-se-salva\\\/#respond\"]}]},{\"@type\":\"WebPage\",\"@id\":\"https:\\\/\\\/super-news.info\\\/mx\\\/fuego-en-los-petenes-consumio-500-hectareas-pero-manglar-se-salva\\\/\",\"url\":\"https:\\\/\\\/super-news.info\\\/mx\\\/fuego-en-los-petenes-consumio-500-hectareas-pero-manglar-se-salva\\\/\",\"name\":\"Fuego en Los Petenes consumi\u00f3 500 hect\u00e1reas, pero manglar se salva - Super News\",\"isPartOf\":{\"@id\":\"https:\\\/\\\/super-news.info\\\/mx\\\/#website\"},\"primaryImageOfPage\":{\"@id\":\"https:\\\/\\\/super-news.info\\\/mx\\\/fuego-en-los-petenes-consumio-500-hectareas-pero-manglar-se-salva\\\/#primaryimage\"},\"image\":{\"@id\":\"https:\\\/\\\/super-news.info\\\/mx\\\/fuego-en-los-petenes-consumio-500-hectareas-pero-manglar-se-salva\\\/#primaryimage\"},\"thumbnailUrl\":\"https:\\\/\\\/super-news.info\\\/mx\\\/wp-content\\\/uploads\\\/sites\\\/8\\\/2019\\\/04\\\/Fuego-en-Los-Petenes-consumi\u00f3-500-hect\u00e1reas-pero-manglar-se.jpeg\",\"datePublished\":\"2019-04-18T10:55:45+00:00\",\"dateModified\":\"2019-04-18T10:55:46+00:00\",\"author\":{\"@id\":\"https:\\\/\\\/super-news.info\\\/mx\\\/#\\\/schema\\\/person\\\/74b71ca3d407439fd57da2d9c89449ca\"},\"breadcrumb\":{\"@id\":\"https:\\\/\\\/super-news.info\\\/mx\\\/fuego-en-los-petenes-consumio-500-hectareas-pero-manglar-se-salva\\\/#breadcrumb\"},\"inLanguage\":\"es\",\"potentialAction\":[{\"@type\":\"ReadAction\",\"target\":[\"https:\\\/\\\/super-news.info\\\/mx\\\/fuego-en-los-petenes-consumio-500-hectareas-pero-manglar-se-salva\\\/\"]}]},{\"@type\":\"ImageObject\",\"inLanguage\":\"es\",\"@id\":\"https:\\\/\\\/super-news.info\\\/mx\\\/fuego-en-los-petenes-consumio-500-hectareas-pero-manglar-se-salva\\\/#primaryimage\",\"url\":\"https:\\\/\\\/super-news.info\\\/mx\\\/wp-content\\\/uploads\\\/sites\\\/8\\\/2019\\\/04\\\/Fuego-en-Los-Petenes-consumi\u00f3-500-hect\u00e1reas-pero-manglar-se.jpeg\",\"contentUrl\":\"https:\\\/\\\/super-news.info\\\/mx\\\/wp-content\\\/uploads\\\/sites\\\/8\\\/2019\\\/04\\\/Fuego-en-Los-Petenes-consumi\u00f3-500-hect\u00e1reas-pero-manglar-se.jpeg\",\"width\":949,\"height\":534,\"caption\":\"C\u00e9sar Uriel Romero Herrera, director del programa Reserva de Bi\u00f3sfera de Los Petenes de la Conanp.\"},{\"@type\":\"BreadcrumbList\",\"@id\":\"https:\\\/\\\/super-news.info\\\/mx\\\/fuego-en-los-petenes-consumio-500-hectareas-pero-manglar-se-salva\\\/#breadcrumb\",\"itemListElement\":[{\"@type\":\"ListItem\",\"position\":1,\"name\":\"Home\",\"item\":\"https:\\\/\\\/super-news.info\\\/mx\\\/\"},{\"@type\":\"ListItem\",\"position\":2,\"name\":\"Fuego en Los Petenes consumi\u00f3 500 hect\u00e1reas, pero manglar se salva\"}]},{\"@type\":\"WebSite\",\"@id\":\"https:\\\/\\\/super-news.info\\\/mx\\\/#website\",\"url\":\"https:\\\/\\\/super-news.info\\\/mx\\\/\",\"name\":\"Super News\",\"description\":\"Super News Mexico\",\"potentialAction\":[{\"@type\":\"SearchAction\",\"target\":{\"@type\":\"EntryPoint\",\"urlTemplate\":\"https:\\\/\\\/super-news.info\\\/mx\\\/?s={search_term_string}\"},\"query-input\":{\"@type\":\"PropertyValueSpecification\",\"valueRequired\":true,\"valueName\":\"search_term_string\"}}],\"inLanguage\":\"es\"},{\"@type\":\"Person\",\"@id\":\"https:\\\/\\\/super-news.info\\\/mx\\\/#\\\/schema\\\/person\\\/74b71ca3d407439fd57da2d9c89449ca\",\"name\":\"mx\",\"image\":{\"@type\":\"ImageObject\",\"inLanguage\":\"es\",\"@id\":\"https:\\\/\\\/secure.gravatar.com\\\/avatar\\\/6374ac65ff69c362a0ae1303d73d69dcd9bd198d62d9861f054a69aaf82c017b?s=96&d=mm&r=g\",\"url\":\"https:\\\/\\\/secure.gravatar.com\\\/avatar\\\/6374ac65ff69c362a0ae1303d73d69dcd9bd198d62d9861f054a69aaf82c017b?s=96&d=mm&r=g\",\"contentUrl\":\"https:\\\/\\\/secure.gravatar.com\\\/avatar\\\/6374ac65ff69c362a0ae1303d73d69dcd9bd198d62d9861f054a69aaf82c017b?s=96&d=mm&r=g\",\"caption\":\"mx\"},\"url\":\"https:\\\/\\\/super-news.info\\\/mx\\\/author\\\/mx\\\/\"}]}<\/script>\n<!-- \/ Yoast SEO plugin. -->","yoast_head_json":{"title":"Fuego en Los Petenes consumi\u00f3 500 hect\u00e1reas, pero manglar se salva - Super News","robots":{"index":"index","follow":"follow","max-snippet":"max-snippet:-1","max-image-preview":"max-image-preview:large","max-video-preview":"max-video-preview:-1"},"canonical":"https:\/\/super-news.info\/mx\/fuego-en-los-petenes-consumio-500-hectareas-pero-manglar-se-salva\/","og_locale":"es_MX","og_type":"article","og_title":"Fuego en Los Petenes consumi\u00f3 500 hect\u00e1reas, pero manglar se salva - Super News","og_description":"[ad_1] El incendio que arras\u00f3 el \u00e1rea cercana a la bi\u00f3sfera de Los Petenes en Campeche, consumi\u00f3 500 hect\u00e1reas, pero no afect\u00f3 seriamente a la zona de manglares. Seg\u00fan C\u00e9sar Uriel Romero Herrera, director del programa Reserva de Bi\u00f3sfera de Los Petenes de la Comisi\u00f3n Nacional de \u00c1reas Naturales Protegidas (Conanp), los da\u00f1os al manglar [&hellip;]","og_url":"https:\/\/super-news.info\/mx\/fuego-en-los-petenes-consumio-500-hectareas-pero-manglar-se-salva\/","og_site_name":"Super News","article_published_time":"2019-04-18T10:55:45+00:00","article_modified_time":"2019-04-18T10:55:46+00:00","og_image":[{"width":949,"height":534,"url":"https:\/\/super-news.info\/mx\/wp-content\/uploads\/sites\/8\/2019\/04\/Fuego-en-Los-Petenes-consumi\u00f3-500-hect\u00e1reas-pero-manglar-se.jpeg","type":"image\/jpeg"}],"author":"mx","twitter_card":"summary_large_image","twitter_misc":{"Escrito por":"mx","Tiempo de lectura":"2 minutos"},"schema":{"@context":"https:\/\/schema.org","@graph":[{"@type":"Article","@id":"https:\/\/super-news.info\/mx\/fuego-en-los-petenes-consumio-500-hectareas-pero-manglar-se-salva\/#article","isPartOf":{"@id":"https:\/\/super-news.info\/mx\/fuego-en-los-petenes-consumio-500-hectareas-pero-manglar-se-salva\/"},"author":{"name":"mx","@id":"https:\/\/super-news.info\/mx\/#\/schema\/person\/74b71ca3d407439fd57da2d9c89449ca"},"headline":"Fuego en Los Petenes consumi\u00f3 500 hect\u00e1reas, pero manglar se salva","datePublished":"2019-04-18T10:55:45+00:00","dateModified":"2019-04-18T10:55:46+00:00","mainEntityOfPage":{"@id":"https:\/\/super-news.info\/mx\/fuego-en-los-petenes-consumio-500-hectareas-pero-manglar-se-salva\/"},"wordCount":342,"commentCount":0,"image":{"@id":"https:\/\/super-news.info\/mx\/fuego-en-los-petenes-consumio-500-hectareas-pero-manglar-se-salva\/#primaryimage"},"thumbnailUrl":"https:\/\/super-news.info\/mx\/wp-content\/uploads\/sites\/8\/2019\/04\/Fuego-en-Los-Petenes-consumi\u00f3-500-hect\u00e1reas-pero-manglar-se.jpeg","articleSection":["NOTICIAS FINANCIERAS"],"inLanguage":"es","potentialAction":[{"@type":"CommentAction","name":"Comment","target":["https:\/\/super-news.info\/mx\/fuego-en-los-petenes-consumio-500-hectareas-pero-manglar-se-salva\/#respond"]}]},{"@type":"WebPage","@id":"https:\/\/super-news.info\/mx\/fuego-en-los-petenes-consumio-500-hectareas-pero-manglar-se-salva\/","url":"https:\/\/super-news.info\/mx\/fuego-en-los-petenes-consumio-500-hectareas-pero-manglar-se-salva\/","name":"Fuego en Los Petenes consumi\u00f3 500 hect\u00e1reas, pero manglar se salva - Super News","isPartOf":{"@id":"https:\/\/super-news.info\/mx\/#website"},"primaryImageOfPage":{"@id":"https:\/\/super-news.info\/mx\/fuego-en-los-petenes-consumio-500-hectareas-pero-manglar-se-salva\/#primaryimage"},"image":{"@id":"https:\/\/super-news.info\/mx\/fuego-en-los-petenes-consumio-500-hectareas-pero-manglar-se-salva\/#primaryimage"},"thumbnailUrl":"https:\/\/super-news.info\/mx\/wp-content\/uploads\/sites\/8\/2019\/04\/Fuego-en-Los-Petenes-consumi\u00f3-500-hect\u00e1reas-pero-manglar-se.jpeg","datePublished":"2019-04-18T10:55:45+00:00","dateModified":"2019-04-18T10:55:46+00:00","author":{"@id":"https:\/\/super-news.info\/mx\/#\/schema\/person\/74b71ca3d407439fd57da2d9c89449ca"},"breadcrumb":{"@id":"https:\/\/super-news.info\/mx\/fuego-en-los-petenes-consumio-500-hectareas-pero-manglar-se-salva\/#breadcrumb"},"inLanguage":"es","potentialAction":[{"@type":"ReadAction","target":["https:\/\/super-news.info\/mx\/fuego-en-los-petenes-consumio-500-hectareas-pero-manglar-se-salva\/"]}]},{"@type":"ImageObject","inLanguage":"es","@id":"https:\/\/super-news.info\/mx\/fuego-en-los-petenes-consumio-500-hectareas-pero-manglar-se-salva\/#primaryimage","url":"https:\/\/super-news.info\/mx\/wp-content\/uploads\/sites\/8\/2019\/04\/Fuego-en-Los-Petenes-consumi\u00f3-500-hect\u00e1reas-pero-manglar-se.jpeg","contentUrl":"https:\/\/super-news.info\/mx\/wp-content\/uploads\/sites\/8\/2019\/04\/Fuego-en-Los-Petenes-consumi\u00f3-500-hect\u00e1reas-pero-manglar-se.jpeg","width":949,"height":534,"caption":"C\u00e9sar Uriel Romero Herrera, director del programa Reserva de Bi\u00f3sfera de Los Petenes de la Conanp."},{"@type":"BreadcrumbList","@id":"https:\/\/super-news.info\/mx\/fuego-en-los-petenes-consumio-500-hectareas-pero-manglar-se-salva\/#breadcrumb","itemListElement":[{"@type":"ListItem","position":1,"name":"Home","item":"https:\/\/super-news.info\/mx\/"},{"@type":"ListItem","position":2,"name":"Fuego en Los Petenes consumi\u00f3 500 hect\u00e1reas, pero manglar se salva"}]},{"@type":"WebSite","@id":"https:\/\/super-news.info\/mx\/#website","url":"https:\/\/super-news.info\/mx\/","name":"Super News","description":"Super News Mexico","potentialAction":[{"@type":"SearchAction","target":{"@type":"EntryPoint","urlTemplate":"https:\/\/super-news.info\/mx\/?s={search_term_string}"},"query-input":{"@type":"PropertyValueSpecification","valueRequired":true,"valueName":"search_term_string"}}],"inLanguage":"es"},{"@type":"Person","@id":"https:\/\/super-news.info\/mx\/#\/schema\/person\/74b71ca3d407439fd57da2d9c89449ca","name":"mx","image":{"@type":"ImageObject","inLanguage":"es","@id":"https:\/\/secure.gravatar.com\/avatar\/6374ac65ff69c362a0ae1303d73d69dcd9bd198d62d9861f054a69aaf82c017b?s=96&d=mm&r=g","url":"https:\/\/secure.gravatar.com\/avatar\/6374ac65ff69c362a0ae1303d73d69dcd9bd198d62d9861f054a69aaf82c017b?s=96&d=mm&r=g","contentUrl":"https:\/\/secure.gravatar.com\/avatar\/6374ac65ff69c362a0ae1303d73d69dcd9bd198d62d9861f054a69aaf82c017b?s=96&d=mm&r=g","caption":"mx"},"url":"https:\/\/super-news.info\/mx\/author\/mx\/"}]}},"_links":{"self":[{"href":"https:\/\/super-news.info\/mx\/wp-json\/wp\/v2\/posts\/65","targetHints":{"allow":["GET"]}}],"collection":[{"href":"https:\/\/super-news.info\/mx\/wp-json\/wp\/v2\/posts"}],"about":[{"href":"https:\/\/super-news.info\/mx\/wp-json\/wp\/v2\/types\/post"}],"author":[{"embeddable":true,"href":"https:\/\/super-news.info\/mx\/wp-json\/wp\/v2\/users\/3"}],"replies":[{"embeddable":true,"href":"https:\/\/super-news.info\/mx\/wp-json\/wp\/v2\/comments?post=65"}],"version-history":[{"count":1,"href":"https:\/\/super-news.info\/mx\/wp-json\/wp\/v2\/posts\/65\/revisions"}],"predecessor-version":[{"id":67,"href":"https:\/\/super-news.info\/mx\/wp-json\/wp\/v2\/posts\/65\/revisions\/67"}],"wp:featuredmedia":[{"embeddable":true,"href":"https:\/\/super-news.info\/mx\/wp-json\/wp\/v2\/media\/66"}],"wp:attachment":[{"href":"https:\/\/super-news.info\/mx\/wp-json\/wp\/v2\/media?parent=65"}],"wp:term":[{"taxonomy":"category","embeddable":true,"href":"https:\/\/super-news.info\/mx\/wp-json\/wp\/v2\/categories?post=65"},{"taxonomy":"post_tag","embeddable":true,"href":"https:\/\/super-news.info\/mx\/wp-json\/wp\/v2\/tags?post=65"}],"curies":[{"name":"wp","href":"https:\/\/api.w.org\/{rel}","templated":true}]}}