{"id":50,"date":"2019-04-18T02:06:08","date_gmt":"2019-04-18T02:06:08","guid":{"rendered":"https:\/\/super-news.info\/mx\/aire-limpio-una-motivacion\/"},"modified":"2019-04-18T02:06:09","modified_gmt":"2019-04-18T02:06:09","slug":"aire-limpio-una-motivacion","status":"publish","type":"post","link":"https:\/\/super-news.info\/mx\/aire-limpio-una-motivacion\/","title":{"rendered":"Aire Limpio: Una Motivaci\u00f3n"},"content":{"rendered":"<p> [ad_1]<br \/>\n<\/p>\n<div class=\"image__block -side\">\n<figure><\/figure>\n<p><span class=\"element__footer\">Roberto Villarreal<\/span><span class=\"element__credit\">Fuente: Cortes\u00eda<\/span><\/div>\n<p class=\"paragraph\" data-count=\"351\" data-wrap=\"57\">Estimados lectores, algo que me encanta de nuestra ciudad son las monta\u00f1as. Disfruto mucho al despertar; ver a trav\u00e9s de mi ventana y contemplar la majestuosidad de la Sierra Madre, El Cerro de la Silla y dem\u00e1s cumbres verdes. En ocasiones, por <strong>condiciones climatol\u00f3gicas <\/strong>o contaminaci\u00f3n, estas bellezas de la naturaleza no se pueden ver con claridad.<\/p>\n<p class=\"paragraph\" data-count=\"204\" data-wrap=\"35\">La mala calidad del aire es un problema en la zona metropolitana de Monterrey; se activan las alertas ambientales y las part\u00edculas en la atm\u00f3sfera nos alejan de un respiro saludable y una vista agradable.<\/p>\n<p class=\"paragraph\" data-count=\"483\" data-wrap=\"70\">Se requiere disminuir la generaci\u00f3n de contaminaci\u00f3n. En d\u00edas recientes, la autoridad estatal -encargada del medio ambiente- exhort\u00f3 a la ciudadan\u00eda \u201cevitar actividades al aire libre\u201d &#8211; en especial a menores, adultos mayores y personas con padecimientos bronco-respiratorios y cardiovasculares -; por la mala calidad del aire. Pueden revisar a detalle las recomendaciones y riesgos en salud en el Sistema Integral de Monitoreo Ambiental (<strong>SIMA<\/strong>), en su p\u00e1gina web http:\/\/aire.nl.gob.mx<\/p>\n<p class=\"paragraph\" data-count=\"31\" data-wrap=\"5\"><strong>\u00bfC\u00f3mo motivamos a las personas?<\/strong><\/p>\n<p class=\"paragraph\" data-count=\"317\" data-wrap=\"50\">La teor\u00eda de la jerarqu\u00eda de necesidades (de Abraham Maslow) propone que las personas permanecen motivadas a lo largo de cinco niveles de necesidades, fisiol\u00f3gicas, de seguridad, de pertenencia, de estima y de desarrollo personal; seg\u00fan Lussier &amp; Achua en su libro Liderazgo. A continuaci\u00f3n enumero cada una de estas:<\/p>\n<p class=\"paragraph\" data-count=\"137\" data-wrap=\"22\">&#8211;  Necesidades fisiol\u00f3gicas: se refieren a las necesidades primarias o b\u00e1sicas: aire, comida, refugio, sexo y alivio o evasi\u00f3n del dolor.<\/p>\n<p class=\"paragraph\" data-count=\"126\" data-wrap=\"20\">&#8211;  Necesidades de seguridad: Una vez satisfechas las fisiol\u00f3gicas, el individuo se preocupa por su seguridad y la estabilidad.<\/p>\n<p class=\"paragraph\" data-count=\"182\" data-wrap=\"29\">&#8211;  Necesidades de pertenencia: Despu\u00e9s de establecer la seguridad, las personas buscan el amor, la amistad, la aceptaci\u00f3n y el afecto &#8211; tambi\u00e9n conocidas como necesidades sociales -.<\/p>\n<p class=\"paragraph\" data-count=\"199\" data-wrap=\"37\">&#8211;  Necesidades de estima: En este punto, las personas se enfocan en el ego, el estatus, el respeto por s\u00ed mismo, el reconocimiento de los logros y un sentimiento de confianza en s\u00ed mismo y prestigio.<\/p>\n<p class=\"paragraph\" data-count=\"178\" data-wrap=\"30\">&#8211;   Necesidades de desarrollo personal: El m\u00e1ximo nivel de necesidad, consiste en desarrollar el potencial completo de la persona &#8211; se busca el crecimiento, el \u00e9xito y progreso-.<\/p>\n<p class=\"paragraph\" data-count=\"232\" data-wrap=\"38\">En el caso del aire, es una necesidad fisiol\u00f3gica, es vital para nuestra existencia. La mala calidad de aire puede afectar la salud de las personas. Necesitamos aire limpio para poder respirar sanamente y disfrutar de la naturaleza.<\/p>\n<p class=\"paragraph\" data-count=\"146\" data-wrap=\"21\">Seamos conscientes de nuestras necesidades; de las necesidades de los dem\u00e1s y contribuyamos hasta llegar al desarrollo personal de los individuos.<\/p>\n<p class=\"paragraph\" data-count=\"98\" data-wrap=\"17\">No soy experto en medio ambiente, pero \u00bfC\u00f3mo ayudar?; y, contribuir a mejorar la calidad del aire.<\/p>\n<p class=\"paragraph\" data-count=\"33\" data-wrap=\"7\">\u2022 Evitar el uso excesivo de autos<\/p>\n<p class=\"paragraph\" data-count=\"38\" data-wrap=\"7\">\u2022 Crear huertos en escuelas y colonias<\/p>\n<p class=\"paragraph\" data-count=\"70\" data-wrap=\"13\">\u2022 Cuota adicional en el transporte de carga que transita por la ciudad<\/p>\n<p class=\"paragraph\" data-count=\"31\" data-wrap=\"5\">\u2022 Mejorar el transporte p\u00fablico<\/p>\n<p class=\"paragraph\" data-count=\"37\" data-wrap=\"6\">\u2022 Cumplir con las normas ambientales.<\/p>\n<p class=\"paragraph\" data-count=\"133\" data-wrap=\"27\">En el caso de las empresas,<strong> \u00bfCu\u00e1l es la forma en la que motivan a sus empleados con base en la teor\u00eda de la jerarqu\u00eda de necesidades?<\/strong><\/p>\n<p class=\"paragraph\" data-count=\"47\" data-wrap=\"6\">\u2022 Desarrollan habilidades de los colaboradores.<\/p>\n<p class=\"paragraph\" data-count=\"72\" data-wrap=\"10\">\u2022  Ofrecen t\u00edtulos, incrementos de salario, reconocimiento, entre otras.<\/p>\n<p class=\"paragraph\" data-count=\"100\" data-wrap=\"16\">\u2022 Con la oportunidad de interactuar con otros -fiestas, d\u00edas de campo, viajes y equipos deportivos-.<\/p>\n<p class=\"paragraph\" data-count=\"82\" data-wrap=\"8\">\u2022Brindan seguridad laboral, -seguro m\u00e9dico, compensaci\u00f3n por enfermedad\/pensiones-<\/p>\n<p class=\"paragraph\" data-count=\"64\" data-wrap=\"8\">\u2022 Otorgan salarios, descansos y condiciones laborales adecuadas.<\/p>\n<p class=\"paragraph\" data-count=\"130\" data-wrap=\"23\">Espero que pronto todos podamos respirar aire m\u00e1s limpio en la ciudad y sea una motivaci\u00f3n para todos nosotros lograr que as\u00ed sea.<\/p>\n<p class=\"paragraph\" data-count=\"13\" data-wrap=\"2\">\u00a1Mucho \u00c9xito!<\/p>\n<p class=\"paragraph\" data-count=\"190\" data-wrap=\"30\"><em>El autor cuenta con estudios de MBA en UDEM. Es miembro del Comit\u00e9 de Recursos Humanos de American Chamber of Commerce M\u00e9xico, Capitulo Monterrey y Director Ejecutivo de Velocity Consulting.<\/em><\/p>\n<p class=\"paragraph\" data-count=\"42\" data-wrap=\"3\">Opine usted: Roberto@velocityconsulting.mx<\/p>\n<p class=\"paragraph\" data-count=\"179\" data-wrap=\"27\"><strong>Esta es una columna de opini\u00f3n. Las expresiones aqu\u00ed vertidas son responsabilidad \u00fanicamente de quien la firma y no necesariamente reflejan la postura editorial de El Financiero.<br \/>\n<\/strong><\/p>\n<p>[ad_2]<br \/>\n<br \/><a href=\"https:\/\/www.elfinanciero.com.mx\/rss\/monterrey\/aire-limpio-una-motivacion\">Source link <\/a><\/p>\n","protected":false},"excerpt":{"rendered":"<p>[ad_1] Roberto VillarrealFuente: Cortes\u00eda Estimados lectores, algo que me encanta de nuestra ciudad son las monta\u00f1as. Disfruto mucho al despertar; ver a trav\u00e9s de mi ventana y contemplar la majestuosidad de la Sierra Madre, El Cerro de la Silla y dem\u00e1s cumbres verdes. En ocasiones, por condiciones climatol\u00f3gicas o contaminaci\u00f3n, estas bellezas de la naturaleza [&hellip;]<\/p>\n","protected":false},"author":3,"featured_media":51,"comment_status":"open","ping_status":"open","sticky":false,"template":"","format":"standard","meta":{"footnotes":""},"categories":[1],"tags":[],"class_list":["post-50","post","type-post","status-publish","format-standard","has-post-thumbnail","hentry","category-noticias-financieras"],"yoast_head":"<!-- This site is optimized with the Yoast SEO plugin v27.4 - https:\/\/yoast.com\/product\/yoast-seo-wordpress\/ -->\n<title>Aire Limpio: Una Motivaci\u00f3n - Super News<\/title>\n<meta name=\"robots\" content=\"index, follow, max-snippet:-1, max-image-preview:large, max-video-preview:-1\" \/>\n<link rel=\"canonical\" href=\"https:\/\/super-news.info\/mx\/aire-limpio-una-motivacion\/\" \/>\n<meta property=\"og:locale\" content=\"es_MX\" \/>\n<meta property=\"og:type\" content=\"article\" \/>\n<meta property=\"og:title\" content=\"Aire Limpio: Una Motivaci\u00f3n - Super News\" \/>\n<meta property=\"og:description\" content=\"[ad_1] Roberto VillarrealFuente: Cortes\u00eda Estimados lectores, algo que me encanta de nuestra ciudad son las monta\u00f1as. Disfruto mucho al despertar; ver a trav\u00e9s de mi ventana y contemplar la majestuosidad de la Sierra Madre, El Cerro de la Silla y dem\u00e1s cumbres verdes. En ocasiones, por condiciones climatol\u00f3gicas o contaminaci\u00f3n, estas bellezas de la naturaleza [&hellip;]\" \/>\n<meta property=\"og:url\" content=\"https:\/\/super-news.info\/mx\/aire-limpio-una-motivacion\/\" \/>\n<meta property=\"og:site_name\" content=\"Super News\" \/>\n<meta property=\"article:published_time\" content=\"2019-04-18T02:06:08+00:00\" \/>\n<meta property=\"article:modified_time\" content=\"2019-04-18T02:06:09+00:00\" \/>\n<meta property=\"og:image\" content=\"https:\/\/super-news.info\/mx\/wp-content\/uploads\/sites\/8\/2019\/04\/Aire-Limpio-Una-Motivaci\u00f3n-1024x577.jpeg\" \/>\n\t<meta property=\"og:image:width\" content=\"1024\" \/>\n\t<meta property=\"og:image:height\" content=\"577\" \/>\n\t<meta property=\"og:image:type\" content=\"image\/jpeg\" \/>\n<meta name=\"author\" content=\"mx\" \/>\n<meta name=\"twitter:card\" content=\"summary_large_image\" \/>\n<meta name=\"twitter:label1\" content=\"Escrito por\" \/>\n\t<meta name=\"twitter:data1\" content=\"mx\" \/>\n\t<meta name=\"twitter:label2\" content=\"Tiempo de lectura\" \/>\n\t<meta name=\"twitter:data2\" content=\"3 minutos\" \/>\n<script type=\"application\/ld+json\" class=\"yoast-schema-graph\">{\"@context\":\"https:\\\/\\\/schema.org\",\"@graph\":[{\"@type\":\"Article\",\"@id\":\"https:\\\/\\\/super-news.info\\\/mx\\\/aire-limpio-una-motivacion\\\/#article\",\"isPartOf\":{\"@id\":\"https:\\\/\\\/super-news.info\\\/mx\\\/aire-limpio-una-motivacion\\\/\"},\"author\":{\"name\":\"mx\",\"@id\":\"https:\\\/\\\/super-news.info\\\/mx\\\/#\\\/schema\\\/person\\\/74b71ca3d407439fd57da2d9c89449ca\"},\"headline\":\"Aire Limpio: Una Motivaci\u00f3n\",\"datePublished\":\"2019-04-18T02:06:08+00:00\",\"dateModified\":\"2019-04-18T02:06:09+00:00\",\"mainEntityOfPage\":{\"@id\":\"https:\\\/\\\/super-news.info\\\/mx\\\/aire-limpio-una-motivacion\\\/\"},\"wordCount\":675,\"commentCount\":0,\"image\":{\"@id\":\"https:\\\/\\\/super-news.info\\\/mx\\\/aire-limpio-una-motivacion\\\/#primaryimage\"},\"thumbnailUrl\":\"https:\\\/\\\/super-news.info\\\/mx\\\/wp-content\\\/uploads\\\/sites\\\/8\\\/2019\\\/04\\\/Aire-Limpio-Una-Motivaci\u00f3n.jpeg\",\"articleSection\":[\"NOTICIAS FINANCIERAS\"],\"inLanguage\":\"es\",\"potentialAction\":[{\"@type\":\"CommentAction\",\"name\":\"Comment\",\"target\":[\"https:\\\/\\\/super-news.info\\\/mx\\\/aire-limpio-una-motivacion\\\/#respond\"]}]},{\"@type\":\"WebPage\",\"@id\":\"https:\\\/\\\/super-news.info\\\/mx\\\/aire-limpio-una-motivacion\\\/\",\"url\":\"https:\\\/\\\/super-news.info\\\/mx\\\/aire-limpio-una-motivacion\\\/\",\"name\":\"Aire Limpio: Una Motivaci\u00f3n - Super News\",\"isPartOf\":{\"@id\":\"https:\\\/\\\/super-news.info\\\/mx\\\/#website\"},\"primaryImageOfPage\":{\"@id\":\"https:\\\/\\\/super-news.info\\\/mx\\\/aire-limpio-una-motivacion\\\/#primaryimage\"},\"image\":{\"@id\":\"https:\\\/\\\/super-news.info\\\/mx\\\/aire-limpio-una-motivacion\\\/#primaryimage\"},\"thumbnailUrl\":\"https:\\\/\\\/super-news.info\\\/mx\\\/wp-content\\\/uploads\\\/sites\\\/8\\\/2019\\\/04\\\/Aire-Limpio-Una-Motivaci\u00f3n.jpeg\",\"datePublished\":\"2019-04-18T02:06:08+00:00\",\"dateModified\":\"2019-04-18T02:06:09+00:00\",\"author\":{\"@id\":\"https:\\\/\\\/super-news.info\\\/mx\\\/#\\\/schema\\\/person\\\/74b71ca3d407439fd57da2d9c89449ca\"},\"breadcrumb\":{\"@id\":\"https:\\\/\\\/super-news.info\\\/mx\\\/aire-limpio-una-motivacion\\\/#breadcrumb\"},\"inLanguage\":\"es\",\"potentialAction\":[{\"@type\":\"ReadAction\",\"target\":[\"https:\\\/\\\/super-news.info\\\/mx\\\/aire-limpio-una-motivacion\\\/\"]}]},{\"@type\":\"ImageObject\",\"inLanguage\":\"es\",\"@id\":\"https:\\\/\\\/super-news.info\\\/mx\\\/aire-limpio-una-motivacion\\\/#primaryimage\",\"url\":\"https:\\\/\\\/super-news.info\\\/mx\\\/wp-content\\\/uploads\\\/sites\\\/8\\\/2019\\\/04\\\/Aire-Limpio-Una-Motivaci\u00f3n.jpeg\",\"contentUrl\":\"https:\\\/\\\/super-news.info\\\/mx\\\/wp-content\\\/uploads\\\/sites\\\/8\\\/2019\\\/04\\\/Aire-Limpio-Una-Motivaci\u00f3n.jpeg\",\"width\":1776,\"height\":1000,\"caption\":\"Roberto Villarreal\"},{\"@type\":\"BreadcrumbList\",\"@id\":\"https:\\\/\\\/super-news.info\\\/mx\\\/aire-limpio-una-motivacion\\\/#breadcrumb\",\"itemListElement\":[{\"@type\":\"ListItem\",\"position\":1,\"name\":\"Home\",\"item\":\"https:\\\/\\\/super-news.info\\\/mx\\\/\"},{\"@type\":\"ListItem\",\"position\":2,\"name\":\"Aire Limpio: Una Motivaci\u00f3n\"}]},{\"@type\":\"WebSite\",\"@id\":\"https:\\\/\\\/super-news.info\\\/mx\\\/#website\",\"url\":\"https:\\\/\\\/super-news.info\\\/mx\\\/\",\"name\":\"Super News\",\"description\":\"Super News Mexico\",\"potentialAction\":[{\"@type\":\"SearchAction\",\"target\":{\"@type\":\"EntryPoint\",\"urlTemplate\":\"https:\\\/\\\/super-news.info\\\/mx\\\/?s={search_term_string}\"},\"query-input\":{\"@type\":\"PropertyValueSpecification\",\"valueRequired\":true,\"valueName\":\"search_term_string\"}}],\"inLanguage\":\"es\"},{\"@type\":\"Person\",\"@id\":\"https:\\\/\\\/super-news.info\\\/mx\\\/#\\\/schema\\\/person\\\/74b71ca3d407439fd57da2d9c89449ca\",\"name\":\"mx\",\"image\":{\"@type\":\"ImageObject\",\"inLanguage\":\"es\",\"@id\":\"https:\\\/\\\/secure.gravatar.com\\\/avatar\\\/6374ac65ff69c362a0ae1303d73d69dcd9bd198d62d9861f054a69aaf82c017b?s=96&d=mm&r=g\",\"url\":\"https:\\\/\\\/secure.gravatar.com\\\/avatar\\\/6374ac65ff69c362a0ae1303d73d69dcd9bd198d62d9861f054a69aaf82c017b?s=96&d=mm&r=g\",\"contentUrl\":\"https:\\\/\\\/secure.gravatar.com\\\/avatar\\\/6374ac65ff69c362a0ae1303d73d69dcd9bd198d62d9861f054a69aaf82c017b?s=96&d=mm&r=g\",\"caption\":\"mx\"},\"url\":\"https:\\\/\\\/super-news.info\\\/mx\\\/author\\\/mx\\\/\"}]}<\/script>\n<!-- \/ Yoast SEO plugin. -->","yoast_head_json":{"title":"Aire Limpio: Una Motivaci\u00f3n - Super News","robots":{"index":"index","follow":"follow","max-snippet":"max-snippet:-1","max-image-preview":"max-image-preview:large","max-video-preview":"max-video-preview:-1"},"canonical":"https:\/\/super-news.info\/mx\/aire-limpio-una-motivacion\/","og_locale":"es_MX","og_type":"article","og_title":"Aire Limpio: Una Motivaci\u00f3n - Super News","og_description":"[ad_1] Roberto VillarrealFuente: Cortes\u00eda Estimados lectores, algo que me encanta de nuestra ciudad son las monta\u00f1as. Disfruto mucho al despertar; ver a trav\u00e9s de mi ventana y contemplar la majestuosidad de la Sierra Madre, El Cerro de la Silla y dem\u00e1s cumbres verdes. En ocasiones, por condiciones climatol\u00f3gicas o contaminaci\u00f3n, estas bellezas de la naturaleza [&hellip;]","og_url":"https:\/\/super-news.info\/mx\/aire-limpio-una-motivacion\/","og_site_name":"Super News","article_published_time":"2019-04-18T02:06:08+00:00","article_modified_time":"2019-04-18T02:06:09+00:00","og_image":[{"width":1024,"height":577,"url":"https:\/\/super-news.info\/mx\/wp-content\/uploads\/sites\/8\/2019\/04\/Aire-Limpio-Una-Motivaci\u00f3n-1024x577.jpeg","type":"image\/jpeg"}],"author":"mx","twitter_card":"summary_large_image","twitter_misc":{"Escrito por":"mx","Tiempo de lectura":"3 minutos"},"schema":{"@context":"https:\/\/schema.org","@graph":[{"@type":"Article","@id":"https:\/\/super-news.info\/mx\/aire-limpio-una-motivacion\/#article","isPartOf":{"@id":"https:\/\/super-news.info\/mx\/aire-limpio-una-motivacion\/"},"author":{"name":"mx","@id":"https:\/\/super-news.info\/mx\/#\/schema\/person\/74b71ca3d407439fd57da2d9c89449ca"},"headline":"Aire Limpio: Una Motivaci\u00f3n","datePublished":"2019-04-18T02:06:08+00:00","dateModified":"2019-04-18T02:06:09+00:00","mainEntityOfPage":{"@id":"https:\/\/super-news.info\/mx\/aire-limpio-una-motivacion\/"},"wordCount":675,"commentCount":0,"image":{"@id":"https:\/\/super-news.info\/mx\/aire-limpio-una-motivacion\/#primaryimage"},"thumbnailUrl":"https:\/\/super-news.info\/mx\/wp-content\/uploads\/sites\/8\/2019\/04\/Aire-Limpio-Una-Motivaci\u00f3n.jpeg","articleSection":["NOTICIAS FINANCIERAS"],"inLanguage":"es","potentialAction":[{"@type":"CommentAction","name":"Comment","target":["https:\/\/super-news.info\/mx\/aire-limpio-una-motivacion\/#respond"]}]},{"@type":"WebPage","@id":"https:\/\/super-news.info\/mx\/aire-limpio-una-motivacion\/","url":"https:\/\/super-news.info\/mx\/aire-limpio-una-motivacion\/","name":"Aire Limpio: Una Motivaci\u00f3n - Super News","isPartOf":{"@id":"https:\/\/super-news.info\/mx\/#website"},"primaryImageOfPage":{"@id":"https:\/\/super-news.info\/mx\/aire-limpio-una-motivacion\/#primaryimage"},"image":{"@id":"https:\/\/super-news.info\/mx\/aire-limpio-una-motivacion\/#primaryimage"},"thumbnailUrl":"https:\/\/super-news.info\/mx\/wp-content\/uploads\/sites\/8\/2019\/04\/Aire-Limpio-Una-Motivaci\u00f3n.jpeg","datePublished":"2019-04-18T02:06:08+00:00","dateModified":"2019-04-18T02:06:09+00:00","author":{"@id":"https:\/\/super-news.info\/mx\/#\/schema\/person\/74b71ca3d407439fd57da2d9c89449ca"},"breadcrumb":{"@id":"https:\/\/super-news.info\/mx\/aire-limpio-una-motivacion\/#breadcrumb"},"inLanguage":"es","potentialAction":[{"@type":"ReadAction","target":["https:\/\/super-news.info\/mx\/aire-limpio-una-motivacion\/"]}]},{"@type":"ImageObject","inLanguage":"es","@id":"https:\/\/super-news.info\/mx\/aire-limpio-una-motivacion\/#primaryimage","url":"https:\/\/super-news.info\/mx\/wp-content\/uploads\/sites\/8\/2019\/04\/Aire-Limpio-Una-Motivaci\u00f3n.jpeg","contentUrl":"https:\/\/super-news.info\/mx\/wp-content\/uploads\/sites\/8\/2019\/04\/Aire-Limpio-Una-Motivaci\u00f3n.jpeg","width":1776,"height":1000,"caption":"Roberto Villarreal"},{"@type":"BreadcrumbList","@id":"https:\/\/super-news.info\/mx\/aire-limpio-una-motivacion\/#breadcrumb","itemListElement":[{"@type":"ListItem","position":1,"name":"Home","item":"https:\/\/super-news.info\/mx\/"},{"@type":"ListItem","position":2,"name":"Aire Limpio: Una Motivaci\u00f3n"}]},{"@type":"WebSite","@id":"https:\/\/super-news.info\/mx\/#website","url":"https:\/\/super-news.info\/mx\/","name":"Super News","description":"Super News Mexico","potentialAction":[{"@type":"SearchAction","target":{"@type":"EntryPoint","urlTemplate":"https:\/\/super-news.info\/mx\/?s={search_term_string}"},"query-input":{"@type":"PropertyValueSpecification","valueRequired":true,"valueName":"search_term_string"}}],"inLanguage":"es"},{"@type":"Person","@id":"https:\/\/super-news.info\/mx\/#\/schema\/person\/74b71ca3d407439fd57da2d9c89449ca","name":"mx","image":{"@type":"ImageObject","inLanguage":"es","@id":"https:\/\/secure.gravatar.com\/avatar\/6374ac65ff69c362a0ae1303d73d69dcd9bd198d62d9861f054a69aaf82c017b?s=96&d=mm&r=g","url":"https:\/\/secure.gravatar.com\/avatar\/6374ac65ff69c362a0ae1303d73d69dcd9bd198d62d9861f054a69aaf82c017b?s=96&d=mm&r=g","contentUrl":"https:\/\/secure.gravatar.com\/avatar\/6374ac65ff69c362a0ae1303d73d69dcd9bd198d62d9861f054a69aaf82c017b?s=96&d=mm&r=g","caption":"mx"},"url":"https:\/\/super-news.info\/mx\/author\/mx\/"}]}},"_links":{"self":[{"href":"https:\/\/super-news.info\/mx\/wp-json\/wp\/v2\/posts\/50","targetHints":{"allow":["GET"]}}],"collection":[{"href":"https:\/\/super-news.info\/mx\/wp-json\/wp\/v2\/posts"}],"about":[{"href":"https:\/\/super-news.info\/mx\/wp-json\/wp\/v2\/types\/post"}],"author":[{"embeddable":true,"href":"https:\/\/super-news.info\/mx\/wp-json\/wp\/v2\/users\/3"}],"replies":[{"embeddable":true,"href":"https:\/\/super-news.info\/mx\/wp-json\/wp\/v2\/comments?post=50"}],"version-history":[{"count":1,"href":"https:\/\/super-news.info\/mx\/wp-json\/wp\/v2\/posts\/50\/revisions"}],"predecessor-version":[{"id":52,"href":"https:\/\/super-news.info\/mx\/wp-json\/wp\/v2\/posts\/50\/revisions\/52"}],"wp:featuredmedia":[{"embeddable":true,"href":"https:\/\/super-news.info\/mx\/wp-json\/wp\/v2\/media\/51"}],"wp:attachment":[{"href":"https:\/\/super-news.info\/mx\/wp-json\/wp\/v2\/media?parent=50"}],"wp:term":[{"taxonomy":"category","embeddable":true,"href":"https:\/\/super-news.info\/mx\/wp-json\/wp\/v2\/categories?post=50"},{"taxonomy":"post_tag","embeddable":true,"href":"https:\/\/super-news.info\/mx\/wp-json\/wp\/v2\/tags?post=50"}],"curies":[{"name":"wp","href":"https:\/\/api.w.org\/{rel}","templated":true}]}}