{"id":3979,"date":"2019-09-03T11:06:44","date_gmt":"2019-09-03T11:06:44","guid":{"rendered":"https:\/\/super-news.info\/mx\/cuna-de-tierra-de-chiles-poblanos-a-vinos-de-concurso\/"},"modified":"2019-09-03T11:06:46","modified_gmt":"2019-09-03T11:06:46","slug":"cuna-de-tierra-de-chiles-poblanos-a-vinos-de-concurso","status":"publish","type":"post","link":"https:\/\/super-news.info\/mx\/cuna-de-tierra-de-chiles-poblanos-a-vinos-de-concurso\/","title":{"rendered":"Cuna de Tierra: de chiles poblanos a vinos de concurso"},"content":{"rendered":"<p> [ad_1]<br \/>\n<\/p>\n<div class=\"image__block -side\">\n<figure><\/figure>\n<p><span class=\"element__footer\"><\/span><span class=\"element__credit\"><\/span><\/div>\n<p class=\"paragraph\" data-count=\"88\" data-wrap=\"17\">De chiles poblanos a vi\u00f1edos y de ah\u00ed a vinos que se cuelgan medallas en el extranjero.\n<\/p>\n<p class=\"paragraph\" data-count=\"160\" data-wrap=\"26\">Hace una d\u00e9cada, la decisi\u00f3n de dedicarse por completo a la vitivinicultura hizo realidad Cuna de Tierra, uno de los vi\u00f1edos de mayor producci\u00f3n en Guanajuato.\n<\/p>\n<p class=\"paragraph\" data-count=\"460\" data-wrap=\"79\">\u201cEl rancho era pr\u00e1cticamente de chile poblano, pero las hortalizas se vuelven muy complicadas si no tienen todo el canal de distribuci\u00f3n. Y el precio del chile poblano es el mismo de hace 30 a\u00f1os, entonces buscamos alg\u00fan producto que nos diera la posibilidad de poderlo almacenar y el vino tiene la ventaja de que mientras m\u00e1s tiempo tiene mejora la calidad, y es algo que siempre nos gust\u00f3\u201d, explica en entrevista Ricardo Vega, propietario de Cuna de Tierra.\n<\/p>\n<p class=\"paragraph\" data-count=\"230\" data-wrap=\"36\">El vi\u00f1edo celebr\u00f3 este fin de semana su novena vendimia. En los \u00faltimos a\u00f1os, dice el empresario, ha venido incrementando la producci\u00f3n \u201cpero ya queremos limitarnos porque si aumenta mucho el volumen podr\u00edamos perder la calidad\u201d.\n<\/p>\n<p class=\"paragraph\" data-count=\"401\" data-wrap=\"72\">Cuna de Tierra cuenta con 30 hect\u00e1reas de vid en producci\u00f3n, que para este a\u00f1o significar\u00e1n 120 toneladas de uva que se convertir\u00e1n en 120 mil botellas de vino. Vega recuerda que en sus inicios apenas produc\u00edan dos barricas y ahora ya llegan a cien.  En sus primeras vendimias reun\u00edan a 300 invitados y este a\u00f1o ya se hab\u00edan vendido las entradas para 1,400 personas dos meses antes de su celebraci\u00f3n.\n<\/p>\n<p class=\"paragraph\" data-count=\"222\" data-wrap=\"34\">Adem\u00e1s, destaca, ya ha logrado alrededor de 50 premios internacionales con diversas etiquetas.  \u201cEste a\u00f1o sacamos siete premios en Decanter World Wine Awards, incluyendo un oro. La verdad estamos contentos con la bodega\u201d.\n<\/p>\n<p class=\"paragraph\" data-count=\"160\" data-wrap=\"31\">Las ventas, que en 2018 sumaron alrededor de 20 millones de pesos, han crecido a un ritmo de 20 por ciento anual y para este 2019 se tiene la misma expectativa.<\/p>\n<p class=\"paragraph\" data-count=\"268\" data-wrap=\"48\">Como lo de moda es el vino blanco, buscan elevar su producci\u00f3n. \u201cEs la variedad que est\u00e1 empezando a ser muy demandada. Hay una tendencia hacia los blancos y los rosados. Un poco porque al mercado americano le encanta y es una tendencia que ha venido hacia nosotros\u201d.\n<\/p>\n<p class=\"paragraph\" data-count=\"342\" data-wrap=\"53\">Por otra parte, la bodega guanajuatense ya incursiona en el extranjero, no s\u00f3lo en concursos sino en la comercializaci\u00f3n. \u201cEstamos embotellando 5 mil botellas para Estados Unidos\u201d. En este momento, s\u00f3lo en el vecino del norte, porque \u201cno tenemos tanta producci\u00f3n como para estar buscando m\u00e1s mercados y nuestro vino est\u00e1 bastante demandado\u201d.\n<\/p>\n<p class=\"paragraph\" data-count=\"321\" data-wrap=\"56\">Para promover la cultura del vino y las marcas que produce la bodega, se realizan en el transcurso del a\u00f1o diversos festivales, como el que se alista para el 12 octubre, con Gloria Gaynor como estrella principal, y con el cual se espera atraer a 2 mil espectadores, entre ellos a estadounidenses avecindados en el estado.<\/p>\n<p class=\"paragraph\" data-count=\"302\" data-wrap=\"49\">La regi\u00f3n vitivin\u00edcola de Guanajuato cuenta con m\u00e1s 300 hect\u00e1reas plantadas en 30 bodegas, de las cuales una decena est\u00e1 abierta al p\u00fablico. En conjunto deben producir alrededor de 350 mil litros de vino al a\u00f1o, indica Vega, quien tambi\u00e9n es presidente de la Asociaci\u00f3n de Vitivinicultores del estado.\n<\/p>\n<p>[ad_2]<br \/>\n<br \/><a href=\"https:\/\/www.elfinanciero.com.mx\/rss\/bajio\/cuna-de-tierra-de-chiles-poblanos-a-vinos-de-concurso\">Source link <\/a><\/p>\n","protected":false},"excerpt":{"rendered":"<p>[ad_1] De chiles poblanos a vi\u00f1edos y de ah\u00ed a vinos que se cuelgan medallas en el extranjero. Hace una d\u00e9cada, la decisi\u00f3n de dedicarse por completo a la vitivinicultura hizo realidad Cuna de Tierra, uno de los vi\u00f1edos de mayor producci\u00f3n en Guanajuato. \u201cEl rancho era pr\u00e1cticamente de chile poblano, pero las hortalizas se [&hellip;]<\/p>\n","protected":false},"author":3,"featured_media":3980,"comment_status":"open","ping_status":"open","sticky":false,"template":"","format":"standard","meta":{"footnotes":""},"categories":[1],"tags":[],"class_list":["post-3979","post","type-post","status-publish","format-standard","has-post-thumbnail","hentry","category-noticias-financieras"],"yoast_head":"<!-- This site is optimized with the Yoast SEO plugin v27.4 - https:\/\/yoast.com\/product\/yoast-seo-wordpress\/ -->\n<title>Cuna de Tierra: de chiles poblanos a vinos de concurso - Super News<\/title>\n<meta name=\"robots\" content=\"index, follow, max-snippet:-1, max-image-preview:large, max-video-preview:-1\" \/>\n<link rel=\"canonical\" href=\"https:\/\/super-news.info\/mx\/cuna-de-tierra-de-chiles-poblanos-a-vinos-de-concurso\/\" \/>\n<meta property=\"og:locale\" content=\"es_MX\" \/>\n<meta property=\"og:type\" content=\"article\" \/>\n<meta property=\"og:title\" content=\"Cuna de Tierra: de chiles poblanos a vinos de concurso - Super News\" \/>\n<meta property=\"og:description\" content=\"[ad_1] De chiles poblanos a vi\u00f1edos y de ah\u00ed a vinos que se cuelgan medallas en el extranjero. Hace una d\u00e9cada, la decisi\u00f3n de dedicarse por completo a la vitivinicultura hizo realidad Cuna de Tierra, uno de los vi\u00f1edos de mayor producci\u00f3n en Guanajuato. \u201cEl rancho era pr\u00e1cticamente de chile poblano, pero las hortalizas se [&hellip;]\" \/>\n<meta property=\"og:url\" content=\"https:\/\/super-news.info\/mx\/cuna-de-tierra-de-chiles-poblanos-a-vinos-de-concurso\/\" \/>\n<meta property=\"og:site_name\" content=\"Super News\" \/>\n<meta property=\"article:published_time\" content=\"2019-09-03T11:06:44+00:00\" \/>\n<meta property=\"article:modified_time\" content=\"2019-09-03T11:06:46+00:00\" \/>\n<meta property=\"og:image\" content=\"https:\/\/super-news.info\/mx\/wp-content\/uploads\/sites\/8\/2019\/09\/Cuna-de-Tierra-de-chiles-poblanos-a-vinos-de-concurso-1024x576.jpeg\" \/>\n\t<meta property=\"og:image:width\" content=\"1024\" \/>\n\t<meta property=\"og:image:height\" content=\"576\" \/>\n\t<meta property=\"og:image:type\" content=\"image\/jpeg\" \/>\n<meta name=\"author\" content=\"mx\" \/>\n<meta name=\"twitter:card\" content=\"summary_large_image\" \/>\n<meta name=\"twitter:label1\" content=\"Escrito por\" \/>\n\t<meta name=\"twitter:data1\" content=\"mx\" \/>\n\t<meta name=\"twitter:label2\" content=\"Tiempo de lectura\" \/>\n\t<meta name=\"twitter:data2\" content=\"3 minutos\" \/>\n<script type=\"application\/ld+json\" class=\"yoast-schema-graph\">{\"@context\":\"https:\\\/\\\/schema.org\",\"@graph\":[{\"@type\":\"Article\",\"@id\":\"https:\\\/\\\/super-news.info\\\/mx\\\/cuna-de-tierra-de-chiles-poblanos-a-vinos-de-concurso\\\/#article\",\"isPartOf\":{\"@id\":\"https:\\\/\\\/super-news.info\\\/mx\\\/cuna-de-tierra-de-chiles-poblanos-a-vinos-de-concurso\\\/\"},\"author\":{\"name\":\"mx\",\"@id\":\"https:\\\/\\\/super-news.info\\\/mx\\\/#\\\/schema\\\/person\\\/74b71ca3d407439fd57da2d9c89449ca\"},\"headline\":\"Cuna de Tierra: de chiles poblanos a vinos de concurso\",\"datePublished\":\"2019-09-03T11:06:44+00:00\",\"dateModified\":\"2019-09-03T11:06:46+00:00\",\"mainEntityOfPage\":{\"@id\":\"https:\\\/\\\/super-news.info\\\/mx\\\/cuna-de-tierra-de-chiles-poblanos-a-vinos-de-concurso\\\/\"},\"wordCount\":537,\"commentCount\":0,\"image\":{\"@id\":\"https:\\\/\\\/super-news.info\\\/mx\\\/cuna-de-tierra-de-chiles-poblanos-a-vinos-de-concurso\\\/#primaryimage\"},\"thumbnailUrl\":\"https:\\\/\\\/super-news.info\\\/mx\\\/wp-content\\\/uploads\\\/sites\\\/8\\\/2019\\\/09\\\/Cuna-de-Tierra-de-chiles-poblanos-a-vinos-de-concurso.jpeg\",\"articleSection\":[\"NOTICIAS FINANCIERAS\"],\"inLanguage\":\"es\",\"potentialAction\":[{\"@type\":\"CommentAction\",\"name\":\"Comment\",\"target\":[\"https:\\\/\\\/super-news.info\\\/mx\\\/cuna-de-tierra-de-chiles-poblanos-a-vinos-de-concurso\\\/#respond\"]}]},{\"@type\":\"WebPage\",\"@id\":\"https:\\\/\\\/super-news.info\\\/mx\\\/cuna-de-tierra-de-chiles-poblanos-a-vinos-de-concurso\\\/\",\"url\":\"https:\\\/\\\/super-news.info\\\/mx\\\/cuna-de-tierra-de-chiles-poblanos-a-vinos-de-concurso\\\/\",\"name\":\"Cuna de Tierra: de chiles poblanos a vinos de concurso - Super News\",\"isPartOf\":{\"@id\":\"https:\\\/\\\/super-news.info\\\/mx\\\/#website\"},\"primaryImageOfPage\":{\"@id\":\"https:\\\/\\\/super-news.info\\\/mx\\\/cuna-de-tierra-de-chiles-poblanos-a-vinos-de-concurso\\\/#primaryimage\"},\"image\":{\"@id\":\"https:\\\/\\\/super-news.info\\\/mx\\\/cuna-de-tierra-de-chiles-poblanos-a-vinos-de-concurso\\\/#primaryimage\"},\"thumbnailUrl\":\"https:\\\/\\\/super-news.info\\\/mx\\\/wp-content\\\/uploads\\\/sites\\\/8\\\/2019\\\/09\\\/Cuna-de-Tierra-de-chiles-poblanos-a-vinos-de-concurso.jpeg\",\"datePublished\":\"2019-09-03T11:06:44+00:00\",\"dateModified\":\"2019-09-03T11:06:46+00:00\",\"author\":{\"@id\":\"https:\\\/\\\/super-news.info\\\/mx\\\/#\\\/schema\\\/person\\\/74b71ca3d407439fd57da2d9c89449ca\"},\"breadcrumb\":{\"@id\":\"https:\\\/\\\/super-news.info\\\/mx\\\/cuna-de-tierra-de-chiles-poblanos-a-vinos-de-concurso\\\/#breadcrumb\"},\"inLanguage\":\"es\",\"potentialAction\":[{\"@type\":\"ReadAction\",\"target\":[\"https:\\\/\\\/super-news.info\\\/mx\\\/cuna-de-tierra-de-chiles-poblanos-a-vinos-de-concurso\\\/\"]}]},{\"@type\":\"ImageObject\",\"inLanguage\":\"es\",\"@id\":\"https:\\\/\\\/super-news.info\\\/mx\\\/cuna-de-tierra-de-chiles-poblanos-a-vinos-de-concurso\\\/#primaryimage\",\"url\":\"https:\\\/\\\/super-news.info\\\/mx\\\/wp-content\\\/uploads\\\/sites\\\/8\\\/2019\\\/09\\\/Cuna-de-Tierra-de-chiles-poblanos-a-vinos-de-concurso.jpeg\",\"contentUrl\":\"https:\\\/\\\/super-news.info\\\/mx\\\/wp-content\\\/uploads\\\/sites\\\/8\\\/2019\\\/09\\\/Cuna-de-Tierra-de-chiles-poblanos-a-vinos-de-concurso.jpeg\",\"width\":3173,\"height\":1785,\"caption\":\"Cuna de Tierra: de chiles poblanos a vinos de concurso\"},{\"@type\":\"BreadcrumbList\",\"@id\":\"https:\\\/\\\/super-news.info\\\/mx\\\/cuna-de-tierra-de-chiles-poblanos-a-vinos-de-concurso\\\/#breadcrumb\",\"itemListElement\":[{\"@type\":\"ListItem\",\"position\":1,\"name\":\"Home\",\"item\":\"https:\\\/\\\/super-news.info\\\/mx\\\/\"},{\"@type\":\"ListItem\",\"position\":2,\"name\":\"Cuna de Tierra: de chiles poblanos a vinos de concurso\"}]},{\"@type\":\"WebSite\",\"@id\":\"https:\\\/\\\/super-news.info\\\/mx\\\/#website\",\"url\":\"https:\\\/\\\/super-news.info\\\/mx\\\/\",\"name\":\"Super News\",\"description\":\"Super News Mexico\",\"potentialAction\":[{\"@type\":\"SearchAction\",\"target\":{\"@type\":\"EntryPoint\",\"urlTemplate\":\"https:\\\/\\\/super-news.info\\\/mx\\\/?s={search_term_string}\"},\"query-input\":{\"@type\":\"PropertyValueSpecification\",\"valueRequired\":true,\"valueName\":\"search_term_string\"}}],\"inLanguage\":\"es\"},{\"@type\":\"Person\",\"@id\":\"https:\\\/\\\/super-news.info\\\/mx\\\/#\\\/schema\\\/person\\\/74b71ca3d407439fd57da2d9c89449ca\",\"name\":\"mx\",\"image\":{\"@type\":\"ImageObject\",\"inLanguage\":\"es\",\"@id\":\"https:\\\/\\\/secure.gravatar.com\\\/avatar\\\/6374ac65ff69c362a0ae1303d73d69dcd9bd198d62d9861f054a69aaf82c017b?s=96&d=mm&r=g\",\"url\":\"https:\\\/\\\/secure.gravatar.com\\\/avatar\\\/6374ac65ff69c362a0ae1303d73d69dcd9bd198d62d9861f054a69aaf82c017b?s=96&d=mm&r=g\",\"contentUrl\":\"https:\\\/\\\/secure.gravatar.com\\\/avatar\\\/6374ac65ff69c362a0ae1303d73d69dcd9bd198d62d9861f054a69aaf82c017b?s=96&d=mm&r=g\",\"caption\":\"mx\"},\"url\":\"https:\\\/\\\/super-news.info\\\/mx\\\/author\\\/mx\\\/\"}]}<\/script>\n<!-- \/ Yoast SEO plugin. -->","yoast_head_json":{"title":"Cuna de Tierra: de chiles poblanos a vinos de concurso - Super News","robots":{"index":"index","follow":"follow","max-snippet":"max-snippet:-1","max-image-preview":"max-image-preview:large","max-video-preview":"max-video-preview:-1"},"canonical":"https:\/\/super-news.info\/mx\/cuna-de-tierra-de-chiles-poblanos-a-vinos-de-concurso\/","og_locale":"es_MX","og_type":"article","og_title":"Cuna de Tierra: de chiles poblanos a vinos de concurso - Super News","og_description":"[ad_1] De chiles poblanos a vi\u00f1edos y de ah\u00ed a vinos que se cuelgan medallas en el extranjero. Hace una d\u00e9cada, la decisi\u00f3n de dedicarse por completo a la vitivinicultura hizo realidad Cuna de Tierra, uno de los vi\u00f1edos de mayor producci\u00f3n en Guanajuato. \u201cEl rancho era pr\u00e1cticamente de chile poblano, pero las hortalizas se [&hellip;]","og_url":"https:\/\/super-news.info\/mx\/cuna-de-tierra-de-chiles-poblanos-a-vinos-de-concurso\/","og_site_name":"Super News","article_published_time":"2019-09-03T11:06:44+00:00","article_modified_time":"2019-09-03T11:06:46+00:00","og_image":[{"width":1024,"height":576,"url":"https:\/\/super-news.info\/mx\/wp-content\/uploads\/sites\/8\/2019\/09\/Cuna-de-Tierra-de-chiles-poblanos-a-vinos-de-concurso-1024x576.jpeg","type":"image\/jpeg"}],"author":"mx","twitter_card":"summary_large_image","twitter_misc":{"Escrito por":"mx","Tiempo de lectura":"3 minutos"},"schema":{"@context":"https:\/\/schema.org","@graph":[{"@type":"Article","@id":"https:\/\/super-news.info\/mx\/cuna-de-tierra-de-chiles-poblanos-a-vinos-de-concurso\/#article","isPartOf":{"@id":"https:\/\/super-news.info\/mx\/cuna-de-tierra-de-chiles-poblanos-a-vinos-de-concurso\/"},"author":{"name":"mx","@id":"https:\/\/super-news.info\/mx\/#\/schema\/person\/74b71ca3d407439fd57da2d9c89449ca"},"headline":"Cuna de Tierra: de chiles poblanos a vinos de concurso","datePublished":"2019-09-03T11:06:44+00:00","dateModified":"2019-09-03T11:06:46+00:00","mainEntityOfPage":{"@id":"https:\/\/super-news.info\/mx\/cuna-de-tierra-de-chiles-poblanos-a-vinos-de-concurso\/"},"wordCount":537,"commentCount":0,"image":{"@id":"https:\/\/super-news.info\/mx\/cuna-de-tierra-de-chiles-poblanos-a-vinos-de-concurso\/#primaryimage"},"thumbnailUrl":"https:\/\/super-news.info\/mx\/wp-content\/uploads\/sites\/8\/2019\/09\/Cuna-de-Tierra-de-chiles-poblanos-a-vinos-de-concurso.jpeg","articleSection":["NOTICIAS FINANCIERAS"],"inLanguage":"es","potentialAction":[{"@type":"CommentAction","name":"Comment","target":["https:\/\/super-news.info\/mx\/cuna-de-tierra-de-chiles-poblanos-a-vinos-de-concurso\/#respond"]}]},{"@type":"WebPage","@id":"https:\/\/super-news.info\/mx\/cuna-de-tierra-de-chiles-poblanos-a-vinos-de-concurso\/","url":"https:\/\/super-news.info\/mx\/cuna-de-tierra-de-chiles-poblanos-a-vinos-de-concurso\/","name":"Cuna de Tierra: de chiles poblanos a vinos de concurso - Super News","isPartOf":{"@id":"https:\/\/super-news.info\/mx\/#website"},"primaryImageOfPage":{"@id":"https:\/\/super-news.info\/mx\/cuna-de-tierra-de-chiles-poblanos-a-vinos-de-concurso\/#primaryimage"},"image":{"@id":"https:\/\/super-news.info\/mx\/cuna-de-tierra-de-chiles-poblanos-a-vinos-de-concurso\/#primaryimage"},"thumbnailUrl":"https:\/\/super-news.info\/mx\/wp-content\/uploads\/sites\/8\/2019\/09\/Cuna-de-Tierra-de-chiles-poblanos-a-vinos-de-concurso.jpeg","datePublished":"2019-09-03T11:06:44+00:00","dateModified":"2019-09-03T11:06:46+00:00","author":{"@id":"https:\/\/super-news.info\/mx\/#\/schema\/person\/74b71ca3d407439fd57da2d9c89449ca"},"breadcrumb":{"@id":"https:\/\/super-news.info\/mx\/cuna-de-tierra-de-chiles-poblanos-a-vinos-de-concurso\/#breadcrumb"},"inLanguage":"es","potentialAction":[{"@type":"ReadAction","target":["https:\/\/super-news.info\/mx\/cuna-de-tierra-de-chiles-poblanos-a-vinos-de-concurso\/"]}]},{"@type":"ImageObject","inLanguage":"es","@id":"https:\/\/super-news.info\/mx\/cuna-de-tierra-de-chiles-poblanos-a-vinos-de-concurso\/#primaryimage","url":"https:\/\/super-news.info\/mx\/wp-content\/uploads\/sites\/8\/2019\/09\/Cuna-de-Tierra-de-chiles-poblanos-a-vinos-de-concurso.jpeg","contentUrl":"https:\/\/super-news.info\/mx\/wp-content\/uploads\/sites\/8\/2019\/09\/Cuna-de-Tierra-de-chiles-poblanos-a-vinos-de-concurso.jpeg","width":3173,"height":1785,"caption":"Cuna de Tierra: de chiles poblanos a vinos de concurso"},{"@type":"BreadcrumbList","@id":"https:\/\/super-news.info\/mx\/cuna-de-tierra-de-chiles-poblanos-a-vinos-de-concurso\/#breadcrumb","itemListElement":[{"@type":"ListItem","position":1,"name":"Home","item":"https:\/\/super-news.info\/mx\/"},{"@type":"ListItem","position":2,"name":"Cuna de Tierra: de chiles poblanos a vinos de concurso"}]},{"@type":"WebSite","@id":"https:\/\/super-news.info\/mx\/#website","url":"https:\/\/super-news.info\/mx\/","name":"Super News","description":"Super News Mexico","potentialAction":[{"@type":"SearchAction","target":{"@type":"EntryPoint","urlTemplate":"https:\/\/super-news.info\/mx\/?s={search_term_string}"},"query-input":{"@type":"PropertyValueSpecification","valueRequired":true,"valueName":"search_term_string"}}],"inLanguage":"es"},{"@type":"Person","@id":"https:\/\/super-news.info\/mx\/#\/schema\/person\/74b71ca3d407439fd57da2d9c89449ca","name":"mx","image":{"@type":"ImageObject","inLanguage":"es","@id":"https:\/\/secure.gravatar.com\/avatar\/6374ac65ff69c362a0ae1303d73d69dcd9bd198d62d9861f054a69aaf82c017b?s=96&d=mm&r=g","url":"https:\/\/secure.gravatar.com\/avatar\/6374ac65ff69c362a0ae1303d73d69dcd9bd198d62d9861f054a69aaf82c017b?s=96&d=mm&r=g","contentUrl":"https:\/\/secure.gravatar.com\/avatar\/6374ac65ff69c362a0ae1303d73d69dcd9bd198d62d9861f054a69aaf82c017b?s=96&d=mm&r=g","caption":"mx"},"url":"https:\/\/super-news.info\/mx\/author\/mx\/"}]}},"_links":{"self":[{"href":"https:\/\/super-news.info\/mx\/wp-json\/wp\/v2\/posts\/3979","targetHints":{"allow":["GET"]}}],"collection":[{"href":"https:\/\/super-news.info\/mx\/wp-json\/wp\/v2\/posts"}],"about":[{"href":"https:\/\/super-news.info\/mx\/wp-json\/wp\/v2\/types\/post"}],"author":[{"embeddable":true,"href":"https:\/\/super-news.info\/mx\/wp-json\/wp\/v2\/users\/3"}],"replies":[{"embeddable":true,"href":"https:\/\/super-news.info\/mx\/wp-json\/wp\/v2\/comments?post=3979"}],"version-history":[{"count":1,"href":"https:\/\/super-news.info\/mx\/wp-json\/wp\/v2\/posts\/3979\/revisions"}],"predecessor-version":[{"id":3981,"href":"https:\/\/super-news.info\/mx\/wp-json\/wp\/v2\/posts\/3979\/revisions\/3981"}],"wp:featuredmedia":[{"embeddable":true,"href":"https:\/\/super-news.info\/mx\/wp-json\/wp\/v2\/media\/3980"}],"wp:attachment":[{"href":"https:\/\/super-news.info\/mx\/wp-json\/wp\/v2\/media?parent=3979"}],"wp:term":[{"taxonomy":"category","embeddable":true,"href":"https:\/\/super-news.info\/mx\/wp-json\/wp\/v2\/categories?post=3979"},{"taxonomy":"post_tag","embeddable":true,"href":"https:\/\/super-news.info\/mx\/wp-json\/wp\/v2\/tags?post=3979"}],"curies":[{"name":"wp","href":"https:\/\/api.w.org\/{rel}","templated":true}]}}