{"id":3976,"date":"2019-09-03T10:19:37","date_gmt":"2019-09-03T10:19:37","guid":{"rendered":"https:\/\/super-news.info\/mx\/se-perfila-agosto-para-ser-el-de-mayor-numero-de-homicidios\/"},"modified":"2019-09-03T10:19:42","modified_gmt":"2019-09-03T10:19:42","slug":"se-perfila-agosto-para-ser-el-de-mayor-numero-de-homicidios","status":"publish","type":"post","link":"https:\/\/super-news.info\/mx\/se-perfila-agosto-para-ser-el-de-mayor-numero-de-homicidios\/","title":{"rendered":"Se perfila agosto para ser el de mayor n\u00famero de homicidios"},"content":{"rendered":"<p> [ad_1]<br \/>\n<\/p>\n<p class=\"paragraph\" data-count=\"201\" data-wrap=\"33\">Los \u00edndices de violencia en M\u00e9xico no ceden y mantienen a la administraci\u00f3n del presidente <strong>Andr\u00e9s Manuel L\u00f3pez Obrador<\/strong> con los niveles m\u00e1s altos de homicidios dolosos en la historia reciente del pa\u00eds.\n<\/p>\n<p class=\"paragraph\" data-count=\"239\" data-wrap=\"40\">Agosto mantuvo altos \u00edndices de criminalidad, con dos mil 469 v\u00edctimas de homicidio doloso, que lo pone hasta ahora como el segundo mes m\u00e1s violento en la actual administraci\u00f3n, s\u00f3lo por debajo de junio, que registr\u00f3 dos mil 543 v\u00edctimas.\n<\/p>\n<p class=\"paragraph\" data-count=\"0\" data-wrap=\"1\">\n<p class=\"paragraph\" data-count=\"0\" data-wrap=\"1\">\n<div class=\"image__block -side\">\n<figure><\/figure>\n<p><span class=\"element__footer\"><\/span><span class=\"element__credit\"><\/span><\/div>\n<p class=\"paragraph\" data-count=\"123\" data-wrap=\"18\">Lo anterior se desprende del \u201cInforme de Seguridad\u201d, que elabora la <strong>Secretar\u00eda de Seguridad y Protecci\u00f3n Ciudadana<\/strong> (SSPC).\n<\/p>\n<p class=\"paragraph\" data-count=\"127\" data-wrap=\"21\">Sin embargo, las cifras son a\u00fan preliminares, por lo que agosto a\u00fan podr\u00eda colocarse como el m\u00e1s violento del Gobierno actual.\n<\/p>\n<p class=\"paragraph\" data-count=\"208\" data-wrap=\"32\">Esto debido a diversos cr\u00edmenes m\u00faltiples que hubo durante ese mes, entre ellos el caso del bar <strong>Caballo Blanco<\/strong>, en Coatzacoalcos, Veracruz, donde 30 personas murieron en un incendio provocado por criminales.\n<\/p>\n<p class=\"paragraph\" data-count=\"192\" data-wrap=\"29\">La cifra definitiva de agosto se dar\u00e1 hasta el 20 de septiembre pr\u00f3ximo, cuando se publique el reporte delictivo del <strong>Secretariado Ejecutivo del Sistema Nacional de Seguridad P\u00fablica<\/strong> (SESNSP).\n<\/p>\n<p class=\"paragraph\" data-count=\"191\" data-wrap=\"35\">Pero es casi un hecho que la cifra de agosto incrementar\u00e1, como ocurri\u00f3 con meses anteriores, pues las cifras de la SSPC tienen hasta 26 por ciento menos casos que la cifra final del SESNSP.\n<\/p>\n<p class=\"paragraph\" data-count=\"222\" data-wrap=\"42\">Por ejemplo, en diciembre pasado la SSPC reporto 2 mil 153 v\u00edctimas de homicidio doloso, pero el SESNSP report\u00f3 2 mil 892; o en julio, la SSPC report\u00f3 2 mil 414 v\u00edctimas de homicidio doloso y el SESNSP registr\u00f3 2 mil 993.\n<\/p>\n<p class=\"paragraph\" data-count=\"226\" data-wrap=\"46\">Seg\u00fan el conteo de la SSPC, el mes en el que ha habido menos cr\u00edmenes es diciembre, aunque para dicho mes no se incluyeron las cifras de los d\u00edas del 1 al 4 del mes; el segundo menos violento fue abril con 2 mil 243 v\u00edctimas.\n<\/p>\n<p class=\"paragraph\" data-count=\"172\" data-wrap=\"32\">Con relaci\u00f3n a agosto, el d\u00eda 4 fue el que m\u00e1s asesinatos violentos registr\u00f3, con 101; el d\u00eda 27, cuando ocurri\u00f3 el caso del Caballo Blanco, tuvo un total de 100 v\u00edctimas.\n<\/p>\n<p class=\"paragraph\" data-count=\"190\" data-wrap=\"31\">Tambi\u00e9n se registr\u00f3 la muerte de nueve personas y lesiones a 11 m\u00e1s durante un enfrentamiento ocurrido el pasado viernes 30 de agosto en un poblado del municipio de Tepalcatepec, <strong>Michoac\u00e1n<\/strong>.\n<\/p>\n<p class=\"paragraph\" data-count=\"272\" data-wrap=\"47\">En <strong>Tamaulipas <\/strong>hubo al menos dos casos de muertes m\u00faltiples, uno de ellos ocurri\u00f3 el 15 de agosto en San Fernando, cuando seis personas murieron en un enfrentamiento; otro caso tuvo lugar el 27 de agosto en Nuevo Laredo, donde 5 murieron al enfrentar al Ej\u00e9rcito Mexicano.\n<\/p>\n<p>[ad_2]<br \/>\n<br \/><a href=\"https:\/\/www.elfinanciero.com.mx\/rss\/nacional\/se-perfila-agosto-para-ser-el-de-mayor-numero-de-homicidios\">Source link <\/a><\/p>\n","protected":false},"excerpt":{"rendered":"<p>[ad_1] Los \u00edndices de violencia en M\u00e9xico no ceden y mantienen a la administraci\u00f3n del presidente Andr\u00e9s Manuel L\u00f3pez Obrador con los niveles m\u00e1s altos de homicidios dolosos en la historia reciente del pa\u00eds. Agosto mantuvo altos \u00edndices de criminalidad, con dos mil 469 v\u00edctimas de homicidio doloso, que lo pone hasta ahora como el [&hellip;]<\/p>\n","protected":false},"author":3,"featured_media":3977,"comment_status":"open","ping_status":"open","sticky":false,"template":"","format":"standard","meta":{"footnotes":""},"categories":[1],"tags":[],"class_list":["post-3976","post","type-post","status-publish","format-standard","has-post-thumbnail","hentry","category-noticias-financieras"],"yoast_head":"<!-- This site is optimized with the Yoast SEO plugin v27.4 - https:\/\/yoast.com\/product\/yoast-seo-wordpress\/ -->\n<title>Se perfila agosto para ser el de mayor n\u00famero de homicidios - Super News<\/title>\n<meta name=\"robots\" content=\"index, follow, max-snippet:-1, max-image-preview:large, max-video-preview:-1\" \/>\n<link rel=\"canonical\" href=\"https:\/\/super-news.info\/mx\/se-perfila-agosto-para-ser-el-de-mayor-numero-de-homicidios\/\" \/>\n<meta property=\"og:locale\" content=\"es_MX\" \/>\n<meta property=\"og:type\" content=\"article\" \/>\n<meta property=\"og:title\" content=\"Se perfila agosto para ser el de mayor n\u00famero de homicidios - Super News\" \/>\n<meta property=\"og:description\" content=\"[ad_1] Los \u00edndices de violencia en M\u00e9xico no ceden y mantienen a la administraci\u00f3n del presidente Andr\u00e9s Manuel L\u00f3pez Obrador con los niveles m\u00e1s altos de homicidios dolosos en la historia reciente del pa\u00eds. Agosto mantuvo altos \u00edndices de criminalidad, con dos mil 469 v\u00edctimas de homicidio doloso, que lo pone hasta ahora como el [&hellip;]\" \/>\n<meta property=\"og:url\" content=\"https:\/\/super-news.info\/mx\/se-perfila-agosto-para-ser-el-de-mayor-numero-de-homicidios\/\" \/>\n<meta property=\"og:site_name\" content=\"Super News\" \/>\n<meta property=\"article:published_time\" content=\"2019-09-03T10:19:37+00:00\" \/>\n<meta property=\"article:modified_time\" content=\"2019-09-03T10:19:42+00:00\" \/>\n<meta property=\"og:image\" content=\"https:\/\/super-news.info\/mx\/wp-content\/uploads\/sites\/8\/2019\/09\/Se-perfila-agosto-para-ser-el-de-mayor-n-mero-de.jpeg\" \/>\n\t<meta property=\"og:image:width\" content=\"800\" \/>\n\t<meta property=\"og:image:height\" content=\"1321\" \/>\n\t<meta property=\"og:image:type\" content=\"image\/jpeg\" \/>\n<meta name=\"author\" content=\"mx\" \/>\n<meta name=\"twitter:card\" content=\"summary_large_image\" \/>\n<meta name=\"twitter:label1\" content=\"Escrito por\" \/>\n\t<meta name=\"twitter:data1\" content=\"mx\" \/>\n\t<meta name=\"twitter:label2\" content=\"Tiempo de lectura\" \/>\n\t<meta name=\"twitter:data2\" content=\"2 minutos\" \/>\n<script type=\"application\/ld+json\" class=\"yoast-schema-graph\">{\"@context\":\"https:\\\/\\\/schema.org\",\"@graph\":[{\"@type\":\"Article\",\"@id\":\"https:\\\/\\\/super-news.info\\\/mx\\\/se-perfila-agosto-para-ser-el-de-mayor-numero-de-homicidios\\\/#article\",\"isPartOf\":{\"@id\":\"https:\\\/\\\/super-news.info\\\/mx\\\/se-perfila-agosto-para-ser-el-de-mayor-numero-de-homicidios\\\/\"},\"author\":{\"name\":\"mx\",\"@id\":\"https:\\\/\\\/super-news.info\\\/mx\\\/#\\\/schema\\\/person\\\/74b71ca3d407439fd57da2d9c89449ca\"},\"headline\":\"Se perfila agosto para ser el de mayor n\u00famero de homicidios\",\"datePublished\":\"2019-09-03T10:19:37+00:00\",\"dateModified\":\"2019-09-03T10:19:42+00:00\",\"mainEntityOfPage\":{\"@id\":\"https:\\\/\\\/super-news.info\\\/mx\\\/se-perfila-agosto-para-ser-el-de-mayor-numero-de-homicidios\\\/\"},\"wordCount\":433,\"commentCount\":0,\"image\":{\"@id\":\"https:\\\/\\\/super-news.info\\\/mx\\\/se-perfila-agosto-para-ser-el-de-mayor-numero-de-homicidios\\\/#primaryimage\"},\"thumbnailUrl\":\"https:\\\/\\\/super-news.info\\\/mx\\\/wp-content\\\/uploads\\\/sites\\\/8\\\/2019\\\/09\\\/Se-perfila-agosto-para-ser-el-de-mayor-n-mero-de.jpeg\",\"articleSection\":[\"NOTICIAS FINANCIERAS\"],\"inLanguage\":\"es\",\"potentialAction\":[{\"@type\":\"CommentAction\",\"name\":\"Comment\",\"target\":[\"https:\\\/\\\/super-news.info\\\/mx\\\/se-perfila-agosto-para-ser-el-de-mayor-numero-de-homicidios\\\/#respond\"]}]},{\"@type\":\"WebPage\",\"@id\":\"https:\\\/\\\/super-news.info\\\/mx\\\/se-perfila-agosto-para-ser-el-de-mayor-numero-de-homicidios\\\/\",\"url\":\"https:\\\/\\\/super-news.info\\\/mx\\\/se-perfila-agosto-para-ser-el-de-mayor-numero-de-homicidios\\\/\",\"name\":\"Se perfila agosto para ser el de mayor n\u00famero de homicidios - Super News\",\"isPartOf\":{\"@id\":\"https:\\\/\\\/super-news.info\\\/mx\\\/#website\"},\"primaryImageOfPage\":{\"@id\":\"https:\\\/\\\/super-news.info\\\/mx\\\/se-perfila-agosto-para-ser-el-de-mayor-numero-de-homicidios\\\/#primaryimage\"},\"image\":{\"@id\":\"https:\\\/\\\/super-news.info\\\/mx\\\/se-perfila-agosto-para-ser-el-de-mayor-numero-de-homicidios\\\/#primaryimage\"},\"thumbnailUrl\":\"https:\\\/\\\/super-news.info\\\/mx\\\/wp-content\\\/uploads\\\/sites\\\/8\\\/2019\\\/09\\\/Se-perfila-agosto-para-ser-el-de-mayor-n-mero-de.jpeg\",\"datePublished\":\"2019-09-03T10:19:37+00:00\",\"dateModified\":\"2019-09-03T10:19:42+00:00\",\"author\":{\"@id\":\"https:\\\/\\\/super-news.info\\\/mx\\\/#\\\/schema\\\/person\\\/74b71ca3d407439fd57da2d9c89449ca\"},\"breadcrumb\":{\"@id\":\"https:\\\/\\\/super-news.info\\\/mx\\\/se-perfila-agosto-para-ser-el-de-mayor-numero-de-homicidios\\\/#breadcrumb\"},\"inLanguage\":\"es\",\"potentialAction\":[{\"@type\":\"ReadAction\",\"target\":[\"https:\\\/\\\/super-news.info\\\/mx\\\/se-perfila-agosto-para-ser-el-de-mayor-numero-de-homicidios\\\/\"]}]},{\"@type\":\"ImageObject\",\"inLanguage\":\"es\",\"@id\":\"https:\\\/\\\/super-news.info\\\/mx\\\/se-perfila-agosto-para-ser-el-de-mayor-numero-de-homicidios\\\/#primaryimage\",\"url\":\"https:\\\/\\\/super-news.info\\\/mx\\\/wp-content\\\/uploads\\\/sites\\\/8\\\/2019\\\/09\\\/Se-perfila-agosto-para-ser-el-de-mayor-n-mero-de.jpeg\",\"contentUrl\":\"https:\\\/\\\/super-news.info\\\/mx\\\/wp-content\\\/uploads\\\/sites\\\/8\\\/2019\\\/09\\\/Se-perfila-agosto-para-ser-el-de-mayor-n-mero-de.jpeg\",\"width\":800,\"height\":1321,\"caption\":\"Se perfila agosto para ser el de mayor n\u00famero de homicidios\"},{\"@type\":\"BreadcrumbList\",\"@id\":\"https:\\\/\\\/super-news.info\\\/mx\\\/se-perfila-agosto-para-ser-el-de-mayor-numero-de-homicidios\\\/#breadcrumb\",\"itemListElement\":[{\"@type\":\"ListItem\",\"position\":1,\"name\":\"Home\",\"item\":\"https:\\\/\\\/super-news.info\\\/mx\\\/\"},{\"@type\":\"ListItem\",\"position\":2,\"name\":\"Se perfila agosto para ser el de mayor n\u00famero de homicidios\"}]},{\"@type\":\"WebSite\",\"@id\":\"https:\\\/\\\/super-news.info\\\/mx\\\/#website\",\"url\":\"https:\\\/\\\/super-news.info\\\/mx\\\/\",\"name\":\"Super News\",\"description\":\"Super News Mexico\",\"potentialAction\":[{\"@type\":\"SearchAction\",\"target\":{\"@type\":\"EntryPoint\",\"urlTemplate\":\"https:\\\/\\\/super-news.info\\\/mx\\\/?s={search_term_string}\"},\"query-input\":{\"@type\":\"PropertyValueSpecification\",\"valueRequired\":true,\"valueName\":\"search_term_string\"}}],\"inLanguage\":\"es\"},{\"@type\":\"Person\",\"@id\":\"https:\\\/\\\/super-news.info\\\/mx\\\/#\\\/schema\\\/person\\\/74b71ca3d407439fd57da2d9c89449ca\",\"name\":\"mx\",\"image\":{\"@type\":\"ImageObject\",\"inLanguage\":\"es\",\"@id\":\"https:\\\/\\\/secure.gravatar.com\\\/avatar\\\/6374ac65ff69c362a0ae1303d73d69dcd9bd198d62d9861f054a69aaf82c017b?s=96&d=mm&r=g\",\"url\":\"https:\\\/\\\/secure.gravatar.com\\\/avatar\\\/6374ac65ff69c362a0ae1303d73d69dcd9bd198d62d9861f054a69aaf82c017b?s=96&d=mm&r=g\",\"contentUrl\":\"https:\\\/\\\/secure.gravatar.com\\\/avatar\\\/6374ac65ff69c362a0ae1303d73d69dcd9bd198d62d9861f054a69aaf82c017b?s=96&d=mm&r=g\",\"caption\":\"mx\"},\"url\":\"https:\\\/\\\/super-news.info\\\/mx\\\/author\\\/mx\\\/\"}]}<\/script>\n<!-- \/ Yoast SEO plugin. -->","yoast_head_json":{"title":"Se perfila agosto para ser el de mayor n\u00famero de homicidios - Super News","robots":{"index":"index","follow":"follow","max-snippet":"max-snippet:-1","max-image-preview":"max-image-preview:large","max-video-preview":"max-video-preview:-1"},"canonical":"https:\/\/super-news.info\/mx\/se-perfila-agosto-para-ser-el-de-mayor-numero-de-homicidios\/","og_locale":"es_MX","og_type":"article","og_title":"Se perfila agosto para ser el de mayor n\u00famero de homicidios - Super News","og_description":"[ad_1] Los \u00edndices de violencia en M\u00e9xico no ceden y mantienen a la administraci\u00f3n del presidente Andr\u00e9s Manuel L\u00f3pez Obrador con los niveles m\u00e1s altos de homicidios dolosos en la historia reciente del pa\u00eds. Agosto mantuvo altos \u00edndices de criminalidad, con dos mil 469 v\u00edctimas de homicidio doloso, que lo pone hasta ahora como el [&hellip;]","og_url":"https:\/\/super-news.info\/mx\/se-perfila-agosto-para-ser-el-de-mayor-numero-de-homicidios\/","og_site_name":"Super News","article_published_time":"2019-09-03T10:19:37+00:00","article_modified_time":"2019-09-03T10:19:42+00:00","og_image":[{"width":800,"height":1321,"url":"https:\/\/super-news.info\/mx\/wp-content\/uploads\/sites\/8\/2019\/09\/Se-perfila-agosto-para-ser-el-de-mayor-n-mero-de.jpeg","type":"image\/jpeg"}],"author":"mx","twitter_card":"summary_large_image","twitter_misc":{"Escrito por":"mx","Tiempo de lectura":"2 minutos"},"schema":{"@context":"https:\/\/schema.org","@graph":[{"@type":"Article","@id":"https:\/\/super-news.info\/mx\/se-perfila-agosto-para-ser-el-de-mayor-numero-de-homicidios\/#article","isPartOf":{"@id":"https:\/\/super-news.info\/mx\/se-perfila-agosto-para-ser-el-de-mayor-numero-de-homicidios\/"},"author":{"name":"mx","@id":"https:\/\/super-news.info\/mx\/#\/schema\/person\/74b71ca3d407439fd57da2d9c89449ca"},"headline":"Se perfila agosto para ser el de mayor n\u00famero de homicidios","datePublished":"2019-09-03T10:19:37+00:00","dateModified":"2019-09-03T10:19:42+00:00","mainEntityOfPage":{"@id":"https:\/\/super-news.info\/mx\/se-perfila-agosto-para-ser-el-de-mayor-numero-de-homicidios\/"},"wordCount":433,"commentCount":0,"image":{"@id":"https:\/\/super-news.info\/mx\/se-perfila-agosto-para-ser-el-de-mayor-numero-de-homicidios\/#primaryimage"},"thumbnailUrl":"https:\/\/super-news.info\/mx\/wp-content\/uploads\/sites\/8\/2019\/09\/Se-perfila-agosto-para-ser-el-de-mayor-n-mero-de.jpeg","articleSection":["NOTICIAS FINANCIERAS"],"inLanguage":"es","potentialAction":[{"@type":"CommentAction","name":"Comment","target":["https:\/\/super-news.info\/mx\/se-perfila-agosto-para-ser-el-de-mayor-numero-de-homicidios\/#respond"]}]},{"@type":"WebPage","@id":"https:\/\/super-news.info\/mx\/se-perfila-agosto-para-ser-el-de-mayor-numero-de-homicidios\/","url":"https:\/\/super-news.info\/mx\/se-perfila-agosto-para-ser-el-de-mayor-numero-de-homicidios\/","name":"Se perfila agosto para ser el de mayor n\u00famero de homicidios - Super News","isPartOf":{"@id":"https:\/\/super-news.info\/mx\/#website"},"primaryImageOfPage":{"@id":"https:\/\/super-news.info\/mx\/se-perfila-agosto-para-ser-el-de-mayor-numero-de-homicidios\/#primaryimage"},"image":{"@id":"https:\/\/super-news.info\/mx\/se-perfila-agosto-para-ser-el-de-mayor-numero-de-homicidios\/#primaryimage"},"thumbnailUrl":"https:\/\/super-news.info\/mx\/wp-content\/uploads\/sites\/8\/2019\/09\/Se-perfila-agosto-para-ser-el-de-mayor-n-mero-de.jpeg","datePublished":"2019-09-03T10:19:37+00:00","dateModified":"2019-09-03T10:19:42+00:00","author":{"@id":"https:\/\/super-news.info\/mx\/#\/schema\/person\/74b71ca3d407439fd57da2d9c89449ca"},"breadcrumb":{"@id":"https:\/\/super-news.info\/mx\/se-perfila-agosto-para-ser-el-de-mayor-numero-de-homicidios\/#breadcrumb"},"inLanguage":"es","potentialAction":[{"@type":"ReadAction","target":["https:\/\/super-news.info\/mx\/se-perfila-agosto-para-ser-el-de-mayor-numero-de-homicidios\/"]}]},{"@type":"ImageObject","inLanguage":"es","@id":"https:\/\/super-news.info\/mx\/se-perfila-agosto-para-ser-el-de-mayor-numero-de-homicidios\/#primaryimage","url":"https:\/\/super-news.info\/mx\/wp-content\/uploads\/sites\/8\/2019\/09\/Se-perfila-agosto-para-ser-el-de-mayor-n-mero-de.jpeg","contentUrl":"https:\/\/super-news.info\/mx\/wp-content\/uploads\/sites\/8\/2019\/09\/Se-perfila-agosto-para-ser-el-de-mayor-n-mero-de.jpeg","width":800,"height":1321,"caption":"Se perfila agosto para ser el de mayor n\u00famero de homicidios"},{"@type":"BreadcrumbList","@id":"https:\/\/super-news.info\/mx\/se-perfila-agosto-para-ser-el-de-mayor-numero-de-homicidios\/#breadcrumb","itemListElement":[{"@type":"ListItem","position":1,"name":"Home","item":"https:\/\/super-news.info\/mx\/"},{"@type":"ListItem","position":2,"name":"Se perfila agosto para ser el de mayor n\u00famero de homicidios"}]},{"@type":"WebSite","@id":"https:\/\/super-news.info\/mx\/#website","url":"https:\/\/super-news.info\/mx\/","name":"Super News","description":"Super News Mexico","potentialAction":[{"@type":"SearchAction","target":{"@type":"EntryPoint","urlTemplate":"https:\/\/super-news.info\/mx\/?s={search_term_string}"},"query-input":{"@type":"PropertyValueSpecification","valueRequired":true,"valueName":"search_term_string"}}],"inLanguage":"es"},{"@type":"Person","@id":"https:\/\/super-news.info\/mx\/#\/schema\/person\/74b71ca3d407439fd57da2d9c89449ca","name":"mx","image":{"@type":"ImageObject","inLanguage":"es","@id":"https:\/\/secure.gravatar.com\/avatar\/6374ac65ff69c362a0ae1303d73d69dcd9bd198d62d9861f054a69aaf82c017b?s=96&d=mm&r=g","url":"https:\/\/secure.gravatar.com\/avatar\/6374ac65ff69c362a0ae1303d73d69dcd9bd198d62d9861f054a69aaf82c017b?s=96&d=mm&r=g","contentUrl":"https:\/\/secure.gravatar.com\/avatar\/6374ac65ff69c362a0ae1303d73d69dcd9bd198d62d9861f054a69aaf82c017b?s=96&d=mm&r=g","caption":"mx"},"url":"https:\/\/super-news.info\/mx\/author\/mx\/"}]}},"_links":{"self":[{"href":"https:\/\/super-news.info\/mx\/wp-json\/wp\/v2\/posts\/3976","targetHints":{"allow":["GET"]}}],"collection":[{"href":"https:\/\/super-news.info\/mx\/wp-json\/wp\/v2\/posts"}],"about":[{"href":"https:\/\/super-news.info\/mx\/wp-json\/wp\/v2\/types\/post"}],"author":[{"embeddable":true,"href":"https:\/\/super-news.info\/mx\/wp-json\/wp\/v2\/users\/3"}],"replies":[{"embeddable":true,"href":"https:\/\/super-news.info\/mx\/wp-json\/wp\/v2\/comments?post=3976"}],"version-history":[{"count":1,"href":"https:\/\/super-news.info\/mx\/wp-json\/wp\/v2\/posts\/3976\/revisions"}],"predecessor-version":[{"id":3978,"href":"https:\/\/super-news.info\/mx\/wp-json\/wp\/v2\/posts\/3976\/revisions\/3978"}],"wp:featuredmedia":[{"embeddable":true,"href":"https:\/\/super-news.info\/mx\/wp-json\/wp\/v2\/media\/3977"}],"wp:attachment":[{"href":"https:\/\/super-news.info\/mx\/wp-json\/wp\/v2\/media?parent=3976"}],"wp:term":[{"taxonomy":"category","embeddable":true,"href":"https:\/\/super-news.info\/mx\/wp-json\/wp\/v2\/categories?post=3976"},{"taxonomy":"post_tag","embeddable":true,"href":"https:\/\/super-news.info\/mx\/wp-json\/wp\/v2\/tags?post=3976"}],"curies":[{"name":"wp","href":"https:\/\/api.w.org\/{rel}","templated":true}]}}