{"id":3962,"date":"2019-09-02T18:05:23","date_gmt":"2019-09-02T18:05:23","guid":{"rendered":"https:\/\/super-news.info\/mx\/y-a-ti-como-te-va-en-la-vida\/"},"modified":"2019-09-02T18:05:24","modified_gmt":"2019-09-02T18:05:24","slug":"y-a-ti-como-te-va-en-la-vida","status":"publish","type":"post","link":"https:\/\/super-news.info\/mx\/y-a-ti-como-te-va-en-la-vida\/","title":{"rendered":"Y a ti \u00bfc\u00f3mo te va en la vida?"},"content":{"rendered":"<p> [ad_1]<br \/>\n<\/p>\n<div class=\"image__block -side\">\n<figure><\/figure>\n<p><span class=\"element__footer\">Miguel Moreno Tripp<\/span><span class=\"element__credit\">Fuente: Cortes\u00eda<\/span><\/div>\n<p class=\"paragraph\" data-count=\"365\" data-wrap=\"57\">\u201cEn la vida hay m\u00e1s que las cifras del PIB y las estad\u00edsticas econ\u00f3micas\u201d. Eso es lo que nos dice la p\u00e1gina del \u00cdndice Better Life de la OECD, el cual \u201cpermite comparar el bienestar en distintos pa\u00edses bas\u00e1ndose en 11 temas: Vivienda, Empleo, Educaci\u00f3n, Compromiso C\u00edvico, Satisfacci\u00f3n, Balance Vida-Trabajo, Ingresos, Comunidad, Medio Ambiente, Salud y Seguridad\u201d.<\/p>\n<p class=\"paragraph\" data-count=\"595\" data-wrap=\"104\">\u201cEl \u00cdndice tiene como objetivo involucrar a los ciudadanos en el debate y que est\u00e9n m\u00e1s informados\u201d. De hecho, se hace la pregunta:<strong> \u201c\u00bfCu\u00e1l pa\u00eds es el [pa\u00eds] # 1?\u201d <\/strong>y se responde a s\u00ed mismo: \u201c\u00a1Eso depende de usted! La OCDE no ha asignado clasificaciones a los pa\u00edses, est\u00e1 dise\u00f1ado para permitirle investigar c\u00f3mo cada uno de los 11 temas puede contribuir al bienestar\u201d. Es decir, es relativo en funci\u00f3n de que tema le es m\u00e1s importante a Ud. Sinceramente, esto no habla bien del \u00edndice porque no permitir\u00eda comparaciones lo m\u00e1s objetivas posibles. Pero es un buen avance en la direcci\u00f3n correcta.<\/p>\n<p class=\"paragraph\" data-count=\"264\" data-wrap=\"46\">Adem\u00e1s, llega a hacer la pregunta: \u201c<strong>[La medici\u00f3n del] PIB sigue siendo \u00fatil?<\/strong>\u201d Concluye que el PIB es una medida \u00fatil y comprendida de c\u00f3mo le va a la econom\u00eda, aunque ciertamente tiene limitaciones y precisamente, entre otras, no toma en cuenta la calidad de vida.<\/p>\n<p class=\"paragraph\" data-count=\"353\" data-wrap=\"51\">Para el caso de M\u00e9xico, nos dice que nos ubicamos \u201cpor arriba del promedio en compromiso c\u00edvico, pero por debajo del promedio en las dimensiones de empleo y remuneraci\u00f3n, satisfacci\u00f3n, estado de la salud, calidad medioambiental, vivienda, ingreso y patrimonio, sentido de comunidad, balance vida-trabajo, seguridad personal, y educaci\u00f3n y competencias.\u201d<\/p>\n<p class=\"paragraph\" data-count=\"540\" data-wrap=\"92\">Tambi\u00e9n este resultado ser\u00eda debatible, ya que el compromiso c\u00edvico si bien incluye la participaci\u00f3n electoral y participaci\u00f3n ciudadana en la elaboraci\u00f3n de regulaciones, no podemos dejar de lado la inseguridad, no desde el punto de vista de la v\u00edctima, sino del porque este ha sido el peor semestre en asesinatos y el c\u00f3mo se escucha un caso y otro tambi\u00e9n de inseguridad en las carreteras, el huachicoleo no ha cedido y en general el crimen est\u00e1 floreciendo. Son mexicanos criminales que de pueblo bueno no tienen nada por m\u00e1s que voten.<\/p>\n<p class=\"paragraph\" data-count=\"282\" data-wrap=\"53\">Hay cifras regionales en la p\u00e1gina del INEGI. Veamos el caso de Nuevo Le\u00f3n en algunos indicadores. Acceso a servicios de salud: 87 por ciento, en el lugar 12, siendo San Luis Potos\u00ed el primer lugar. Aunque del 2008 al 2018 creci\u00f3 del 75 por ciento al 87 por ciento. Falta por hacer.<\/p>\n<p class=\"paragraph\" data-count=\"205\" data-wrap=\"34\">Viviendas con acceso a servicios b\u00e1sicos (red p\u00fablica de agua dentro y fuera de la vivienda, red p\u00fablica de drenaje, servicio p\u00fablico de electricidad)<strong> ocupamos el segundo lugar con un 98 por ciento. <\/strong>\u00a1Bien\u00a1<\/p>\n<p class=\"paragraph\" data-count=\"221\" data-wrap=\"37\">En Balance Vida-Trabajo (tiempo disponible que tiene una persona para ocuparlo en hacer lo que le gusta), de un puntaje m\u00e1ximo de 10 puntos tenemos ocho. Tanta cr\u00edtica que se hace sobre ser \u201cwork-alcoholic\u201d (s\u00ed, \u00bfy qu\u00e9?).<\/p>\n<p class=\"paragraph\" data-count=\"261\" data-wrap=\"43\">En Educaci\u00f3n, respecto de los a\u00f1os promedio de escolaridad tenemos 10.2 a\u00f1os, solo por debajo del ExDF con 11.1 a\u00f1os. Los<strong> lugares m\u00e1s bajos son <\/strong>Michoac\u00e1n (7.9), Guerrero (7.7), Oaxaca (7.5) y Chiapas (7.2). (Aviso de sarcasmo) <strong>\u00bfTendr\u00e1n algo en com\u00fan esas zonas?<\/strong><\/p>\n<p class=\"paragraph\" data-count=\"265\" data-wrap=\"45\">En cuanto a la<strong> percepci\u00f3n de la inseguridad<\/strong> (porcentaje de personas que perciben su colonia como insegura), tenemos un 44 por ciento y ocupamos el lugar 19; siendo los que tienen mayor percepci\u00f3n de inseguridad Tabasco (67.8 por ciento) y el ExDF (67.4 por ciento).<\/p>\n<p class=\"paragraph\" data-count=\"130\" data-wrap=\"22\">No podemos cubrir todos los<strong> temas por falta de espacio<\/strong>, pero le recomiendo que visite las p\u00e1ginas del INEGI. Son muy ilustrativas.<\/p>\n<p class=\"paragraph\" data-count=\"263\" data-wrap=\"51\">Si el compromiso c\u00edvico es lo que tenemos a favor y lo dem\u00e1s est\u00e1 por debajo de los pa\u00edses del estudio, -en principio miembros de la OECD- y ni siquiera hay crecimiento econ\u00f3mico, pues estamos mal y de malas. Le deseo que en lo individual le vaya bien en la vida.<\/p>\n<p class=\"paragraph\" data-count=\"220\" data-wrap=\"37\"><em>El autor es Doctor en Finanzas por la Universidad de Tulane; cuenta con la Maestr\u00eda en Alta Direcci\u00f3n de Empresas, en el IPADE. Se desempe\u00f1\u00f3 como Director General de entidades del \u00e1rea Internacional en Santander Serfin. <\/em><\/p>\n<p class=\"paragraph\" data-count=\"33\" data-wrap=\"3\">Opine usted: morenotrip@gmail.com<\/p>\n<p class=\"paragraph\" data-count=\"178\" data-wrap=\"27\"><strong>Esta es una columna de opini\u00f3n. Las expresiones aqu\u00ed vertidas son responsabilidad \u00fanicamente de quien la firma y no necesariamente reflejan la postura editorial de El Financiero.<\/strong><\/p>\n<p>[ad_2]<br \/>\n<br \/><a href=\"https:\/\/www.elfinanciero.com.mx\/rss\/monterrey\/y-a-ti-como-te-va-en-la-vida\">Source link <\/a><\/p>\n","protected":false},"excerpt":{"rendered":"<p>[ad_1] Miguel Moreno TrippFuente: Cortes\u00eda \u201cEn la vida hay m\u00e1s que las cifras del PIB y las estad\u00edsticas econ\u00f3micas\u201d. Eso es lo que nos dice la p\u00e1gina del \u00cdndice Better Life de la OECD, el cual \u201cpermite comparar el bienestar en distintos pa\u00edses bas\u00e1ndose en 11 temas: Vivienda, Empleo, Educaci\u00f3n, Compromiso C\u00edvico, Satisfacci\u00f3n, Balance Vida-Trabajo, [&hellip;]<\/p>\n","protected":false},"author":3,"featured_media":470,"comment_status":"open","ping_status":"open","sticky":false,"template":"","format":"standard","meta":{"footnotes":""},"categories":[1],"tags":[],"class_list":["post-3962","post","type-post","status-publish","format-standard","has-post-thumbnail","hentry","category-noticias-financieras"],"yoast_head":"<!-- This site is optimized with the Yoast SEO plugin v27.4 - https:\/\/yoast.com\/product\/yoast-seo-wordpress\/ -->\n<title>Y a ti \u00bfc\u00f3mo te va en la vida? - Super News<\/title>\n<meta name=\"robots\" content=\"index, follow, max-snippet:-1, max-image-preview:large, max-video-preview:-1\" \/>\n<link rel=\"canonical\" href=\"https:\/\/super-news.info\/mx\/y-a-ti-como-te-va-en-la-vida\/\" \/>\n<meta property=\"og:locale\" content=\"es_MX\" \/>\n<meta property=\"og:type\" content=\"article\" \/>\n<meta property=\"og:title\" content=\"Y a ti \u00bfc\u00f3mo te va en la vida? - Super News\" \/>\n<meta property=\"og:description\" content=\"[ad_1] Miguel Moreno TrippFuente: Cortes\u00eda \u201cEn la vida hay m\u00e1s que las cifras del PIB y las estad\u00edsticas econ\u00f3micas\u201d. Eso es lo que nos dice la p\u00e1gina del \u00cdndice Better Life de la OECD, el cual \u201cpermite comparar el bienestar en distintos pa\u00edses bas\u00e1ndose en 11 temas: Vivienda, Empleo, Educaci\u00f3n, Compromiso C\u00edvico, Satisfacci\u00f3n, Balance Vida-Trabajo, [&hellip;]\" \/>\n<meta property=\"og:url\" content=\"https:\/\/super-news.info\/mx\/y-a-ti-como-te-va-en-la-vida\/\" \/>\n<meta property=\"og:site_name\" content=\"Super News\" \/>\n<meta property=\"article:published_time\" content=\"2019-09-02T18:05:23+00:00\" \/>\n<meta property=\"article:modified_time\" content=\"2019-09-02T18:05:24+00:00\" \/>\n<meta property=\"og:image\" content=\"https:\/\/super-news.info\/mx\/wp-content\/uploads\/sites\/8\/2019\/05\/Con-el-dinero-de-los-dem\u00e1s.jpeg\" \/>\n\t<meta property=\"og:image:width\" content=\"1776\" \/>\n\t<meta property=\"og:image:height\" content=\"1000\" \/>\n\t<meta property=\"og:image:type\" content=\"image\/jpeg\" \/>\n<meta name=\"author\" content=\"mx\" \/>\n<meta name=\"twitter:card\" content=\"summary_large_image\" \/>\n<meta name=\"twitter:label1\" content=\"Escrito por\" \/>\n\t<meta name=\"twitter:data1\" content=\"mx\" \/>\n\t<meta name=\"twitter:label2\" content=\"Tiempo de lectura\" \/>\n\t<meta name=\"twitter:data2\" content=\"4 minutos\" \/>\n<script type=\"application\/ld+json\" class=\"yoast-schema-graph\">{\"@context\":\"https:\\\/\\\/schema.org\",\"@graph\":[{\"@type\":\"Article\",\"@id\":\"https:\\\/\\\/super-news.info\\\/mx\\\/y-a-ti-como-te-va-en-la-vida\\\/#article\",\"isPartOf\":{\"@id\":\"https:\\\/\\\/super-news.info\\\/mx\\\/y-a-ti-como-te-va-en-la-vida\\\/\"},\"author\":{\"name\":\"mx\",\"@id\":\"https:\\\/\\\/super-news.info\\\/mx\\\/#\\\/schema\\\/person\\\/74b71ca3d407439fd57da2d9c89449ca\"},\"headline\":\"Y a ti \u00bfc\u00f3mo te va en la vida?\",\"datePublished\":\"2019-09-02T18:05:23+00:00\",\"dateModified\":\"2019-09-02T18:05:24+00:00\",\"mainEntityOfPage\":{\"@id\":\"https:\\\/\\\/super-news.info\\\/mx\\\/y-a-ti-como-te-va-en-la-vida\\\/\"},\"wordCount\":768,\"commentCount\":0,\"image\":{\"@id\":\"https:\\\/\\\/super-news.info\\\/mx\\\/y-a-ti-como-te-va-en-la-vida\\\/#primaryimage\"},\"thumbnailUrl\":\"https:\\\/\\\/super-news.info\\\/mx\\\/wp-content\\\/uploads\\\/sites\\\/8\\\/2019\\\/05\\\/Con-el-dinero-de-los-dem\u00e1s.jpeg\",\"articleSection\":[\"NOTICIAS FINANCIERAS\"],\"inLanguage\":\"es\",\"potentialAction\":[{\"@type\":\"CommentAction\",\"name\":\"Comment\",\"target\":[\"https:\\\/\\\/super-news.info\\\/mx\\\/y-a-ti-como-te-va-en-la-vida\\\/#respond\"]}]},{\"@type\":\"WebPage\",\"@id\":\"https:\\\/\\\/super-news.info\\\/mx\\\/y-a-ti-como-te-va-en-la-vida\\\/\",\"url\":\"https:\\\/\\\/super-news.info\\\/mx\\\/y-a-ti-como-te-va-en-la-vida\\\/\",\"name\":\"Y a ti \u00bfc\u00f3mo te va en la vida? - Super News\",\"isPartOf\":{\"@id\":\"https:\\\/\\\/super-news.info\\\/mx\\\/#website\"},\"primaryImageOfPage\":{\"@id\":\"https:\\\/\\\/super-news.info\\\/mx\\\/y-a-ti-como-te-va-en-la-vida\\\/#primaryimage\"},\"image\":{\"@id\":\"https:\\\/\\\/super-news.info\\\/mx\\\/y-a-ti-como-te-va-en-la-vida\\\/#primaryimage\"},\"thumbnailUrl\":\"https:\\\/\\\/super-news.info\\\/mx\\\/wp-content\\\/uploads\\\/sites\\\/8\\\/2019\\\/05\\\/Con-el-dinero-de-los-dem\u00e1s.jpeg\",\"datePublished\":\"2019-09-02T18:05:23+00:00\",\"dateModified\":\"2019-09-02T18:05:24+00:00\",\"author\":{\"@id\":\"https:\\\/\\\/super-news.info\\\/mx\\\/#\\\/schema\\\/person\\\/74b71ca3d407439fd57da2d9c89449ca\"},\"breadcrumb\":{\"@id\":\"https:\\\/\\\/super-news.info\\\/mx\\\/y-a-ti-como-te-va-en-la-vida\\\/#breadcrumb\"},\"inLanguage\":\"es\",\"potentialAction\":[{\"@type\":\"ReadAction\",\"target\":[\"https:\\\/\\\/super-news.info\\\/mx\\\/y-a-ti-como-te-va-en-la-vida\\\/\"]}]},{\"@type\":\"ImageObject\",\"inLanguage\":\"es\",\"@id\":\"https:\\\/\\\/super-news.info\\\/mx\\\/y-a-ti-como-te-va-en-la-vida\\\/#primaryimage\",\"url\":\"https:\\\/\\\/super-news.info\\\/mx\\\/wp-content\\\/uploads\\\/sites\\\/8\\\/2019\\\/05\\\/Con-el-dinero-de-los-dem\u00e1s.jpeg\",\"contentUrl\":\"https:\\\/\\\/super-news.info\\\/mx\\\/wp-content\\\/uploads\\\/sites\\\/8\\\/2019\\\/05\\\/Con-el-dinero-de-los-dem\u00e1s.jpeg\",\"width\":1776,\"height\":1000,\"caption\":\"Miguel Moreno Tripp\"},{\"@type\":\"BreadcrumbList\",\"@id\":\"https:\\\/\\\/super-news.info\\\/mx\\\/y-a-ti-como-te-va-en-la-vida\\\/#breadcrumb\",\"itemListElement\":[{\"@type\":\"ListItem\",\"position\":1,\"name\":\"Home\",\"item\":\"https:\\\/\\\/super-news.info\\\/mx\\\/\"},{\"@type\":\"ListItem\",\"position\":2,\"name\":\"Y a ti \u00bfc\u00f3mo te va en la vida?\"}]},{\"@type\":\"WebSite\",\"@id\":\"https:\\\/\\\/super-news.info\\\/mx\\\/#website\",\"url\":\"https:\\\/\\\/super-news.info\\\/mx\\\/\",\"name\":\"Super News\",\"description\":\"Super News Mexico\",\"potentialAction\":[{\"@type\":\"SearchAction\",\"target\":{\"@type\":\"EntryPoint\",\"urlTemplate\":\"https:\\\/\\\/super-news.info\\\/mx\\\/?s={search_term_string}\"},\"query-input\":{\"@type\":\"PropertyValueSpecification\",\"valueRequired\":true,\"valueName\":\"search_term_string\"}}],\"inLanguage\":\"es\"},{\"@type\":\"Person\",\"@id\":\"https:\\\/\\\/super-news.info\\\/mx\\\/#\\\/schema\\\/person\\\/74b71ca3d407439fd57da2d9c89449ca\",\"name\":\"mx\",\"image\":{\"@type\":\"ImageObject\",\"inLanguage\":\"es\",\"@id\":\"https:\\\/\\\/secure.gravatar.com\\\/avatar\\\/6374ac65ff69c362a0ae1303d73d69dcd9bd198d62d9861f054a69aaf82c017b?s=96&d=mm&r=g\",\"url\":\"https:\\\/\\\/secure.gravatar.com\\\/avatar\\\/6374ac65ff69c362a0ae1303d73d69dcd9bd198d62d9861f054a69aaf82c017b?s=96&d=mm&r=g\",\"contentUrl\":\"https:\\\/\\\/secure.gravatar.com\\\/avatar\\\/6374ac65ff69c362a0ae1303d73d69dcd9bd198d62d9861f054a69aaf82c017b?s=96&d=mm&r=g\",\"caption\":\"mx\"},\"url\":\"https:\\\/\\\/super-news.info\\\/mx\\\/author\\\/mx\\\/\"}]}<\/script>\n<!-- \/ Yoast SEO plugin. -->","yoast_head_json":{"title":"Y a ti \u00bfc\u00f3mo te va en la vida? - Super News","robots":{"index":"index","follow":"follow","max-snippet":"max-snippet:-1","max-image-preview":"max-image-preview:large","max-video-preview":"max-video-preview:-1"},"canonical":"https:\/\/super-news.info\/mx\/y-a-ti-como-te-va-en-la-vida\/","og_locale":"es_MX","og_type":"article","og_title":"Y a ti \u00bfc\u00f3mo te va en la vida? - Super News","og_description":"[ad_1] Miguel Moreno TrippFuente: Cortes\u00eda \u201cEn la vida hay m\u00e1s que las cifras del PIB y las estad\u00edsticas econ\u00f3micas\u201d. Eso es lo que nos dice la p\u00e1gina del \u00cdndice Better Life de la OECD, el cual \u201cpermite comparar el bienestar en distintos pa\u00edses bas\u00e1ndose en 11 temas: Vivienda, Empleo, Educaci\u00f3n, Compromiso C\u00edvico, Satisfacci\u00f3n, Balance Vida-Trabajo, [&hellip;]","og_url":"https:\/\/super-news.info\/mx\/y-a-ti-como-te-va-en-la-vida\/","og_site_name":"Super News","article_published_time":"2019-09-02T18:05:23+00:00","article_modified_time":"2019-09-02T18:05:24+00:00","og_image":[{"width":1776,"height":1000,"url":"https:\/\/super-news.info\/mx\/wp-content\/uploads\/sites\/8\/2019\/05\/Con-el-dinero-de-los-dem\u00e1s.jpeg","type":"image\/jpeg"}],"author":"mx","twitter_card":"summary_large_image","twitter_misc":{"Escrito por":"mx","Tiempo de lectura":"4 minutos"},"schema":{"@context":"https:\/\/schema.org","@graph":[{"@type":"Article","@id":"https:\/\/super-news.info\/mx\/y-a-ti-como-te-va-en-la-vida\/#article","isPartOf":{"@id":"https:\/\/super-news.info\/mx\/y-a-ti-como-te-va-en-la-vida\/"},"author":{"name":"mx","@id":"https:\/\/super-news.info\/mx\/#\/schema\/person\/74b71ca3d407439fd57da2d9c89449ca"},"headline":"Y a ti \u00bfc\u00f3mo te va en la vida?","datePublished":"2019-09-02T18:05:23+00:00","dateModified":"2019-09-02T18:05:24+00:00","mainEntityOfPage":{"@id":"https:\/\/super-news.info\/mx\/y-a-ti-como-te-va-en-la-vida\/"},"wordCount":768,"commentCount":0,"image":{"@id":"https:\/\/super-news.info\/mx\/y-a-ti-como-te-va-en-la-vida\/#primaryimage"},"thumbnailUrl":"https:\/\/super-news.info\/mx\/wp-content\/uploads\/sites\/8\/2019\/05\/Con-el-dinero-de-los-dem\u00e1s.jpeg","articleSection":["NOTICIAS FINANCIERAS"],"inLanguage":"es","potentialAction":[{"@type":"CommentAction","name":"Comment","target":["https:\/\/super-news.info\/mx\/y-a-ti-como-te-va-en-la-vida\/#respond"]}]},{"@type":"WebPage","@id":"https:\/\/super-news.info\/mx\/y-a-ti-como-te-va-en-la-vida\/","url":"https:\/\/super-news.info\/mx\/y-a-ti-como-te-va-en-la-vida\/","name":"Y a ti \u00bfc\u00f3mo te va en la vida? - Super News","isPartOf":{"@id":"https:\/\/super-news.info\/mx\/#website"},"primaryImageOfPage":{"@id":"https:\/\/super-news.info\/mx\/y-a-ti-como-te-va-en-la-vida\/#primaryimage"},"image":{"@id":"https:\/\/super-news.info\/mx\/y-a-ti-como-te-va-en-la-vida\/#primaryimage"},"thumbnailUrl":"https:\/\/super-news.info\/mx\/wp-content\/uploads\/sites\/8\/2019\/05\/Con-el-dinero-de-los-dem\u00e1s.jpeg","datePublished":"2019-09-02T18:05:23+00:00","dateModified":"2019-09-02T18:05:24+00:00","author":{"@id":"https:\/\/super-news.info\/mx\/#\/schema\/person\/74b71ca3d407439fd57da2d9c89449ca"},"breadcrumb":{"@id":"https:\/\/super-news.info\/mx\/y-a-ti-como-te-va-en-la-vida\/#breadcrumb"},"inLanguage":"es","potentialAction":[{"@type":"ReadAction","target":["https:\/\/super-news.info\/mx\/y-a-ti-como-te-va-en-la-vida\/"]}]},{"@type":"ImageObject","inLanguage":"es","@id":"https:\/\/super-news.info\/mx\/y-a-ti-como-te-va-en-la-vida\/#primaryimage","url":"https:\/\/super-news.info\/mx\/wp-content\/uploads\/sites\/8\/2019\/05\/Con-el-dinero-de-los-dem\u00e1s.jpeg","contentUrl":"https:\/\/super-news.info\/mx\/wp-content\/uploads\/sites\/8\/2019\/05\/Con-el-dinero-de-los-dem\u00e1s.jpeg","width":1776,"height":1000,"caption":"Miguel Moreno Tripp"},{"@type":"BreadcrumbList","@id":"https:\/\/super-news.info\/mx\/y-a-ti-como-te-va-en-la-vida\/#breadcrumb","itemListElement":[{"@type":"ListItem","position":1,"name":"Home","item":"https:\/\/super-news.info\/mx\/"},{"@type":"ListItem","position":2,"name":"Y a ti \u00bfc\u00f3mo te va en la vida?"}]},{"@type":"WebSite","@id":"https:\/\/super-news.info\/mx\/#website","url":"https:\/\/super-news.info\/mx\/","name":"Super News","description":"Super News Mexico","potentialAction":[{"@type":"SearchAction","target":{"@type":"EntryPoint","urlTemplate":"https:\/\/super-news.info\/mx\/?s={search_term_string}"},"query-input":{"@type":"PropertyValueSpecification","valueRequired":true,"valueName":"search_term_string"}}],"inLanguage":"es"},{"@type":"Person","@id":"https:\/\/super-news.info\/mx\/#\/schema\/person\/74b71ca3d407439fd57da2d9c89449ca","name":"mx","image":{"@type":"ImageObject","inLanguage":"es","@id":"https:\/\/secure.gravatar.com\/avatar\/6374ac65ff69c362a0ae1303d73d69dcd9bd198d62d9861f054a69aaf82c017b?s=96&d=mm&r=g","url":"https:\/\/secure.gravatar.com\/avatar\/6374ac65ff69c362a0ae1303d73d69dcd9bd198d62d9861f054a69aaf82c017b?s=96&d=mm&r=g","contentUrl":"https:\/\/secure.gravatar.com\/avatar\/6374ac65ff69c362a0ae1303d73d69dcd9bd198d62d9861f054a69aaf82c017b?s=96&d=mm&r=g","caption":"mx"},"url":"https:\/\/super-news.info\/mx\/author\/mx\/"}]}},"_links":{"self":[{"href":"https:\/\/super-news.info\/mx\/wp-json\/wp\/v2\/posts\/3962","targetHints":{"allow":["GET"]}}],"collection":[{"href":"https:\/\/super-news.info\/mx\/wp-json\/wp\/v2\/posts"}],"about":[{"href":"https:\/\/super-news.info\/mx\/wp-json\/wp\/v2\/types\/post"}],"author":[{"embeddable":true,"href":"https:\/\/super-news.info\/mx\/wp-json\/wp\/v2\/users\/3"}],"replies":[{"embeddable":true,"href":"https:\/\/super-news.info\/mx\/wp-json\/wp\/v2\/comments?post=3962"}],"version-history":[{"count":1,"href":"https:\/\/super-news.info\/mx\/wp-json\/wp\/v2\/posts\/3962\/revisions"}],"predecessor-version":[{"id":3963,"href":"https:\/\/super-news.info\/mx\/wp-json\/wp\/v2\/posts\/3962\/revisions\/3963"}],"wp:featuredmedia":[{"embeddable":true,"href":"https:\/\/super-news.info\/mx\/wp-json\/wp\/v2\/media\/470"}],"wp:attachment":[{"href":"https:\/\/super-news.info\/mx\/wp-json\/wp\/v2\/media?parent=3962"}],"wp:term":[{"taxonomy":"category","embeddable":true,"href":"https:\/\/super-news.info\/mx\/wp-json\/wp\/v2\/categories?post=3962"},{"taxonomy":"post_tag","embeddable":true,"href":"https:\/\/super-news.info\/mx\/wp-json\/wp\/v2\/tags?post=3962"}],"curies":[{"name":"wp","href":"https:\/\/api.w.org\/{rel}","templated":true}]}}