{"id":3955,"date":"2019-09-02T15:34:29","date_gmt":"2019-09-02T15:34:29","guid":{"rendered":"https:\/\/super-news.info\/mx\/sistemas-fotovoltaicos-el-impacto-por-contaminacion-de-aire\/"},"modified":"2019-09-02T15:34:30","modified_gmt":"2019-09-02T15:34:30","slug":"sistemas-fotovoltaicos-el-impacto-por-contaminacion-de-aire","status":"publish","type":"post","link":"https:\/\/super-news.info\/mx\/sistemas-fotovoltaicos-el-impacto-por-contaminacion-de-aire\/","title":{"rendered":"\u201cSistemas Fotovoltaicos, el impacto por contaminaci\u00f3n de aire\u201d"},"content":{"rendered":"<p> [ad_1]<br \/>\n<\/p>\n<div class=\"image__block -side\">\n<figure><\/figure>\n<p><span class=\"element__footer\">Ulises Rivera P\u00e9rez\ufffc <\/span><span class=\"element__credit\">Fuente: Cortes\u00eda<\/span><\/div>\n<p class=\"paragraph\" data-count=\"1321\" data-wrap=\"215\">Cada vez, es menos raro escuchar en los medios, amigos, familiares o vecinos comentarios como este \u201cen nuestra ciudad son cada vez m\u00e1s los d\u00edas con <strong>niveles altos de contaminaci\u00f3n,<\/strong> amanec\u00ed con los ojos y\/o garganta irritada\u201d, los expertos comentan que con el tiempo se pueden convertir en padecimientos cr\u00f3nicos en los pulmones y el deterioro deriva hasta en<strong> problemas cardiacos.<\/strong> Y te preguntar\u00e1s \u00bfcu\u00e1les son las razones por las cu\u00e1les hemos llegado a tener tanta contaminaci\u00f3n?, pero es complejo reducir la respuesta a un solo origen, aunque hay factores que est\u00e1n bien identificados: los trabajos en las pedreras generan mucho polvo, las f\u00e1bricas en la ciudad, la falta de \u00e1rboles en la ciudad (y lo poco que hemos hecho en \u00e9ste rengl\u00f3n, tardar\u00e1 entre 10 y 15 a\u00f1os en dar resultados y s\u00f3lo el cinco por ciento de los arboles plantados llegar\u00e1n a su etapa adulta por falta de cuidados), el alto crecimiento urbano horizontal, y hasta me atrever\u00eda a sospechar que, como resultados de la<strong> alza de las tarifas el\u00e9ctricas industriales s<\/strong>e han modificado la carga de trabajo en los turnos de operaci\u00f3n, por ejemplo aprovechando durante las madrugadas tarifas el\u00e9ctricas horarias m\u00e1s baratas buscando de rescatar rentabilidad operativa, incrementando la contaminaci\u00f3n del aire que alcanzamos a ver al amanecer, por citar algunos.<\/p>\n<p class=\"paragraph\" data-count=\"939\" data-wrap=\"146\">Entrando en materia fotovoltaica, la contaminaci\u00f3n del aire y atmosfera reduce la cantidad de electricidad que generan los<strong> paneles solares<\/strong> para autoconsumo en instalaciones residenciales e industriales. La principal conclusi\u00f3n de un informe publicado en Advances in Atmospheric Sciences, que se\u00f1ala \u201cel efecto negativo de la <strong>contaminaci\u00f3n del aire <\/strong>en la producci\u00f3n de energ\u00eda renovable y la carga econ\u00f3mica asociada\u201d. Los cient\u00edficos han descubierto que la contaminaci\u00f3n del aire absorbe y dispersa la luz solar y, por lo tanto, reduce la cantidad que llega a la superficie de la Tierra. Y que cuanto m\u00e1s peque\u00f1as son las part\u00edculas, m\u00e1s da\u00f1inos son los impactos. Estos hallazgos servir\u00e1n, dice el estudio, para aumentar la conciencia al ver c\u00f3mo la contaminaci\u00f3n afecta a la generaci\u00f3n de electricidad limpia y, por lo tanto, acelera la b\u00fasqueda de nuevos m\u00e9todos, pr\u00e1cticas, h\u00e1bitos y pol\u00edticas p\u00fablicas para mejorar la calidad del aire.<\/p>\n<p class=\"paragraph\" data-count=\"1288\" data-wrap=\"188\">Es muy poderosa la conclusi\u00f3n anterior, si nuestras autoridades gubernamentales y sociedad lograran entenderlo. La aplicaci\u00f3n pr\u00e1ctica es la siguiente, seguir fomentando pol\u00edticas p\u00fablicas, est\u00edmulos fiscales, educaci\u00f3n y acceso a conocimiento sobre las bondades de <strong>adoptar la tecnolog\u00eda fotovoltaica por industriales y residenciales<\/strong>, a parte de que podr\u00e1n generar su propia energ\u00eda el\u00e9ctrica a muy bajos costos por debajo de los $0.50\/kWh recuperando competitividad, rentabilidad y calidad de vida, tambi\u00e9n contribuyes a reducir considerablemente la emisiones de CO2 y otras part\u00edculas contaminantes al aire y atm\u00f3sfera, ya que, es una tecnolog\u00eda 100 por ciento limpia (el combustible es el sol). En resumen, como ciudad (poblaci\u00f3n e industria) obtendr\u00edamos un efecto de conciencia colectiva, donde el beneficio colateral ser\u00e1 la autocorrecci\u00f3n, modificaci\u00f3n de nuestros h\u00e1bitos y pr\u00e1cticas para buscar reducir la contaminaci\u00f3n del aire, con el objetivo evitar p\u00e9rdida de productividad en la generaci\u00f3n de energ\u00eda del panel por dicha contaminaci\u00f3n (estas p\u00e9rdida de productividad el en panel solar puede llegar a representar hasta el 50 por ciento en algunos casos, por suciedad). <strong>\u00bfTe hace sentido?<\/strong> Impresionante, no hay p\u00e9rdidas ni mermas al migrar a tecnolog\u00edas l\u00edmpias, todos ganamos.<\/p>\n<p class=\"paragraph\" data-count=\"324\" data-wrap=\"54\">En pr\u00f3ximas columnas hablar\u00e9 sobre la importancia de instalar paneles de alta potencia y eficiencia, as\u00ed como de <strong>lo bajo en costos que es el mantenimiento y operaci\u00f3n <\/strong>de un sistema fotovoltaico (son tecnolog\u00edas muy nobles) que con una correcta p\u00f3liza de servicio puedes garantizar una<strong> vida mayor de 40 a\u00f1os para tus paneles.<\/strong><\/p>\n<p class=\"paragraph\" data-count=\"44\" data-wrap=\"9\"><em>| Consultor en Energ\u00eda | Becquerel Power\u00ae | <\/em><\/p>\n<p class=\"paragraph\" data-count=\"39\" data-wrap=\"3\">Opine usted: urivera@becquerelpower.com<\/p>\n<p class=\"paragraph\" data-count=\"178\" data-wrap=\"27\"><strong>Esta es una columna de opini\u00f3n. Las expresiones aqu\u00ed vertidas son responsabilidad \u00fanicamente de quien la firma y no necesariamente reflejan la postura editorial de El Financiero.<\/strong><\/p>\n<p>[ad_2]<br \/>\n<br \/><a href=\"https:\/\/www.elfinanciero.com.mx\/rss\/monterrey\/sistemas-fotovoltaicos-el-impacto-por-contaminacion-de-aire\">Source link <\/a><\/p>\n","protected":false},"excerpt":{"rendered":"<p>[ad_1] Ulises Rivera P\u00e9rez\ufffc Fuente: Cortes\u00eda Cada vez, es menos raro escuchar en los medios, amigos, familiares o vecinos comentarios como este \u201cen nuestra ciudad son cada vez m\u00e1s los d\u00edas con niveles altos de contaminaci\u00f3n, amanec\u00ed con los ojos y\/o garganta irritada\u201d, los expertos comentan que con el tiempo se pueden convertir en padecimientos [&hellip;]<\/p>\n","protected":false},"author":3,"featured_media":2111,"comment_status":"open","ping_status":"open","sticky":false,"template":"","format":"standard","meta":{"footnotes":""},"categories":[1],"tags":[],"class_list":["post-3955","post","type-post","status-publish","format-standard","has-post-thumbnail","hentry","category-noticias-financieras"],"yoast_head":"<!-- This site is optimized with the Yoast SEO plugin v27.4 - https:\/\/yoast.com\/product\/yoast-seo-wordpress\/ -->\n<title>\u201cSistemas Fotovoltaicos, el impacto por contaminaci\u00f3n de aire\u201d - Super News<\/title>\n<meta name=\"robots\" content=\"index, follow, max-snippet:-1, max-image-preview:large, max-video-preview:-1\" \/>\n<link rel=\"canonical\" href=\"https:\/\/super-news.info\/mx\/sistemas-fotovoltaicos-el-impacto-por-contaminacion-de-aire\/\" \/>\n<meta property=\"og:locale\" content=\"es_MX\" \/>\n<meta property=\"og:type\" content=\"article\" \/>\n<meta property=\"og:title\" content=\"\u201cSistemas Fotovoltaicos, el impacto por contaminaci\u00f3n de aire\u201d - Super News\" \/>\n<meta property=\"og:description\" content=\"[ad_1] Ulises Rivera P\u00e9rez\ufffc Fuente: Cortes\u00eda Cada vez, es menos raro escuchar en los medios, amigos, familiares o vecinos comentarios como este \u201cen nuestra ciudad son cada vez m\u00e1s los d\u00edas con niveles altos de contaminaci\u00f3n, amanec\u00ed con los ojos y\/o garganta irritada\u201d, los expertos comentan que con el tiempo se pueden convertir en padecimientos [&hellip;]\" \/>\n<meta property=\"og:url\" content=\"https:\/\/super-news.info\/mx\/sistemas-fotovoltaicos-el-impacto-por-contaminacion-de-aire\/\" \/>\n<meta property=\"og:site_name\" content=\"Super News\" \/>\n<meta property=\"article:published_time\" content=\"2019-09-02T15:34:29+00:00\" \/>\n<meta property=\"article:modified_time\" content=\"2019-09-02T15:34:30+00:00\" \/>\n<meta property=\"og:image\" content=\"https:\/\/super-news.info\/mx\/wp-content\/uploads\/sites\/8\/2019\/07\/Sistemas-Fotovoltaicos-r\u00e9cords-r\u00e9cords-y-m\u00e1s-r\u00e9cords.jpeg\" \/>\n\t<meta property=\"og:image:width\" content=\"1776\" \/>\n\t<meta property=\"og:image:height\" content=\"1000\" \/>\n\t<meta property=\"og:image:type\" content=\"image\/jpeg\" \/>\n<meta name=\"author\" content=\"mx\" \/>\n<meta name=\"twitter:card\" content=\"summary_large_image\" \/>\n<meta name=\"twitter:label1\" content=\"Escrito por\" \/>\n\t<meta name=\"twitter:data1\" content=\"mx\" \/>\n\t<meta name=\"twitter:label2\" content=\"Tiempo de lectura\" \/>\n\t<meta name=\"twitter:data2\" content=\"4 minutos\" \/>\n<script type=\"application\/ld+json\" class=\"yoast-schema-graph\">{\"@context\":\"https:\\\/\\\/schema.org\",\"@graph\":[{\"@type\":\"Article\",\"@id\":\"https:\\\/\\\/super-news.info\\\/mx\\\/sistemas-fotovoltaicos-el-impacto-por-contaminacion-de-aire\\\/#article\",\"isPartOf\":{\"@id\":\"https:\\\/\\\/super-news.info\\\/mx\\\/sistemas-fotovoltaicos-el-impacto-por-contaminacion-de-aire\\\/\"},\"author\":{\"name\":\"mx\",\"@id\":\"https:\\\/\\\/super-news.info\\\/mx\\\/#\\\/schema\\\/person\\\/74b71ca3d407439fd57da2d9c89449ca\"},\"headline\":\"\u201cSistemas Fotovoltaicos, el impacto por contaminaci\u00f3n de aire\u201d\",\"datePublished\":\"2019-09-02T15:34:29+00:00\",\"dateModified\":\"2019-09-02T15:34:30+00:00\",\"mainEntityOfPage\":{\"@id\":\"https:\\\/\\\/super-news.info\\\/mx\\\/sistemas-fotovoltaicos-el-impacto-por-contaminacion-de-aire\\\/\"},\"wordCount\":737,\"commentCount\":0,\"image\":{\"@id\":\"https:\\\/\\\/super-news.info\\\/mx\\\/sistemas-fotovoltaicos-el-impacto-por-contaminacion-de-aire\\\/#primaryimage\"},\"thumbnailUrl\":\"https:\\\/\\\/super-news.info\\\/mx\\\/wp-content\\\/uploads\\\/sites\\\/8\\\/2019\\\/07\\\/Sistemas-Fotovoltaicos-r\u00e9cords-r\u00e9cords-y-m\u00e1s-r\u00e9cords.jpeg\",\"articleSection\":[\"NOTICIAS FINANCIERAS\"],\"inLanguage\":\"es\",\"potentialAction\":[{\"@type\":\"CommentAction\",\"name\":\"Comment\",\"target\":[\"https:\\\/\\\/super-news.info\\\/mx\\\/sistemas-fotovoltaicos-el-impacto-por-contaminacion-de-aire\\\/#respond\"]}]},{\"@type\":\"WebPage\",\"@id\":\"https:\\\/\\\/super-news.info\\\/mx\\\/sistemas-fotovoltaicos-el-impacto-por-contaminacion-de-aire\\\/\",\"url\":\"https:\\\/\\\/super-news.info\\\/mx\\\/sistemas-fotovoltaicos-el-impacto-por-contaminacion-de-aire\\\/\",\"name\":\"\u201cSistemas Fotovoltaicos, el impacto por contaminaci\u00f3n de aire\u201d - Super News\",\"isPartOf\":{\"@id\":\"https:\\\/\\\/super-news.info\\\/mx\\\/#website\"},\"primaryImageOfPage\":{\"@id\":\"https:\\\/\\\/super-news.info\\\/mx\\\/sistemas-fotovoltaicos-el-impacto-por-contaminacion-de-aire\\\/#primaryimage\"},\"image\":{\"@id\":\"https:\\\/\\\/super-news.info\\\/mx\\\/sistemas-fotovoltaicos-el-impacto-por-contaminacion-de-aire\\\/#primaryimage\"},\"thumbnailUrl\":\"https:\\\/\\\/super-news.info\\\/mx\\\/wp-content\\\/uploads\\\/sites\\\/8\\\/2019\\\/07\\\/Sistemas-Fotovoltaicos-r\u00e9cords-r\u00e9cords-y-m\u00e1s-r\u00e9cords.jpeg\",\"datePublished\":\"2019-09-02T15:34:29+00:00\",\"dateModified\":\"2019-09-02T15:34:30+00:00\",\"author\":{\"@id\":\"https:\\\/\\\/super-news.info\\\/mx\\\/#\\\/schema\\\/person\\\/74b71ca3d407439fd57da2d9c89449ca\"},\"breadcrumb\":{\"@id\":\"https:\\\/\\\/super-news.info\\\/mx\\\/sistemas-fotovoltaicos-el-impacto-por-contaminacion-de-aire\\\/#breadcrumb\"},\"inLanguage\":\"es\",\"potentialAction\":[{\"@type\":\"ReadAction\",\"target\":[\"https:\\\/\\\/super-news.info\\\/mx\\\/sistemas-fotovoltaicos-el-impacto-por-contaminacion-de-aire\\\/\"]}]},{\"@type\":\"ImageObject\",\"inLanguage\":\"es\",\"@id\":\"https:\\\/\\\/super-news.info\\\/mx\\\/sistemas-fotovoltaicos-el-impacto-por-contaminacion-de-aire\\\/#primaryimage\",\"url\":\"https:\\\/\\\/super-news.info\\\/mx\\\/wp-content\\\/uploads\\\/sites\\\/8\\\/2019\\\/07\\\/Sistemas-Fotovoltaicos-r\u00e9cords-r\u00e9cords-y-m\u00e1s-r\u00e9cords.jpeg\",\"contentUrl\":\"https:\\\/\\\/super-news.info\\\/mx\\\/wp-content\\\/uploads\\\/sites\\\/8\\\/2019\\\/07\\\/Sistemas-Fotovoltaicos-r\u00e9cords-r\u00e9cords-y-m\u00e1s-r\u00e9cords.jpeg\",\"width\":1776,\"height\":1000,\"caption\":\"Ulises Rivera P\u00e9rez\ufffc\"},{\"@type\":\"BreadcrumbList\",\"@id\":\"https:\\\/\\\/super-news.info\\\/mx\\\/sistemas-fotovoltaicos-el-impacto-por-contaminacion-de-aire\\\/#breadcrumb\",\"itemListElement\":[{\"@type\":\"ListItem\",\"position\":1,\"name\":\"Home\",\"item\":\"https:\\\/\\\/super-news.info\\\/mx\\\/\"},{\"@type\":\"ListItem\",\"position\":2,\"name\":\"\u201cSistemas Fotovoltaicos, el impacto por contaminaci\u00f3n de aire\u201d\"}]},{\"@type\":\"WebSite\",\"@id\":\"https:\\\/\\\/super-news.info\\\/mx\\\/#website\",\"url\":\"https:\\\/\\\/super-news.info\\\/mx\\\/\",\"name\":\"Super News\",\"description\":\"Super News Mexico\",\"potentialAction\":[{\"@type\":\"SearchAction\",\"target\":{\"@type\":\"EntryPoint\",\"urlTemplate\":\"https:\\\/\\\/super-news.info\\\/mx\\\/?s={search_term_string}\"},\"query-input\":{\"@type\":\"PropertyValueSpecification\",\"valueRequired\":true,\"valueName\":\"search_term_string\"}}],\"inLanguage\":\"es\"},{\"@type\":\"Person\",\"@id\":\"https:\\\/\\\/super-news.info\\\/mx\\\/#\\\/schema\\\/person\\\/74b71ca3d407439fd57da2d9c89449ca\",\"name\":\"mx\",\"image\":{\"@type\":\"ImageObject\",\"inLanguage\":\"es\",\"@id\":\"https:\\\/\\\/secure.gravatar.com\\\/avatar\\\/6374ac65ff69c362a0ae1303d73d69dcd9bd198d62d9861f054a69aaf82c017b?s=96&d=mm&r=g\",\"url\":\"https:\\\/\\\/secure.gravatar.com\\\/avatar\\\/6374ac65ff69c362a0ae1303d73d69dcd9bd198d62d9861f054a69aaf82c017b?s=96&d=mm&r=g\",\"contentUrl\":\"https:\\\/\\\/secure.gravatar.com\\\/avatar\\\/6374ac65ff69c362a0ae1303d73d69dcd9bd198d62d9861f054a69aaf82c017b?s=96&d=mm&r=g\",\"caption\":\"mx\"},\"url\":\"https:\\\/\\\/super-news.info\\\/mx\\\/author\\\/mx\\\/\"}]}<\/script>\n<!-- \/ Yoast SEO plugin. -->","yoast_head_json":{"title":"\u201cSistemas Fotovoltaicos, el impacto por contaminaci\u00f3n de aire\u201d - Super News","robots":{"index":"index","follow":"follow","max-snippet":"max-snippet:-1","max-image-preview":"max-image-preview:large","max-video-preview":"max-video-preview:-1"},"canonical":"https:\/\/super-news.info\/mx\/sistemas-fotovoltaicos-el-impacto-por-contaminacion-de-aire\/","og_locale":"es_MX","og_type":"article","og_title":"\u201cSistemas Fotovoltaicos, el impacto por contaminaci\u00f3n de aire\u201d - Super News","og_description":"[ad_1] Ulises Rivera P\u00e9rez\ufffc Fuente: Cortes\u00eda Cada vez, es menos raro escuchar en los medios, amigos, familiares o vecinos comentarios como este \u201cen nuestra ciudad son cada vez m\u00e1s los d\u00edas con niveles altos de contaminaci\u00f3n, amanec\u00ed con los ojos y\/o garganta irritada\u201d, los expertos comentan que con el tiempo se pueden convertir en padecimientos [&hellip;]","og_url":"https:\/\/super-news.info\/mx\/sistemas-fotovoltaicos-el-impacto-por-contaminacion-de-aire\/","og_site_name":"Super News","article_published_time":"2019-09-02T15:34:29+00:00","article_modified_time":"2019-09-02T15:34:30+00:00","og_image":[{"width":1776,"height":1000,"url":"https:\/\/super-news.info\/mx\/wp-content\/uploads\/sites\/8\/2019\/07\/Sistemas-Fotovoltaicos-r\u00e9cords-r\u00e9cords-y-m\u00e1s-r\u00e9cords.jpeg","type":"image\/jpeg"}],"author":"mx","twitter_card":"summary_large_image","twitter_misc":{"Escrito por":"mx","Tiempo de lectura":"4 minutos"},"schema":{"@context":"https:\/\/schema.org","@graph":[{"@type":"Article","@id":"https:\/\/super-news.info\/mx\/sistemas-fotovoltaicos-el-impacto-por-contaminacion-de-aire\/#article","isPartOf":{"@id":"https:\/\/super-news.info\/mx\/sistemas-fotovoltaicos-el-impacto-por-contaminacion-de-aire\/"},"author":{"name":"mx","@id":"https:\/\/super-news.info\/mx\/#\/schema\/person\/74b71ca3d407439fd57da2d9c89449ca"},"headline":"\u201cSistemas Fotovoltaicos, el impacto por contaminaci\u00f3n de aire\u201d","datePublished":"2019-09-02T15:34:29+00:00","dateModified":"2019-09-02T15:34:30+00:00","mainEntityOfPage":{"@id":"https:\/\/super-news.info\/mx\/sistemas-fotovoltaicos-el-impacto-por-contaminacion-de-aire\/"},"wordCount":737,"commentCount":0,"image":{"@id":"https:\/\/super-news.info\/mx\/sistemas-fotovoltaicos-el-impacto-por-contaminacion-de-aire\/#primaryimage"},"thumbnailUrl":"https:\/\/super-news.info\/mx\/wp-content\/uploads\/sites\/8\/2019\/07\/Sistemas-Fotovoltaicos-r\u00e9cords-r\u00e9cords-y-m\u00e1s-r\u00e9cords.jpeg","articleSection":["NOTICIAS FINANCIERAS"],"inLanguage":"es","potentialAction":[{"@type":"CommentAction","name":"Comment","target":["https:\/\/super-news.info\/mx\/sistemas-fotovoltaicos-el-impacto-por-contaminacion-de-aire\/#respond"]}]},{"@type":"WebPage","@id":"https:\/\/super-news.info\/mx\/sistemas-fotovoltaicos-el-impacto-por-contaminacion-de-aire\/","url":"https:\/\/super-news.info\/mx\/sistemas-fotovoltaicos-el-impacto-por-contaminacion-de-aire\/","name":"\u201cSistemas Fotovoltaicos, el impacto por contaminaci\u00f3n de aire\u201d - Super News","isPartOf":{"@id":"https:\/\/super-news.info\/mx\/#website"},"primaryImageOfPage":{"@id":"https:\/\/super-news.info\/mx\/sistemas-fotovoltaicos-el-impacto-por-contaminacion-de-aire\/#primaryimage"},"image":{"@id":"https:\/\/super-news.info\/mx\/sistemas-fotovoltaicos-el-impacto-por-contaminacion-de-aire\/#primaryimage"},"thumbnailUrl":"https:\/\/super-news.info\/mx\/wp-content\/uploads\/sites\/8\/2019\/07\/Sistemas-Fotovoltaicos-r\u00e9cords-r\u00e9cords-y-m\u00e1s-r\u00e9cords.jpeg","datePublished":"2019-09-02T15:34:29+00:00","dateModified":"2019-09-02T15:34:30+00:00","author":{"@id":"https:\/\/super-news.info\/mx\/#\/schema\/person\/74b71ca3d407439fd57da2d9c89449ca"},"breadcrumb":{"@id":"https:\/\/super-news.info\/mx\/sistemas-fotovoltaicos-el-impacto-por-contaminacion-de-aire\/#breadcrumb"},"inLanguage":"es","potentialAction":[{"@type":"ReadAction","target":["https:\/\/super-news.info\/mx\/sistemas-fotovoltaicos-el-impacto-por-contaminacion-de-aire\/"]}]},{"@type":"ImageObject","inLanguage":"es","@id":"https:\/\/super-news.info\/mx\/sistemas-fotovoltaicos-el-impacto-por-contaminacion-de-aire\/#primaryimage","url":"https:\/\/super-news.info\/mx\/wp-content\/uploads\/sites\/8\/2019\/07\/Sistemas-Fotovoltaicos-r\u00e9cords-r\u00e9cords-y-m\u00e1s-r\u00e9cords.jpeg","contentUrl":"https:\/\/super-news.info\/mx\/wp-content\/uploads\/sites\/8\/2019\/07\/Sistemas-Fotovoltaicos-r\u00e9cords-r\u00e9cords-y-m\u00e1s-r\u00e9cords.jpeg","width":1776,"height":1000,"caption":"Ulises Rivera P\u00e9rez\ufffc"},{"@type":"BreadcrumbList","@id":"https:\/\/super-news.info\/mx\/sistemas-fotovoltaicos-el-impacto-por-contaminacion-de-aire\/#breadcrumb","itemListElement":[{"@type":"ListItem","position":1,"name":"Home","item":"https:\/\/super-news.info\/mx\/"},{"@type":"ListItem","position":2,"name":"\u201cSistemas Fotovoltaicos, el impacto por contaminaci\u00f3n de aire\u201d"}]},{"@type":"WebSite","@id":"https:\/\/super-news.info\/mx\/#website","url":"https:\/\/super-news.info\/mx\/","name":"Super News","description":"Super News Mexico","potentialAction":[{"@type":"SearchAction","target":{"@type":"EntryPoint","urlTemplate":"https:\/\/super-news.info\/mx\/?s={search_term_string}"},"query-input":{"@type":"PropertyValueSpecification","valueRequired":true,"valueName":"search_term_string"}}],"inLanguage":"es"},{"@type":"Person","@id":"https:\/\/super-news.info\/mx\/#\/schema\/person\/74b71ca3d407439fd57da2d9c89449ca","name":"mx","image":{"@type":"ImageObject","inLanguage":"es","@id":"https:\/\/secure.gravatar.com\/avatar\/6374ac65ff69c362a0ae1303d73d69dcd9bd198d62d9861f054a69aaf82c017b?s=96&d=mm&r=g","url":"https:\/\/secure.gravatar.com\/avatar\/6374ac65ff69c362a0ae1303d73d69dcd9bd198d62d9861f054a69aaf82c017b?s=96&d=mm&r=g","contentUrl":"https:\/\/secure.gravatar.com\/avatar\/6374ac65ff69c362a0ae1303d73d69dcd9bd198d62d9861f054a69aaf82c017b?s=96&d=mm&r=g","caption":"mx"},"url":"https:\/\/super-news.info\/mx\/author\/mx\/"}]}},"_links":{"self":[{"href":"https:\/\/super-news.info\/mx\/wp-json\/wp\/v2\/posts\/3955","targetHints":{"allow":["GET"]}}],"collection":[{"href":"https:\/\/super-news.info\/mx\/wp-json\/wp\/v2\/posts"}],"about":[{"href":"https:\/\/super-news.info\/mx\/wp-json\/wp\/v2\/types\/post"}],"author":[{"embeddable":true,"href":"https:\/\/super-news.info\/mx\/wp-json\/wp\/v2\/users\/3"}],"replies":[{"embeddable":true,"href":"https:\/\/super-news.info\/mx\/wp-json\/wp\/v2\/comments?post=3955"}],"version-history":[{"count":1,"href":"https:\/\/super-news.info\/mx\/wp-json\/wp\/v2\/posts\/3955\/revisions"}],"predecessor-version":[{"id":3956,"href":"https:\/\/super-news.info\/mx\/wp-json\/wp\/v2\/posts\/3955\/revisions\/3956"}],"wp:featuredmedia":[{"embeddable":true,"href":"https:\/\/super-news.info\/mx\/wp-json\/wp\/v2\/media\/2111"}],"wp:attachment":[{"href":"https:\/\/super-news.info\/mx\/wp-json\/wp\/v2\/media?parent=3955"}],"wp:term":[{"taxonomy":"category","embeddable":true,"href":"https:\/\/super-news.info\/mx\/wp-json\/wp\/v2\/categories?post=3955"},{"taxonomy":"post_tag","embeddable":true,"href":"https:\/\/super-news.info\/mx\/wp-json\/wp\/v2\/tags?post=3955"}],"curies":[{"name":"wp","href":"https:\/\/api.w.org\/{rel}","templated":true}]}}