{"id":3949,"date":"2019-09-02T14:00:20","date_gmt":"2019-09-02T14:00:20","guid":{"rendered":"https:\/\/super-news.info\/mx\/baja-en-produccion-de-crudo-se-detuvo-presume-amlo\/"},"modified":"2019-09-02T14:00:21","modified_gmt":"2019-09-02T14:00:21","slug":"baja-en-produccion-de-crudo-se-detuvo-presume-amlo","status":"publish","type":"post","link":"https:\/\/super-news.info\/mx\/baja-en-produccion-de-crudo-se-detuvo-presume-amlo\/","title":{"rendered":"Baja en producci\u00f3n de crudo se detuvo, presume AMLO"},"content":{"rendered":"<p> [ad_1]<br \/>\n<\/p>\n<p class=\"paragraph\" data-count=\"171\" data-wrap=\"30\">El presidente <strong>Andr\u00e9s Manuel L\u00f3pez Obrador<\/strong> dijo este domingo que la administraci\u00f3n que encabeza <strong>detuvo la ca\u00edda de producci\u00f3n de crudo de Pemex por primera vez en 14 a\u00f1os<\/strong>. <\/p>\n<p class=\"paragraph\" data-count=\"219\" data-wrap=\"38\">\u201cEs un orgullo informar que por primera vez en 14 a\u00f1os detuvimos la ca\u00edda progresiva en la producci\u00f3n de petr\u00f3leo\u201d, asegur\u00f3 en <strong>Palacio Nacional <\/strong>previo a la entrega de <strong>su primer informe de gobierno al Poder Legislativo<\/strong>. <\/p>\n<p class=\"paragraph\" data-count=\"178\" data-wrap=\"33\">En su mensaje destac\u00f3 que en 2004 la producci\u00f3n promedio de la empresa productiva del Estado fue de<strong> 3.4 millones de barriles diarios<\/strong>, cifra que se redujo a 1.7 millones en 2018. <\/p>\n<p class=\"paragraph\" data-count=\"329\" data-wrap=\"53\">\u201cEn nueve meses que llevamos en el gobierno no hemos perdido producci\u00f3n, por el contrario, se mantuvo, se estabiliz\u00f3 la producci\u00f3n de petr\u00f3leo\u201d, dijo el mandatario. \u201cEn diciembre se contar\u00e1 con <strong>50 mil barriles diarios adicionales<\/strong> y va a empezar la<strong> recuperaci\u00f3n en la producci\u00f3n petrolera nacional<\/strong>, esto es un avance importante\u201d. <\/p>\n<p class=\"paragraph\" data-count=\"169\" data-wrap=\"25\"><strong>Arturo Carranza, especialista del sector,<\/strong> destac\u00f3 la incorporaci\u00f3n anunciada por AMLO para ver que tanto \u00e9xito ha tenido la actual administraci\u00f3n para recuperar a Pemex.<\/p>\n<p class=\"paragraph\" data-count=\"181\" data-wrap=\"33\">En julio pasado, la petrolera report\u00f3 una <strong>producci\u00f3n diaria promedio por 1.671 millones de barriles de crudo<\/strong>, con lo que sum\u00f3 dos meses sin una baja en la producci\u00f3n de la empresa. <\/p>\n<p class=\"paragraph\" data-count=\"314\" data-wrap=\"62\">No obstante, es la segunda cifra m\u00e1s baja reportada por la petrolera, despu\u00e9s de que en enero de este a\u00f1o la cifra reportada por la petrolera nacional fue de un mill\u00f3n 663 mil barriles y el promedio hasta julio de este a\u00f1o es 7.9 por ciento menor a la media de 2018, que fue de un mill\u00f3n 813 mil barriles diarios. <\/p>\n<p class=\"paragraph\" data-count=\"331\" data-wrap=\"54\">Para <strong>Ramses Pech, especialista del sector,<\/strong> dentro del mensaje del Presidente no se visualiz\u00f3 un plan de largo plazo para el sector: \u201cEsta administraci\u00f3n hace lo mismo que la anterior: una visi\u00f3n de corto plazo y planes de nuevas estructuras de las empresas productivas del estado y dependen del presupuesto para mover la econom\u00eda\u201d.<\/p>\n<div class=\"image__block \">\n<figure><\/figure>\n<p><span class=\"element__footer\"><\/span><span class=\"element__credit\"><\/span><\/div>\n<p>[ad_2]<br \/>\n<br \/><a href=\"https:\/\/www.elfinanciero.com.mx\/rss\/economia\/baja-en-produccion-de-crudo-se-detuvo-presume-amlo\">Source link <\/a><\/p>\n","protected":false},"excerpt":{"rendered":"<p>[ad_1] El presidente Andr\u00e9s Manuel L\u00f3pez Obrador dijo este domingo que la administraci\u00f3n que encabeza detuvo la ca\u00edda de producci\u00f3n de crudo de Pemex por primera vez en 14 a\u00f1os. \u201cEs un orgullo informar que por primera vez en 14 a\u00f1os detuvimos la ca\u00edda progresiva en la producci\u00f3n de petr\u00f3leo\u201d, asegur\u00f3 en Palacio Nacional previo [&hellip;]<\/p>\n","protected":false},"author":3,"featured_media":3950,"comment_status":"open","ping_status":"open","sticky":false,"template":"","format":"standard","meta":{"footnotes":""},"categories":[1],"tags":[],"class_list":["post-3949","post","type-post","status-publish","format-standard","has-post-thumbnail","hentry","category-noticias-financieras"],"yoast_head":"<!-- This site is optimized with the Yoast SEO plugin v27.4 - https:\/\/yoast.com\/product\/yoast-seo-wordpress\/ -->\n<title>Baja en producci\u00f3n de crudo se detuvo, presume AMLO - Super News<\/title>\n<meta name=\"robots\" content=\"index, follow, max-snippet:-1, max-image-preview:large, max-video-preview:-1\" \/>\n<link rel=\"canonical\" href=\"https:\/\/super-news.info\/mx\/baja-en-produccion-de-crudo-se-detuvo-presume-amlo\/\" \/>\n<meta property=\"og:locale\" content=\"es_MX\" \/>\n<meta property=\"og:type\" content=\"article\" \/>\n<meta property=\"og:title\" content=\"Baja en producci\u00f3n de crudo se detuvo, presume AMLO - Super News\" \/>\n<meta property=\"og:description\" content=\"[ad_1] El presidente Andr\u00e9s Manuel L\u00f3pez Obrador dijo este domingo que la administraci\u00f3n que encabeza detuvo la ca\u00edda de producci\u00f3n de crudo de Pemex por primera vez en 14 a\u00f1os. \u201cEs un orgullo informar que por primera vez en 14 a\u00f1os detuvimos la ca\u00edda progresiva en la producci\u00f3n de petr\u00f3leo\u201d, asegur\u00f3 en Palacio Nacional previo [&hellip;]\" \/>\n<meta property=\"og:url\" content=\"https:\/\/super-news.info\/mx\/baja-en-produccion-de-crudo-se-detuvo-presume-amlo\/\" \/>\n<meta property=\"og:site_name\" content=\"Super News\" \/>\n<meta property=\"article:published_time\" content=\"2019-09-02T14:00:20+00:00\" \/>\n<meta property=\"article:modified_time\" content=\"2019-09-02T14:00:21+00:00\" \/>\n<meta property=\"og:image\" content=\"https:\/\/super-news.info\/mx\/wp-content\/uploads\/sites\/8\/2019\/09\/Baja-en-producci-n-de-crudo-se-detuvo-presume-AMLO.jpeg\" \/>\n\t<meta property=\"og:image:width\" content=\"800\" \/>\n\t<meta property=\"og:image:height\" content=\"358\" \/>\n\t<meta property=\"og:image:type\" content=\"image\/jpeg\" \/>\n<meta name=\"author\" content=\"mx\" \/>\n<meta name=\"twitter:card\" content=\"summary_large_image\" \/>\n<meta name=\"twitter:label1\" content=\"Escrito por\" \/>\n\t<meta name=\"twitter:data1\" content=\"mx\" \/>\n\t<meta name=\"twitter:label2\" content=\"Tiempo de lectura\" \/>\n\t<meta name=\"twitter:data2\" content=\"2 minutos\" \/>\n<script type=\"application\/ld+json\" class=\"yoast-schema-graph\">{\"@context\":\"https:\\\/\\\/schema.org\",\"@graph\":[{\"@type\":\"Article\",\"@id\":\"https:\\\/\\\/super-news.info\\\/mx\\\/baja-en-produccion-de-crudo-se-detuvo-presume-amlo\\\/#article\",\"isPartOf\":{\"@id\":\"https:\\\/\\\/super-news.info\\\/mx\\\/baja-en-produccion-de-crudo-se-detuvo-presume-amlo\\\/\"},\"author\":{\"name\":\"mx\",\"@id\":\"https:\\\/\\\/super-news.info\\\/mx\\\/#\\\/schema\\\/person\\\/74b71ca3d407439fd57da2d9c89449ca\"},\"headline\":\"Baja en producci\u00f3n de crudo se detuvo, presume AMLO\",\"datePublished\":\"2019-09-02T14:00:20+00:00\",\"dateModified\":\"2019-09-02T14:00:21+00:00\",\"mainEntityOfPage\":{\"@id\":\"https:\\\/\\\/super-news.info\\\/mx\\\/baja-en-produccion-de-crudo-se-detuvo-presume-amlo\\\/\"},\"wordCount\":353,\"commentCount\":0,\"image\":{\"@id\":\"https:\\\/\\\/super-news.info\\\/mx\\\/baja-en-produccion-de-crudo-se-detuvo-presume-amlo\\\/#primaryimage\"},\"thumbnailUrl\":\"https:\\\/\\\/super-news.info\\\/mx\\\/wp-content\\\/uploads\\\/sites\\\/8\\\/2019\\\/09\\\/Baja-en-producci-n-de-crudo-se-detuvo-presume-AMLO.jpeg\",\"articleSection\":[\"NOTICIAS FINANCIERAS\"],\"inLanguage\":\"es\",\"potentialAction\":[{\"@type\":\"CommentAction\",\"name\":\"Comment\",\"target\":[\"https:\\\/\\\/super-news.info\\\/mx\\\/baja-en-produccion-de-crudo-se-detuvo-presume-amlo\\\/#respond\"]}]},{\"@type\":\"WebPage\",\"@id\":\"https:\\\/\\\/super-news.info\\\/mx\\\/baja-en-produccion-de-crudo-se-detuvo-presume-amlo\\\/\",\"url\":\"https:\\\/\\\/super-news.info\\\/mx\\\/baja-en-produccion-de-crudo-se-detuvo-presume-amlo\\\/\",\"name\":\"Baja en producci\u00f3n de crudo se detuvo, presume AMLO - Super News\",\"isPartOf\":{\"@id\":\"https:\\\/\\\/super-news.info\\\/mx\\\/#website\"},\"primaryImageOfPage\":{\"@id\":\"https:\\\/\\\/super-news.info\\\/mx\\\/baja-en-produccion-de-crudo-se-detuvo-presume-amlo\\\/#primaryimage\"},\"image\":{\"@id\":\"https:\\\/\\\/super-news.info\\\/mx\\\/baja-en-produccion-de-crudo-se-detuvo-presume-amlo\\\/#primaryimage\"},\"thumbnailUrl\":\"https:\\\/\\\/super-news.info\\\/mx\\\/wp-content\\\/uploads\\\/sites\\\/8\\\/2019\\\/09\\\/Baja-en-producci-n-de-crudo-se-detuvo-presume-AMLO.jpeg\",\"datePublished\":\"2019-09-02T14:00:20+00:00\",\"dateModified\":\"2019-09-02T14:00:21+00:00\",\"author\":{\"@id\":\"https:\\\/\\\/super-news.info\\\/mx\\\/#\\\/schema\\\/person\\\/74b71ca3d407439fd57da2d9c89449ca\"},\"breadcrumb\":{\"@id\":\"https:\\\/\\\/super-news.info\\\/mx\\\/baja-en-produccion-de-crudo-se-detuvo-presume-amlo\\\/#breadcrumb\"},\"inLanguage\":\"es\",\"potentialAction\":[{\"@type\":\"ReadAction\",\"target\":[\"https:\\\/\\\/super-news.info\\\/mx\\\/baja-en-produccion-de-crudo-se-detuvo-presume-amlo\\\/\"]}]},{\"@type\":\"ImageObject\",\"inLanguage\":\"es\",\"@id\":\"https:\\\/\\\/super-news.info\\\/mx\\\/baja-en-produccion-de-crudo-se-detuvo-presume-amlo\\\/#primaryimage\",\"url\":\"https:\\\/\\\/super-news.info\\\/mx\\\/wp-content\\\/uploads\\\/sites\\\/8\\\/2019\\\/09\\\/Baja-en-producci-n-de-crudo-se-detuvo-presume-AMLO.jpeg\",\"contentUrl\":\"https:\\\/\\\/super-news.info\\\/mx\\\/wp-content\\\/uploads\\\/sites\\\/8\\\/2019\\\/09\\\/Baja-en-producci-n-de-crudo-se-detuvo-presume-AMLO.jpeg\",\"width\":800,\"height\":358,\"caption\":\"Baja en producci\u00f3n de crudo se detuvo, presume AMLO\"},{\"@type\":\"BreadcrumbList\",\"@id\":\"https:\\\/\\\/super-news.info\\\/mx\\\/baja-en-produccion-de-crudo-se-detuvo-presume-amlo\\\/#breadcrumb\",\"itemListElement\":[{\"@type\":\"ListItem\",\"position\":1,\"name\":\"Home\",\"item\":\"https:\\\/\\\/super-news.info\\\/mx\\\/\"},{\"@type\":\"ListItem\",\"position\":2,\"name\":\"Baja en producci\u00f3n de crudo se detuvo, presume AMLO\"}]},{\"@type\":\"WebSite\",\"@id\":\"https:\\\/\\\/super-news.info\\\/mx\\\/#website\",\"url\":\"https:\\\/\\\/super-news.info\\\/mx\\\/\",\"name\":\"Super News\",\"description\":\"Super News Mexico\",\"potentialAction\":[{\"@type\":\"SearchAction\",\"target\":{\"@type\":\"EntryPoint\",\"urlTemplate\":\"https:\\\/\\\/super-news.info\\\/mx\\\/?s={search_term_string}\"},\"query-input\":{\"@type\":\"PropertyValueSpecification\",\"valueRequired\":true,\"valueName\":\"search_term_string\"}}],\"inLanguage\":\"es\"},{\"@type\":\"Person\",\"@id\":\"https:\\\/\\\/super-news.info\\\/mx\\\/#\\\/schema\\\/person\\\/74b71ca3d407439fd57da2d9c89449ca\",\"name\":\"mx\",\"image\":{\"@type\":\"ImageObject\",\"inLanguage\":\"es\",\"@id\":\"https:\\\/\\\/secure.gravatar.com\\\/avatar\\\/6374ac65ff69c362a0ae1303d73d69dcd9bd198d62d9861f054a69aaf82c017b?s=96&d=mm&r=g\",\"url\":\"https:\\\/\\\/secure.gravatar.com\\\/avatar\\\/6374ac65ff69c362a0ae1303d73d69dcd9bd198d62d9861f054a69aaf82c017b?s=96&d=mm&r=g\",\"contentUrl\":\"https:\\\/\\\/secure.gravatar.com\\\/avatar\\\/6374ac65ff69c362a0ae1303d73d69dcd9bd198d62d9861f054a69aaf82c017b?s=96&d=mm&r=g\",\"caption\":\"mx\"},\"url\":\"https:\\\/\\\/super-news.info\\\/mx\\\/author\\\/mx\\\/\"}]}<\/script>\n<!-- \/ Yoast SEO plugin. -->","yoast_head_json":{"title":"Baja en producci\u00f3n de crudo se detuvo, presume AMLO - Super News","robots":{"index":"index","follow":"follow","max-snippet":"max-snippet:-1","max-image-preview":"max-image-preview:large","max-video-preview":"max-video-preview:-1"},"canonical":"https:\/\/super-news.info\/mx\/baja-en-produccion-de-crudo-se-detuvo-presume-amlo\/","og_locale":"es_MX","og_type":"article","og_title":"Baja en producci\u00f3n de crudo se detuvo, presume AMLO - Super News","og_description":"[ad_1] El presidente Andr\u00e9s Manuel L\u00f3pez Obrador dijo este domingo que la administraci\u00f3n que encabeza detuvo la ca\u00edda de producci\u00f3n de crudo de Pemex por primera vez en 14 a\u00f1os. \u201cEs un orgullo informar que por primera vez en 14 a\u00f1os detuvimos la ca\u00edda progresiva en la producci\u00f3n de petr\u00f3leo\u201d, asegur\u00f3 en Palacio Nacional previo [&hellip;]","og_url":"https:\/\/super-news.info\/mx\/baja-en-produccion-de-crudo-se-detuvo-presume-amlo\/","og_site_name":"Super News","article_published_time":"2019-09-02T14:00:20+00:00","article_modified_time":"2019-09-02T14:00:21+00:00","og_image":[{"width":800,"height":358,"url":"https:\/\/super-news.info\/mx\/wp-content\/uploads\/sites\/8\/2019\/09\/Baja-en-producci-n-de-crudo-se-detuvo-presume-AMLO.jpeg","type":"image\/jpeg"}],"author":"mx","twitter_card":"summary_large_image","twitter_misc":{"Escrito por":"mx","Tiempo de lectura":"2 minutos"},"schema":{"@context":"https:\/\/schema.org","@graph":[{"@type":"Article","@id":"https:\/\/super-news.info\/mx\/baja-en-produccion-de-crudo-se-detuvo-presume-amlo\/#article","isPartOf":{"@id":"https:\/\/super-news.info\/mx\/baja-en-produccion-de-crudo-se-detuvo-presume-amlo\/"},"author":{"name":"mx","@id":"https:\/\/super-news.info\/mx\/#\/schema\/person\/74b71ca3d407439fd57da2d9c89449ca"},"headline":"Baja en producci\u00f3n de crudo se detuvo, presume AMLO","datePublished":"2019-09-02T14:00:20+00:00","dateModified":"2019-09-02T14:00:21+00:00","mainEntityOfPage":{"@id":"https:\/\/super-news.info\/mx\/baja-en-produccion-de-crudo-se-detuvo-presume-amlo\/"},"wordCount":353,"commentCount":0,"image":{"@id":"https:\/\/super-news.info\/mx\/baja-en-produccion-de-crudo-se-detuvo-presume-amlo\/#primaryimage"},"thumbnailUrl":"https:\/\/super-news.info\/mx\/wp-content\/uploads\/sites\/8\/2019\/09\/Baja-en-producci-n-de-crudo-se-detuvo-presume-AMLO.jpeg","articleSection":["NOTICIAS FINANCIERAS"],"inLanguage":"es","potentialAction":[{"@type":"CommentAction","name":"Comment","target":["https:\/\/super-news.info\/mx\/baja-en-produccion-de-crudo-se-detuvo-presume-amlo\/#respond"]}]},{"@type":"WebPage","@id":"https:\/\/super-news.info\/mx\/baja-en-produccion-de-crudo-se-detuvo-presume-amlo\/","url":"https:\/\/super-news.info\/mx\/baja-en-produccion-de-crudo-se-detuvo-presume-amlo\/","name":"Baja en producci\u00f3n de crudo se detuvo, presume AMLO - Super News","isPartOf":{"@id":"https:\/\/super-news.info\/mx\/#website"},"primaryImageOfPage":{"@id":"https:\/\/super-news.info\/mx\/baja-en-produccion-de-crudo-se-detuvo-presume-amlo\/#primaryimage"},"image":{"@id":"https:\/\/super-news.info\/mx\/baja-en-produccion-de-crudo-se-detuvo-presume-amlo\/#primaryimage"},"thumbnailUrl":"https:\/\/super-news.info\/mx\/wp-content\/uploads\/sites\/8\/2019\/09\/Baja-en-producci-n-de-crudo-se-detuvo-presume-AMLO.jpeg","datePublished":"2019-09-02T14:00:20+00:00","dateModified":"2019-09-02T14:00:21+00:00","author":{"@id":"https:\/\/super-news.info\/mx\/#\/schema\/person\/74b71ca3d407439fd57da2d9c89449ca"},"breadcrumb":{"@id":"https:\/\/super-news.info\/mx\/baja-en-produccion-de-crudo-se-detuvo-presume-amlo\/#breadcrumb"},"inLanguage":"es","potentialAction":[{"@type":"ReadAction","target":["https:\/\/super-news.info\/mx\/baja-en-produccion-de-crudo-se-detuvo-presume-amlo\/"]}]},{"@type":"ImageObject","inLanguage":"es","@id":"https:\/\/super-news.info\/mx\/baja-en-produccion-de-crudo-se-detuvo-presume-amlo\/#primaryimage","url":"https:\/\/super-news.info\/mx\/wp-content\/uploads\/sites\/8\/2019\/09\/Baja-en-producci-n-de-crudo-se-detuvo-presume-AMLO.jpeg","contentUrl":"https:\/\/super-news.info\/mx\/wp-content\/uploads\/sites\/8\/2019\/09\/Baja-en-producci-n-de-crudo-se-detuvo-presume-AMLO.jpeg","width":800,"height":358,"caption":"Baja en producci\u00f3n de crudo se detuvo, presume AMLO"},{"@type":"BreadcrumbList","@id":"https:\/\/super-news.info\/mx\/baja-en-produccion-de-crudo-se-detuvo-presume-amlo\/#breadcrumb","itemListElement":[{"@type":"ListItem","position":1,"name":"Home","item":"https:\/\/super-news.info\/mx\/"},{"@type":"ListItem","position":2,"name":"Baja en producci\u00f3n de crudo se detuvo, presume AMLO"}]},{"@type":"WebSite","@id":"https:\/\/super-news.info\/mx\/#website","url":"https:\/\/super-news.info\/mx\/","name":"Super News","description":"Super News Mexico","potentialAction":[{"@type":"SearchAction","target":{"@type":"EntryPoint","urlTemplate":"https:\/\/super-news.info\/mx\/?s={search_term_string}"},"query-input":{"@type":"PropertyValueSpecification","valueRequired":true,"valueName":"search_term_string"}}],"inLanguage":"es"},{"@type":"Person","@id":"https:\/\/super-news.info\/mx\/#\/schema\/person\/74b71ca3d407439fd57da2d9c89449ca","name":"mx","image":{"@type":"ImageObject","inLanguage":"es","@id":"https:\/\/secure.gravatar.com\/avatar\/6374ac65ff69c362a0ae1303d73d69dcd9bd198d62d9861f054a69aaf82c017b?s=96&d=mm&r=g","url":"https:\/\/secure.gravatar.com\/avatar\/6374ac65ff69c362a0ae1303d73d69dcd9bd198d62d9861f054a69aaf82c017b?s=96&d=mm&r=g","contentUrl":"https:\/\/secure.gravatar.com\/avatar\/6374ac65ff69c362a0ae1303d73d69dcd9bd198d62d9861f054a69aaf82c017b?s=96&d=mm&r=g","caption":"mx"},"url":"https:\/\/super-news.info\/mx\/author\/mx\/"}]}},"_links":{"self":[{"href":"https:\/\/super-news.info\/mx\/wp-json\/wp\/v2\/posts\/3949","targetHints":{"allow":["GET"]}}],"collection":[{"href":"https:\/\/super-news.info\/mx\/wp-json\/wp\/v2\/posts"}],"about":[{"href":"https:\/\/super-news.info\/mx\/wp-json\/wp\/v2\/types\/post"}],"author":[{"embeddable":true,"href":"https:\/\/super-news.info\/mx\/wp-json\/wp\/v2\/users\/3"}],"replies":[{"embeddable":true,"href":"https:\/\/super-news.info\/mx\/wp-json\/wp\/v2\/comments?post=3949"}],"version-history":[{"count":1,"href":"https:\/\/super-news.info\/mx\/wp-json\/wp\/v2\/posts\/3949\/revisions"}],"predecessor-version":[{"id":3951,"href":"https:\/\/super-news.info\/mx\/wp-json\/wp\/v2\/posts\/3949\/revisions\/3951"}],"wp:featuredmedia":[{"embeddable":true,"href":"https:\/\/super-news.info\/mx\/wp-json\/wp\/v2\/media\/3950"}],"wp:attachment":[{"href":"https:\/\/super-news.info\/mx\/wp-json\/wp\/v2\/media?parent=3949"}],"wp:term":[{"taxonomy":"category","embeddable":true,"href":"https:\/\/super-news.info\/mx\/wp-json\/wp\/v2\/categories?post=3949"},{"taxonomy":"post_tag","embeddable":true,"href":"https:\/\/super-news.info\/mx\/wp-json\/wp\/v2\/tags?post=3949"}],"curies":[{"name":"wp","href":"https:\/\/api.w.org\/{rel}","templated":true}]}}