{"id":3946,"date":"2019-09-02T13:13:32","date_gmt":"2019-09-02T13:13:32","guid":{"rendered":"https:\/\/super-news.info\/mx\/exportacion-automotriz-compensa-el-deficit\/"},"modified":"2019-09-02T13:13:33","modified_gmt":"2019-09-02T13:13:33","slug":"exportacion-automotriz-compensa-el-deficit","status":"publish","type":"post","link":"https:\/\/super-news.info\/mx\/exportacion-automotriz-compensa-el-deficit\/","title":{"rendered":"Exportaci\u00f3n automotriz compensa el d\u00e9ficit"},"content":{"rendered":"<p> [ad_1]<br \/>\n<\/p>\n<p class=\"paragraph\" data-count=\"331\" data-wrap=\"56\">En el primer semestre de este a\u00f1o, <strong>M\u00e9xico registr\u00f3 un super\u00e1vit comercial total de 3 mil 145.3 millones de d\u00f3lares<\/strong>,\u00a0 lo que signific\u00f3 el valor m\u00e1s grande que presenta el pa\u00eds desde 2011 y que contrasta con un d\u00e9ficit reportado en igual periodo del a\u00f1o pasado, seg\u00fan cifras del <strong>Instituto Nacional de Estad\u00edstica y Geograf\u00eda (Inegi)<\/strong>.<\/p>\n<p class=\"paragraph\" data-count=\"287\" data-wrap=\"51\">Esto sucede a pesar de que la industria petrolera mexicana report\u00f3 un <strong>d\u00e9ficit r\u00e9cord para el pa\u00eds de 10 mil 586 millones de d\u00f3lares<\/strong>, lo que<strong> fue compensando por el sector automotriz<\/strong> que report\u00f3 un <strong>super\u00e1vit hist\u00f3rico de 43 mil 954 millones de d\u00f3lares<\/strong> durante la primera mitad de este a\u00f1o.<\/p>\n<p class=\"paragraph\" data-count=\"169\" data-wrap=\"29\">Con esto, los autom\u00f3viles ya aportan cinco veces m\u00e1s divisas en M\u00e9xico que el sector turismo o <strong>siete veces m\u00e1s que lo que genera el sector agropecuario y agroindustrial<\/strong>.<\/p>\n<p class=\"paragraph\" data-count=\"292\" data-wrap=\"45\"><strong>Especialistas consultados por El Financiero<\/strong> explicaron que esto se debe en gran parte al <strong>desarrollo de la industria automotriz<\/strong>, la <strong>fabricaci\u00f3n de veh\u00edculos de mayor valor agregado<\/strong>, as\u00ed como los <strong>acuerdos comerciales <\/strong>que M\u00e9xico tiene con distintas naciones, no solo con Estados Unidos y Canad\u00e1.<\/p>\n<p class=\"paragraph\" data-count=\"345\" data-wrap=\"57\">\u201cA pesar de una desaceleraci\u00f3n en el mercado mundial de autom\u00f3viles, yo estimo que el sector pueda llegar a <strong>una balanza comercial r\u00e9cord este a\u00f1o<\/strong>, pues a pesar de que bajan las ventas en Estados Unidos, M\u00e9xico sigue enviando m\u00e1s veh\u00edculos a ese pa\u00eds\u201d, afirm\u00f3<strong> Eduardo Sol\u00eds, presidente de la Asociaci\u00f3n Mexicana de la Industria Automotriz (AMIA)<\/strong>.<\/p>\n<p class=\"paragraph\" data-count=\"293\" data-wrap=\"55\">En M\u00e9xico, <strong>el valor de las exportaciones automotrices entre enero y junio de 2019<\/strong> fue de 72 mil 575 millones de d\u00f3lares, lo que ya representa 32 por ciento del total de productos que el pa\u00eds env\u00eda al extranjero y esta es la participaci\u00f3n m\u00e1s grande que presenta el sector en toda su  historia.<\/p>\n<p class=\"paragraph\" data-count=\"334\" data-wrap=\"56\">\u201cAlgunas empresas <strong>realizan cambios en sus l\u00edneas de producci\u00f3n<\/strong> porque hace sentido en su negocio porque exportan m\u00e1s de lo que venden en el mercado interno, por eso tambi\u00e9n vemos que se hacen m\u00e1s camionetas\u201d, explic\u00f3 a El Financiero, Guido Vildozo, gerente senior en an\u00e1lisis de venta de autos ligeros en Am\u00e9rica de la consultora IHS.<\/p>\n<p class=\"paragraph\" data-count=\"326\" data-wrap=\"56\">Cifras del Inegi muestran que en los primeros seis meses de este a\u00f1o <strong>se enviaron al extranjero un mill\u00f3n 120 mil 732 camionetas<\/strong>, lo cual representa 64.2 por ciento del total de veh\u00edculos ligeros que envi\u00f3 al extranjero la industria nacional, adem\u00e1s de un dato muy superior al 45.1 por ciento que representaban hace cinco a\u00f1os.<\/p>\n<p class=\"paragraph\" data-count=\"450\" data-wrap=\"70\">\u201c<strong>M\u00e9xico es un mercado estrat\u00e9gico<\/strong>, con buena posici\u00f3n geogr\u00e1fica, teniendo a Estados Unidos y Canad\u00e1 en el norte, cuenta con una gran cadena de proveedur\u00eda, con un mercado dom\u00e9stico significativo y una infraestructura m\u00e1s estable que muchos pa\u00edses de Am\u00e9rica Latina, por eso invertimos aqu\u00ed\u201d, dijo en entrevista Alexander Wehr, presidente y CEO de BMW Group de Latinoam\u00e9rica, empresa que abri\u00f3 recientemente una planta de ensamble en San Luis Potos\u00ed.<\/p>\n<p class=\"paragraph\" data-count=\"307\" data-wrap=\"57\">En el primer semestre de este a\u00f1o <strong>M\u00e9xico envi\u00f3 al extranjero 20 mil 758 veh\u00edculos de lujo ligeros<\/strong> (lo cual no incluye las camionetas de Audi al ser unidades m\u00e1s grandes), lo que represent\u00f3 35 por ciento superior a lo reportado en igual lapso de 2018, siendo el mayor volumen al menos de los \u00faltimos 14 a\u00f1os.<\/p>\n<h3 class=\"featured__title\">Casi duplica super\u00e1vit en autopartes<\/h3>\n<p class=\"paragraph\" data-count=\"179\" data-wrap=\"26\">Como parte del sector automotriz, los fabricantes de autopartes <strong>elevaron sus exportaciones en la regi\u00f3n de Norteam\u00e9rica<\/strong>, por lo cual lograron casi duplicar su super\u00e1vit comercial.<\/p>\n<p class=\"paragraph\" data-count=\"218\" data-wrap=\"39\"><strong>Datos del Banco de M\u00e9xico (Banxico) <\/strong>refieren que el sector en el primer semestre de 2019 report\u00f3 un super\u00e1vit de mil 698 millones de d\u00f3lares, 92.6 por ciento arriba de lo que obtuvieron en igual periodo del a\u00f1o pasado.<\/p>\n<p class=\"paragraph\" data-count=\"243\" data-wrap=\"38\"><strong>\u00d3scar Alb\u00edn, presidente de la Industria Nacional de Autopartes (INA)<\/strong>, coment\u00f3 que las empresas de autopartes aprovechan la inversi\u00f3n que hacen las empresas asi\u00e1ticas y europeas no s\u00f3lo en M\u00e9xico, sino tambi\u00e9n en toda la regi\u00f3n de Norteam\u00e9rica.<\/p>\n<p class=\"paragraph\" data-count=\"375\" data-wrap=\"63\">\u201cAlrededor de 90 por ciento de las empresas de autopartes cumplen con la regla de origen, y hay un margen para que el resto de las compa\u00f1\u00edas se defienda, el nuevo acuerdo fue favorable para M\u00e9xico, desde el punto de vista de autopartes estamos conformes con lo negociado\u201d, explic\u00f3 respecto a los resultados del nuevo Tratado Comercial M\u00e9xico, Estados Unidos y Canad\u00e1 (T-MEC).<\/p>\n<p class=\"paragraph\" data-count=\"195\" data-wrap=\"37\">Cabe destacar que el valor de exportaci\u00f3n de autopartes entre enero y junio de 2019 fue de 14 mil 952 millones de d\u00f3lares, 3.4 por ciento superior a lo reportado en el mismo lapso del a\u00f1o pasado.<\/p>\n<div class=\"image__block \">\n<figure><\/figure>\n<p><span class=\"element__footer\"><\/span><span class=\"element__credit\"><\/span><\/div>\n<p>[ad_2]<br \/>\n<br \/><a href=\"https:\/\/www.elfinanciero.com.mx\/rss\/empresas\/exportacion-automotriz-compensa-el-deficit\">Source link <\/a><\/p>\n","protected":false},"excerpt":{"rendered":"<p>[ad_1] En el primer semestre de este a\u00f1o, M\u00e9xico registr\u00f3 un super\u00e1vit comercial total de 3 mil 145.3 millones de d\u00f3lares,\u00a0 lo que signific\u00f3 el valor m\u00e1s grande que presenta el pa\u00eds desde 2011 y que contrasta con un d\u00e9ficit reportado en igual periodo del a\u00f1o pasado, seg\u00fan cifras del Instituto Nacional de Estad\u00edstica y [&hellip;]<\/p>\n","protected":false},"author":3,"featured_media":3947,"comment_status":"open","ping_status":"open","sticky":false,"template":"","format":"standard","meta":{"footnotes":""},"categories":[1],"tags":[],"class_list":["post-3946","post","type-post","status-publish","format-standard","has-post-thumbnail","hentry","category-noticias-financieras"],"yoast_head":"<!-- This site is optimized with the Yoast SEO plugin v27.4 - https:\/\/yoast.com\/product\/yoast-seo-wordpress\/ -->\n<title>Exportaci\u00f3n automotriz compensa el d\u00e9ficit - Super News<\/title>\n<meta name=\"robots\" content=\"index, follow, max-snippet:-1, max-image-preview:large, max-video-preview:-1\" \/>\n<link rel=\"canonical\" href=\"https:\/\/super-news.info\/mx\/exportacion-automotriz-compensa-el-deficit\/\" \/>\n<meta property=\"og:locale\" content=\"es_MX\" \/>\n<meta property=\"og:type\" content=\"article\" \/>\n<meta property=\"og:title\" content=\"Exportaci\u00f3n automotriz compensa el d\u00e9ficit - Super News\" \/>\n<meta property=\"og:description\" content=\"[ad_1] En el primer semestre de este a\u00f1o, M\u00e9xico registr\u00f3 un super\u00e1vit comercial total de 3 mil 145.3 millones de d\u00f3lares,\u00a0 lo que signific\u00f3 el valor m\u00e1s grande que presenta el pa\u00eds desde 2011 y que contrasta con un d\u00e9ficit reportado en igual periodo del a\u00f1o pasado, seg\u00fan cifras del Instituto Nacional de Estad\u00edstica y [&hellip;]\" \/>\n<meta property=\"og:url\" content=\"https:\/\/super-news.info\/mx\/exportacion-automotriz-compensa-el-deficit\/\" \/>\n<meta property=\"og:site_name\" content=\"Super News\" \/>\n<meta property=\"article:published_time\" content=\"2019-09-02T13:13:32+00:00\" \/>\n<meta property=\"article:modified_time\" content=\"2019-09-02T13:13:33+00:00\" \/>\n<meta property=\"og:image\" content=\"https:\/\/super-news.info\/mx\/wp-content\/uploads\/sites\/8\/2019\/09\/Exportaci-n-automotriz-compensa-el-d-ficit.jpeg\" \/>\n\t<meta property=\"og:image:width\" content=\"949\" \/>\n\t<meta property=\"og:image:height\" content=\"1245\" \/>\n\t<meta property=\"og:image:type\" content=\"image\/jpeg\" \/>\n<meta name=\"author\" content=\"mx\" \/>\n<meta name=\"twitter:card\" content=\"summary_large_image\" \/>\n<meta name=\"twitter:label1\" content=\"Escrito por\" \/>\n\t<meta name=\"twitter:data1\" content=\"mx\" \/>\n\t<meta name=\"twitter:label2\" content=\"Tiempo de lectura\" \/>\n\t<meta name=\"twitter:data2\" content=\"4 minutos\" \/>\n<script type=\"application\/ld+json\" class=\"yoast-schema-graph\">{\"@context\":\"https:\\\/\\\/schema.org\",\"@graph\":[{\"@type\":\"Article\",\"@id\":\"https:\\\/\\\/super-news.info\\\/mx\\\/exportacion-automotriz-compensa-el-deficit\\\/#article\",\"isPartOf\":{\"@id\":\"https:\\\/\\\/super-news.info\\\/mx\\\/exportacion-automotriz-compensa-el-deficit\\\/\"},\"author\":{\"name\":\"mx\",\"@id\":\"https:\\\/\\\/super-news.info\\\/mx\\\/#\\\/schema\\\/person\\\/74b71ca3d407439fd57da2d9c89449ca\"},\"headline\":\"Exportaci\u00f3n automotriz compensa el d\u00e9ficit\",\"datePublished\":\"2019-09-02T13:13:32+00:00\",\"dateModified\":\"2019-09-02T13:13:33+00:00\",\"mainEntityOfPage\":{\"@id\":\"https:\\\/\\\/super-news.info\\\/mx\\\/exportacion-automotriz-compensa-el-deficit\\\/\"},\"wordCount\":813,\"commentCount\":0,\"image\":{\"@id\":\"https:\\\/\\\/super-news.info\\\/mx\\\/exportacion-automotriz-compensa-el-deficit\\\/#primaryimage\"},\"thumbnailUrl\":\"https:\\\/\\\/super-news.info\\\/mx\\\/wp-content\\\/uploads\\\/sites\\\/8\\\/2019\\\/09\\\/Exportaci-n-automotriz-compensa-el-d-ficit.jpeg\",\"articleSection\":[\"NOTICIAS FINANCIERAS\"],\"inLanguage\":\"es\",\"potentialAction\":[{\"@type\":\"CommentAction\",\"name\":\"Comment\",\"target\":[\"https:\\\/\\\/super-news.info\\\/mx\\\/exportacion-automotriz-compensa-el-deficit\\\/#respond\"]}]},{\"@type\":\"WebPage\",\"@id\":\"https:\\\/\\\/super-news.info\\\/mx\\\/exportacion-automotriz-compensa-el-deficit\\\/\",\"url\":\"https:\\\/\\\/super-news.info\\\/mx\\\/exportacion-automotriz-compensa-el-deficit\\\/\",\"name\":\"Exportaci\u00f3n automotriz compensa el d\u00e9ficit - Super News\",\"isPartOf\":{\"@id\":\"https:\\\/\\\/super-news.info\\\/mx\\\/#website\"},\"primaryImageOfPage\":{\"@id\":\"https:\\\/\\\/super-news.info\\\/mx\\\/exportacion-automotriz-compensa-el-deficit\\\/#primaryimage\"},\"image\":{\"@id\":\"https:\\\/\\\/super-news.info\\\/mx\\\/exportacion-automotriz-compensa-el-deficit\\\/#primaryimage\"},\"thumbnailUrl\":\"https:\\\/\\\/super-news.info\\\/mx\\\/wp-content\\\/uploads\\\/sites\\\/8\\\/2019\\\/09\\\/Exportaci-n-automotriz-compensa-el-d-ficit.jpeg\",\"datePublished\":\"2019-09-02T13:13:32+00:00\",\"dateModified\":\"2019-09-02T13:13:33+00:00\",\"author\":{\"@id\":\"https:\\\/\\\/super-news.info\\\/mx\\\/#\\\/schema\\\/person\\\/74b71ca3d407439fd57da2d9c89449ca\"},\"breadcrumb\":{\"@id\":\"https:\\\/\\\/super-news.info\\\/mx\\\/exportacion-automotriz-compensa-el-deficit\\\/#breadcrumb\"},\"inLanguage\":\"es\",\"potentialAction\":[{\"@type\":\"ReadAction\",\"target\":[\"https:\\\/\\\/super-news.info\\\/mx\\\/exportacion-automotriz-compensa-el-deficit\\\/\"]}]},{\"@type\":\"ImageObject\",\"inLanguage\":\"es\",\"@id\":\"https:\\\/\\\/super-news.info\\\/mx\\\/exportacion-automotriz-compensa-el-deficit\\\/#primaryimage\",\"url\":\"https:\\\/\\\/super-news.info\\\/mx\\\/wp-content\\\/uploads\\\/sites\\\/8\\\/2019\\\/09\\\/Exportaci-n-automotriz-compensa-el-d-ficit.jpeg\",\"contentUrl\":\"https:\\\/\\\/super-news.info\\\/mx\\\/wp-content\\\/uploads\\\/sites\\\/8\\\/2019\\\/09\\\/Exportaci-n-automotriz-compensa-el-d-ficit.jpeg\",\"width\":949,\"height\":1245,\"caption\":\"Exportaci\u00f3n automotriz compensa el d\u00e9ficit\"},{\"@type\":\"BreadcrumbList\",\"@id\":\"https:\\\/\\\/super-news.info\\\/mx\\\/exportacion-automotriz-compensa-el-deficit\\\/#breadcrumb\",\"itemListElement\":[{\"@type\":\"ListItem\",\"position\":1,\"name\":\"Home\",\"item\":\"https:\\\/\\\/super-news.info\\\/mx\\\/\"},{\"@type\":\"ListItem\",\"position\":2,\"name\":\"Exportaci\u00f3n automotriz compensa el d\u00e9ficit\"}]},{\"@type\":\"WebSite\",\"@id\":\"https:\\\/\\\/super-news.info\\\/mx\\\/#website\",\"url\":\"https:\\\/\\\/super-news.info\\\/mx\\\/\",\"name\":\"Super News\",\"description\":\"Super News Mexico\",\"potentialAction\":[{\"@type\":\"SearchAction\",\"target\":{\"@type\":\"EntryPoint\",\"urlTemplate\":\"https:\\\/\\\/super-news.info\\\/mx\\\/?s={search_term_string}\"},\"query-input\":{\"@type\":\"PropertyValueSpecification\",\"valueRequired\":true,\"valueName\":\"search_term_string\"}}],\"inLanguage\":\"es\"},{\"@type\":\"Person\",\"@id\":\"https:\\\/\\\/super-news.info\\\/mx\\\/#\\\/schema\\\/person\\\/74b71ca3d407439fd57da2d9c89449ca\",\"name\":\"mx\",\"image\":{\"@type\":\"ImageObject\",\"inLanguage\":\"es\",\"@id\":\"https:\\\/\\\/secure.gravatar.com\\\/avatar\\\/6374ac65ff69c362a0ae1303d73d69dcd9bd198d62d9861f054a69aaf82c017b?s=96&d=mm&r=g\",\"url\":\"https:\\\/\\\/secure.gravatar.com\\\/avatar\\\/6374ac65ff69c362a0ae1303d73d69dcd9bd198d62d9861f054a69aaf82c017b?s=96&d=mm&r=g\",\"contentUrl\":\"https:\\\/\\\/secure.gravatar.com\\\/avatar\\\/6374ac65ff69c362a0ae1303d73d69dcd9bd198d62d9861f054a69aaf82c017b?s=96&d=mm&r=g\",\"caption\":\"mx\"},\"url\":\"https:\\\/\\\/super-news.info\\\/mx\\\/author\\\/mx\\\/\"}]}<\/script>\n<!-- \/ Yoast SEO plugin. -->","yoast_head_json":{"title":"Exportaci\u00f3n automotriz compensa el d\u00e9ficit - Super News","robots":{"index":"index","follow":"follow","max-snippet":"max-snippet:-1","max-image-preview":"max-image-preview:large","max-video-preview":"max-video-preview:-1"},"canonical":"https:\/\/super-news.info\/mx\/exportacion-automotriz-compensa-el-deficit\/","og_locale":"es_MX","og_type":"article","og_title":"Exportaci\u00f3n automotriz compensa el d\u00e9ficit - Super News","og_description":"[ad_1] En el primer semestre de este a\u00f1o, M\u00e9xico registr\u00f3 un super\u00e1vit comercial total de 3 mil 145.3 millones de d\u00f3lares,\u00a0 lo que signific\u00f3 el valor m\u00e1s grande que presenta el pa\u00eds desde 2011 y que contrasta con un d\u00e9ficit reportado en igual periodo del a\u00f1o pasado, seg\u00fan cifras del Instituto Nacional de Estad\u00edstica y [&hellip;]","og_url":"https:\/\/super-news.info\/mx\/exportacion-automotriz-compensa-el-deficit\/","og_site_name":"Super News","article_published_time":"2019-09-02T13:13:32+00:00","article_modified_time":"2019-09-02T13:13:33+00:00","og_image":[{"width":949,"height":1245,"url":"https:\/\/super-news.info\/mx\/wp-content\/uploads\/sites\/8\/2019\/09\/Exportaci-n-automotriz-compensa-el-d-ficit.jpeg","type":"image\/jpeg"}],"author":"mx","twitter_card":"summary_large_image","twitter_misc":{"Escrito por":"mx","Tiempo de lectura":"4 minutos"},"schema":{"@context":"https:\/\/schema.org","@graph":[{"@type":"Article","@id":"https:\/\/super-news.info\/mx\/exportacion-automotriz-compensa-el-deficit\/#article","isPartOf":{"@id":"https:\/\/super-news.info\/mx\/exportacion-automotriz-compensa-el-deficit\/"},"author":{"name":"mx","@id":"https:\/\/super-news.info\/mx\/#\/schema\/person\/74b71ca3d407439fd57da2d9c89449ca"},"headline":"Exportaci\u00f3n automotriz compensa el d\u00e9ficit","datePublished":"2019-09-02T13:13:32+00:00","dateModified":"2019-09-02T13:13:33+00:00","mainEntityOfPage":{"@id":"https:\/\/super-news.info\/mx\/exportacion-automotriz-compensa-el-deficit\/"},"wordCount":813,"commentCount":0,"image":{"@id":"https:\/\/super-news.info\/mx\/exportacion-automotriz-compensa-el-deficit\/#primaryimage"},"thumbnailUrl":"https:\/\/super-news.info\/mx\/wp-content\/uploads\/sites\/8\/2019\/09\/Exportaci-n-automotriz-compensa-el-d-ficit.jpeg","articleSection":["NOTICIAS FINANCIERAS"],"inLanguage":"es","potentialAction":[{"@type":"CommentAction","name":"Comment","target":["https:\/\/super-news.info\/mx\/exportacion-automotriz-compensa-el-deficit\/#respond"]}]},{"@type":"WebPage","@id":"https:\/\/super-news.info\/mx\/exportacion-automotriz-compensa-el-deficit\/","url":"https:\/\/super-news.info\/mx\/exportacion-automotriz-compensa-el-deficit\/","name":"Exportaci\u00f3n automotriz compensa el d\u00e9ficit - Super News","isPartOf":{"@id":"https:\/\/super-news.info\/mx\/#website"},"primaryImageOfPage":{"@id":"https:\/\/super-news.info\/mx\/exportacion-automotriz-compensa-el-deficit\/#primaryimage"},"image":{"@id":"https:\/\/super-news.info\/mx\/exportacion-automotriz-compensa-el-deficit\/#primaryimage"},"thumbnailUrl":"https:\/\/super-news.info\/mx\/wp-content\/uploads\/sites\/8\/2019\/09\/Exportaci-n-automotriz-compensa-el-d-ficit.jpeg","datePublished":"2019-09-02T13:13:32+00:00","dateModified":"2019-09-02T13:13:33+00:00","author":{"@id":"https:\/\/super-news.info\/mx\/#\/schema\/person\/74b71ca3d407439fd57da2d9c89449ca"},"breadcrumb":{"@id":"https:\/\/super-news.info\/mx\/exportacion-automotriz-compensa-el-deficit\/#breadcrumb"},"inLanguage":"es","potentialAction":[{"@type":"ReadAction","target":["https:\/\/super-news.info\/mx\/exportacion-automotriz-compensa-el-deficit\/"]}]},{"@type":"ImageObject","inLanguage":"es","@id":"https:\/\/super-news.info\/mx\/exportacion-automotriz-compensa-el-deficit\/#primaryimage","url":"https:\/\/super-news.info\/mx\/wp-content\/uploads\/sites\/8\/2019\/09\/Exportaci-n-automotriz-compensa-el-d-ficit.jpeg","contentUrl":"https:\/\/super-news.info\/mx\/wp-content\/uploads\/sites\/8\/2019\/09\/Exportaci-n-automotriz-compensa-el-d-ficit.jpeg","width":949,"height":1245,"caption":"Exportaci\u00f3n automotriz compensa el d\u00e9ficit"},{"@type":"BreadcrumbList","@id":"https:\/\/super-news.info\/mx\/exportacion-automotriz-compensa-el-deficit\/#breadcrumb","itemListElement":[{"@type":"ListItem","position":1,"name":"Home","item":"https:\/\/super-news.info\/mx\/"},{"@type":"ListItem","position":2,"name":"Exportaci\u00f3n automotriz compensa el d\u00e9ficit"}]},{"@type":"WebSite","@id":"https:\/\/super-news.info\/mx\/#website","url":"https:\/\/super-news.info\/mx\/","name":"Super News","description":"Super News Mexico","potentialAction":[{"@type":"SearchAction","target":{"@type":"EntryPoint","urlTemplate":"https:\/\/super-news.info\/mx\/?s={search_term_string}"},"query-input":{"@type":"PropertyValueSpecification","valueRequired":true,"valueName":"search_term_string"}}],"inLanguage":"es"},{"@type":"Person","@id":"https:\/\/super-news.info\/mx\/#\/schema\/person\/74b71ca3d407439fd57da2d9c89449ca","name":"mx","image":{"@type":"ImageObject","inLanguage":"es","@id":"https:\/\/secure.gravatar.com\/avatar\/6374ac65ff69c362a0ae1303d73d69dcd9bd198d62d9861f054a69aaf82c017b?s=96&d=mm&r=g","url":"https:\/\/secure.gravatar.com\/avatar\/6374ac65ff69c362a0ae1303d73d69dcd9bd198d62d9861f054a69aaf82c017b?s=96&d=mm&r=g","contentUrl":"https:\/\/secure.gravatar.com\/avatar\/6374ac65ff69c362a0ae1303d73d69dcd9bd198d62d9861f054a69aaf82c017b?s=96&d=mm&r=g","caption":"mx"},"url":"https:\/\/super-news.info\/mx\/author\/mx\/"}]}},"_links":{"self":[{"href":"https:\/\/super-news.info\/mx\/wp-json\/wp\/v2\/posts\/3946","targetHints":{"allow":["GET"]}}],"collection":[{"href":"https:\/\/super-news.info\/mx\/wp-json\/wp\/v2\/posts"}],"about":[{"href":"https:\/\/super-news.info\/mx\/wp-json\/wp\/v2\/types\/post"}],"author":[{"embeddable":true,"href":"https:\/\/super-news.info\/mx\/wp-json\/wp\/v2\/users\/3"}],"replies":[{"embeddable":true,"href":"https:\/\/super-news.info\/mx\/wp-json\/wp\/v2\/comments?post=3946"}],"version-history":[{"count":1,"href":"https:\/\/super-news.info\/mx\/wp-json\/wp\/v2\/posts\/3946\/revisions"}],"predecessor-version":[{"id":3948,"href":"https:\/\/super-news.info\/mx\/wp-json\/wp\/v2\/posts\/3946\/revisions\/3948"}],"wp:featuredmedia":[{"embeddable":true,"href":"https:\/\/super-news.info\/mx\/wp-json\/wp\/v2\/media\/3947"}],"wp:attachment":[{"href":"https:\/\/super-news.info\/mx\/wp-json\/wp\/v2\/media?parent=3946"}],"wp:term":[{"taxonomy":"category","embeddable":true,"href":"https:\/\/super-news.info\/mx\/wp-json\/wp\/v2\/categories?post=3946"},{"taxonomy":"post_tag","embeddable":true,"href":"https:\/\/super-news.info\/mx\/wp-json\/wp\/v2\/tags?post=3946"}],"curies":[{"name":"wp","href":"https:\/\/api.w.org\/{rel}","templated":true}]}}